{"id":9985,"date":"2024-09-19T11:24:24","date_gmt":"2024-09-19T08:24:24","guid":{"rendered":"https:\/\/kuzeyinsesi.org\/index.php\/2024\/09\/19\/29-geleneksel-alevkayasi-yayla-festivali-pazar-gunu-yapiliyor\/"},"modified":"2024-09-19T11:24:24","modified_gmt":"2024-09-19T08:24:24","slug":"29-geleneksel-alevkayasi-yayla-festivali-pazar-gunu-yapiliyor","status":"publish","type":"post","link":"https:\/\/kuzeyinsesi.org\/index.php\/2024\/09\/19\/29-geleneksel-alevkayasi-yayla-festivali-pazar-gunu-yapiliyor\/","title":{"rendered":"29. Geleneksel Alevkayas\u0131 Yayla Festivali pazar g\u00fcn\u00fc yap\u0131l\u0131yor"},"content":{"rendered":"<div>\n<div class=\"mariselle-image-container none\">\n                                            <\/div>\n<p>Karadeniz K\u00fclt\u00fcr Derne\u011fi\u2019nin bu y\u0131l 29\u2019uncusunu d\u00fczenleyece\u011fi \u201cGeleneksel Alevkayas\u0131 Yayla \u015eenli\u011fi\u201d pazar g\u00fcn\u00fc yap\u0131l\u0131yor.<\/p>\n<p>Dernek Ba\u015fkan\u0131 Murat Zeki Civelek\u2019in a\u00e7\u0131klamas\u0131na g\u00f6re, Alevkayas\u0131 Piknik Alan\u0131\u2019nda yer alacak etkinlikte, bir\u00e7ok sanat\u00e7\u0131 sahneye \u00e7\u0131kacak.<\/p>\n<p>Tahtadan araba yar\u0131\u015f\u0131, horon, kolbast\u0131 gibi e\u011flenceli ve \u00f6d\u00fcll\u00fc yar\u0131\u015fmalar\u0131n da yap\u0131laca\u011f\u0131 festivalin bir nevi \u201cyaz\u0131 u\u011furlama\u201d etkinli\u011fi olaca\u011f\u0131n\u0131 kaydeden Civelek, halk\u0131n etkinli\u011fe davetli oldu\u011funu duyurdu.<\/p>\n<\/p><\/div>\n<p><script async\n                    defer\n                    crossorigin=\"anonymous\"\n                    src=\"https:\/\/connect.facebook.net\/tr_TR\/sdk.js#xfbml=1&#038;version=v3.3\"\n            ><\/script><\/p>\n","protected":false},"excerpt":{"rendered":"<p>Karadeniz K\u00fclt\u00fcr Derne\u011fi\u2019nin bu y\u0131l 29\u2019uncusunu d\u00fczenleyece\u011fi \u201cGeleneksel Alevkayas\u0131 Yayla \u015eenli\u011fi\u201d pazar g\u00fcn\u00fc yap\u0131l\u0131yor. Dernek Ba\u015fkan\u0131 Murat Zeki Civelek\u2019in a\u00e7\u0131klamas\u0131na g\u00f6re, Alevkayas\u0131 Piknik Alan\u0131\u2019nda yer alacak etkinlikte, bir\u00e7ok sanat\u00e7\u0131 sahneye \u00e7\u0131kacak. Tahtadan araba yar\u0131\u015f\u0131, horon, kolbast\u0131 gibi e\u011flenceli ve \u00f6d\u00fcll\u00fc yar\u0131\u015fmalar\u0131n da yap\u0131laca\u011f\u0131 festivalin bir nevi \u201cyaz\u0131 u\u011furlama\u201d etkinli\u011fi olaca\u011f\u0131n\u0131 kaydeden Civelek, halk\u0131n etkinli\u011fe davetli [&hellip;]<\/p>\n","protected":false},"author":1,"featured_media":9986,"comment_status":"open","ping_status":"open","sticky":false,"template":"","format":"standard","meta":{"jnews-multi-image_gallery":[],"jnews_single_post":[],"jnews_primary_category":[],"jnews_social_meta":[],"jnews_override_counter":[],"footnotes":""},"categories":[6],"tags":[],"class_list":["post-9985","post","type-post","status-publish","format-standard","has-post-thumbnail","hentry","category-yasam"],"yoast_head":"<!-- This site is optimized with the Yoast SEO plugin v27.5 - https:\/\/yoast.com\/product\/yoast-seo-wordpress\/ -->\n<title>29. Geleneksel Alevkayas\u0131 Yayla Festivali pazar g\u00fcn\u00fc yap\u0131l\u0131yor - Kuzeyin Sesi<\/title>\n<meta name=\"robots\" content=\"index, follow, max-snippet:-1, max-image-preview:large, max-video-preview:-1\" \/>\n<link rel=\"canonical\" href=\"https:\/\/kuzeyinsesi.org\/index.php\/2024\/09\/19\/29-geleneksel-alevkayasi-yayla-festivali-pazar-gunu-yapiliyor\/\" \/>\n<meta property=\"og:locale\" content=\"tr_TR\" \/>\n<meta property=\"og:type\" content=\"article\" \/>\n<meta property=\"og:title\" content=\"29. Geleneksel Alevkayas\u0131 Yayla Festivali pazar g\u00fcn\u00fc yap\u0131l\u0131yor - Kuzeyin Sesi\" \/>\n<meta property=\"og:description\" content=\"Karadeniz K\u00fclt\u00fcr Derne\u011fi\u2019nin bu y\u0131l 29\u2019uncusunu d\u00fczenleyece\u011fi \u201cGeleneksel Alevkayas\u0131 Yayla \u015eenli\u011fi\u201d pazar g\u00fcn\u00fc yap\u0131l\u0131yor. Dernek Ba\u015fkan\u0131 Murat Zeki Civelek\u2019in a\u00e7\u0131klamas\u0131na g\u00f6re, Alevkayas\u0131 Piknik Alan\u0131\u2019nda yer alacak etkinlikte, bir\u00e7ok sanat\u00e7\u0131 sahneye \u00e7\u0131kacak. Tahtadan araba yar\u0131\u015f\u0131, horon, kolbast\u0131 gibi e\u011flenceli ve \u00f6d\u00fcll\u00fc yar\u0131\u015fmalar\u0131n da yap\u0131laca\u011f\u0131 festivalin bir nevi \u201cyaz\u0131 u\u011furlama\u201d etkinli\u011fi olaca\u011f\u0131n\u0131 kaydeden Civelek, halk\u0131n etkinli\u011fe davetli [&hellip;]\" \/>\n<meta property=\"og:url\" content=\"https:\/\/kuzeyinsesi.org\/index.php\/2024\/09\/19\/29-geleneksel-alevkayasi-yayla-festivali-pazar-gunu-yapiliyor\/\" \/>\n<meta property=\"og:site_name\" content=\"Kuzeyin Sesi\" \/>\n<meta property=\"article:publisher\" content=\"https:\/\/www.facebook.com\/kuzeyinsesii\" \/>\n<meta property=\"article:published_time\" content=\"2024-09-19T08:24:24+00:00\" \/>\n<meta property=\"og:image\" content=\"https:\/\/brtk.net\/wp-content\/uploads\/2024\/09\/19\/karadeniz-kultur.jpeg?ver=80ce3d3dd375fef8699e0eb4030c8405\" \/>\n<meta name=\"author\" content=\"Kuzeyin Sesi\" \/>\n<meta name=\"twitter:card\" content=\"summary_large_image\" \/>\n<meta name=\"twitter:creator\" content=\"@kuzeyinsesii\" \/>\n<meta name=\"twitter:site\" content=\"@kuzeyinsesii\" \/>\n<meta name=\"twitter:label1\" content=\"Yazan:\" \/>\n\t<meta name=\"twitter:data1\" content=\"Kuzeyin Sesi\" \/>\n<script type=\"application\/ld+json\" class=\"yoast-schema-graph\">{\"@context\":\"https:\\\/\\\/schema.org\",\"@graph\":[{\"@type\":\"Article\",\"@id\":\"https:\\\/\\\/kuzeyinsesi.org\\\/index.php\\\/2024\\\/09\\\/19\\\/29-geleneksel-alevkayasi-yayla-festivali-pazar-gunu-yapiliyor\\\/#article\",\"isPartOf\":{\"@id\":\"https:\\\/\\\/kuzeyinsesi.org\\\/index.php\\\/2024\\\/09\\\/19\\\/29-geleneksel-alevkayasi-yayla-festivali-pazar-gunu-yapiliyor\\\/\"},\"author\":{\"name\":\"Kuzeyin Sesi\",\"@id\":\"https:\\\/\\\/kuzeyinsesi.org\\\/#\\\/schema\\\/person\\\/9f859689cdf01485597712386e37f5aa\"},\"headline\":\"29. Geleneksel Alevkayas\u0131 Yayla Festivali pazar g\u00fcn\u00fc yap\u0131l\u0131yor\",\"datePublished\":\"2024-09-19T08:24:24+00:00\",\"mainEntityOfPage\":{\"@id\":\"https:\\\/\\\/kuzeyinsesi.org\\\/index.php\\\/2024\\\/09\\\/19\\\/29-geleneksel-alevkayasi-yayla-festivali-pazar-gunu-yapiliyor\\\/\"},\"wordCount\":96,\"commentCount\":0,\"image\":{\"@id\":\"https:\\\/\\\/kuzeyinsesi.org\\\/index.php\\\/2024\\\/09\\\/19\\\/29-geleneksel-alevkayasi-yayla-festivali-pazar-gunu-yapiliyor\\\/#primaryimage\"},\"thumbnailUrl\":\"https:\\\/\\\/kuzeyinsesi.org\\\/wp-content\\\/uploads\\\/2024\\\/09\\\/karadeniz-kultur.jpeg\",\"articleSection\":[\"Ya\u015fam\"],\"inLanguage\":\"tr\",\"potentialAction\":[{\"@type\":\"CommentAction\",\"name\":\"Comment\",\"target\":[\"https:\\\/\\\/kuzeyinsesi.org\\\/index.php\\\/2024\\\/09\\\/19\\\/29-geleneksel-alevkayasi-yayla-festivali-pazar-gunu-yapiliyor\\\/#respond\"]}]},{\"@type\":\"WebPage\",\"@id\":\"https:\\\/\\\/kuzeyinsesi.org\\\/index.php\\\/2024\\\/09\\\/19\\\/29-geleneksel-alevkayasi-yayla-festivali-pazar-gunu-yapiliyor\\\/\",\"url\":\"https:\\\/\\\/kuzeyinsesi.org\\\/index.php\\\/2024\\\/09\\\/19\\\/29-geleneksel-alevkayasi-yayla-festivali-pazar-gunu-yapiliyor\\\/\",\"name\":\"29. Geleneksel Alevkayas\u0131 Yayla Festivali pazar g\u00fcn\u00fc yap\u0131l\u0131yor - Kuzeyin Sesi\",\"isPartOf\":{\"@id\":\"https:\\\/\\\/kuzeyinsesi.org\\\/#website\"},\"primaryImageOfPage\":{\"@id\":\"https:\\\/\\\/kuzeyinsesi.org\\\/index.php\\\/2024\\\/09\\\/19\\\/29-geleneksel-alevkayasi-yayla-festivali-pazar-gunu-yapiliyor\\\/#primaryimage\"},\"image\":{\"@id\":\"https:\\\/\\\/kuzeyinsesi.org\\\/index.php\\\/2024\\\/09\\\/19\\\/29-geleneksel-alevkayasi-yayla-festivali-pazar-gunu-yapiliyor\\\/#primaryimage\"},\"thumbnailUrl\":\"https:\\\/\\\/kuzeyinsesi.org\\\/wp-content\\\/uploads\\\/2024\\\/09\\\/karadeniz-kultur.jpeg\",\"datePublished\":\"2024-09-19T08:24:24+00:00\",\"author\":{\"@id\":\"https:\\\/\\\/kuzeyinsesi.org\\\/#\\\/schema\\\/person\\\/9f859689cdf01485597712386e37f5aa\"},\"breadcrumb\":{\"@id\":\"https:\\\/\\\/kuzeyinsesi.org\\\/index.php\\\/2024\\\/09\\\/19\\\/29-geleneksel-alevkayasi-yayla-festivali-pazar-gunu-yapiliyor\\\/#breadcrumb\"},\"inLanguage\":\"tr\",\"potentialAction\":[{\"@type\":\"ReadAction\",\"target\":[\"https:\\\/\\\/kuzeyinsesi.org\\\/index.php\\\/2024\\\/09\\\/19\\\/29-geleneksel-alevkayasi-yayla-festivali-pazar-gunu-yapiliyor\\\/\"]}]},{\"@type\":\"ImageObject\",\"inLanguage\":\"tr\",\"@id\":\"https:\\\/\\\/kuzeyinsesi.org\\\/index.php\\\/2024\\\/09\\\/19\\\/29-geleneksel-alevkayasi-yayla-festivali-pazar-gunu-yapiliyor\\\/#primaryimage\",\"url\":\"https:\\\/\\\/kuzeyinsesi.org\\\/wp-content\\\/uploads\\\/2024\\\/09\\\/karadeniz-kultur.jpeg\",\"contentUrl\":\"https:\\\/\\\/kuzeyinsesi.org\\\/wp-content\\\/uploads\\\/2024\\\/09\\\/karadeniz-kultur.jpeg\",\"width\":1024,\"height\":683},{\"@type\":\"BreadcrumbList\",\"@id\":\"https:\\\/\\\/kuzeyinsesi.org\\\/index.php\\\/2024\\\/09\\\/19\\\/29-geleneksel-alevkayasi-yayla-festivali-pazar-gunu-yapiliyor\\\/#breadcrumb\",\"itemListElement\":[{\"@type\":\"ListItem\",\"position\":1,\"name\":\"Anasayfa\",\"item\":\"https:\\\/\\\/kuzeyinsesi.org\\\/\"},{\"@type\":\"ListItem\",\"position\":2,\"name\":\"29. Geleneksel Alevkayas\u0131 Yayla Festivali pazar g\u00fcn\u00fc yap\u0131l\u0131yor\"}]},{\"@type\":\"WebSite\",\"@id\":\"https:\\\/\\\/kuzeyinsesi.org\\\/#website\",\"url\":\"https:\\\/\\\/kuzeyinsesi.org\\\/\",\"name\":\"Kuzeyin Sesi\",\"description\":\"Do\u011fru Haberin Adresi\",\"potentialAction\":[{\"@type\":\"SearchAction\",\"target\":{\"@type\":\"EntryPoint\",\"urlTemplate\":\"https:\\\/\\\/kuzeyinsesi.org\\\/?s={search_term_string}\"},\"query-input\":{\"@type\":\"PropertyValueSpecification\",\"valueRequired\":true,\"valueName\":\"search_term_string\"}}],\"inLanguage\":\"tr\"},{\"@type\":\"Person\",\"@id\":\"https:\\\/\\\/kuzeyinsesi.org\\\/#\\\/schema\\\/person\\\/9f859689cdf01485597712386e37f5aa\",\"name\":\"Kuzeyin Sesi\",\"image\":{\"@type\":\"ImageObject\",\"inLanguage\":\"tr\",\"@id\":\"https:\\\/\\\/secure.gravatar.com\\\/avatar\\\/bab33852abfd8b282518d6ed81826833d77c3c882d9ab608add591ccace47a44?s=96&d=mm&r=g\",\"url\":\"https:\\\/\\\/secure.gravatar.com\\\/avatar\\\/bab33852abfd8b282518d6ed81826833d77c3c882d9ab608add591ccace47a44?s=96&d=mm&r=g\",\"contentUrl\":\"https:\\\/\\\/secure.gravatar.com\\\/avatar\\\/bab33852abfd8b282518d6ed81826833d77c3c882d9ab608add591ccace47a44?s=96&d=mm&r=g\",\"caption\":\"Kuzeyin Sesi\"},\"sameAs\":[\"https:\\\/\\\/kuzeyinsesi.org\"],\"url\":\"https:\\\/\\\/kuzeyinsesi.org\\\/index.php\\\/author\\\/guven\\\/\"}]}<\/script>\n<!-- \/ Yoast SEO plugin. -->","yoast_head_json":{"title":"29. Geleneksel Alevkayas\u0131 Yayla Festivali pazar g\u00fcn\u00fc yap\u0131l\u0131yor - Kuzeyin Sesi","robots":{"index":"index","follow":"follow","max-snippet":"max-snippet:-1","max-image-preview":"max-image-preview:large","max-video-preview":"max-video-preview:-1"},"canonical":"https:\/\/kuzeyinsesi.org\/index.php\/2024\/09\/19\/29-geleneksel-alevkayasi-yayla-festivali-pazar-gunu-yapiliyor\/","og_locale":"tr_TR","og_type":"article","og_title":"29. Geleneksel Alevkayas\u0131 Yayla Festivali pazar g\u00fcn\u00fc yap\u0131l\u0131yor - Kuzeyin Sesi","og_description":"Karadeniz K\u00fclt\u00fcr Derne\u011fi\u2019nin bu y\u0131l 29\u2019uncusunu d\u00fczenleyece\u011fi \u201cGeleneksel Alevkayas\u0131 Yayla \u015eenli\u011fi\u201d pazar g\u00fcn\u00fc yap\u0131l\u0131yor. Dernek Ba\u015fkan\u0131 Murat Zeki Civelek\u2019in a\u00e7\u0131klamas\u0131na g\u00f6re, Alevkayas\u0131 Piknik Alan\u0131\u2019nda yer alacak etkinlikte, bir\u00e7ok sanat\u00e7\u0131 sahneye \u00e7\u0131kacak. Tahtadan araba yar\u0131\u015f\u0131, horon, kolbast\u0131 gibi e\u011flenceli ve \u00f6d\u00fcll\u00fc yar\u0131\u015fmalar\u0131n da yap\u0131laca\u011f\u0131 festivalin bir nevi \u201cyaz\u0131 u\u011furlama\u201d etkinli\u011fi olaca\u011f\u0131n\u0131 kaydeden Civelek, halk\u0131n etkinli\u011fe davetli [&hellip;]","og_url":"https:\/\/kuzeyinsesi.org\/index.php\/2024\/09\/19\/29-geleneksel-alevkayasi-yayla-festivali-pazar-gunu-yapiliyor\/","og_site_name":"Kuzeyin Sesi","article_publisher":"https:\/\/www.facebook.com\/kuzeyinsesii","article_published_time":"2024-09-19T08:24:24+00:00","og_image":[{"url":"https:\/\/brtk.net\/wp-content\/uploads\/2024\/09\/19\/karadeniz-kultur.jpeg?ver=80ce3d3dd375fef8699e0eb4030c8405","type":"","width":"","height":""}],"author":"Kuzeyin Sesi","twitter_card":"summary_large_image","twitter_creator":"@kuzeyinsesii","twitter_site":"@kuzeyinsesii","twitter_misc":{"Yazan:":"Kuzeyin Sesi"},"schema":{"@context":"https:\/\/schema.org","@graph":[{"@type":"Article","@id":"https:\/\/kuzeyinsesi.org\/index.php\/2024\/09\/19\/29-geleneksel-alevkayasi-yayla-festivali-pazar-gunu-yapiliyor\/#article","isPartOf":{"@id":"https:\/\/kuzeyinsesi.org\/index.php\/2024\/09\/19\/29-geleneksel-alevkayasi-yayla-festivali-pazar-gunu-yapiliyor\/"},"author":{"name":"Kuzeyin Sesi","@id":"https:\/\/kuzeyinsesi.org\/#\/schema\/person\/9f859689cdf01485597712386e37f5aa"},"headline":"29. Geleneksel Alevkayas\u0131 Yayla Festivali pazar g\u00fcn\u00fc yap\u0131l\u0131yor","datePublished":"2024-09-19T08:24:24+00:00","mainEntityOfPage":{"@id":"https:\/\/kuzeyinsesi.org\/index.php\/2024\/09\/19\/29-geleneksel-alevkayasi-yayla-festivali-pazar-gunu-yapiliyor\/"},"wordCount":96,"commentCount":0,"image":{"@id":"https:\/\/kuzeyinsesi.org\/index.php\/2024\/09\/19\/29-geleneksel-alevkayasi-yayla-festivali-pazar-gunu-yapiliyor\/#primaryimage"},"thumbnailUrl":"https:\/\/kuzeyinsesi.org\/wp-content\/uploads\/2024\/09\/karadeniz-kultur.jpeg","articleSection":["Ya\u015fam"],"inLanguage":"tr","potentialAction":[{"@type":"CommentAction","name":"Comment","target":["https:\/\/kuzeyinsesi.org\/index.php\/2024\/09\/19\/29-geleneksel-alevkayasi-yayla-festivali-pazar-gunu-yapiliyor\/#respond"]}]},{"@type":"WebPage","@id":"https:\/\/kuzeyinsesi.org\/index.php\/2024\/09\/19\/29-geleneksel-alevkayasi-yayla-festivali-pazar-gunu-yapiliyor\/","url":"https:\/\/kuzeyinsesi.org\/index.php\/2024\/09\/19\/29-geleneksel-alevkayasi-yayla-festivali-pazar-gunu-yapiliyor\/","name":"29. Geleneksel Alevkayas\u0131 Yayla Festivali pazar g\u00fcn\u00fc yap\u0131l\u0131yor - Kuzeyin Sesi","isPartOf":{"@id":"https:\/\/kuzeyinsesi.org\/#website"},"primaryImageOfPage":{"@id":"https:\/\/kuzeyinsesi.org\/index.php\/2024\/09\/19\/29-geleneksel-alevkayasi-yayla-festivali-pazar-gunu-yapiliyor\/#primaryimage"},"image":{"@id":"https:\/\/kuzeyinsesi.org\/index.php\/2024\/09\/19\/29-geleneksel-alevkayasi-yayla-festivali-pazar-gunu-yapiliyor\/#primaryimage"},"thumbnailUrl":"https:\/\/kuzeyinsesi.org\/wp-content\/uploads\/2024\/09\/karadeniz-kultur.jpeg","datePublished":"2024-09-19T08:24:24+00:00","author":{"@id":"https:\/\/kuzeyinsesi.org\/#\/schema\/person\/9f859689cdf01485597712386e37f5aa"},"breadcrumb":{"@id":"https:\/\/kuzeyinsesi.org\/index.php\/2024\/09\/19\/29-geleneksel-alevkayasi-yayla-festivali-pazar-gunu-yapiliyor\/#breadcrumb"},"inLanguage":"tr","potentialAction":[{"@type":"ReadAction","target":["https:\/\/kuzeyinsesi.org\/index.php\/2024\/09\/19\/29-geleneksel-alevkayasi-yayla-festivali-pazar-gunu-yapiliyor\/"]}]},{"@type":"ImageObject","inLanguage":"tr","@id":"https:\/\/kuzeyinsesi.org\/index.php\/2024\/09\/19\/29-geleneksel-alevkayasi-yayla-festivali-pazar-gunu-yapiliyor\/#primaryimage","url":"https:\/\/kuzeyinsesi.org\/wp-content\/uploads\/2024\/09\/karadeniz-kultur.jpeg","contentUrl":"https:\/\/kuzeyinsesi.org\/wp-content\/uploads\/2024\/09\/karadeniz-kultur.jpeg","width":1024,"height":683},{"@type":"BreadcrumbList","@id":"https:\/\/kuzeyinsesi.org\/index.php\/2024\/09\/19\/29-geleneksel-alevkayasi-yayla-festivali-pazar-gunu-yapiliyor\/#breadcrumb","itemListElement":[{"@type":"ListItem","position":1,"name":"Anasayfa","item":"https:\/\/kuzeyinsesi.org\/"},{"@type":"ListItem","position":2,"name":"29. Geleneksel Alevkayas\u0131 Yayla Festivali pazar g\u00fcn\u00fc yap\u0131l\u0131yor"}]},{"@type":"WebSite","@id":"https:\/\/kuzeyinsesi.org\/#website","url":"https:\/\/kuzeyinsesi.org\/","name":"Kuzeyin Sesi","description":"Do\u011fru Haberin Adresi","potentialAction":[{"@type":"SearchAction","target":{"@type":"EntryPoint","urlTemplate":"https:\/\/kuzeyinsesi.org\/?s={search_term_string}"},"query-input":{"@type":"PropertyValueSpecification","valueRequired":true,"valueName":"search_term_string"}}],"inLanguage":"tr"},{"@type":"Person","@id":"https:\/\/kuzeyinsesi.org\/#\/schema\/person\/9f859689cdf01485597712386e37f5aa","name":"Kuzeyin Sesi","image":{"@type":"ImageObject","inLanguage":"tr","@id":"https:\/\/secure.gravatar.com\/avatar\/bab33852abfd8b282518d6ed81826833d77c3c882d9ab608add591ccace47a44?s=96&d=mm&r=g","url":"https:\/\/secure.gravatar.com\/avatar\/bab33852abfd8b282518d6ed81826833d77c3c882d9ab608add591ccace47a44?s=96&d=mm&r=g","contentUrl":"https:\/\/secure.gravatar.com\/avatar\/bab33852abfd8b282518d6ed81826833d77c3c882d9ab608add591ccace47a44?s=96&d=mm&r=g","caption":"Kuzeyin Sesi"},"sameAs":["https:\/\/kuzeyinsesi.org"],"url":"https:\/\/kuzeyinsesi.org\/index.php\/author\/guven\/"}]}},"_links":{"self":[{"href":"https:\/\/kuzeyinsesi.org\/index.php\/wp-json\/wp\/v2\/posts\/9985","targetHints":{"allow":["GET"]}}],"collection":[{"href":"https:\/\/kuzeyinsesi.org\/index.php\/wp-json\/wp\/v2\/posts"}],"about":[{"href":"https:\/\/kuzeyinsesi.org\/index.php\/wp-json\/wp\/v2\/types\/post"}],"author":[{"embeddable":true,"href":"https:\/\/kuzeyinsesi.org\/index.php\/wp-json\/wp\/v2\/users\/1"}],"replies":[{"embeddable":true,"href":"https:\/\/kuzeyinsesi.org\/index.php\/wp-json\/wp\/v2\/comments?post=9985"}],"version-history":[{"count":0,"href":"https:\/\/kuzeyinsesi.org\/index.php\/wp-json\/wp\/v2\/posts\/9985\/revisions"}],"wp:featuredmedia":[{"embeddable":true,"href":"https:\/\/kuzeyinsesi.org\/index.php\/wp-json\/wp\/v2\/media\/9986"}],"wp:attachment":[{"href":"https:\/\/kuzeyinsesi.org\/index.php\/wp-json\/wp\/v2\/media?parent=9985"}],"wp:term":[{"taxonomy":"category","embeddable":true,"href":"https:\/\/kuzeyinsesi.org\/index.php\/wp-json\/wp\/v2\/categories?post=9985"},{"taxonomy":"post_tag","embeddable":true,"href":"https:\/\/kuzeyinsesi.org\/index.php\/wp-json\/wp\/v2\/tags?post=9985"}],"curies":[{"name":"wp","href":"https:\/\/api.w.org\/{rel}","templated":true}]}}