{"id":998,"date":"2024-04-30T13:15:38","date_gmt":"2024-04-30T10:15:38","guid":{"rendered":"https:\/\/kuzeyinsesi.com\/index.php\/2024\/04\/30\/bay-sen-baskani-kanattan-1-mayis-mesaji\/"},"modified":"2024-04-30T13:15:38","modified_gmt":"2024-04-30T10:15:38","slug":"bay-sen-baskani-kanattan-1-mayis-mesaji","status":"publish","type":"post","link":"https:\/\/kuzeyinsesi.org\/index.php\/2024\/04\/30\/bay-sen-baskani-kanattan-1-mayis-mesaji\/","title":{"rendered":"Bay-Sen Ba\u015fkan\u0131 Kanat\u2019tan 1 May\u0131s mesaj\u0131"},"content":{"rendered":"<div>\n<div class=\"mariselle-image-container center\">\n                                            <\/div>\n<p>Bayrak Radyo Televizyon Kurumu \u00c7al\u0131\u015fanlar\u0131 Sendikas\u0131 Ba\u015fkan\u0131 \u0130brahim Kanat, 1 May\u0131s D\u00fcnya Emek ve Dayan\u0131\u015fma G\u00fcn\u00fc dolay\u0131s\u0131yla yay\u0131nlad\u0131\u011f\u0131 mesajda, 1 May\u0131s\u2019\u0131 t\u00fcm d\u00fcnya emek\u00e7ilerinin, haks\u0131zl\u0131klara kar\u015f\u0131 birlik, dayan\u0131\u015fma ve m\u00fccadele g\u00fcn\u00fc olarak g\u00f6rd\u00fcklerini kaydetti.<\/p>\n<p>\u201cBiliyoruz ki, emek \u00e7al\u0131\u015fan\u0131n, hak ise eme\u011finin kar\u015f\u0131l\u0131\u011f\u0131n\u0131 almak i\u00e7in m\u00fccadele \u0435d\u0435nindir\u201d diyen Kanat \u015f\u00f6yle devam etti:<\/p>\n<p>\u201cBug\u00fcn emek\u00e7i \u00e7al\u0131\u015fanlara verilen s\u00f6zleri unutanlar, att\u0131klar\u0131 imzaya sahip \u00e7\u0131kmayanlar, eme\u011finin kar\u015f\u0131l\u0131\u011f\u0131n\u0131 alamayan, al\u0131n terini ak\u0131tan ama k\u0131ymeti bilinmeyen emek\u00e7ilerimiz vard\u0131r. Bizler herkesin e\u015fit, adil ve insan onuruna yara\u015f\u0131r bir \u015fekilde ya\u015famlar\u0131n\u0131 s\u00fcrd\u00fcrmeleri i\u00e7in verdi\u011fimiz m\u00fccadelemizi bug\u00fcnde y\u00fckselterek \u00f6zel ve kamu \u00e7al\u0131\u015fanlar\u0131 aras\u0131ndaki e\u015fitsizli\u011fin giderilmesini, asgari \u00fccretin hayat pahal\u0131l\u0131\u011f\u0131 kar\u015f\u0131s\u0131nda yok oldu\u011funu ve tekrardan de\u011ferlendirilmesi gerekti\u011fini, e\u015fit i\u015f e\u015fit maa\u015f politikas\u0131n\u0131n benimsenmesini, kamu ve \u00f6zel sekt\u00f6r \u00e7al\u0131\u015fanlar\u0131 aras\u0131ndaki maa\u015f ve \u00e7al\u0131\u015fma saatleri farklar\u0131 dolay\u0131s\u0131 ile sendikas\u0131z \u00e7al\u0131\u015fman\u0131n yasakland\u0131\u011f\u0131 g\u00fcnler i\u00e7in m\u00fccadelemizi art\u0131rarak s\u00fcrd\u00fcrmeye devam edece\u011fiz. Haks\u0131zl\u0131klar\u0131n, e\u015fitsizliklerin, adaletsizliklerin ve ezilmenin olmad\u0131\u011f\u0131, eme\u011fin s\u00f6m\u00fcr\u00fclmedi\u011fi, ayd\u0131nl\u0131k, herkesin adil bir \u015fekilde \u00e7al\u0131\u015ft\u0131\u011f\u0131, hi\u00e7bir emek\u00e7inin hakk\u0131n\u0131n yenilmedi\u011fi, e\u015fit ve g\u00fczel bir d\u00fcnyay\u0131 g\u00f6rmek, eme\u011fimizin kar\u015f\u0131l\u0131\u011f\u0131n\u0131 almak v\u0435 m\u00fccad\u0435l\u0435miz\u0435 sonuna kadar davam \u0435tm\u0435k dile\u011fiyle\u201d<\/p>\n<\/p><\/div>\n<p><script async\n                    defer\n                    crossorigin=\"anonymous\"\n                    src=\"https:\/\/connect.facebook.net\/tr_TR\/sdk.js#xfbml=1&#038;version=v3.3\"\n            ><\/script><\/p>\n","protected":false},"excerpt":{"rendered":"<p>Bayrak Radyo Televizyon Kurumu \u00c7al\u0131\u015fanlar\u0131 Sendikas\u0131 Ba\u015fkan\u0131 \u0130brahim Kanat, 1 May\u0131s D\u00fcnya Emek ve Dayan\u0131\u015fma G\u00fcn\u00fc dolay\u0131s\u0131yla yay\u0131nlad\u0131\u011f\u0131 mesajda, 1 May\u0131s\u2019\u0131 t\u00fcm d\u00fcnya emek\u00e7ilerinin, haks\u0131zl\u0131klara kar\u015f\u0131 birlik, dayan\u0131\u015fma ve m\u00fccadele g\u00fcn\u00fc olarak g\u00f6rd\u00fcklerini kaydetti. \u201cBiliyoruz ki, emek \u00e7al\u0131\u015fan\u0131n, hak ise eme\u011finin kar\u015f\u0131l\u0131\u011f\u0131n\u0131 almak i\u00e7in m\u00fccadele \u0435d\u0435nindir\u201d diyen Kanat \u015f\u00f6yle devam etti: \u201cBug\u00fcn emek\u00e7i \u00e7al\u0131\u015fanlara verilen [&hellip;]<\/p>\n","protected":false},"author":1,"featured_media":999,"comment_status":"open","ping_status":"open","sticky":false,"template":"","format":"standard","meta":{"jnews-multi-image_gallery":[],"jnews_single_post":[],"jnews_primary_category":[],"jnews_social_meta":[],"jnews_override_counter":[],"footnotes":""},"categories":[1],"tags":[],"class_list":["post-998","post","type-post","status-publish","format-standard","has-post-thumbnail","hentry","category-kibris"],"yoast_head":"<!-- This site is optimized with the Yoast SEO plugin v27.5 - https:\/\/yoast.com\/product\/yoast-seo-wordpress\/ -->\n<title>Bay-Sen Ba\u015fkan\u0131 Kanat\u2019tan 1 May\u0131s mesaj\u0131 - Kuzeyin Sesi<\/title>\n<meta name=\"robots\" content=\"index, follow, max-snippet:-1, max-image-preview:large, max-video-preview:-1\" \/>\n<link rel=\"canonical\" href=\"https:\/\/kuzeyinsesi.org\/index.php\/2024\/04\/30\/bay-sen-baskani-kanattan-1-mayis-mesaji\/\" \/>\n<meta property=\"og:locale\" content=\"tr_TR\" \/>\n<meta property=\"og:type\" content=\"article\" \/>\n<meta property=\"og:title\" content=\"Bay-Sen Ba\u015fkan\u0131 Kanat\u2019tan 1 May\u0131s mesaj\u0131 - Kuzeyin Sesi\" \/>\n<meta property=\"og:description\" content=\"Bayrak Radyo Televizyon Kurumu \u00c7al\u0131\u015fanlar\u0131 Sendikas\u0131 Ba\u015fkan\u0131 \u0130brahim Kanat, 1 May\u0131s D\u00fcnya Emek ve Dayan\u0131\u015fma G\u00fcn\u00fc dolay\u0131s\u0131yla yay\u0131nlad\u0131\u011f\u0131 mesajda, 1 May\u0131s\u2019\u0131 t\u00fcm d\u00fcnya emek\u00e7ilerinin, haks\u0131zl\u0131klara kar\u015f\u0131 birlik, dayan\u0131\u015fma ve m\u00fccadele g\u00fcn\u00fc olarak g\u00f6rd\u00fcklerini kaydetti. \u201cBiliyoruz ki, emek \u00e7al\u0131\u015fan\u0131n, hak ise eme\u011finin kar\u015f\u0131l\u0131\u011f\u0131n\u0131 almak i\u00e7in m\u00fccadele \u0435d\u0435nindir\u201d diyen Kanat \u015f\u00f6yle devam etti: \u201cBug\u00fcn emek\u00e7i \u00e7al\u0131\u015fanlara verilen [&hellip;]\" \/>\n<meta property=\"og:url\" content=\"https:\/\/kuzeyinsesi.org\/index.php\/2024\/04\/30\/bay-sen-baskani-kanattan-1-mayis-mesaji\/\" \/>\n<meta property=\"og:site_name\" content=\"Kuzeyin Sesi\" \/>\n<meta property=\"article:publisher\" content=\"https:\/\/www.facebook.com\/kuzeyinsesii\" \/>\n<meta property=\"article:published_time\" content=\"2024-04-30T10:15:38+00:00\" \/>\n<meta property=\"og:image\" content=\"https:\/\/kuzeyinsesi.org\/wp-content\/uploads\/2024\/04\/KANAT.jpg\" \/>\n\t<meta property=\"og:image:width\" content=\"880\" \/>\n\t<meta property=\"og:image:height\" content=\"440\" \/>\n\t<meta property=\"og:image:type\" content=\"image\/jpeg\" \/>\n<meta name=\"author\" content=\"Kuzeyin Sesi\" \/>\n<meta name=\"twitter:card\" content=\"summary_large_image\" \/>\n<meta name=\"twitter:creator\" content=\"@kuzeyinsesii\" \/>\n<meta name=\"twitter:site\" content=\"@kuzeyinsesii\" \/>\n<meta name=\"twitter:label1\" content=\"Yazan:\" \/>\n\t<meta name=\"twitter:data1\" content=\"Kuzeyin Sesi\" \/>\n\t<meta name=\"twitter:label2\" content=\"Tahmini okuma s\u00fcresi\" \/>\n\t<meta name=\"twitter:data2\" content=\"1 dakika\" \/>\n<script type=\"application\/ld+json\" class=\"yoast-schema-graph\">{\"@context\":\"https:\\\/\\\/schema.org\",\"@graph\":[{\"@type\":\"Article\",\"@id\":\"https:\\\/\\\/kuzeyinsesi.org\\\/index.php\\\/2024\\\/04\\\/30\\\/bay-sen-baskani-kanattan-1-mayis-mesaji\\\/#article\",\"isPartOf\":{\"@id\":\"https:\\\/\\\/kuzeyinsesi.org\\\/index.php\\\/2024\\\/04\\\/30\\\/bay-sen-baskani-kanattan-1-mayis-mesaji\\\/\"},\"author\":{\"name\":\"Kuzeyin Sesi\",\"@id\":\"https:\\\/\\\/kuzeyinsesi.org\\\/#\\\/schema\\\/person\\\/9f859689cdf01485597712386e37f5aa\"},\"headline\":\"Bay-Sen Ba\u015fkan\u0131 Kanat\u2019tan 1 May\u0131s mesaj\u0131\",\"datePublished\":\"2024-04-30T10:15:38+00:00\",\"mainEntityOfPage\":{\"@id\":\"https:\\\/\\\/kuzeyinsesi.org\\\/index.php\\\/2024\\\/04\\\/30\\\/bay-sen-baskani-kanattan-1-mayis-mesaji\\\/\"},\"wordCount\":340,\"commentCount\":0,\"image\":{\"@id\":\"https:\\\/\\\/kuzeyinsesi.org\\\/index.php\\\/2024\\\/04\\\/30\\\/bay-sen-baskani-kanattan-1-mayis-mesaji\\\/#primaryimage\"},\"thumbnailUrl\":\"https:\\\/\\\/kuzeyinsesi.org\\\/wp-content\\\/uploads\\\/2024\\\/04\\\/KANAT.jpg\",\"articleSection\":[\"K\u0131br\u0131s\"],\"inLanguage\":\"tr\",\"potentialAction\":[{\"@type\":\"CommentAction\",\"name\":\"Comment\",\"target\":[\"https:\\\/\\\/kuzeyinsesi.org\\\/index.php\\\/2024\\\/04\\\/30\\\/bay-sen-baskani-kanattan-1-mayis-mesaji\\\/#respond\"]}]},{\"@type\":\"WebPage\",\"@id\":\"https:\\\/\\\/kuzeyinsesi.org\\\/index.php\\\/2024\\\/04\\\/30\\\/bay-sen-baskani-kanattan-1-mayis-mesaji\\\/\",\"url\":\"https:\\\/\\\/kuzeyinsesi.org\\\/index.php\\\/2024\\\/04\\\/30\\\/bay-sen-baskani-kanattan-1-mayis-mesaji\\\/\",\"name\":\"Bay-Sen Ba\u015fkan\u0131 Kanat\u2019tan 1 May\u0131s mesaj\u0131 - Kuzeyin Sesi\",\"isPartOf\":{\"@id\":\"https:\\\/\\\/kuzeyinsesi.org\\\/#website\"},\"primaryImageOfPage\":{\"@id\":\"https:\\\/\\\/kuzeyinsesi.org\\\/index.php\\\/2024\\\/04\\\/30\\\/bay-sen-baskani-kanattan-1-mayis-mesaji\\\/#primaryimage\"},\"image\":{\"@id\":\"https:\\\/\\\/kuzeyinsesi.org\\\/index.php\\\/2024\\\/04\\\/30\\\/bay-sen-baskani-kanattan-1-mayis-mesaji\\\/#primaryimage\"},\"thumbnailUrl\":\"https:\\\/\\\/kuzeyinsesi.org\\\/wp-content\\\/uploads\\\/2024\\\/04\\\/KANAT.jpg\",\"datePublished\":\"2024-04-30T10:15:38+00:00\",\"author\":{\"@id\":\"https:\\\/\\\/kuzeyinsesi.org\\\/#\\\/schema\\\/person\\\/9f859689cdf01485597712386e37f5aa\"},\"breadcrumb\":{\"@id\":\"https:\\\/\\\/kuzeyinsesi.org\\\/index.php\\\/2024\\\/04\\\/30\\\/bay-sen-baskani-kanattan-1-mayis-mesaji\\\/#breadcrumb\"},\"inLanguage\":\"tr\",\"potentialAction\":[{\"@type\":\"ReadAction\",\"target\":[\"https:\\\/\\\/kuzeyinsesi.org\\\/index.php\\\/2024\\\/04\\\/30\\\/bay-sen-baskani-kanattan-1-mayis-mesaji\\\/\"]}]},{\"@type\":\"ImageObject\",\"inLanguage\":\"tr\",\"@id\":\"https:\\\/\\\/kuzeyinsesi.org\\\/index.php\\\/2024\\\/04\\\/30\\\/bay-sen-baskani-kanattan-1-mayis-mesaji\\\/#primaryimage\",\"url\":\"https:\\\/\\\/kuzeyinsesi.org\\\/wp-content\\\/uploads\\\/2024\\\/04\\\/KANAT.jpg\",\"contentUrl\":\"https:\\\/\\\/kuzeyinsesi.org\\\/wp-content\\\/uploads\\\/2024\\\/04\\\/KANAT.jpg\",\"width\":880,\"height\":440},{\"@type\":\"BreadcrumbList\",\"@id\":\"https:\\\/\\\/kuzeyinsesi.org\\\/index.php\\\/2024\\\/04\\\/30\\\/bay-sen-baskani-kanattan-1-mayis-mesaji\\\/#breadcrumb\",\"itemListElement\":[{\"@type\":\"ListItem\",\"position\":1,\"name\":\"Anasayfa\",\"item\":\"https:\\\/\\\/kuzeyinsesi.org\\\/\"},{\"@type\":\"ListItem\",\"position\":2,\"name\":\"Bay-Sen Ba\u015fkan\u0131 Kanat\u2019tan 1 May\u0131s mesaj\u0131\"}]},{\"@type\":\"WebSite\",\"@id\":\"https:\\\/\\\/kuzeyinsesi.org\\\/#website\",\"url\":\"https:\\\/\\\/kuzeyinsesi.org\\\/\",\"name\":\"Kuzeyin Sesi\",\"description\":\"Do\u011fru Haberin Adresi\",\"potentialAction\":[{\"@type\":\"SearchAction\",\"target\":{\"@type\":\"EntryPoint\",\"urlTemplate\":\"https:\\\/\\\/kuzeyinsesi.org\\\/?s={search_term_string}\"},\"query-input\":{\"@type\":\"PropertyValueSpecification\",\"valueRequired\":true,\"valueName\":\"search_term_string\"}}],\"inLanguage\":\"tr\"},{\"@type\":\"Person\",\"@id\":\"https:\\\/\\\/kuzeyinsesi.org\\\/#\\\/schema\\\/person\\\/9f859689cdf01485597712386e37f5aa\",\"name\":\"Kuzeyin Sesi\",\"image\":{\"@type\":\"ImageObject\",\"inLanguage\":\"tr\",\"@id\":\"https:\\\/\\\/secure.gravatar.com\\\/avatar\\\/bab33852abfd8b282518d6ed81826833d77c3c882d9ab608add591ccace47a44?s=96&d=mm&r=g\",\"url\":\"https:\\\/\\\/secure.gravatar.com\\\/avatar\\\/bab33852abfd8b282518d6ed81826833d77c3c882d9ab608add591ccace47a44?s=96&d=mm&r=g\",\"contentUrl\":\"https:\\\/\\\/secure.gravatar.com\\\/avatar\\\/bab33852abfd8b282518d6ed81826833d77c3c882d9ab608add591ccace47a44?s=96&d=mm&r=g\",\"caption\":\"Kuzeyin Sesi\"},\"sameAs\":[\"https:\\\/\\\/kuzeyinsesi.org\"],\"url\":\"https:\\\/\\\/kuzeyinsesi.org\\\/index.php\\\/author\\\/guven\\\/\"}]}<\/script>\n<!-- \/ Yoast SEO plugin. -->","yoast_head_json":{"title":"Bay-Sen Ba\u015fkan\u0131 Kanat\u2019tan 1 May\u0131s mesaj\u0131 - Kuzeyin Sesi","robots":{"index":"index","follow":"follow","max-snippet":"max-snippet:-1","max-image-preview":"max-image-preview:large","max-video-preview":"max-video-preview:-1"},"canonical":"https:\/\/kuzeyinsesi.org\/index.php\/2024\/04\/30\/bay-sen-baskani-kanattan-1-mayis-mesaji\/","og_locale":"tr_TR","og_type":"article","og_title":"Bay-Sen Ba\u015fkan\u0131 Kanat\u2019tan 1 May\u0131s mesaj\u0131 - Kuzeyin Sesi","og_description":"Bayrak Radyo Televizyon Kurumu \u00c7al\u0131\u015fanlar\u0131 Sendikas\u0131 Ba\u015fkan\u0131 \u0130brahim Kanat, 1 May\u0131s D\u00fcnya Emek ve Dayan\u0131\u015fma G\u00fcn\u00fc dolay\u0131s\u0131yla yay\u0131nlad\u0131\u011f\u0131 mesajda, 1 May\u0131s\u2019\u0131 t\u00fcm d\u00fcnya emek\u00e7ilerinin, haks\u0131zl\u0131klara kar\u015f\u0131 birlik, dayan\u0131\u015fma ve m\u00fccadele g\u00fcn\u00fc olarak g\u00f6rd\u00fcklerini kaydetti. \u201cBiliyoruz ki, emek \u00e7al\u0131\u015fan\u0131n, hak ise eme\u011finin kar\u015f\u0131l\u0131\u011f\u0131n\u0131 almak i\u00e7in m\u00fccadele \u0435d\u0435nindir\u201d diyen Kanat \u015f\u00f6yle devam etti: \u201cBug\u00fcn emek\u00e7i \u00e7al\u0131\u015fanlara verilen [&hellip;]","og_url":"https:\/\/kuzeyinsesi.org\/index.php\/2024\/04\/30\/bay-sen-baskani-kanattan-1-mayis-mesaji\/","og_site_name":"Kuzeyin Sesi","article_publisher":"https:\/\/www.facebook.com\/kuzeyinsesii","article_published_time":"2024-04-30T10:15:38+00:00","og_image":[{"width":880,"height":440,"url":"https:\/\/kuzeyinsesi.org\/wp-content\/uploads\/2024\/04\/KANAT.jpg","type":"image\/jpeg"}],"author":"Kuzeyin Sesi","twitter_card":"summary_large_image","twitter_creator":"@kuzeyinsesii","twitter_site":"@kuzeyinsesii","twitter_misc":{"Yazan:":"Kuzeyin Sesi","Tahmini okuma s\u00fcresi":"1 dakika"},"schema":{"@context":"https:\/\/schema.org","@graph":[{"@type":"Article","@id":"https:\/\/kuzeyinsesi.org\/index.php\/2024\/04\/30\/bay-sen-baskani-kanattan-1-mayis-mesaji\/#article","isPartOf":{"@id":"https:\/\/kuzeyinsesi.org\/index.php\/2024\/04\/30\/bay-sen-baskani-kanattan-1-mayis-mesaji\/"},"author":{"name":"Kuzeyin Sesi","@id":"https:\/\/kuzeyinsesi.org\/#\/schema\/person\/9f859689cdf01485597712386e37f5aa"},"headline":"Bay-Sen Ba\u015fkan\u0131 Kanat\u2019tan 1 May\u0131s mesaj\u0131","datePublished":"2024-04-30T10:15:38+00:00","mainEntityOfPage":{"@id":"https:\/\/kuzeyinsesi.org\/index.php\/2024\/04\/30\/bay-sen-baskani-kanattan-1-mayis-mesaji\/"},"wordCount":340,"commentCount":0,"image":{"@id":"https:\/\/kuzeyinsesi.org\/index.php\/2024\/04\/30\/bay-sen-baskani-kanattan-1-mayis-mesaji\/#primaryimage"},"thumbnailUrl":"https:\/\/kuzeyinsesi.org\/wp-content\/uploads\/2024\/04\/KANAT.jpg","articleSection":["K\u0131br\u0131s"],"inLanguage":"tr","potentialAction":[{"@type":"CommentAction","name":"Comment","target":["https:\/\/kuzeyinsesi.org\/index.php\/2024\/04\/30\/bay-sen-baskani-kanattan-1-mayis-mesaji\/#respond"]}]},{"@type":"WebPage","@id":"https:\/\/kuzeyinsesi.org\/index.php\/2024\/04\/30\/bay-sen-baskani-kanattan-1-mayis-mesaji\/","url":"https:\/\/kuzeyinsesi.org\/index.php\/2024\/04\/30\/bay-sen-baskani-kanattan-1-mayis-mesaji\/","name":"Bay-Sen Ba\u015fkan\u0131 Kanat\u2019tan 1 May\u0131s mesaj\u0131 - Kuzeyin Sesi","isPartOf":{"@id":"https:\/\/kuzeyinsesi.org\/#website"},"primaryImageOfPage":{"@id":"https:\/\/kuzeyinsesi.org\/index.php\/2024\/04\/30\/bay-sen-baskani-kanattan-1-mayis-mesaji\/#primaryimage"},"image":{"@id":"https:\/\/kuzeyinsesi.org\/index.php\/2024\/04\/30\/bay-sen-baskani-kanattan-1-mayis-mesaji\/#primaryimage"},"thumbnailUrl":"https:\/\/kuzeyinsesi.org\/wp-content\/uploads\/2024\/04\/KANAT.jpg","datePublished":"2024-04-30T10:15:38+00:00","author":{"@id":"https:\/\/kuzeyinsesi.org\/#\/schema\/person\/9f859689cdf01485597712386e37f5aa"},"breadcrumb":{"@id":"https:\/\/kuzeyinsesi.org\/index.php\/2024\/04\/30\/bay-sen-baskani-kanattan-1-mayis-mesaji\/#breadcrumb"},"inLanguage":"tr","potentialAction":[{"@type":"ReadAction","target":["https:\/\/kuzeyinsesi.org\/index.php\/2024\/04\/30\/bay-sen-baskani-kanattan-1-mayis-mesaji\/"]}]},{"@type":"ImageObject","inLanguage":"tr","@id":"https:\/\/kuzeyinsesi.org\/index.php\/2024\/04\/30\/bay-sen-baskani-kanattan-1-mayis-mesaji\/#primaryimage","url":"https:\/\/kuzeyinsesi.org\/wp-content\/uploads\/2024\/04\/KANAT.jpg","contentUrl":"https:\/\/kuzeyinsesi.org\/wp-content\/uploads\/2024\/04\/KANAT.jpg","width":880,"height":440},{"@type":"BreadcrumbList","@id":"https:\/\/kuzeyinsesi.org\/index.php\/2024\/04\/30\/bay-sen-baskani-kanattan-1-mayis-mesaji\/#breadcrumb","itemListElement":[{"@type":"ListItem","position":1,"name":"Anasayfa","item":"https:\/\/kuzeyinsesi.org\/"},{"@type":"ListItem","position":2,"name":"Bay-Sen Ba\u015fkan\u0131 Kanat\u2019tan 1 May\u0131s mesaj\u0131"}]},{"@type":"WebSite","@id":"https:\/\/kuzeyinsesi.org\/#website","url":"https:\/\/kuzeyinsesi.org\/","name":"Kuzeyin Sesi","description":"Do\u011fru Haberin Adresi","potentialAction":[{"@type":"SearchAction","target":{"@type":"EntryPoint","urlTemplate":"https:\/\/kuzeyinsesi.org\/?s={search_term_string}"},"query-input":{"@type":"PropertyValueSpecification","valueRequired":true,"valueName":"search_term_string"}}],"inLanguage":"tr"},{"@type":"Person","@id":"https:\/\/kuzeyinsesi.org\/#\/schema\/person\/9f859689cdf01485597712386e37f5aa","name":"Kuzeyin Sesi","image":{"@type":"ImageObject","inLanguage":"tr","@id":"https:\/\/secure.gravatar.com\/avatar\/bab33852abfd8b282518d6ed81826833d77c3c882d9ab608add591ccace47a44?s=96&d=mm&r=g","url":"https:\/\/secure.gravatar.com\/avatar\/bab33852abfd8b282518d6ed81826833d77c3c882d9ab608add591ccace47a44?s=96&d=mm&r=g","contentUrl":"https:\/\/secure.gravatar.com\/avatar\/bab33852abfd8b282518d6ed81826833d77c3c882d9ab608add591ccace47a44?s=96&d=mm&r=g","caption":"Kuzeyin Sesi"},"sameAs":["https:\/\/kuzeyinsesi.org"],"url":"https:\/\/kuzeyinsesi.org\/index.php\/author\/guven\/"}]}},"_links":{"self":[{"href":"https:\/\/kuzeyinsesi.org\/index.php\/wp-json\/wp\/v2\/posts\/998","targetHints":{"allow":["GET"]}}],"collection":[{"href":"https:\/\/kuzeyinsesi.org\/index.php\/wp-json\/wp\/v2\/posts"}],"about":[{"href":"https:\/\/kuzeyinsesi.org\/index.php\/wp-json\/wp\/v2\/types\/post"}],"author":[{"embeddable":true,"href":"https:\/\/kuzeyinsesi.org\/index.php\/wp-json\/wp\/v2\/users\/1"}],"replies":[{"embeddable":true,"href":"https:\/\/kuzeyinsesi.org\/index.php\/wp-json\/wp\/v2\/comments?post=998"}],"version-history":[{"count":0,"href":"https:\/\/kuzeyinsesi.org\/index.php\/wp-json\/wp\/v2\/posts\/998\/revisions"}],"wp:featuredmedia":[{"embeddable":true,"href":"https:\/\/kuzeyinsesi.org\/index.php\/wp-json\/wp\/v2\/media\/999"}],"wp:attachment":[{"href":"https:\/\/kuzeyinsesi.org\/index.php\/wp-json\/wp\/v2\/media?parent=998"}],"wp:term":[{"taxonomy":"category","embeddable":true,"href":"https:\/\/kuzeyinsesi.org\/index.php\/wp-json\/wp\/v2\/categories?post=998"},{"taxonomy":"post_tag","embeddable":true,"href":"https:\/\/kuzeyinsesi.org\/index.php\/wp-json\/wp\/v2\/tags?post=998"}],"curies":[{"name":"wp","href":"https:\/\/api.w.org\/{rel}","templated":true}]}}