{"id":9976,"date":"2024-09-19T10:23:50","date_gmt":"2024-09-19T07:23:50","guid":{"rendered":"https:\/\/kuzeyinsesi.org\/index.php\/2024\/09\/19\/yuzyillik-destan-ates-pazartesi-tatlisuda-sahnelenecek\/"},"modified":"2024-09-19T10:23:50","modified_gmt":"2024-09-19T07:23:50","slug":"yuzyillik-destan-ates-pazartesi-tatlisuda-sahnelenecek","status":"publish","type":"post","link":"https:\/\/kuzeyinsesi.org\/index.php\/2024\/09\/19\/yuzyillik-destan-ates-pazartesi-tatlisuda-sahnelenecek\/","title":{"rendered":"\u201cY\u00fczy\u0131ll\u0131k Destan Ate\u015f\u201d pazartesi Tatl\u0131su\u2019da sahnelenecek"},"content":{"rendered":"<div>\n<div class=\"mariselle-image-container center\">\n                                            <\/div>\n<p>T\u00fcrkiye Devlet Tiyatrolar\u0131\u2019n\u0131n \u201cY\u00fczy\u0131ll\u0131k Destan Ate\u015f\u201d oyunu, 23 Eyl\u00fcl Pazartesi ak\u015fam\u0131 saat 20.00\u2019de Tatl\u0131su\u2019da sahnelenecek.<\/p>\n<p>Ba\u015fbakan Yard\u0131mc\u0131l\u0131\u011f\u0131 Turizm, K\u00fclt\u00fcr, Gen\u00e7lik ve \u00c7evre Bakanl\u0131\u011f\u0131, K\u0131br\u0131s T\u00fcrk Devlet Tiyatrolar\u0131 ile T\u00fcrkiye Cumhuriyeti K\u00fclt\u00fcr ve Turizm Bakanl\u0131\u011f\u0131, Devlet Tiyatrolar\u0131 i\u015f birli\u011finde Tatl\u0131su\u2019da k\u00f6y meydan\u0131nda sahnelenecek oyun, \u00fccretsiz ve halka a\u00e7\u0131k olacak.<\/p>\n<p>Y\u00f6netmenli\u011fini Bar\u0131\u015f Erdenk, metin yazarl\u0131\u011f\u0131n\u0131 Haluk \u00d6zen\u00e7\u2019in yapt\u0131\u011f\u0131 oyun 23 Nisan 1920\u2019de Meclis a\u00e7\u0131l\u0131ncaya kadar neler ya\u015fand\u0131\u011f\u0131n\u0131, Mustafa Kemal Atat\u00fcrk ve silah arkada\u015flar\u0131n\u0131n kol kola \u00e7\u0131kt\u0131klar\u0131 s\u00fcreci, Anadolu\u2019da yak\u0131lan ba\u011f\u0131ms\u0131zl\u0131k ate\u015fini anlat\u0131yor.<\/p>\n<p>Oyunun dekoru Emre Sat\u0131, kost\u00fcmleri \u00d6zge Akarsu, \u0131\u015f\u0131k tasar\u0131m\u0131 Osman Uzg\u00f6ren ve Mustafa Bal, m\u00fczi\u011fi G\u00fcrkan \u00c7ak\u0131c\u0131 imzas\u0131n\u0131 ta\u015f\u0131yor.<\/p>\n<\/p><\/div>\n<p><script async\n                    defer\n                    crossorigin=\"anonymous\"\n                    src=\"https:\/\/connect.facebook.net\/tr_TR\/sdk.js#xfbml=1&#038;version=v3.3\"\n            ><\/script><\/p>\n","protected":false},"excerpt":{"rendered":"<p>T\u00fcrkiye Devlet Tiyatrolar\u0131\u2019n\u0131n \u201cY\u00fczy\u0131ll\u0131k Destan Ate\u015f\u201d oyunu, 23 Eyl\u00fcl Pazartesi ak\u015fam\u0131 saat 20.00\u2019de Tatl\u0131su\u2019da sahnelenecek. Ba\u015fbakan Yard\u0131mc\u0131l\u0131\u011f\u0131 Turizm, K\u00fclt\u00fcr, Gen\u00e7lik ve \u00c7evre Bakanl\u0131\u011f\u0131, K\u0131br\u0131s T\u00fcrk Devlet Tiyatrolar\u0131 ile T\u00fcrkiye Cumhuriyeti K\u00fclt\u00fcr ve Turizm Bakanl\u0131\u011f\u0131, Devlet Tiyatrolar\u0131 i\u015f birli\u011finde Tatl\u0131su\u2019da k\u00f6y meydan\u0131nda sahnelenecek oyun, \u00fccretsiz ve halka a\u00e7\u0131k olacak. Y\u00f6netmenli\u011fini Bar\u0131\u015f Erdenk, metin yazarl\u0131\u011f\u0131n\u0131 Haluk \u00d6zen\u00e7\u2019in [&hellip;]<\/p>\n","protected":false},"author":1,"featured_media":9977,"comment_status":"open","ping_status":"open","sticky":false,"template":"","format":"standard","meta":{"jnews-multi-image_gallery":[],"jnews_single_post":[],"jnews_primary_category":[],"jnews_social_meta":[],"jnews_override_counter":[],"footnotes":""},"categories":[6],"tags":[],"class_list":["post-9976","post","type-post","status-publish","format-standard","has-post-thumbnail","hentry","category-yasam"],"yoast_head":"<!-- This site is optimized with the Yoast SEO plugin v27.5 - https:\/\/yoast.com\/product\/yoast-seo-wordpress\/ -->\n<title>\u201cY\u00fczy\u0131ll\u0131k Destan Ate\u015f\u201d pazartesi Tatl\u0131su\u2019da sahnelenecek - Kuzeyin Sesi<\/title>\n<meta name=\"robots\" content=\"index, follow, max-snippet:-1, max-image-preview:large, max-video-preview:-1\" \/>\n<link rel=\"canonical\" href=\"https:\/\/kuzeyinsesi.org\/index.php\/2024\/09\/19\/yuzyillik-destan-ates-pazartesi-tatlisuda-sahnelenecek\/\" \/>\n<meta property=\"og:locale\" content=\"tr_TR\" \/>\n<meta property=\"og:type\" content=\"article\" \/>\n<meta property=\"og:title\" content=\"\u201cY\u00fczy\u0131ll\u0131k Destan Ate\u015f\u201d pazartesi Tatl\u0131su\u2019da sahnelenecek - Kuzeyin Sesi\" \/>\n<meta property=\"og:description\" content=\"T\u00fcrkiye Devlet Tiyatrolar\u0131\u2019n\u0131n \u201cY\u00fczy\u0131ll\u0131k Destan Ate\u015f\u201d oyunu, 23 Eyl\u00fcl Pazartesi ak\u015fam\u0131 saat 20.00\u2019de Tatl\u0131su\u2019da sahnelenecek. Ba\u015fbakan Yard\u0131mc\u0131l\u0131\u011f\u0131 Turizm, K\u00fclt\u00fcr, Gen\u00e7lik ve \u00c7evre Bakanl\u0131\u011f\u0131, K\u0131br\u0131s T\u00fcrk Devlet Tiyatrolar\u0131 ile T\u00fcrkiye Cumhuriyeti K\u00fclt\u00fcr ve Turizm Bakanl\u0131\u011f\u0131, Devlet Tiyatrolar\u0131 i\u015f birli\u011finde Tatl\u0131su\u2019da k\u00f6y meydan\u0131nda sahnelenecek oyun, \u00fccretsiz ve halka a\u00e7\u0131k olacak. Y\u00f6netmenli\u011fini Bar\u0131\u015f Erdenk, metin yazarl\u0131\u011f\u0131n\u0131 Haluk \u00d6zen\u00e7\u2019in [&hellip;]\" \/>\n<meta property=\"og:url\" content=\"https:\/\/kuzeyinsesi.org\/index.php\/2024\/09\/19\/yuzyillik-destan-ates-pazartesi-tatlisuda-sahnelenecek\/\" \/>\n<meta property=\"og:site_name\" content=\"Kuzeyin Sesi\" \/>\n<meta property=\"article:publisher\" content=\"https:\/\/www.facebook.com\/kuzeyinsesii\" \/>\n<meta property=\"article:published_time\" content=\"2024-09-19T07:23:50+00:00\" \/>\n<meta property=\"og:image\" content=\"https:\/\/brtk.net\/wp-content\/uploads\/2024\/09\/19\/DESTANNNNNNNNNNNNNNN.jpeg?ver=8cd6374f1a28be3568382ee0e05eec72\" \/>\n<meta name=\"author\" content=\"Kuzeyin Sesi\" \/>\n<meta name=\"twitter:card\" content=\"summary_large_image\" \/>\n<meta name=\"twitter:creator\" content=\"@kuzeyinsesii\" \/>\n<meta name=\"twitter:site\" content=\"@kuzeyinsesii\" \/>\n<meta name=\"twitter:label1\" content=\"Yazan:\" \/>\n\t<meta name=\"twitter:data1\" content=\"Kuzeyin Sesi\" \/>\n\t<meta name=\"twitter:label2\" content=\"Tahmini okuma s\u00fcresi\" \/>\n\t<meta name=\"twitter:data2\" content=\"1 dakika\" \/>\n<script type=\"application\/ld+json\" class=\"yoast-schema-graph\">{\"@context\":\"https:\\\/\\\/schema.org\",\"@graph\":[{\"@type\":\"Article\",\"@id\":\"https:\\\/\\\/kuzeyinsesi.org\\\/index.php\\\/2024\\\/09\\\/19\\\/yuzyillik-destan-ates-pazartesi-tatlisuda-sahnelenecek\\\/#article\",\"isPartOf\":{\"@id\":\"https:\\\/\\\/kuzeyinsesi.org\\\/index.php\\\/2024\\\/09\\\/19\\\/yuzyillik-destan-ates-pazartesi-tatlisuda-sahnelenecek\\\/\"},\"author\":{\"name\":\"Kuzeyin Sesi\",\"@id\":\"https:\\\/\\\/kuzeyinsesi.org\\\/#\\\/schema\\\/person\\\/9f859689cdf01485597712386e37f5aa\"},\"headline\":\"\u201cY\u00fczy\u0131ll\u0131k Destan Ate\u015f\u201d pazartesi Tatl\u0131su\u2019da sahnelenecek\",\"datePublished\":\"2024-09-19T07:23:50+00:00\",\"mainEntityOfPage\":{\"@id\":\"https:\\\/\\\/kuzeyinsesi.org\\\/index.php\\\/2024\\\/09\\\/19\\\/yuzyillik-destan-ates-pazartesi-tatlisuda-sahnelenecek\\\/\"},\"wordCount\":166,\"commentCount\":0,\"image\":{\"@id\":\"https:\\\/\\\/kuzeyinsesi.org\\\/index.php\\\/2024\\\/09\\\/19\\\/yuzyillik-destan-ates-pazartesi-tatlisuda-sahnelenecek\\\/#primaryimage\"},\"thumbnailUrl\":\"https:\\\/\\\/kuzeyinsesi.org\\\/wp-content\\\/uploads\\\/2024\\\/09\\\/DESTANNNNNNNNNNNNNNN.jpeg\",\"articleSection\":[\"Ya\u015fam\"],\"inLanguage\":\"tr\",\"potentialAction\":[{\"@type\":\"CommentAction\",\"name\":\"Comment\",\"target\":[\"https:\\\/\\\/kuzeyinsesi.org\\\/index.php\\\/2024\\\/09\\\/19\\\/yuzyillik-destan-ates-pazartesi-tatlisuda-sahnelenecek\\\/#respond\"]}]},{\"@type\":\"WebPage\",\"@id\":\"https:\\\/\\\/kuzeyinsesi.org\\\/index.php\\\/2024\\\/09\\\/19\\\/yuzyillik-destan-ates-pazartesi-tatlisuda-sahnelenecek\\\/\",\"url\":\"https:\\\/\\\/kuzeyinsesi.org\\\/index.php\\\/2024\\\/09\\\/19\\\/yuzyillik-destan-ates-pazartesi-tatlisuda-sahnelenecek\\\/\",\"name\":\"\u201cY\u00fczy\u0131ll\u0131k Destan Ate\u015f\u201d pazartesi Tatl\u0131su\u2019da sahnelenecek - Kuzeyin Sesi\",\"isPartOf\":{\"@id\":\"https:\\\/\\\/kuzeyinsesi.org\\\/#website\"},\"primaryImageOfPage\":{\"@id\":\"https:\\\/\\\/kuzeyinsesi.org\\\/index.php\\\/2024\\\/09\\\/19\\\/yuzyillik-destan-ates-pazartesi-tatlisuda-sahnelenecek\\\/#primaryimage\"},\"image\":{\"@id\":\"https:\\\/\\\/kuzeyinsesi.org\\\/index.php\\\/2024\\\/09\\\/19\\\/yuzyillik-destan-ates-pazartesi-tatlisuda-sahnelenecek\\\/#primaryimage\"},\"thumbnailUrl\":\"https:\\\/\\\/kuzeyinsesi.org\\\/wp-content\\\/uploads\\\/2024\\\/09\\\/DESTANNNNNNNNNNNNNNN.jpeg\",\"datePublished\":\"2024-09-19T07:23:50+00:00\",\"author\":{\"@id\":\"https:\\\/\\\/kuzeyinsesi.org\\\/#\\\/schema\\\/person\\\/9f859689cdf01485597712386e37f5aa\"},\"breadcrumb\":{\"@id\":\"https:\\\/\\\/kuzeyinsesi.org\\\/index.php\\\/2024\\\/09\\\/19\\\/yuzyillik-destan-ates-pazartesi-tatlisuda-sahnelenecek\\\/#breadcrumb\"},\"inLanguage\":\"tr\",\"potentialAction\":[{\"@type\":\"ReadAction\",\"target\":[\"https:\\\/\\\/kuzeyinsesi.org\\\/index.php\\\/2024\\\/09\\\/19\\\/yuzyillik-destan-ates-pazartesi-tatlisuda-sahnelenecek\\\/\"]}]},{\"@type\":\"ImageObject\",\"inLanguage\":\"tr\",\"@id\":\"https:\\\/\\\/kuzeyinsesi.org\\\/index.php\\\/2024\\\/09\\\/19\\\/yuzyillik-destan-ates-pazartesi-tatlisuda-sahnelenecek\\\/#primaryimage\",\"url\":\"https:\\\/\\\/kuzeyinsesi.org\\\/wp-content\\\/uploads\\\/2024\\\/09\\\/DESTANNNNNNNNNNNNNNN.jpeg\",\"contentUrl\":\"https:\\\/\\\/kuzeyinsesi.org\\\/wp-content\\\/uploads\\\/2024\\\/09\\\/DESTANNNNNNNNNNNNNNN.jpeg\",\"width\":930,\"height\":410},{\"@type\":\"BreadcrumbList\",\"@id\":\"https:\\\/\\\/kuzeyinsesi.org\\\/index.php\\\/2024\\\/09\\\/19\\\/yuzyillik-destan-ates-pazartesi-tatlisuda-sahnelenecek\\\/#breadcrumb\",\"itemListElement\":[{\"@type\":\"ListItem\",\"position\":1,\"name\":\"Anasayfa\",\"item\":\"https:\\\/\\\/kuzeyinsesi.org\\\/\"},{\"@type\":\"ListItem\",\"position\":2,\"name\":\"\u201cY\u00fczy\u0131ll\u0131k Destan Ate\u015f\u201d pazartesi Tatl\u0131su\u2019da sahnelenecek\"}]},{\"@type\":\"WebSite\",\"@id\":\"https:\\\/\\\/kuzeyinsesi.org\\\/#website\",\"url\":\"https:\\\/\\\/kuzeyinsesi.org\\\/\",\"name\":\"Kuzeyin Sesi\",\"description\":\"Do\u011fru Haberin Adresi\",\"potentialAction\":[{\"@type\":\"SearchAction\",\"target\":{\"@type\":\"EntryPoint\",\"urlTemplate\":\"https:\\\/\\\/kuzeyinsesi.org\\\/?s={search_term_string}\"},\"query-input\":{\"@type\":\"PropertyValueSpecification\",\"valueRequired\":true,\"valueName\":\"search_term_string\"}}],\"inLanguage\":\"tr\"},{\"@type\":\"Person\",\"@id\":\"https:\\\/\\\/kuzeyinsesi.org\\\/#\\\/schema\\\/person\\\/9f859689cdf01485597712386e37f5aa\",\"name\":\"Kuzeyin Sesi\",\"image\":{\"@type\":\"ImageObject\",\"inLanguage\":\"tr\",\"@id\":\"https:\\\/\\\/secure.gravatar.com\\\/avatar\\\/bab33852abfd8b282518d6ed81826833d77c3c882d9ab608add591ccace47a44?s=96&d=mm&r=g\",\"url\":\"https:\\\/\\\/secure.gravatar.com\\\/avatar\\\/bab33852abfd8b282518d6ed81826833d77c3c882d9ab608add591ccace47a44?s=96&d=mm&r=g\",\"contentUrl\":\"https:\\\/\\\/secure.gravatar.com\\\/avatar\\\/bab33852abfd8b282518d6ed81826833d77c3c882d9ab608add591ccace47a44?s=96&d=mm&r=g\",\"caption\":\"Kuzeyin Sesi\"},\"sameAs\":[\"https:\\\/\\\/kuzeyinsesi.org\"],\"url\":\"https:\\\/\\\/kuzeyinsesi.org\\\/index.php\\\/author\\\/guven\\\/\"}]}<\/script>\n<!-- \/ Yoast SEO plugin. -->","yoast_head_json":{"title":"\u201cY\u00fczy\u0131ll\u0131k Destan Ate\u015f\u201d pazartesi Tatl\u0131su\u2019da sahnelenecek - Kuzeyin Sesi","robots":{"index":"index","follow":"follow","max-snippet":"max-snippet:-1","max-image-preview":"max-image-preview:large","max-video-preview":"max-video-preview:-1"},"canonical":"https:\/\/kuzeyinsesi.org\/index.php\/2024\/09\/19\/yuzyillik-destan-ates-pazartesi-tatlisuda-sahnelenecek\/","og_locale":"tr_TR","og_type":"article","og_title":"\u201cY\u00fczy\u0131ll\u0131k Destan Ate\u015f\u201d pazartesi Tatl\u0131su\u2019da sahnelenecek - Kuzeyin Sesi","og_description":"T\u00fcrkiye Devlet Tiyatrolar\u0131\u2019n\u0131n \u201cY\u00fczy\u0131ll\u0131k Destan Ate\u015f\u201d oyunu, 23 Eyl\u00fcl Pazartesi ak\u015fam\u0131 saat 20.00\u2019de Tatl\u0131su\u2019da sahnelenecek. Ba\u015fbakan Yard\u0131mc\u0131l\u0131\u011f\u0131 Turizm, K\u00fclt\u00fcr, Gen\u00e7lik ve \u00c7evre Bakanl\u0131\u011f\u0131, K\u0131br\u0131s T\u00fcrk Devlet Tiyatrolar\u0131 ile T\u00fcrkiye Cumhuriyeti K\u00fclt\u00fcr ve Turizm Bakanl\u0131\u011f\u0131, Devlet Tiyatrolar\u0131 i\u015f birli\u011finde Tatl\u0131su\u2019da k\u00f6y meydan\u0131nda sahnelenecek oyun, \u00fccretsiz ve halka a\u00e7\u0131k olacak. Y\u00f6netmenli\u011fini Bar\u0131\u015f Erdenk, metin yazarl\u0131\u011f\u0131n\u0131 Haluk \u00d6zen\u00e7\u2019in [&hellip;]","og_url":"https:\/\/kuzeyinsesi.org\/index.php\/2024\/09\/19\/yuzyillik-destan-ates-pazartesi-tatlisuda-sahnelenecek\/","og_site_name":"Kuzeyin Sesi","article_publisher":"https:\/\/www.facebook.com\/kuzeyinsesii","article_published_time":"2024-09-19T07:23:50+00:00","og_image":[{"url":"https:\/\/brtk.net\/wp-content\/uploads\/2024\/09\/19\/DESTANNNNNNNNNNNNNNN.jpeg?ver=8cd6374f1a28be3568382ee0e05eec72","type":"","width":"","height":""}],"author":"Kuzeyin Sesi","twitter_card":"summary_large_image","twitter_creator":"@kuzeyinsesii","twitter_site":"@kuzeyinsesii","twitter_misc":{"Yazan:":"Kuzeyin Sesi","Tahmini okuma s\u00fcresi":"1 dakika"},"schema":{"@context":"https:\/\/schema.org","@graph":[{"@type":"Article","@id":"https:\/\/kuzeyinsesi.org\/index.php\/2024\/09\/19\/yuzyillik-destan-ates-pazartesi-tatlisuda-sahnelenecek\/#article","isPartOf":{"@id":"https:\/\/kuzeyinsesi.org\/index.php\/2024\/09\/19\/yuzyillik-destan-ates-pazartesi-tatlisuda-sahnelenecek\/"},"author":{"name":"Kuzeyin Sesi","@id":"https:\/\/kuzeyinsesi.org\/#\/schema\/person\/9f859689cdf01485597712386e37f5aa"},"headline":"\u201cY\u00fczy\u0131ll\u0131k Destan Ate\u015f\u201d pazartesi Tatl\u0131su\u2019da sahnelenecek","datePublished":"2024-09-19T07:23:50+00:00","mainEntityOfPage":{"@id":"https:\/\/kuzeyinsesi.org\/index.php\/2024\/09\/19\/yuzyillik-destan-ates-pazartesi-tatlisuda-sahnelenecek\/"},"wordCount":166,"commentCount":0,"image":{"@id":"https:\/\/kuzeyinsesi.org\/index.php\/2024\/09\/19\/yuzyillik-destan-ates-pazartesi-tatlisuda-sahnelenecek\/#primaryimage"},"thumbnailUrl":"https:\/\/kuzeyinsesi.org\/wp-content\/uploads\/2024\/09\/DESTANNNNNNNNNNNNNNN.jpeg","articleSection":["Ya\u015fam"],"inLanguage":"tr","potentialAction":[{"@type":"CommentAction","name":"Comment","target":["https:\/\/kuzeyinsesi.org\/index.php\/2024\/09\/19\/yuzyillik-destan-ates-pazartesi-tatlisuda-sahnelenecek\/#respond"]}]},{"@type":"WebPage","@id":"https:\/\/kuzeyinsesi.org\/index.php\/2024\/09\/19\/yuzyillik-destan-ates-pazartesi-tatlisuda-sahnelenecek\/","url":"https:\/\/kuzeyinsesi.org\/index.php\/2024\/09\/19\/yuzyillik-destan-ates-pazartesi-tatlisuda-sahnelenecek\/","name":"\u201cY\u00fczy\u0131ll\u0131k Destan Ate\u015f\u201d pazartesi Tatl\u0131su\u2019da sahnelenecek - Kuzeyin Sesi","isPartOf":{"@id":"https:\/\/kuzeyinsesi.org\/#website"},"primaryImageOfPage":{"@id":"https:\/\/kuzeyinsesi.org\/index.php\/2024\/09\/19\/yuzyillik-destan-ates-pazartesi-tatlisuda-sahnelenecek\/#primaryimage"},"image":{"@id":"https:\/\/kuzeyinsesi.org\/index.php\/2024\/09\/19\/yuzyillik-destan-ates-pazartesi-tatlisuda-sahnelenecek\/#primaryimage"},"thumbnailUrl":"https:\/\/kuzeyinsesi.org\/wp-content\/uploads\/2024\/09\/DESTANNNNNNNNNNNNNNN.jpeg","datePublished":"2024-09-19T07:23:50+00:00","author":{"@id":"https:\/\/kuzeyinsesi.org\/#\/schema\/person\/9f859689cdf01485597712386e37f5aa"},"breadcrumb":{"@id":"https:\/\/kuzeyinsesi.org\/index.php\/2024\/09\/19\/yuzyillik-destan-ates-pazartesi-tatlisuda-sahnelenecek\/#breadcrumb"},"inLanguage":"tr","potentialAction":[{"@type":"ReadAction","target":["https:\/\/kuzeyinsesi.org\/index.php\/2024\/09\/19\/yuzyillik-destan-ates-pazartesi-tatlisuda-sahnelenecek\/"]}]},{"@type":"ImageObject","inLanguage":"tr","@id":"https:\/\/kuzeyinsesi.org\/index.php\/2024\/09\/19\/yuzyillik-destan-ates-pazartesi-tatlisuda-sahnelenecek\/#primaryimage","url":"https:\/\/kuzeyinsesi.org\/wp-content\/uploads\/2024\/09\/DESTANNNNNNNNNNNNNNN.jpeg","contentUrl":"https:\/\/kuzeyinsesi.org\/wp-content\/uploads\/2024\/09\/DESTANNNNNNNNNNNNNNN.jpeg","width":930,"height":410},{"@type":"BreadcrumbList","@id":"https:\/\/kuzeyinsesi.org\/index.php\/2024\/09\/19\/yuzyillik-destan-ates-pazartesi-tatlisuda-sahnelenecek\/#breadcrumb","itemListElement":[{"@type":"ListItem","position":1,"name":"Anasayfa","item":"https:\/\/kuzeyinsesi.org\/"},{"@type":"ListItem","position":2,"name":"\u201cY\u00fczy\u0131ll\u0131k Destan Ate\u015f\u201d pazartesi Tatl\u0131su\u2019da sahnelenecek"}]},{"@type":"WebSite","@id":"https:\/\/kuzeyinsesi.org\/#website","url":"https:\/\/kuzeyinsesi.org\/","name":"Kuzeyin Sesi","description":"Do\u011fru Haberin Adresi","potentialAction":[{"@type":"SearchAction","target":{"@type":"EntryPoint","urlTemplate":"https:\/\/kuzeyinsesi.org\/?s={search_term_string}"},"query-input":{"@type":"PropertyValueSpecification","valueRequired":true,"valueName":"search_term_string"}}],"inLanguage":"tr"},{"@type":"Person","@id":"https:\/\/kuzeyinsesi.org\/#\/schema\/person\/9f859689cdf01485597712386e37f5aa","name":"Kuzeyin Sesi","image":{"@type":"ImageObject","inLanguage":"tr","@id":"https:\/\/secure.gravatar.com\/avatar\/bab33852abfd8b282518d6ed81826833d77c3c882d9ab608add591ccace47a44?s=96&d=mm&r=g","url":"https:\/\/secure.gravatar.com\/avatar\/bab33852abfd8b282518d6ed81826833d77c3c882d9ab608add591ccace47a44?s=96&d=mm&r=g","contentUrl":"https:\/\/secure.gravatar.com\/avatar\/bab33852abfd8b282518d6ed81826833d77c3c882d9ab608add591ccace47a44?s=96&d=mm&r=g","caption":"Kuzeyin Sesi"},"sameAs":["https:\/\/kuzeyinsesi.org"],"url":"https:\/\/kuzeyinsesi.org\/index.php\/author\/guven\/"}]}},"_links":{"self":[{"href":"https:\/\/kuzeyinsesi.org\/index.php\/wp-json\/wp\/v2\/posts\/9976","targetHints":{"allow":["GET"]}}],"collection":[{"href":"https:\/\/kuzeyinsesi.org\/index.php\/wp-json\/wp\/v2\/posts"}],"about":[{"href":"https:\/\/kuzeyinsesi.org\/index.php\/wp-json\/wp\/v2\/types\/post"}],"author":[{"embeddable":true,"href":"https:\/\/kuzeyinsesi.org\/index.php\/wp-json\/wp\/v2\/users\/1"}],"replies":[{"embeddable":true,"href":"https:\/\/kuzeyinsesi.org\/index.php\/wp-json\/wp\/v2\/comments?post=9976"}],"version-history":[{"count":0,"href":"https:\/\/kuzeyinsesi.org\/index.php\/wp-json\/wp\/v2\/posts\/9976\/revisions"}],"wp:featuredmedia":[{"embeddable":true,"href":"https:\/\/kuzeyinsesi.org\/index.php\/wp-json\/wp\/v2\/media\/9977"}],"wp:attachment":[{"href":"https:\/\/kuzeyinsesi.org\/index.php\/wp-json\/wp\/v2\/media?parent=9976"}],"wp:term":[{"taxonomy":"category","embeddable":true,"href":"https:\/\/kuzeyinsesi.org\/index.php\/wp-json\/wp\/v2\/categories?post=9976"},{"taxonomy":"post_tag","embeddable":true,"href":"https:\/\/kuzeyinsesi.org\/index.php\/wp-json\/wp\/v2\/tags?post=9976"}],"curies":[{"name":"wp","href":"https:\/\/api.w.org\/{rel}","templated":true}]}}