{"id":994,"date":"2024-04-30T13:01:24","date_gmt":"2024-04-30T10:01:24","guid":{"rendered":"https:\/\/kuzeyinsesi.com\/index.php\/2024\/04\/30\/cumhurbaskani-tatar-turkiyenin-lefkosa-buyukelcisi-feyzioglu-ve-kei-koordinatoru-ozu-kabul-etti\/"},"modified":"2024-04-30T13:01:24","modified_gmt":"2024-04-30T10:01:24","slug":"cumhurbaskani-tatar-turkiyenin-lefkosa-buyukelcisi-feyzioglu-ve-kei-koordinatoru-ozu-kabul-etti","status":"publish","type":"post","link":"https:\/\/kuzeyinsesi.org\/index.php\/2024\/04\/30\/cumhurbaskani-tatar-turkiyenin-lefkosa-buyukelcisi-feyzioglu-ve-kei-koordinatoru-ozu-kabul-etti\/","title":{"rendered":"Cumhurba\u015fkan\u0131 Tatar, T\u00fcrkiye\u2019nin Lefko\u015fa B\u00fcy\u00fckel\u00e7isi Feyzio\u011flu ve KE\u0130 Koordinat\u00f6r\u00fc \u00d6z\u2019\u00fc kabul etti"},"content":{"rendered":"<div>\n<div class=\"mariselle-image-container center\">\n                                            <\/div>\n<p>T\u00fcrkiye\u2019nin Lefko\u015fa B\u00fcy\u00fckel\u00e7isi Metin Feyzio\u011flu ile Kalk\u0131nma ve Ekonomik \u0130\u015fbirli\u011fi (KE\u0130) Ofisi Koordinat\u00f6r\u00fc Erol \u00d6z, Cumhurba\u015fkan\u0131 Ersin Tatar\u2018a nezaket ziyaretinde bulundu.<\/p>\n<p>Ziyaret s\u0131ras\u0131nda Ekonomik ve Mali \u0130\u015fbirli\u011fi Protokol\u00fc, KKTC\u2019nin ekonomik d\u00f6n\u00fc\u015f\u00fcm\u00fcne T\u00fcrkiye\u2019nin sa\u011flayaca\u011f\u0131 katk\u0131 gibi konular ele al\u0131nd\u0131.<\/p>\n<p>Ziyarette konu\u015fan Cumhurba\u015fkan\u0131 Ersin Tatar, Maliye Bakanl\u0131\u011f\u0131 d\u00f6neminde o d\u00f6nemde el\u00e7ilikte Maliye M\u00fc\u015faviri olan Erol \u00d6z ile \u00e7al\u0131\u015fma imkan\u0131 buldu\u011funu hat\u0131rlatt\u0131. Kaynaklar\u0131n insanlara dokunan, iyi et\u00fct edilmi\u015f projelere kamusal fayday\u0131 esas alacak \u015fekilde kullan\u0131lmas\u0131n\u0131n \u00f6nemine de\u011finen Ersin Tatar, birlikte \u00e7al\u0131\u015farak ekonomide \u00f6nemli ad\u0131mlar\u0131n at\u0131labilece\u011fini s\u00f6yledi.<\/p>\n<p>B\u00fcy\u00fckel\u00e7i Metin Feyzio\u011flu da tecr\u00fcbeli bir b\u00fcrokrat\u0131n tekrar g\u00f6rev almas\u0131n\u0131n \u00f6nemini vurgulad\u0131.<\/p>\n<p>KE\u0130 Koordinat\u00f6r\u00fc Erol \u00d6z de,  Cumhurba\u015fkan\u0131 Tatar\u2019\u0131n, ge\u00e7mi\u015fte yapt\u0131\u011f\u0131 \u00f6nemli d\u00fczenlemeleri yak\u0131nen m\u00fc\u015fahede etti\u011fini ve kamu maliyesi alan\u0131nda yapt\u0131\u011f\u0131 d\u00fczenlemelerin ekonomide uzun y\u0131llar olumlu etkisinin g\u00f6r\u00fcld\u00fc\u011f\u00fcn\u00fc ifade etti. Erol \u00d6z, Ankara\u2019dan T\u00fcrkiye Cumhurba\u015fkan\u0131 Yard\u0131mc\u0131s\u0131 Cevdet Y\u0131lmaz\u2019\u0131n ve Maliye Bakan\u0131 Say\u0131n Mehmet \u015eim\u015fek\u2019in \u00f6zel selamlar\u0131n\u0131 Say\u0131n Ersin Tatar\u2018a getirdi\u011fini de ifade etti.<\/p>\n<p>Ekonomik ve Mali \u0130\u015fbirli\u011fi Protokollerinin uygulanmas\u0131 ve T\u00fcrkiye Cumhuriyeti\u2019nin finanse etti\u011fi projelerinin hayata ge\u00e7mesi i\u00e7in \u00e7al\u0131\u015fmalar\u0131n\u0131 y\u00fcr\u00fcten KE\u0130 ofisinin yeni ba\u015fkan\u0131 Erol \u00d6z, 2010-13 y\u0131llar\u0131nda Cumhurba\u015fkan\u0131 Ersin Tatar\u2019\u0131n Maliye Bakan\u0131 oldu\u011fu d\u00f6nemde T\u00fcrkiye Cumhuriyeti B\u00fcy\u00fckel\u00e7ili\u011fi\u2019nde o d\u00f6nemdeki yap\u0131sal reformlar\u0131n ger\u00e7ekle\u015fmesi i\u00e7in ekonomi m\u00fc\u015faviri olarak g\u00f6rev yapm\u0131\u015ft\u0131.<\/p>\n<\/p><\/div>\n<p><script async\n                    defer\n                    crossorigin=\"anonymous\"\n                    src=\"https:\/\/connect.facebook.net\/tr_TR\/sdk.js#xfbml=1&#038;version=v3.3\"\n            ><\/script><\/p>\n","protected":false},"excerpt":{"rendered":"<p>T\u00fcrkiye\u2019nin Lefko\u015fa B\u00fcy\u00fckel\u00e7isi Metin Feyzio\u011flu ile Kalk\u0131nma ve Ekonomik \u0130\u015fbirli\u011fi (KE\u0130) Ofisi Koordinat\u00f6r\u00fc Erol \u00d6z, Cumhurba\u015fkan\u0131 Ersin Tatar\u2018a nezaket ziyaretinde bulundu. Ziyaret s\u0131ras\u0131nda Ekonomik ve Mali \u0130\u015fbirli\u011fi Protokol\u00fc, KKTC\u2019nin ekonomik d\u00f6n\u00fc\u015f\u00fcm\u00fcne T\u00fcrkiye\u2019nin sa\u011flayaca\u011f\u0131 katk\u0131 gibi konular ele al\u0131nd\u0131. Ziyarette konu\u015fan Cumhurba\u015fkan\u0131 Ersin Tatar, Maliye Bakanl\u0131\u011f\u0131 d\u00f6neminde o d\u00f6nemde el\u00e7ilikte Maliye M\u00fc\u015faviri olan Erol \u00d6z ile [&hellip;]<\/p>\n","protected":false},"author":1,"featured_media":995,"comment_status":"open","ping_status":"open","sticky":false,"template":"","format":"standard","meta":{"jnews-multi-image_gallery":[],"jnews_single_post":[],"jnews_primary_category":[],"jnews_social_meta":[],"jnews_override_counter":[],"footnotes":""},"categories":[1],"tags":[],"class_list":["post-994","post","type-post","status-publish","format-standard","has-post-thumbnail","hentry","category-kibris"],"yoast_head":"<!-- This site is optimized with the Yoast SEO plugin v27.5 - https:\/\/yoast.com\/product\/yoast-seo-wordpress\/ -->\n<title>Cumhurba\u015fkan\u0131 Tatar, T\u00fcrkiye\u2019nin Lefko\u015fa B\u00fcy\u00fckel\u00e7isi Feyzio\u011flu ve KE\u0130 Koordinat\u00f6r\u00fc \u00d6z\u2019\u00fc kabul etti - Kuzeyin Sesi<\/title>\n<meta name=\"robots\" content=\"index, follow, max-snippet:-1, max-image-preview:large, max-video-preview:-1\" \/>\n<link rel=\"canonical\" href=\"https:\/\/kuzeyinsesi.org\/index.php\/2024\/04\/30\/cumhurbaskani-tatar-turkiyenin-lefkosa-buyukelcisi-feyzioglu-ve-kei-koordinatoru-ozu-kabul-etti\/\" \/>\n<meta property=\"og:locale\" content=\"tr_TR\" \/>\n<meta property=\"og:type\" content=\"article\" \/>\n<meta property=\"og:title\" content=\"Cumhurba\u015fkan\u0131 Tatar, T\u00fcrkiye\u2019nin Lefko\u015fa B\u00fcy\u00fckel\u00e7isi Feyzio\u011flu ve KE\u0130 Koordinat\u00f6r\u00fc \u00d6z\u2019\u00fc kabul etti - Kuzeyin Sesi\" \/>\n<meta property=\"og:description\" content=\"T\u00fcrkiye\u2019nin Lefko\u015fa B\u00fcy\u00fckel\u00e7isi Metin Feyzio\u011flu ile Kalk\u0131nma ve Ekonomik \u0130\u015fbirli\u011fi (KE\u0130) Ofisi Koordinat\u00f6r\u00fc Erol \u00d6z, Cumhurba\u015fkan\u0131 Ersin Tatar\u2018a nezaket ziyaretinde bulundu. Ziyaret s\u0131ras\u0131nda Ekonomik ve Mali \u0130\u015fbirli\u011fi Protokol\u00fc, KKTC\u2019nin ekonomik d\u00f6n\u00fc\u015f\u00fcm\u00fcne T\u00fcrkiye\u2019nin sa\u011flayaca\u011f\u0131 katk\u0131 gibi konular ele al\u0131nd\u0131. Ziyarette konu\u015fan Cumhurba\u015fkan\u0131 Ersin Tatar, Maliye Bakanl\u0131\u011f\u0131 d\u00f6neminde o d\u00f6nemde el\u00e7ilikte Maliye M\u00fc\u015faviri olan Erol \u00d6z ile [&hellip;]\" \/>\n<meta property=\"og:url\" content=\"https:\/\/kuzeyinsesi.org\/index.php\/2024\/04\/30\/cumhurbaskani-tatar-turkiyenin-lefkosa-buyukelcisi-feyzioglu-ve-kei-koordinatoru-ozu-kabul-etti\/\" \/>\n<meta property=\"og:site_name\" content=\"Kuzeyin Sesi\" \/>\n<meta property=\"article:publisher\" content=\"https:\/\/www.facebook.com\/kuzeyinsesii\" \/>\n<meta property=\"article:published_time\" content=\"2024-04-30T10:01:24+00:00\" \/>\n<meta property=\"og:image\" content=\"https:\/\/kuzeyinsesi.org\/wp-content\/uploads\/2024\/04\/csjaljf1.jpg\" \/>\n\t<meta property=\"og:image:width\" content=\"1600\" \/>\n\t<meta property=\"og:image:height\" content=\"1066\" \/>\n\t<meta property=\"og:image:type\" content=\"image\/jpeg\" \/>\n<meta name=\"author\" content=\"Kuzeyin Sesi\" \/>\n<meta name=\"twitter:card\" content=\"summary_large_image\" \/>\n<meta name=\"twitter:creator\" content=\"@kuzeyinsesii\" \/>\n<meta name=\"twitter:site\" content=\"@kuzeyinsesii\" \/>\n<meta name=\"twitter:label1\" content=\"Yazan:\" \/>\n\t<meta name=\"twitter:data1\" content=\"Kuzeyin Sesi\" \/>\n\t<meta name=\"twitter:label2\" content=\"Tahmini okuma s\u00fcresi\" \/>\n\t<meta name=\"twitter:data2\" content=\"2 dakika\" \/>\n<script type=\"application\/ld+json\" class=\"yoast-schema-graph\">{\"@context\":\"https:\\\/\\\/schema.org\",\"@graph\":[{\"@type\":\"Article\",\"@id\":\"https:\\\/\\\/kuzeyinsesi.org\\\/index.php\\\/2024\\\/04\\\/30\\\/cumhurbaskani-tatar-turkiyenin-lefkosa-buyukelcisi-feyzioglu-ve-kei-koordinatoru-ozu-kabul-etti\\\/#article\",\"isPartOf\":{\"@id\":\"https:\\\/\\\/kuzeyinsesi.org\\\/index.php\\\/2024\\\/04\\\/30\\\/cumhurbaskani-tatar-turkiyenin-lefkosa-buyukelcisi-feyzioglu-ve-kei-koordinatoru-ozu-kabul-etti\\\/\"},\"author\":{\"name\":\"Kuzeyin Sesi\",\"@id\":\"https:\\\/\\\/kuzeyinsesi.org\\\/#\\\/schema\\\/person\\\/9f859689cdf01485597712386e37f5aa\"},\"headline\":\"Cumhurba\u015fkan\u0131 Tatar, T\u00fcrkiye\u2019nin Lefko\u015fa B\u00fcy\u00fckel\u00e7isi Feyzio\u011flu ve KE\u0130 Koordinat\u00f6r\u00fc \u00d6z\u2019\u00fc kabul etti\",\"datePublished\":\"2024-04-30T10:01:24+00:00\",\"mainEntityOfPage\":{\"@id\":\"https:\\\/\\\/kuzeyinsesi.org\\\/index.php\\\/2024\\\/04\\\/30\\\/cumhurbaskani-tatar-turkiyenin-lefkosa-buyukelcisi-feyzioglu-ve-kei-koordinatoru-ozu-kabul-etti\\\/\"},\"wordCount\":328,\"commentCount\":0,\"image\":{\"@id\":\"https:\\\/\\\/kuzeyinsesi.org\\\/index.php\\\/2024\\\/04\\\/30\\\/cumhurbaskani-tatar-turkiyenin-lefkosa-buyukelcisi-feyzioglu-ve-kei-koordinatoru-ozu-kabul-etti\\\/#primaryimage\"},\"thumbnailUrl\":\"https:\\\/\\\/kuzeyinsesi.org\\\/wp-content\\\/uploads\\\/2024\\\/04\\\/csjaljf1.jpg\",\"articleSection\":[\"K\u0131br\u0131s\"],\"inLanguage\":\"tr\",\"potentialAction\":[{\"@type\":\"CommentAction\",\"name\":\"Comment\",\"target\":[\"https:\\\/\\\/kuzeyinsesi.org\\\/index.php\\\/2024\\\/04\\\/30\\\/cumhurbaskani-tatar-turkiyenin-lefkosa-buyukelcisi-feyzioglu-ve-kei-koordinatoru-ozu-kabul-etti\\\/#respond\"]}]},{\"@type\":\"WebPage\",\"@id\":\"https:\\\/\\\/kuzeyinsesi.org\\\/index.php\\\/2024\\\/04\\\/30\\\/cumhurbaskani-tatar-turkiyenin-lefkosa-buyukelcisi-feyzioglu-ve-kei-koordinatoru-ozu-kabul-etti\\\/\",\"url\":\"https:\\\/\\\/kuzeyinsesi.org\\\/index.php\\\/2024\\\/04\\\/30\\\/cumhurbaskani-tatar-turkiyenin-lefkosa-buyukelcisi-feyzioglu-ve-kei-koordinatoru-ozu-kabul-etti\\\/\",\"name\":\"Cumhurba\u015fkan\u0131 Tatar, T\u00fcrkiye\u2019nin Lefko\u015fa B\u00fcy\u00fckel\u00e7isi Feyzio\u011flu ve KE\u0130 Koordinat\u00f6r\u00fc \u00d6z\u2019\u00fc kabul etti - Kuzeyin Sesi\",\"isPartOf\":{\"@id\":\"https:\\\/\\\/kuzeyinsesi.org\\\/#website\"},\"primaryImageOfPage\":{\"@id\":\"https:\\\/\\\/kuzeyinsesi.org\\\/index.php\\\/2024\\\/04\\\/30\\\/cumhurbaskani-tatar-turkiyenin-lefkosa-buyukelcisi-feyzioglu-ve-kei-koordinatoru-ozu-kabul-etti\\\/#primaryimage\"},\"image\":{\"@id\":\"https:\\\/\\\/kuzeyinsesi.org\\\/index.php\\\/2024\\\/04\\\/30\\\/cumhurbaskani-tatar-turkiyenin-lefkosa-buyukelcisi-feyzioglu-ve-kei-koordinatoru-ozu-kabul-etti\\\/#primaryimage\"},\"thumbnailUrl\":\"https:\\\/\\\/kuzeyinsesi.org\\\/wp-content\\\/uploads\\\/2024\\\/04\\\/csjaljf1.jpg\",\"datePublished\":\"2024-04-30T10:01:24+00:00\",\"author\":{\"@id\":\"https:\\\/\\\/kuzeyinsesi.org\\\/#\\\/schema\\\/person\\\/9f859689cdf01485597712386e37f5aa\"},\"breadcrumb\":{\"@id\":\"https:\\\/\\\/kuzeyinsesi.org\\\/index.php\\\/2024\\\/04\\\/30\\\/cumhurbaskani-tatar-turkiyenin-lefkosa-buyukelcisi-feyzioglu-ve-kei-koordinatoru-ozu-kabul-etti\\\/#breadcrumb\"},\"inLanguage\":\"tr\",\"potentialAction\":[{\"@type\":\"ReadAction\",\"target\":[\"https:\\\/\\\/kuzeyinsesi.org\\\/index.php\\\/2024\\\/04\\\/30\\\/cumhurbaskani-tatar-turkiyenin-lefkosa-buyukelcisi-feyzioglu-ve-kei-koordinatoru-ozu-kabul-etti\\\/\"]}]},{\"@type\":\"ImageObject\",\"inLanguage\":\"tr\",\"@id\":\"https:\\\/\\\/kuzeyinsesi.org\\\/index.php\\\/2024\\\/04\\\/30\\\/cumhurbaskani-tatar-turkiyenin-lefkosa-buyukelcisi-feyzioglu-ve-kei-koordinatoru-ozu-kabul-etti\\\/#primaryimage\",\"url\":\"https:\\\/\\\/kuzeyinsesi.org\\\/wp-content\\\/uploads\\\/2024\\\/04\\\/csjaljf1.jpg\",\"contentUrl\":\"https:\\\/\\\/kuzeyinsesi.org\\\/wp-content\\\/uploads\\\/2024\\\/04\\\/csjaljf1.jpg\",\"width\":1600,\"height\":1066},{\"@type\":\"BreadcrumbList\",\"@id\":\"https:\\\/\\\/kuzeyinsesi.org\\\/index.php\\\/2024\\\/04\\\/30\\\/cumhurbaskani-tatar-turkiyenin-lefkosa-buyukelcisi-feyzioglu-ve-kei-koordinatoru-ozu-kabul-etti\\\/#breadcrumb\",\"itemListElement\":[{\"@type\":\"ListItem\",\"position\":1,\"name\":\"Anasayfa\",\"item\":\"https:\\\/\\\/kuzeyinsesi.org\\\/\"},{\"@type\":\"ListItem\",\"position\":2,\"name\":\"Cumhurba\u015fkan\u0131 Tatar, T\u00fcrkiye\u2019nin Lefko\u015fa B\u00fcy\u00fckel\u00e7isi Feyzio\u011flu ve KE\u0130 Koordinat\u00f6r\u00fc \u00d6z\u2019\u00fc kabul etti\"}]},{\"@type\":\"WebSite\",\"@id\":\"https:\\\/\\\/kuzeyinsesi.org\\\/#website\",\"url\":\"https:\\\/\\\/kuzeyinsesi.org\\\/\",\"name\":\"Kuzeyin Sesi\",\"description\":\"Do\u011fru Haberin Adresi\",\"potentialAction\":[{\"@type\":\"SearchAction\",\"target\":{\"@type\":\"EntryPoint\",\"urlTemplate\":\"https:\\\/\\\/kuzeyinsesi.org\\\/?s={search_term_string}\"},\"query-input\":{\"@type\":\"PropertyValueSpecification\",\"valueRequired\":true,\"valueName\":\"search_term_string\"}}],\"inLanguage\":\"tr\"},{\"@type\":\"Person\",\"@id\":\"https:\\\/\\\/kuzeyinsesi.org\\\/#\\\/schema\\\/person\\\/9f859689cdf01485597712386e37f5aa\",\"name\":\"Kuzeyin Sesi\",\"image\":{\"@type\":\"ImageObject\",\"inLanguage\":\"tr\",\"@id\":\"https:\\\/\\\/secure.gravatar.com\\\/avatar\\\/bab33852abfd8b282518d6ed81826833d77c3c882d9ab608add591ccace47a44?s=96&d=mm&r=g\",\"url\":\"https:\\\/\\\/secure.gravatar.com\\\/avatar\\\/bab33852abfd8b282518d6ed81826833d77c3c882d9ab608add591ccace47a44?s=96&d=mm&r=g\",\"contentUrl\":\"https:\\\/\\\/secure.gravatar.com\\\/avatar\\\/bab33852abfd8b282518d6ed81826833d77c3c882d9ab608add591ccace47a44?s=96&d=mm&r=g\",\"caption\":\"Kuzeyin Sesi\"},\"sameAs\":[\"https:\\\/\\\/kuzeyinsesi.org\"],\"url\":\"https:\\\/\\\/kuzeyinsesi.org\\\/index.php\\\/author\\\/guven\\\/\"}]}<\/script>\n<!-- \/ Yoast SEO plugin. -->","yoast_head_json":{"title":"Cumhurba\u015fkan\u0131 Tatar, T\u00fcrkiye\u2019nin Lefko\u015fa B\u00fcy\u00fckel\u00e7isi Feyzio\u011flu ve KE\u0130 Koordinat\u00f6r\u00fc \u00d6z\u2019\u00fc kabul etti - Kuzeyin Sesi","robots":{"index":"index","follow":"follow","max-snippet":"max-snippet:-1","max-image-preview":"max-image-preview:large","max-video-preview":"max-video-preview:-1"},"canonical":"https:\/\/kuzeyinsesi.org\/index.php\/2024\/04\/30\/cumhurbaskani-tatar-turkiyenin-lefkosa-buyukelcisi-feyzioglu-ve-kei-koordinatoru-ozu-kabul-etti\/","og_locale":"tr_TR","og_type":"article","og_title":"Cumhurba\u015fkan\u0131 Tatar, T\u00fcrkiye\u2019nin Lefko\u015fa B\u00fcy\u00fckel\u00e7isi Feyzio\u011flu ve KE\u0130 Koordinat\u00f6r\u00fc \u00d6z\u2019\u00fc kabul etti - Kuzeyin Sesi","og_description":"T\u00fcrkiye\u2019nin Lefko\u015fa B\u00fcy\u00fckel\u00e7isi Metin Feyzio\u011flu ile Kalk\u0131nma ve Ekonomik \u0130\u015fbirli\u011fi (KE\u0130) Ofisi Koordinat\u00f6r\u00fc Erol \u00d6z, Cumhurba\u015fkan\u0131 Ersin Tatar\u2018a nezaket ziyaretinde bulundu. Ziyaret s\u0131ras\u0131nda Ekonomik ve Mali \u0130\u015fbirli\u011fi Protokol\u00fc, KKTC\u2019nin ekonomik d\u00f6n\u00fc\u015f\u00fcm\u00fcne T\u00fcrkiye\u2019nin sa\u011flayaca\u011f\u0131 katk\u0131 gibi konular ele al\u0131nd\u0131. Ziyarette konu\u015fan Cumhurba\u015fkan\u0131 Ersin Tatar, Maliye Bakanl\u0131\u011f\u0131 d\u00f6neminde o d\u00f6nemde el\u00e7ilikte Maliye M\u00fc\u015faviri olan Erol \u00d6z ile [&hellip;]","og_url":"https:\/\/kuzeyinsesi.org\/index.php\/2024\/04\/30\/cumhurbaskani-tatar-turkiyenin-lefkosa-buyukelcisi-feyzioglu-ve-kei-koordinatoru-ozu-kabul-etti\/","og_site_name":"Kuzeyin Sesi","article_publisher":"https:\/\/www.facebook.com\/kuzeyinsesii","article_published_time":"2024-04-30T10:01:24+00:00","og_image":[{"width":1600,"height":1066,"url":"https:\/\/kuzeyinsesi.org\/wp-content\/uploads\/2024\/04\/csjaljf1.jpg","type":"image\/jpeg"}],"author":"Kuzeyin Sesi","twitter_card":"summary_large_image","twitter_creator":"@kuzeyinsesii","twitter_site":"@kuzeyinsesii","twitter_misc":{"Yazan:":"Kuzeyin Sesi","Tahmini okuma s\u00fcresi":"2 dakika"},"schema":{"@context":"https:\/\/schema.org","@graph":[{"@type":"Article","@id":"https:\/\/kuzeyinsesi.org\/index.php\/2024\/04\/30\/cumhurbaskani-tatar-turkiyenin-lefkosa-buyukelcisi-feyzioglu-ve-kei-koordinatoru-ozu-kabul-etti\/#article","isPartOf":{"@id":"https:\/\/kuzeyinsesi.org\/index.php\/2024\/04\/30\/cumhurbaskani-tatar-turkiyenin-lefkosa-buyukelcisi-feyzioglu-ve-kei-koordinatoru-ozu-kabul-etti\/"},"author":{"name":"Kuzeyin Sesi","@id":"https:\/\/kuzeyinsesi.org\/#\/schema\/person\/9f859689cdf01485597712386e37f5aa"},"headline":"Cumhurba\u015fkan\u0131 Tatar, T\u00fcrkiye\u2019nin Lefko\u015fa B\u00fcy\u00fckel\u00e7isi Feyzio\u011flu ve KE\u0130 Koordinat\u00f6r\u00fc \u00d6z\u2019\u00fc kabul etti","datePublished":"2024-04-30T10:01:24+00:00","mainEntityOfPage":{"@id":"https:\/\/kuzeyinsesi.org\/index.php\/2024\/04\/30\/cumhurbaskani-tatar-turkiyenin-lefkosa-buyukelcisi-feyzioglu-ve-kei-koordinatoru-ozu-kabul-etti\/"},"wordCount":328,"commentCount":0,"image":{"@id":"https:\/\/kuzeyinsesi.org\/index.php\/2024\/04\/30\/cumhurbaskani-tatar-turkiyenin-lefkosa-buyukelcisi-feyzioglu-ve-kei-koordinatoru-ozu-kabul-etti\/#primaryimage"},"thumbnailUrl":"https:\/\/kuzeyinsesi.org\/wp-content\/uploads\/2024\/04\/csjaljf1.jpg","articleSection":["K\u0131br\u0131s"],"inLanguage":"tr","potentialAction":[{"@type":"CommentAction","name":"Comment","target":["https:\/\/kuzeyinsesi.org\/index.php\/2024\/04\/30\/cumhurbaskani-tatar-turkiyenin-lefkosa-buyukelcisi-feyzioglu-ve-kei-koordinatoru-ozu-kabul-etti\/#respond"]}]},{"@type":"WebPage","@id":"https:\/\/kuzeyinsesi.org\/index.php\/2024\/04\/30\/cumhurbaskani-tatar-turkiyenin-lefkosa-buyukelcisi-feyzioglu-ve-kei-koordinatoru-ozu-kabul-etti\/","url":"https:\/\/kuzeyinsesi.org\/index.php\/2024\/04\/30\/cumhurbaskani-tatar-turkiyenin-lefkosa-buyukelcisi-feyzioglu-ve-kei-koordinatoru-ozu-kabul-etti\/","name":"Cumhurba\u015fkan\u0131 Tatar, T\u00fcrkiye\u2019nin Lefko\u015fa B\u00fcy\u00fckel\u00e7isi Feyzio\u011flu ve KE\u0130 Koordinat\u00f6r\u00fc \u00d6z\u2019\u00fc kabul etti - Kuzeyin Sesi","isPartOf":{"@id":"https:\/\/kuzeyinsesi.org\/#website"},"primaryImageOfPage":{"@id":"https:\/\/kuzeyinsesi.org\/index.php\/2024\/04\/30\/cumhurbaskani-tatar-turkiyenin-lefkosa-buyukelcisi-feyzioglu-ve-kei-koordinatoru-ozu-kabul-etti\/#primaryimage"},"image":{"@id":"https:\/\/kuzeyinsesi.org\/index.php\/2024\/04\/30\/cumhurbaskani-tatar-turkiyenin-lefkosa-buyukelcisi-feyzioglu-ve-kei-koordinatoru-ozu-kabul-etti\/#primaryimage"},"thumbnailUrl":"https:\/\/kuzeyinsesi.org\/wp-content\/uploads\/2024\/04\/csjaljf1.jpg","datePublished":"2024-04-30T10:01:24+00:00","author":{"@id":"https:\/\/kuzeyinsesi.org\/#\/schema\/person\/9f859689cdf01485597712386e37f5aa"},"breadcrumb":{"@id":"https:\/\/kuzeyinsesi.org\/index.php\/2024\/04\/30\/cumhurbaskani-tatar-turkiyenin-lefkosa-buyukelcisi-feyzioglu-ve-kei-koordinatoru-ozu-kabul-etti\/#breadcrumb"},"inLanguage":"tr","potentialAction":[{"@type":"ReadAction","target":["https:\/\/kuzeyinsesi.org\/index.php\/2024\/04\/30\/cumhurbaskani-tatar-turkiyenin-lefkosa-buyukelcisi-feyzioglu-ve-kei-koordinatoru-ozu-kabul-etti\/"]}]},{"@type":"ImageObject","inLanguage":"tr","@id":"https:\/\/kuzeyinsesi.org\/index.php\/2024\/04\/30\/cumhurbaskani-tatar-turkiyenin-lefkosa-buyukelcisi-feyzioglu-ve-kei-koordinatoru-ozu-kabul-etti\/#primaryimage","url":"https:\/\/kuzeyinsesi.org\/wp-content\/uploads\/2024\/04\/csjaljf1.jpg","contentUrl":"https:\/\/kuzeyinsesi.org\/wp-content\/uploads\/2024\/04\/csjaljf1.jpg","width":1600,"height":1066},{"@type":"BreadcrumbList","@id":"https:\/\/kuzeyinsesi.org\/index.php\/2024\/04\/30\/cumhurbaskani-tatar-turkiyenin-lefkosa-buyukelcisi-feyzioglu-ve-kei-koordinatoru-ozu-kabul-etti\/#breadcrumb","itemListElement":[{"@type":"ListItem","position":1,"name":"Anasayfa","item":"https:\/\/kuzeyinsesi.org\/"},{"@type":"ListItem","position":2,"name":"Cumhurba\u015fkan\u0131 Tatar, T\u00fcrkiye\u2019nin Lefko\u015fa B\u00fcy\u00fckel\u00e7isi Feyzio\u011flu ve KE\u0130 Koordinat\u00f6r\u00fc \u00d6z\u2019\u00fc kabul etti"}]},{"@type":"WebSite","@id":"https:\/\/kuzeyinsesi.org\/#website","url":"https:\/\/kuzeyinsesi.org\/","name":"Kuzeyin Sesi","description":"Do\u011fru Haberin Adresi","potentialAction":[{"@type":"SearchAction","target":{"@type":"EntryPoint","urlTemplate":"https:\/\/kuzeyinsesi.org\/?s={search_term_string}"},"query-input":{"@type":"PropertyValueSpecification","valueRequired":true,"valueName":"search_term_string"}}],"inLanguage":"tr"},{"@type":"Person","@id":"https:\/\/kuzeyinsesi.org\/#\/schema\/person\/9f859689cdf01485597712386e37f5aa","name":"Kuzeyin Sesi","image":{"@type":"ImageObject","inLanguage":"tr","@id":"https:\/\/secure.gravatar.com\/avatar\/bab33852abfd8b282518d6ed81826833d77c3c882d9ab608add591ccace47a44?s=96&d=mm&r=g","url":"https:\/\/secure.gravatar.com\/avatar\/bab33852abfd8b282518d6ed81826833d77c3c882d9ab608add591ccace47a44?s=96&d=mm&r=g","contentUrl":"https:\/\/secure.gravatar.com\/avatar\/bab33852abfd8b282518d6ed81826833d77c3c882d9ab608add591ccace47a44?s=96&d=mm&r=g","caption":"Kuzeyin Sesi"},"sameAs":["https:\/\/kuzeyinsesi.org"],"url":"https:\/\/kuzeyinsesi.org\/index.php\/author\/guven\/"}]}},"_links":{"self":[{"href":"https:\/\/kuzeyinsesi.org\/index.php\/wp-json\/wp\/v2\/posts\/994","targetHints":{"allow":["GET"]}}],"collection":[{"href":"https:\/\/kuzeyinsesi.org\/index.php\/wp-json\/wp\/v2\/posts"}],"about":[{"href":"https:\/\/kuzeyinsesi.org\/index.php\/wp-json\/wp\/v2\/types\/post"}],"author":[{"embeddable":true,"href":"https:\/\/kuzeyinsesi.org\/index.php\/wp-json\/wp\/v2\/users\/1"}],"replies":[{"embeddable":true,"href":"https:\/\/kuzeyinsesi.org\/index.php\/wp-json\/wp\/v2\/comments?post=994"}],"version-history":[{"count":0,"href":"https:\/\/kuzeyinsesi.org\/index.php\/wp-json\/wp\/v2\/posts\/994\/revisions"}],"wp:featuredmedia":[{"embeddable":true,"href":"https:\/\/kuzeyinsesi.org\/index.php\/wp-json\/wp\/v2\/media\/995"}],"wp:attachment":[{"href":"https:\/\/kuzeyinsesi.org\/index.php\/wp-json\/wp\/v2\/media?parent=994"}],"wp:term":[{"taxonomy":"category","embeddable":true,"href":"https:\/\/kuzeyinsesi.org\/index.php\/wp-json\/wp\/v2\/categories?post=994"},{"taxonomy":"post_tag","embeddable":true,"href":"https:\/\/kuzeyinsesi.org\/index.php\/wp-json\/wp\/v2\/tags?post=994"}],"curies":[{"name":"wp","href":"https:\/\/api.w.org\/{rel}","templated":true}]}}