{"id":9938,"date":"2024-09-18T15:54:17","date_gmt":"2024-09-18T12:54:17","guid":{"rendered":"https:\/\/kuzeyinsesi.org\/index.php\/2024\/09\/18\/degirmenlik-akincilar-belediyesi-halk-danslari-toplulugu-2-choirs-and-folklore-veterans-festivaline-katildi\/"},"modified":"2024-09-18T15:54:17","modified_gmt":"2024-09-18T12:54:17","slug":"degirmenlik-akincilar-belediyesi-halk-danslari-toplulugu-2-choirs-and-folklore-veterans-festivaline-katildi","status":"publish","type":"post","link":"https:\/\/kuzeyinsesi.org\/index.php\/2024\/09\/18\/degirmenlik-akincilar-belediyesi-halk-danslari-toplulugu-2-choirs-and-folklore-veterans-festivaline-katildi\/","title":{"rendered":"De\u011firmenlik Ak\u0131nc\u0131lar Belediyesi Halk Danslar\u0131 Toplulu\u011fu \u201c2. Choirs And Folklore Veterans Festivali\u201dne kat\u0131ld\u0131"},"content":{"rendered":"<div>\n<div class=\"mariselle-image-container center\">\n                                            <\/div>\n<p>De\u011firmenlik Ak\u0131nc\u0131lar Belediyesi Halk Danslar\u0131 Toplulu\u011fu b\u00fcy\u00fck grubu, Karada\u011f\u2019\u0131n Bar \u015fehrinde d\u00fczenlenen \u201c2. Choirs And Folklore Veterans Festivali\u201dne kat\u0131ld\u0131.<\/p>\n<p>Belediye\u2019den yap\u0131lan yaz\u0131l\u0131 a\u00e7\u0131klamaya g\u00f6re, 12-16 Eyl\u00fcl tarihleri aras\u0131nda ger\u00e7ekle\u015fen ve Harmonika Master Class Derne\u011fi\u2019nin d\u00fczenledi\u011fi 2. Choirs And Folklore Veterans Festival\u2019e halk danslar\u0131 ekibi ve e\u011fitmenleri Tahir Kaptano\u011flu kat\u0131ld\u0131.<\/p>\n<p>Festivalde, halk danslar\u0131 g\u00f6sterileri ve koro dinletileri yer ald\u0131.<\/p>\n<p>Halk danslar\u0131 ekibine e\u015flik eden De\u011firmenlik Ak\u0131nc\u0131lar Belediye Ba\u015fkan\u0131 Ali Karavezirler, halk danslar\u0131 ekibinin \u00f6zelde De\u011firmenlik Ak\u0131nc\u0131lar Belediyesi\u2019ni, genelde t\u00fcm \u00fclkeyi yurt d\u0131\u015f\u0131nda temsil etmelerinden dolay\u0131 duydu\u011fu mutlulu\u011fu ve gururu dile getirerek, t\u00fcm ekibe ve e\u011fitmenlerine te\u015fekk\u00fcr etti.<\/p>\n<\/p><\/div>\n<p><script async\n                    defer\n                    crossorigin=\"anonymous\"\n                    src=\"https:\/\/connect.facebook.net\/tr_TR\/sdk.js#xfbml=1&#038;version=v3.3\"\n            ><\/script><\/p>\n","protected":false},"excerpt":{"rendered":"<p>De\u011firmenlik Ak\u0131nc\u0131lar Belediyesi Halk Danslar\u0131 Toplulu\u011fu b\u00fcy\u00fck grubu, Karada\u011f\u2019\u0131n Bar \u015fehrinde d\u00fczenlenen \u201c2. Choirs And Folklore Veterans Festivali\u201dne kat\u0131ld\u0131. Belediye\u2019den yap\u0131lan yaz\u0131l\u0131 a\u00e7\u0131klamaya g\u00f6re, 12-16 Eyl\u00fcl tarihleri aras\u0131nda ger\u00e7ekle\u015fen ve Harmonika Master Class Derne\u011fi\u2019nin d\u00fczenledi\u011fi 2. Choirs And Folklore Veterans Festival\u2019e halk danslar\u0131 ekibi ve e\u011fitmenleri Tahir Kaptano\u011flu kat\u0131ld\u0131. Festivalde, halk danslar\u0131 g\u00f6sterileri ve koro [&hellip;]<\/p>\n","protected":false},"author":1,"featured_media":9939,"comment_status":"open","ping_status":"open","sticky":false,"template":"","format":"standard","meta":{"jnews-multi-image_gallery":[],"jnews_single_post":[],"jnews_primary_category":[],"jnews_social_meta":[],"jnews_override_counter":[],"footnotes":""},"categories":[6],"tags":[],"class_list":["post-9938","post","type-post","status-publish","format-standard","has-post-thumbnail","hentry","category-yasam"],"yoast_head":"<!-- This site is optimized with the Yoast SEO plugin v27.5 - https:\/\/yoast.com\/product\/yoast-seo-wordpress\/ -->\n<title>De\u011firmenlik Ak\u0131nc\u0131lar Belediyesi Halk Danslar\u0131 Toplulu\u011fu \u201c2. Choirs And Folklore Veterans Festivali\u201dne kat\u0131ld\u0131 - Kuzeyin Sesi<\/title>\n<meta name=\"robots\" content=\"index, follow, max-snippet:-1, max-image-preview:large, max-video-preview:-1\" \/>\n<link rel=\"canonical\" href=\"https:\/\/kuzeyinsesi.org\/index.php\/2024\/09\/18\/degirmenlik-akincilar-belediyesi-halk-danslari-toplulugu-2-choirs-and-folklore-veterans-festivaline-katildi\/\" \/>\n<meta property=\"og:locale\" content=\"tr_TR\" \/>\n<meta property=\"og:type\" content=\"article\" \/>\n<meta property=\"og:title\" content=\"De\u011firmenlik Ak\u0131nc\u0131lar Belediyesi Halk Danslar\u0131 Toplulu\u011fu \u201c2. Choirs And Folklore Veterans Festivali\u201dne kat\u0131ld\u0131 - Kuzeyin Sesi\" \/>\n<meta property=\"og:description\" content=\"De\u011firmenlik Ak\u0131nc\u0131lar Belediyesi Halk Danslar\u0131 Toplulu\u011fu b\u00fcy\u00fck grubu, Karada\u011f\u2019\u0131n Bar \u015fehrinde d\u00fczenlenen \u201c2. Choirs And Folklore Veterans Festivali\u201dne kat\u0131ld\u0131. Belediye\u2019den yap\u0131lan yaz\u0131l\u0131 a\u00e7\u0131klamaya g\u00f6re, 12-16 Eyl\u00fcl tarihleri aras\u0131nda ger\u00e7ekle\u015fen ve Harmonika Master Class Derne\u011fi\u2019nin d\u00fczenledi\u011fi 2. Choirs And Folklore Veterans Festival\u2019e halk danslar\u0131 ekibi ve e\u011fitmenleri Tahir Kaptano\u011flu kat\u0131ld\u0131. Festivalde, halk danslar\u0131 g\u00f6sterileri ve koro [&hellip;]\" \/>\n<meta property=\"og:url\" content=\"https:\/\/kuzeyinsesi.org\/index.php\/2024\/09\/18\/degirmenlik-akincilar-belediyesi-halk-danslari-toplulugu-2-choirs-and-folklore-veterans-festivaline-katildi\/\" \/>\n<meta property=\"og:site_name\" content=\"Kuzeyin Sesi\" \/>\n<meta property=\"article:publisher\" content=\"https:\/\/www.facebook.com\/kuzeyinsesii\" \/>\n<meta property=\"article:published_time\" content=\"2024-09-18T12:54:17+00:00\" \/>\n<meta property=\"og:image\" content=\"https:\/\/brtk.net\/wp-content\/uploads\/2024\/09\/18\/afafa.jpg?ver=4752b14741176f7628a94fd1a9b0b733\" \/>\n<meta name=\"author\" content=\"Kuzeyin Sesi\" \/>\n<meta name=\"twitter:card\" content=\"summary_large_image\" \/>\n<meta name=\"twitter:creator\" content=\"@kuzeyinsesii\" \/>\n<meta name=\"twitter:site\" content=\"@kuzeyinsesii\" \/>\n<meta name=\"twitter:label1\" content=\"Yazan:\" \/>\n\t<meta name=\"twitter:data1\" content=\"Kuzeyin Sesi\" \/>\n\t<meta name=\"twitter:label2\" content=\"Tahmini okuma s\u00fcresi\" \/>\n\t<meta name=\"twitter:data2\" content=\"1 dakika\" \/>\n<script type=\"application\/ld+json\" class=\"yoast-schema-graph\">{\"@context\":\"https:\\\/\\\/schema.org\",\"@graph\":[{\"@type\":\"Article\",\"@id\":\"https:\\\/\\\/kuzeyinsesi.org\\\/index.php\\\/2024\\\/09\\\/18\\\/degirmenlik-akincilar-belediyesi-halk-danslari-toplulugu-2-choirs-and-folklore-veterans-festivaline-katildi\\\/#article\",\"isPartOf\":{\"@id\":\"https:\\\/\\\/kuzeyinsesi.org\\\/index.php\\\/2024\\\/09\\\/18\\\/degirmenlik-akincilar-belediyesi-halk-danslari-toplulugu-2-choirs-and-folklore-veterans-festivaline-katildi\\\/\"},\"author\":{\"name\":\"Kuzeyin Sesi\",\"@id\":\"https:\\\/\\\/kuzeyinsesi.org\\\/#\\\/schema\\\/person\\\/9f859689cdf01485597712386e37f5aa\"},\"headline\":\"De\u011firmenlik Ak\u0131nc\u0131lar Belediyesi Halk Danslar\u0131 Toplulu\u011fu \u201c2. Choirs And Folklore Veterans Festivali\u201dne kat\u0131ld\u0131\",\"datePublished\":\"2024-09-18T12:54:17+00:00\",\"mainEntityOfPage\":{\"@id\":\"https:\\\/\\\/kuzeyinsesi.org\\\/index.php\\\/2024\\\/09\\\/18\\\/degirmenlik-akincilar-belediyesi-halk-danslari-toplulugu-2-choirs-and-folklore-veterans-festivaline-katildi\\\/\"},\"wordCount\":157,\"commentCount\":0,\"image\":{\"@id\":\"https:\\\/\\\/kuzeyinsesi.org\\\/index.php\\\/2024\\\/09\\\/18\\\/degirmenlik-akincilar-belediyesi-halk-danslari-toplulugu-2-choirs-and-folklore-veterans-festivaline-katildi\\\/#primaryimage\"},\"thumbnailUrl\":\"https:\\\/\\\/kuzeyinsesi.org\\\/wp-content\\\/uploads\\\/2024\\\/09\\\/afafa.jpg\",\"articleSection\":[\"Ya\u015fam\"],\"inLanguage\":\"tr\",\"potentialAction\":[{\"@type\":\"CommentAction\",\"name\":\"Comment\",\"target\":[\"https:\\\/\\\/kuzeyinsesi.org\\\/index.php\\\/2024\\\/09\\\/18\\\/degirmenlik-akincilar-belediyesi-halk-danslari-toplulugu-2-choirs-and-folklore-veterans-festivaline-katildi\\\/#respond\"]}]},{\"@type\":\"WebPage\",\"@id\":\"https:\\\/\\\/kuzeyinsesi.org\\\/index.php\\\/2024\\\/09\\\/18\\\/degirmenlik-akincilar-belediyesi-halk-danslari-toplulugu-2-choirs-and-folklore-veterans-festivaline-katildi\\\/\",\"url\":\"https:\\\/\\\/kuzeyinsesi.org\\\/index.php\\\/2024\\\/09\\\/18\\\/degirmenlik-akincilar-belediyesi-halk-danslari-toplulugu-2-choirs-and-folklore-veterans-festivaline-katildi\\\/\",\"name\":\"De\u011firmenlik Ak\u0131nc\u0131lar Belediyesi Halk Danslar\u0131 Toplulu\u011fu \u201c2. Choirs And Folklore Veterans Festivali\u201dne kat\u0131ld\u0131 - Kuzeyin Sesi\",\"isPartOf\":{\"@id\":\"https:\\\/\\\/kuzeyinsesi.org\\\/#website\"},\"primaryImageOfPage\":{\"@id\":\"https:\\\/\\\/kuzeyinsesi.org\\\/index.php\\\/2024\\\/09\\\/18\\\/degirmenlik-akincilar-belediyesi-halk-danslari-toplulugu-2-choirs-and-folklore-veterans-festivaline-katildi\\\/#primaryimage\"},\"image\":{\"@id\":\"https:\\\/\\\/kuzeyinsesi.org\\\/index.php\\\/2024\\\/09\\\/18\\\/degirmenlik-akincilar-belediyesi-halk-danslari-toplulugu-2-choirs-and-folklore-veterans-festivaline-katildi\\\/#primaryimage\"},\"thumbnailUrl\":\"https:\\\/\\\/kuzeyinsesi.org\\\/wp-content\\\/uploads\\\/2024\\\/09\\\/afafa.jpg\",\"datePublished\":\"2024-09-18T12:54:17+00:00\",\"author\":{\"@id\":\"https:\\\/\\\/kuzeyinsesi.org\\\/#\\\/schema\\\/person\\\/9f859689cdf01485597712386e37f5aa\"},\"breadcrumb\":{\"@id\":\"https:\\\/\\\/kuzeyinsesi.org\\\/index.php\\\/2024\\\/09\\\/18\\\/degirmenlik-akincilar-belediyesi-halk-danslari-toplulugu-2-choirs-and-folklore-veterans-festivaline-katildi\\\/#breadcrumb\"},\"inLanguage\":\"tr\",\"potentialAction\":[{\"@type\":\"ReadAction\",\"target\":[\"https:\\\/\\\/kuzeyinsesi.org\\\/index.php\\\/2024\\\/09\\\/18\\\/degirmenlik-akincilar-belediyesi-halk-danslari-toplulugu-2-choirs-and-folklore-veterans-festivaline-katildi\\\/\"]}]},{\"@type\":\"ImageObject\",\"inLanguage\":\"tr\",\"@id\":\"https:\\\/\\\/kuzeyinsesi.org\\\/index.php\\\/2024\\\/09\\\/18\\\/degirmenlik-akincilar-belediyesi-halk-danslari-toplulugu-2-choirs-and-folklore-veterans-festivaline-katildi\\\/#primaryimage\",\"url\":\"https:\\\/\\\/kuzeyinsesi.org\\\/wp-content\\\/uploads\\\/2024\\\/09\\\/afafa.jpg\",\"contentUrl\":\"https:\\\/\\\/kuzeyinsesi.org\\\/wp-content\\\/uploads\\\/2024\\\/09\\\/afafa.jpg\",\"width\":1398,\"height\":546},{\"@type\":\"BreadcrumbList\",\"@id\":\"https:\\\/\\\/kuzeyinsesi.org\\\/index.php\\\/2024\\\/09\\\/18\\\/degirmenlik-akincilar-belediyesi-halk-danslari-toplulugu-2-choirs-and-folklore-veterans-festivaline-katildi\\\/#breadcrumb\",\"itemListElement\":[{\"@type\":\"ListItem\",\"position\":1,\"name\":\"Anasayfa\",\"item\":\"https:\\\/\\\/kuzeyinsesi.org\\\/\"},{\"@type\":\"ListItem\",\"position\":2,\"name\":\"De\u011firmenlik Ak\u0131nc\u0131lar Belediyesi Halk Danslar\u0131 Toplulu\u011fu \u201c2. Choirs And Folklore Veterans Festivali\u201dne kat\u0131ld\u0131\"}]},{\"@type\":\"WebSite\",\"@id\":\"https:\\\/\\\/kuzeyinsesi.org\\\/#website\",\"url\":\"https:\\\/\\\/kuzeyinsesi.org\\\/\",\"name\":\"Kuzeyin Sesi\",\"description\":\"Do\u011fru Haberin Adresi\",\"potentialAction\":[{\"@type\":\"SearchAction\",\"target\":{\"@type\":\"EntryPoint\",\"urlTemplate\":\"https:\\\/\\\/kuzeyinsesi.org\\\/?s={search_term_string}\"},\"query-input\":{\"@type\":\"PropertyValueSpecification\",\"valueRequired\":true,\"valueName\":\"search_term_string\"}}],\"inLanguage\":\"tr\"},{\"@type\":\"Person\",\"@id\":\"https:\\\/\\\/kuzeyinsesi.org\\\/#\\\/schema\\\/person\\\/9f859689cdf01485597712386e37f5aa\",\"name\":\"Kuzeyin Sesi\",\"image\":{\"@type\":\"ImageObject\",\"inLanguage\":\"tr\",\"@id\":\"https:\\\/\\\/secure.gravatar.com\\\/avatar\\\/bab33852abfd8b282518d6ed81826833d77c3c882d9ab608add591ccace47a44?s=96&d=mm&r=g\",\"url\":\"https:\\\/\\\/secure.gravatar.com\\\/avatar\\\/bab33852abfd8b282518d6ed81826833d77c3c882d9ab608add591ccace47a44?s=96&d=mm&r=g\",\"contentUrl\":\"https:\\\/\\\/secure.gravatar.com\\\/avatar\\\/bab33852abfd8b282518d6ed81826833d77c3c882d9ab608add591ccace47a44?s=96&d=mm&r=g\",\"caption\":\"Kuzeyin Sesi\"},\"sameAs\":[\"https:\\\/\\\/kuzeyinsesi.org\"],\"url\":\"https:\\\/\\\/kuzeyinsesi.org\\\/index.php\\\/author\\\/guven\\\/\"}]}<\/script>\n<!-- \/ Yoast SEO plugin. -->","yoast_head_json":{"title":"De\u011firmenlik Ak\u0131nc\u0131lar Belediyesi Halk Danslar\u0131 Toplulu\u011fu \u201c2. Choirs And Folklore Veterans Festivali\u201dne kat\u0131ld\u0131 - Kuzeyin Sesi","robots":{"index":"index","follow":"follow","max-snippet":"max-snippet:-1","max-image-preview":"max-image-preview:large","max-video-preview":"max-video-preview:-1"},"canonical":"https:\/\/kuzeyinsesi.org\/index.php\/2024\/09\/18\/degirmenlik-akincilar-belediyesi-halk-danslari-toplulugu-2-choirs-and-folklore-veterans-festivaline-katildi\/","og_locale":"tr_TR","og_type":"article","og_title":"De\u011firmenlik Ak\u0131nc\u0131lar Belediyesi Halk Danslar\u0131 Toplulu\u011fu \u201c2. Choirs And Folklore Veterans Festivali\u201dne kat\u0131ld\u0131 - Kuzeyin Sesi","og_description":"De\u011firmenlik Ak\u0131nc\u0131lar Belediyesi Halk Danslar\u0131 Toplulu\u011fu b\u00fcy\u00fck grubu, Karada\u011f\u2019\u0131n Bar \u015fehrinde d\u00fczenlenen \u201c2. Choirs And Folklore Veterans Festivali\u201dne kat\u0131ld\u0131. Belediye\u2019den yap\u0131lan yaz\u0131l\u0131 a\u00e7\u0131klamaya g\u00f6re, 12-16 Eyl\u00fcl tarihleri aras\u0131nda ger\u00e7ekle\u015fen ve Harmonika Master Class Derne\u011fi\u2019nin d\u00fczenledi\u011fi 2. Choirs And Folklore Veterans Festival\u2019e halk danslar\u0131 ekibi ve e\u011fitmenleri Tahir Kaptano\u011flu kat\u0131ld\u0131. Festivalde, halk danslar\u0131 g\u00f6sterileri ve koro [&hellip;]","og_url":"https:\/\/kuzeyinsesi.org\/index.php\/2024\/09\/18\/degirmenlik-akincilar-belediyesi-halk-danslari-toplulugu-2-choirs-and-folklore-veterans-festivaline-katildi\/","og_site_name":"Kuzeyin Sesi","article_publisher":"https:\/\/www.facebook.com\/kuzeyinsesii","article_published_time":"2024-09-18T12:54:17+00:00","og_image":[{"url":"https:\/\/brtk.net\/wp-content\/uploads\/2024\/09\/18\/afafa.jpg?ver=4752b14741176f7628a94fd1a9b0b733","type":"","width":"","height":""}],"author":"Kuzeyin Sesi","twitter_card":"summary_large_image","twitter_creator":"@kuzeyinsesii","twitter_site":"@kuzeyinsesii","twitter_misc":{"Yazan:":"Kuzeyin Sesi","Tahmini okuma s\u00fcresi":"1 dakika"},"schema":{"@context":"https:\/\/schema.org","@graph":[{"@type":"Article","@id":"https:\/\/kuzeyinsesi.org\/index.php\/2024\/09\/18\/degirmenlik-akincilar-belediyesi-halk-danslari-toplulugu-2-choirs-and-folklore-veterans-festivaline-katildi\/#article","isPartOf":{"@id":"https:\/\/kuzeyinsesi.org\/index.php\/2024\/09\/18\/degirmenlik-akincilar-belediyesi-halk-danslari-toplulugu-2-choirs-and-folklore-veterans-festivaline-katildi\/"},"author":{"name":"Kuzeyin Sesi","@id":"https:\/\/kuzeyinsesi.org\/#\/schema\/person\/9f859689cdf01485597712386e37f5aa"},"headline":"De\u011firmenlik Ak\u0131nc\u0131lar Belediyesi Halk Danslar\u0131 Toplulu\u011fu \u201c2. Choirs And Folklore Veterans Festivali\u201dne kat\u0131ld\u0131","datePublished":"2024-09-18T12:54:17+00:00","mainEntityOfPage":{"@id":"https:\/\/kuzeyinsesi.org\/index.php\/2024\/09\/18\/degirmenlik-akincilar-belediyesi-halk-danslari-toplulugu-2-choirs-and-folklore-veterans-festivaline-katildi\/"},"wordCount":157,"commentCount":0,"image":{"@id":"https:\/\/kuzeyinsesi.org\/index.php\/2024\/09\/18\/degirmenlik-akincilar-belediyesi-halk-danslari-toplulugu-2-choirs-and-folklore-veterans-festivaline-katildi\/#primaryimage"},"thumbnailUrl":"https:\/\/kuzeyinsesi.org\/wp-content\/uploads\/2024\/09\/afafa.jpg","articleSection":["Ya\u015fam"],"inLanguage":"tr","potentialAction":[{"@type":"CommentAction","name":"Comment","target":["https:\/\/kuzeyinsesi.org\/index.php\/2024\/09\/18\/degirmenlik-akincilar-belediyesi-halk-danslari-toplulugu-2-choirs-and-folklore-veterans-festivaline-katildi\/#respond"]}]},{"@type":"WebPage","@id":"https:\/\/kuzeyinsesi.org\/index.php\/2024\/09\/18\/degirmenlik-akincilar-belediyesi-halk-danslari-toplulugu-2-choirs-and-folklore-veterans-festivaline-katildi\/","url":"https:\/\/kuzeyinsesi.org\/index.php\/2024\/09\/18\/degirmenlik-akincilar-belediyesi-halk-danslari-toplulugu-2-choirs-and-folklore-veterans-festivaline-katildi\/","name":"De\u011firmenlik Ak\u0131nc\u0131lar Belediyesi Halk Danslar\u0131 Toplulu\u011fu \u201c2. Choirs And Folklore Veterans Festivali\u201dne kat\u0131ld\u0131 - Kuzeyin Sesi","isPartOf":{"@id":"https:\/\/kuzeyinsesi.org\/#website"},"primaryImageOfPage":{"@id":"https:\/\/kuzeyinsesi.org\/index.php\/2024\/09\/18\/degirmenlik-akincilar-belediyesi-halk-danslari-toplulugu-2-choirs-and-folklore-veterans-festivaline-katildi\/#primaryimage"},"image":{"@id":"https:\/\/kuzeyinsesi.org\/index.php\/2024\/09\/18\/degirmenlik-akincilar-belediyesi-halk-danslari-toplulugu-2-choirs-and-folklore-veterans-festivaline-katildi\/#primaryimage"},"thumbnailUrl":"https:\/\/kuzeyinsesi.org\/wp-content\/uploads\/2024\/09\/afafa.jpg","datePublished":"2024-09-18T12:54:17+00:00","author":{"@id":"https:\/\/kuzeyinsesi.org\/#\/schema\/person\/9f859689cdf01485597712386e37f5aa"},"breadcrumb":{"@id":"https:\/\/kuzeyinsesi.org\/index.php\/2024\/09\/18\/degirmenlik-akincilar-belediyesi-halk-danslari-toplulugu-2-choirs-and-folklore-veterans-festivaline-katildi\/#breadcrumb"},"inLanguage":"tr","potentialAction":[{"@type":"ReadAction","target":["https:\/\/kuzeyinsesi.org\/index.php\/2024\/09\/18\/degirmenlik-akincilar-belediyesi-halk-danslari-toplulugu-2-choirs-and-folklore-veterans-festivaline-katildi\/"]}]},{"@type":"ImageObject","inLanguage":"tr","@id":"https:\/\/kuzeyinsesi.org\/index.php\/2024\/09\/18\/degirmenlik-akincilar-belediyesi-halk-danslari-toplulugu-2-choirs-and-folklore-veterans-festivaline-katildi\/#primaryimage","url":"https:\/\/kuzeyinsesi.org\/wp-content\/uploads\/2024\/09\/afafa.jpg","contentUrl":"https:\/\/kuzeyinsesi.org\/wp-content\/uploads\/2024\/09\/afafa.jpg","width":1398,"height":546},{"@type":"BreadcrumbList","@id":"https:\/\/kuzeyinsesi.org\/index.php\/2024\/09\/18\/degirmenlik-akincilar-belediyesi-halk-danslari-toplulugu-2-choirs-and-folklore-veterans-festivaline-katildi\/#breadcrumb","itemListElement":[{"@type":"ListItem","position":1,"name":"Anasayfa","item":"https:\/\/kuzeyinsesi.org\/"},{"@type":"ListItem","position":2,"name":"De\u011firmenlik Ak\u0131nc\u0131lar Belediyesi Halk Danslar\u0131 Toplulu\u011fu \u201c2. Choirs And Folklore Veterans Festivali\u201dne kat\u0131ld\u0131"}]},{"@type":"WebSite","@id":"https:\/\/kuzeyinsesi.org\/#website","url":"https:\/\/kuzeyinsesi.org\/","name":"Kuzeyin Sesi","description":"Do\u011fru Haberin Adresi","potentialAction":[{"@type":"SearchAction","target":{"@type":"EntryPoint","urlTemplate":"https:\/\/kuzeyinsesi.org\/?s={search_term_string}"},"query-input":{"@type":"PropertyValueSpecification","valueRequired":true,"valueName":"search_term_string"}}],"inLanguage":"tr"},{"@type":"Person","@id":"https:\/\/kuzeyinsesi.org\/#\/schema\/person\/9f859689cdf01485597712386e37f5aa","name":"Kuzeyin Sesi","image":{"@type":"ImageObject","inLanguage":"tr","@id":"https:\/\/secure.gravatar.com\/avatar\/bab33852abfd8b282518d6ed81826833d77c3c882d9ab608add591ccace47a44?s=96&d=mm&r=g","url":"https:\/\/secure.gravatar.com\/avatar\/bab33852abfd8b282518d6ed81826833d77c3c882d9ab608add591ccace47a44?s=96&d=mm&r=g","contentUrl":"https:\/\/secure.gravatar.com\/avatar\/bab33852abfd8b282518d6ed81826833d77c3c882d9ab608add591ccace47a44?s=96&d=mm&r=g","caption":"Kuzeyin Sesi"},"sameAs":["https:\/\/kuzeyinsesi.org"],"url":"https:\/\/kuzeyinsesi.org\/index.php\/author\/guven\/"}]}},"_links":{"self":[{"href":"https:\/\/kuzeyinsesi.org\/index.php\/wp-json\/wp\/v2\/posts\/9938","targetHints":{"allow":["GET"]}}],"collection":[{"href":"https:\/\/kuzeyinsesi.org\/index.php\/wp-json\/wp\/v2\/posts"}],"about":[{"href":"https:\/\/kuzeyinsesi.org\/index.php\/wp-json\/wp\/v2\/types\/post"}],"author":[{"embeddable":true,"href":"https:\/\/kuzeyinsesi.org\/index.php\/wp-json\/wp\/v2\/users\/1"}],"replies":[{"embeddable":true,"href":"https:\/\/kuzeyinsesi.org\/index.php\/wp-json\/wp\/v2\/comments?post=9938"}],"version-history":[{"count":0,"href":"https:\/\/kuzeyinsesi.org\/index.php\/wp-json\/wp\/v2\/posts\/9938\/revisions"}],"wp:featuredmedia":[{"embeddable":true,"href":"https:\/\/kuzeyinsesi.org\/index.php\/wp-json\/wp\/v2\/media\/9939"}],"wp:attachment":[{"href":"https:\/\/kuzeyinsesi.org\/index.php\/wp-json\/wp\/v2\/media?parent=9938"}],"wp:term":[{"taxonomy":"category","embeddable":true,"href":"https:\/\/kuzeyinsesi.org\/index.php\/wp-json\/wp\/v2\/categories?post=9938"},{"taxonomy":"post_tag","embeddable":true,"href":"https:\/\/kuzeyinsesi.org\/index.php\/wp-json\/wp\/v2\/tags?post=9938"}],"curies":[{"name":"wp","href":"https:\/\/api.w.org\/{rel}","templated":true}]}}