{"id":9932,"date":"2024-09-18T14:53:14","date_gmt":"2024-09-18T11:53:14","guid":{"rendered":"https:\/\/kuzeyinsesi.org\/index.php\/2024\/09\/18\/melisa-karanlik-girne-arkin-fest24te-sahne-aldi\/"},"modified":"2024-09-18T14:53:14","modified_gmt":"2024-09-18T11:53:14","slug":"melisa-karanlik-girne-arkin-fest24te-sahne-aldi","status":"publish","type":"post","link":"https:\/\/kuzeyinsesi.org\/index.php\/2024\/09\/18\/melisa-karanlik-girne-arkin-fest24te-sahne-aldi\/","title":{"rendered":"Melisa Karanl\u0131k \u201cGirne Ark\u0131n Fest24\u201dte sahne ald\u0131\u2026"},"content":{"rendered":"<div>\n<div class=\"mariselle-image-container center\">\n                                            <\/div>\n<p>\u201cGirne Ark\u0131n Fest24\u201d kapsam\u0131nda  Melisa Karanl\u0131k ve Orkestras\u0131 Girne Antik Liman\u2019da sahne ald\u0131.<\/p>\n<p>Girne Belediyesi\u2019nden verilen bilgiye g\u00f6re, d\u00fcn ak\u015fam Liman Merkez Sahne\u2019de performans sergileyen grup, seslendirdi\u011fi birbirinden g\u00fczel par\u00e7alar ile kat\u0131l\u0131mc\u0131lara keyifli bir gece ya\u015fatt\u0131.<\/p>\n<p>-\u201cGrenh\u00f6lm Metodu\u201d oyunu bu ak\u015fam izleyiciyle bulu\u015facak<\/p>\n<p>Bu arada, etkinlikler kapsam\u0131nda K\u0131br\u0131s T\u00fcrk Devlet Tiyatrolar\u0131\u2019n\u0131n \u201cGr\u00f6nholm Metodu\u201d oyunu, bu ak\u015fam 21.00\u2019de Girne Amfi Tiyatro\u2019da sahnelenecek.<\/p>\n<p>Oyun, ac\u0131mas\u0131z i\u015f d\u00fcnyas\u0131n\u0131n yeniden tan\u0131mlad\u0131\u011f\u0131 \u201cprofesyonellik\u201d ve \u201cfedak\u00e2rl\u0131k\u201d kavramlar\u0131n\u0131 sorgularken, insanlar\u0131n zaaflar\u0131n\u0131n bu m\u00fccadeledeki yerini kara bir komedi i\u00e7inde sunacak.<\/p>\n<\/p><\/div>\n<p><script async\n                    defer\n                    crossorigin=\"anonymous\"\n                    src=\"https:\/\/connect.facebook.net\/tr_TR\/sdk.js#xfbml=1&#038;version=v3.3\"\n            ><\/script><\/p>\n","protected":false},"excerpt":{"rendered":"<p>\u201cGirne Ark\u0131n Fest24\u201d kapsam\u0131nda Melisa Karanl\u0131k ve Orkestras\u0131 Girne Antik Liman\u2019da sahne ald\u0131. Girne Belediyesi\u2019nden verilen bilgiye g\u00f6re, d\u00fcn ak\u015fam Liman Merkez Sahne\u2019de performans sergileyen grup, seslendirdi\u011fi birbirinden g\u00fczel par\u00e7alar ile kat\u0131l\u0131mc\u0131lara keyifli bir gece ya\u015fatt\u0131. -\u201cGrenh\u00f6lm Metodu\u201d oyunu bu ak\u015fam izleyiciyle bulu\u015facak Bu arada, etkinlikler kapsam\u0131nda K\u0131br\u0131s T\u00fcrk Devlet Tiyatrolar\u0131\u2019n\u0131n \u201cGr\u00f6nholm Metodu\u201d oyunu, bu [&hellip;]<\/p>\n","protected":false},"author":1,"featured_media":9933,"comment_status":"open","ping_status":"open","sticky":false,"template":"","format":"standard","meta":{"jnews-multi-image_gallery":[],"jnews_single_post":[],"jnews_primary_category":[],"jnews_social_meta":[],"jnews_override_counter":[],"footnotes":""},"categories":[6],"tags":[],"class_list":["post-9932","post","type-post","status-publish","format-standard","has-post-thumbnail","hentry","category-yasam"],"yoast_head":"<!-- This site is optimized with the Yoast SEO plugin v27.5 - https:\/\/yoast.com\/product\/yoast-seo-wordpress\/ -->\n<title>Melisa Karanl\u0131k \u201cGirne Ark\u0131n Fest24\u201dte sahne ald\u0131\u2026 - Kuzeyin Sesi<\/title>\n<meta name=\"robots\" content=\"index, follow, max-snippet:-1, max-image-preview:large, max-video-preview:-1\" \/>\n<link rel=\"canonical\" href=\"https:\/\/kuzeyinsesi.org\/index.php\/2024\/09\/18\/melisa-karanlik-girne-arkin-fest24te-sahne-aldi\/\" \/>\n<meta property=\"og:locale\" content=\"tr_TR\" \/>\n<meta property=\"og:type\" content=\"article\" \/>\n<meta property=\"og:title\" content=\"Melisa Karanl\u0131k \u201cGirne Ark\u0131n Fest24\u201dte sahne ald\u0131\u2026 - Kuzeyin Sesi\" \/>\n<meta property=\"og:description\" content=\"\u201cGirne Ark\u0131n Fest24\u201d kapsam\u0131nda Melisa Karanl\u0131k ve Orkestras\u0131 Girne Antik Liman\u2019da sahne ald\u0131. Girne Belediyesi\u2019nden verilen bilgiye g\u00f6re, d\u00fcn ak\u015fam Liman Merkez Sahne\u2019de performans sergileyen grup, seslendirdi\u011fi birbirinden g\u00fczel par\u00e7alar ile kat\u0131l\u0131mc\u0131lara keyifli bir gece ya\u015fatt\u0131. -\u201cGrenh\u00f6lm Metodu\u201d oyunu bu ak\u015fam izleyiciyle bulu\u015facak Bu arada, etkinlikler kapsam\u0131nda K\u0131br\u0131s T\u00fcrk Devlet Tiyatrolar\u0131\u2019n\u0131n \u201cGr\u00f6nholm Metodu\u201d oyunu, bu [&hellip;]\" \/>\n<meta property=\"og:url\" content=\"https:\/\/kuzeyinsesi.org\/index.php\/2024\/09\/18\/melisa-karanlik-girne-arkin-fest24te-sahne-aldi\/\" \/>\n<meta property=\"og:site_name\" content=\"Kuzeyin Sesi\" \/>\n<meta property=\"article:publisher\" content=\"https:\/\/www.facebook.com\/kuzeyinsesii\" \/>\n<meta property=\"article:published_time\" content=\"2024-09-18T11:53:14+00:00\" \/>\n<meta property=\"og:image\" content=\"https:\/\/brtk.net\/wp-content\/uploads\/2024\/09\/18\/mk.jpeg?ver=42f3a8b6866942e85979cf0aa2cf0876\" \/>\n<meta name=\"author\" content=\"Kuzeyin Sesi\" \/>\n<meta name=\"twitter:card\" content=\"summary_large_image\" \/>\n<meta name=\"twitter:creator\" content=\"@kuzeyinsesii\" \/>\n<meta name=\"twitter:site\" content=\"@kuzeyinsesii\" \/>\n<meta name=\"twitter:label1\" content=\"Yazan:\" \/>\n\t<meta name=\"twitter:data1\" content=\"Kuzeyin Sesi\" \/>\n\t<meta name=\"twitter:label2\" content=\"Tahmini okuma s\u00fcresi\" \/>\n\t<meta name=\"twitter:data2\" content=\"1 dakika\" \/>\n<script type=\"application\/ld+json\" class=\"yoast-schema-graph\">{\"@context\":\"https:\\\/\\\/schema.org\",\"@graph\":[{\"@type\":\"Article\",\"@id\":\"https:\\\/\\\/kuzeyinsesi.org\\\/index.php\\\/2024\\\/09\\\/18\\\/melisa-karanlik-girne-arkin-fest24te-sahne-aldi\\\/#article\",\"isPartOf\":{\"@id\":\"https:\\\/\\\/kuzeyinsesi.org\\\/index.php\\\/2024\\\/09\\\/18\\\/melisa-karanlik-girne-arkin-fest24te-sahne-aldi\\\/\"},\"author\":{\"name\":\"Kuzeyin Sesi\",\"@id\":\"https:\\\/\\\/kuzeyinsesi.org\\\/#\\\/schema\\\/person\\\/9f859689cdf01485597712386e37f5aa\"},\"headline\":\"Melisa Karanl\u0131k \u201cGirne Ark\u0131n Fest24\u201dte sahne ald\u0131\u2026\",\"datePublished\":\"2024-09-18T11:53:14+00:00\",\"mainEntityOfPage\":{\"@id\":\"https:\\\/\\\/kuzeyinsesi.org\\\/index.php\\\/2024\\\/09\\\/18\\\/melisa-karanlik-girne-arkin-fest24te-sahne-aldi\\\/\"},\"wordCount\":135,\"commentCount\":0,\"image\":{\"@id\":\"https:\\\/\\\/kuzeyinsesi.org\\\/index.php\\\/2024\\\/09\\\/18\\\/melisa-karanlik-girne-arkin-fest24te-sahne-aldi\\\/#primaryimage\"},\"thumbnailUrl\":\"https:\\\/\\\/kuzeyinsesi.org\\\/wp-content\\\/uploads\\\/2024\\\/09\\\/mk.jpeg\",\"articleSection\":[\"Ya\u015fam\"],\"inLanguage\":\"tr\",\"potentialAction\":[{\"@type\":\"CommentAction\",\"name\":\"Comment\",\"target\":[\"https:\\\/\\\/kuzeyinsesi.org\\\/index.php\\\/2024\\\/09\\\/18\\\/melisa-karanlik-girne-arkin-fest24te-sahne-aldi\\\/#respond\"]}]},{\"@type\":\"WebPage\",\"@id\":\"https:\\\/\\\/kuzeyinsesi.org\\\/index.php\\\/2024\\\/09\\\/18\\\/melisa-karanlik-girne-arkin-fest24te-sahne-aldi\\\/\",\"url\":\"https:\\\/\\\/kuzeyinsesi.org\\\/index.php\\\/2024\\\/09\\\/18\\\/melisa-karanlik-girne-arkin-fest24te-sahne-aldi\\\/\",\"name\":\"Melisa Karanl\u0131k \u201cGirne Ark\u0131n Fest24\u201dte sahne ald\u0131\u2026 - Kuzeyin Sesi\",\"isPartOf\":{\"@id\":\"https:\\\/\\\/kuzeyinsesi.org\\\/#website\"},\"primaryImageOfPage\":{\"@id\":\"https:\\\/\\\/kuzeyinsesi.org\\\/index.php\\\/2024\\\/09\\\/18\\\/melisa-karanlik-girne-arkin-fest24te-sahne-aldi\\\/#primaryimage\"},\"image\":{\"@id\":\"https:\\\/\\\/kuzeyinsesi.org\\\/index.php\\\/2024\\\/09\\\/18\\\/melisa-karanlik-girne-arkin-fest24te-sahne-aldi\\\/#primaryimage\"},\"thumbnailUrl\":\"https:\\\/\\\/kuzeyinsesi.org\\\/wp-content\\\/uploads\\\/2024\\\/09\\\/mk.jpeg\",\"datePublished\":\"2024-09-18T11:53:14+00:00\",\"author\":{\"@id\":\"https:\\\/\\\/kuzeyinsesi.org\\\/#\\\/schema\\\/person\\\/9f859689cdf01485597712386e37f5aa\"},\"breadcrumb\":{\"@id\":\"https:\\\/\\\/kuzeyinsesi.org\\\/index.php\\\/2024\\\/09\\\/18\\\/melisa-karanlik-girne-arkin-fest24te-sahne-aldi\\\/#breadcrumb\"},\"inLanguage\":\"tr\",\"potentialAction\":[{\"@type\":\"ReadAction\",\"target\":[\"https:\\\/\\\/kuzeyinsesi.org\\\/index.php\\\/2024\\\/09\\\/18\\\/melisa-karanlik-girne-arkin-fest24te-sahne-aldi\\\/\"]}]},{\"@type\":\"ImageObject\",\"inLanguage\":\"tr\",\"@id\":\"https:\\\/\\\/kuzeyinsesi.org\\\/index.php\\\/2024\\\/09\\\/18\\\/melisa-karanlik-girne-arkin-fest24te-sahne-aldi\\\/#primaryimage\",\"url\":\"https:\\\/\\\/kuzeyinsesi.org\\\/wp-content\\\/uploads\\\/2024\\\/09\\\/mk.jpeg\",\"contentUrl\":\"https:\\\/\\\/kuzeyinsesi.org\\\/wp-content\\\/uploads\\\/2024\\\/09\\\/mk.jpeg\",\"width\":1600,\"height\":1066},{\"@type\":\"BreadcrumbList\",\"@id\":\"https:\\\/\\\/kuzeyinsesi.org\\\/index.php\\\/2024\\\/09\\\/18\\\/melisa-karanlik-girne-arkin-fest24te-sahne-aldi\\\/#breadcrumb\",\"itemListElement\":[{\"@type\":\"ListItem\",\"position\":1,\"name\":\"Anasayfa\",\"item\":\"https:\\\/\\\/kuzeyinsesi.org\\\/\"},{\"@type\":\"ListItem\",\"position\":2,\"name\":\"Melisa Karanl\u0131k \u201cGirne Ark\u0131n Fest24\u201dte sahne ald\u0131\u2026\"}]},{\"@type\":\"WebSite\",\"@id\":\"https:\\\/\\\/kuzeyinsesi.org\\\/#website\",\"url\":\"https:\\\/\\\/kuzeyinsesi.org\\\/\",\"name\":\"Kuzeyin Sesi\",\"description\":\"Do\u011fru Haberin Adresi\",\"potentialAction\":[{\"@type\":\"SearchAction\",\"target\":{\"@type\":\"EntryPoint\",\"urlTemplate\":\"https:\\\/\\\/kuzeyinsesi.org\\\/?s={search_term_string}\"},\"query-input\":{\"@type\":\"PropertyValueSpecification\",\"valueRequired\":true,\"valueName\":\"search_term_string\"}}],\"inLanguage\":\"tr\"},{\"@type\":\"Person\",\"@id\":\"https:\\\/\\\/kuzeyinsesi.org\\\/#\\\/schema\\\/person\\\/9f859689cdf01485597712386e37f5aa\",\"name\":\"Kuzeyin Sesi\",\"image\":{\"@type\":\"ImageObject\",\"inLanguage\":\"tr\",\"@id\":\"https:\\\/\\\/secure.gravatar.com\\\/avatar\\\/bab33852abfd8b282518d6ed81826833d77c3c882d9ab608add591ccace47a44?s=96&d=mm&r=g\",\"url\":\"https:\\\/\\\/secure.gravatar.com\\\/avatar\\\/bab33852abfd8b282518d6ed81826833d77c3c882d9ab608add591ccace47a44?s=96&d=mm&r=g\",\"contentUrl\":\"https:\\\/\\\/secure.gravatar.com\\\/avatar\\\/bab33852abfd8b282518d6ed81826833d77c3c882d9ab608add591ccace47a44?s=96&d=mm&r=g\",\"caption\":\"Kuzeyin Sesi\"},\"sameAs\":[\"https:\\\/\\\/kuzeyinsesi.org\"],\"url\":\"https:\\\/\\\/kuzeyinsesi.org\\\/index.php\\\/author\\\/guven\\\/\"}]}<\/script>\n<!-- \/ Yoast SEO plugin. -->","yoast_head_json":{"title":"Melisa Karanl\u0131k \u201cGirne Ark\u0131n Fest24\u201dte sahne ald\u0131\u2026 - Kuzeyin Sesi","robots":{"index":"index","follow":"follow","max-snippet":"max-snippet:-1","max-image-preview":"max-image-preview:large","max-video-preview":"max-video-preview:-1"},"canonical":"https:\/\/kuzeyinsesi.org\/index.php\/2024\/09\/18\/melisa-karanlik-girne-arkin-fest24te-sahne-aldi\/","og_locale":"tr_TR","og_type":"article","og_title":"Melisa Karanl\u0131k \u201cGirne Ark\u0131n Fest24\u201dte sahne ald\u0131\u2026 - Kuzeyin Sesi","og_description":"\u201cGirne Ark\u0131n Fest24\u201d kapsam\u0131nda Melisa Karanl\u0131k ve Orkestras\u0131 Girne Antik Liman\u2019da sahne ald\u0131. Girne Belediyesi\u2019nden verilen bilgiye g\u00f6re, d\u00fcn ak\u015fam Liman Merkez Sahne\u2019de performans sergileyen grup, seslendirdi\u011fi birbirinden g\u00fczel par\u00e7alar ile kat\u0131l\u0131mc\u0131lara keyifli bir gece ya\u015fatt\u0131. -\u201cGrenh\u00f6lm Metodu\u201d oyunu bu ak\u015fam izleyiciyle bulu\u015facak Bu arada, etkinlikler kapsam\u0131nda K\u0131br\u0131s T\u00fcrk Devlet Tiyatrolar\u0131\u2019n\u0131n \u201cGr\u00f6nholm Metodu\u201d oyunu, bu [&hellip;]","og_url":"https:\/\/kuzeyinsesi.org\/index.php\/2024\/09\/18\/melisa-karanlik-girne-arkin-fest24te-sahne-aldi\/","og_site_name":"Kuzeyin Sesi","article_publisher":"https:\/\/www.facebook.com\/kuzeyinsesii","article_published_time":"2024-09-18T11:53:14+00:00","og_image":[{"url":"https:\/\/brtk.net\/wp-content\/uploads\/2024\/09\/18\/mk.jpeg?ver=42f3a8b6866942e85979cf0aa2cf0876","type":"","width":"","height":""}],"author":"Kuzeyin Sesi","twitter_card":"summary_large_image","twitter_creator":"@kuzeyinsesii","twitter_site":"@kuzeyinsesii","twitter_misc":{"Yazan:":"Kuzeyin Sesi","Tahmini okuma s\u00fcresi":"1 dakika"},"schema":{"@context":"https:\/\/schema.org","@graph":[{"@type":"Article","@id":"https:\/\/kuzeyinsesi.org\/index.php\/2024\/09\/18\/melisa-karanlik-girne-arkin-fest24te-sahne-aldi\/#article","isPartOf":{"@id":"https:\/\/kuzeyinsesi.org\/index.php\/2024\/09\/18\/melisa-karanlik-girne-arkin-fest24te-sahne-aldi\/"},"author":{"name":"Kuzeyin Sesi","@id":"https:\/\/kuzeyinsesi.org\/#\/schema\/person\/9f859689cdf01485597712386e37f5aa"},"headline":"Melisa Karanl\u0131k \u201cGirne Ark\u0131n Fest24\u201dte sahne ald\u0131\u2026","datePublished":"2024-09-18T11:53:14+00:00","mainEntityOfPage":{"@id":"https:\/\/kuzeyinsesi.org\/index.php\/2024\/09\/18\/melisa-karanlik-girne-arkin-fest24te-sahne-aldi\/"},"wordCount":135,"commentCount":0,"image":{"@id":"https:\/\/kuzeyinsesi.org\/index.php\/2024\/09\/18\/melisa-karanlik-girne-arkin-fest24te-sahne-aldi\/#primaryimage"},"thumbnailUrl":"https:\/\/kuzeyinsesi.org\/wp-content\/uploads\/2024\/09\/mk.jpeg","articleSection":["Ya\u015fam"],"inLanguage":"tr","potentialAction":[{"@type":"CommentAction","name":"Comment","target":["https:\/\/kuzeyinsesi.org\/index.php\/2024\/09\/18\/melisa-karanlik-girne-arkin-fest24te-sahne-aldi\/#respond"]}]},{"@type":"WebPage","@id":"https:\/\/kuzeyinsesi.org\/index.php\/2024\/09\/18\/melisa-karanlik-girne-arkin-fest24te-sahne-aldi\/","url":"https:\/\/kuzeyinsesi.org\/index.php\/2024\/09\/18\/melisa-karanlik-girne-arkin-fest24te-sahne-aldi\/","name":"Melisa Karanl\u0131k \u201cGirne Ark\u0131n Fest24\u201dte sahne ald\u0131\u2026 - Kuzeyin Sesi","isPartOf":{"@id":"https:\/\/kuzeyinsesi.org\/#website"},"primaryImageOfPage":{"@id":"https:\/\/kuzeyinsesi.org\/index.php\/2024\/09\/18\/melisa-karanlik-girne-arkin-fest24te-sahne-aldi\/#primaryimage"},"image":{"@id":"https:\/\/kuzeyinsesi.org\/index.php\/2024\/09\/18\/melisa-karanlik-girne-arkin-fest24te-sahne-aldi\/#primaryimage"},"thumbnailUrl":"https:\/\/kuzeyinsesi.org\/wp-content\/uploads\/2024\/09\/mk.jpeg","datePublished":"2024-09-18T11:53:14+00:00","author":{"@id":"https:\/\/kuzeyinsesi.org\/#\/schema\/person\/9f859689cdf01485597712386e37f5aa"},"breadcrumb":{"@id":"https:\/\/kuzeyinsesi.org\/index.php\/2024\/09\/18\/melisa-karanlik-girne-arkin-fest24te-sahne-aldi\/#breadcrumb"},"inLanguage":"tr","potentialAction":[{"@type":"ReadAction","target":["https:\/\/kuzeyinsesi.org\/index.php\/2024\/09\/18\/melisa-karanlik-girne-arkin-fest24te-sahne-aldi\/"]}]},{"@type":"ImageObject","inLanguage":"tr","@id":"https:\/\/kuzeyinsesi.org\/index.php\/2024\/09\/18\/melisa-karanlik-girne-arkin-fest24te-sahne-aldi\/#primaryimage","url":"https:\/\/kuzeyinsesi.org\/wp-content\/uploads\/2024\/09\/mk.jpeg","contentUrl":"https:\/\/kuzeyinsesi.org\/wp-content\/uploads\/2024\/09\/mk.jpeg","width":1600,"height":1066},{"@type":"BreadcrumbList","@id":"https:\/\/kuzeyinsesi.org\/index.php\/2024\/09\/18\/melisa-karanlik-girne-arkin-fest24te-sahne-aldi\/#breadcrumb","itemListElement":[{"@type":"ListItem","position":1,"name":"Anasayfa","item":"https:\/\/kuzeyinsesi.org\/"},{"@type":"ListItem","position":2,"name":"Melisa Karanl\u0131k \u201cGirne Ark\u0131n Fest24\u201dte sahne ald\u0131\u2026"}]},{"@type":"WebSite","@id":"https:\/\/kuzeyinsesi.org\/#website","url":"https:\/\/kuzeyinsesi.org\/","name":"Kuzeyin Sesi","description":"Do\u011fru Haberin Adresi","potentialAction":[{"@type":"SearchAction","target":{"@type":"EntryPoint","urlTemplate":"https:\/\/kuzeyinsesi.org\/?s={search_term_string}"},"query-input":{"@type":"PropertyValueSpecification","valueRequired":true,"valueName":"search_term_string"}}],"inLanguage":"tr"},{"@type":"Person","@id":"https:\/\/kuzeyinsesi.org\/#\/schema\/person\/9f859689cdf01485597712386e37f5aa","name":"Kuzeyin Sesi","image":{"@type":"ImageObject","inLanguage":"tr","@id":"https:\/\/secure.gravatar.com\/avatar\/bab33852abfd8b282518d6ed81826833d77c3c882d9ab608add591ccace47a44?s=96&d=mm&r=g","url":"https:\/\/secure.gravatar.com\/avatar\/bab33852abfd8b282518d6ed81826833d77c3c882d9ab608add591ccace47a44?s=96&d=mm&r=g","contentUrl":"https:\/\/secure.gravatar.com\/avatar\/bab33852abfd8b282518d6ed81826833d77c3c882d9ab608add591ccace47a44?s=96&d=mm&r=g","caption":"Kuzeyin Sesi"},"sameAs":["https:\/\/kuzeyinsesi.org"],"url":"https:\/\/kuzeyinsesi.org\/index.php\/author\/guven\/"}]}},"_links":{"self":[{"href":"https:\/\/kuzeyinsesi.org\/index.php\/wp-json\/wp\/v2\/posts\/9932","targetHints":{"allow":["GET"]}}],"collection":[{"href":"https:\/\/kuzeyinsesi.org\/index.php\/wp-json\/wp\/v2\/posts"}],"about":[{"href":"https:\/\/kuzeyinsesi.org\/index.php\/wp-json\/wp\/v2\/types\/post"}],"author":[{"embeddable":true,"href":"https:\/\/kuzeyinsesi.org\/index.php\/wp-json\/wp\/v2\/users\/1"}],"replies":[{"embeddable":true,"href":"https:\/\/kuzeyinsesi.org\/index.php\/wp-json\/wp\/v2\/comments?post=9932"}],"version-history":[{"count":0,"href":"https:\/\/kuzeyinsesi.org\/index.php\/wp-json\/wp\/v2\/posts\/9932\/revisions"}],"wp:featuredmedia":[{"embeddable":true,"href":"https:\/\/kuzeyinsesi.org\/index.php\/wp-json\/wp\/v2\/media\/9933"}],"wp:attachment":[{"href":"https:\/\/kuzeyinsesi.org\/index.php\/wp-json\/wp\/v2\/media?parent=9932"}],"wp:term":[{"taxonomy":"category","embeddable":true,"href":"https:\/\/kuzeyinsesi.org\/index.php\/wp-json\/wp\/v2\/categories?post=9932"},{"taxonomy":"post_tag","embeddable":true,"href":"https:\/\/kuzeyinsesi.org\/index.php\/wp-json\/wp\/v2\/tags?post=9932"}],"curies":[{"name":"wp","href":"https:\/\/api.w.org\/{rel}","templated":true}]}}