{"id":9917,"date":"2024-09-18T10:58:42","date_gmt":"2024-09-18T07:58:42","guid":{"rendered":"https:\/\/kuzeyinsesi.org\/index.php\/2024\/09\/18\/narin-guran-sorusturmasinda-gozaltina-alinan-hediye-guran-tutuklandi\/"},"modified":"2024-09-18T10:58:42","modified_gmt":"2024-09-18T07:58:42","slug":"narin-guran-sorusturmasinda-gozaltina-alinan-hediye-guran-tutuklandi","status":"publish","type":"post","link":"https:\/\/kuzeyinsesi.org\/index.php\/2024\/09\/18\/narin-guran-sorusturmasinda-gozaltina-alinan-hediye-guran-tutuklandi\/","title":{"rendered":"Narin G\u00fcran soru\u015fturmas\u0131nda g\u00f6zalt\u0131na al\u0131nan Hediye G\u00fcran tutukland\u0131"},"content":{"rendered":"<div>\n<div class=\"mariselle-image-container center\">\n                                            <\/div>\n<p>\nDiyarbak\u0131r\u2019da 8 ya\u015f\u0131ndaki Narin G\u00fcran\u2019\u0131n \u00f6ld\u00fcr\u00fclmesiyle ilgili soru\u015fturma kapsam\u0131nda g\u00f6zalt\u0131na al\u0131nan Hediye G\u00fcran, sevk edildi\u011fi sulh ceza hakimli\u011fince tutukland\u0131. <\/p>\n<p>Merkez Ba\u011flar il\u00e7esinin Tav\u015fantepe Mahallesi\u2019nde 21 A\u011fustos\u2019ta kaybolan ve 8 Eyl\u00fcl\u2019de E\u011fertutmaz Deresi\u2019nde cans\u0131z bedenine ula\u015f\u0131lan Narin G\u00fcran\u2019\u0131n \u00f6ld\u00fcr\u00fclmesine ili\u015fkin Diyarbak\u0131r Cumhuriyet Ba\u015fsavc\u0131l\u0131\u011f\u0131nca y\u00fcr\u00fct\u00fclen soru\u015fturma s\u00fcr\u00fcyor. <\/p>\n<p>Soru\u015fturma kapsam\u0131nda \u00e7\u0131kar\u0131ld\u0131\u011f\u0131 n\u00f6bet\u00e7i sulh ceza hakimli\u011fince \u201cSu\u00e7 delillerini yok etmek\u201d su\u00e7undan tutuklanan amca Fuat G\u00fcran\u2019\u0131n 13 Eyl\u00fcl\u2019de g\u00f6zalt\u0131na al\u0131nan e\u015fi Hediye G\u00fcran\u2019\u0131n jandarmadaki i\u015flemlerin ard\u0131ndan getirildi\u011fi adliyede Cumhuriyet Savc\u0131l\u0131\u011f\u0131\u2019ndaki sorgusu tamamland\u0131. <\/p>\n<p>G\u00fcran, \u201cKasten \u00f6ld\u00fcrmeye i\u015ftirak\u201d su\u00e7undan tutuklama talebiyle n\u00f6bet\u00e7i sulh ceza hakimli\u011fine sevk edildi. <\/p>\n<p>Hediye G\u00fcran, hakimlik\u00e7e tutukland\u0131. <\/p>\n<p>Soru\u015fturma kapsam\u0131nda tutuklu say\u0131s\u0131 12\u2019ye y\u00fckseldi.<\/p>\n<\/p><\/div>\n<p><script async\n                    defer\n                    crossorigin=\"anonymous\"\n                    src=\"https:\/\/connect.facebook.net\/tr_TR\/sdk.js#xfbml=1&#038;version=v3.3\"\n            ><\/script><\/p>\n","protected":false},"excerpt":{"rendered":"<p>Diyarbak\u0131r\u2019da 8 ya\u015f\u0131ndaki Narin G\u00fcran\u2019\u0131n \u00f6ld\u00fcr\u00fclmesiyle ilgili soru\u015fturma kapsam\u0131nda g\u00f6zalt\u0131na al\u0131nan Hediye G\u00fcran, sevk edildi\u011fi sulh ceza hakimli\u011fince tutukland\u0131. Merkez Ba\u011flar il\u00e7esinin Tav\u015fantepe Mahallesi\u2019nde 21 A\u011fustos\u2019ta kaybolan ve 8 Eyl\u00fcl\u2019de E\u011fertutmaz Deresi\u2019nde cans\u0131z bedenine ula\u015f\u0131lan Narin G\u00fcran\u2019\u0131n \u00f6ld\u00fcr\u00fclmesine ili\u015fkin Diyarbak\u0131r Cumhuriyet Ba\u015fsavc\u0131l\u0131\u011f\u0131nca y\u00fcr\u00fct\u00fclen soru\u015fturma s\u00fcr\u00fcyor. Soru\u015fturma kapsam\u0131nda \u00e7\u0131kar\u0131ld\u0131\u011f\u0131 n\u00f6bet\u00e7i sulh ceza hakimli\u011fince \u201cSu\u00e7 delillerini yok [&hellip;]<\/p>\n","protected":false},"author":1,"featured_media":9918,"comment_status":"open","ping_status":"open","sticky":false,"template":"","format":"standard","meta":{"jnews-multi-image_gallery":[],"jnews_single_post":[],"jnews_primary_category":[],"jnews_social_meta":[],"jnews_override_counter":[],"footnotes":""},"categories":[5],"tags":[],"class_list":["post-9917","post","type-post","status-publish","format-standard","has-post-thumbnail","hentry","category-turkiye"],"yoast_head":"<!-- This site is optimized with the Yoast SEO plugin v27.4 - https:\/\/yoast.com\/product\/yoast-seo-wordpress\/ -->\n<title>Narin G\u00fcran soru\u015fturmas\u0131nda g\u00f6zalt\u0131na al\u0131nan Hediye G\u00fcran tutukland\u0131 - Kuzeyin Sesi<\/title>\n<meta name=\"robots\" content=\"index, follow, max-snippet:-1, max-image-preview:large, max-video-preview:-1\" \/>\n<link rel=\"canonical\" href=\"https:\/\/kuzeyinsesi.org\/index.php\/2024\/09\/18\/narin-guran-sorusturmasinda-gozaltina-alinan-hediye-guran-tutuklandi\/\" \/>\n<meta property=\"og:locale\" content=\"tr_TR\" \/>\n<meta property=\"og:type\" content=\"article\" \/>\n<meta property=\"og:title\" content=\"Narin G\u00fcran soru\u015fturmas\u0131nda g\u00f6zalt\u0131na al\u0131nan Hediye G\u00fcran tutukland\u0131 - Kuzeyin Sesi\" \/>\n<meta property=\"og:description\" content=\"Diyarbak\u0131r\u2019da 8 ya\u015f\u0131ndaki Narin G\u00fcran\u2019\u0131n \u00f6ld\u00fcr\u00fclmesiyle ilgili soru\u015fturma kapsam\u0131nda g\u00f6zalt\u0131na al\u0131nan Hediye G\u00fcran, sevk edildi\u011fi sulh ceza hakimli\u011fince tutukland\u0131. Merkez Ba\u011flar il\u00e7esinin Tav\u015fantepe Mahallesi\u2019nde 21 A\u011fustos\u2019ta kaybolan ve 8 Eyl\u00fcl\u2019de E\u011fertutmaz Deresi\u2019nde cans\u0131z bedenine ula\u015f\u0131lan Narin G\u00fcran\u2019\u0131n \u00f6ld\u00fcr\u00fclmesine ili\u015fkin Diyarbak\u0131r Cumhuriyet Ba\u015fsavc\u0131l\u0131\u011f\u0131nca y\u00fcr\u00fct\u00fclen soru\u015fturma s\u00fcr\u00fcyor. Soru\u015fturma kapsam\u0131nda \u00e7\u0131kar\u0131ld\u0131\u011f\u0131 n\u00f6bet\u00e7i sulh ceza hakimli\u011fince \u201cSu\u00e7 delillerini yok [&hellip;]\" \/>\n<meta property=\"og:url\" content=\"https:\/\/kuzeyinsesi.org\/index.php\/2024\/09\/18\/narin-guran-sorusturmasinda-gozaltina-alinan-hediye-guran-tutuklandi\/\" \/>\n<meta property=\"og:site_name\" content=\"Kuzeyin Sesi\" \/>\n<meta property=\"article:publisher\" content=\"https:\/\/www.facebook.com\/kuzeyinsesii\" \/>\n<meta property=\"article:published_time\" content=\"2024-09-18T07:58:42+00:00\" \/>\n<meta property=\"og:image\" content=\"https:\/\/brtk.net\/wp-content\/uploads\/2024\/09\/17\/aa-20240917-35663977-35663976-narin-guran-sorusturmasinda-gozaltina-alinan-hediye-guran-tutuklandi.jpg?ver=2996024aa159946217e4b6a206ec38b2\" \/>\n<meta name=\"author\" content=\"Kuzeyin Sesi\" \/>\n<meta name=\"twitter:card\" content=\"summary_large_image\" \/>\n<meta name=\"twitter:creator\" content=\"@kuzeyinsesii\" \/>\n<meta name=\"twitter:site\" content=\"@kuzeyinsesii\" \/>\n<meta name=\"twitter:label1\" content=\"Yazan:\" \/>\n\t<meta name=\"twitter:data1\" content=\"Kuzeyin Sesi\" \/>\n\t<meta name=\"twitter:label2\" content=\"Tahmini okuma s\u00fcresi\" \/>\n\t<meta name=\"twitter:data2\" content=\"1 dakika\" \/>\n<script type=\"application\/ld+json\" class=\"yoast-schema-graph\">{\"@context\":\"https:\\\/\\\/schema.org\",\"@graph\":[{\"@type\":\"Article\",\"@id\":\"https:\\\/\\\/kuzeyinsesi.org\\\/index.php\\\/2024\\\/09\\\/18\\\/narin-guran-sorusturmasinda-gozaltina-alinan-hediye-guran-tutuklandi\\\/#article\",\"isPartOf\":{\"@id\":\"https:\\\/\\\/kuzeyinsesi.org\\\/index.php\\\/2024\\\/09\\\/18\\\/narin-guran-sorusturmasinda-gozaltina-alinan-hediye-guran-tutuklandi\\\/\"},\"author\":{\"name\":\"Kuzeyin Sesi\",\"@id\":\"https:\\\/\\\/kuzeyinsesi.org\\\/#\\\/schema\\\/person\\\/9f859689cdf01485597712386e37f5aa\"},\"headline\":\"Narin G\u00fcran soru\u015fturmas\u0131nda g\u00f6zalt\u0131na al\u0131nan Hediye G\u00fcran tutukland\u0131\",\"datePublished\":\"2024-09-18T07:58:42+00:00\",\"mainEntityOfPage\":{\"@id\":\"https:\\\/\\\/kuzeyinsesi.org\\\/index.php\\\/2024\\\/09\\\/18\\\/narin-guran-sorusturmasinda-gozaltina-alinan-hediye-guran-tutuklandi\\\/\"},\"wordCount\":188,\"commentCount\":0,\"image\":{\"@id\":\"https:\\\/\\\/kuzeyinsesi.org\\\/index.php\\\/2024\\\/09\\\/18\\\/narin-guran-sorusturmasinda-gozaltina-alinan-hediye-guran-tutuklandi\\\/#primaryimage\"},\"thumbnailUrl\":\"https:\\\/\\\/kuzeyinsesi.org\\\/wp-content\\\/uploads\\\/2024\\\/09\\\/aa-20240917-35663977-35663976-narin-guran-sorusturmasinda-gozaltina-alinan-hediye-guran-tutuklandi.j.jpeg\",\"articleSection\":[\"T\u00fcrkiye\"],\"inLanguage\":\"tr\",\"potentialAction\":[{\"@type\":\"CommentAction\",\"name\":\"Comment\",\"target\":[\"https:\\\/\\\/kuzeyinsesi.org\\\/index.php\\\/2024\\\/09\\\/18\\\/narin-guran-sorusturmasinda-gozaltina-alinan-hediye-guran-tutuklandi\\\/#respond\"]}]},{\"@type\":\"WebPage\",\"@id\":\"https:\\\/\\\/kuzeyinsesi.org\\\/index.php\\\/2024\\\/09\\\/18\\\/narin-guran-sorusturmasinda-gozaltina-alinan-hediye-guran-tutuklandi\\\/\",\"url\":\"https:\\\/\\\/kuzeyinsesi.org\\\/index.php\\\/2024\\\/09\\\/18\\\/narin-guran-sorusturmasinda-gozaltina-alinan-hediye-guran-tutuklandi\\\/\",\"name\":\"Narin G\u00fcran soru\u015fturmas\u0131nda g\u00f6zalt\u0131na al\u0131nan Hediye G\u00fcran tutukland\u0131 - Kuzeyin Sesi\",\"isPartOf\":{\"@id\":\"https:\\\/\\\/kuzeyinsesi.org\\\/#website\"},\"primaryImageOfPage\":{\"@id\":\"https:\\\/\\\/kuzeyinsesi.org\\\/index.php\\\/2024\\\/09\\\/18\\\/narin-guran-sorusturmasinda-gozaltina-alinan-hediye-guran-tutuklandi\\\/#primaryimage\"},\"image\":{\"@id\":\"https:\\\/\\\/kuzeyinsesi.org\\\/index.php\\\/2024\\\/09\\\/18\\\/narin-guran-sorusturmasinda-gozaltina-alinan-hediye-guran-tutuklandi\\\/#primaryimage\"},\"thumbnailUrl\":\"https:\\\/\\\/kuzeyinsesi.org\\\/wp-content\\\/uploads\\\/2024\\\/09\\\/aa-20240917-35663977-35663976-narin-guran-sorusturmasinda-gozaltina-alinan-hediye-guran-tutuklandi.j.jpeg\",\"datePublished\":\"2024-09-18T07:58:42+00:00\",\"author\":{\"@id\":\"https:\\\/\\\/kuzeyinsesi.org\\\/#\\\/schema\\\/person\\\/9f859689cdf01485597712386e37f5aa\"},\"breadcrumb\":{\"@id\":\"https:\\\/\\\/kuzeyinsesi.org\\\/index.php\\\/2024\\\/09\\\/18\\\/narin-guran-sorusturmasinda-gozaltina-alinan-hediye-guran-tutuklandi\\\/#breadcrumb\"},\"inLanguage\":\"tr\",\"potentialAction\":[{\"@type\":\"ReadAction\",\"target\":[\"https:\\\/\\\/kuzeyinsesi.org\\\/index.php\\\/2024\\\/09\\\/18\\\/narin-guran-sorusturmasinda-gozaltina-alinan-hediye-guran-tutuklandi\\\/\"]}]},{\"@type\":\"ImageObject\",\"inLanguage\":\"tr\",\"@id\":\"https:\\\/\\\/kuzeyinsesi.org\\\/index.php\\\/2024\\\/09\\\/18\\\/narin-guran-sorusturmasinda-gozaltina-alinan-hediye-guran-tutuklandi\\\/#primaryimage\",\"url\":\"https:\\\/\\\/kuzeyinsesi.org\\\/wp-content\\\/uploads\\\/2024\\\/09\\\/aa-20240917-35663977-35663976-narin-guran-sorusturmasinda-gozaltina-alinan-hediye-guran-tutuklandi.j.jpeg\",\"contentUrl\":\"https:\\\/\\\/kuzeyinsesi.org\\\/wp-content\\\/uploads\\\/2024\\\/09\\\/aa-20240917-35663977-35663976-narin-guran-sorusturmasinda-gozaltina-alinan-hediye-guran-tutuklandi.j.jpeg\",\"width\":1600,\"height\":1200},{\"@type\":\"BreadcrumbList\",\"@id\":\"https:\\\/\\\/kuzeyinsesi.org\\\/index.php\\\/2024\\\/09\\\/18\\\/narin-guran-sorusturmasinda-gozaltina-alinan-hediye-guran-tutuklandi\\\/#breadcrumb\",\"itemListElement\":[{\"@type\":\"ListItem\",\"position\":1,\"name\":\"Anasayfa\",\"item\":\"https:\\\/\\\/kuzeyinsesi.org\\\/\"},{\"@type\":\"ListItem\",\"position\":2,\"name\":\"Narin G\u00fcran soru\u015fturmas\u0131nda g\u00f6zalt\u0131na al\u0131nan Hediye G\u00fcran tutukland\u0131\"}]},{\"@type\":\"WebSite\",\"@id\":\"https:\\\/\\\/kuzeyinsesi.org\\\/#website\",\"url\":\"https:\\\/\\\/kuzeyinsesi.org\\\/\",\"name\":\"Kuzeyin Sesi\",\"description\":\"Do\u011fru Haberin Adresi\",\"potentialAction\":[{\"@type\":\"SearchAction\",\"target\":{\"@type\":\"EntryPoint\",\"urlTemplate\":\"https:\\\/\\\/kuzeyinsesi.org\\\/?s={search_term_string}\"},\"query-input\":{\"@type\":\"PropertyValueSpecification\",\"valueRequired\":true,\"valueName\":\"search_term_string\"}}],\"inLanguage\":\"tr\"},{\"@type\":\"Person\",\"@id\":\"https:\\\/\\\/kuzeyinsesi.org\\\/#\\\/schema\\\/person\\\/9f859689cdf01485597712386e37f5aa\",\"name\":\"Kuzeyin Sesi\",\"image\":{\"@type\":\"ImageObject\",\"inLanguage\":\"tr\",\"@id\":\"https:\\\/\\\/secure.gravatar.com\\\/avatar\\\/bab33852abfd8b282518d6ed81826833d77c3c882d9ab608add591ccace47a44?s=96&d=mm&r=g\",\"url\":\"https:\\\/\\\/secure.gravatar.com\\\/avatar\\\/bab33852abfd8b282518d6ed81826833d77c3c882d9ab608add591ccace47a44?s=96&d=mm&r=g\",\"contentUrl\":\"https:\\\/\\\/secure.gravatar.com\\\/avatar\\\/bab33852abfd8b282518d6ed81826833d77c3c882d9ab608add591ccace47a44?s=96&d=mm&r=g\",\"caption\":\"Kuzeyin Sesi\"},\"sameAs\":[\"https:\\\/\\\/kuzeyinsesi.org\"],\"url\":\"https:\\\/\\\/kuzeyinsesi.org\\\/index.php\\\/author\\\/guven\\\/\"}]}<\/script>\n<!-- \/ Yoast SEO plugin. -->","yoast_head_json":{"title":"Narin G\u00fcran soru\u015fturmas\u0131nda g\u00f6zalt\u0131na al\u0131nan Hediye G\u00fcran tutukland\u0131 - Kuzeyin Sesi","robots":{"index":"index","follow":"follow","max-snippet":"max-snippet:-1","max-image-preview":"max-image-preview:large","max-video-preview":"max-video-preview:-1"},"canonical":"https:\/\/kuzeyinsesi.org\/index.php\/2024\/09\/18\/narin-guran-sorusturmasinda-gozaltina-alinan-hediye-guran-tutuklandi\/","og_locale":"tr_TR","og_type":"article","og_title":"Narin G\u00fcran soru\u015fturmas\u0131nda g\u00f6zalt\u0131na al\u0131nan Hediye G\u00fcran tutukland\u0131 - Kuzeyin Sesi","og_description":"Diyarbak\u0131r\u2019da 8 ya\u015f\u0131ndaki Narin G\u00fcran\u2019\u0131n \u00f6ld\u00fcr\u00fclmesiyle ilgili soru\u015fturma kapsam\u0131nda g\u00f6zalt\u0131na al\u0131nan Hediye G\u00fcran, sevk edildi\u011fi sulh ceza hakimli\u011fince tutukland\u0131. Merkez Ba\u011flar il\u00e7esinin Tav\u015fantepe Mahallesi\u2019nde 21 A\u011fustos\u2019ta kaybolan ve 8 Eyl\u00fcl\u2019de E\u011fertutmaz Deresi\u2019nde cans\u0131z bedenine ula\u015f\u0131lan Narin G\u00fcran\u2019\u0131n \u00f6ld\u00fcr\u00fclmesine ili\u015fkin Diyarbak\u0131r Cumhuriyet Ba\u015fsavc\u0131l\u0131\u011f\u0131nca y\u00fcr\u00fct\u00fclen soru\u015fturma s\u00fcr\u00fcyor. Soru\u015fturma kapsam\u0131nda \u00e7\u0131kar\u0131ld\u0131\u011f\u0131 n\u00f6bet\u00e7i sulh ceza hakimli\u011fince \u201cSu\u00e7 delillerini yok [&hellip;]","og_url":"https:\/\/kuzeyinsesi.org\/index.php\/2024\/09\/18\/narin-guran-sorusturmasinda-gozaltina-alinan-hediye-guran-tutuklandi\/","og_site_name":"Kuzeyin Sesi","article_publisher":"https:\/\/www.facebook.com\/kuzeyinsesii","article_published_time":"2024-09-18T07:58:42+00:00","og_image":[{"url":"https:\/\/brtk.net\/wp-content\/uploads\/2024\/09\/17\/aa-20240917-35663977-35663976-narin-guran-sorusturmasinda-gozaltina-alinan-hediye-guran-tutuklandi.jpg?ver=2996024aa159946217e4b6a206ec38b2","type":"","width":"","height":""}],"author":"Kuzeyin Sesi","twitter_card":"summary_large_image","twitter_creator":"@kuzeyinsesii","twitter_site":"@kuzeyinsesii","twitter_misc":{"Yazan:":"Kuzeyin Sesi","Tahmini okuma s\u00fcresi":"1 dakika"},"schema":{"@context":"https:\/\/schema.org","@graph":[{"@type":"Article","@id":"https:\/\/kuzeyinsesi.org\/index.php\/2024\/09\/18\/narin-guran-sorusturmasinda-gozaltina-alinan-hediye-guran-tutuklandi\/#article","isPartOf":{"@id":"https:\/\/kuzeyinsesi.org\/index.php\/2024\/09\/18\/narin-guran-sorusturmasinda-gozaltina-alinan-hediye-guran-tutuklandi\/"},"author":{"name":"Kuzeyin Sesi","@id":"https:\/\/kuzeyinsesi.org\/#\/schema\/person\/9f859689cdf01485597712386e37f5aa"},"headline":"Narin G\u00fcran soru\u015fturmas\u0131nda g\u00f6zalt\u0131na al\u0131nan Hediye G\u00fcran tutukland\u0131","datePublished":"2024-09-18T07:58:42+00:00","mainEntityOfPage":{"@id":"https:\/\/kuzeyinsesi.org\/index.php\/2024\/09\/18\/narin-guran-sorusturmasinda-gozaltina-alinan-hediye-guran-tutuklandi\/"},"wordCount":188,"commentCount":0,"image":{"@id":"https:\/\/kuzeyinsesi.org\/index.php\/2024\/09\/18\/narin-guran-sorusturmasinda-gozaltina-alinan-hediye-guran-tutuklandi\/#primaryimage"},"thumbnailUrl":"https:\/\/kuzeyinsesi.org\/wp-content\/uploads\/2024\/09\/aa-20240917-35663977-35663976-narin-guran-sorusturmasinda-gozaltina-alinan-hediye-guran-tutuklandi.j.jpeg","articleSection":["T\u00fcrkiye"],"inLanguage":"tr","potentialAction":[{"@type":"CommentAction","name":"Comment","target":["https:\/\/kuzeyinsesi.org\/index.php\/2024\/09\/18\/narin-guran-sorusturmasinda-gozaltina-alinan-hediye-guran-tutuklandi\/#respond"]}]},{"@type":"WebPage","@id":"https:\/\/kuzeyinsesi.org\/index.php\/2024\/09\/18\/narin-guran-sorusturmasinda-gozaltina-alinan-hediye-guran-tutuklandi\/","url":"https:\/\/kuzeyinsesi.org\/index.php\/2024\/09\/18\/narin-guran-sorusturmasinda-gozaltina-alinan-hediye-guran-tutuklandi\/","name":"Narin G\u00fcran soru\u015fturmas\u0131nda g\u00f6zalt\u0131na al\u0131nan Hediye G\u00fcran tutukland\u0131 - Kuzeyin Sesi","isPartOf":{"@id":"https:\/\/kuzeyinsesi.org\/#website"},"primaryImageOfPage":{"@id":"https:\/\/kuzeyinsesi.org\/index.php\/2024\/09\/18\/narin-guran-sorusturmasinda-gozaltina-alinan-hediye-guran-tutuklandi\/#primaryimage"},"image":{"@id":"https:\/\/kuzeyinsesi.org\/index.php\/2024\/09\/18\/narin-guran-sorusturmasinda-gozaltina-alinan-hediye-guran-tutuklandi\/#primaryimage"},"thumbnailUrl":"https:\/\/kuzeyinsesi.org\/wp-content\/uploads\/2024\/09\/aa-20240917-35663977-35663976-narin-guran-sorusturmasinda-gozaltina-alinan-hediye-guran-tutuklandi.j.jpeg","datePublished":"2024-09-18T07:58:42+00:00","author":{"@id":"https:\/\/kuzeyinsesi.org\/#\/schema\/person\/9f859689cdf01485597712386e37f5aa"},"breadcrumb":{"@id":"https:\/\/kuzeyinsesi.org\/index.php\/2024\/09\/18\/narin-guran-sorusturmasinda-gozaltina-alinan-hediye-guran-tutuklandi\/#breadcrumb"},"inLanguage":"tr","potentialAction":[{"@type":"ReadAction","target":["https:\/\/kuzeyinsesi.org\/index.php\/2024\/09\/18\/narin-guran-sorusturmasinda-gozaltina-alinan-hediye-guran-tutuklandi\/"]}]},{"@type":"ImageObject","inLanguage":"tr","@id":"https:\/\/kuzeyinsesi.org\/index.php\/2024\/09\/18\/narin-guran-sorusturmasinda-gozaltina-alinan-hediye-guran-tutuklandi\/#primaryimage","url":"https:\/\/kuzeyinsesi.org\/wp-content\/uploads\/2024\/09\/aa-20240917-35663977-35663976-narin-guran-sorusturmasinda-gozaltina-alinan-hediye-guran-tutuklandi.j.jpeg","contentUrl":"https:\/\/kuzeyinsesi.org\/wp-content\/uploads\/2024\/09\/aa-20240917-35663977-35663976-narin-guran-sorusturmasinda-gozaltina-alinan-hediye-guran-tutuklandi.j.jpeg","width":1600,"height":1200},{"@type":"BreadcrumbList","@id":"https:\/\/kuzeyinsesi.org\/index.php\/2024\/09\/18\/narin-guran-sorusturmasinda-gozaltina-alinan-hediye-guran-tutuklandi\/#breadcrumb","itemListElement":[{"@type":"ListItem","position":1,"name":"Anasayfa","item":"https:\/\/kuzeyinsesi.org\/"},{"@type":"ListItem","position":2,"name":"Narin G\u00fcran soru\u015fturmas\u0131nda g\u00f6zalt\u0131na al\u0131nan Hediye G\u00fcran tutukland\u0131"}]},{"@type":"WebSite","@id":"https:\/\/kuzeyinsesi.org\/#website","url":"https:\/\/kuzeyinsesi.org\/","name":"Kuzeyin Sesi","description":"Do\u011fru Haberin Adresi","potentialAction":[{"@type":"SearchAction","target":{"@type":"EntryPoint","urlTemplate":"https:\/\/kuzeyinsesi.org\/?s={search_term_string}"},"query-input":{"@type":"PropertyValueSpecification","valueRequired":true,"valueName":"search_term_string"}}],"inLanguage":"tr"},{"@type":"Person","@id":"https:\/\/kuzeyinsesi.org\/#\/schema\/person\/9f859689cdf01485597712386e37f5aa","name":"Kuzeyin Sesi","image":{"@type":"ImageObject","inLanguage":"tr","@id":"https:\/\/secure.gravatar.com\/avatar\/bab33852abfd8b282518d6ed81826833d77c3c882d9ab608add591ccace47a44?s=96&d=mm&r=g","url":"https:\/\/secure.gravatar.com\/avatar\/bab33852abfd8b282518d6ed81826833d77c3c882d9ab608add591ccace47a44?s=96&d=mm&r=g","contentUrl":"https:\/\/secure.gravatar.com\/avatar\/bab33852abfd8b282518d6ed81826833d77c3c882d9ab608add591ccace47a44?s=96&d=mm&r=g","caption":"Kuzeyin Sesi"},"sameAs":["https:\/\/kuzeyinsesi.org"],"url":"https:\/\/kuzeyinsesi.org\/index.php\/author\/guven\/"}]}},"_links":{"self":[{"href":"https:\/\/kuzeyinsesi.org\/index.php\/wp-json\/wp\/v2\/posts\/9917","targetHints":{"allow":["GET"]}}],"collection":[{"href":"https:\/\/kuzeyinsesi.org\/index.php\/wp-json\/wp\/v2\/posts"}],"about":[{"href":"https:\/\/kuzeyinsesi.org\/index.php\/wp-json\/wp\/v2\/types\/post"}],"author":[{"embeddable":true,"href":"https:\/\/kuzeyinsesi.org\/index.php\/wp-json\/wp\/v2\/users\/1"}],"replies":[{"embeddable":true,"href":"https:\/\/kuzeyinsesi.org\/index.php\/wp-json\/wp\/v2\/comments?post=9917"}],"version-history":[{"count":0,"href":"https:\/\/kuzeyinsesi.org\/index.php\/wp-json\/wp\/v2\/posts\/9917\/revisions"}],"wp:featuredmedia":[{"embeddable":true,"href":"https:\/\/kuzeyinsesi.org\/index.php\/wp-json\/wp\/v2\/media\/9918"}],"wp:attachment":[{"href":"https:\/\/kuzeyinsesi.org\/index.php\/wp-json\/wp\/v2\/media?parent=9917"}],"wp:term":[{"taxonomy":"category","embeddable":true,"href":"https:\/\/kuzeyinsesi.org\/index.php\/wp-json\/wp\/v2\/categories?post=9917"},{"taxonomy":"post_tag","embeddable":true,"href":"https:\/\/kuzeyinsesi.org\/index.php\/wp-json\/wp\/v2\/tags?post=9917"}],"curies":[{"name":"wp","href":"https:\/\/api.w.org\/{rel}","templated":true}]}}