{"id":9909,"date":"2024-09-18T09:44:51","date_gmt":"2024-09-18T06:44:51","guid":{"rendered":"https:\/\/kuzeyinsesi.org\/index.php\/2024\/09\/18\/eskisehirde-fotograflarla-rauf-denktas-sergisi-acildi\/"},"modified":"2024-09-18T09:44:51","modified_gmt":"2024-09-18T06:44:51","slug":"eskisehirde-fotograflarla-rauf-denktas-sergisi-acildi","status":"publish","type":"post","link":"https:\/\/kuzeyinsesi.org\/index.php\/2024\/09\/18\/eskisehirde-fotograflarla-rauf-denktas-sergisi-acildi\/","title":{"rendered":"Eski\u015fehir\u2019de \u201cFoto\u011fraflarla Rauf Denkta\u015f\u201d sergisi a\u00e7\u0131ld\u0131"},"content":{"rendered":"<div>\n<div class=\"mariselle-image-container center\">\n                                            <\/div>\n<p>T\u00fcrkiye\u2019de Eski\u015fehir \u0130l K\u00fclt\u00fcr ve Turizm M\u00fcd\u00fcrl\u00fc\u011f\u00fc taraf\u0131ndan kurucu Cumhurba\u015fkan\u0131m\u0131z merhum Rauf Raif Denkta\u015f\u2019\u0131n 100\u2019\u00fcnc\u00fc do\u011fum y\u0131l\u0131 dolay\u0131s\u0131yla haz\u0131rlanan \u201cFoto\u011fraflarla Rauf Denkta\u015f\u201d sergisi a\u00e7\u0131ld\u0131.<\/p>\n<p>Denkta\u015f\u2019\u0131n \u00e7ekti\u011fi foto\u011fraflar\u0131n da yer ald\u0131\u011f\u0131 sergi, kurdele kesimiyle a\u00e7\u0131ld\u0131. Serginin gezilmesinin ard\u0131ndan d\u00fczenlenen panelde Serdar Denkta\u015f, babas\u0131 Rauf Denkta\u015f\u2019\u0131n ya\u015fam\u0131na ili\u015fkin bilgiler verdi.<\/p>\n<p>\u0130l K\u00fclt\u00fcr ve Turizm M\u00fcd\u00fcrl\u00fc\u011f\u00fc G\u00fczel Sanatlar Galerisi\u2019ndeki foto\u011fraf sergisinin a\u00e7\u0131l\u0131\u015f\u0131na Vali Yard\u0131mc\u0131s\u0131 Okan Leblebicier, Tepeba\u015f\u0131 Belediye Ba\u015fkan\u0131 Ahmet Ata\u00e7, \u0130l K\u00fclt\u00fcr ve Turizm M\u00fcd\u00fcr\u00fc B\u00fclent Avnamak, Denkta\u015f\u2019\u0131n o\u011flu Serdar Denkta\u015f ile T\u00fcrkiye Muharip Gaziler Derne\u011fi Eski\u015fehir \u015eubesi \u00fcyeleri de kat\u0131ld\u0131.<\/p>\n<\/p><\/div>\n<p><script async\n                    defer\n                    crossorigin=\"anonymous\"\n                    src=\"https:\/\/connect.facebook.net\/tr_TR\/sdk.js#xfbml=1&#038;version=v3.3\"\n            ><\/script><\/p>\n","protected":false},"excerpt":{"rendered":"<p>T\u00fcrkiye\u2019de Eski\u015fehir \u0130l K\u00fclt\u00fcr ve Turizm M\u00fcd\u00fcrl\u00fc\u011f\u00fc taraf\u0131ndan kurucu Cumhurba\u015fkan\u0131m\u0131z merhum Rauf Raif Denkta\u015f\u2019\u0131n 100\u2019\u00fcnc\u00fc do\u011fum y\u0131l\u0131 dolay\u0131s\u0131yla haz\u0131rlanan \u201cFoto\u011fraflarla Rauf Denkta\u015f\u201d sergisi a\u00e7\u0131ld\u0131. Denkta\u015f\u2019\u0131n \u00e7ekti\u011fi foto\u011fraflar\u0131n da yer ald\u0131\u011f\u0131 sergi, kurdele kesimiyle a\u00e7\u0131ld\u0131. Serginin gezilmesinin ard\u0131ndan d\u00fczenlenen panelde Serdar Denkta\u015f, babas\u0131 Rauf Denkta\u015f\u2019\u0131n ya\u015fam\u0131na ili\u015fkin bilgiler verdi. \u0130l K\u00fclt\u00fcr ve Turizm M\u00fcd\u00fcrl\u00fc\u011f\u00fc G\u00fczel Sanatlar [&hellip;]<\/p>\n","protected":false},"author":1,"featured_media":9910,"comment_status":"open","ping_status":"open","sticky":false,"template":"","format":"standard","meta":{"jnews-multi-image_gallery":[],"jnews_single_post":[],"jnews_primary_category":[],"jnews_social_meta":[],"jnews_override_counter":[],"footnotes":""},"categories":[6],"tags":[],"class_list":["post-9909","post","type-post","status-publish","format-standard","has-post-thumbnail","hentry","category-yasam"],"yoast_head":"<!-- This site is optimized with the Yoast SEO plugin v27.5 - https:\/\/yoast.com\/product\/yoast-seo-wordpress\/ -->\n<title>Eski\u015fehir\u2019de \u201cFoto\u011fraflarla Rauf Denkta\u015f\u201d sergisi a\u00e7\u0131ld\u0131 - Kuzeyin Sesi<\/title>\n<meta name=\"robots\" content=\"index, follow, max-snippet:-1, max-image-preview:large, max-video-preview:-1\" \/>\n<link rel=\"canonical\" href=\"https:\/\/kuzeyinsesi.org\/index.php\/2024\/09\/18\/eskisehirde-fotograflarla-rauf-denktas-sergisi-acildi\/\" \/>\n<meta property=\"og:locale\" content=\"tr_TR\" \/>\n<meta property=\"og:type\" content=\"article\" \/>\n<meta property=\"og:title\" content=\"Eski\u015fehir\u2019de \u201cFoto\u011fraflarla Rauf Denkta\u015f\u201d sergisi a\u00e7\u0131ld\u0131 - Kuzeyin Sesi\" \/>\n<meta property=\"og:description\" content=\"T\u00fcrkiye\u2019de Eski\u015fehir \u0130l K\u00fclt\u00fcr ve Turizm M\u00fcd\u00fcrl\u00fc\u011f\u00fc taraf\u0131ndan kurucu Cumhurba\u015fkan\u0131m\u0131z merhum Rauf Raif Denkta\u015f\u2019\u0131n 100\u2019\u00fcnc\u00fc do\u011fum y\u0131l\u0131 dolay\u0131s\u0131yla haz\u0131rlanan \u201cFoto\u011fraflarla Rauf Denkta\u015f\u201d sergisi a\u00e7\u0131ld\u0131. Denkta\u015f\u2019\u0131n \u00e7ekti\u011fi foto\u011fraflar\u0131n da yer ald\u0131\u011f\u0131 sergi, kurdele kesimiyle a\u00e7\u0131ld\u0131. Serginin gezilmesinin ard\u0131ndan d\u00fczenlenen panelde Serdar Denkta\u015f, babas\u0131 Rauf Denkta\u015f\u2019\u0131n ya\u015fam\u0131na ili\u015fkin bilgiler verdi. \u0130l K\u00fclt\u00fcr ve Turizm M\u00fcd\u00fcrl\u00fc\u011f\u00fc G\u00fczel Sanatlar [&hellip;]\" \/>\n<meta property=\"og:url\" content=\"https:\/\/kuzeyinsesi.org\/index.php\/2024\/09\/18\/eskisehirde-fotograflarla-rauf-denktas-sergisi-acildi\/\" \/>\n<meta property=\"og:site_name\" content=\"Kuzeyin Sesi\" \/>\n<meta property=\"article:publisher\" content=\"https:\/\/www.facebook.com\/kuzeyinsesii\" \/>\n<meta property=\"article:published_time\" content=\"2024-09-18T06:44:51+00:00\" \/>\n<meta property=\"og:image\" content=\"https:\/\/brtk.net\/wp-content\/uploads\/2024\/09\/18\/denktas-21-scaled.webp?ver=035cd37adc5bb000e6bb3f1a182b000f\" \/>\n<meta name=\"author\" content=\"Kuzeyin Sesi\" \/>\n<meta name=\"twitter:card\" content=\"summary_large_image\" \/>\n<meta name=\"twitter:creator\" content=\"@kuzeyinsesii\" \/>\n<meta name=\"twitter:site\" content=\"@kuzeyinsesii\" \/>\n<meta name=\"twitter:label1\" content=\"Yazan:\" \/>\n\t<meta name=\"twitter:data1\" content=\"Kuzeyin Sesi\" \/>\n\t<meta name=\"twitter:label2\" content=\"Tahmini okuma s\u00fcresi\" \/>\n\t<meta name=\"twitter:data2\" content=\"1 dakika\" \/>\n<script type=\"application\/ld+json\" class=\"yoast-schema-graph\">{\"@context\":\"https:\\\/\\\/schema.org\",\"@graph\":[{\"@type\":\"Article\",\"@id\":\"https:\\\/\\\/kuzeyinsesi.org\\\/index.php\\\/2024\\\/09\\\/18\\\/eskisehirde-fotograflarla-rauf-denktas-sergisi-acildi\\\/#article\",\"isPartOf\":{\"@id\":\"https:\\\/\\\/kuzeyinsesi.org\\\/index.php\\\/2024\\\/09\\\/18\\\/eskisehirde-fotograflarla-rauf-denktas-sergisi-acildi\\\/\"},\"author\":{\"name\":\"Kuzeyin Sesi\",\"@id\":\"https:\\\/\\\/kuzeyinsesi.org\\\/#\\\/schema\\\/person\\\/9f859689cdf01485597712386e37f5aa\"},\"headline\":\"Eski\u015fehir\u2019de \u201cFoto\u011fraflarla Rauf Denkta\u015f\u201d sergisi a\u00e7\u0131ld\u0131\",\"datePublished\":\"2024-09-18T06:44:51+00:00\",\"mainEntityOfPage\":{\"@id\":\"https:\\\/\\\/kuzeyinsesi.org\\\/index.php\\\/2024\\\/09\\\/18\\\/eskisehirde-fotograflarla-rauf-denktas-sergisi-acildi\\\/\"},\"wordCount\":152,\"commentCount\":0,\"image\":{\"@id\":\"https:\\\/\\\/kuzeyinsesi.org\\\/index.php\\\/2024\\\/09\\\/18\\\/eskisehirde-fotograflarla-rauf-denktas-sergisi-acildi\\\/#primaryimage\"},\"thumbnailUrl\":\"https:\\\/\\\/kuzeyinsesi.org\\\/wp-content\\\/uploads\\\/2024\\\/09\\\/denktas-21-scaled.webp.webp\",\"articleSection\":[\"Ya\u015fam\"],\"inLanguage\":\"tr\",\"potentialAction\":[{\"@type\":\"CommentAction\",\"name\":\"Comment\",\"target\":[\"https:\\\/\\\/kuzeyinsesi.org\\\/index.php\\\/2024\\\/09\\\/18\\\/eskisehirde-fotograflarla-rauf-denktas-sergisi-acildi\\\/#respond\"]}]},{\"@type\":\"WebPage\",\"@id\":\"https:\\\/\\\/kuzeyinsesi.org\\\/index.php\\\/2024\\\/09\\\/18\\\/eskisehirde-fotograflarla-rauf-denktas-sergisi-acildi\\\/\",\"url\":\"https:\\\/\\\/kuzeyinsesi.org\\\/index.php\\\/2024\\\/09\\\/18\\\/eskisehirde-fotograflarla-rauf-denktas-sergisi-acildi\\\/\",\"name\":\"Eski\u015fehir\u2019de \u201cFoto\u011fraflarla Rauf Denkta\u015f\u201d sergisi a\u00e7\u0131ld\u0131 - Kuzeyin Sesi\",\"isPartOf\":{\"@id\":\"https:\\\/\\\/kuzeyinsesi.org\\\/#website\"},\"primaryImageOfPage\":{\"@id\":\"https:\\\/\\\/kuzeyinsesi.org\\\/index.php\\\/2024\\\/09\\\/18\\\/eskisehirde-fotograflarla-rauf-denktas-sergisi-acildi\\\/#primaryimage\"},\"image\":{\"@id\":\"https:\\\/\\\/kuzeyinsesi.org\\\/index.php\\\/2024\\\/09\\\/18\\\/eskisehirde-fotograflarla-rauf-denktas-sergisi-acildi\\\/#primaryimage\"},\"thumbnailUrl\":\"https:\\\/\\\/kuzeyinsesi.org\\\/wp-content\\\/uploads\\\/2024\\\/09\\\/denktas-21-scaled.webp.webp\",\"datePublished\":\"2024-09-18T06:44:51+00:00\",\"author\":{\"@id\":\"https:\\\/\\\/kuzeyinsesi.org\\\/#\\\/schema\\\/person\\\/9f859689cdf01485597712386e37f5aa\"},\"breadcrumb\":{\"@id\":\"https:\\\/\\\/kuzeyinsesi.org\\\/index.php\\\/2024\\\/09\\\/18\\\/eskisehirde-fotograflarla-rauf-denktas-sergisi-acildi\\\/#breadcrumb\"},\"inLanguage\":\"tr\",\"potentialAction\":[{\"@type\":\"ReadAction\",\"target\":[\"https:\\\/\\\/kuzeyinsesi.org\\\/index.php\\\/2024\\\/09\\\/18\\\/eskisehirde-fotograflarla-rauf-denktas-sergisi-acildi\\\/\"]}]},{\"@type\":\"ImageObject\",\"inLanguage\":\"tr\",\"@id\":\"https:\\\/\\\/kuzeyinsesi.org\\\/index.php\\\/2024\\\/09\\\/18\\\/eskisehirde-fotograflarla-rauf-denktas-sergisi-acildi\\\/#primaryimage\",\"url\":\"https:\\\/\\\/kuzeyinsesi.org\\\/wp-content\\\/uploads\\\/2024\\\/09\\\/denktas-21-scaled.webp.webp\",\"contentUrl\":\"https:\\\/\\\/kuzeyinsesi.org\\\/wp-content\\\/uploads\\\/2024\\\/09\\\/denktas-21-scaled.webp.webp\",\"width\":2560,\"height\":1700},{\"@type\":\"BreadcrumbList\",\"@id\":\"https:\\\/\\\/kuzeyinsesi.org\\\/index.php\\\/2024\\\/09\\\/18\\\/eskisehirde-fotograflarla-rauf-denktas-sergisi-acildi\\\/#breadcrumb\",\"itemListElement\":[{\"@type\":\"ListItem\",\"position\":1,\"name\":\"Anasayfa\",\"item\":\"https:\\\/\\\/kuzeyinsesi.org\\\/\"},{\"@type\":\"ListItem\",\"position\":2,\"name\":\"Eski\u015fehir\u2019de \u201cFoto\u011fraflarla Rauf Denkta\u015f\u201d sergisi a\u00e7\u0131ld\u0131\"}]},{\"@type\":\"WebSite\",\"@id\":\"https:\\\/\\\/kuzeyinsesi.org\\\/#website\",\"url\":\"https:\\\/\\\/kuzeyinsesi.org\\\/\",\"name\":\"Kuzeyin Sesi\",\"description\":\"Do\u011fru Haberin Adresi\",\"potentialAction\":[{\"@type\":\"SearchAction\",\"target\":{\"@type\":\"EntryPoint\",\"urlTemplate\":\"https:\\\/\\\/kuzeyinsesi.org\\\/?s={search_term_string}\"},\"query-input\":{\"@type\":\"PropertyValueSpecification\",\"valueRequired\":true,\"valueName\":\"search_term_string\"}}],\"inLanguage\":\"tr\"},{\"@type\":\"Person\",\"@id\":\"https:\\\/\\\/kuzeyinsesi.org\\\/#\\\/schema\\\/person\\\/9f859689cdf01485597712386e37f5aa\",\"name\":\"Kuzeyin Sesi\",\"image\":{\"@type\":\"ImageObject\",\"inLanguage\":\"tr\",\"@id\":\"https:\\\/\\\/secure.gravatar.com\\\/avatar\\\/bab33852abfd8b282518d6ed81826833d77c3c882d9ab608add591ccace47a44?s=96&d=mm&r=g\",\"url\":\"https:\\\/\\\/secure.gravatar.com\\\/avatar\\\/bab33852abfd8b282518d6ed81826833d77c3c882d9ab608add591ccace47a44?s=96&d=mm&r=g\",\"contentUrl\":\"https:\\\/\\\/secure.gravatar.com\\\/avatar\\\/bab33852abfd8b282518d6ed81826833d77c3c882d9ab608add591ccace47a44?s=96&d=mm&r=g\",\"caption\":\"Kuzeyin Sesi\"},\"sameAs\":[\"https:\\\/\\\/kuzeyinsesi.org\"],\"url\":\"https:\\\/\\\/kuzeyinsesi.org\\\/index.php\\\/author\\\/guven\\\/\"}]}<\/script>\n<!-- \/ Yoast SEO plugin. -->","yoast_head_json":{"title":"Eski\u015fehir\u2019de \u201cFoto\u011fraflarla Rauf Denkta\u015f\u201d sergisi a\u00e7\u0131ld\u0131 - Kuzeyin Sesi","robots":{"index":"index","follow":"follow","max-snippet":"max-snippet:-1","max-image-preview":"max-image-preview:large","max-video-preview":"max-video-preview:-1"},"canonical":"https:\/\/kuzeyinsesi.org\/index.php\/2024\/09\/18\/eskisehirde-fotograflarla-rauf-denktas-sergisi-acildi\/","og_locale":"tr_TR","og_type":"article","og_title":"Eski\u015fehir\u2019de \u201cFoto\u011fraflarla Rauf Denkta\u015f\u201d sergisi a\u00e7\u0131ld\u0131 - Kuzeyin Sesi","og_description":"T\u00fcrkiye\u2019de Eski\u015fehir \u0130l K\u00fclt\u00fcr ve Turizm M\u00fcd\u00fcrl\u00fc\u011f\u00fc taraf\u0131ndan kurucu Cumhurba\u015fkan\u0131m\u0131z merhum Rauf Raif Denkta\u015f\u2019\u0131n 100\u2019\u00fcnc\u00fc do\u011fum y\u0131l\u0131 dolay\u0131s\u0131yla haz\u0131rlanan \u201cFoto\u011fraflarla Rauf Denkta\u015f\u201d sergisi a\u00e7\u0131ld\u0131. Denkta\u015f\u2019\u0131n \u00e7ekti\u011fi foto\u011fraflar\u0131n da yer ald\u0131\u011f\u0131 sergi, kurdele kesimiyle a\u00e7\u0131ld\u0131. Serginin gezilmesinin ard\u0131ndan d\u00fczenlenen panelde Serdar Denkta\u015f, babas\u0131 Rauf Denkta\u015f\u2019\u0131n ya\u015fam\u0131na ili\u015fkin bilgiler verdi. \u0130l K\u00fclt\u00fcr ve Turizm M\u00fcd\u00fcrl\u00fc\u011f\u00fc G\u00fczel Sanatlar [&hellip;]","og_url":"https:\/\/kuzeyinsesi.org\/index.php\/2024\/09\/18\/eskisehirde-fotograflarla-rauf-denktas-sergisi-acildi\/","og_site_name":"Kuzeyin Sesi","article_publisher":"https:\/\/www.facebook.com\/kuzeyinsesii","article_published_time":"2024-09-18T06:44:51+00:00","og_image":[{"url":"https:\/\/brtk.net\/wp-content\/uploads\/2024\/09\/18\/denktas-21-scaled.webp?ver=035cd37adc5bb000e6bb3f1a182b000f","type":"","width":"","height":""}],"author":"Kuzeyin Sesi","twitter_card":"summary_large_image","twitter_creator":"@kuzeyinsesii","twitter_site":"@kuzeyinsesii","twitter_misc":{"Yazan:":"Kuzeyin Sesi","Tahmini okuma s\u00fcresi":"1 dakika"},"schema":{"@context":"https:\/\/schema.org","@graph":[{"@type":"Article","@id":"https:\/\/kuzeyinsesi.org\/index.php\/2024\/09\/18\/eskisehirde-fotograflarla-rauf-denktas-sergisi-acildi\/#article","isPartOf":{"@id":"https:\/\/kuzeyinsesi.org\/index.php\/2024\/09\/18\/eskisehirde-fotograflarla-rauf-denktas-sergisi-acildi\/"},"author":{"name":"Kuzeyin Sesi","@id":"https:\/\/kuzeyinsesi.org\/#\/schema\/person\/9f859689cdf01485597712386e37f5aa"},"headline":"Eski\u015fehir\u2019de \u201cFoto\u011fraflarla Rauf Denkta\u015f\u201d sergisi a\u00e7\u0131ld\u0131","datePublished":"2024-09-18T06:44:51+00:00","mainEntityOfPage":{"@id":"https:\/\/kuzeyinsesi.org\/index.php\/2024\/09\/18\/eskisehirde-fotograflarla-rauf-denktas-sergisi-acildi\/"},"wordCount":152,"commentCount":0,"image":{"@id":"https:\/\/kuzeyinsesi.org\/index.php\/2024\/09\/18\/eskisehirde-fotograflarla-rauf-denktas-sergisi-acildi\/#primaryimage"},"thumbnailUrl":"https:\/\/kuzeyinsesi.org\/wp-content\/uploads\/2024\/09\/denktas-21-scaled.webp.webp","articleSection":["Ya\u015fam"],"inLanguage":"tr","potentialAction":[{"@type":"CommentAction","name":"Comment","target":["https:\/\/kuzeyinsesi.org\/index.php\/2024\/09\/18\/eskisehirde-fotograflarla-rauf-denktas-sergisi-acildi\/#respond"]}]},{"@type":"WebPage","@id":"https:\/\/kuzeyinsesi.org\/index.php\/2024\/09\/18\/eskisehirde-fotograflarla-rauf-denktas-sergisi-acildi\/","url":"https:\/\/kuzeyinsesi.org\/index.php\/2024\/09\/18\/eskisehirde-fotograflarla-rauf-denktas-sergisi-acildi\/","name":"Eski\u015fehir\u2019de \u201cFoto\u011fraflarla Rauf Denkta\u015f\u201d sergisi a\u00e7\u0131ld\u0131 - Kuzeyin Sesi","isPartOf":{"@id":"https:\/\/kuzeyinsesi.org\/#website"},"primaryImageOfPage":{"@id":"https:\/\/kuzeyinsesi.org\/index.php\/2024\/09\/18\/eskisehirde-fotograflarla-rauf-denktas-sergisi-acildi\/#primaryimage"},"image":{"@id":"https:\/\/kuzeyinsesi.org\/index.php\/2024\/09\/18\/eskisehirde-fotograflarla-rauf-denktas-sergisi-acildi\/#primaryimage"},"thumbnailUrl":"https:\/\/kuzeyinsesi.org\/wp-content\/uploads\/2024\/09\/denktas-21-scaled.webp.webp","datePublished":"2024-09-18T06:44:51+00:00","author":{"@id":"https:\/\/kuzeyinsesi.org\/#\/schema\/person\/9f859689cdf01485597712386e37f5aa"},"breadcrumb":{"@id":"https:\/\/kuzeyinsesi.org\/index.php\/2024\/09\/18\/eskisehirde-fotograflarla-rauf-denktas-sergisi-acildi\/#breadcrumb"},"inLanguage":"tr","potentialAction":[{"@type":"ReadAction","target":["https:\/\/kuzeyinsesi.org\/index.php\/2024\/09\/18\/eskisehirde-fotograflarla-rauf-denktas-sergisi-acildi\/"]}]},{"@type":"ImageObject","inLanguage":"tr","@id":"https:\/\/kuzeyinsesi.org\/index.php\/2024\/09\/18\/eskisehirde-fotograflarla-rauf-denktas-sergisi-acildi\/#primaryimage","url":"https:\/\/kuzeyinsesi.org\/wp-content\/uploads\/2024\/09\/denktas-21-scaled.webp.webp","contentUrl":"https:\/\/kuzeyinsesi.org\/wp-content\/uploads\/2024\/09\/denktas-21-scaled.webp.webp","width":2560,"height":1700},{"@type":"BreadcrumbList","@id":"https:\/\/kuzeyinsesi.org\/index.php\/2024\/09\/18\/eskisehirde-fotograflarla-rauf-denktas-sergisi-acildi\/#breadcrumb","itemListElement":[{"@type":"ListItem","position":1,"name":"Anasayfa","item":"https:\/\/kuzeyinsesi.org\/"},{"@type":"ListItem","position":2,"name":"Eski\u015fehir\u2019de \u201cFoto\u011fraflarla Rauf Denkta\u015f\u201d sergisi a\u00e7\u0131ld\u0131"}]},{"@type":"WebSite","@id":"https:\/\/kuzeyinsesi.org\/#website","url":"https:\/\/kuzeyinsesi.org\/","name":"Kuzeyin Sesi","description":"Do\u011fru Haberin Adresi","potentialAction":[{"@type":"SearchAction","target":{"@type":"EntryPoint","urlTemplate":"https:\/\/kuzeyinsesi.org\/?s={search_term_string}"},"query-input":{"@type":"PropertyValueSpecification","valueRequired":true,"valueName":"search_term_string"}}],"inLanguage":"tr"},{"@type":"Person","@id":"https:\/\/kuzeyinsesi.org\/#\/schema\/person\/9f859689cdf01485597712386e37f5aa","name":"Kuzeyin Sesi","image":{"@type":"ImageObject","inLanguage":"tr","@id":"https:\/\/secure.gravatar.com\/avatar\/bab33852abfd8b282518d6ed81826833d77c3c882d9ab608add591ccace47a44?s=96&d=mm&r=g","url":"https:\/\/secure.gravatar.com\/avatar\/bab33852abfd8b282518d6ed81826833d77c3c882d9ab608add591ccace47a44?s=96&d=mm&r=g","contentUrl":"https:\/\/secure.gravatar.com\/avatar\/bab33852abfd8b282518d6ed81826833d77c3c882d9ab608add591ccace47a44?s=96&d=mm&r=g","caption":"Kuzeyin Sesi"},"sameAs":["https:\/\/kuzeyinsesi.org"],"url":"https:\/\/kuzeyinsesi.org\/index.php\/author\/guven\/"}]}},"_links":{"self":[{"href":"https:\/\/kuzeyinsesi.org\/index.php\/wp-json\/wp\/v2\/posts\/9909","targetHints":{"allow":["GET"]}}],"collection":[{"href":"https:\/\/kuzeyinsesi.org\/index.php\/wp-json\/wp\/v2\/posts"}],"about":[{"href":"https:\/\/kuzeyinsesi.org\/index.php\/wp-json\/wp\/v2\/types\/post"}],"author":[{"embeddable":true,"href":"https:\/\/kuzeyinsesi.org\/index.php\/wp-json\/wp\/v2\/users\/1"}],"replies":[{"embeddable":true,"href":"https:\/\/kuzeyinsesi.org\/index.php\/wp-json\/wp\/v2\/comments?post=9909"}],"version-history":[{"count":0,"href":"https:\/\/kuzeyinsesi.org\/index.php\/wp-json\/wp\/v2\/posts\/9909\/revisions"}],"wp:featuredmedia":[{"embeddable":true,"href":"https:\/\/kuzeyinsesi.org\/index.php\/wp-json\/wp\/v2\/media\/9910"}],"wp:attachment":[{"href":"https:\/\/kuzeyinsesi.org\/index.php\/wp-json\/wp\/v2\/media?parent=9909"}],"wp:term":[{"taxonomy":"category","embeddable":true,"href":"https:\/\/kuzeyinsesi.org\/index.php\/wp-json\/wp\/v2\/categories?post=9909"},{"taxonomy":"post_tag","embeddable":true,"href":"https:\/\/kuzeyinsesi.org\/index.php\/wp-json\/wp\/v2\/tags?post=9909"}],"curies":[{"name":"wp","href":"https:\/\/api.w.org\/{rel}","templated":true}]}}