{"id":9871,"date":"2024-09-17T14:57:59","date_gmt":"2024-09-17T11:57:59","guid":{"rendered":"https:\/\/kuzeyinsesi.org\/index.php\/2024\/09\/17\/telsim-freezone-liselerarasi-muzik-yarismasinin-11incisi-icin-imzalar-atildi\/"},"modified":"2024-09-17T14:57:59","modified_gmt":"2024-09-17T11:57:59","slug":"telsim-freezone-liselerarasi-muzik-yarismasinin-11incisi-icin-imzalar-atildi","status":"publish","type":"post","link":"https:\/\/kuzeyinsesi.org\/index.php\/2024\/09\/17\/telsim-freezone-liselerarasi-muzik-yarismasinin-11incisi-icin-imzalar-atildi\/","title":{"rendered":"TELS\u0130M Freezone Liseleraras\u0131 M\u00fczik Yar\u0131\u015fmas\u0131\u2019n\u0131n 11\u2019incisi i\u00e7in imzalar at\u0131ld\u0131"},"content":{"rendered":"<div>\n<div class=\"mariselle-image-container center\">\n                                            <\/div>\n<p>Milli E\u011fitim Bakanl\u0131\u011f\u0131 ile Telsim, \u201c11. Telsim Freezone Liseleraras\u0131 M\u00fczik Yar\u0131\u015fmas\u0131\u201d i\u00e7in protokol imzalad\u0131. <\/p>\n<p>Milli E\u011fitim Bakanl\u0131\u011f\u0131\u2019ndan verilen bilgiye g\u00f6re, Telsim Freezone 11\u2019inci Liseleraras\u0131 M\u00fczik Yar\u0131\u015fmas\u0131 protokol\u00fcne Milli E\u011fitim Bakan\u0131 Naz\u0131m \u00c7avu\u015fo\u011flu ile Telsim Genel M\u00fcd\u00fcr\u00fc Sefer T\u00fcz ve Telsim Genel M\u00fcd\u00fcr Yard\u0131mc\u0131s\u0131 Fevzi Tanp\u0131nar imza koydu. <\/p>\n<p>Milli E\u011fitim Bakan\u0131 Naz\u0131m \u00c7avu\u015fo\u011flu imza t\u00f6reninde yapt\u0131\u011f\u0131 konu\u015fmada, \u00f6\u011frencilerin akademik geli\u015fiminin yan\u0131nda sosyal, k\u00fclt\u00fcrel, sportif ve sanatsal geli\u015fimlerini de \u00f6nde tuttuklar\u0131n\u0131, yar\u0131\u015fmay\u0131 Telsim ile yapmaktan b\u00fcy\u00fck bir mutluluk duyduklar\u0131n\u0131 ifade etti.<\/p>\n<p>\u00c7ocuklar\u0131n yeteneklerinin ortaya \u00e7\u0131kar\u0131lmas\u0131nda \u00f6\u011fretmenlere ve Telsim\u2019e katk\u0131lar\u0131ndan dolay\u0131 te\u015fekk\u00fcr eden \u00c7avu\u015fo\u011flu, bu t\u00fcr yar\u0131\u015fmalar\u0131n \u00f6\u011frencileri motive etti\u011fini ve geli\u015fimlerine katk\u0131 koydu\u011funu s\u00f6yledi. <\/p>\n<p>Bir\u00e7ok alanda hedefleri ve hobileri olan nesiller yeti\u015ftirmek istediklerini belirten \u00c7avu\u015fo\u011flu, \u201cBu halk bizim, bu \u00e7ocuklar bizim. Birlikte onlara ne kadar destek olabilirsek, onlar da gelecekte bu toplumu daha da ileriye ta\u015f\u0131yacakt\u0131r\u201d dedi.<\/p>\n<p>Telsim Genel M\u00fcd\u00fcr\u00fc Sefer T\u00fcz ise, Telsim Freezone Liseleraras\u0131 M\u00fczik Yar\u0131\u015fmas\u0131\u2019n\u0131n 11\u2019incisini d\u00fczenlemekten mutluluk duyduklar\u0131n\u0131 ifade etti ve \u201cTelsim Freezone Liseleraras\u0131 M\u00fczik Yar\u0131\u015fmas\u0131 KKTC\u2019de gen\u00e7ler taraf\u0131ndan en \u00e7ok ilgi g\u00f6ren organizasyonlar\u0131n ba\u015f\u0131nda geliyor ve bu da bizi \u00e7ok mutlu ediyor\u201d dedi. <\/p>\n<p>Ge\u00e7en y\u0131l rekor bir kat\u0131l\u0131mla ger\u00e7ekle\u015fen Telsim Freezone Liseleraras\u0131 M\u00fczik Yar\u0131\u015fmas\u0131\u2019na 25 liseden toplam 29 grubun kat\u0131ld\u0131\u011f\u0131n\u0131 anlatan T\u00fcz, gen\u00e7lerin bu yar\u0131\u015fmay\u0131 \u00e7ok sahiplendi\u011fini, bunun da kendilerine ne kadar do\u011fru bir i\u015f yapt\u0131klar\u0131n\u0131 g\u00f6sterdi\u011fini ifade etti. <\/p>\n<p>T\u00fcz, \u201cBug\u00fcne kadar toplam 1366 \u00f6\u011frenci yar\u0131\u015fmaya kat\u0131larak sahnede kendini g\u00f6sterme imkan\u0131 buldu. Gen\u00e7lerin m\u00fczi\u011fe olan heyecan\u0131, tutkusu bizleri bu yar\u0131\u015fmay\u0131 ger\u00e7ekle\u015ftirmemizde te\u015fvik eden ve uzun y\u0131llar s\u00fcrd\u00fcrmemize sebep olan en temel duygudur. Bu yar\u0131\u015fma ile gen\u00e7ler sosyal risklerden uzakla\u015f\u0131yorlar, beraber \u00e7al\u0131\u015farak dostluk ba\u011flar\u0131n\u0131 geli\u015ftiriyorlar ve tak\u0131m\u0131n par\u00e7as\u0131 olman\u0131n \u00f6nemini kavr\u0131yorlar. Bu gibi yar\u0131\u015fmalar gen\u00e7lerin yeteneklerini ortaya \u00e7\u0131kart\u0131yor ve farkl\u0131 alanlardaki yeteneklerini ke\u015ffetmelerine neden oluyor\u201d diye konu\u015ftu. <\/p>\n<p>T\u00fcm liselerin yar\u0131\u015fmaya kat\u0131lmas\u0131n\u0131 arzu ettiklerini belirten T\u00fcz, \u201cUmar\u0131z ki uzun y\u0131llar daha yar\u0131\u015fmam\u0131z\u0131 s\u00fcrd\u00fcr\u00fcr ve onlar\u0131n hayallerini ger\u00e7ekle\u015ftirmelerinde ortak oluruz.\u201d dedi. <\/p>\n<p>\u201c\u0130\u00e7indeki Yetene\u011fi Keyfet\u201d slogan\u0131yla d\u00fczenlenen yar\u0131\u015fmaya ba\u015fvurular\u0131n ekim ay\u0131ndan itibaren aral\u0131k sonuna kadar kabul edilece\u011fi ve yar\u0131\u015fman\u0131n finalinin Nisan 2025\u2019te olaca\u011f\u0131 belirtildi.<\/p>\n<\/p><\/div>\n<p><script async\n                    defer\n                    crossorigin=\"anonymous\"\n                    src=\"https:\/\/connect.facebook.net\/tr_TR\/sdk.js#xfbml=1&#038;version=v3.3\"\n            ><\/script><\/p>\n","protected":false},"excerpt":{"rendered":"<p>Milli E\u011fitim Bakanl\u0131\u011f\u0131 ile Telsim, \u201c11. Telsim Freezone Liseleraras\u0131 M\u00fczik Yar\u0131\u015fmas\u0131\u201d i\u00e7in protokol imzalad\u0131. Milli E\u011fitim Bakanl\u0131\u011f\u0131\u2019ndan verilen bilgiye g\u00f6re, Telsim Freezone 11\u2019inci Liseleraras\u0131 M\u00fczik Yar\u0131\u015fmas\u0131 protokol\u00fcne Milli E\u011fitim Bakan\u0131 Naz\u0131m \u00c7avu\u015fo\u011flu ile Telsim Genel M\u00fcd\u00fcr\u00fc Sefer T\u00fcz ve Telsim Genel M\u00fcd\u00fcr Yard\u0131mc\u0131s\u0131 Fevzi Tanp\u0131nar imza koydu. Milli E\u011fitim Bakan\u0131 Naz\u0131m \u00c7avu\u015fo\u011flu imza t\u00f6reninde yapt\u0131\u011f\u0131 [&hellip;]<\/p>\n","protected":false},"author":1,"featured_media":9872,"comment_status":"open","ping_status":"open","sticky":false,"template":"","format":"standard","meta":{"jnews-multi-image_gallery":[],"jnews_single_post":[],"jnews_primary_category":[],"jnews_social_meta":[],"jnews_override_counter":[],"footnotes":""},"categories":[6],"tags":[],"class_list":["post-9871","post","type-post","status-publish","format-standard","has-post-thumbnail","hentry","category-yasam"],"yoast_head":"<!-- This site is optimized with the Yoast SEO plugin v27.5 - https:\/\/yoast.com\/product\/yoast-seo-wordpress\/ -->\n<title>TELS\u0130M Freezone Liseleraras\u0131 M\u00fczik Yar\u0131\u015fmas\u0131\u2019n\u0131n 11\u2019incisi i\u00e7in imzalar at\u0131ld\u0131 - Kuzeyin Sesi<\/title>\n<meta name=\"robots\" content=\"index, follow, max-snippet:-1, max-image-preview:large, max-video-preview:-1\" \/>\n<link rel=\"canonical\" href=\"https:\/\/kuzeyinsesi.org\/index.php\/2024\/09\/17\/telsim-freezone-liselerarasi-muzik-yarismasinin-11incisi-icin-imzalar-atildi\/\" \/>\n<meta property=\"og:locale\" content=\"tr_TR\" \/>\n<meta property=\"og:type\" content=\"article\" \/>\n<meta property=\"og:title\" content=\"TELS\u0130M Freezone Liseleraras\u0131 M\u00fczik Yar\u0131\u015fmas\u0131\u2019n\u0131n 11\u2019incisi i\u00e7in imzalar at\u0131ld\u0131 - Kuzeyin Sesi\" \/>\n<meta property=\"og:description\" content=\"Milli E\u011fitim Bakanl\u0131\u011f\u0131 ile Telsim, \u201c11. Telsim Freezone Liseleraras\u0131 M\u00fczik Yar\u0131\u015fmas\u0131\u201d i\u00e7in protokol imzalad\u0131. Milli E\u011fitim Bakanl\u0131\u011f\u0131\u2019ndan verilen bilgiye g\u00f6re, Telsim Freezone 11\u2019inci Liseleraras\u0131 M\u00fczik Yar\u0131\u015fmas\u0131 protokol\u00fcne Milli E\u011fitim Bakan\u0131 Naz\u0131m \u00c7avu\u015fo\u011flu ile Telsim Genel M\u00fcd\u00fcr\u00fc Sefer T\u00fcz ve Telsim Genel M\u00fcd\u00fcr Yard\u0131mc\u0131s\u0131 Fevzi Tanp\u0131nar imza koydu. Milli E\u011fitim Bakan\u0131 Naz\u0131m \u00c7avu\u015fo\u011flu imza t\u00f6reninde yapt\u0131\u011f\u0131 [&hellip;]\" \/>\n<meta property=\"og:url\" content=\"https:\/\/kuzeyinsesi.org\/index.php\/2024\/09\/17\/telsim-freezone-liselerarasi-muzik-yarismasinin-11incisi-icin-imzalar-atildi\/\" \/>\n<meta property=\"og:site_name\" content=\"Kuzeyin Sesi\" \/>\n<meta property=\"article:publisher\" content=\"https:\/\/www.facebook.com\/kuzeyinsesii\" \/>\n<meta property=\"article:published_time\" content=\"2024-09-17T11:57:59+00:00\" \/>\n<meta property=\"og:image\" content=\"https:\/\/brtk.net\/wp-content\/uploads\/2024\/09\/17\/meb-telsim-freezone-protokol-1-scaled.jpg?ver=c7020d09c9975c0bf0e1acc07ad65ccf\" \/>\n<meta name=\"author\" content=\"Kuzeyin Sesi\" \/>\n<meta name=\"twitter:card\" content=\"summary_large_image\" \/>\n<meta name=\"twitter:creator\" content=\"@kuzeyinsesii\" \/>\n<meta name=\"twitter:site\" content=\"@kuzeyinsesii\" \/>\n<meta name=\"twitter:label1\" content=\"Yazan:\" \/>\n\t<meta name=\"twitter:data1\" content=\"Kuzeyin Sesi\" \/>\n\t<meta name=\"twitter:label2\" content=\"Tahmini okuma s\u00fcresi\" \/>\n\t<meta name=\"twitter:data2\" content=\"2 dakika\" \/>\n<script type=\"application\/ld+json\" class=\"yoast-schema-graph\">{\"@context\":\"https:\\\/\\\/schema.org\",\"@graph\":[{\"@type\":\"Article\",\"@id\":\"https:\\\/\\\/kuzeyinsesi.org\\\/index.php\\\/2024\\\/09\\\/17\\\/telsim-freezone-liselerarasi-muzik-yarismasinin-11incisi-icin-imzalar-atildi\\\/#article\",\"isPartOf\":{\"@id\":\"https:\\\/\\\/kuzeyinsesi.org\\\/index.php\\\/2024\\\/09\\\/17\\\/telsim-freezone-liselerarasi-muzik-yarismasinin-11incisi-icin-imzalar-atildi\\\/\"},\"author\":{\"name\":\"Kuzeyin Sesi\",\"@id\":\"https:\\\/\\\/kuzeyinsesi.org\\\/#\\\/schema\\\/person\\\/9f859689cdf01485597712386e37f5aa\"},\"headline\":\"TELS\u0130M Freezone Liseleraras\u0131 M\u00fczik Yar\u0131\u015fmas\u0131\u2019n\u0131n 11\u2019incisi i\u00e7in imzalar at\u0131ld\u0131\",\"datePublished\":\"2024-09-17T11:57:59+00:00\",\"mainEntityOfPage\":{\"@id\":\"https:\\\/\\\/kuzeyinsesi.org\\\/index.php\\\/2024\\\/09\\\/17\\\/telsim-freezone-liselerarasi-muzik-yarismasinin-11incisi-icin-imzalar-atildi\\\/\"},\"wordCount\":491,\"commentCount\":0,\"image\":{\"@id\":\"https:\\\/\\\/kuzeyinsesi.org\\\/index.php\\\/2024\\\/09\\\/17\\\/telsim-freezone-liselerarasi-muzik-yarismasinin-11incisi-icin-imzalar-atildi\\\/#primaryimage\"},\"thumbnailUrl\":\"https:\\\/\\\/kuzeyinsesi.org\\\/wp-content\\\/uploads\\\/2024\\\/09\\\/meb-telsim-freezone-protokol-1-scaled.jpg\",\"articleSection\":[\"Ya\u015fam\"],\"inLanguage\":\"tr\",\"potentialAction\":[{\"@type\":\"CommentAction\",\"name\":\"Comment\",\"target\":[\"https:\\\/\\\/kuzeyinsesi.org\\\/index.php\\\/2024\\\/09\\\/17\\\/telsim-freezone-liselerarasi-muzik-yarismasinin-11incisi-icin-imzalar-atildi\\\/#respond\"]}]},{\"@type\":\"WebPage\",\"@id\":\"https:\\\/\\\/kuzeyinsesi.org\\\/index.php\\\/2024\\\/09\\\/17\\\/telsim-freezone-liselerarasi-muzik-yarismasinin-11incisi-icin-imzalar-atildi\\\/\",\"url\":\"https:\\\/\\\/kuzeyinsesi.org\\\/index.php\\\/2024\\\/09\\\/17\\\/telsim-freezone-liselerarasi-muzik-yarismasinin-11incisi-icin-imzalar-atildi\\\/\",\"name\":\"TELS\u0130M Freezone Liseleraras\u0131 M\u00fczik Yar\u0131\u015fmas\u0131\u2019n\u0131n 11\u2019incisi i\u00e7in imzalar at\u0131ld\u0131 - Kuzeyin Sesi\",\"isPartOf\":{\"@id\":\"https:\\\/\\\/kuzeyinsesi.org\\\/#website\"},\"primaryImageOfPage\":{\"@id\":\"https:\\\/\\\/kuzeyinsesi.org\\\/index.php\\\/2024\\\/09\\\/17\\\/telsim-freezone-liselerarasi-muzik-yarismasinin-11incisi-icin-imzalar-atildi\\\/#primaryimage\"},\"image\":{\"@id\":\"https:\\\/\\\/kuzeyinsesi.org\\\/index.php\\\/2024\\\/09\\\/17\\\/telsim-freezone-liselerarasi-muzik-yarismasinin-11incisi-icin-imzalar-atildi\\\/#primaryimage\"},\"thumbnailUrl\":\"https:\\\/\\\/kuzeyinsesi.org\\\/wp-content\\\/uploads\\\/2024\\\/09\\\/meb-telsim-freezone-protokol-1-scaled.jpg\",\"datePublished\":\"2024-09-17T11:57:59+00:00\",\"author\":{\"@id\":\"https:\\\/\\\/kuzeyinsesi.org\\\/#\\\/schema\\\/person\\\/9f859689cdf01485597712386e37f5aa\"},\"breadcrumb\":{\"@id\":\"https:\\\/\\\/kuzeyinsesi.org\\\/index.php\\\/2024\\\/09\\\/17\\\/telsim-freezone-liselerarasi-muzik-yarismasinin-11incisi-icin-imzalar-atildi\\\/#breadcrumb\"},\"inLanguage\":\"tr\",\"potentialAction\":[{\"@type\":\"ReadAction\",\"target\":[\"https:\\\/\\\/kuzeyinsesi.org\\\/index.php\\\/2024\\\/09\\\/17\\\/telsim-freezone-liselerarasi-muzik-yarismasinin-11incisi-icin-imzalar-atildi\\\/\"]}]},{\"@type\":\"ImageObject\",\"inLanguage\":\"tr\",\"@id\":\"https:\\\/\\\/kuzeyinsesi.org\\\/index.php\\\/2024\\\/09\\\/17\\\/telsim-freezone-liselerarasi-muzik-yarismasinin-11incisi-icin-imzalar-atildi\\\/#primaryimage\",\"url\":\"https:\\\/\\\/kuzeyinsesi.org\\\/wp-content\\\/uploads\\\/2024\\\/09\\\/meb-telsim-freezone-protokol-1-scaled.jpg\",\"contentUrl\":\"https:\\\/\\\/kuzeyinsesi.org\\\/wp-content\\\/uploads\\\/2024\\\/09\\\/meb-telsim-freezone-protokol-1-scaled.jpg\",\"width\":2560,\"height\":1437},{\"@type\":\"BreadcrumbList\",\"@id\":\"https:\\\/\\\/kuzeyinsesi.org\\\/index.php\\\/2024\\\/09\\\/17\\\/telsim-freezone-liselerarasi-muzik-yarismasinin-11incisi-icin-imzalar-atildi\\\/#breadcrumb\",\"itemListElement\":[{\"@type\":\"ListItem\",\"position\":1,\"name\":\"Anasayfa\",\"item\":\"https:\\\/\\\/kuzeyinsesi.org\\\/\"},{\"@type\":\"ListItem\",\"position\":2,\"name\":\"TELS\u0130M Freezone Liseleraras\u0131 M\u00fczik Yar\u0131\u015fmas\u0131\u2019n\u0131n 11\u2019incisi i\u00e7in imzalar at\u0131ld\u0131\"}]},{\"@type\":\"WebSite\",\"@id\":\"https:\\\/\\\/kuzeyinsesi.org\\\/#website\",\"url\":\"https:\\\/\\\/kuzeyinsesi.org\\\/\",\"name\":\"Kuzeyin Sesi\",\"description\":\"Do\u011fru Haberin Adresi\",\"potentialAction\":[{\"@type\":\"SearchAction\",\"target\":{\"@type\":\"EntryPoint\",\"urlTemplate\":\"https:\\\/\\\/kuzeyinsesi.org\\\/?s={search_term_string}\"},\"query-input\":{\"@type\":\"PropertyValueSpecification\",\"valueRequired\":true,\"valueName\":\"search_term_string\"}}],\"inLanguage\":\"tr\"},{\"@type\":\"Person\",\"@id\":\"https:\\\/\\\/kuzeyinsesi.org\\\/#\\\/schema\\\/person\\\/9f859689cdf01485597712386e37f5aa\",\"name\":\"Kuzeyin Sesi\",\"image\":{\"@type\":\"ImageObject\",\"inLanguage\":\"tr\",\"@id\":\"https:\\\/\\\/secure.gravatar.com\\\/avatar\\\/bab33852abfd8b282518d6ed81826833d77c3c882d9ab608add591ccace47a44?s=96&d=mm&r=g\",\"url\":\"https:\\\/\\\/secure.gravatar.com\\\/avatar\\\/bab33852abfd8b282518d6ed81826833d77c3c882d9ab608add591ccace47a44?s=96&d=mm&r=g\",\"contentUrl\":\"https:\\\/\\\/secure.gravatar.com\\\/avatar\\\/bab33852abfd8b282518d6ed81826833d77c3c882d9ab608add591ccace47a44?s=96&d=mm&r=g\",\"caption\":\"Kuzeyin Sesi\"},\"sameAs\":[\"https:\\\/\\\/kuzeyinsesi.org\"],\"url\":\"https:\\\/\\\/kuzeyinsesi.org\\\/index.php\\\/author\\\/guven\\\/\"}]}<\/script>\n<!-- \/ Yoast SEO plugin. -->","yoast_head_json":{"title":"TELS\u0130M Freezone Liseleraras\u0131 M\u00fczik Yar\u0131\u015fmas\u0131\u2019n\u0131n 11\u2019incisi i\u00e7in imzalar at\u0131ld\u0131 - Kuzeyin Sesi","robots":{"index":"index","follow":"follow","max-snippet":"max-snippet:-1","max-image-preview":"max-image-preview:large","max-video-preview":"max-video-preview:-1"},"canonical":"https:\/\/kuzeyinsesi.org\/index.php\/2024\/09\/17\/telsim-freezone-liselerarasi-muzik-yarismasinin-11incisi-icin-imzalar-atildi\/","og_locale":"tr_TR","og_type":"article","og_title":"TELS\u0130M Freezone Liseleraras\u0131 M\u00fczik Yar\u0131\u015fmas\u0131\u2019n\u0131n 11\u2019incisi i\u00e7in imzalar at\u0131ld\u0131 - Kuzeyin Sesi","og_description":"Milli E\u011fitim Bakanl\u0131\u011f\u0131 ile Telsim, \u201c11. Telsim Freezone Liseleraras\u0131 M\u00fczik Yar\u0131\u015fmas\u0131\u201d i\u00e7in protokol imzalad\u0131. Milli E\u011fitim Bakanl\u0131\u011f\u0131\u2019ndan verilen bilgiye g\u00f6re, Telsim Freezone 11\u2019inci Liseleraras\u0131 M\u00fczik Yar\u0131\u015fmas\u0131 protokol\u00fcne Milli E\u011fitim Bakan\u0131 Naz\u0131m \u00c7avu\u015fo\u011flu ile Telsim Genel M\u00fcd\u00fcr\u00fc Sefer T\u00fcz ve Telsim Genel M\u00fcd\u00fcr Yard\u0131mc\u0131s\u0131 Fevzi Tanp\u0131nar imza koydu. Milli E\u011fitim Bakan\u0131 Naz\u0131m \u00c7avu\u015fo\u011flu imza t\u00f6reninde yapt\u0131\u011f\u0131 [&hellip;]","og_url":"https:\/\/kuzeyinsesi.org\/index.php\/2024\/09\/17\/telsim-freezone-liselerarasi-muzik-yarismasinin-11incisi-icin-imzalar-atildi\/","og_site_name":"Kuzeyin Sesi","article_publisher":"https:\/\/www.facebook.com\/kuzeyinsesii","article_published_time":"2024-09-17T11:57:59+00:00","og_image":[{"url":"https:\/\/brtk.net\/wp-content\/uploads\/2024\/09\/17\/meb-telsim-freezone-protokol-1-scaled.jpg?ver=c7020d09c9975c0bf0e1acc07ad65ccf","type":"","width":"","height":""}],"author":"Kuzeyin Sesi","twitter_card":"summary_large_image","twitter_creator":"@kuzeyinsesii","twitter_site":"@kuzeyinsesii","twitter_misc":{"Yazan:":"Kuzeyin Sesi","Tahmini okuma s\u00fcresi":"2 dakika"},"schema":{"@context":"https:\/\/schema.org","@graph":[{"@type":"Article","@id":"https:\/\/kuzeyinsesi.org\/index.php\/2024\/09\/17\/telsim-freezone-liselerarasi-muzik-yarismasinin-11incisi-icin-imzalar-atildi\/#article","isPartOf":{"@id":"https:\/\/kuzeyinsesi.org\/index.php\/2024\/09\/17\/telsim-freezone-liselerarasi-muzik-yarismasinin-11incisi-icin-imzalar-atildi\/"},"author":{"name":"Kuzeyin Sesi","@id":"https:\/\/kuzeyinsesi.org\/#\/schema\/person\/9f859689cdf01485597712386e37f5aa"},"headline":"TELS\u0130M Freezone Liseleraras\u0131 M\u00fczik Yar\u0131\u015fmas\u0131\u2019n\u0131n 11\u2019incisi i\u00e7in imzalar at\u0131ld\u0131","datePublished":"2024-09-17T11:57:59+00:00","mainEntityOfPage":{"@id":"https:\/\/kuzeyinsesi.org\/index.php\/2024\/09\/17\/telsim-freezone-liselerarasi-muzik-yarismasinin-11incisi-icin-imzalar-atildi\/"},"wordCount":491,"commentCount":0,"image":{"@id":"https:\/\/kuzeyinsesi.org\/index.php\/2024\/09\/17\/telsim-freezone-liselerarasi-muzik-yarismasinin-11incisi-icin-imzalar-atildi\/#primaryimage"},"thumbnailUrl":"https:\/\/kuzeyinsesi.org\/wp-content\/uploads\/2024\/09\/meb-telsim-freezone-protokol-1-scaled.jpg","articleSection":["Ya\u015fam"],"inLanguage":"tr","potentialAction":[{"@type":"CommentAction","name":"Comment","target":["https:\/\/kuzeyinsesi.org\/index.php\/2024\/09\/17\/telsim-freezone-liselerarasi-muzik-yarismasinin-11incisi-icin-imzalar-atildi\/#respond"]}]},{"@type":"WebPage","@id":"https:\/\/kuzeyinsesi.org\/index.php\/2024\/09\/17\/telsim-freezone-liselerarasi-muzik-yarismasinin-11incisi-icin-imzalar-atildi\/","url":"https:\/\/kuzeyinsesi.org\/index.php\/2024\/09\/17\/telsim-freezone-liselerarasi-muzik-yarismasinin-11incisi-icin-imzalar-atildi\/","name":"TELS\u0130M Freezone Liseleraras\u0131 M\u00fczik Yar\u0131\u015fmas\u0131\u2019n\u0131n 11\u2019incisi i\u00e7in imzalar at\u0131ld\u0131 - Kuzeyin Sesi","isPartOf":{"@id":"https:\/\/kuzeyinsesi.org\/#website"},"primaryImageOfPage":{"@id":"https:\/\/kuzeyinsesi.org\/index.php\/2024\/09\/17\/telsim-freezone-liselerarasi-muzik-yarismasinin-11incisi-icin-imzalar-atildi\/#primaryimage"},"image":{"@id":"https:\/\/kuzeyinsesi.org\/index.php\/2024\/09\/17\/telsim-freezone-liselerarasi-muzik-yarismasinin-11incisi-icin-imzalar-atildi\/#primaryimage"},"thumbnailUrl":"https:\/\/kuzeyinsesi.org\/wp-content\/uploads\/2024\/09\/meb-telsim-freezone-protokol-1-scaled.jpg","datePublished":"2024-09-17T11:57:59+00:00","author":{"@id":"https:\/\/kuzeyinsesi.org\/#\/schema\/person\/9f859689cdf01485597712386e37f5aa"},"breadcrumb":{"@id":"https:\/\/kuzeyinsesi.org\/index.php\/2024\/09\/17\/telsim-freezone-liselerarasi-muzik-yarismasinin-11incisi-icin-imzalar-atildi\/#breadcrumb"},"inLanguage":"tr","potentialAction":[{"@type":"ReadAction","target":["https:\/\/kuzeyinsesi.org\/index.php\/2024\/09\/17\/telsim-freezone-liselerarasi-muzik-yarismasinin-11incisi-icin-imzalar-atildi\/"]}]},{"@type":"ImageObject","inLanguage":"tr","@id":"https:\/\/kuzeyinsesi.org\/index.php\/2024\/09\/17\/telsim-freezone-liselerarasi-muzik-yarismasinin-11incisi-icin-imzalar-atildi\/#primaryimage","url":"https:\/\/kuzeyinsesi.org\/wp-content\/uploads\/2024\/09\/meb-telsim-freezone-protokol-1-scaled.jpg","contentUrl":"https:\/\/kuzeyinsesi.org\/wp-content\/uploads\/2024\/09\/meb-telsim-freezone-protokol-1-scaled.jpg","width":2560,"height":1437},{"@type":"BreadcrumbList","@id":"https:\/\/kuzeyinsesi.org\/index.php\/2024\/09\/17\/telsim-freezone-liselerarasi-muzik-yarismasinin-11incisi-icin-imzalar-atildi\/#breadcrumb","itemListElement":[{"@type":"ListItem","position":1,"name":"Anasayfa","item":"https:\/\/kuzeyinsesi.org\/"},{"@type":"ListItem","position":2,"name":"TELS\u0130M Freezone Liseleraras\u0131 M\u00fczik Yar\u0131\u015fmas\u0131\u2019n\u0131n 11\u2019incisi i\u00e7in imzalar at\u0131ld\u0131"}]},{"@type":"WebSite","@id":"https:\/\/kuzeyinsesi.org\/#website","url":"https:\/\/kuzeyinsesi.org\/","name":"Kuzeyin Sesi","description":"Do\u011fru Haberin Adresi","potentialAction":[{"@type":"SearchAction","target":{"@type":"EntryPoint","urlTemplate":"https:\/\/kuzeyinsesi.org\/?s={search_term_string}"},"query-input":{"@type":"PropertyValueSpecification","valueRequired":true,"valueName":"search_term_string"}}],"inLanguage":"tr"},{"@type":"Person","@id":"https:\/\/kuzeyinsesi.org\/#\/schema\/person\/9f859689cdf01485597712386e37f5aa","name":"Kuzeyin Sesi","image":{"@type":"ImageObject","inLanguage":"tr","@id":"https:\/\/secure.gravatar.com\/avatar\/bab33852abfd8b282518d6ed81826833d77c3c882d9ab608add591ccace47a44?s=96&d=mm&r=g","url":"https:\/\/secure.gravatar.com\/avatar\/bab33852abfd8b282518d6ed81826833d77c3c882d9ab608add591ccace47a44?s=96&d=mm&r=g","contentUrl":"https:\/\/secure.gravatar.com\/avatar\/bab33852abfd8b282518d6ed81826833d77c3c882d9ab608add591ccace47a44?s=96&d=mm&r=g","caption":"Kuzeyin Sesi"},"sameAs":["https:\/\/kuzeyinsesi.org"],"url":"https:\/\/kuzeyinsesi.org\/index.php\/author\/guven\/"}]}},"_links":{"self":[{"href":"https:\/\/kuzeyinsesi.org\/index.php\/wp-json\/wp\/v2\/posts\/9871","targetHints":{"allow":["GET"]}}],"collection":[{"href":"https:\/\/kuzeyinsesi.org\/index.php\/wp-json\/wp\/v2\/posts"}],"about":[{"href":"https:\/\/kuzeyinsesi.org\/index.php\/wp-json\/wp\/v2\/types\/post"}],"author":[{"embeddable":true,"href":"https:\/\/kuzeyinsesi.org\/index.php\/wp-json\/wp\/v2\/users\/1"}],"replies":[{"embeddable":true,"href":"https:\/\/kuzeyinsesi.org\/index.php\/wp-json\/wp\/v2\/comments?post=9871"}],"version-history":[{"count":0,"href":"https:\/\/kuzeyinsesi.org\/index.php\/wp-json\/wp\/v2\/posts\/9871\/revisions"}],"wp:featuredmedia":[{"embeddable":true,"href":"https:\/\/kuzeyinsesi.org\/index.php\/wp-json\/wp\/v2\/media\/9872"}],"wp:attachment":[{"href":"https:\/\/kuzeyinsesi.org\/index.php\/wp-json\/wp\/v2\/media?parent=9871"}],"wp:term":[{"taxonomy":"category","embeddable":true,"href":"https:\/\/kuzeyinsesi.org\/index.php\/wp-json\/wp\/v2\/categories?post=9871"},{"taxonomy":"post_tag","embeddable":true,"href":"https:\/\/kuzeyinsesi.org\/index.php\/wp-json\/wp\/v2\/tags?post=9871"}],"curies":[{"name":"wp","href":"https:\/\/api.w.org\/{rel}","templated":true}]}}