{"id":9865,"date":"2024-09-17T11:37:18","date_gmt":"2024-09-17T08:37:18","guid":{"rendered":"https:\/\/kuzeyinsesi.org\/index.php\/2024\/09\/17\/ltb-bursa-gastronomi-festivalinde-kibrisin-yoresel-lezzetlerini-tanitti\/"},"modified":"2024-09-17T11:37:18","modified_gmt":"2024-09-17T08:37:18","slug":"ltb-bursa-gastronomi-festivalinde-kibrisin-yoresel-lezzetlerini-tanitti","status":"publish","type":"post","link":"https:\/\/kuzeyinsesi.org\/index.php\/2024\/09\/17\/ltb-bursa-gastronomi-festivalinde-kibrisin-yoresel-lezzetlerini-tanitti\/","title":{"rendered":"LTB Bursa Gastronomi Festivali\u2019nde K\u0131br\u0131s\u2019\u0131n y\u00f6resel lezzetlerini tan\u0131tt\u0131"},"content":{"rendered":"<div>\n<div class=\"mariselle-image-container center\">\n                                            <\/div>\n<p>Lefko\u015fa T\u00fcrk Belediyesi (LTB), karde\u015f \u015fehri olan Bursa B\u00fcy\u00fck\u015fehir Belediyesi\u2019nin d\u00fczenledi\u011fi 3\u2019\u00fcnc\u00fc Bursa Gastronomi Festivali\u2019nde Lefko\u015fa stant\u0131 a\u00e7arak K\u0131br\u0131s\u2019\u0131n y\u00f6resel lezzetlerini tan\u0131tt\u0131.<\/p>\n<p>Belediye\u2019den yap\u0131lan a\u00e7\u0131klamaya g\u00f6re Bursa B\u00fcy\u00fck\u015fehir Belediyesi\u2019nin daveti \u00fczerine festivale kat\u0131lan LTB, K\u0131br\u0131s\u2019\u0131n \u00e7e\u015fitli y\u00f6resel lezzetlerini haz\u0131rlay\u0131p pi\u015firerek Bursa halk\u0131n\u0131n be\u011fenisine sundu.<\/p>\n<p>Bursa\u2019n\u0131n karde\u015f \u015fehirlerinin y\u00f6resel lezzetlerinin tan\u0131t\u0131lmas\u0131 amac\u0131 da ta\u015f\u0131yan etkinlikte Bursa\u2019n\u0131n karde\u015f \u015fehirlerinden olu\u015fan yedi farkl\u0131 \u00fclke ile 10 farkl\u0131 \u015fehirden kat\u0131l\u0131mc\u0131lar ile  17 Bursa il\u00e7e belediyesi de yer ald\u0131.<\/p>\n<\/p><\/div>\n<p><script async\n                    defer\n                    crossorigin=\"anonymous\"\n                    src=\"https:\/\/connect.facebook.net\/tr_TR\/sdk.js#xfbml=1&#038;version=v3.3\"\n            ><\/script><\/p>\n","protected":false},"excerpt":{"rendered":"<p>Lefko\u015fa T\u00fcrk Belediyesi (LTB), karde\u015f \u015fehri olan Bursa B\u00fcy\u00fck\u015fehir Belediyesi\u2019nin d\u00fczenledi\u011fi 3\u2019\u00fcnc\u00fc Bursa Gastronomi Festivali\u2019nde Lefko\u015fa stant\u0131 a\u00e7arak K\u0131br\u0131s\u2019\u0131n y\u00f6resel lezzetlerini tan\u0131tt\u0131. Belediye\u2019den yap\u0131lan a\u00e7\u0131klamaya g\u00f6re Bursa B\u00fcy\u00fck\u015fehir Belediyesi\u2019nin daveti \u00fczerine festivale kat\u0131lan LTB, K\u0131br\u0131s\u2019\u0131n \u00e7e\u015fitli y\u00f6resel lezzetlerini haz\u0131rlay\u0131p pi\u015firerek Bursa halk\u0131n\u0131n be\u011fenisine sundu. Bursa\u2019n\u0131n karde\u015f \u015fehirlerinin y\u00f6resel lezzetlerinin tan\u0131t\u0131lmas\u0131 amac\u0131 da ta\u015f\u0131yan etkinlikte Bursa\u2019n\u0131n [&hellip;]<\/p>\n","protected":false},"author":1,"featured_media":9866,"comment_status":"open","ping_status":"open","sticky":false,"template":"","format":"standard","meta":{"jnews-multi-image_gallery":[],"jnews_single_post":[],"jnews_primary_category":[],"jnews_social_meta":[],"jnews_override_counter":[],"footnotes":""},"categories":[6],"tags":[],"class_list":["post-9865","post","type-post","status-publish","format-standard","has-post-thumbnail","hentry","category-yasam"],"yoast_head":"<!-- This site is optimized with the Yoast SEO plugin v27.5 - https:\/\/yoast.com\/product\/yoast-seo-wordpress\/ -->\n<title>LTB Bursa Gastronomi Festivali\u2019nde K\u0131br\u0131s\u2019\u0131n y\u00f6resel lezzetlerini tan\u0131tt\u0131 - Kuzeyin Sesi<\/title>\n<meta name=\"robots\" content=\"index, follow, max-snippet:-1, max-image-preview:large, max-video-preview:-1\" \/>\n<link rel=\"canonical\" href=\"https:\/\/kuzeyinsesi.org\/index.php\/2024\/09\/17\/ltb-bursa-gastronomi-festivalinde-kibrisin-yoresel-lezzetlerini-tanitti\/\" \/>\n<meta property=\"og:locale\" content=\"tr_TR\" \/>\n<meta property=\"og:type\" content=\"article\" \/>\n<meta property=\"og:title\" content=\"LTB Bursa Gastronomi Festivali\u2019nde K\u0131br\u0131s\u2019\u0131n y\u00f6resel lezzetlerini tan\u0131tt\u0131 - Kuzeyin Sesi\" \/>\n<meta property=\"og:description\" content=\"Lefko\u015fa T\u00fcrk Belediyesi (LTB), karde\u015f \u015fehri olan Bursa B\u00fcy\u00fck\u015fehir Belediyesi\u2019nin d\u00fczenledi\u011fi 3\u2019\u00fcnc\u00fc Bursa Gastronomi Festivali\u2019nde Lefko\u015fa stant\u0131 a\u00e7arak K\u0131br\u0131s\u2019\u0131n y\u00f6resel lezzetlerini tan\u0131tt\u0131. Belediye\u2019den yap\u0131lan a\u00e7\u0131klamaya g\u00f6re Bursa B\u00fcy\u00fck\u015fehir Belediyesi\u2019nin daveti \u00fczerine festivale kat\u0131lan LTB, K\u0131br\u0131s\u2019\u0131n \u00e7e\u015fitli y\u00f6resel lezzetlerini haz\u0131rlay\u0131p pi\u015firerek Bursa halk\u0131n\u0131n be\u011fenisine sundu. Bursa\u2019n\u0131n karde\u015f \u015fehirlerinin y\u00f6resel lezzetlerinin tan\u0131t\u0131lmas\u0131 amac\u0131 da ta\u015f\u0131yan etkinlikte Bursa\u2019n\u0131n [&hellip;]\" \/>\n<meta property=\"og:url\" content=\"https:\/\/kuzeyinsesi.org\/index.php\/2024\/09\/17\/ltb-bursa-gastronomi-festivalinde-kibrisin-yoresel-lezzetlerini-tanitti\/\" \/>\n<meta property=\"og:site_name\" content=\"Kuzeyin Sesi\" \/>\n<meta property=\"article:publisher\" content=\"https:\/\/www.facebook.com\/kuzeyinsesii\" \/>\n<meta property=\"article:published_time\" content=\"2024-09-17T08:37:18+00:00\" \/>\n<meta property=\"og:image\" content=\"https:\/\/brtk.net\/wp-content\/uploads\/2024\/09\/17\/ltb-festival-5-1.jpg?ver=1de359e62e84bebe18b5449d23db47ed\" \/>\n<meta name=\"author\" content=\"Kuzeyin Sesi\" \/>\n<meta name=\"twitter:card\" content=\"summary_large_image\" \/>\n<meta name=\"twitter:creator\" content=\"@kuzeyinsesii\" \/>\n<meta name=\"twitter:site\" content=\"@kuzeyinsesii\" \/>\n<meta name=\"twitter:label1\" content=\"Yazan:\" \/>\n\t<meta name=\"twitter:data1\" content=\"Kuzeyin Sesi\" \/>\n\t<meta name=\"twitter:label2\" content=\"Tahmini okuma s\u00fcresi\" \/>\n\t<meta name=\"twitter:data2\" content=\"1 dakika\" \/>\n<script type=\"application\/ld+json\" class=\"yoast-schema-graph\">{\"@context\":\"https:\\\/\\\/schema.org\",\"@graph\":[{\"@type\":\"Article\",\"@id\":\"https:\\\/\\\/kuzeyinsesi.org\\\/index.php\\\/2024\\\/09\\\/17\\\/ltb-bursa-gastronomi-festivalinde-kibrisin-yoresel-lezzetlerini-tanitti\\\/#article\",\"isPartOf\":{\"@id\":\"https:\\\/\\\/kuzeyinsesi.org\\\/index.php\\\/2024\\\/09\\\/17\\\/ltb-bursa-gastronomi-festivalinde-kibrisin-yoresel-lezzetlerini-tanitti\\\/\"},\"author\":{\"name\":\"Kuzeyin Sesi\",\"@id\":\"https:\\\/\\\/kuzeyinsesi.org\\\/#\\\/schema\\\/person\\\/9f859689cdf01485597712386e37f5aa\"},\"headline\":\"LTB Bursa Gastronomi Festivali\u2019nde K\u0131br\u0131s\u2019\u0131n y\u00f6resel lezzetlerini tan\u0131tt\u0131\",\"datePublished\":\"2024-09-17T08:37:18+00:00\",\"mainEntityOfPage\":{\"@id\":\"https:\\\/\\\/kuzeyinsesi.org\\\/index.php\\\/2024\\\/09\\\/17\\\/ltb-bursa-gastronomi-festivalinde-kibrisin-yoresel-lezzetlerini-tanitti\\\/\"},\"wordCount\":135,\"commentCount\":0,\"image\":{\"@id\":\"https:\\\/\\\/kuzeyinsesi.org\\\/index.php\\\/2024\\\/09\\\/17\\\/ltb-bursa-gastronomi-festivalinde-kibrisin-yoresel-lezzetlerini-tanitti\\\/#primaryimage\"},\"thumbnailUrl\":\"https:\\\/\\\/kuzeyinsesi.org\\\/wp-content\\\/uploads\\\/2024\\\/09\\\/ltb-festival-5-1.jpg\",\"articleSection\":[\"Ya\u015fam\"],\"inLanguage\":\"tr\",\"potentialAction\":[{\"@type\":\"CommentAction\",\"name\":\"Comment\",\"target\":[\"https:\\\/\\\/kuzeyinsesi.org\\\/index.php\\\/2024\\\/09\\\/17\\\/ltb-bursa-gastronomi-festivalinde-kibrisin-yoresel-lezzetlerini-tanitti\\\/#respond\"]}]},{\"@type\":\"WebPage\",\"@id\":\"https:\\\/\\\/kuzeyinsesi.org\\\/index.php\\\/2024\\\/09\\\/17\\\/ltb-bursa-gastronomi-festivalinde-kibrisin-yoresel-lezzetlerini-tanitti\\\/\",\"url\":\"https:\\\/\\\/kuzeyinsesi.org\\\/index.php\\\/2024\\\/09\\\/17\\\/ltb-bursa-gastronomi-festivalinde-kibrisin-yoresel-lezzetlerini-tanitti\\\/\",\"name\":\"LTB Bursa Gastronomi Festivali\u2019nde K\u0131br\u0131s\u2019\u0131n y\u00f6resel lezzetlerini tan\u0131tt\u0131 - Kuzeyin Sesi\",\"isPartOf\":{\"@id\":\"https:\\\/\\\/kuzeyinsesi.org\\\/#website\"},\"primaryImageOfPage\":{\"@id\":\"https:\\\/\\\/kuzeyinsesi.org\\\/index.php\\\/2024\\\/09\\\/17\\\/ltb-bursa-gastronomi-festivalinde-kibrisin-yoresel-lezzetlerini-tanitti\\\/#primaryimage\"},\"image\":{\"@id\":\"https:\\\/\\\/kuzeyinsesi.org\\\/index.php\\\/2024\\\/09\\\/17\\\/ltb-bursa-gastronomi-festivalinde-kibrisin-yoresel-lezzetlerini-tanitti\\\/#primaryimage\"},\"thumbnailUrl\":\"https:\\\/\\\/kuzeyinsesi.org\\\/wp-content\\\/uploads\\\/2024\\\/09\\\/ltb-festival-5-1.jpg\",\"datePublished\":\"2024-09-17T08:37:18+00:00\",\"author\":{\"@id\":\"https:\\\/\\\/kuzeyinsesi.org\\\/#\\\/schema\\\/person\\\/9f859689cdf01485597712386e37f5aa\"},\"breadcrumb\":{\"@id\":\"https:\\\/\\\/kuzeyinsesi.org\\\/index.php\\\/2024\\\/09\\\/17\\\/ltb-bursa-gastronomi-festivalinde-kibrisin-yoresel-lezzetlerini-tanitti\\\/#breadcrumb\"},\"inLanguage\":\"tr\",\"potentialAction\":[{\"@type\":\"ReadAction\",\"target\":[\"https:\\\/\\\/kuzeyinsesi.org\\\/index.php\\\/2024\\\/09\\\/17\\\/ltb-bursa-gastronomi-festivalinde-kibrisin-yoresel-lezzetlerini-tanitti\\\/\"]}]},{\"@type\":\"ImageObject\",\"inLanguage\":\"tr\",\"@id\":\"https:\\\/\\\/kuzeyinsesi.org\\\/index.php\\\/2024\\\/09\\\/17\\\/ltb-bursa-gastronomi-festivalinde-kibrisin-yoresel-lezzetlerini-tanitti\\\/#primaryimage\",\"url\":\"https:\\\/\\\/kuzeyinsesi.org\\\/wp-content\\\/uploads\\\/2024\\\/09\\\/ltb-festival-5-1.jpg\",\"contentUrl\":\"https:\\\/\\\/kuzeyinsesi.org\\\/wp-content\\\/uploads\\\/2024\\\/09\\\/ltb-festival-5-1.jpg\",\"width\":1600,\"height\":1066},{\"@type\":\"BreadcrumbList\",\"@id\":\"https:\\\/\\\/kuzeyinsesi.org\\\/index.php\\\/2024\\\/09\\\/17\\\/ltb-bursa-gastronomi-festivalinde-kibrisin-yoresel-lezzetlerini-tanitti\\\/#breadcrumb\",\"itemListElement\":[{\"@type\":\"ListItem\",\"position\":1,\"name\":\"Anasayfa\",\"item\":\"https:\\\/\\\/kuzeyinsesi.org\\\/\"},{\"@type\":\"ListItem\",\"position\":2,\"name\":\"LTB Bursa Gastronomi Festivali\u2019nde K\u0131br\u0131s\u2019\u0131n y\u00f6resel lezzetlerini tan\u0131tt\u0131\"}]},{\"@type\":\"WebSite\",\"@id\":\"https:\\\/\\\/kuzeyinsesi.org\\\/#website\",\"url\":\"https:\\\/\\\/kuzeyinsesi.org\\\/\",\"name\":\"Kuzeyin Sesi\",\"description\":\"Do\u011fru Haberin Adresi\",\"potentialAction\":[{\"@type\":\"SearchAction\",\"target\":{\"@type\":\"EntryPoint\",\"urlTemplate\":\"https:\\\/\\\/kuzeyinsesi.org\\\/?s={search_term_string}\"},\"query-input\":{\"@type\":\"PropertyValueSpecification\",\"valueRequired\":true,\"valueName\":\"search_term_string\"}}],\"inLanguage\":\"tr\"},{\"@type\":\"Person\",\"@id\":\"https:\\\/\\\/kuzeyinsesi.org\\\/#\\\/schema\\\/person\\\/9f859689cdf01485597712386e37f5aa\",\"name\":\"Kuzeyin Sesi\",\"image\":{\"@type\":\"ImageObject\",\"inLanguage\":\"tr\",\"@id\":\"https:\\\/\\\/secure.gravatar.com\\\/avatar\\\/bab33852abfd8b282518d6ed81826833d77c3c882d9ab608add591ccace47a44?s=96&d=mm&r=g\",\"url\":\"https:\\\/\\\/secure.gravatar.com\\\/avatar\\\/bab33852abfd8b282518d6ed81826833d77c3c882d9ab608add591ccace47a44?s=96&d=mm&r=g\",\"contentUrl\":\"https:\\\/\\\/secure.gravatar.com\\\/avatar\\\/bab33852abfd8b282518d6ed81826833d77c3c882d9ab608add591ccace47a44?s=96&d=mm&r=g\",\"caption\":\"Kuzeyin Sesi\"},\"sameAs\":[\"https:\\\/\\\/kuzeyinsesi.org\"],\"url\":\"https:\\\/\\\/kuzeyinsesi.org\\\/index.php\\\/author\\\/guven\\\/\"}]}<\/script>\n<!-- \/ Yoast SEO plugin. -->","yoast_head_json":{"title":"LTB Bursa Gastronomi Festivali\u2019nde K\u0131br\u0131s\u2019\u0131n y\u00f6resel lezzetlerini tan\u0131tt\u0131 - Kuzeyin Sesi","robots":{"index":"index","follow":"follow","max-snippet":"max-snippet:-1","max-image-preview":"max-image-preview:large","max-video-preview":"max-video-preview:-1"},"canonical":"https:\/\/kuzeyinsesi.org\/index.php\/2024\/09\/17\/ltb-bursa-gastronomi-festivalinde-kibrisin-yoresel-lezzetlerini-tanitti\/","og_locale":"tr_TR","og_type":"article","og_title":"LTB Bursa Gastronomi Festivali\u2019nde K\u0131br\u0131s\u2019\u0131n y\u00f6resel lezzetlerini tan\u0131tt\u0131 - Kuzeyin Sesi","og_description":"Lefko\u015fa T\u00fcrk Belediyesi (LTB), karde\u015f \u015fehri olan Bursa B\u00fcy\u00fck\u015fehir Belediyesi\u2019nin d\u00fczenledi\u011fi 3\u2019\u00fcnc\u00fc Bursa Gastronomi Festivali\u2019nde Lefko\u015fa stant\u0131 a\u00e7arak K\u0131br\u0131s\u2019\u0131n y\u00f6resel lezzetlerini tan\u0131tt\u0131. Belediye\u2019den yap\u0131lan a\u00e7\u0131klamaya g\u00f6re Bursa B\u00fcy\u00fck\u015fehir Belediyesi\u2019nin daveti \u00fczerine festivale kat\u0131lan LTB, K\u0131br\u0131s\u2019\u0131n \u00e7e\u015fitli y\u00f6resel lezzetlerini haz\u0131rlay\u0131p pi\u015firerek Bursa halk\u0131n\u0131n be\u011fenisine sundu. Bursa\u2019n\u0131n karde\u015f \u015fehirlerinin y\u00f6resel lezzetlerinin tan\u0131t\u0131lmas\u0131 amac\u0131 da ta\u015f\u0131yan etkinlikte Bursa\u2019n\u0131n [&hellip;]","og_url":"https:\/\/kuzeyinsesi.org\/index.php\/2024\/09\/17\/ltb-bursa-gastronomi-festivalinde-kibrisin-yoresel-lezzetlerini-tanitti\/","og_site_name":"Kuzeyin Sesi","article_publisher":"https:\/\/www.facebook.com\/kuzeyinsesii","article_published_time":"2024-09-17T08:37:18+00:00","og_image":[{"url":"https:\/\/brtk.net\/wp-content\/uploads\/2024\/09\/17\/ltb-festival-5-1.jpg?ver=1de359e62e84bebe18b5449d23db47ed","type":"","width":"","height":""}],"author":"Kuzeyin Sesi","twitter_card":"summary_large_image","twitter_creator":"@kuzeyinsesii","twitter_site":"@kuzeyinsesii","twitter_misc":{"Yazan:":"Kuzeyin Sesi","Tahmini okuma s\u00fcresi":"1 dakika"},"schema":{"@context":"https:\/\/schema.org","@graph":[{"@type":"Article","@id":"https:\/\/kuzeyinsesi.org\/index.php\/2024\/09\/17\/ltb-bursa-gastronomi-festivalinde-kibrisin-yoresel-lezzetlerini-tanitti\/#article","isPartOf":{"@id":"https:\/\/kuzeyinsesi.org\/index.php\/2024\/09\/17\/ltb-bursa-gastronomi-festivalinde-kibrisin-yoresel-lezzetlerini-tanitti\/"},"author":{"name":"Kuzeyin Sesi","@id":"https:\/\/kuzeyinsesi.org\/#\/schema\/person\/9f859689cdf01485597712386e37f5aa"},"headline":"LTB Bursa Gastronomi Festivali\u2019nde K\u0131br\u0131s\u2019\u0131n y\u00f6resel lezzetlerini tan\u0131tt\u0131","datePublished":"2024-09-17T08:37:18+00:00","mainEntityOfPage":{"@id":"https:\/\/kuzeyinsesi.org\/index.php\/2024\/09\/17\/ltb-bursa-gastronomi-festivalinde-kibrisin-yoresel-lezzetlerini-tanitti\/"},"wordCount":135,"commentCount":0,"image":{"@id":"https:\/\/kuzeyinsesi.org\/index.php\/2024\/09\/17\/ltb-bursa-gastronomi-festivalinde-kibrisin-yoresel-lezzetlerini-tanitti\/#primaryimage"},"thumbnailUrl":"https:\/\/kuzeyinsesi.org\/wp-content\/uploads\/2024\/09\/ltb-festival-5-1.jpg","articleSection":["Ya\u015fam"],"inLanguage":"tr","potentialAction":[{"@type":"CommentAction","name":"Comment","target":["https:\/\/kuzeyinsesi.org\/index.php\/2024\/09\/17\/ltb-bursa-gastronomi-festivalinde-kibrisin-yoresel-lezzetlerini-tanitti\/#respond"]}]},{"@type":"WebPage","@id":"https:\/\/kuzeyinsesi.org\/index.php\/2024\/09\/17\/ltb-bursa-gastronomi-festivalinde-kibrisin-yoresel-lezzetlerini-tanitti\/","url":"https:\/\/kuzeyinsesi.org\/index.php\/2024\/09\/17\/ltb-bursa-gastronomi-festivalinde-kibrisin-yoresel-lezzetlerini-tanitti\/","name":"LTB Bursa Gastronomi Festivali\u2019nde K\u0131br\u0131s\u2019\u0131n y\u00f6resel lezzetlerini tan\u0131tt\u0131 - Kuzeyin Sesi","isPartOf":{"@id":"https:\/\/kuzeyinsesi.org\/#website"},"primaryImageOfPage":{"@id":"https:\/\/kuzeyinsesi.org\/index.php\/2024\/09\/17\/ltb-bursa-gastronomi-festivalinde-kibrisin-yoresel-lezzetlerini-tanitti\/#primaryimage"},"image":{"@id":"https:\/\/kuzeyinsesi.org\/index.php\/2024\/09\/17\/ltb-bursa-gastronomi-festivalinde-kibrisin-yoresel-lezzetlerini-tanitti\/#primaryimage"},"thumbnailUrl":"https:\/\/kuzeyinsesi.org\/wp-content\/uploads\/2024\/09\/ltb-festival-5-1.jpg","datePublished":"2024-09-17T08:37:18+00:00","author":{"@id":"https:\/\/kuzeyinsesi.org\/#\/schema\/person\/9f859689cdf01485597712386e37f5aa"},"breadcrumb":{"@id":"https:\/\/kuzeyinsesi.org\/index.php\/2024\/09\/17\/ltb-bursa-gastronomi-festivalinde-kibrisin-yoresel-lezzetlerini-tanitti\/#breadcrumb"},"inLanguage":"tr","potentialAction":[{"@type":"ReadAction","target":["https:\/\/kuzeyinsesi.org\/index.php\/2024\/09\/17\/ltb-bursa-gastronomi-festivalinde-kibrisin-yoresel-lezzetlerini-tanitti\/"]}]},{"@type":"ImageObject","inLanguage":"tr","@id":"https:\/\/kuzeyinsesi.org\/index.php\/2024\/09\/17\/ltb-bursa-gastronomi-festivalinde-kibrisin-yoresel-lezzetlerini-tanitti\/#primaryimage","url":"https:\/\/kuzeyinsesi.org\/wp-content\/uploads\/2024\/09\/ltb-festival-5-1.jpg","contentUrl":"https:\/\/kuzeyinsesi.org\/wp-content\/uploads\/2024\/09\/ltb-festival-5-1.jpg","width":1600,"height":1066},{"@type":"BreadcrumbList","@id":"https:\/\/kuzeyinsesi.org\/index.php\/2024\/09\/17\/ltb-bursa-gastronomi-festivalinde-kibrisin-yoresel-lezzetlerini-tanitti\/#breadcrumb","itemListElement":[{"@type":"ListItem","position":1,"name":"Anasayfa","item":"https:\/\/kuzeyinsesi.org\/"},{"@type":"ListItem","position":2,"name":"LTB Bursa Gastronomi Festivali\u2019nde K\u0131br\u0131s\u2019\u0131n y\u00f6resel lezzetlerini tan\u0131tt\u0131"}]},{"@type":"WebSite","@id":"https:\/\/kuzeyinsesi.org\/#website","url":"https:\/\/kuzeyinsesi.org\/","name":"Kuzeyin Sesi","description":"Do\u011fru Haberin Adresi","potentialAction":[{"@type":"SearchAction","target":{"@type":"EntryPoint","urlTemplate":"https:\/\/kuzeyinsesi.org\/?s={search_term_string}"},"query-input":{"@type":"PropertyValueSpecification","valueRequired":true,"valueName":"search_term_string"}}],"inLanguage":"tr"},{"@type":"Person","@id":"https:\/\/kuzeyinsesi.org\/#\/schema\/person\/9f859689cdf01485597712386e37f5aa","name":"Kuzeyin Sesi","image":{"@type":"ImageObject","inLanguage":"tr","@id":"https:\/\/secure.gravatar.com\/avatar\/bab33852abfd8b282518d6ed81826833d77c3c882d9ab608add591ccace47a44?s=96&d=mm&r=g","url":"https:\/\/secure.gravatar.com\/avatar\/bab33852abfd8b282518d6ed81826833d77c3c882d9ab608add591ccace47a44?s=96&d=mm&r=g","contentUrl":"https:\/\/secure.gravatar.com\/avatar\/bab33852abfd8b282518d6ed81826833d77c3c882d9ab608add591ccace47a44?s=96&d=mm&r=g","caption":"Kuzeyin Sesi"},"sameAs":["https:\/\/kuzeyinsesi.org"],"url":"https:\/\/kuzeyinsesi.org\/index.php\/author\/guven\/"}]}},"_links":{"self":[{"href":"https:\/\/kuzeyinsesi.org\/index.php\/wp-json\/wp\/v2\/posts\/9865","targetHints":{"allow":["GET"]}}],"collection":[{"href":"https:\/\/kuzeyinsesi.org\/index.php\/wp-json\/wp\/v2\/posts"}],"about":[{"href":"https:\/\/kuzeyinsesi.org\/index.php\/wp-json\/wp\/v2\/types\/post"}],"author":[{"embeddable":true,"href":"https:\/\/kuzeyinsesi.org\/index.php\/wp-json\/wp\/v2\/users\/1"}],"replies":[{"embeddable":true,"href":"https:\/\/kuzeyinsesi.org\/index.php\/wp-json\/wp\/v2\/comments?post=9865"}],"version-history":[{"count":0,"href":"https:\/\/kuzeyinsesi.org\/index.php\/wp-json\/wp\/v2\/posts\/9865\/revisions"}],"wp:featuredmedia":[{"embeddable":true,"href":"https:\/\/kuzeyinsesi.org\/index.php\/wp-json\/wp\/v2\/media\/9866"}],"wp:attachment":[{"href":"https:\/\/kuzeyinsesi.org\/index.php\/wp-json\/wp\/v2\/media?parent=9865"}],"wp:term":[{"taxonomy":"category","embeddable":true,"href":"https:\/\/kuzeyinsesi.org\/index.php\/wp-json\/wp\/v2\/categories?post=9865"},{"taxonomy":"post_tag","embeddable":true,"href":"https:\/\/kuzeyinsesi.org\/index.php\/wp-json\/wp\/v2\/tags?post=9865"}],"curies":[{"name":"wp","href":"https:\/\/api.w.org\/{rel}","templated":true}]}}