{"id":9825,"date":"2024-09-16T14:59:17","date_gmt":"2024-09-16T11:59:17","guid":{"rendered":"https:\/\/kuzeyinsesi.org\/index.php\/2024\/09\/16\/girne-arkin-group-fest-24-ucuncu-haftasinda\/"},"modified":"2024-09-16T14:59:17","modified_gmt":"2024-09-16T11:59:17","slug":"girne-arkin-group-fest-24-ucuncu-haftasinda","status":"publish","type":"post","link":"https:\/\/kuzeyinsesi.org\/index.php\/2024\/09\/16\/girne-arkin-group-fest-24-ucuncu-haftasinda\/","title":{"rendered":"\u2018Girne Ark\u0131n Group Fest 24 \u00fc\u00e7\u00fcnc\u00fc haftas\u0131nda"},"content":{"rendered":"<div>\n<div class=\"mariselle-image-container center\">\n                                            <\/div>\n<p>\u2018Girne Ark\u0131n Group Fest 24\u2019, \u00fc\u00e7\u00fcnc\u00fc haftas\u0131na ba\u015flad\u0131.<\/p>\n<p>Girne Belediyesi\u2019nden verilen bilgiye g\u00f6re, yar\u0131n saat 20.00\u2019de Melisa Karanl\u0131k ve Orkestras\u0131 Liman Merkez Sahne\u2019de \u015fark\u0131lar\u0131n\u0131 seslendirecek. 18 Eyl\u00fcl \u00c7ar\u015famba ak\u015fam\u0131 ise saat 21:00\u2019de Girne Amfi Tiyatro\u2019da, K\u0131br\u0131s T\u00fcrk Devlet Tiyatrolar\u0131\u2019n\u0131n sahneledi\u011fi \u2018Gr\u00f6nholm Methodu\u2019 seyirci kar\u015f\u0131s\u0131na \u00e7\u0131k\u0131yor.<\/p>\n<p>19 Eyl\u00fcl Per\u015fembe g\u00fcn\u00fc Lefko\u015fa T\u00fcrk Belediyesi Jazz Orkestras\u0131 saat 20.00\u2019de, Liman Merkez Sahne\u2019de yer al\u0131yor. 20 Eyl\u00fcl Cuma ak\u015fam\u0131 ise Girne Amfi Tiyatro, saat 21.00\u2019de \u2018Mor ve \u00d6tesi\u2019ne ev sahipli\u011fi yapmaya haz\u0131rlan\u0131yor. 21 Eyl\u00fcl Cumartesi g\u00fcn\u00fc ise \u20183. Gastro Show\u2019 Geleneksel K\u0131br\u0131s Ekmekleri konsepti ile saat 17.00 itibar\u0131 ile Ramadan Cemil Meydan\u0131\u2019nda halk ile bulu\u015fuyor.<\/p>\n<p>\u2018Karao\u011flano\u011flu Antis Deniz Festivali\u2019 ise d\u00fcn sona erdi.<\/p>\n<p>12 Eyl\u00fcl Per\u015fembe g\u00fcn\u00fc ba\u015flayan \u2018Karao\u011flano\u011flu Antis Deniz Festivali\u2019, 4 g\u00fcn boyunca k\u00fclt\u00fcr \u2013 sanat ve sporun adresi oldu.<\/p>\n<p>D\u00fcn 06:00\u2019da G\u00fclseren Ataker An\u0131s\u0131na Olta ile Bal\u0131k Avlama Yar\u0131\u015fmas\u0131, 11.00\u2019de Plaj Voleybolu, 18.00\u2019de Sandalye Oyunu, 19:00\u2019da Limbo Dans Yar\u0131\u015fmas\u0131 ve 20.00\u2019de Retro \u00c7alg\u0131c\u0131lar konseri ger\u00e7ekle\u015ftirildi. 4 g\u00fcn boyunca s\u00fcregelen m\u00fcsabakalar\u0131n \u00f6d\u00fcl t\u00f6renleri ger\u00e7ekle\u015ftirildi.<\/p>\n<\/p><\/div>\n<p><script async\n                    defer\n                    crossorigin=\"anonymous\"\n                    src=\"https:\/\/connect.facebook.net\/tr_TR\/sdk.js#xfbml=1&#038;version=v3.3\"\n            ><\/script><\/p>\n","protected":false},"excerpt":{"rendered":"<p>\u2018Girne Ark\u0131n Group Fest 24\u2019, \u00fc\u00e7\u00fcnc\u00fc haftas\u0131na ba\u015flad\u0131. Girne Belediyesi\u2019nden verilen bilgiye g\u00f6re, yar\u0131n saat 20.00\u2019de Melisa Karanl\u0131k ve Orkestras\u0131 Liman Merkez Sahne\u2019de \u015fark\u0131lar\u0131n\u0131 seslendirecek. 18 Eyl\u00fcl \u00c7ar\u015famba ak\u015fam\u0131 ise saat 21:00\u2019de Girne Amfi Tiyatro\u2019da, K\u0131br\u0131s T\u00fcrk Devlet Tiyatrolar\u0131\u2019n\u0131n sahneledi\u011fi \u2018Gr\u00f6nholm Methodu\u2019 seyirci kar\u015f\u0131s\u0131na \u00e7\u0131k\u0131yor. 19 Eyl\u00fcl Per\u015fembe g\u00fcn\u00fc Lefko\u015fa T\u00fcrk Belediyesi Jazz Orkestras\u0131 saat [&hellip;]<\/p>\n","protected":false},"author":1,"featured_media":9826,"comment_status":"open","ping_status":"open","sticky":false,"template":"","format":"standard","meta":{"jnews-multi-image_gallery":[],"jnews_single_post":[],"jnews_primary_category":[],"jnews_social_meta":[],"jnews_override_counter":[],"footnotes":""},"categories":[6],"tags":[],"class_list":["post-9825","post","type-post","status-publish","format-standard","has-post-thumbnail","hentry","category-yasam"],"yoast_head":"<!-- This site is optimized with the Yoast SEO plugin v27.5 - https:\/\/yoast.com\/product\/yoast-seo-wordpress\/ -->\n<title>\u2018Girne Ark\u0131n Group Fest 24 \u00fc\u00e7\u00fcnc\u00fc haftas\u0131nda - Kuzeyin Sesi<\/title>\n<meta name=\"robots\" content=\"index, follow, max-snippet:-1, max-image-preview:large, max-video-preview:-1\" \/>\n<link rel=\"canonical\" href=\"https:\/\/kuzeyinsesi.org\/index.php\/2024\/09\/16\/girne-arkin-group-fest-24-ucuncu-haftasinda\/\" \/>\n<meta property=\"og:locale\" content=\"tr_TR\" \/>\n<meta property=\"og:type\" content=\"article\" \/>\n<meta property=\"og:title\" content=\"\u2018Girne Ark\u0131n Group Fest 24 \u00fc\u00e7\u00fcnc\u00fc haftas\u0131nda - Kuzeyin Sesi\" \/>\n<meta property=\"og:description\" content=\"\u2018Girne Ark\u0131n Group Fest 24\u2019, \u00fc\u00e7\u00fcnc\u00fc haftas\u0131na ba\u015flad\u0131. Girne Belediyesi\u2019nden verilen bilgiye g\u00f6re, yar\u0131n saat 20.00\u2019de Melisa Karanl\u0131k ve Orkestras\u0131 Liman Merkez Sahne\u2019de \u015fark\u0131lar\u0131n\u0131 seslendirecek. 18 Eyl\u00fcl \u00c7ar\u015famba ak\u015fam\u0131 ise saat 21:00\u2019de Girne Amfi Tiyatro\u2019da, K\u0131br\u0131s T\u00fcrk Devlet Tiyatrolar\u0131\u2019n\u0131n sahneledi\u011fi \u2018Gr\u00f6nholm Methodu\u2019 seyirci kar\u015f\u0131s\u0131na \u00e7\u0131k\u0131yor. 19 Eyl\u00fcl Per\u015fembe g\u00fcn\u00fc Lefko\u015fa T\u00fcrk Belediyesi Jazz Orkestras\u0131 saat [&hellip;]\" \/>\n<meta property=\"og:url\" content=\"https:\/\/kuzeyinsesi.org\/index.php\/2024\/09\/16\/girne-arkin-group-fest-24-ucuncu-haftasinda\/\" \/>\n<meta property=\"og:site_name\" content=\"Kuzeyin Sesi\" \/>\n<meta property=\"article:publisher\" content=\"https:\/\/www.facebook.com\/kuzeyinsesii\" \/>\n<meta property=\"article:published_time\" content=\"2024-09-16T11:59:17+00:00\" \/>\n<meta property=\"og:image\" content=\"https:\/\/brtk.net\/wp-content\/uploads\/2024\/09\/16\/sisasa.jpg?ver=37fa1405073072da488efd493715e593\" \/>\n<meta name=\"author\" content=\"Kuzeyin Sesi\" \/>\n<meta name=\"twitter:card\" content=\"summary_large_image\" \/>\n<meta name=\"twitter:creator\" content=\"@kuzeyinsesii\" \/>\n<meta name=\"twitter:site\" content=\"@kuzeyinsesii\" \/>\n<meta name=\"twitter:label1\" content=\"Yazan:\" \/>\n\t<meta name=\"twitter:data1\" content=\"Kuzeyin Sesi\" \/>\n\t<meta name=\"twitter:label2\" content=\"Tahmini okuma s\u00fcresi\" \/>\n\t<meta name=\"twitter:data2\" content=\"1 dakika\" \/>\n<script type=\"application\/ld+json\" class=\"yoast-schema-graph\">{\"@context\":\"https:\\\/\\\/schema.org\",\"@graph\":[{\"@type\":\"Article\",\"@id\":\"https:\\\/\\\/kuzeyinsesi.org\\\/index.php\\\/2024\\\/09\\\/16\\\/girne-arkin-group-fest-24-ucuncu-haftasinda\\\/#article\",\"isPartOf\":{\"@id\":\"https:\\\/\\\/kuzeyinsesi.org\\\/index.php\\\/2024\\\/09\\\/16\\\/girne-arkin-group-fest-24-ucuncu-haftasinda\\\/\"},\"author\":{\"name\":\"Kuzeyin Sesi\",\"@id\":\"https:\\\/\\\/kuzeyinsesi.org\\\/#\\\/schema\\\/person\\\/9f859689cdf01485597712386e37f5aa\"},\"headline\":\"\u2018Girne Ark\u0131n Group Fest 24 \u00fc\u00e7\u00fcnc\u00fc haftas\u0131nda\",\"datePublished\":\"2024-09-16T11:59:17+00:00\",\"mainEntityOfPage\":{\"@id\":\"https:\\\/\\\/kuzeyinsesi.org\\\/index.php\\\/2024\\\/09\\\/16\\\/girne-arkin-group-fest-24-ucuncu-haftasinda\\\/\"},\"wordCount\":233,\"commentCount\":0,\"image\":{\"@id\":\"https:\\\/\\\/kuzeyinsesi.org\\\/index.php\\\/2024\\\/09\\\/16\\\/girne-arkin-group-fest-24-ucuncu-haftasinda\\\/#primaryimage\"},\"thumbnailUrl\":\"https:\\\/\\\/kuzeyinsesi.org\\\/wp-content\\\/uploads\\\/2024\\\/09\\\/sisasa.jpg\",\"articleSection\":[\"Ya\u015fam\"],\"inLanguage\":\"tr\",\"potentialAction\":[{\"@type\":\"CommentAction\",\"name\":\"Comment\",\"target\":[\"https:\\\/\\\/kuzeyinsesi.org\\\/index.php\\\/2024\\\/09\\\/16\\\/girne-arkin-group-fest-24-ucuncu-haftasinda\\\/#respond\"]}]},{\"@type\":\"WebPage\",\"@id\":\"https:\\\/\\\/kuzeyinsesi.org\\\/index.php\\\/2024\\\/09\\\/16\\\/girne-arkin-group-fest-24-ucuncu-haftasinda\\\/\",\"url\":\"https:\\\/\\\/kuzeyinsesi.org\\\/index.php\\\/2024\\\/09\\\/16\\\/girne-arkin-group-fest-24-ucuncu-haftasinda\\\/\",\"name\":\"\u2018Girne Ark\u0131n Group Fest 24 \u00fc\u00e7\u00fcnc\u00fc haftas\u0131nda - Kuzeyin Sesi\",\"isPartOf\":{\"@id\":\"https:\\\/\\\/kuzeyinsesi.org\\\/#website\"},\"primaryImageOfPage\":{\"@id\":\"https:\\\/\\\/kuzeyinsesi.org\\\/index.php\\\/2024\\\/09\\\/16\\\/girne-arkin-group-fest-24-ucuncu-haftasinda\\\/#primaryimage\"},\"image\":{\"@id\":\"https:\\\/\\\/kuzeyinsesi.org\\\/index.php\\\/2024\\\/09\\\/16\\\/girne-arkin-group-fest-24-ucuncu-haftasinda\\\/#primaryimage\"},\"thumbnailUrl\":\"https:\\\/\\\/kuzeyinsesi.org\\\/wp-content\\\/uploads\\\/2024\\\/09\\\/sisasa.jpg\",\"datePublished\":\"2024-09-16T11:59:17+00:00\",\"author\":{\"@id\":\"https:\\\/\\\/kuzeyinsesi.org\\\/#\\\/schema\\\/person\\\/9f859689cdf01485597712386e37f5aa\"},\"breadcrumb\":{\"@id\":\"https:\\\/\\\/kuzeyinsesi.org\\\/index.php\\\/2024\\\/09\\\/16\\\/girne-arkin-group-fest-24-ucuncu-haftasinda\\\/#breadcrumb\"},\"inLanguage\":\"tr\",\"potentialAction\":[{\"@type\":\"ReadAction\",\"target\":[\"https:\\\/\\\/kuzeyinsesi.org\\\/index.php\\\/2024\\\/09\\\/16\\\/girne-arkin-group-fest-24-ucuncu-haftasinda\\\/\"]}]},{\"@type\":\"ImageObject\",\"inLanguage\":\"tr\",\"@id\":\"https:\\\/\\\/kuzeyinsesi.org\\\/index.php\\\/2024\\\/09\\\/16\\\/girne-arkin-group-fest-24-ucuncu-haftasinda\\\/#primaryimage\",\"url\":\"https:\\\/\\\/kuzeyinsesi.org\\\/wp-content\\\/uploads\\\/2024\\\/09\\\/sisasa.jpg\",\"contentUrl\":\"https:\\\/\\\/kuzeyinsesi.org\\\/wp-content\\\/uploads\\\/2024\\\/09\\\/sisasa.jpg\",\"width\":2560,\"height\":1711},{\"@type\":\"BreadcrumbList\",\"@id\":\"https:\\\/\\\/kuzeyinsesi.org\\\/index.php\\\/2024\\\/09\\\/16\\\/girne-arkin-group-fest-24-ucuncu-haftasinda\\\/#breadcrumb\",\"itemListElement\":[{\"@type\":\"ListItem\",\"position\":1,\"name\":\"Anasayfa\",\"item\":\"https:\\\/\\\/kuzeyinsesi.org\\\/\"},{\"@type\":\"ListItem\",\"position\":2,\"name\":\"\u2018Girne Ark\u0131n Group Fest 24 \u00fc\u00e7\u00fcnc\u00fc haftas\u0131nda\"}]},{\"@type\":\"WebSite\",\"@id\":\"https:\\\/\\\/kuzeyinsesi.org\\\/#website\",\"url\":\"https:\\\/\\\/kuzeyinsesi.org\\\/\",\"name\":\"Kuzeyin Sesi\",\"description\":\"Do\u011fru Haberin Adresi\",\"potentialAction\":[{\"@type\":\"SearchAction\",\"target\":{\"@type\":\"EntryPoint\",\"urlTemplate\":\"https:\\\/\\\/kuzeyinsesi.org\\\/?s={search_term_string}\"},\"query-input\":{\"@type\":\"PropertyValueSpecification\",\"valueRequired\":true,\"valueName\":\"search_term_string\"}}],\"inLanguage\":\"tr\"},{\"@type\":\"Person\",\"@id\":\"https:\\\/\\\/kuzeyinsesi.org\\\/#\\\/schema\\\/person\\\/9f859689cdf01485597712386e37f5aa\",\"name\":\"Kuzeyin Sesi\",\"image\":{\"@type\":\"ImageObject\",\"inLanguage\":\"tr\",\"@id\":\"https:\\\/\\\/secure.gravatar.com\\\/avatar\\\/bab33852abfd8b282518d6ed81826833d77c3c882d9ab608add591ccace47a44?s=96&d=mm&r=g\",\"url\":\"https:\\\/\\\/secure.gravatar.com\\\/avatar\\\/bab33852abfd8b282518d6ed81826833d77c3c882d9ab608add591ccace47a44?s=96&d=mm&r=g\",\"contentUrl\":\"https:\\\/\\\/secure.gravatar.com\\\/avatar\\\/bab33852abfd8b282518d6ed81826833d77c3c882d9ab608add591ccace47a44?s=96&d=mm&r=g\",\"caption\":\"Kuzeyin Sesi\"},\"sameAs\":[\"https:\\\/\\\/kuzeyinsesi.org\"],\"url\":\"https:\\\/\\\/kuzeyinsesi.org\\\/index.php\\\/author\\\/guven\\\/\"}]}<\/script>\n<!-- \/ Yoast SEO plugin. -->","yoast_head_json":{"title":"\u2018Girne Ark\u0131n Group Fest 24 \u00fc\u00e7\u00fcnc\u00fc haftas\u0131nda - Kuzeyin Sesi","robots":{"index":"index","follow":"follow","max-snippet":"max-snippet:-1","max-image-preview":"max-image-preview:large","max-video-preview":"max-video-preview:-1"},"canonical":"https:\/\/kuzeyinsesi.org\/index.php\/2024\/09\/16\/girne-arkin-group-fest-24-ucuncu-haftasinda\/","og_locale":"tr_TR","og_type":"article","og_title":"\u2018Girne Ark\u0131n Group Fest 24 \u00fc\u00e7\u00fcnc\u00fc haftas\u0131nda - Kuzeyin Sesi","og_description":"\u2018Girne Ark\u0131n Group Fest 24\u2019, \u00fc\u00e7\u00fcnc\u00fc haftas\u0131na ba\u015flad\u0131. Girne Belediyesi\u2019nden verilen bilgiye g\u00f6re, yar\u0131n saat 20.00\u2019de Melisa Karanl\u0131k ve Orkestras\u0131 Liman Merkez Sahne\u2019de \u015fark\u0131lar\u0131n\u0131 seslendirecek. 18 Eyl\u00fcl \u00c7ar\u015famba ak\u015fam\u0131 ise saat 21:00\u2019de Girne Amfi Tiyatro\u2019da, K\u0131br\u0131s T\u00fcrk Devlet Tiyatrolar\u0131\u2019n\u0131n sahneledi\u011fi \u2018Gr\u00f6nholm Methodu\u2019 seyirci kar\u015f\u0131s\u0131na \u00e7\u0131k\u0131yor. 19 Eyl\u00fcl Per\u015fembe g\u00fcn\u00fc Lefko\u015fa T\u00fcrk Belediyesi Jazz Orkestras\u0131 saat [&hellip;]","og_url":"https:\/\/kuzeyinsesi.org\/index.php\/2024\/09\/16\/girne-arkin-group-fest-24-ucuncu-haftasinda\/","og_site_name":"Kuzeyin Sesi","article_publisher":"https:\/\/www.facebook.com\/kuzeyinsesii","article_published_time":"2024-09-16T11:59:17+00:00","og_image":[{"url":"https:\/\/brtk.net\/wp-content\/uploads\/2024\/09\/16\/sisasa.jpg?ver=37fa1405073072da488efd493715e593","type":"","width":"","height":""}],"author":"Kuzeyin Sesi","twitter_card":"summary_large_image","twitter_creator":"@kuzeyinsesii","twitter_site":"@kuzeyinsesii","twitter_misc":{"Yazan:":"Kuzeyin Sesi","Tahmini okuma s\u00fcresi":"1 dakika"},"schema":{"@context":"https:\/\/schema.org","@graph":[{"@type":"Article","@id":"https:\/\/kuzeyinsesi.org\/index.php\/2024\/09\/16\/girne-arkin-group-fest-24-ucuncu-haftasinda\/#article","isPartOf":{"@id":"https:\/\/kuzeyinsesi.org\/index.php\/2024\/09\/16\/girne-arkin-group-fest-24-ucuncu-haftasinda\/"},"author":{"name":"Kuzeyin Sesi","@id":"https:\/\/kuzeyinsesi.org\/#\/schema\/person\/9f859689cdf01485597712386e37f5aa"},"headline":"\u2018Girne Ark\u0131n Group Fest 24 \u00fc\u00e7\u00fcnc\u00fc haftas\u0131nda","datePublished":"2024-09-16T11:59:17+00:00","mainEntityOfPage":{"@id":"https:\/\/kuzeyinsesi.org\/index.php\/2024\/09\/16\/girne-arkin-group-fest-24-ucuncu-haftasinda\/"},"wordCount":233,"commentCount":0,"image":{"@id":"https:\/\/kuzeyinsesi.org\/index.php\/2024\/09\/16\/girne-arkin-group-fest-24-ucuncu-haftasinda\/#primaryimage"},"thumbnailUrl":"https:\/\/kuzeyinsesi.org\/wp-content\/uploads\/2024\/09\/sisasa.jpg","articleSection":["Ya\u015fam"],"inLanguage":"tr","potentialAction":[{"@type":"CommentAction","name":"Comment","target":["https:\/\/kuzeyinsesi.org\/index.php\/2024\/09\/16\/girne-arkin-group-fest-24-ucuncu-haftasinda\/#respond"]}]},{"@type":"WebPage","@id":"https:\/\/kuzeyinsesi.org\/index.php\/2024\/09\/16\/girne-arkin-group-fest-24-ucuncu-haftasinda\/","url":"https:\/\/kuzeyinsesi.org\/index.php\/2024\/09\/16\/girne-arkin-group-fest-24-ucuncu-haftasinda\/","name":"\u2018Girne Ark\u0131n Group Fest 24 \u00fc\u00e7\u00fcnc\u00fc haftas\u0131nda - Kuzeyin Sesi","isPartOf":{"@id":"https:\/\/kuzeyinsesi.org\/#website"},"primaryImageOfPage":{"@id":"https:\/\/kuzeyinsesi.org\/index.php\/2024\/09\/16\/girne-arkin-group-fest-24-ucuncu-haftasinda\/#primaryimage"},"image":{"@id":"https:\/\/kuzeyinsesi.org\/index.php\/2024\/09\/16\/girne-arkin-group-fest-24-ucuncu-haftasinda\/#primaryimage"},"thumbnailUrl":"https:\/\/kuzeyinsesi.org\/wp-content\/uploads\/2024\/09\/sisasa.jpg","datePublished":"2024-09-16T11:59:17+00:00","author":{"@id":"https:\/\/kuzeyinsesi.org\/#\/schema\/person\/9f859689cdf01485597712386e37f5aa"},"breadcrumb":{"@id":"https:\/\/kuzeyinsesi.org\/index.php\/2024\/09\/16\/girne-arkin-group-fest-24-ucuncu-haftasinda\/#breadcrumb"},"inLanguage":"tr","potentialAction":[{"@type":"ReadAction","target":["https:\/\/kuzeyinsesi.org\/index.php\/2024\/09\/16\/girne-arkin-group-fest-24-ucuncu-haftasinda\/"]}]},{"@type":"ImageObject","inLanguage":"tr","@id":"https:\/\/kuzeyinsesi.org\/index.php\/2024\/09\/16\/girne-arkin-group-fest-24-ucuncu-haftasinda\/#primaryimage","url":"https:\/\/kuzeyinsesi.org\/wp-content\/uploads\/2024\/09\/sisasa.jpg","contentUrl":"https:\/\/kuzeyinsesi.org\/wp-content\/uploads\/2024\/09\/sisasa.jpg","width":2560,"height":1711},{"@type":"BreadcrumbList","@id":"https:\/\/kuzeyinsesi.org\/index.php\/2024\/09\/16\/girne-arkin-group-fest-24-ucuncu-haftasinda\/#breadcrumb","itemListElement":[{"@type":"ListItem","position":1,"name":"Anasayfa","item":"https:\/\/kuzeyinsesi.org\/"},{"@type":"ListItem","position":2,"name":"\u2018Girne Ark\u0131n Group Fest 24 \u00fc\u00e7\u00fcnc\u00fc haftas\u0131nda"}]},{"@type":"WebSite","@id":"https:\/\/kuzeyinsesi.org\/#website","url":"https:\/\/kuzeyinsesi.org\/","name":"Kuzeyin Sesi","description":"Do\u011fru Haberin Adresi","potentialAction":[{"@type":"SearchAction","target":{"@type":"EntryPoint","urlTemplate":"https:\/\/kuzeyinsesi.org\/?s={search_term_string}"},"query-input":{"@type":"PropertyValueSpecification","valueRequired":true,"valueName":"search_term_string"}}],"inLanguage":"tr"},{"@type":"Person","@id":"https:\/\/kuzeyinsesi.org\/#\/schema\/person\/9f859689cdf01485597712386e37f5aa","name":"Kuzeyin Sesi","image":{"@type":"ImageObject","inLanguage":"tr","@id":"https:\/\/secure.gravatar.com\/avatar\/bab33852abfd8b282518d6ed81826833d77c3c882d9ab608add591ccace47a44?s=96&d=mm&r=g","url":"https:\/\/secure.gravatar.com\/avatar\/bab33852abfd8b282518d6ed81826833d77c3c882d9ab608add591ccace47a44?s=96&d=mm&r=g","contentUrl":"https:\/\/secure.gravatar.com\/avatar\/bab33852abfd8b282518d6ed81826833d77c3c882d9ab608add591ccace47a44?s=96&d=mm&r=g","caption":"Kuzeyin Sesi"},"sameAs":["https:\/\/kuzeyinsesi.org"],"url":"https:\/\/kuzeyinsesi.org\/index.php\/author\/guven\/"}]}},"_links":{"self":[{"href":"https:\/\/kuzeyinsesi.org\/index.php\/wp-json\/wp\/v2\/posts\/9825","targetHints":{"allow":["GET"]}}],"collection":[{"href":"https:\/\/kuzeyinsesi.org\/index.php\/wp-json\/wp\/v2\/posts"}],"about":[{"href":"https:\/\/kuzeyinsesi.org\/index.php\/wp-json\/wp\/v2\/types\/post"}],"author":[{"embeddable":true,"href":"https:\/\/kuzeyinsesi.org\/index.php\/wp-json\/wp\/v2\/users\/1"}],"replies":[{"embeddable":true,"href":"https:\/\/kuzeyinsesi.org\/index.php\/wp-json\/wp\/v2\/comments?post=9825"}],"version-history":[{"count":0,"href":"https:\/\/kuzeyinsesi.org\/index.php\/wp-json\/wp\/v2\/posts\/9825\/revisions"}],"wp:featuredmedia":[{"embeddable":true,"href":"https:\/\/kuzeyinsesi.org\/index.php\/wp-json\/wp\/v2\/media\/9826"}],"wp:attachment":[{"href":"https:\/\/kuzeyinsesi.org\/index.php\/wp-json\/wp\/v2\/media?parent=9825"}],"wp:term":[{"taxonomy":"category","embeddable":true,"href":"https:\/\/kuzeyinsesi.org\/index.php\/wp-json\/wp\/v2\/categories?post=9825"},{"taxonomy":"post_tag","embeddable":true,"href":"https:\/\/kuzeyinsesi.org\/index.php\/wp-json\/wp\/v2\/tags?post=9825"}],"curies":[{"name":"wp","href":"https:\/\/api.w.org\/{rel}","templated":true}]}}