{"id":9809,"date":"2024-09-16T12:56:14","date_gmt":"2024-09-16T09:56:14","guid":{"rendered":"https:\/\/kuzeyinsesi.org\/index.php\/2024\/09\/16\/iskele-belediyesi-yildizlar-halk-danslari-toplulugu-silifkede-festivale-katildi\/"},"modified":"2024-09-16T12:56:14","modified_gmt":"2024-09-16T09:56:14","slug":"iskele-belediyesi-yildizlar-halk-danslari-toplulugu-silifkede-festivale-katildi","status":"publish","type":"post","link":"https:\/\/kuzeyinsesi.org\/index.php\/2024\/09\/16\/iskele-belediyesi-yildizlar-halk-danslari-toplulugu-silifkede-festivale-katildi\/","title":{"rendered":"\u0130skele Belediyesi Y\u0131ld\u0131zlar Halk Danslar\u0131 Toplulu\u011fu, Silifke\u2019de festivale kat\u0131ld\u0131"},"content":{"rendered":"<div>\n<div class=\"mariselle-image-container none\">\n                                            <\/div>\n<p>\u0130skele Belediyesi Y\u0131ld\u0131zlar Halk Danslar\u0131 Toplulu\u011fu, Mersin\u2019in Silifke \u0130l\u00e7esi\u2019nde d\u00fczenlenen 51.Uluslararas\u0131 Silifke M\u00fczik ve Folklor Festivali\u2019ne kat\u0131ld\u0131.<\/p>\n<p>Belediye\u2019den yap\u0131lan a\u00e7\u0131klamaya g\u00f6re, ekip, festivalde sahne performans\u0131yla dikkat \u00e7ekti.<\/p>\n<p>\u0130skele Belediyesi Halk Danslar\u0131 Toplulu\u011fu\u2019nun ayr\u0131lmaz par\u00e7as\u0131 olan Y\u0131ld\u0131zlar Halk Danslar\u0131 ekibinin, KKTC\u2019nin yan\u0131 s\u0131ra Anavatan T\u00fcrkiye Cumhuriyeti ve uluslararas\u0131 arenada al y\u0131ld\u0131zl\u0131 bayra\u011f\u0131 gururla dalgaland\u0131rmaya devam etti\u011finin belirtildi\u011fi a\u00e7\u0131klamada, \u201c\u0130skele Belediyesi K\u00fclt\u00fcr&amp;Sanat ve D\u0131\u015f ili\u015fkiler Dan\u0131\u015fman\u0131 ayn\u0131 zamanda \u0130B Halk Danslar\u0131 Toplulu\u011fu Y\u00f6netmeni \u00d6zlem Kadira\u011fa \u00f6nc\u00fcl\u00fc\u011f\u00fcnde, G\u00fclg\u00fcn Darg\u0131n e\u011fitmenli\u011findeki Y\u0131ld\u0131zlar Halk Danslar\u0131 Toplulu\u011fu, ald\u0131\u011f\u0131 davet \u00fczerine gitti\u011fi Mersin\u2019in Silifke \u0130l\u00e7esi\u2019nde, K\u0131br\u0131s K\u00fclt\u00fcr\u00fcn\u00fcn en \u00f6nemli par\u00e7as\u0131 olan halk danslar\u0131n\u0131 ba\u015far\u0131yla tan\u0131tt\u0131.\u201d ifadelerine yer verildi.<\/p>\n<p>A\u00e7\u0131klamada, \u0130skele Belediyesi Asba\u015fkan Vekili Sefa Kurukafa, Meclis \u00dcyeleri Eray G\u00f6ksan ve Kubilay A\u015f\u0131k ile \u0130B Halk Danslar\u0131 Toplulu\u011fu Y\u00f6netmeni \u00d6zlem Kadira\u011fa\u2019n\u0131n festival kapsam\u0131nda gittikleri Mersin ve Silifke\u2019de resmi temaslarda da bulunduklar\u0131 kaydedildi.<\/p>\n<p>Ekibin ilk dura\u011f\u0131n\u0131n festivalin ev sahibi Silifke Belediye Ba\u015fkan\u0131 Mustafa Turgut oldu\u011funun belirtildi\u011fi a\u00e7\u0131klamada, ekibin ayr\u0131ca, Mersin B\u00fcy\u00fck\u015fehir Belediyesi\u2019ni, Mersin Yeni\u015fehir Belediyesi Ba\u015fkan\u0131 Abdullah \u00d6zyi\u011fit\u2019i, KKTC Mersin Ba\u015fkonsolosu \u00d6zg\u00fcr Ezel\u2019i, Mersin Ticaret ve Sanayi Odas\u0131\u2019n\u0131 ve Silifke Kaymakam\u0131 Abdullah Aslaner\u2019i ziyaret etti\u011fi ifade edildi.<\/p>\n<\/p><\/div>\n<p><script async\n                    defer\n                    crossorigin=\"anonymous\"\n                    src=\"https:\/\/connect.facebook.net\/tr_TR\/sdk.js#xfbml=1&#038;version=v3.3\"\n            ><\/script><\/p>\n","protected":false},"excerpt":{"rendered":"<p>\u0130skele Belediyesi Y\u0131ld\u0131zlar Halk Danslar\u0131 Toplulu\u011fu, Mersin\u2019in Silifke \u0130l\u00e7esi\u2019nde d\u00fczenlenen 51.Uluslararas\u0131 Silifke M\u00fczik ve Folklor Festivali\u2019ne kat\u0131ld\u0131. Belediye\u2019den yap\u0131lan a\u00e7\u0131klamaya g\u00f6re, ekip, festivalde sahne performans\u0131yla dikkat \u00e7ekti. \u0130skele Belediyesi Halk Danslar\u0131 Toplulu\u011fu\u2019nun ayr\u0131lmaz par\u00e7as\u0131 olan Y\u0131ld\u0131zlar Halk Danslar\u0131 ekibinin, KKTC\u2019nin yan\u0131 s\u0131ra Anavatan T\u00fcrkiye Cumhuriyeti ve uluslararas\u0131 arenada al y\u0131ld\u0131zl\u0131 bayra\u011f\u0131 gururla dalgaland\u0131rmaya devam etti\u011finin [&hellip;]<\/p>\n","protected":false},"author":1,"featured_media":9810,"comment_status":"open","ping_status":"open","sticky":false,"template":"","format":"standard","meta":{"jnews-multi-image_gallery":[],"jnews_single_post":[],"jnews_primary_category":[],"jnews_social_meta":[],"jnews_override_counter":[],"footnotes":""},"categories":[6],"tags":[],"class_list":["post-9809","post","type-post","status-publish","format-standard","has-post-thumbnail","hentry","category-yasam"],"yoast_head":"<!-- This site is optimized with the Yoast SEO plugin v27.5 - https:\/\/yoast.com\/product\/yoast-seo-wordpress\/ -->\n<title>\u0130skele Belediyesi Y\u0131ld\u0131zlar Halk Danslar\u0131 Toplulu\u011fu, Silifke\u2019de festivale kat\u0131ld\u0131 - Kuzeyin Sesi<\/title>\n<meta name=\"robots\" content=\"index, follow, max-snippet:-1, max-image-preview:large, max-video-preview:-1\" \/>\n<link rel=\"canonical\" href=\"https:\/\/kuzeyinsesi.org\/index.php\/2024\/09\/16\/iskele-belediyesi-yildizlar-halk-danslari-toplulugu-silifkede-festivale-katildi\/\" \/>\n<meta property=\"og:locale\" content=\"tr_TR\" \/>\n<meta property=\"og:type\" content=\"article\" \/>\n<meta property=\"og:title\" content=\"\u0130skele Belediyesi Y\u0131ld\u0131zlar Halk Danslar\u0131 Toplulu\u011fu, Silifke\u2019de festivale kat\u0131ld\u0131 - Kuzeyin Sesi\" \/>\n<meta property=\"og:description\" content=\"\u0130skele Belediyesi Y\u0131ld\u0131zlar Halk Danslar\u0131 Toplulu\u011fu, Mersin\u2019in Silifke \u0130l\u00e7esi\u2019nde d\u00fczenlenen 51.Uluslararas\u0131 Silifke M\u00fczik ve Folklor Festivali\u2019ne kat\u0131ld\u0131. Belediye\u2019den yap\u0131lan a\u00e7\u0131klamaya g\u00f6re, ekip, festivalde sahne performans\u0131yla dikkat \u00e7ekti. \u0130skele Belediyesi Halk Danslar\u0131 Toplulu\u011fu\u2019nun ayr\u0131lmaz par\u00e7as\u0131 olan Y\u0131ld\u0131zlar Halk Danslar\u0131 ekibinin, KKTC\u2019nin yan\u0131 s\u0131ra Anavatan T\u00fcrkiye Cumhuriyeti ve uluslararas\u0131 arenada al y\u0131ld\u0131zl\u0131 bayra\u011f\u0131 gururla dalgaland\u0131rmaya devam etti\u011finin [&hellip;]\" \/>\n<meta property=\"og:url\" content=\"https:\/\/kuzeyinsesi.org\/index.php\/2024\/09\/16\/iskele-belediyesi-yildizlar-halk-danslari-toplulugu-silifkede-festivale-katildi\/\" \/>\n<meta property=\"og:site_name\" content=\"Kuzeyin Sesi\" \/>\n<meta property=\"article:publisher\" content=\"https:\/\/www.facebook.com\/kuzeyinsesii\" \/>\n<meta property=\"article:published_time\" content=\"2024-09-16T09:56:14+00:00\" \/>\n<meta property=\"og:image\" content=\"https:\/\/brtk.net\/wp-content\/uploads\/2024\/09\/16\/ib-yildizlar-hd-silifke-festivali-21.jpg?ver=31901df9a574ff548f48acf2d5dff516\" \/>\n<meta name=\"author\" content=\"Kuzeyin Sesi\" \/>\n<meta name=\"twitter:card\" content=\"summary_large_image\" \/>\n<meta name=\"twitter:creator\" content=\"@kuzeyinsesii\" \/>\n<meta name=\"twitter:site\" content=\"@kuzeyinsesii\" \/>\n<meta name=\"twitter:label1\" content=\"Yazan:\" \/>\n\t<meta name=\"twitter:data1\" content=\"Kuzeyin Sesi\" \/>\n\t<meta name=\"twitter:label2\" content=\"Tahmini okuma s\u00fcresi\" \/>\n\t<meta name=\"twitter:data2\" content=\"1 dakika\" \/>\n<script type=\"application\/ld+json\" class=\"yoast-schema-graph\">{\"@context\":\"https:\\\/\\\/schema.org\",\"@graph\":[{\"@type\":\"Article\",\"@id\":\"https:\\\/\\\/kuzeyinsesi.org\\\/index.php\\\/2024\\\/09\\\/16\\\/iskele-belediyesi-yildizlar-halk-danslari-toplulugu-silifkede-festivale-katildi\\\/#article\",\"isPartOf\":{\"@id\":\"https:\\\/\\\/kuzeyinsesi.org\\\/index.php\\\/2024\\\/09\\\/16\\\/iskele-belediyesi-yildizlar-halk-danslari-toplulugu-silifkede-festivale-katildi\\\/\"},\"author\":{\"name\":\"Kuzeyin Sesi\",\"@id\":\"https:\\\/\\\/kuzeyinsesi.org\\\/#\\\/schema\\\/person\\\/9f859689cdf01485597712386e37f5aa\"},\"headline\":\"\u0130skele Belediyesi Y\u0131ld\u0131zlar Halk Danslar\u0131 Toplulu\u011fu, Silifke\u2019de festivale kat\u0131ld\u0131\",\"datePublished\":\"2024-09-16T09:56:14+00:00\",\"mainEntityOfPage\":{\"@id\":\"https:\\\/\\\/kuzeyinsesi.org\\\/index.php\\\/2024\\\/09\\\/16\\\/iskele-belediyesi-yildizlar-halk-danslari-toplulugu-silifkede-festivale-katildi\\\/\"},\"wordCount\":288,\"commentCount\":0,\"image\":{\"@id\":\"https:\\\/\\\/kuzeyinsesi.org\\\/index.php\\\/2024\\\/09\\\/16\\\/iskele-belediyesi-yildizlar-halk-danslari-toplulugu-silifkede-festivale-katildi\\\/#primaryimage\"},\"thumbnailUrl\":\"https:\\\/\\\/kuzeyinsesi.org\\\/wp-content\\\/uploads\\\/2024\\\/09\\\/ib-yildizlar-hd-silifke-festivali-21.jpg\",\"articleSection\":[\"Ya\u015fam\"],\"inLanguage\":\"tr\",\"potentialAction\":[{\"@type\":\"CommentAction\",\"name\":\"Comment\",\"target\":[\"https:\\\/\\\/kuzeyinsesi.org\\\/index.php\\\/2024\\\/09\\\/16\\\/iskele-belediyesi-yildizlar-halk-danslari-toplulugu-silifkede-festivale-katildi\\\/#respond\"]}]},{\"@type\":\"WebPage\",\"@id\":\"https:\\\/\\\/kuzeyinsesi.org\\\/index.php\\\/2024\\\/09\\\/16\\\/iskele-belediyesi-yildizlar-halk-danslari-toplulugu-silifkede-festivale-katildi\\\/\",\"url\":\"https:\\\/\\\/kuzeyinsesi.org\\\/index.php\\\/2024\\\/09\\\/16\\\/iskele-belediyesi-yildizlar-halk-danslari-toplulugu-silifkede-festivale-katildi\\\/\",\"name\":\"\u0130skele Belediyesi Y\u0131ld\u0131zlar Halk Danslar\u0131 Toplulu\u011fu, Silifke\u2019de festivale kat\u0131ld\u0131 - Kuzeyin Sesi\",\"isPartOf\":{\"@id\":\"https:\\\/\\\/kuzeyinsesi.org\\\/#website\"},\"primaryImageOfPage\":{\"@id\":\"https:\\\/\\\/kuzeyinsesi.org\\\/index.php\\\/2024\\\/09\\\/16\\\/iskele-belediyesi-yildizlar-halk-danslari-toplulugu-silifkede-festivale-katildi\\\/#primaryimage\"},\"image\":{\"@id\":\"https:\\\/\\\/kuzeyinsesi.org\\\/index.php\\\/2024\\\/09\\\/16\\\/iskele-belediyesi-yildizlar-halk-danslari-toplulugu-silifkede-festivale-katildi\\\/#primaryimage\"},\"thumbnailUrl\":\"https:\\\/\\\/kuzeyinsesi.org\\\/wp-content\\\/uploads\\\/2024\\\/09\\\/ib-yildizlar-hd-silifke-festivali-21.jpg\",\"datePublished\":\"2024-09-16T09:56:14+00:00\",\"author\":{\"@id\":\"https:\\\/\\\/kuzeyinsesi.org\\\/#\\\/schema\\\/person\\\/9f859689cdf01485597712386e37f5aa\"},\"breadcrumb\":{\"@id\":\"https:\\\/\\\/kuzeyinsesi.org\\\/index.php\\\/2024\\\/09\\\/16\\\/iskele-belediyesi-yildizlar-halk-danslari-toplulugu-silifkede-festivale-katildi\\\/#breadcrumb\"},\"inLanguage\":\"tr\",\"potentialAction\":[{\"@type\":\"ReadAction\",\"target\":[\"https:\\\/\\\/kuzeyinsesi.org\\\/index.php\\\/2024\\\/09\\\/16\\\/iskele-belediyesi-yildizlar-halk-danslari-toplulugu-silifkede-festivale-katildi\\\/\"]}]},{\"@type\":\"ImageObject\",\"inLanguage\":\"tr\",\"@id\":\"https:\\\/\\\/kuzeyinsesi.org\\\/index.php\\\/2024\\\/09\\\/16\\\/iskele-belediyesi-yildizlar-halk-danslari-toplulugu-silifkede-festivale-katildi\\\/#primaryimage\",\"url\":\"https:\\\/\\\/kuzeyinsesi.org\\\/wp-content\\\/uploads\\\/2024\\\/09\\\/ib-yildizlar-hd-silifke-festivali-21.jpg\",\"contentUrl\":\"https:\\\/\\\/kuzeyinsesi.org\\\/wp-content\\\/uploads\\\/2024\\\/09\\\/ib-yildizlar-hd-silifke-festivali-21.jpg\",\"width\":929,\"height\":522},{\"@type\":\"BreadcrumbList\",\"@id\":\"https:\\\/\\\/kuzeyinsesi.org\\\/index.php\\\/2024\\\/09\\\/16\\\/iskele-belediyesi-yildizlar-halk-danslari-toplulugu-silifkede-festivale-katildi\\\/#breadcrumb\",\"itemListElement\":[{\"@type\":\"ListItem\",\"position\":1,\"name\":\"Anasayfa\",\"item\":\"https:\\\/\\\/kuzeyinsesi.org\\\/\"},{\"@type\":\"ListItem\",\"position\":2,\"name\":\"\u0130skele Belediyesi Y\u0131ld\u0131zlar Halk Danslar\u0131 Toplulu\u011fu, Silifke\u2019de festivale kat\u0131ld\u0131\"}]},{\"@type\":\"WebSite\",\"@id\":\"https:\\\/\\\/kuzeyinsesi.org\\\/#website\",\"url\":\"https:\\\/\\\/kuzeyinsesi.org\\\/\",\"name\":\"Kuzeyin Sesi\",\"description\":\"Do\u011fru Haberin Adresi\",\"potentialAction\":[{\"@type\":\"SearchAction\",\"target\":{\"@type\":\"EntryPoint\",\"urlTemplate\":\"https:\\\/\\\/kuzeyinsesi.org\\\/?s={search_term_string}\"},\"query-input\":{\"@type\":\"PropertyValueSpecification\",\"valueRequired\":true,\"valueName\":\"search_term_string\"}}],\"inLanguage\":\"tr\"},{\"@type\":\"Person\",\"@id\":\"https:\\\/\\\/kuzeyinsesi.org\\\/#\\\/schema\\\/person\\\/9f859689cdf01485597712386e37f5aa\",\"name\":\"Kuzeyin Sesi\",\"image\":{\"@type\":\"ImageObject\",\"inLanguage\":\"tr\",\"@id\":\"https:\\\/\\\/secure.gravatar.com\\\/avatar\\\/bab33852abfd8b282518d6ed81826833d77c3c882d9ab608add591ccace47a44?s=96&d=mm&r=g\",\"url\":\"https:\\\/\\\/secure.gravatar.com\\\/avatar\\\/bab33852abfd8b282518d6ed81826833d77c3c882d9ab608add591ccace47a44?s=96&d=mm&r=g\",\"contentUrl\":\"https:\\\/\\\/secure.gravatar.com\\\/avatar\\\/bab33852abfd8b282518d6ed81826833d77c3c882d9ab608add591ccace47a44?s=96&d=mm&r=g\",\"caption\":\"Kuzeyin Sesi\"},\"sameAs\":[\"https:\\\/\\\/kuzeyinsesi.org\"],\"url\":\"https:\\\/\\\/kuzeyinsesi.org\\\/index.php\\\/author\\\/guven\\\/\"}]}<\/script>\n<!-- \/ Yoast SEO plugin. -->","yoast_head_json":{"title":"\u0130skele Belediyesi Y\u0131ld\u0131zlar Halk Danslar\u0131 Toplulu\u011fu, Silifke\u2019de festivale kat\u0131ld\u0131 - Kuzeyin Sesi","robots":{"index":"index","follow":"follow","max-snippet":"max-snippet:-1","max-image-preview":"max-image-preview:large","max-video-preview":"max-video-preview:-1"},"canonical":"https:\/\/kuzeyinsesi.org\/index.php\/2024\/09\/16\/iskele-belediyesi-yildizlar-halk-danslari-toplulugu-silifkede-festivale-katildi\/","og_locale":"tr_TR","og_type":"article","og_title":"\u0130skele Belediyesi Y\u0131ld\u0131zlar Halk Danslar\u0131 Toplulu\u011fu, Silifke\u2019de festivale kat\u0131ld\u0131 - Kuzeyin Sesi","og_description":"\u0130skele Belediyesi Y\u0131ld\u0131zlar Halk Danslar\u0131 Toplulu\u011fu, Mersin\u2019in Silifke \u0130l\u00e7esi\u2019nde d\u00fczenlenen 51.Uluslararas\u0131 Silifke M\u00fczik ve Folklor Festivali\u2019ne kat\u0131ld\u0131. Belediye\u2019den yap\u0131lan a\u00e7\u0131klamaya g\u00f6re, ekip, festivalde sahne performans\u0131yla dikkat \u00e7ekti. \u0130skele Belediyesi Halk Danslar\u0131 Toplulu\u011fu\u2019nun ayr\u0131lmaz par\u00e7as\u0131 olan Y\u0131ld\u0131zlar Halk Danslar\u0131 ekibinin, KKTC\u2019nin yan\u0131 s\u0131ra Anavatan T\u00fcrkiye Cumhuriyeti ve uluslararas\u0131 arenada al y\u0131ld\u0131zl\u0131 bayra\u011f\u0131 gururla dalgaland\u0131rmaya devam etti\u011finin [&hellip;]","og_url":"https:\/\/kuzeyinsesi.org\/index.php\/2024\/09\/16\/iskele-belediyesi-yildizlar-halk-danslari-toplulugu-silifkede-festivale-katildi\/","og_site_name":"Kuzeyin Sesi","article_publisher":"https:\/\/www.facebook.com\/kuzeyinsesii","article_published_time":"2024-09-16T09:56:14+00:00","og_image":[{"url":"https:\/\/brtk.net\/wp-content\/uploads\/2024\/09\/16\/ib-yildizlar-hd-silifke-festivali-21.jpg?ver=31901df9a574ff548f48acf2d5dff516","type":"","width":"","height":""}],"author":"Kuzeyin Sesi","twitter_card":"summary_large_image","twitter_creator":"@kuzeyinsesii","twitter_site":"@kuzeyinsesii","twitter_misc":{"Yazan:":"Kuzeyin Sesi","Tahmini okuma s\u00fcresi":"1 dakika"},"schema":{"@context":"https:\/\/schema.org","@graph":[{"@type":"Article","@id":"https:\/\/kuzeyinsesi.org\/index.php\/2024\/09\/16\/iskele-belediyesi-yildizlar-halk-danslari-toplulugu-silifkede-festivale-katildi\/#article","isPartOf":{"@id":"https:\/\/kuzeyinsesi.org\/index.php\/2024\/09\/16\/iskele-belediyesi-yildizlar-halk-danslari-toplulugu-silifkede-festivale-katildi\/"},"author":{"name":"Kuzeyin Sesi","@id":"https:\/\/kuzeyinsesi.org\/#\/schema\/person\/9f859689cdf01485597712386e37f5aa"},"headline":"\u0130skele Belediyesi Y\u0131ld\u0131zlar Halk Danslar\u0131 Toplulu\u011fu, Silifke\u2019de festivale kat\u0131ld\u0131","datePublished":"2024-09-16T09:56:14+00:00","mainEntityOfPage":{"@id":"https:\/\/kuzeyinsesi.org\/index.php\/2024\/09\/16\/iskele-belediyesi-yildizlar-halk-danslari-toplulugu-silifkede-festivale-katildi\/"},"wordCount":288,"commentCount":0,"image":{"@id":"https:\/\/kuzeyinsesi.org\/index.php\/2024\/09\/16\/iskele-belediyesi-yildizlar-halk-danslari-toplulugu-silifkede-festivale-katildi\/#primaryimage"},"thumbnailUrl":"https:\/\/kuzeyinsesi.org\/wp-content\/uploads\/2024\/09\/ib-yildizlar-hd-silifke-festivali-21.jpg","articleSection":["Ya\u015fam"],"inLanguage":"tr","potentialAction":[{"@type":"CommentAction","name":"Comment","target":["https:\/\/kuzeyinsesi.org\/index.php\/2024\/09\/16\/iskele-belediyesi-yildizlar-halk-danslari-toplulugu-silifkede-festivale-katildi\/#respond"]}]},{"@type":"WebPage","@id":"https:\/\/kuzeyinsesi.org\/index.php\/2024\/09\/16\/iskele-belediyesi-yildizlar-halk-danslari-toplulugu-silifkede-festivale-katildi\/","url":"https:\/\/kuzeyinsesi.org\/index.php\/2024\/09\/16\/iskele-belediyesi-yildizlar-halk-danslari-toplulugu-silifkede-festivale-katildi\/","name":"\u0130skele Belediyesi Y\u0131ld\u0131zlar Halk Danslar\u0131 Toplulu\u011fu, Silifke\u2019de festivale kat\u0131ld\u0131 - Kuzeyin Sesi","isPartOf":{"@id":"https:\/\/kuzeyinsesi.org\/#website"},"primaryImageOfPage":{"@id":"https:\/\/kuzeyinsesi.org\/index.php\/2024\/09\/16\/iskele-belediyesi-yildizlar-halk-danslari-toplulugu-silifkede-festivale-katildi\/#primaryimage"},"image":{"@id":"https:\/\/kuzeyinsesi.org\/index.php\/2024\/09\/16\/iskele-belediyesi-yildizlar-halk-danslari-toplulugu-silifkede-festivale-katildi\/#primaryimage"},"thumbnailUrl":"https:\/\/kuzeyinsesi.org\/wp-content\/uploads\/2024\/09\/ib-yildizlar-hd-silifke-festivali-21.jpg","datePublished":"2024-09-16T09:56:14+00:00","author":{"@id":"https:\/\/kuzeyinsesi.org\/#\/schema\/person\/9f859689cdf01485597712386e37f5aa"},"breadcrumb":{"@id":"https:\/\/kuzeyinsesi.org\/index.php\/2024\/09\/16\/iskele-belediyesi-yildizlar-halk-danslari-toplulugu-silifkede-festivale-katildi\/#breadcrumb"},"inLanguage":"tr","potentialAction":[{"@type":"ReadAction","target":["https:\/\/kuzeyinsesi.org\/index.php\/2024\/09\/16\/iskele-belediyesi-yildizlar-halk-danslari-toplulugu-silifkede-festivale-katildi\/"]}]},{"@type":"ImageObject","inLanguage":"tr","@id":"https:\/\/kuzeyinsesi.org\/index.php\/2024\/09\/16\/iskele-belediyesi-yildizlar-halk-danslari-toplulugu-silifkede-festivale-katildi\/#primaryimage","url":"https:\/\/kuzeyinsesi.org\/wp-content\/uploads\/2024\/09\/ib-yildizlar-hd-silifke-festivali-21.jpg","contentUrl":"https:\/\/kuzeyinsesi.org\/wp-content\/uploads\/2024\/09\/ib-yildizlar-hd-silifke-festivali-21.jpg","width":929,"height":522},{"@type":"BreadcrumbList","@id":"https:\/\/kuzeyinsesi.org\/index.php\/2024\/09\/16\/iskele-belediyesi-yildizlar-halk-danslari-toplulugu-silifkede-festivale-katildi\/#breadcrumb","itemListElement":[{"@type":"ListItem","position":1,"name":"Anasayfa","item":"https:\/\/kuzeyinsesi.org\/"},{"@type":"ListItem","position":2,"name":"\u0130skele Belediyesi Y\u0131ld\u0131zlar Halk Danslar\u0131 Toplulu\u011fu, Silifke\u2019de festivale kat\u0131ld\u0131"}]},{"@type":"WebSite","@id":"https:\/\/kuzeyinsesi.org\/#website","url":"https:\/\/kuzeyinsesi.org\/","name":"Kuzeyin Sesi","description":"Do\u011fru Haberin Adresi","potentialAction":[{"@type":"SearchAction","target":{"@type":"EntryPoint","urlTemplate":"https:\/\/kuzeyinsesi.org\/?s={search_term_string}"},"query-input":{"@type":"PropertyValueSpecification","valueRequired":true,"valueName":"search_term_string"}}],"inLanguage":"tr"},{"@type":"Person","@id":"https:\/\/kuzeyinsesi.org\/#\/schema\/person\/9f859689cdf01485597712386e37f5aa","name":"Kuzeyin Sesi","image":{"@type":"ImageObject","inLanguage":"tr","@id":"https:\/\/secure.gravatar.com\/avatar\/bab33852abfd8b282518d6ed81826833d77c3c882d9ab608add591ccace47a44?s=96&d=mm&r=g","url":"https:\/\/secure.gravatar.com\/avatar\/bab33852abfd8b282518d6ed81826833d77c3c882d9ab608add591ccace47a44?s=96&d=mm&r=g","contentUrl":"https:\/\/secure.gravatar.com\/avatar\/bab33852abfd8b282518d6ed81826833d77c3c882d9ab608add591ccace47a44?s=96&d=mm&r=g","caption":"Kuzeyin Sesi"},"sameAs":["https:\/\/kuzeyinsesi.org"],"url":"https:\/\/kuzeyinsesi.org\/index.php\/author\/guven\/"}]}},"_links":{"self":[{"href":"https:\/\/kuzeyinsesi.org\/index.php\/wp-json\/wp\/v2\/posts\/9809","targetHints":{"allow":["GET"]}}],"collection":[{"href":"https:\/\/kuzeyinsesi.org\/index.php\/wp-json\/wp\/v2\/posts"}],"about":[{"href":"https:\/\/kuzeyinsesi.org\/index.php\/wp-json\/wp\/v2\/types\/post"}],"author":[{"embeddable":true,"href":"https:\/\/kuzeyinsesi.org\/index.php\/wp-json\/wp\/v2\/users\/1"}],"replies":[{"embeddable":true,"href":"https:\/\/kuzeyinsesi.org\/index.php\/wp-json\/wp\/v2\/comments?post=9809"}],"version-history":[{"count":0,"href":"https:\/\/kuzeyinsesi.org\/index.php\/wp-json\/wp\/v2\/posts\/9809\/revisions"}],"wp:featuredmedia":[{"embeddable":true,"href":"https:\/\/kuzeyinsesi.org\/index.php\/wp-json\/wp\/v2\/media\/9810"}],"wp:attachment":[{"href":"https:\/\/kuzeyinsesi.org\/index.php\/wp-json\/wp\/v2\/media?parent=9809"}],"wp:term":[{"taxonomy":"category","embeddable":true,"href":"https:\/\/kuzeyinsesi.org\/index.php\/wp-json\/wp\/v2\/categories?post=9809"},{"taxonomy":"post_tag","embeddable":true,"href":"https:\/\/kuzeyinsesi.org\/index.php\/wp-json\/wp\/v2\/tags?post=9809"}],"curies":[{"name":"wp","href":"https:\/\/api.w.org\/{rel}","templated":true}]}}