{"id":979,"date":"2024-04-30T11:10:03","date_gmt":"2024-04-30T08:10:03","guid":{"rendered":"https:\/\/kuzeyinsesi.com\/index.php\/2024\/04\/30\/basbakanlik-avrupa-birligi-koordinasyon-merkezi-heyeti-ankarada-temaslarda-bulundu\/"},"modified":"2024-04-30T11:10:03","modified_gmt":"2024-04-30T08:10:03","slug":"basbakanlik-avrupa-birligi-koordinasyon-merkezi-heyeti-ankarada-temaslarda-bulundu","status":"publish","type":"post","link":"https:\/\/kuzeyinsesi.org\/index.php\/2024\/04\/30\/basbakanlik-avrupa-birligi-koordinasyon-merkezi-heyeti-ankarada-temaslarda-bulundu\/","title":{"rendered":"Ba\u015fbakanl\u0131k Avrupa Birli\u011fi Koordinasyon Merkezi Heyeti Ankara\u2019da temaslarda bulundu"},"content":{"rendered":"<div>\n<div class=\"mariselle-image-container center\">\n                                            <\/div>\n<p>\u00a0<\/p>\n<p style=\"font-weight: 300;\"><span style=\"font-weight: 300 !important;\">Ba\u015fbakanl\u0131k Avrupa Birli\u011fi (AB) Koordinasyon Merkezi Heyeti, 24-26 Nisan tarihleri aras\u0131nda Ankara\u2019da temaslarda bulundu.<\/span><\/p>\n<p style=\"font-weight: 300;\"><span style=\"font-weight: 300 !important;\">Ba\u015fbakanl\u0131k AB Koordinasyon Merkezi Ba\u015fkanl\u0131\u011f\u0131 taraf\u0131ndan yap\u0131lan a\u00e7\u0131klamaya g\u00f6re, Sel\u00e7uk Y\u00fcr\u00fcko\u011fullar\u0131 ba\u015fkanl\u0131\u011f\u0131ndaki heyet temaslar\u0131nda, T\u00fcrkiye Cumhuriyeti-AB ili\u015fkileri ve K\u0131br\u0131s-Avrupa Birli\u011fi konular\u0131n\u0131 ele ald\u0131. Heyet, T.C. AB Ba\u015fkanl\u0131\u011f\u0131 ve T\u00fcrkiye B\u00fcy\u00fck Millet Meclisi\u2019nde (TBMM) toplant\u0131lar ger\u00e7ekle\u015ftirdi.<\/span><\/p>\n<p style=\"font-weight: 300;\"><span style=\"font-weight: 300 !important;\">Ziyaretin ilk g\u00fcn\u00fcnde T\u00fcrkiye Cumhuriyeti AB Ba\u015fkanl\u0131\u011f\u0131\u2019nda, B\u00fcy\u00fckel\u00e7i Burak \u00d6z\u00fcgergin, Genel M\u00fcd\u00fcrler, Genel M\u00fcd\u00fcr Yard\u0131mc\u0131s\u0131 ve Daire Ba\u015fkanlar\u0131 ile bir araya gelen Heyet, T\u00fcrkiye\u2019nin AB ili\u015fkileri, K\u0131br\u0131s sorunu ve K\u0131br\u0131s-AB ili\u015fkileri konular\u0131nda bilgi payla\u015f\u0131m\u0131nda bulundu.<\/span><\/p>\n<p style=\"font-weight: 300;\"><span style=\"font-weight: 300 !important;\">-Y\u00fcr\u00fcko\u011fullar\u0131<\/span><\/p>\n<p style=\"font-weight: 300;\"><span style=\"font-weight: 300 !important;\">Toplant\u0131da Sel\u00e7uk Y\u00fcr\u00fcko\u011fullar\u0131, Kuzey K\u0131br\u0131s T\u00fcrk Cumhuriyeti\u2019nin, T\u00fcrkiye i\u00e7in \u00f6nemi ve K\u0131br\u0131s meselesi hakk\u0131ndaki g\u00f6r\u00fc\u015flerini ifade etti. Y\u00fcr\u00fcko\u011fullar\u0131 ayr\u0131ca, ilerleyen d\u00f6nemde T\u00fcrkiye Cumhuriyeti AB Ba\u015fkanl\u0131\u011f\u0131\u2019n\u0131n deneyimlerinden faydalanma ve ortak projeler ger\u00e7ekle\u015ftirme f\u0131rsat\u0131n\u0131n yarat\u0131lmas\u0131 temennisini dile getirdi.<\/span><\/p>\n<p style=\"font-weight: 300;\"><span style=\"font-weight: 300 !important;\">-G\u00fclseven<\/span><\/p>\n<p style=\"font-weight: 300;\"><span style=\"font-weight: 300 !important;\">AB Koordinasyon Merkezi Koordinat\u00f6r\u00fc Bet\u00fcl Atasayan G\u00fclseven ise, Merkez\u2019in \u00e7al\u0131\u015fmalar\u0131 ve AB ile y\u00fcr\u00fct\u00fclen projeler hakk\u0131nda bilgi verdi.<\/span><\/p>\n<p style=\"font-weight: 300;\"><span style=\"font-weight: 300 !important;\">-TBMM AB Uyum Komisyonu Ba\u015fkan\u0131 Kayat\u00fcrk ile g\u00f6r\u00fc\u015fme<\/span><\/p>\n<p style=\"font-weight: 300;\"><span style=\"font-weight: 300 !important;\">Ziyaret kapsam\u0131nda T\u00fcrkiye B\u00fcy\u00fck Millet Meclisi Avrupa Birli\u011fi Uyum Komisyonu Ba\u015fkan\u0131 Burhan Kayat\u00fcrk ile de bir g\u00f6r\u00fc\u015fme ger\u00e7ekle\u015ftirildi. G\u00f6r\u00fc\u015fmede, uluslararas\u0131 g\u00fcncel geli\u015fmeler, KKTC\u2019nin AB ili\u015fkileri ve AB projeleri ele al\u0131nd\u0131.<\/span><\/p>\n<p style=\"font-weight: 300;\"><span style=\"font-weight: 300 !important;\">Toplant\u0131da Y\u00fcr\u00fcko\u011fullar\u0131, Komisyon Ba\u015fkan\u0131 Kayat\u00fcrk\u2019ten daha yak\u0131n ve aktif \u00e7al\u0131\u015fmalar i\u00e7in destek talep ederken, AB Koordinasyon Merkezi ile ilerleyen s\u00fcre\u00e7te i\u015f birli\u011fi i\u00e7erisinde \u00e7al\u0131\u015f\u0131laca\u011f\u0131 y\u00f6n\u00fcnde g\u00f6r\u00fc\u015f ortaya \u00e7\u0131kt\u0131.<\/span><\/p>\n<p style=\"font-weight: 300;\"><span style=\"font-weight: 300 !important;\">Ziyarette ayr\u0131ca, tar\u0131m, \u00e7evre, enerji, sa\u011fl\u0131k, e\u011fitim, sivil toplum ve ekonomi alanlar\u0131nda programlama, izleme-de\u011ferlendirme ve b\u00fct\u00e7eleme s\u00fcre\u00e7leri ele al\u0131nd\u0131.<\/span><\/p>\n<p style=\"font-weight: 300;\"><span style=\"font-weight: 300 !important;\">Ba\u015fbakanl\u0131k AB Koordinasyon Merkezi\u2019nin gelecekteki stratejilerinin belirlenmesinde T\u00fcrkiye Cumhuriyeti\u2019nin deneyiminden yararlan\u0131lmas\u0131 y\u00f6n\u00fcnde birlikte \u00e7al\u0131\u015fmalar y\u00fcr\u00fct\u00fclece\u011fi vurguland\u0131.<\/span><\/p>\n<\/p><\/div>\n<p><script async\n                    defer\n                    crossorigin=\"anonymous\"\n                    src=\"https:\/\/connect.facebook.net\/tr_TR\/sdk.js#xfbml=1&#038;version=v3.3\"\n            ><\/script><\/p>\n","protected":false},"excerpt":{"rendered":"<p>\u00a0 Ba\u015fbakanl\u0131k Avrupa Birli\u011fi (AB) Koordinasyon Merkezi Heyeti, 24-26 Nisan tarihleri aras\u0131nda Ankara\u2019da temaslarda bulundu. Ba\u015fbakanl\u0131k AB Koordinasyon Merkezi Ba\u015fkanl\u0131\u011f\u0131 taraf\u0131ndan yap\u0131lan a\u00e7\u0131klamaya g\u00f6re, Sel\u00e7uk Y\u00fcr\u00fcko\u011fullar\u0131 ba\u015fkanl\u0131\u011f\u0131ndaki heyet temaslar\u0131nda, T\u00fcrkiye Cumhuriyeti-AB ili\u015fkileri ve K\u0131br\u0131s-Avrupa Birli\u011fi konular\u0131n\u0131 ele ald\u0131. Heyet, T.C. AB Ba\u015fkanl\u0131\u011f\u0131 ve T\u00fcrkiye B\u00fcy\u00fck Millet Meclisi\u2019nde (TBMM) toplant\u0131lar ger\u00e7ekle\u015ftirdi. Ziyaretin ilk g\u00fcn\u00fcnde T\u00fcrkiye Cumhuriyeti [&hellip;]<\/p>\n","protected":false},"author":1,"featured_media":980,"comment_status":"open","ping_status":"open","sticky":false,"template":"","format":"standard","meta":{"jnews-multi-image_gallery":[],"jnews_single_post":[],"jnews_primary_category":[],"jnews_social_meta":[],"jnews_override_counter":[],"footnotes":""},"categories":[1],"tags":[],"class_list":["post-979","post","type-post","status-publish","format-standard","has-post-thumbnail","hentry","category-kibris"],"yoast_head":"<!-- This site is optimized with the Yoast SEO plugin v27.5 - https:\/\/yoast.com\/product\/yoast-seo-wordpress\/ -->\n<title>Ba\u015fbakanl\u0131k Avrupa Birli\u011fi Koordinasyon Merkezi Heyeti Ankara\u2019da temaslarda bulundu - Kuzeyin Sesi<\/title>\n<meta name=\"robots\" content=\"index, follow, max-snippet:-1, max-image-preview:large, max-video-preview:-1\" \/>\n<link rel=\"canonical\" href=\"https:\/\/kuzeyinsesi.org\/index.php\/2024\/04\/30\/basbakanlik-avrupa-birligi-koordinasyon-merkezi-heyeti-ankarada-temaslarda-bulundu\/\" \/>\n<meta property=\"og:locale\" content=\"tr_TR\" \/>\n<meta property=\"og:type\" content=\"article\" \/>\n<meta property=\"og:title\" content=\"Ba\u015fbakanl\u0131k Avrupa Birli\u011fi Koordinasyon Merkezi Heyeti Ankara\u2019da temaslarda bulundu - Kuzeyin Sesi\" \/>\n<meta property=\"og:description\" content=\"\u00a0 Ba\u015fbakanl\u0131k Avrupa Birli\u011fi (AB) Koordinasyon Merkezi Heyeti, 24-26 Nisan tarihleri aras\u0131nda Ankara\u2019da temaslarda bulundu. Ba\u015fbakanl\u0131k AB Koordinasyon Merkezi Ba\u015fkanl\u0131\u011f\u0131 taraf\u0131ndan yap\u0131lan a\u00e7\u0131klamaya g\u00f6re, Sel\u00e7uk Y\u00fcr\u00fcko\u011fullar\u0131 ba\u015fkanl\u0131\u011f\u0131ndaki heyet temaslar\u0131nda, T\u00fcrkiye Cumhuriyeti-AB ili\u015fkileri ve K\u0131br\u0131s-Avrupa Birli\u011fi konular\u0131n\u0131 ele ald\u0131. Heyet, T.C. AB Ba\u015fkanl\u0131\u011f\u0131 ve T\u00fcrkiye B\u00fcy\u00fck Millet Meclisi\u2019nde (TBMM) toplant\u0131lar ger\u00e7ekle\u015ftirdi. Ziyaretin ilk g\u00fcn\u00fcnde T\u00fcrkiye Cumhuriyeti [&hellip;]\" \/>\n<meta property=\"og:url\" content=\"https:\/\/kuzeyinsesi.org\/index.php\/2024\/04\/30\/basbakanlik-avrupa-birligi-koordinasyon-merkezi-heyeti-ankarada-temaslarda-bulundu\/\" \/>\n<meta property=\"og:site_name\" content=\"Kuzeyin Sesi\" \/>\n<meta property=\"article:publisher\" content=\"https:\/\/www.facebook.com\/kuzeyinsesii\" \/>\n<meta property=\"article:published_time\" content=\"2024-04-30T08:10:03+00:00\" \/>\n<meta property=\"og:image\" content=\"https:\/\/kuzeyinsesi.org\/wp-content\/uploads\/2024\/04\/ab-koordinasyon4.jpg\" \/>\n\t<meta property=\"og:image:width\" content=\"2048\" \/>\n\t<meta property=\"og:image:height\" content=\"1536\" \/>\n\t<meta property=\"og:image:type\" content=\"image\/jpeg\" \/>\n<meta name=\"author\" content=\"Kuzeyin Sesi\" \/>\n<meta name=\"twitter:card\" content=\"summary_large_image\" \/>\n<meta name=\"twitter:creator\" content=\"@kuzeyinsesii\" \/>\n<meta name=\"twitter:site\" content=\"@kuzeyinsesii\" \/>\n<meta name=\"twitter:label1\" content=\"Yazan:\" \/>\n\t<meta name=\"twitter:data1\" content=\"Kuzeyin Sesi\" \/>\n\t<meta name=\"twitter:label2\" content=\"Tahmini okuma s\u00fcresi\" \/>\n\t<meta name=\"twitter:data2\" content=\"2 dakika\" \/>\n<script type=\"application\/ld+json\" class=\"yoast-schema-graph\">{\"@context\":\"https:\\\/\\\/schema.org\",\"@graph\":[{\"@type\":\"Article\",\"@id\":\"https:\\\/\\\/kuzeyinsesi.org\\\/index.php\\\/2024\\\/04\\\/30\\\/basbakanlik-avrupa-birligi-koordinasyon-merkezi-heyeti-ankarada-temaslarda-bulundu\\\/#article\",\"isPartOf\":{\"@id\":\"https:\\\/\\\/kuzeyinsesi.org\\\/index.php\\\/2024\\\/04\\\/30\\\/basbakanlik-avrupa-birligi-koordinasyon-merkezi-heyeti-ankarada-temaslarda-bulundu\\\/\"},\"author\":{\"name\":\"Kuzeyin Sesi\",\"@id\":\"https:\\\/\\\/kuzeyinsesi.org\\\/#\\\/schema\\\/person\\\/9f859689cdf01485597712386e37f5aa\"},\"headline\":\"Ba\u015fbakanl\u0131k Avrupa Birli\u011fi Koordinasyon Merkezi Heyeti Ankara\u2019da temaslarda bulundu\",\"datePublished\":\"2024-04-30T08:10:03+00:00\",\"mainEntityOfPage\":{\"@id\":\"https:\\\/\\\/kuzeyinsesi.org\\\/index.php\\\/2024\\\/04\\\/30\\\/basbakanlik-avrupa-birligi-koordinasyon-merkezi-heyeti-ankarada-temaslarda-bulundu\\\/\"},\"wordCount\":424,\"commentCount\":0,\"image\":{\"@id\":\"https:\\\/\\\/kuzeyinsesi.org\\\/index.php\\\/2024\\\/04\\\/30\\\/basbakanlik-avrupa-birligi-koordinasyon-merkezi-heyeti-ankarada-temaslarda-bulundu\\\/#primaryimage\"},\"thumbnailUrl\":\"https:\\\/\\\/kuzeyinsesi.org\\\/wp-content\\\/uploads\\\/2024\\\/04\\\/ab-koordinasyon4.jpg\",\"articleSection\":[\"K\u0131br\u0131s\"],\"inLanguage\":\"tr\",\"potentialAction\":[{\"@type\":\"CommentAction\",\"name\":\"Comment\",\"target\":[\"https:\\\/\\\/kuzeyinsesi.org\\\/index.php\\\/2024\\\/04\\\/30\\\/basbakanlik-avrupa-birligi-koordinasyon-merkezi-heyeti-ankarada-temaslarda-bulundu\\\/#respond\"]}]},{\"@type\":\"WebPage\",\"@id\":\"https:\\\/\\\/kuzeyinsesi.org\\\/index.php\\\/2024\\\/04\\\/30\\\/basbakanlik-avrupa-birligi-koordinasyon-merkezi-heyeti-ankarada-temaslarda-bulundu\\\/\",\"url\":\"https:\\\/\\\/kuzeyinsesi.org\\\/index.php\\\/2024\\\/04\\\/30\\\/basbakanlik-avrupa-birligi-koordinasyon-merkezi-heyeti-ankarada-temaslarda-bulundu\\\/\",\"name\":\"Ba\u015fbakanl\u0131k Avrupa Birli\u011fi Koordinasyon Merkezi Heyeti Ankara\u2019da temaslarda bulundu - Kuzeyin Sesi\",\"isPartOf\":{\"@id\":\"https:\\\/\\\/kuzeyinsesi.org\\\/#website\"},\"primaryImageOfPage\":{\"@id\":\"https:\\\/\\\/kuzeyinsesi.org\\\/index.php\\\/2024\\\/04\\\/30\\\/basbakanlik-avrupa-birligi-koordinasyon-merkezi-heyeti-ankarada-temaslarda-bulundu\\\/#primaryimage\"},\"image\":{\"@id\":\"https:\\\/\\\/kuzeyinsesi.org\\\/index.php\\\/2024\\\/04\\\/30\\\/basbakanlik-avrupa-birligi-koordinasyon-merkezi-heyeti-ankarada-temaslarda-bulundu\\\/#primaryimage\"},\"thumbnailUrl\":\"https:\\\/\\\/kuzeyinsesi.org\\\/wp-content\\\/uploads\\\/2024\\\/04\\\/ab-koordinasyon4.jpg\",\"datePublished\":\"2024-04-30T08:10:03+00:00\",\"author\":{\"@id\":\"https:\\\/\\\/kuzeyinsesi.org\\\/#\\\/schema\\\/person\\\/9f859689cdf01485597712386e37f5aa\"},\"breadcrumb\":{\"@id\":\"https:\\\/\\\/kuzeyinsesi.org\\\/index.php\\\/2024\\\/04\\\/30\\\/basbakanlik-avrupa-birligi-koordinasyon-merkezi-heyeti-ankarada-temaslarda-bulundu\\\/#breadcrumb\"},\"inLanguage\":\"tr\",\"potentialAction\":[{\"@type\":\"ReadAction\",\"target\":[\"https:\\\/\\\/kuzeyinsesi.org\\\/index.php\\\/2024\\\/04\\\/30\\\/basbakanlik-avrupa-birligi-koordinasyon-merkezi-heyeti-ankarada-temaslarda-bulundu\\\/\"]}]},{\"@type\":\"ImageObject\",\"inLanguage\":\"tr\",\"@id\":\"https:\\\/\\\/kuzeyinsesi.org\\\/index.php\\\/2024\\\/04\\\/30\\\/basbakanlik-avrupa-birligi-koordinasyon-merkezi-heyeti-ankarada-temaslarda-bulundu\\\/#primaryimage\",\"url\":\"https:\\\/\\\/kuzeyinsesi.org\\\/wp-content\\\/uploads\\\/2024\\\/04\\\/ab-koordinasyon4.jpg\",\"contentUrl\":\"https:\\\/\\\/kuzeyinsesi.org\\\/wp-content\\\/uploads\\\/2024\\\/04\\\/ab-koordinasyon4.jpg\",\"width\":2048,\"height\":1536},{\"@type\":\"BreadcrumbList\",\"@id\":\"https:\\\/\\\/kuzeyinsesi.org\\\/index.php\\\/2024\\\/04\\\/30\\\/basbakanlik-avrupa-birligi-koordinasyon-merkezi-heyeti-ankarada-temaslarda-bulundu\\\/#breadcrumb\",\"itemListElement\":[{\"@type\":\"ListItem\",\"position\":1,\"name\":\"Anasayfa\",\"item\":\"https:\\\/\\\/kuzeyinsesi.org\\\/\"},{\"@type\":\"ListItem\",\"position\":2,\"name\":\"Ba\u015fbakanl\u0131k Avrupa Birli\u011fi Koordinasyon Merkezi Heyeti Ankara\u2019da temaslarda bulundu\"}]},{\"@type\":\"WebSite\",\"@id\":\"https:\\\/\\\/kuzeyinsesi.org\\\/#website\",\"url\":\"https:\\\/\\\/kuzeyinsesi.org\\\/\",\"name\":\"Kuzeyin Sesi\",\"description\":\"Do\u011fru Haberin Adresi\",\"potentialAction\":[{\"@type\":\"SearchAction\",\"target\":{\"@type\":\"EntryPoint\",\"urlTemplate\":\"https:\\\/\\\/kuzeyinsesi.org\\\/?s={search_term_string}\"},\"query-input\":{\"@type\":\"PropertyValueSpecification\",\"valueRequired\":true,\"valueName\":\"search_term_string\"}}],\"inLanguage\":\"tr\"},{\"@type\":\"Person\",\"@id\":\"https:\\\/\\\/kuzeyinsesi.org\\\/#\\\/schema\\\/person\\\/9f859689cdf01485597712386e37f5aa\",\"name\":\"Kuzeyin Sesi\",\"image\":{\"@type\":\"ImageObject\",\"inLanguage\":\"tr\",\"@id\":\"https:\\\/\\\/secure.gravatar.com\\\/avatar\\\/bab33852abfd8b282518d6ed81826833d77c3c882d9ab608add591ccace47a44?s=96&d=mm&r=g\",\"url\":\"https:\\\/\\\/secure.gravatar.com\\\/avatar\\\/bab33852abfd8b282518d6ed81826833d77c3c882d9ab608add591ccace47a44?s=96&d=mm&r=g\",\"contentUrl\":\"https:\\\/\\\/secure.gravatar.com\\\/avatar\\\/bab33852abfd8b282518d6ed81826833d77c3c882d9ab608add591ccace47a44?s=96&d=mm&r=g\",\"caption\":\"Kuzeyin Sesi\"},\"sameAs\":[\"https:\\\/\\\/kuzeyinsesi.org\"],\"url\":\"https:\\\/\\\/kuzeyinsesi.org\\\/index.php\\\/author\\\/guven\\\/\"}]}<\/script>\n<!-- \/ Yoast SEO plugin. -->","yoast_head_json":{"title":"Ba\u015fbakanl\u0131k Avrupa Birli\u011fi Koordinasyon Merkezi Heyeti Ankara\u2019da temaslarda bulundu - Kuzeyin Sesi","robots":{"index":"index","follow":"follow","max-snippet":"max-snippet:-1","max-image-preview":"max-image-preview:large","max-video-preview":"max-video-preview:-1"},"canonical":"https:\/\/kuzeyinsesi.org\/index.php\/2024\/04\/30\/basbakanlik-avrupa-birligi-koordinasyon-merkezi-heyeti-ankarada-temaslarda-bulundu\/","og_locale":"tr_TR","og_type":"article","og_title":"Ba\u015fbakanl\u0131k Avrupa Birli\u011fi Koordinasyon Merkezi Heyeti Ankara\u2019da temaslarda bulundu - Kuzeyin Sesi","og_description":"\u00a0 Ba\u015fbakanl\u0131k Avrupa Birli\u011fi (AB) Koordinasyon Merkezi Heyeti, 24-26 Nisan tarihleri aras\u0131nda Ankara\u2019da temaslarda bulundu. Ba\u015fbakanl\u0131k AB Koordinasyon Merkezi Ba\u015fkanl\u0131\u011f\u0131 taraf\u0131ndan yap\u0131lan a\u00e7\u0131klamaya g\u00f6re, Sel\u00e7uk Y\u00fcr\u00fcko\u011fullar\u0131 ba\u015fkanl\u0131\u011f\u0131ndaki heyet temaslar\u0131nda, T\u00fcrkiye Cumhuriyeti-AB ili\u015fkileri ve K\u0131br\u0131s-Avrupa Birli\u011fi konular\u0131n\u0131 ele ald\u0131. Heyet, T.C. AB Ba\u015fkanl\u0131\u011f\u0131 ve T\u00fcrkiye B\u00fcy\u00fck Millet Meclisi\u2019nde (TBMM) toplant\u0131lar ger\u00e7ekle\u015ftirdi. Ziyaretin ilk g\u00fcn\u00fcnde T\u00fcrkiye Cumhuriyeti [&hellip;]","og_url":"https:\/\/kuzeyinsesi.org\/index.php\/2024\/04\/30\/basbakanlik-avrupa-birligi-koordinasyon-merkezi-heyeti-ankarada-temaslarda-bulundu\/","og_site_name":"Kuzeyin Sesi","article_publisher":"https:\/\/www.facebook.com\/kuzeyinsesii","article_published_time":"2024-04-30T08:10:03+00:00","og_image":[{"width":2048,"height":1536,"url":"https:\/\/kuzeyinsesi.org\/wp-content\/uploads\/2024\/04\/ab-koordinasyon4.jpg","type":"image\/jpeg"}],"author":"Kuzeyin Sesi","twitter_card":"summary_large_image","twitter_creator":"@kuzeyinsesii","twitter_site":"@kuzeyinsesii","twitter_misc":{"Yazan:":"Kuzeyin Sesi","Tahmini okuma s\u00fcresi":"2 dakika"},"schema":{"@context":"https:\/\/schema.org","@graph":[{"@type":"Article","@id":"https:\/\/kuzeyinsesi.org\/index.php\/2024\/04\/30\/basbakanlik-avrupa-birligi-koordinasyon-merkezi-heyeti-ankarada-temaslarda-bulundu\/#article","isPartOf":{"@id":"https:\/\/kuzeyinsesi.org\/index.php\/2024\/04\/30\/basbakanlik-avrupa-birligi-koordinasyon-merkezi-heyeti-ankarada-temaslarda-bulundu\/"},"author":{"name":"Kuzeyin Sesi","@id":"https:\/\/kuzeyinsesi.org\/#\/schema\/person\/9f859689cdf01485597712386e37f5aa"},"headline":"Ba\u015fbakanl\u0131k Avrupa Birli\u011fi Koordinasyon Merkezi Heyeti Ankara\u2019da temaslarda bulundu","datePublished":"2024-04-30T08:10:03+00:00","mainEntityOfPage":{"@id":"https:\/\/kuzeyinsesi.org\/index.php\/2024\/04\/30\/basbakanlik-avrupa-birligi-koordinasyon-merkezi-heyeti-ankarada-temaslarda-bulundu\/"},"wordCount":424,"commentCount":0,"image":{"@id":"https:\/\/kuzeyinsesi.org\/index.php\/2024\/04\/30\/basbakanlik-avrupa-birligi-koordinasyon-merkezi-heyeti-ankarada-temaslarda-bulundu\/#primaryimage"},"thumbnailUrl":"https:\/\/kuzeyinsesi.org\/wp-content\/uploads\/2024\/04\/ab-koordinasyon4.jpg","articleSection":["K\u0131br\u0131s"],"inLanguage":"tr","potentialAction":[{"@type":"CommentAction","name":"Comment","target":["https:\/\/kuzeyinsesi.org\/index.php\/2024\/04\/30\/basbakanlik-avrupa-birligi-koordinasyon-merkezi-heyeti-ankarada-temaslarda-bulundu\/#respond"]}]},{"@type":"WebPage","@id":"https:\/\/kuzeyinsesi.org\/index.php\/2024\/04\/30\/basbakanlik-avrupa-birligi-koordinasyon-merkezi-heyeti-ankarada-temaslarda-bulundu\/","url":"https:\/\/kuzeyinsesi.org\/index.php\/2024\/04\/30\/basbakanlik-avrupa-birligi-koordinasyon-merkezi-heyeti-ankarada-temaslarda-bulundu\/","name":"Ba\u015fbakanl\u0131k Avrupa Birli\u011fi Koordinasyon Merkezi Heyeti Ankara\u2019da temaslarda bulundu - Kuzeyin Sesi","isPartOf":{"@id":"https:\/\/kuzeyinsesi.org\/#website"},"primaryImageOfPage":{"@id":"https:\/\/kuzeyinsesi.org\/index.php\/2024\/04\/30\/basbakanlik-avrupa-birligi-koordinasyon-merkezi-heyeti-ankarada-temaslarda-bulundu\/#primaryimage"},"image":{"@id":"https:\/\/kuzeyinsesi.org\/index.php\/2024\/04\/30\/basbakanlik-avrupa-birligi-koordinasyon-merkezi-heyeti-ankarada-temaslarda-bulundu\/#primaryimage"},"thumbnailUrl":"https:\/\/kuzeyinsesi.org\/wp-content\/uploads\/2024\/04\/ab-koordinasyon4.jpg","datePublished":"2024-04-30T08:10:03+00:00","author":{"@id":"https:\/\/kuzeyinsesi.org\/#\/schema\/person\/9f859689cdf01485597712386e37f5aa"},"breadcrumb":{"@id":"https:\/\/kuzeyinsesi.org\/index.php\/2024\/04\/30\/basbakanlik-avrupa-birligi-koordinasyon-merkezi-heyeti-ankarada-temaslarda-bulundu\/#breadcrumb"},"inLanguage":"tr","potentialAction":[{"@type":"ReadAction","target":["https:\/\/kuzeyinsesi.org\/index.php\/2024\/04\/30\/basbakanlik-avrupa-birligi-koordinasyon-merkezi-heyeti-ankarada-temaslarda-bulundu\/"]}]},{"@type":"ImageObject","inLanguage":"tr","@id":"https:\/\/kuzeyinsesi.org\/index.php\/2024\/04\/30\/basbakanlik-avrupa-birligi-koordinasyon-merkezi-heyeti-ankarada-temaslarda-bulundu\/#primaryimage","url":"https:\/\/kuzeyinsesi.org\/wp-content\/uploads\/2024\/04\/ab-koordinasyon4.jpg","contentUrl":"https:\/\/kuzeyinsesi.org\/wp-content\/uploads\/2024\/04\/ab-koordinasyon4.jpg","width":2048,"height":1536},{"@type":"BreadcrumbList","@id":"https:\/\/kuzeyinsesi.org\/index.php\/2024\/04\/30\/basbakanlik-avrupa-birligi-koordinasyon-merkezi-heyeti-ankarada-temaslarda-bulundu\/#breadcrumb","itemListElement":[{"@type":"ListItem","position":1,"name":"Anasayfa","item":"https:\/\/kuzeyinsesi.org\/"},{"@type":"ListItem","position":2,"name":"Ba\u015fbakanl\u0131k Avrupa Birli\u011fi Koordinasyon Merkezi Heyeti Ankara\u2019da temaslarda bulundu"}]},{"@type":"WebSite","@id":"https:\/\/kuzeyinsesi.org\/#website","url":"https:\/\/kuzeyinsesi.org\/","name":"Kuzeyin Sesi","description":"Do\u011fru Haberin Adresi","potentialAction":[{"@type":"SearchAction","target":{"@type":"EntryPoint","urlTemplate":"https:\/\/kuzeyinsesi.org\/?s={search_term_string}"},"query-input":{"@type":"PropertyValueSpecification","valueRequired":true,"valueName":"search_term_string"}}],"inLanguage":"tr"},{"@type":"Person","@id":"https:\/\/kuzeyinsesi.org\/#\/schema\/person\/9f859689cdf01485597712386e37f5aa","name":"Kuzeyin Sesi","image":{"@type":"ImageObject","inLanguage":"tr","@id":"https:\/\/secure.gravatar.com\/avatar\/bab33852abfd8b282518d6ed81826833d77c3c882d9ab608add591ccace47a44?s=96&d=mm&r=g","url":"https:\/\/secure.gravatar.com\/avatar\/bab33852abfd8b282518d6ed81826833d77c3c882d9ab608add591ccace47a44?s=96&d=mm&r=g","contentUrl":"https:\/\/secure.gravatar.com\/avatar\/bab33852abfd8b282518d6ed81826833d77c3c882d9ab608add591ccace47a44?s=96&d=mm&r=g","caption":"Kuzeyin Sesi"},"sameAs":["https:\/\/kuzeyinsesi.org"],"url":"https:\/\/kuzeyinsesi.org\/index.php\/author\/guven\/"}]}},"_links":{"self":[{"href":"https:\/\/kuzeyinsesi.org\/index.php\/wp-json\/wp\/v2\/posts\/979","targetHints":{"allow":["GET"]}}],"collection":[{"href":"https:\/\/kuzeyinsesi.org\/index.php\/wp-json\/wp\/v2\/posts"}],"about":[{"href":"https:\/\/kuzeyinsesi.org\/index.php\/wp-json\/wp\/v2\/types\/post"}],"author":[{"embeddable":true,"href":"https:\/\/kuzeyinsesi.org\/index.php\/wp-json\/wp\/v2\/users\/1"}],"replies":[{"embeddable":true,"href":"https:\/\/kuzeyinsesi.org\/index.php\/wp-json\/wp\/v2\/comments?post=979"}],"version-history":[{"count":0,"href":"https:\/\/kuzeyinsesi.org\/index.php\/wp-json\/wp\/v2\/posts\/979\/revisions"}],"wp:featuredmedia":[{"embeddable":true,"href":"https:\/\/kuzeyinsesi.org\/index.php\/wp-json\/wp\/v2\/media\/980"}],"wp:attachment":[{"href":"https:\/\/kuzeyinsesi.org\/index.php\/wp-json\/wp\/v2\/media?parent=979"}],"wp:term":[{"taxonomy":"category","embeddable":true,"href":"https:\/\/kuzeyinsesi.org\/index.php\/wp-json\/wp\/v2\/categories?post=979"},{"taxonomy":"post_tag","embeddable":true,"href":"https:\/\/kuzeyinsesi.org\/index.php\/wp-json\/wp\/v2\/tags?post=979"}],"curies":[{"name":"wp","href":"https:\/\/api.w.org\/{rel}","templated":true}]}}