{"id":9763,"date":"2024-09-15T13:41:06","date_gmt":"2024-09-15T10:41:06","guid":{"rendered":"https:\/\/kuzeyinsesi.org\/index.php\/2024\/09\/15\/karaoglanoglu-antis-deniz-festivali-bugun-tamamlaniyor\/"},"modified":"2024-09-15T13:41:06","modified_gmt":"2024-09-15T10:41:06","slug":"karaoglanoglu-antis-deniz-festivali-bugun-tamamlaniyor","status":"publish","type":"post","link":"https:\/\/kuzeyinsesi.org\/index.php\/2024\/09\/15\/karaoglanoglu-antis-deniz-festivali-bugun-tamamlaniyor\/","title":{"rendered":"\u201cKarao\u011flano\u011flu Antis Deniz Festivali\u201d bug\u00fcn tamamlan\u0131yor"},"content":{"rendered":"<div>\n<div class=\"mariselle-image-container center\">\n                                            <\/div>\n<p>\n\u201cGirne Ark\u0131n Group Fest 24\u201d kapsam\u0131nda devam eden \u201cKarao\u011flano\u011flu Antis Deniz Festivali\u201d bug\u00fcn tamamlan\u0131yor.<\/p>\n<p>Festivalde bug\u00fcn 6.00\u2019da G\u00fclseren Ataker An\u0131s\u0131na Olta ile Bal\u0131k Avlama Yar\u0131\u015fmas\u0131 ve 11.00\u2019de Plaj Voleybolu yap\u0131l\u0131rken, 17.00\u2019de de Yakan Top Yar\u0131\u015fmas\u0131, 18.00\u2019de Sandalye Oyunu, 19.00\u2019da Limbo Dans Yar\u0131\u015fmas\u0131 ve 20.00\u2019de Retro \u00c7alg\u0131c\u0131lar konseri d\u00fczenlenecek.<\/p>\n<p>Girne Belediyesi\u2019nden yap\u0131lan a\u00e7\u0131klamaya g\u00f6re, festivalde d\u00fcn ise, Sandallardan Olta ile Lambuka (Akalamuta) \u2013 Mineri \u2013 Palamut Avlama M\u00fcsabakas\u0131, Plaj Voleybolu, Optimist &amp; Laser Yelken Yar\u0131\u015flar\u0131, Paddle Board Yar\u0131\u015f\u0131, Deniz Y\u0131ld\u0131z\u0131 Tavla Turnuvas\u0131, G\u00fclseren Ataker An\u0131s\u0131na Ba\u015flang\u0131\u00e7 Seviyesi Bal\u0131k Avlama Pratik E\u011fitimi ve Niyal \u00d6zt\u00fcrk Band konseri yap\u0131ld\u0131.<\/p>\n<\/p><\/div>\n<p><script async\n                    defer\n                    crossorigin=\"anonymous\"\n                    src=\"https:\/\/connect.facebook.net\/tr_TR\/sdk.js#xfbml=1&#038;version=v3.3\"\n            ><\/script><\/p>\n","protected":false},"excerpt":{"rendered":"<p>\u201cGirne Ark\u0131n Group Fest 24\u201d kapsam\u0131nda devam eden \u201cKarao\u011flano\u011flu Antis Deniz Festivali\u201d bug\u00fcn tamamlan\u0131yor. Festivalde bug\u00fcn 6.00\u2019da G\u00fclseren Ataker An\u0131s\u0131na Olta ile Bal\u0131k Avlama Yar\u0131\u015fmas\u0131 ve 11.00\u2019de Plaj Voleybolu yap\u0131l\u0131rken, 17.00\u2019de de Yakan Top Yar\u0131\u015fmas\u0131, 18.00\u2019de Sandalye Oyunu, 19.00\u2019da Limbo Dans Yar\u0131\u015fmas\u0131 ve 20.00\u2019de Retro \u00c7alg\u0131c\u0131lar konseri d\u00fczenlenecek. Girne Belediyesi\u2019nden yap\u0131lan a\u00e7\u0131klamaya g\u00f6re, festivalde d\u00fcn [&hellip;]<\/p>\n","protected":false},"author":1,"featured_media":9764,"comment_status":"open","ping_status":"open","sticky":false,"template":"","format":"standard","meta":{"jnews-multi-image_gallery":[],"jnews_single_post":[],"jnews_primary_category":[],"jnews_social_meta":[],"jnews_override_counter":[],"footnotes":""},"categories":[6],"tags":[],"class_list":["post-9763","post","type-post","status-publish","format-standard","has-post-thumbnail","hentry","category-yasam"],"yoast_head":"<!-- This site is optimized with the Yoast SEO plugin v27.5 - https:\/\/yoast.com\/product\/yoast-seo-wordpress\/ -->\n<title>\u201cKarao\u011flano\u011flu Antis Deniz Festivali\u201d bug\u00fcn tamamlan\u0131yor - Kuzeyin Sesi<\/title>\n<meta name=\"robots\" content=\"index, follow, max-snippet:-1, max-image-preview:large, max-video-preview:-1\" \/>\n<link rel=\"canonical\" href=\"https:\/\/kuzeyinsesi.org\/index.php\/2024\/09\/15\/karaoglanoglu-antis-deniz-festivali-bugun-tamamlaniyor\/\" \/>\n<meta property=\"og:locale\" content=\"tr_TR\" \/>\n<meta property=\"og:type\" content=\"article\" \/>\n<meta property=\"og:title\" content=\"\u201cKarao\u011flano\u011flu Antis Deniz Festivali\u201d bug\u00fcn tamamlan\u0131yor - Kuzeyin Sesi\" \/>\n<meta property=\"og:description\" content=\"\u201cGirne Ark\u0131n Group Fest 24\u201d kapsam\u0131nda devam eden \u201cKarao\u011flano\u011flu Antis Deniz Festivali\u201d bug\u00fcn tamamlan\u0131yor. Festivalde bug\u00fcn 6.00\u2019da G\u00fclseren Ataker An\u0131s\u0131na Olta ile Bal\u0131k Avlama Yar\u0131\u015fmas\u0131 ve 11.00\u2019de Plaj Voleybolu yap\u0131l\u0131rken, 17.00\u2019de de Yakan Top Yar\u0131\u015fmas\u0131, 18.00\u2019de Sandalye Oyunu, 19.00\u2019da Limbo Dans Yar\u0131\u015fmas\u0131 ve 20.00\u2019de Retro \u00c7alg\u0131c\u0131lar konseri d\u00fczenlenecek. Girne Belediyesi\u2019nden yap\u0131lan a\u00e7\u0131klamaya g\u00f6re, festivalde d\u00fcn [&hellip;]\" \/>\n<meta property=\"og:url\" content=\"https:\/\/kuzeyinsesi.org\/index.php\/2024\/09\/15\/karaoglanoglu-antis-deniz-festivali-bugun-tamamlaniyor\/\" \/>\n<meta property=\"og:site_name\" content=\"Kuzeyin Sesi\" \/>\n<meta property=\"article:publisher\" content=\"https:\/\/www.facebook.com\/kuzeyinsesii\" \/>\n<meta property=\"article:published_time\" content=\"2024-09-15T10:41:06+00:00\" \/>\n<meta property=\"og:image\" content=\"https:\/\/brtk.net\/wp-content\/uploads\/2024\/09\/15\/girne-4--scaled.jpg?ver=058ca2515a32026f32a1161db81777db\" \/>\n<meta name=\"author\" content=\"Kuzeyin Sesi\" \/>\n<meta name=\"twitter:card\" content=\"summary_large_image\" \/>\n<meta name=\"twitter:creator\" content=\"@kuzeyinsesii\" \/>\n<meta name=\"twitter:site\" content=\"@kuzeyinsesii\" \/>\n<meta name=\"twitter:label1\" content=\"Yazan:\" \/>\n\t<meta name=\"twitter:data1\" content=\"Kuzeyin Sesi\" \/>\n\t<meta name=\"twitter:label2\" content=\"Tahmini okuma s\u00fcresi\" \/>\n\t<meta name=\"twitter:data2\" content=\"1 dakika\" \/>\n<script type=\"application\/ld+json\" class=\"yoast-schema-graph\">{\"@context\":\"https:\\\/\\\/schema.org\",\"@graph\":[{\"@type\":\"Article\",\"@id\":\"https:\\\/\\\/kuzeyinsesi.org\\\/index.php\\\/2024\\\/09\\\/15\\\/karaoglanoglu-antis-deniz-festivali-bugun-tamamlaniyor\\\/#article\",\"isPartOf\":{\"@id\":\"https:\\\/\\\/kuzeyinsesi.org\\\/index.php\\\/2024\\\/09\\\/15\\\/karaoglanoglu-antis-deniz-festivali-bugun-tamamlaniyor\\\/\"},\"author\":{\"name\":\"Kuzeyin Sesi\",\"@id\":\"https:\\\/\\\/kuzeyinsesi.org\\\/#\\\/schema\\\/person\\\/9f859689cdf01485597712386e37f5aa\"},\"headline\":\"\u201cKarao\u011flano\u011flu Antis Deniz Festivali\u201d bug\u00fcn tamamlan\u0131yor\",\"datePublished\":\"2024-09-15T10:41:06+00:00\",\"mainEntityOfPage\":{\"@id\":\"https:\\\/\\\/kuzeyinsesi.org\\\/index.php\\\/2024\\\/09\\\/15\\\/karaoglanoglu-antis-deniz-festivali-bugun-tamamlaniyor\\\/\"},\"wordCount\":139,\"commentCount\":0,\"image\":{\"@id\":\"https:\\\/\\\/kuzeyinsesi.org\\\/index.php\\\/2024\\\/09\\\/15\\\/karaoglanoglu-antis-deniz-festivali-bugun-tamamlaniyor\\\/#primaryimage\"},\"thumbnailUrl\":\"https:\\\/\\\/kuzeyinsesi.org\\\/wp-content\\\/uploads\\\/2024\\\/09\\\/girne-4-scaled.jpg\",\"articleSection\":[\"Ya\u015fam\"],\"inLanguage\":\"tr\",\"potentialAction\":[{\"@type\":\"CommentAction\",\"name\":\"Comment\",\"target\":[\"https:\\\/\\\/kuzeyinsesi.org\\\/index.php\\\/2024\\\/09\\\/15\\\/karaoglanoglu-antis-deniz-festivali-bugun-tamamlaniyor\\\/#respond\"]}]},{\"@type\":\"WebPage\",\"@id\":\"https:\\\/\\\/kuzeyinsesi.org\\\/index.php\\\/2024\\\/09\\\/15\\\/karaoglanoglu-antis-deniz-festivali-bugun-tamamlaniyor\\\/\",\"url\":\"https:\\\/\\\/kuzeyinsesi.org\\\/index.php\\\/2024\\\/09\\\/15\\\/karaoglanoglu-antis-deniz-festivali-bugun-tamamlaniyor\\\/\",\"name\":\"\u201cKarao\u011flano\u011flu Antis Deniz Festivali\u201d bug\u00fcn tamamlan\u0131yor - Kuzeyin Sesi\",\"isPartOf\":{\"@id\":\"https:\\\/\\\/kuzeyinsesi.org\\\/#website\"},\"primaryImageOfPage\":{\"@id\":\"https:\\\/\\\/kuzeyinsesi.org\\\/index.php\\\/2024\\\/09\\\/15\\\/karaoglanoglu-antis-deniz-festivali-bugun-tamamlaniyor\\\/#primaryimage\"},\"image\":{\"@id\":\"https:\\\/\\\/kuzeyinsesi.org\\\/index.php\\\/2024\\\/09\\\/15\\\/karaoglanoglu-antis-deniz-festivali-bugun-tamamlaniyor\\\/#primaryimage\"},\"thumbnailUrl\":\"https:\\\/\\\/kuzeyinsesi.org\\\/wp-content\\\/uploads\\\/2024\\\/09\\\/girne-4-scaled.jpg\",\"datePublished\":\"2024-09-15T10:41:06+00:00\",\"author\":{\"@id\":\"https:\\\/\\\/kuzeyinsesi.org\\\/#\\\/schema\\\/person\\\/9f859689cdf01485597712386e37f5aa\"},\"breadcrumb\":{\"@id\":\"https:\\\/\\\/kuzeyinsesi.org\\\/index.php\\\/2024\\\/09\\\/15\\\/karaoglanoglu-antis-deniz-festivali-bugun-tamamlaniyor\\\/#breadcrumb\"},\"inLanguage\":\"tr\",\"potentialAction\":[{\"@type\":\"ReadAction\",\"target\":[\"https:\\\/\\\/kuzeyinsesi.org\\\/index.php\\\/2024\\\/09\\\/15\\\/karaoglanoglu-antis-deniz-festivali-bugun-tamamlaniyor\\\/\"]}]},{\"@type\":\"ImageObject\",\"inLanguage\":\"tr\",\"@id\":\"https:\\\/\\\/kuzeyinsesi.org\\\/index.php\\\/2024\\\/09\\\/15\\\/karaoglanoglu-antis-deniz-festivali-bugun-tamamlaniyor\\\/#primaryimage\",\"url\":\"https:\\\/\\\/kuzeyinsesi.org\\\/wp-content\\\/uploads\\\/2024\\\/09\\\/girne-4-scaled.jpg\",\"contentUrl\":\"https:\\\/\\\/kuzeyinsesi.org\\\/wp-content\\\/uploads\\\/2024\\\/09\\\/girne-4-scaled.jpg\",\"width\":2560,\"height\":1928},{\"@type\":\"BreadcrumbList\",\"@id\":\"https:\\\/\\\/kuzeyinsesi.org\\\/index.php\\\/2024\\\/09\\\/15\\\/karaoglanoglu-antis-deniz-festivali-bugun-tamamlaniyor\\\/#breadcrumb\",\"itemListElement\":[{\"@type\":\"ListItem\",\"position\":1,\"name\":\"Anasayfa\",\"item\":\"https:\\\/\\\/kuzeyinsesi.org\\\/\"},{\"@type\":\"ListItem\",\"position\":2,\"name\":\"\u201cKarao\u011flano\u011flu Antis Deniz Festivali\u201d bug\u00fcn tamamlan\u0131yor\"}]},{\"@type\":\"WebSite\",\"@id\":\"https:\\\/\\\/kuzeyinsesi.org\\\/#website\",\"url\":\"https:\\\/\\\/kuzeyinsesi.org\\\/\",\"name\":\"Kuzeyin Sesi\",\"description\":\"Do\u011fru Haberin Adresi\",\"potentialAction\":[{\"@type\":\"SearchAction\",\"target\":{\"@type\":\"EntryPoint\",\"urlTemplate\":\"https:\\\/\\\/kuzeyinsesi.org\\\/?s={search_term_string}\"},\"query-input\":{\"@type\":\"PropertyValueSpecification\",\"valueRequired\":true,\"valueName\":\"search_term_string\"}}],\"inLanguage\":\"tr\"},{\"@type\":\"Person\",\"@id\":\"https:\\\/\\\/kuzeyinsesi.org\\\/#\\\/schema\\\/person\\\/9f859689cdf01485597712386e37f5aa\",\"name\":\"Kuzeyin Sesi\",\"image\":{\"@type\":\"ImageObject\",\"inLanguage\":\"tr\",\"@id\":\"https:\\\/\\\/secure.gravatar.com\\\/avatar\\\/bab33852abfd8b282518d6ed81826833d77c3c882d9ab608add591ccace47a44?s=96&d=mm&r=g\",\"url\":\"https:\\\/\\\/secure.gravatar.com\\\/avatar\\\/bab33852abfd8b282518d6ed81826833d77c3c882d9ab608add591ccace47a44?s=96&d=mm&r=g\",\"contentUrl\":\"https:\\\/\\\/secure.gravatar.com\\\/avatar\\\/bab33852abfd8b282518d6ed81826833d77c3c882d9ab608add591ccace47a44?s=96&d=mm&r=g\",\"caption\":\"Kuzeyin Sesi\"},\"sameAs\":[\"https:\\\/\\\/kuzeyinsesi.org\"],\"url\":\"https:\\\/\\\/kuzeyinsesi.org\\\/index.php\\\/author\\\/guven\\\/\"}]}<\/script>\n<!-- \/ Yoast SEO plugin. -->","yoast_head_json":{"title":"\u201cKarao\u011flano\u011flu Antis Deniz Festivali\u201d bug\u00fcn tamamlan\u0131yor - Kuzeyin Sesi","robots":{"index":"index","follow":"follow","max-snippet":"max-snippet:-1","max-image-preview":"max-image-preview:large","max-video-preview":"max-video-preview:-1"},"canonical":"https:\/\/kuzeyinsesi.org\/index.php\/2024\/09\/15\/karaoglanoglu-antis-deniz-festivali-bugun-tamamlaniyor\/","og_locale":"tr_TR","og_type":"article","og_title":"\u201cKarao\u011flano\u011flu Antis Deniz Festivali\u201d bug\u00fcn tamamlan\u0131yor - Kuzeyin Sesi","og_description":"\u201cGirne Ark\u0131n Group Fest 24\u201d kapsam\u0131nda devam eden \u201cKarao\u011flano\u011flu Antis Deniz Festivali\u201d bug\u00fcn tamamlan\u0131yor. Festivalde bug\u00fcn 6.00\u2019da G\u00fclseren Ataker An\u0131s\u0131na Olta ile Bal\u0131k Avlama Yar\u0131\u015fmas\u0131 ve 11.00\u2019de Plaj Voleybolu yap\u0131l\u0131rken, 17.00\u2019de de Yakan Top Yar\u0131\u015fmas\u0131, 18.00\u2019de Sandalye Oyunu, 19.00\u2019da Limbo Dans Yar\u0131\u015fmas\u0131 ve 20.00\u2019de Retro \u00c7alg\u0131c\u0131lar konseri d\u00fczenlenecek. Girne Belediyesi\u2019nden yap\u0131lan a\u00e7\u0131klamaya g\u00f6re, festivalde d\u00fcn [&hellip;]","og_url":"https:\/\/kuzeyinsesi.org\/index.php\/2024\/09\/15\/karaoglanoglu-antis-deniz-festivali-bugun-tamamlaniyor\/","og_site_name":"Kuzeyin Sesi","article_publisher":"https:\/\/www.facebook.com\/kuzeyinsesii","article_published_time":"2024-09-15T10:41:06+00:00","og_image":[{"url":"https:\/\/brtk.net\/wp-content\/uploads\/2024\/09\/15\/girne-4--scaled.jpg?ver=058ca2515a32026f32a1161db81777db","type":"","width":"","height":""}],"author":"Kuzeyin Sesi","twitter_card":"summary_large_image","twitter_creator":"@kuzeyinsesii","twitter_site":"@kuzeyinsesii","twitter_misc":{"Yazan:":"Kuzeyin Sesi","Tahmini okuma s\u00fcresi":"1 dakika"},"schema":{"@context":"https:\/\/schema.org","@graph":[{"@type":"Article","@id":"https:\/\/kuzeyinsesi.org\/index.php\/2024\/09\/15\/karaoglanoglu-antis-deniz-festivali-bugun-tamamlaniyor\/#article","isPartOf":{"@id":"https:\/\/kuzeyinsesi.org\/index.php\/2024\/09\/15\/karaoglanoglu-antis-deniz-festivali-bugun-tamamlaniyor\/"},"author":{"name":"Kuzeyin Sesi","@id":"https:\/\/kuzeyinsesi.org\/#\/schema\/person\/9f859689cdf01485597712386e37f5aa"},"headline":"\u201cKarao\u011flano\u011flu Antis Deniz Festivali\u201d bug\u00fcn tamamlan\u0131yor","datePublished":"2024-09-15T10:41:06+00:00","mainEntityOfPage":{"@id":"https:\/\/kuzeyinsesi.org\/index.php\/2024\/09\/15\/karaoglanoglu-antis-deniz-festivali-bugun-tamamlaniyor\/"},"wordCount":139,"commentCount":0,"image":{"@id":"https:\/\/kuzeyinsesi.org\/index.php\/2024\/09\/15\/karaoglanoglu-antis-deniz-festivali-bugun-tamamlaniyor\/#primaryimage"},"thumbnailUrl":"https:\/\/kuzeyinsesi.org\/wp-content\/uploads\/2024\/09\/girne-4-scaled.jpg","articleSection":["Ya\u015fam"],"inLanguage":"tr","potentialAction":[{"@type":"CommentAction","name":"Comment","target":["https:\/\/kuzeyinsesi.org\/index.php\/2024\/09\/15\/karaoglanoglu-antis-deniz-festivali-bugun-tamamlaniyor\/#respond"]}]},{"@type":"WebPage","@id":"https:\/\/kuzeyinsesi.org\/index.php\/2024\/09\/15\/karaoglanoglu-antis-deniz-festivali-bugun-tamamlaniyor\/","url":"https:\/\/kuzeyinsesi.org\/index.php\/2024\/09\/15\/karaoglanoglu-antis-deniz-festivali-bugun-tamamlaniyor\/","name":"\u201cKarao\u011flano\u011flu Antis Deniz Festivali\u201d bug\u00fcn tamamlan\u0131yor - Kuzeyin Sesi","isPartOf":{"@id":"https:\/\/kuzeyinsesi.org\/#website"},"primaryImageOfPage":{"@id":"https:\/\/kuzeyinsesi.org\/index.php\/2024\/09\/15\/karaoglanoglu-antis-deniz-festivali-bugun-tamamlaniyor\/#primaryimage"},"image":{"@id":"https:\/\/kuzeyinsesi.org\/index.php\/2024\/09\/15\/karaoglanoglu-antis-deniz-festivali-bugun-tamamlaniyor\/#primaryimage"},"thumbnailUrl":"https:\/\/kuzeyinsesi.org\/wp-content\/uploads\/2024\/09\/girne-4-scaled.jpg","datePublished":"2024-09-15T10:41:06+00:00","author":{"@id":"https:\/\/kuzeyinsesi.org\/#\/schema\/person\/9f859689cdf01485597712386e37f5aa"},"breadcrumb":{"@id":"https:\/\/kuzeyinsesi.org\/index.php\/2024\/09\/15\/karaoglanoglu-antis-deniz-festivali-bugun-tamamlaniyor\/#breadcrumb"},"inLanguage":"tr","potentialAction":[{"@type":"ReadAction","target":["https:\/\/kuzeyinsesi.org\/index.php\/2024\/09\/15\/karaoglanoglu-antis-deniz-festivali-bugun-tamamlaniyor\/"]}]},{"@type":"ImageObject","inLanguage":"tr","@id":"https:\/\/kuzeyinsesi.org\/index.php\/2024\/09\/15\/karaoglanoglu-antis-deniz-festivali-bugun-tamamlaniyor\/#primaryimage","url":"https:\/\/kuzeyinsesi.org\/wp-content\/uploads\/2024\/09\/girne-4-scaled.jpg","contentUrl":"https:\/\/kuzeyinsesi.org\/wp-content\/uploads\/2024\/09\/girne-4-scaled.jpg","width":2560,"height":1928},{"@type":"BreadcrumbList","@id":"https:\/\/kuzeyinsesi.org\/index.php\/2024\/09\/15\/karaoglanoglu-antis-deniz-festivali-bugun-tamamlaniyor\/#breadcrumb","itemListElement":[{"@type":"ListItem","position":1,"name":"Anasayfa","item":"https:\/\/kuzeyinsesi.org\/"},{"@type":"ListItem","position":2,"name":"\u201cKarao\u011flano\u011flu Antis Deniz Festivali\u201d bug\u00fcn tamamlan\u0131yor"}]},{"@type":"WebSite","@id":"https:\/\/kuzeyinsesi.org\/#website","url":"https:\/\/kuzeyinsesi.org\/","name":"Kuzeyin Sesi","description":"Do\u011fru Haberin Adresi","potentialAction":[{"@type":"SearchAction","target":{"@type":"EntryPoint","urlTemplate":"https:\/\/kuzeyinsesi.org\/?s={search_term_string}"},"query-input":{"@type":"PropertyValueSpecification","valueRequired":true,"valueName":"search_term_string"}}],"inLanguage":"tr"},{"@type":"Person","@id":"https:\/\/kuzeyinsesi.org\/#\/schema\/person\/9f859689cdf01485597712386e37f5aa","name":"Kuzeyin Sesi","image":{"@type":"ImageObject","inLanguage":"tr","@id":"https:\/\/secure.gravatar.com\/avatar\/bab33852abfd8b282518d6ed81826833d77c3c882d9ab608add591ccace47a44?s=96&d=mm&r=g","url":"https:\/\/secure.gravatar.com\/avatar\/bab33852abfd8b282518d6ed81826833d77c3c882d9ab608add591ccace47a44?s=96&d=mm&r=g","contentUrl":"https:\/\/secure.gravatar.com\/avatar\/bab33852abfd8b282518d6ed81826833d77c3c882d9ab608add591ccace47a44?s=96&d=mm&r=g","caption":"Kuzeyin Sesi"},"sameAs":["https:\/\/kuzeyinsesi.org"],"url":"https:\/\/kuzeyinsesi.org\/index.php\/author\/guven\/"}]}},"_links":{"self":[{"href":"https:\/\/kuzeyinsesi.org\/index.php\/wp-json\/wp\/v2\/posts\/9763","targetHints":{"allow":["GET"]}}],"collection":[{"href":"https:\/\/kuzeyinsesi.org\/index.php\/wp-json\/wp\/v2\/posts"}],"about":[{"href":"https:\/\/kuzeyinsesi.org\/index.php\/wp-json\/wp\/v2\/types\/post"}],"author":[{"embeddable":true,"href":"https:\/\/kuzeyinsesi.org\/index.php\/wp-json\/wp\/v2\/users\/1"}],"replies":[{"embeddable":true,"href":"https:\/\/kuzeyinsesi.org\/index.php\/wp-json\/wp\/v2\/comments?post=9763"}],"version-history":[{"count":0,"href":"https:\/\/kuzeyinsesi.org\/index.php\/wp-json\/wp\/v2\/posts\/9763\/revisions"}],"wp:featuredmedia":[{"embeddable":true,"href":"https:\/\/kuzeyinsesi.org\/index.php\/wp-json\/wp\/v2\/media\/9764"}],"wp:attachment":[{"href":"https:\/\/kuzeyinsesi.org\/index.php\/wp-json\/wp\/v2\/media?parent=9763"}],"wp:term":[{"taxonomy":"category","embeddable":true,"href":"https:\/\/kuzeyinsesi.org\/index.php\/wp-json\/wp\/v2\/categories?post=9763"},{"taxonomy":"post_tag","embeddable":true,"href":"https:\/\/kuzeyinsesi.org\/index.php\/wp-json\/wp\/v2\/tags?post=9763"}],"curies":[{"name":"wp","href":"https:\/\/api.w.org\/{rel}","templated":true}]}}