{"id":9735,"date":"2024-09-14T20:12:50","date_gmt":"2024-09-14T17:12:50","guid":{"rendered":"https:\/\/kuzeyinsesi.org\/index.php\/2024\/09\/14\/karsiyaka-guzelyali-halk-plajinda-yarin-5-caretta-caretta-senligi-duzenleniyor\/"},"modified":"2024-09-14T20:12:50","modified_gmt":"2024-09-14T17:12:50","slug":"karsiyaka-guzelyali-halk-plajinda-yarin-5-caretta-caretta-senligi-duzenleniyor","status":"publish","type":"post","link":"https:\/\/kuzeyinsesi.org\/index.php\/2024\/09\/14\/karsiyaka-guzelyali-halk-plajinda-yarin-5-caretta-caretta-senligi-duzenleniyor\/","title":{"rendered":"Kar\u015f\u0131yaka G\u00fczelyal\u0131 Halk Plaj\u0131\u2019nda yar\u0131n 5. Caretta Caretta \u015eenli\u011fi d\u00fczenleniyor"},"content":{"rendered":"<div>\n<div class=\"mariselle-image-container center\">\n                                            <\/div>\n<p>Lapta Alsancak \u00c7aml\u0131bel Belediyesi, Kuzey K\u0131br\u0131s \u00c7evre ve K\u00fclt\u00fcr Miras\u0131n\u0131 Koruma Vakf\u0131 ile Lefko\u015fa Merkez Lions Kul\u00fcb\u00fc\u2019n\u00fcn bu y\u0131l 5\u2019incisini d\u00fczenledi\u011fi \u201cCaretta Caretta \u015eenli\u011fi\u201d yar\u0131n yap\u0131l\u0131yor.<\/p>\n<p>Organizasyondan verilen bilgiye g\u00f6re, etkinlik, 16.00 -19.00 saatleri aras\u0131nda b\u00f6lgenin \u00e7evre g\u00f6n\u00fcll\u00fclerinin d\u00fczenleyece\u011fi \u00e7e\u015fitli etkinlikler dahilinde Lapta Alsancak \u00c7aml\u0131bel Belediyesi Kar\u015f\u0131yaka G\u00fczelyal\u0131 Halk Plaj\u0131 Tesisleri\u2019nde yer alacak.<\/p>\n<p>Cumhurba\u015fkan\u0131 Ersin Tatar\u2019\u0131n da kat\u0131lmas\u0131 beklenen etkinlikte b\u00f6lgedeki Caretta Caretta kaplumba\u011falar\u0131n\u0131n korunup do\u011faya tutunmas\u0131na katk\u0131 yapan \u00e7evre \u00f6rg\u00fctlerine te\u015fekk\u00fcr sertifikalar\u0131 verilecek.<\/p>\n<p>Etkinlik ve brifing konu\u015fmalar\u0131n\u0131n ard\u0131ndan yavru carettalar\u0131n yumurtadan \u00e7\u0131k\u0131p denize ula\u015fmas\u0131na tan\u0131kl\u0131k edilecek ayr\u0131ca yaral\u0131 olup tedavi edilmi\u015f olan Caretta Kaplumba\u011falar\u0131 denize b\u0131rak\u0131lacak.<\/p>\n<\/p><\/div>\n<p><script async\n                    defer\n                    crossorigin=\"anonymous\"\n                    src=\"https:\/\/connect.facebook.net\/tr_TR\/sdk.js#xfbml=1&#038;version=v3.3\"\n            ><\/script><\/p>\n","protected":false},"excerpt":{"rendered":"<p>Lapta Alsancak \u00c7aml\u0131bel Belediyesi, Kuzey K\u0131br\u0131s \u00c7evre ve K\u00fclt\u00fcr Miras\u0131n\u0131 Koruma Vakf\u0131 ile Lefko\u015fa Merkez Lions Kul\u00fcb\u00fc\u2019n\u00fcn bu y\u0131l 5\u2019incisini d\u00fczenledi\u011fi \u201cCaretta Caretta \u015eenli\u011fi\u201d yar\u0131n yap\u0131l\u0131yor. Organizasyondan verilen bilgiye g\u00f6re, etkinlik, 16.00 -19.00 saatleri aras\u0131nda b\u00f6lgenin \u00e7evre g\u00f6n\u00fcll\u00fclerinin d\u00fczenleyece\u011fi \u00e7e\u015fitli etkinlikler dahilinde Lapta Alsancak \u00c7aml\u0131bel Belediyesi Kar\u015f\u0131yaka G\u00fczelyal\u0131 Halk Plaj\u0131 Tesisleri\u2019nde yer alacak. Cumhurba\u015fkan\u0131 Ersin [&hellip;]<\/p>\n","protected":false},"author":1,"featured_media":9736,"comment_status":"open","ping_status":"open","sticky":false,"template":"","format":"standard","meta":{"jnews-multi-image_gallery":[],"jnews_single_post":[],"jnews_primary_category":[],"jnews_social_meta":[],"jnews_override_counter":[],"footnotes":""},"categories":[6],"tags":[],"class_list":["post-9735","post","type-post","status-publish","format-standard","has-post-thumbnail","hentry","category-yasam"],"yoast_head":"<!-- This site is optimized with the Yoast SEO plugin v27.5 - https:\/\/yoast.com\/product\/yoast-seo-wordpress\/ -->\n<title>Kar\u015f\u0131yaka G\u00fczelyal\u0131 Halk Plaj\u0131\u2019nda yar\u0131n 5. Caretta Caretta \u015eenli\u011fi d\u00fczenleniyor - Kuzeyin Sesi<\/title>\n<meta name=\"robots\" content=\"index, follow, max-snippet:-1, max-image-preview:large, max-video-preview:-1\" \/>\n<link rel=\"canonical\" href=\"https:\/\/kuzeyinsesi.org\/index.php\/2024\/09\/14\/karsiyaka-guzelyali-halk-plajinda-yarin-5-caretta-caretta-senligi-duzenleniyor\/\" \/>\n<meta property=\"og:locale\" content=\"tr_TR\" \/>\n<meta property=\"og:type\" content=\"article\" \/>\n<meta property=\"og:title\" content=\"Kar\u015f\u0131yaka G\u00fczelyal\u0131 Halk Plaj\u0131\u2019nda yar\u0131n 5. Caretta Caretta \u015eenli\u011fi d\u00fczenleniyor - Kuzeyin Sesi\" \/>\n<meta property=\"og:description\" content=\"Lapta Alsancak \u00c7aml\u0131bel Belediyesi, Kuzey K\u0131br\u0131s \u00c7evre ve K\u00fclt\u00fcr Miras\u0131n\u0131 Koruma Vakf\u0131 ile Lefko\u015fa Merkez Lions Kul\u00fcb\u00fc\u2019n\u00fcn bu y\u0131l 5\u2019incisini d\u00fczenledi\u011fi \u201cCaretta Caretta \u015eenli\u011fi\u201d yar\u0131n yap\u0131l\u0131yor. Organizasyondan verilen bilgiye g\u00f6re, etkinlik, 16.00 -19.00 saatleri aras\u0131nda b\u00f6lgenin \u00e7evre g\u00f6n\u00fcll\u00fclerinin d\u00fczenleyece\u011fi \u00e7e\u015fitli etkinlikler dahilinde Lapta Alsancak \u00c7aml\u0131bel Belediyesi Kar\u015f\u0131yaka G\u00fczelyal\u0131 Halk Plaj\u0131 Tesisleri\u2019nde yer alacak. Cumhurba\u015fkan\u0131 Ersin [&hellip;]\" \/>\n<meta property=\"og:url\" content=\"https:\/\/kuzeyinsesi.org\/index.php\/2024\/09\/14\/karsiyaka-guzelyali-halk-plajinda-yarin-5-caretta-caretta-senligi-duzenleniyor\/\" \/>\n<meta property=\"og:site_name\" content=\"Kuzeyin Sesi\" \/>\n<meta property=\"article:publisher\" content=\"https:\/\/www.facebook.com\/kuzeyinsesii\" \/>\n<meta property=\"article:published_time\" content=\"2024-09-14T17:12:50+00:00\" \/>\n<meta property=\"og:image\" content=\"https:\/\/brtk.net\/wp-content\/uploads\/2023\/07\/28\/alagadi-caretta.jpeg?ver=889217869d745511bd62a51a00c977b0\" \/>\n<meta name=\"author\" content=\"Kuzeyin Sesi\" \/>\n<meta name=\"twitter:card\" content=\"summary_large_image\" \/>\n<meta name=\"twitter:creator\" content=\"@kuzeyinsesii\" \/>\n<meta name=\"twitter:site\" content=\"@kuzeyinsesii\" \/>\n<meta name=\"twitter:label1\" content=\"Yazan:\" \/>\n\t<meta name=\"twitter:data1\" content=\"Kuzeyin Sesi\" \/>\n\t<meta name=\"twitter:label2\" content=\"Tahmini okuma s\u00fcresi\" \/>\n\t<meta name=\"twitter:data2\" content=\"1 dakika\" \/>\n<script type=\"application\/ld+json\" class=\"yoast-schema-graph\">{\"@context\":\"https:\\\/\\\/schema.org\",\"@graph\":[{\"@type\":\"Article\",\"@id\":\"https:\\\/\\\/kuzeyinsesi.org\\\/index.php\\\/2024\\\/09\\\/14\\\/karsiyaka-guzelyali-halk-plajinda-yarin-5-caretta-caretta-senligi-duzenleniyor\\\/#article\",\"isPartOf\":{\"@id\":\"https:\\\/\\\/kuzeyinsesi.org\\\/index.php\\\/2024\\\/09\\\/14\\\/karsiyaka-guzelyali-halk-plajinda-yarin-5-caretta-caretta-senligi-duzenleniyor\\\/\"},\"author\":{\"name\":\"Kuzeyin Sesi\",\"@id\":\"https:\\\/\\\/kuzeyinsesi.org\\\/#\\\/schema\\\/person\\\/9f859689cdf01485597712386e37f5aa\"},\"headline\":\"Kar\u015f\u0131yaka G\u00fczelyal\u0131 Halk Plaj\u0131\u2019nda yar\u0131n 5. Caretta Caretta \u015eenli\u011fi d\u00fczenleniyor\",\"datePublished\":\"2024-09-14T17:12:50+00:00\",\"mainEntityOfPage\":{\"@id\":\"https:\\\/\\\/kuzeyinsesi.org\\\/index.php\\\/2024\\\/09\\\/14\\\/karsiyaka-guzelyali-halk-plajinda-yarin-5-caretta-caretta-senligi-duzenleniyor\\\/\"},\"wordCount\":167,\"commentCount\":0,\"image\":{\"@id\":\"https:\\\/\\\/kuzeyinsesi.org\\\/index.php\\\/2024\\\/09\\\/14\\\/karsiyaka-guzelyali-halk-plajinda-yarin-5-caretta-caretta-senligi-duzenleniyor\\\/#primaryimage\"},\"thumbnailUrl\":\"https:\\\/\\\/kuzeyinsesi.org\\\/wp-content\\\/uploads\\\/2024\\\/09\\\/alagadi-caretta.jpeg\",\"articleSection\":[\"Ya\u015fam\"],\"inLanguage\":\"tr\",\"potentialAction\":[{\"@type\":\"CommentAction\",\"name\":\"Comment\",\"target\":[\"https:\\\/\\\/kuzeyinsesi.org\\\/index.php\\\/2024\\\/09\\\/14\\\/karsiyaka-guzelyali-halk-plajinda-yarin-5-caretta-caretta-senligi-duzenleniyor\\\/#respond\"]}]},{\"@type\":\"WebPage\",\"@id\":\"https:\\\/\\\/kuzeyinsesi.org\\\/index.php\\\/2024\\\/09\\\/14\\\/karsiyaka-guzelyali-halk-plajinda-yarin-5-caretta-caretta-senligi-duzenleniyor\\\/\",\"url\":\"https:\\\/\\\/kuzeyinsesi.org\\\/index.php\\\/2024\\\/09\\\/14\\\/karsiyaka-guzelyali-halk-plajinda-yarin-5-caretta-caretta-senligi-duzenleniyor\\\/\",\"name\":\"Kar\u015f\u0131yaka G\u00fczelyal\u0131 Halk Plaj\u0131\u2019nda yar\u0131n 5. Caretta Caretta \u015eenli\u011fi d\u00fczenleniyor - Kuzeyin Sesi\",\"isPartOf\":{\"@id\":\"https:\\\/\\\/kuzeyinsesi.org\\\/#website\"},\"primaryImageOfPage\":{\"@id\":\"https:\\\/\\\/kuzeyinsesi.org\\\/index.php\\\/2024\\\/09\\\/14\\\/karsiyaka-guzelyali-halk-plajinda-yarin-5-caretta-caretta-senligi-duzenleniyor\\\/#primaryimage\"},\"image\":{\"@id\":\"https:\\\/\\\/kuzeyinsesi.org\\\/index.php\\\/2024\\\/09\\\/14\\\/karsiyaka-guzelyali-halk-plajinda-yarin-5-caretta-caretta-senligi-duzenleniyor\\\/#primaryimage\"},\"thumbnailUrl\":\"https:\\\/\\\/kuzeyinsesi.org\\\/wp-content\\\/uploads\\\/2024\\\/09\\\/alagadi-caretta.jpeg\",\"datePublished\":\"2024-09-14T17:12:50+00:00\",\"author\":{\"@id\":\"https:\\\/\\\/kuzeyinsesi.org\\\/#\\\/schema\\\/person\\\/9f859689cdf01485597712386e37f5aa\"},\"breadcrumb\":{\"@id\":\"https:\\\/\\\/kuzeyinsesi.org\\\/index.php\\\/2024\\\/09\\\/14\\\/karsiyaka-guzelyali-halk-plajinda-yarin-5-caretta-caretta-senligi-duzenleniyor\\\/#breadcrumb\"},\"inLanguage\":\"tr\",\"potentialAction\":[{\"@type\":\"ReadAction\",\"target\":[\"https:\\\/\\\/kuzeyinsesi.org\\\/index.php\\\/2024\\\/09\\\/14\\\/karsiyaka-guzelyali-halk-plajinda-yarin-5-caretta-caretta-senligi-duzenleniyor\\\/\"]}]},{\"@type\":\"ImageObject\",\"inLanguage\":\"tr\",\"@id\":\"https:\\\/\\\/kuzeyinsesi.org\\\/index.php\\\/2024\\\/09\\\/14\\\/karsiyaka-guzelyali-halk-plajinda-yarin-5-caretta-caretta-senligi-duzenleniyor\\\/#primaryimage\",\"url\":\"https:\\\/\\\/kuzeyinsesi.org\\\/wp-content\\\/uploads\\\/2024\\\/09\\\/alagadi-caretta.jpeg\",\"contentUrl\":\"https:\\\/\\\/kuzeyinsesi.org\\\/wp-content\\\/uploads\\\/2024\\\/09\\\/alagadi-caretta.jpeg\",\"width\":1110,\"height\":740},{\"@type\":\"BreadcrumbList\",\"@id\":\"https:\\\/\\\/kuzeyinsesi.org\\\/index.php\\\/2024\\\/09\\\/14\\\/karsiyaka-guzelyali-halk-plajinda-yarin-5-caretta-caretta-senligi-duzenleniyor\\\/#breadcrumb\",\"itemListElement\":[{\"@type\":\"ListItem\",\"position\":1,\"name\":\"Anasayfa\",\"item\":\"https:\\\/\\\/kuzeyinsesi.org\\\/\"},{\"@type\":\"ListItem\",\"position\":2,\"name\":\"Kar\u015f\u0131yaka G\u00fczelyal\u0131 Halk Plaj\u0131\u2019nda yar\u0131n 5. Caretta Caretta \u015eenli\u011fi d\u00fczenleniyor\"}]},{\"@type\":\"WebSite\",\"@id\":\"https:\\\/\\\/kuzeyinsesi.org\\\/#website\",\"url\":\"https:\\\/\\\/kuzeyinsesi.org\\\/\",\"name\":\"Kuzeyin Sesi\",\"description\":\"Do\u011fru Haberin Adresi\",\"potentialAction\":[{\"@type\":\"SearchAction\",\"target\":{\"@type\":\"EntryPoint\",\"urlTemplate\":\"https:\\\/\\\/kuzeyinsesi.org\\\/?s={search_term_string}\"},\"query-input\":{\"@type\":\"PropertyValueSpecification\",\"valueRequired\":true,\"valueName\":\"search_term_string\"}}],\"inLanguage\":\"tr\"},{\"@type\":\"Person\",\"@id\":\"https:\\\/\\\/kuzeyinsesi.org\\\/#\\\/schema\\\/person\\\/9f859689cdf01485597712386e37f5aa\",\"name\":\"Kuzeyin Sesi\",\"image\":{\"@type\":\"ImageObject\",\"inLanguage\":\"tr\",\"@id\":\"https:\\\/\\\/secure.gravatar.com\\\/avatar\\\/bab33852abfd8b282518d6ed81826833d77c3c882d9ab608add591ccace47a44?s=96&d=mm&r=g\",\"url\":\"https:\\\/\\\/secure.gravatar.com\\\/avatar\\\/bab33852abfd8b282518d6ed81826833d77c3c882d9ab608add591ccace47a44?s=96&d=mm&r=g\",\"contentUrl\":\"https:\\\/\\\/secure.gravatar.com\\\/avatar\\\/bab33852abfd8b282518d6ed81826833d77c3c882d9ab608add591ccace47a44?s=96&d=mm&r=g\",\"caption\":\"Kuzeyin Sesi\"},\"sameAs\":[\"https:\\\/\\\/kuzeyinsesi.org\"],\"url\":\"https:\\\/\\\/kuzeyinsesi.org\\\/index.php\\\/author\\\/guven\\\/\"}]}<\/script>\n<!-- \/ Yoast SEO plugin. -->","yoast_head_json":{"title":"Kar\u015f\u0131yaka G\u00fczelyal\u0131 Halk Plaj\u0131\u2019nda yar\u0131n 5. Caretta Caretta \u015eenli\u011fi d\u00fczenleniyor - Kuzeyin Sesi","robots":{"index":"index","follow":"follow","max-snippet":"max-snippet:-1","max-image-preview":"max-image-preview:large","max-video-preview":"max-video-preview:-1"},"canonical":"https:\/\/kuzeyinsesi.org\/index.php\/2024\/09\/14\/karsiyaka-guzelyali-halk-plajinda-yarin-5-caretta-caretta-senligi-duzenleniyor\/","og_locale":"tr_TR","og_type":"article","og_title":"Kar\u015f\u0131yaka G\u00fczelyal\u0131 Halk Plaj\u0131\u2019nda yar\u0131n 5. Caretta Caretta \u015eenli\u011fi d\u00fczenleniyor - Kuzeyin Sesi","og_description":"Lapta Alsancak \u00c7aml\u0131bel Belediyesi, Kuzey K\u0131br\u0131s \u00c7evre ve K\u00fclt\u00fcr Miras\u0131n\u0131 Koruma Vakf\u0131 ile Lefko\u015fa Merkez Lions Kul\u00fcb\u00fc\u2019n\u00fcn bu y\u0131l 5\u2019incisini d\u00fczenledi\u011fi \u201cCaretta Caretta \u015eenli\u011fi\u201d yar\u0131n yap\u0131l\u0131yor. Organizasyondan verilen bilgiye g\u00f6re, etkinlik, 16.00 -19.00 saatleri aras\u0131nda b\u00f6lgenin \u00e7evre g\u00f6n\u00fcll\u00fclerinin d\u00fczenleyece\u011fi \u00e7e\u015fitli etkinlikler dahilinde Lapta Alsancak \u00c7aml\u0131bel Belediyesi Kar\u015f\u0131yaka G\u00fczelyal\u0131 Halk Plaj\u0131 Tesisleri\u2019nde yer alacak. Cumhurba\u015fkan\u0131 Ersin [&hellip;]","og_url":"https:\/\/kuzeyinsesi.org\/index.php\/2024\/09\/14\/karsiyaka-guzelyali-halk-plajinda-yarin-5-caretta-caretta-senligi-duzenleniyor\/","og_site_name":"Kuzeyin Sesi","article_publisher":"https:\/\/www.facebook.com\/kuzeyinsesii","article_published_time":"2024-09-14T17:12:50+00:00","og_image":[{"url":"https:\/\/brtk.net\/wp-content\/uploads\/2023\/07\/28\/alagadi-caretta.jpeg?ver=889217869d745511bd62a51a00c977b0","type":"","width":"","height":""}],"author":"Kuzeyin Sesi","twitter_card":"summary_large_image","twitter_creator":"@kuzeyinsesii","twitter_site":"@kuzeyinsesii","twitter_misc":{"Yazan:":"Kuzeyin Sesi","Tahmini okuma s\u00fcresi":"1 dakika"},"schema":{"@context":"https:\/\/schema.org","@graph":[{"@type":"Article","@id":"https:\/\/kuzeyinsesi.org\/index.php\/2024\/09\/14\/karsiyaka-guzelyali-halk-plajinda-yarin-5-caretta-caretta-senligi-duzenleniyor\/#article","isPartOf":{"@id":"https:\/\/kuzeyinsesi.org\/index.php\/2024\/09\/14\/karsiyaka-guzelyali-halk-plajinda-yarin-5-caretta-caretta-senligi-duzenleniyor\/"},"author":{"name":"Kuzeyin Sesi","@id":"https:\/\/kuzeyinsesi.org\/#\/schema\/person\/9f859689cdf01485597712386e37f5aa"},"headline":"Kar\u015f\u0131yaka G\u00fczelyal\u0131 Halk Plaj\u0131\u2019nda yar\u0131n 5. Caretta Caretta \u015eenli\u011fi d\u00fczenleniyor","datePublished":"2024-09-14T17:12:50+00:00","mainEntityOfPage":{"@id":"https:\/\/kuzeyinsesi.org\/index.php\/2024\/09\/14\/karsiyaka-guzelyali-halk-plajinda-yarin-5-caretta-caretta-senligi-duzenleniyor\/"},"wordCount":167,"commentCount":0,"image":{"@id":"https:\/\/kuzeyinsesi.org\/index.php\/2024\/09\/14\/karsiyaka-guzelyali-halk-plajinda-yarin-5-caretta-caretta-senligi-duzenleniyor\/#primaryimage"},"thumbnailUrl":"https:\/\/kuzeyinsesi.org\/wp-content\/uploads\/2024\/09\/alagadi-caretta.jpeg","articleSection":["Ya\u015fam"],"inLanguage":"tr","potentialAction":[{"@type":"CommentAction","name":"Comment","target":["https:\/\/kuzeyinsesi.org\/index.php\/2024\/09\/14\/karsiyaka-guzelyali-halk-plajinda-yarin-5-caretta-caretta-senligi-duzenleniyor\/#respond"]}]},{"@type":"WebPage","@id":"https:\/\/kuzeyinsesi.org\/index.php\/2024\/09\/14\/karsiyaka-guzelyali-halk-plajinda-yarin-5-caretta-caretta-senligi-duzenleniyor\/","url":"https:\/\/kuzeyinsesi.org\/index.php\/2024\/09\/14\/karsiyaka-guzelyali-halk-plajinda-yarin-5-caretta-caretta-senligi-duzenleniyor\/","name":"Kar\u015f\u0131yaka G\u00fczelyal\u0131 Halk Plaj\u0131\u2019nda yar\u0131n 5. Caretta Caretta \u015eenli\u011fi d\u00fczenleniyor - Kuzeyin Sesi","isPartOf":{"@id":"https:\/\/kuzeyinsesi.org\/#website"},"primaryImageOfPage":{"@id":"https:\/\/kuzeyinsesi.org\/index.php\/2024\/09\/14\/karsiyaka-guzelyali-halk-plajinda-yarin-5-caretta-caretta-senligi-duzenleniyor\/#primaryimage"},"image":{"@id":"https:\/\/kuzeyinsesi.org\/index.php\/2024\/09\/14\/karsiyaka-guzelyali-halk-plajinda-yarin-5-caretta-caretta-senligi-duzenleniyor\/#primaryimage"},"thumbnailUrl":"https:\/\/kuzeyinsesi.org\/wp-content\/uploads\/2024\/09\/alagadi-caretta.jpeg","datePublished":"2024-09-14T17:12:50+00:00","author":{"@id":"https:\/\/kuzeyinsesi.org\/#\/schema\/person\/9f859689cdf01485597712386e37f5aa"},"breadcrumb":{"@id":"https:\/\/kuzeyinsesi.org\/index.php\/2024\/09\/14\/karsiyaka-guzelyali-halk-plajinda-yarin-5-caretta-caretta-senligi-duzenleniyor\/#breadcrumb"},"inLanguage":"tr","potentialAction":[{"@type":"ReadAction","target":["https:\/\/kuzeyinsesi.org\/index.php\/2024\/09\/14\/karsiyaka-guzelyali-halk-plajinda-yarin-5-caretta-caretta-senligi-duzenleniyor\/"]}]},{"@type":"ImageObject","inLanguage":"tr","@id":"https:\/\/kuzeyinsesi.org\/index.php\/2024\/09\/14\/karsiyaka-guzelyali-halk-plajinda-yarin-5-caretta-caretta-senligi-duzenleniyor\/#primaryimage","url":"https:\/\/kuzeyinsesi.org\/wp-content\/uploads\/2024\/09\/alagadi-caretta.jpeg","contentUrl":"https:\/\/kuzeyinsesi.org\/wp-content\/uploads\/2024\/09\/alagadi-caretta.jpeg","width":1110,"height":740},{"@type":"BreadcrumbList","@id":"https:\/\/kuzeyinsesi.org\/index.php\/2024\/09\/14\/karsiyaka-guzelyali-halk-plajinda-yarin-5-caretta-caretta-senligi-duzenleniyor\/#breadcrumb","itemListElement":[{"@type":"ListItem","position":1,"name":"Anasayfa","item":"https:\/\/kuzeyinsesi.org\/"},{"@type":"ListItem","position":2,"name":"Kar\u015f\u0131yaka G\u00fczelyal\u0131 Halk Plaj\u0131\u2019nda yar\u0131n 5. Caretta Caretta \u015eenli\u011fi d\u00fczenleniyor"}]},{"@type":"WebSite","@id":"https:\/\/kuzeyinsesi.org\/#website","url":"https:\/\/kuzeyinsesi.org\/","name":"Kuzeyin Sesi","description":"Do\u011fru Haberin Adresi","potentialAction":[{"@type":"SearchAction","target":{"@type":"EntryPoint","urlTemplate":"https:\/\/kuzeyinsesi.org\/?s={search_term_string}"},"query-input":{"@type":"PropertyValueSpecification","valueRequired":true,"valueName":"search_term_string"}}],"inLanguage":"tr"},{"@type":"Person","@id":"https:\/\/kuzeyinsesi.org\/#\/schema\/person\/9f859689cdf01485597712386e37f5aa","name":"Kuzeyin Sesi","image":{"@type":"ImageObject","inLanguage":"tr","@id":"https:\/\/secure.gravatar.com\/avatar\/bab33852abfd8b282518d6ed81826833d77c3c882d9ab608add591ccace47a44?s=96&d=mm&r=g","url":"https:\/\/secure.gravatar.com\/avatar\/bab33852abfd8b282518d6ed81826833d77c3c882d9ab608add591ccace47a44?s=96&d=mm&r=g","contentUrl":"https:\/\/secure.gravatar.com\/avatar\/bab33852abfd8b282518d6ed81826833d77c3c882d9ab608add591ccace47a44?s=96&d=mm&r=g","caption":"Kuzeyin Sesi"},"sameAs":["https:\/\/kuzeyinsesi.org"],"url":"https:\/\/kuzeyinsesi.org\/index.php\/author\/guven\/"}]}},"_links":{"self":[{"href":"https:\/\/kuzeyinsesi.org\/index.php\/wp-json\/wp\/v2\/posts\/9735","targetHints":{"allow":["GET"]}}],"collection":[{"href":"https:\/\/kuzeyinsesi.org\/index.php\/wp-json\/wp\/v2\/posts"}],"about":[{"href":"https:\/\/kuzeyinsesi.org\/index.php\/wp-json\/wp\/v2\/types\/post"}],"author":[{"embeddable":true,"href":"https:\/\/kuzeyinsesi.org\/index.php\/wp-json\/wp\/v2\/users\/1"}],"replies":[{"embeddable":true,"href":"https:\/\/kuzeyinsesi.org\/index.php\/wp-json\/wp\/v2\/comments?post=9735"}],"version-history":[{"count":0,"href":"https:\/\/kuzeyinsesi.org\/index.php\/wp-json\/wp\/v2\/posts\/9735\/revisions"}],"wp:featuredmedia":[{"embeddable":true,"href":"https:\/\/kuzeyinsesi.org\/index.php\/wp-json\/wp\/v2\/media\/9736"}],"wp:attachment":[{"href":"https:\/\/kuzeyinsesi.org\/index.php\/wp-json\/wp\/v2\/media?parent=9735"}],"wp:term":[{"taxonomy":"category","embeddable":true,"href":"https:\/\/kuzeyinsesi.org\/index.php\/wp-json\/wp\/v2\/categories?post=9735"},{"taxonomy":"post_tag","embeddable":true,"href":"https:\/\/kuzeyinsesi.org\/index.php\/wp-json\/wp\/v2\/tags?post=9735"}],"curies":[{"name":"wp","href":"https:\/\/api.w.org\/{rel}","templated":true}]}}