{"id":9729,"date":"2024-09-14T18:35:54","date_gmt":"2024-09-14T15:35:54","guid":{"rendered":"https:\/\/kuzeyinsesi.org\/index.php\/2024\/09\/14\/erdogan-bosna-hersekteki-katliamin-benzerini-filistin-topraklarinda-yasiyoruz\/"},"modified":"2024-09-14T18:35:54","modified_gmt":"2024-09-14T15:35:54","slug":"erdogan-bosna-hersekteki-katliamin-benzerini-filistin-topraklarinda-yasiyoruz","status":"publish","type":"post","link":"https:\/\/kuzeyinsesi.org\/index.php\/2024\/09\/14\/erdogan-bosna-hersekteki-katliamin-benzerini-filistin-topraklarinda-yasiyoruz\/","title":{"rendered":"Erdo\u011fan: \u201cBosna Hersek\u2019teki katliam\u0131n benzerini Filistin topraklar\u0131nda ya\u015f\u0131yoruz\u201d"},"content":{"rendered":"<div>\n<div class=\"mariselle-image-container center\">\n                                            <\/div>\n<p>T\u00fcrkiye Cumhurba\u015fkan\u0131 Recep Tayyip Erdo\u011fan, \u201c90\u2019l\u0131 y\u0131llarda Bosna Hersek\u2019te ger\u00e7ekle\u015ftirilen katliam\u0131n bir benzerini bug\u00fcn Gazze\u2019de ve i\u015fgal alt\u0131ndaki Filistin topraklar\u0131nda ya\u015f\u0131yoruz.\u201d dedi.<\/p>\n<p>T\u00fcrkiye Cumhurba\u015fkan\u0131 Recep Tayyip Erdo\u011fan, Bosna Hersek Devlet Ba\u015fkanl\u0131\u011f\u0131 Konseyi Ba\u015fkan\u0131 Becirovic ile ortak bas\u0131n toplant\u0131s\u0131 d\u00fczenledi.<\/p>\n<p>Erdo\u011fan, \u201cBosna Hersek ile ikili ticaret hacminin bu senenin sonunda 1 milyar dolara ula\u015faca\u011f\u0131n\u0131 tahmin ediyoruz.\u201d \u0130fadelerini kulland\u0131.<\/p>\n<p>Erdo\u011fan, \u201c90\u2019l\u0131 y\u0131llarda Bosna Hersek\u2019te ger\u00e7ekle\u015ftirilen katliam\u0131n bir benzerini bug\u00fcn Gazze\u2019de ve i\u015fgal alt\u0131ndaki Filistin topraklar\u0131nda ya\u015f\u0131yoruz.\u201d dedi.<\/p>\n<p>Erdo\u011fan, \u201c41 bini a\u015fk\u0131n Gazzeli karde\u015fimizle birlikte \u0130srail taraf\u0131ndan \u00f6ld\u00fcr\u00fclen Ay\u015fenur Ezgi Eygi evlad\u0131m\u0131z\u0131n da hesab\u0131n\u0131 adalet \u00f6n\u00fcnde mutlaka soraca\u011f\u0131z. Srebrenitsa soyk\u0131r\u0131m\u0131n\u0131n failleri uluslararas\u0131 mahkemelerde nas\u0131l h\u00fck\u00fcm giydilerse Gazze\u2019de ya\u015fananlar\u0131n failleri de hesap verecektir.\u201d diye konu\u015ftu.<\/p>\n<\/p><\/div>\n<p><script async\n                    defer\n                    crossorigin=\"anonymous\"\n                    src=\"https:\/\/connect.facebook.net\/tr_TR\/sdk.js#xfbml=1&#038;version=v3.3\"\n            ><\/script><\/p>\n","protected":false},"excerpt":{"rendered":"<p>T\u00fcrkiye Cumhurba\u015fkan\u0131 Recep Tayyip Erdo\u011fan, \u201c90\u2019l\u0131 y\u0131llarda Bosna Hersek\u2019te ger\u00e7ekle\u015ftirilen katliam\u0131n bir benzerini bug\u00fcn Gazze\u2019de ve i\u015fgal alt\u0131ndaki Filistin topraklar\u0131nda ya\u015f\u0131yoruz.\u201d dedi. T\u00fcrkiye Cumhurba\u015fkan\u0131 Recep Tayyip Erdo\u011fan, Bosna Hersek Devlet Ba\u015fkanl\u0131\u011f\u0131 Konseyi Ba\u015fkan\u0131 Becirovic ile ortak bas\u0131n toplant\u0131s\u0131 d\u00fczenledi. Erdo\u011fan, \u201cBosna Hersek ile ikili ticaret hacminin bu senenin sonunda 1 milyar dolara ula\u015faca\u011f\u0131n\u0131 tahmin ediyoruz.\u201d [&hellip;]<\/p>\n","protected":false},"author":1,"featured_media":9730,"comment_status":"open","ping_status":"open","sticky":false,"template":"","format":"standard","meta":{"jnews-multi-image_gallery":[],"jnews_single_post":[],"jnews_primary_category":[],"jnews_social_meta":[],"jnews_override_counter":[],"footnotes":""},"categories":[5],"tags":[],"class_list":["post-9729","post","type-post","status-publish","format-standard","has-post-thumbnail","hentry","category-turkiye"],"yoast_head":"<!-- This site is optimized with the Yoast SEO plugin v27.4 - https:\/\/yoast.com\/product\/yoast-seo-wordpress\/ -->\n<title>Erdo\u011fan: \u201cBosna Hersek\u2019teki katliam\u0131n benzerini Filistin topraklar\u0131nda ya\u015f\u0131yoruz\u201d - Kuzeyin Sesi<\/title>\n<meta name=\"robots\" content=\"index, follow, max-snippet:-1, max-image-preview:large, max-video-preview:-1\" \/>\n<link rel=\"canonical\" href=\"https:\/\/kuzeyinsesi.org\/index.php\/2024\/09\/14\/erdogan-bosna-hersekteki-katliamin-benzerini-filistin-topraklarinda-yasiyoruz\/\" \/>\n<meta property=\"og:locale\" content=\"tr_TR\" \/>\n<meta property=\"og:type\" content=\"article\" \/>\n<meta property=\"og:title\" content=\"Erdo\u011fan: \u201cBosna Hersek\u2019teki katliam\u0131n benzerini Filistin topraklar\u0131nda ya\u015f\u0131yoruz\u201d - Kuzeyin Sesi\" \/>\n<meta property=\"og:description\" content=\"T\u00fcrkiye Cumhurba\u015fkan\u0131 Recep Tayyip Erdo\u011fan, \u201c90\u2019l\u0131 y\u0131llarda Bosna Hersek\u2019te ger\u00e7ekle\u015ftirilen katliam\u0131n bir benzerini bug\u00fcn Gazze\u2019de ve i\u015fgal alt\u0131ndaki Filistin topraklar\u0131nda ya\u015f\u0131yoruz.\u201d dedi. T\u00fcrkiye Cumhurba\u015fkan\u0131 Recep Tayyip Erdo\u011fan, Bosna Hersek Devlet Ba\u015fkanl\u0131\u011f\u0131 Konseyi Ba\u015fkan\u0131 Becirovic ile ortak bas\u0131n toplant\u0131s\u0131 d\u00fczenledi. Erdo\u011fan, \u201cBosna Hersek ile ikili ticaret hacminin bu senenin sonunda 1 milyar dolara ula\u015faca\u011f\u0131n\u0131 tahmin ediyoruz.\u201d [&hellip;]\" \/>\n<meta property=\"og:url\" content=\"https:\/\/kuzeyinsesi.org\/index.php\/2024\/09\/14\/erdogan-bosna-hersekteki-katliamin-benzerini-filistin-topraklarinda-yasiyoruz\/\" \/>\n<meta property=\"og:site_name\" content=\"Kuzeyin Sesi\" \/>\n<meta property=\"article:publisher\" content=\"https:\/\/www.facebook.com\/kuzeyinsesii\" \/>\n<meta property=\"article:published_time\" content=\"2024-09-14T15:35:54+00:00\" \/>\n<meta property=\"og:image\" content=\"https:\/\/brtk.net\/wp-content\/uploads\/2024\/09\/14\/thumbs-b-c-147726e2ab06a74f449016f05e8f620c.jpg?ver=065efa3cfd8f91559e1fd9124bdaeb78\" \/>\n<meta name=\"author\" content=\"Kuzeyin Sesi\" \/>\n<meta name=\"twitter:card\" content=\"summary_large_image\" \/>\n<meta name=\"twitter:creator\" content=\"@kuzeyinsesii\" \/>\n<meta name=\"twitter:site\" content=\"@kuzeyinsesii\" \/>\n<meta name=\"twitter:label1\" content=\"Yazan:\" \/>\n\t<meta name=\"twitter:data1\" content=\"Kuzeyin Sesi\" \/>\n\t<meta name=\"twitter:label2\" content=\"Tahmini okuma s\u00fcresi\" \/>\n\t<meta name=\"twitter:data2\" content=\"1 dakika\" \/>\n<script type=\"application\/ld+json\" class=\"yoast-schema-graph\">{\"@context\":\"https:\\\/\\\/schema.org\",\"@graph\":[{\"@type\":\"Article\",\"@id\":\"https:\\\/\\\/kuzeyinsesi.org\\\/index.php\\\/2024\\\/09\\\/14\\\/erdogan-bosna-hersekteki-katliamin-benzerini-filistin-topraklarinda-yasiyoruz\\\/#article\",\"isPartOf\":{\"@id\":\"https:\\\/\\\/kuzeyinsesi.org\\\/index.php\\\/2024\\\/09\\\/14\\\/erdogan-bosna-hersekteki-katliamin-benzerini-filistin-topraklarinda-yasiyoruz\\\/\"},\"author\":{\"name\":\"Kuzeyin Sesi\",\"@id\":\"https:\\\/\\\/kuzeyinsesi.org\\\/#\\\/schema\\\/person\\\/9f859689cdf01485597712386e37f5aa\"},\"headline\":\"Erdo\u011fan: \u201cBosna Hersek\u2019teki katliam\u0131n benzerini Filistin topraklar\u0131nda ya\u015f\u0131yoruz\u201d\",\"datePublished\":\"2024-09-14T15:35:54+00:00\",\"mainEntityOfPage\":{\"@id\":\"https:\\\/\\\/kuzeyinsesi.org\\\/index.php\\\/2024\\\/09\\\/14\\\/erdogan-bosna-hersekteki-katliamin-benzerini-filistin-topraklarinda-yasiyoruz\\\/\"},\"wordCount\":184,\"commentCount\":0,\"image\":{\"@id\":\"https:\\\/\\\/kuzeyinsesi.org\\\/index.php\\\/2024\\\/09\\\/14\\\/erdogan-bosna-hersekteki-katliamin-benzerini-filistin-topraklarinda-yasiyoruz\\\/#primaryimage\"},\"thumbnailUrl\":\"https:\\\/\\\/kuzeyinsesi.org\\\/wp-content\\\/uploads\\\/2024\\\/09\\\/thumbs-b-c-147726e2ab06a74f449016f05e8f620c.jpg\",\"articleSection\":[\"T\u00fcrkiye\"],\"inLanguage\":\"tr\",\"potentialAction\":[{\"@type\":\"CommentAction\",\"name\":\"Comment\",\"target\":[\"https:\\\/\\\/kuzeyinsesi.org\\\/index.php\\\/2024\\\/09\\\/14\\\/erdogan-bosna-hersekteki-katliamin-benzerini-filistin-topraklarinda-yasiyoruz\\\/#respond\"]}]},{\"@type\":\"WebPage\",\"@id\":\"https:\\\/\\\/kuzeyinsesi.org\\\/index.php\\\/2024\\\/09\\\/14\\\/erdogan-bosna-hersekteki-katliamin-benzerini-filistin-topraklarinda-yasiyoruz\\\/\",\"url\":\"https:\\\/\\\/kuzeyinsesi.org\\\/index.php\\\/2024\\\/09\\\/14\\\/erdogan-bosna-hersekteki-katliamin-benzerini-filistin-topraklarinda-yasiyoruz\\\/\",\"name\":\"Erdo\u011fan: \u201cBosna Hersek\u2019teki katliam\u0131n benzerini Filistin topraklar\u0131nda ya\u015f\u0131yoruz\u201d - Kuzeyin Sesi\",\"isPartOf\":{\"@id\":\"https:\\\/\\\/kuzeyinsesi.org\\\/#website\"},\"primaryImageOfPage\":{\"@id\":\"https:\\\/\\\/kuzeyinsesi.org\\\/index.php\\\/2024\\\/09\\\/14\\\/erdogan-bosna-hersekteki-katliamin-benzerini-filistin-topraklarinda-yasiyoruz\\\/#primaryimage\"},\"image\":{\"@id\":\"https:\\\/\\\/kuzeyinsesi.org\\\/index.php\\\/2024\\\/09\\\/14\\\/erdogan-bosna-hersekteki-katliamin-benzerini-filistin-topraklarinda-yasiyoruz\\\/#primaryimage\"},\"thumbnailUrl\":\"https:\\\/\\\/kuzeyinsesi.org\\\/wp-content\\\/uploads\\\/2024\\\/09\\\/thumbs-b-c-147726e2ab06a74f449016f05e8f620c.jpg\",\"datePublished\":\"2024-09-14T15:35:54+00:00\",\"author\":{\"@id\":\"https:\\\/\\\/kuzeyinsesi.org\\\/#\\\/schema\\\/person\\\/9f859689cdf01485597712386e37f5aa\"},\"breadcrumb\":{\"@id\":\"https:\\\/\\\/kuzeyinsesi.org\\\/index.php\\\/2024\\\/09\\\/14\\\/erdogan-bosna-hersekteki-katliamin-benzerini-filistin-topraklarinda-yasiyoruz\\\/#breadcrumb\"},\"inLanguage\":\"tr\",\"potentialAction\":[{\"@type\":\"ReadAction\",\"target\":[\"https:\\\/\\\/kuzeyinsesi.org\\\/index.php\\\/2024\\\/09\\\/14\\\/erdogan-bosna-hersekteki-katliamin-benzerini-filistin-topraklarinda-yasiyoruz\\\/\"]}]},{\"@type\":\"ImageObject\",\"inLanguage\":\"tr\",\"@id\":\"https:\\\/\\\/kuzeyinsesi.org\\\/index.php\\\/2024\\\/09\\\/14\\\/erdogan-bosna-hersekteki-katliamin-benzerini-filistin-topraklarinda-yasiyoruz\\\/#primaryimage\",\"url\":\"https:\\\/\\\/kuzeyinsesi.org\\\/wp-content\\\/uploads\\\/2024\\\/09\\\/thumbs-b-c-147726e2ab06a74f449016f05e8f620c.jpg\",\"contentUrl\":\"https:\\\/\\\/kuzeyinsesi.org\\\/wp-content\\\/uploads\\\/2024\\\/09\\\/thumbs-b-c-147726e2ab06a74f449016f05e8f620c.jpg\",\"width\":864,\"height\":486},{\"@type\":\"BreadcrumbList\",\"@id\":\"https:\\\/\\\/kuzeyinsesi.org\\\/index.php\\\/2024\\\/09\\\/14\\\/erdogan-bosna-hersekteki-katliamin-benzerini-filistin-topraklarinda-yasiyoruz\\\/#breadcrumb\",\"itemListElement\":[{\"@type\":\"ListItem\",\"position\":1,\"name\":\"Anasayfa\",\"item\":\"https:\\\/\\\/kuzeyinsesi.org\\\/\"},{\"@type\":\"ListItem\",\"position\":2,\"name\":\"Erdo\u011fan: \u201cBosna Hersek\u2019teki katliam\u0131n benzerini Filistin topraklar\u0131nda ya\u015f\u0131yoruz\u201d\"}]},{\"@type\":\"WebSite\",\"@id\":\"https:\\\/\\\/kuzeyinsesi.org\\\/#website\",\"url\":\"https:\\\/\\\/kuzeyinsesi.org\\\/\",\"name\":\"Kuzeyin Sesi\",\"description\":\"Do\u011fru Haberin Adresi\",\"potentialAction\":[{\"@type\":\"SearchAction\",\"target\":{\"@type\":\"EntryPoint\",\"urlTemplate\":\"https:\\\/\\\/kuzeyinsesi.org\\\/?s={search_term_string}\"},\"query-input\":{\"@type\":\"PropertyValueSpecification\",\"valueRequired\":true,\"valueName\":\"search_term_string\"}}],\"inLanguage\":\"tr\"},{\"@type\":\"Person\",\"@id\":\"https:\\\/\\\/kuzeyinsesi.org\\\/#\\\/schema\\\/person\\\/9f859689cdf01485597712386e37f5aa\",\"name\":\"Kuzeyin Sesi\",\"image\":{\"@type\":\"ImageObject\",\"inLanguage\":\"tr\",\"@id\":\"https:\\\/\\\/secure.gravatar.com\\\/avatar\\\/bab33852abfd8b282518d6ed81826833d77c3c882d9ab608add591ccace47a44?s=96&d=mm&r=g\",\"url\":\"https:\\\/\\\/secure.gravatar.com\\\/avatar\\\/bab33852abfd8b282518d6ed81826833d77c3c882d9ab608add591ccace47a44?s=96&d=mm&r=g\",\"contentUrl\":\"https:\\\/\\\/secure.gravatar.com\\\/avatar\\\/bab33852abfd8b282518d6ed81826833d77c3c882d9ab608add591ccace47a44?s=96&d=mm&r=g\",\"caption\":\"Kuzeyin Sesi\"},\"sameAs\":[\"https:\\\/\\\/kuzeyinsesi.org\"],\"url\":\"https:\\\/\\\/kuzeyinsesi.org\\\/index.php\\\/author\\\/guven\\\/\"}]}<\/script>\n<!-- \/ Yoast SEO plugin. -->","yoast_head_json":{"title":"Erdo\u011fan: \u201cBosna Hersek\u2019teki katliam\u0131n benzerini Filistin topraklar\u0131nda ya\u015f\u0131yoruz\u201d - Kuzeyin Sesi","robots":{"index":"index","follow":"follow","max-snippet":"max-snippet:-1","max-image-preview":"max-image-preview:large","max-video-preview":"max-video-preview:-1"},"canonical":"https:\/\/kuzeyinsesi.org\/index.php\/2024\/09\/14\/erdogan-bosna-hersekteki-katliamin-benzerini-filistin-topraklarinda-yasiyoruz\/","og_locale":"tr_TR","og_type":"article","og_title":"Erdo\u011fan: \u201cBosna Hersek\u2019teki katliam\u0131n benzerini Filistin topraklar\u0131nda ya\u015f\u0131yoruz\u201d - Kuzeyin Sesi","og_description":"T\u00fcrkiye Cumhurba\u015fkan\u0131 Recep Tayyip Erdo\u011fan, \u201c90\u2019l\u0131 y\u0131llarda Bosna Hersek\u2019te ger\u00e7ekle\u015ftirilen katliam\u0131n bir benzerini bug\u00fcn Gazze\u2019de ve i\u015fgal alt\u0131ndaki Filistin topraklar\u0131nda ya\u015f\u0131yoruz.\u201d dedi. T\u00fcrkiye Cumhurba\u015fkan\u0131 Recep Tayyip Erdo\u011fan, Bosna Hersek Devlet Ba\u015fkanl\u0131\u011f\u0131 Konseyi Ba\u015fkan\u0131 Becirovic ile ortak bas\u0131n toplant\u0131s\u0131 d\u00fczenledi. Erdo\u011fan, \u201cBosna Hersek ile ikili ticaret hacminin bu senenin sonunda 1 milyar dolara ula\u015faca\u011f\u0131n\u0131 tahmin ediyoruz.\u201d [&hellip;]","og_url":"https:\/\/kuzeyinsesi.org\/index.php\/2024\/09\/14\/erdogan-bosna-hersekteki-katliamin-benzerini-filistin-topraklarinda-yasiyoruz\/","og_site_name":"Kuzeyin Sesi","article_publisher":"https:\/\/www.facebook.com\/kuzeyinsesii","article_published_time":"2024-09-14T15:35:54+00:00","og_image":[{"url":"https:\/\/brtk.net\/wp-content\/uploads\/2024\/09\/14\/thumbs-b-c-147726e2ab06a74f449016f05e8f620c.jpg?ver=065efa3cfd8f91559e1fd9124bdaeb78","type":"","width":"","height":""}],"author":"Kuzeyin Sesi","twitter_card":"summary_large_image","twitter_creator":"@kuzeyinsesii","twitter_site":"@kuzeyinsesii","twitter_misc":{"Yazan:":"Kuzeyin Sesi","Tahmini okuma s\u00fcresi":"1 dakika"},"schema":{"@context":"https:\/\/schema.org","@graph":[{"@type":"Article","@id":"https:\/\/kuzeyinsesi.org\/index.php\/2024\/09\/14\/erdogan-bosna-hersekteki-katliamin-benzerini-filistin-topraklarinda-yasiyoruz\/#article","isPartOf":{"@id":"https:\/\/kuzeyinsesi.org\/index.php\/2024\/09\/14\/erdogan-bosna-hersekteki-katliamin-benzerini-filistin-topraklarinda-yasiyoruz\/"},"author":{"name":"Kuzeyin Sesi","@id":"https:\/\/kuzeyinsesi.org\/#\/schema\/person\/9f859689cdf01485597712386e37f5aa"},"headline":"Erdo\u011fan: \u201cBosna Hersek\u2019teki katliam\u0131n benzerini Filistin topraklar\u0131nda ya\u015f\u0131yoruz\u201d","datePublished":"2024-09-14T15:35:54+00:00","mainEntityOfPage":{"@id":"https:\/\/kuzeyinsesi.org\/index.php\/2024\/09\/14\/erdogan-bosna-hersekteki-katliamin-benzerini-filistin-topraklarinda-yasiyoruz\/"},"wordCount":184,"commentCount":0,"image":{"@id":"https:\/\/kuzeyinsesi.org\/index.php\/2024\/09\/14\/erdogan-bosna-hersekteki-katliamin-benzerini-filistin-topraklarinda-yasiyoruz\/#primaryimage"},"thumbnailUrl":"https:\/\/kuzeyinsesi.org\/wp-content\/uploads\/2024\/09\/thumbs-b-c-147726e2ab06a74f449016f05e8f620c.jpg","articleSection":["T\u00fcrkiye"],"inLanguage":"tr","potentialAction":[{"@type":"CommentAction","name":"Comment","target":["https:\/\/kuzeyinsesi.org\/index.php\/2024\/09\/14\/erdogan-bosna-hersekteki-katliamin-benzerini-filistin-topraklarinda-yasiyoruz\/#respond"]}]},{"@type":"WebPage","@id":"https:\/\/kuzeyinsesi.org\/index.php\/2024\/09\/14\/erdogan-bosna-hersekteki-katliamin-benzerini-filistin-topraklarinda-yasiyoruz\/","url":"https:\/\/kuzeyinsesi.org\/index.php\/2024\/09\/14\/erdogan-bosna-hersekteki-katliamin-benzerini-filistin-topraklarinda-yasiyoruz\/","name":"Erdo\u011fan: \u201cBosna Hersek\u2019teki katliam\u0131n benzerini Filistin topraklar\u0131nda ya\u015f\u0131yoruz\u201d - Kuzeyin Sesi","isPartOf":{"@id":"https:\/\/kuzeyinsesi.org\/#website"},"primaryImageOfPage":{"@id":"https:\/\/kuzeyinsesi.org\/index.php\/2024\/09\/14\/erdogan-bosna-hersekteki-katliamin-benzerini-filistin-topraklarinda-yasiyoruz\/#primaryimage"},"image":{"@id":"https:\/\/kuzeyinsesi.org\/index.php\/2024\/09\/14\/erdogan-bosna-hersekteki-katliamin-benzerini-filistin-topraklarinda-yasiyoruz\/#primaryimage"},"thumbnailUrl":"https:\/\/kuzeyinsesi.org\/wp-content\/uploads\/2024\/09\/thumbs-b-c-147726e2ab06a74f449016f05e8f620c.jpg","datePublished":"2024-09-14T15:35:54+00:00","author":{"@id":"https:\/\/kuzeyinsesi.org\/#\/schema\/person\/9f859689cdf01485597712386e37f5aa"},"breadcrumb":{"@id":"https:\/\/kuzeyinsesi.org\/index.php\/2024\/09\/14\/erdogan-bosna-hersekteki-katliamin-benzerini-filistin-topraklarinda-yasiyoruz\/#breadcrumb"},"inLanguage":"tr","potentialAction":[{"@type":"ReadAction","target":["https:\/\/kuzeyinsesi.org\/index.php\/2024\/09\/14\/erdogan-bosna-hersekteki-katliamin-benzerini-filistin-topraklarinda-yasiyoruz\/"]}]},{"@type":"ImageObject","inLanguage":"tr","@id":"https:\/\/kuzeyinsesi.org\/index.php\/2024\/09\/14\/erdogan-bosna-hersekteki-katliamin-benzerini-filistin-topraklarinda-yasiyoruz\/#primaryimage","url":"https:\/\/kuzeyinsesi.org\/wp-content\/uploads\/2024\/09\/thumbs-b-c-147726e2ab06a74f449016f05e8f620c.jpg","contentUrl":"https:\/\/kuzeyinsesi.org\/wp-content\/uploads\/2024\/09\/thumbs-b-c-147726e2ab06a74f449016f05e8f620c.jpg","width":864,"height":486},{"@type":"BreadcrumbList","@id":"https:\/\/kuzeyinsesi.org\/index.php\/2024\/09\/14\/erdogan-bosna-hersekteki-katliamin-benzerini-filistin-topraklarinda-yasiyoruz\/#breadcrumb","itemListElement":[{"@type":"ListItem","position":1,"name":"Anasayfa","item":"https:\/\/kuzeyinsesi.org\/"},{"@type":"ListItem","position":2,"name":"Erdo\u011fan: \u201cBosna Hersek\u2019teki katliam\u0131n benzerini Filistin topraklar\u0131nda ya\u015f\u0131yoruz\u201d"}]},{"@type":"WebSite","@id":"https:\/\/kuzeyinsesi.org\/#website","url":"https:\/\/kuzeyinsesi.org\/","name":"Kuzeyin Sesi","description":"Do\u011fru Haberin Adresi","potentialAction":[{"@type":"SearchAction","target":{"@type":"EntryPoint","urlTemplate":"https:\/\/kuzeyinsesi.org\/?s={search_term_string}"},"query-input":{"@type":"PropertyValueSpecification","valueRequired":true,"valueName":"search_term_string"}}],"inLanguage":"tr"},{"@type":"Person","@id":"https:\/\/kuzeyinsesi.org\/#\/schema\/person\/9f859689cdf01485597712386e37f5aa","name":"Kuzeyin Sesi","image":{"@type":"ImageObject","inLanguage":"tr","@id":"https:\/\/secure.gravatar.com\/avatar\/bab33852abfd8b282518d6ed81826833d77c3c882d9ab608add591ccace47a44?s=96&d=mm&r=g","url":"https:\/\/secure.gravatar.com\/avatar\/bab33852abfd8b282518d6ed81826833d77c3c882d9ab608add591ccace47a44?s=96&d=mm&r=g","contentUrl":"https:\/\/secure.gravatar.com\/avatar\/bab33852abfd8b282518d6ed81826833d77c3c882d9ab608add591ccace47a44?s=96&d=mm&r=g","caption":"Kuzeyin Sesi"},"sameAs":["https:\/\/kuzeyinsesi.org"],"url":"https:\/\/kuzeyinsesi.org\/index.php\/author\/guven\/"}]}},"_links":{"self":[{"href":"https:\/\/kuzeyinsesi.org\/index.php\/wp-json\/wp\/v2\/posts\/9729","targetHints":{"allow":["GET"]}}],"collection":[{"href":"https:\/\/kuzeyinsesi.org\/index.php\/wp-json\/wp\/v2\/posts"}],"about":[{"href":"https:\/\/kuzeyinsesi.org\/index.php\/wp-json\/wp\/v2\/types\/post"}],"author":[{"embeddable":true,"href":"https:\/\/kuzeyinsesi.org\/index.php\/wp-json\/wp\/v2\/users\/1"}],"replies":[{"embeddable":true,"href":"https:\/\/kuzeyinsesi.org\/index.php\/wp-json\/wp\/v2\/comments?post=9729"}],"version-history":[{"count":0,"href":"https:\/\/kuzeyinsesi.org\/index.php\/wp-json\/wp\/v2\/posts\/9729\/revisions"}],"wp:featuredmedia":[{"embeddable":true,"href":"https:\/\/kuzeyinsesi.org\/index.php\/wp-json\/wp\/v2\/media\/9730"}],"wp:attachment":[{"href":"https:\/\/kuzeyinsesi.org\/index.php\/wp-json\/wp\/v2\/media?parent=9729"}],"wp:term":[{"taxonomy":"category","embeddable":true,"href":"https:\/\/kuzeyinsesi.org\/index.php\/wp-json\/wp\/v2\/categories?post=9729"},{"taxonomy":"post_tag","embeddable":true,"href":"https:\/\/kuzeyinsesi.org\/index.php\/wp-json\/wp\/v2\/tags?post=9729"}],"curies":[{"name":"wp","href":"https:\/\/api.w.org\/{rel}","templated":true}]}}