{"id":9719,"date":"2024-09-14T16:18:19","date_gmt":"2024-09-14T13:18:19","guid":{"rendered":"https:\/\/kuzeyinsesi.org\/index.php\/2024\/09\/14\/israil-askerlerince-katledilen-aysenur-ezgi-eygi-son-yolculuguna-ugurlaniyor\/"},"modified":"2024-09-14T16:18:19","modified_gmt":"2024-09-14T13:18:19","slug":"israil-askerlerince-katledilen-aysenur-ezgi-eygi-son-yolculuguna-ugurlaniyor","status":"publish","type":"post","link":"https:\/\/kuzeyinsesi.org\/index.php\/2024\/09\/14\/israil-askerlerince-katledilen-aysenur-ezgi-eygi-son-yolculuguna-ugurlaniyor\/","title":{"rendered":"\u0130srail askerlerince katledilen Ay\u015fenur Ezgi Eygi son yolculu\u011funa u\u011furlan\u0131yor"},"content":{"rendered":"<div>\n<div class=\"mariselle-image-container center\">\n                                            <\/div>\n<p>T\u00fcrkiye\u2019de Ayd\u0131n\u2019\u0131n Didim il\u00e7esinde, i\u015fgal alt\u0131ndaki Bat\u0131 \u015eeria\u2019da \u0130srail askerlerince katledilen Ay\u015fenur Ezgi Eygi i\u00e7in baba evinde helallik al\u0131n\u0131p dua edildi.<\/p>\n<p>Eygi\u2019nin Didim Devlet Hastanesinden al\u0131nan naa\u015f\u0131, Alt\u0131nkum Mahallesi\u2019ndeki baba evine getirildi.<\/p>\n<p>Bu s\u0131rada evde bulunan Eygi\u2019nin babas\u0131 Mehmet Suat Eygi, e\u015fi Pakistan as\u0131ll\u0131 Hamid Mazhar Ali ve akrabalar\u0131na Aile ve Sosyal Hizmetler Bakan\u0131 Mahinur \u00d6zdemir G\u00f6kta\u015f da e\u015flik etti.<\/p>\n<p>Burada dua edilmesinin ard\u0131ndan cenaze, Didim Merkez Camisine g\u00f6t\u00fcr\u00fcld\u00fc.<\/p>\n<p>Helallik al\u0131nmas\u0131 sonras\u0131 evin \u00f6n\u00fcnde toplanan vatanda\u015flar \u201cKahrolsun \u0130srail\u201d sloganlar\u0131 att\u0131.<\/p>\n<p>\u00d6te yandan helallik al\u0131nmas\u0131 \u00f6ncesi baba Eygi\u2019yi ziyaret eden Gelecek Partisi Genel Ba\u015fkan\u0131 Ahmet Davuto\u011flu da ba\u015fsa\u011fl\u0131\u011f\u0131 dileklerini iletti.<\/p>\n<p>Ay\u015fenur Ezgi Eygi\u2019nin cenazesi, \u00f6\u011fle vakti Didim Merkez Camisinde k\u0131l\u0131nacak cenaze namaz\u0131n\u0131n ard\u0131ndan topra\u011fa verilecek.<\/p>\n<p>\u2013 \u0130srail askerlerinin aktivist Eygi\u2019yi katletmesi<\/p>\n<p>\u0130srail askerleri, i\u015fgal alt\u0131ndaki Bat\u0131 \u015eeria\u2019da bar\u0131\u015f\u00e7\u0131l bir g\u00f6steri s\u0131ras\u0131nda kat\u0131l\u0131mc\u0131lar\u0131n \u00fczerine ate\u015f a\u00e7m\u0131\u015f, Filistinlilere destek amac\u0131yla g\u00f6steriye kat\u0131lan ve ABD vatanda\u015fl\u0131\u011f\u0131 da bulunan Eygi, ba\u015f\u0131ndan vurularak a\u011f\u0131r yaralanm\u0131\u015ft\u0131.<\/p>\n<p>Filistinlilere ait bir hastaneye kald\u0131r\u0131lan Eygi, 6 Eyl\u00fcl\u2019de hayat\u0131n\u0131 kaybetmi\u015fti.<\/p>\n<p>T\u00fcrkiye\u2019nin Tel Aviv B\u00fcy\u00fckel\u00e7ili\u011fi ve Kud\u00fcs Ba\u015fkonsoloslu\u011fu taraf\u0131ndan y\u00fcr\u00fct\u00fclen i\u015flemlerin ard\u0131ndan Eygi\u2019nin naa\u015f\u0131, Tel Aviv\u2019den Bak\u00fc\u2019ye getirilmi\u015f, d\u00fcn yurtta t\u00f6renlerle kar\u015f\u0131lanm\u0131\u015ft\u0131.<\/p>\n<p>Eygi\u2019nin cenazesi, \u0130zmir\u2019deki adli t\u0131p i\u015flemlerinin ard\u0131ndan memleketi Ayd\u0131n\u2019\u0131n Didim il\u00e7esine getirilmi\u015fti.<\/p>\n<p>Eygi, Filistin topraklar\u0131n\u0131n \u0130srail taraf\u0131ndan i\u015fgaline kar\u015f\u0131 bar\u0131\u015f\u00e7\u0131l ve sivil y\u00f6ntemlerle Filistinlilere destek veren Uluslararas\u0131 Dayan\u0131\u015fma Hareketi g\u00f6n\u00fcll\u00fcs\u00fc bir insan haklar\u0131 aktivistiydi.<\/p>\n<p>2003\u2019te \u0130srail buldozeri taraf\u0131ndan ezilerek \u00f6ld\u00fcr\u00fclen ABD vatanda\u015f\u0131 Rachel Corrie de ayn\u0131 harekete mensuptu.<\/p>\n<\/p><\/div>\n<p><script async\n                    defer\n                    crossorigin=\"anonymous\"\n                    src=\"https:\/\/connect.facebook.net\/tr_TR\/sdk.js#xfbml=1&#038;version=v3.3\"\n            ><\/script><\/p>\n","protected":false},"excerpt":{"rendered":"<p>T\u00fcrkiye\u2019de Ayd\u0131n\u2019\u0131n Didim il\u00e7esinde, i\u015fgal alt\u0131ndaki Bat\u0131 \u015eeria\u2019da \u0130srail askerlerince katledilen Ay\u015fenur Ezgi Eygi i\u00e7in baba evinde helallik al\u0131n\u0131p dua edildi. Eygi\u2019nin Didim Devlet Hastanesinden al\u0131nan naa\u015f\u0131, Alt\u0131nkum Mahallesi\u2019ndeki baba evine getirildi. Bu s\u0131rada evde bulunan Eygi\u2019nin babas\u0131 Mehmet Suat Eygi, e\u015fi Pakistan as\u0131ll\u0131 Hamid Mazhar Ali ve akrabalar\u0131na Aile ve Sosyal Hizmetler Bakan\u0131 Mahinur [&hellip;]<\/p>\n","protected":false},"author":1,"featured_media":9720,"comment_status":"open","ping_status":"open","sticky":false,"template":"","format":"standard","meta":{"jnews-multi-image_gallery":[],"jnews_single_post":[],"jnews_primary_category":[],"jnews_social_meta":[],"jnews_override_counter":[],"footnotes":""},"categories":[5],"tags":[],"class_list":["post-9719","post","type-post","status-publish","format-standard","has-post-thumbnail","hentry","category-turkiye"],"yoast_head":"<!-- This site is optimized with the Yoast SEO plugin v27.4 - https:\/\/yoast.com\/product\/yoast-seo-wordpress\/ -->\n<title>\u0130srail askerlerince katledilen Ay\u015fenur Ezgi Eygi son yolculu\u011funa u\u011furlan\u0131yor - Kuzeyin Sesi<\/title>\n<meta name=\"robots\" content=\"index, follow, max-snippet:-1, max-image-preview:large, max-video-preview:-1\" \/>\n<link rel=\"canonical\" href=\"https:\/\/kuzeyinsesi.org\/index.php\/2024\/09\/14\/israil-askerlerince-katledilen-aysenur-ezgi-eygi-son-yolculuguna-ugurlaniyor\/\" \/>\n<meta property=\"og:locale\" content=\"tr_TR\" \/>\n<meta property=\"og:type\" content=\"article\" \/>\n<meta property=\"og:title\" content=\"\u0130srail askerlerince katledilen Ay\u015fenur Ezgi Eygi son yolculu\u011funa u\u011furlan\u0131yor - Kuzeyin Sesi\" \/>\n<meta property=\"og:description\" content=\"T\u00fcrkiye\u2019de Ayd\u0131n\u2019\u0131n Didim il\u00e7esinde, i\u015fgal alt\u0131ndaki Bat\u0131 \u015eeria\u2019da \u0130srail askerlerince katledilen Ay\u015fenur Ezgi Eygi i\u00e7in baba evinde helallik al\u0131n\u0131p dua edildi. Eygi\u2019nin Didim Devlet Hastanesinden al\u0131nan naa\u015f\u0131, Alt\u0131nkum Mahallesi\u2019ndeki baba evine getirildi. Bu s\u0131rada evde bulunan Eygi\u2019nin babas\u0131 Mehmet Suat Eygi, e\u015fi Pakistan as\u0131ll\u0131 Hamid Mazhar Ali ve akrabalar\u0131na Aile ve Sosyal Hizmetler Bakan\u0131 Mahinur [&hellip;]\" \/>\n<meta property=\"og:url\" content=\"https:\/\/kuzeyinsesi.org\/index.php\/2024\/09\/14\/israil-askerlerince-katledilen-aysenur-ezgi-eygi-son-yolculuguna-ugurlaniyor\/\" \/>\n<meta property=\"og:site_name\" content=\"Kuzeyin Sesi\" \/>\n<meta property=\"article:publisher\" content=\"https:\/\/www.facebook.com\/kuzeyinsesii\" \/>\n<meta property=\"article:published_time\" content=\"2024-09-14T13:18:19+00:00\" \/>\n<meta property=\"og:image\" content=\"https:\/\/brtk.net\/wp-content\/uploads\/2024\/09\/14\/d6.jpg?ver=7a08908e85ba05ae9aac8f2d8e18bd0e\" \/>\n<meta name=\"author\" content=\"Kuzeyin Sesi\" \/>\n<meta name=\"twitter:card\" content=\"summary_large_image\" \/>\n<meta name=\"twitter:creator\" content=\"@kuzeyinsesii\" \/>\n<meta name=\"twitter:site\" content=\"@kuzeyinsesii\" \/>\n<meta name=\"twitter:label1\" content=\"Yazan:\" \/>\n\t<meta name=\"twitter:data1\" content=\"Kuzeyin Sesi\" \/>\n\t<meta name=\"twitter:label2\" content=\"Tahmini okuma s\u00fcresi\" \/>\n\t<meta name=\"twitter:data2\" content=\"2 dakika\" \/>\n<script type=\"application\/ld+json\" class=\"yoast-schema-graph\">{\"@context\":\"https:\\\/\\\/schema.org\",\"@graph\":[{\"@type\":\"Article\",\"@id\":\"https:\\\/\\\/kuzeyinsesi.org\\\/index.php\\\/2024\\\/09\\\/14\\\/israil-askerlerince-katledilen-aysenur-ezgi-eygi-son-yolculuguna-ugurlaniyor\\\/#article\",\"isPartOf\":{\"@id\":\"https:\\\/\\\/kuzeyinsesi.org\\\/index.php\\\/2024\\\/09\\\/14\\\/israil-askerlerince-katledilen-aysenur-ezgi-eygi-son-yolculuguna-ugurlaniyor\\\/\"},\"author\":{\"name\":\"Kuzeyin Sesi\",\"@id\":\"https:\\\/\\\/kuzeyinsesi.org\\\/#\\\/schema\\\/person\\\/9f859689cdf01485597712386e37f5aa\"},\"headline\":\"\u0130srail askerlerince katledilen Ay\u015fenur Ezgi Eygi son yolculu\u011funa u\u011furlan\u0131yor\",\"datePublished\":\"2024-09-14T13:18:19+00:00\",\"mainEntityOfPage\":{\"@id\":\"https:\\\/\\\/kuzeyinsesi.org\\\/index.php\\\/2024\\\/09\\\/14\\\/israil-askerlerince-katledilen-aysenur-ezgi-eygi-son-yolculuguna-ugurlaniyor\\\/\"},\"wordCount\":353,\"commentCount\":0,\"image\":{\"@id\":\"https:\\\/\\\/kuzeyinsesi.org\\\/index.php\\\/2024\\\/09\\\/14\\\/israil-askerlerince-katledilen-aysenur-ezgi-eygi-son-yolculuguna-ugurlaniyor\\\/#primaryimage\"},\"thumbnailUrl\":\"https:\\\/\\\/kuzeyinsesi.org\\\/wp-content\\\/uploads\\\/2024\\\/09\\\/d6.jpg\",\"articleSection\":[\"T\u00fcrkiye\"],\"inLanguage\":\"tr\",\"potentialAction\":[{\"@type\":\"CommentAction\",\"name\":\"Comment\",\"target\":[\"https:\\\/\\\/kuzeyinsesi.org\\\/index.php\\\/2024\\\/09\\\/14\\\/israil-askerlerince-katledilen-aysenur-ezgi-eygi-son-yolculuguna-ugurlaniyor\\\/#respond\"]}]},{\"@type\":\"WebPage\",\"@id\":\"https:\\\/\\\/kuzeyinsesi.org\\\/index.php\\\/2024\\\/09\\\/14\\\/israil-askerlerince-katledilen-aysenur-ezgi-eygi-son-yolculuguna-ugurlaniyor\\\/\",\"url\":\"https:\\\/\\\/kuzeyinsesi.org\\\/index.php\\\/2024\\\/09\\\/14\\\/israil-askerlerince-katledilen-aysenur-ezgi-eygi-son-yolculuguna-ugurlaniyor\\\/\",\"name\":\"\u0130srail askerlerince katledilen Ay\u015fenur Ezgi Eygi son yolculu\u011funa u\u011furlan\u0131yor - Kuzeyin Sesi\",\"isPartOf\":{\"@id\":\"https:\\\/\\\/kuzeyinsesi.org\\\/#website\"},\"primaryImageOfPage\":{\"@id\":\"https:\\\/\\\/kuzeyinsesi.org\\\/index.php\\\/2024\\\/09\\\/14\\\/israil-askerlerince-katledilen-aysenur-ezgi-eygi-son-yolculuguna-ugurlaniyor\\\/#primaryimage\"},\"image\":{\"@id\":\"https:\\\/\\\/kuzeyinsesi.org\\\/index.php\\\/2024\\\/09\\\/14\\\/israil-askerlerince-katledilen-aysenur-ezgi-eygi-son-yolculuguna-ugurlaniyor\\\/#primaryimage\"},\"thumbnailUrl\":\"https:\\\/\\\/kuzeyinsesi.org\\\/wp-content\\\/uploads\\\/2024\\\/09\\\/d6.jpg\",\"datePublished\":\"2024-09-14T13:18:19+00:00\",\"author\":{\"@id\":\"https:\\\/\\\/kuzeyinsesi.org\\\/#\\\/schema\\\/person\\\/9f859689cdf01485597712386e37f5aa\"},\"breadcrumb\":{\"@id\":\"https:\\\/\\\/kuzeyinsesi.org\\\/index.php\\\/2024\\\/09\\\/14\\\/israil-askerlerince-katledilen-aysenur-ezgi-eygi-son-yolculuguna-ugurlaniyor\\\/#breadcrumb\"},\"inLanguage\":\"tr\",\"potentialAction\":[{\"@type\":\"ReadAction\",\"target\":[\"https:\\\/\\\/kuzeyinsesi.org\\\/index.php\\\/2024\\\/09\\\/14\\\/israil-askerlerince-katledilen-aysenur-ezgi-eygi-son-yolculuguna-ugurlaniyor\\\/\"]}]},{\"@type\":\"ImageObject\",\"inLanguage\":\"tr\",\"@id\":\"https:\\\/\\\/kuzeyinsesi.org\\\/index.php\\\/2024\\\/09\\\/14\\\/israil-askerlerince-katledilen-aysenur-ezgi-eygi-son-yolculuguna-ugurlaniyor\\\/#primaryimage\",\"url\":\"https:\\\/\\\/kuzeyinsesi.org\\\/wp-content\\\/uploads\\\/2024\\\/09\\\/d6.jpg\",\"contentUrl\":\"https:\\\/\\\/kuzeyinsesi.org\\\/wp-content\\\/uploads\\\/2024\\\/09\\\/d6.jpg\",\"width\":864,\"height\":486},{\"@type\":\"BreadcrumbList\",\"@id\":\"https:\\\/\\\/kuzeyinsesi.org\\\/index.php\\\/2024\\\/09\\\/14\\\/israil-askerlerince-katledilen-aysenur-ezgi-eygi-son-yolculuguna-ugurlaniyor\\\/#breadcrumb\",\"itemListElement\":[{\"@type\":\"ListItem\",\"position\":1,\"name\":\"Anasayfa\",\"item\":\"https:\\\/\\\/kuzeyinsesi.org\\\/\"},{\"@type\":\"ListItem\",\"position\":2,\"name\":\"\u0130srail askerlerince katledilen Ay\u015fenur Ezgi Eygi son yolculu\u011funa u\u011furlan\u0131yor\"}]},{\"@type\":\"WebSite\",\"@id\":\"https:\\\/\\\/kuzeyinsesi.org\\\/#website\",\"url\":\"https:\\\/\\\/kuzeyinsesi.org\\\/\",\"name\":\"Kuzeyin Sesi\",\"description\":\"Do\u011fru Haberin Adresi\",\"potentialAction\":[{\"@type\":\"SearchAction\",\"target\":{\"@type\":\"EntryPoint\",\"urlTemplate\":\"https:\\\/\\\/kuzeyinsesi.org\\\/?s={search_term_string}\"},\"query-input\":{\"@type\":\"PropertyValueSpecification\",\"valueRequired\":true,\"valueName\":\"search_term_string\"}}],\"inLanguage\":\"tr\"},{\"@type\":\"Person\",\"@id\":\"https:\\\/\\\/kuzeyinsesi.org\\\/#\\\/schema\\\/person\\\/9f859689cdf01485597712386e37f5aa\",\"name\":\"Kuzeyin Sesi\",\"image\":{\"@type\":\"ImageObject\",\"inLanguage\":\"tr\",\"@id\":\"https:\\\/\\\/secure.gravatar.com\\\/avatar\\\/bab33852abfd8b282518d6ed81826833d77c3c882d9ab608add591ccace47a44?s=96&d=mm&r=g\",\"url\":\"https:\\\/\\\/secure.gravatar.com\\\/avatar\\\/bab33852abfd8b282518d6ed81826833d77c3c882d9ab608add591ccace47a44?s=96&d=mm&r=g\",\"contentUrl\":\"https:\\\/\\\/secure.gravatar.com\\\/avatar\\\/bab33852abfd8b282518d6ed81826833d77c3c882d9ab608add591ccace47a44?s=96&d=mm&r=g\",\"caption\":\"Kuzeyin Sesi\"},\"sameAs\":[\"https:\\\/\\\/kuzeyinsesi.org\"],\"url\":\"https:\\\/\\\/kuzeyinsesi.org\\\/index.php\\\/author\\\/guven\\\/\"}]}<\/script>\n<!-- \/ Yoast SEO plugin. -->","yoast_head_json":{"title":"\u0130srail askerlerince katledilen Ay\u015fenur Ezgi Eygi son yolculu\u011funa u\u011furlan\u0131yor - Kuzeyin Sesi","robots":{"index":"index","follow":"follow","max-snippet":"max-snippet:-1","max-image-preview":"max-image-preview:large","max-video-preview":"max-video-preview:-1"},"canonical":"https:\/\/kuzeyinsesi.org\/index.php\/2024\/09\/14\/israil-askerlerince-katledilen-aysenur-ezgi-eygi-son-yolculuguna-ugurlaniyor\/","og_locale":"tr_TR","og_type":"article","og_title":"\u0130srail askerlerince katledilen Ay\u015fenur Ezgi Eygi son yolculu\u011funa u\u011furlan\u0131yor - Kuzeyin Sesi","og_description":"T\u00fcrkiye\u2019de Ayd\u0131n\u2019\u0131n Didim il\u00e7esinde, i\u015fgal alt\u0131ndaki Bat\u0131 \u015eeria\u2019da \u0130srail askerlerince katledilen Ay\u015fenur Ezgi Eygi i\u00e7in baba evinde helallik al\u0131n\u0131p dua edildi. Eygi\u2019nin Didim Devlet Hastanesinden al\u0131nan naa\u015f\u0131, Alt\u0131nkum Mahallesi\u2019ndeki baba evine getirildi. Bu s\u0131rada evde bulunan Eygi\u2019nin babas\u0131 Mehmet Suat Eygi, e\u015fi Pakistan as\u0131ll\u0131 Hamid Mazhar Ali ve akrabalar\u0131na Aile ve Sosyal Hizmetler Bakan\u0131 Mahinur [&hellip;]","og_url":"https:\/\/kuzeyinsesi.org\/index.php\/2024\/09\/14\/israil-askerlerince-katledilen-aysenur-ezgi-eygi-son-yolculuguna-ugurlaniyor\/","og_site_name":"Kuzeyin Sesi","article_publisher":"https:\/\/www.facebook.com\/kuzeyinsesii","article_published_time":"2024-09-14T13:18:19+00:00","og_image":[{"url":"https:\/\/brtk.net\/wp-content\/uploads\/2024\/09\/14\/d6.jpg?ver=7a08908e85ba05ae9aac8f2d8e18bd0e","type":"","width":"","height":""}],"author":"Kuzeyin Sesi","twitter_card":"summary_large_image","twitter_creator":"@kuzeyinsesii","twitter_site":"@kuzeyinsesii","twitter_misc":{"Yazan:":"Kuzeyin Sesi","Tahmini okuma s\u00fcresi":"2 dakika"},"schema":{"@context":"https:\/\/schema.org","@graph":[{"@type":"Article","@id":"https:\/\/kuzeyinsesi.org\/index.php\/2024\/09\/14\/israil-askerlerince-katledilen-aysenur-ezgi-eygi-son-yolculuguna-ugurlaniyor\/#article","isPartOf":{"@id":"https:\/\/kuzeyinsesi.org\/index.php\/2024\/09\/14\/israil-askerlerince-katledilen-aysenur-ezgi-eygi-son-yolculuguna-ugurlaniyor\/"},"author":{"name":"Kuzeyin Sesi","@id":"https:\/\/kuzeyinsesi.org\/#\/schema\/person\/9f859689cdf01485597712386e37f5aa"},"headline":"\u0130srail askerlerince katledilen Ay\u015fenur Ezgi Eygi son yolculu\u011funa u\u011furlan\u0131yor","datePublished":"2024-09-14T13:18:19+00:00","mainEntityOfPage":{"@id":"https:\/\/kuzeyinsesi.org\/index.php\/2024\/09\/14\/israil-askerlerince-katledilen-aysenur-ezgi-eygi-son-yolculuguna-ugurlaniyor\/"},"wordCount":353,"commentCount":0,"image":{"@id":"https:\/\/kuzeyinsesi.org\/index.php\/2024\/09\/14\/israil-askerlerince-katledilen-aysenur-ezgi-eygi-son-yolculuguna-ugurlaniyor\/#primaryimage"},"thumbnailUrl":"https:\/\/kuzeyinsesi.org\/wp-content\/uploads\/2024\/09\/d6.jpg","articleSection":["T\u00fcrkiye"],"inLanguage":"tr","potentialAction":[{"@type":"CommentAction","name":"Comment","target":["https:\/\/kuzeyinsesi.org\/index.php\/2024\/09\/14\/israil-askerlerince-katledilen-aysenur-ezgi-eygi-son-yolculuguna-ugurlaniyor\/#respond"]}]},{"@type":"WebPage","@id":"https:\/\/kuzeyinsesi.org\/index.php\/2024\/09\/14\/israil-askerlerince-katledilen-aysenur-ezgi-eygi-son-yolculuguna-ugurlaniyor\/","url":"https:\/\/kuzeyinsesi.org\/index.php\/2024\/09\/14\/israil-askerlerince-katledilen-aysenur-ezgi-eygi-son-yolculuguna-ugurlaniyor\/","name":"\u0130srail askerlerince katledilen Ay\u015fenur Ezgi Eygi son yolculu\u011funa u\u011furlan\u0131yor - Kuzeyin Sesi","isPartOf":{"@id":"https:\/\/kuzeyinsesi.org\/#website"},"primaryImageOfPage":{"@id":"https:\/\/kuzeyinsesi.org\/index.php\/2024\/09\/14\/israil-askerlerince-katledilen-aysenur-ezgi-eygi-son-yolculuguna-ugurlaniyor\/#primaryimage"},"image":{"@id":"https:\/\/kuzeyinsesi.org\/index.php\/2024\/09\/14\/israil-askerlerince-katledilen-aysenur-ezgi-eygi-son-yolculuguna-ugurlaniyor\/#primaryimage"},"thumbnailUrl":"https:\/\/kuzeyinsesi.org\/wp-content\/uploads\/2024\/09\/d6.jpg","datePublished":"2024-09-14T13:18:19+00:00","author":{"@id":"https:\/\/kuzeyinsesi.org\/#\/schema\/person\/9f859689cdf01485597712386e37f5aa"},"breadcrumb":{"@id":"https:\/\/kuzeyinsesi.org\/index.php\/2024\/09\/14\/israil-askerlerince-katledilen-aysenur-ezgi-eygi-son-yolculuguna-ugurlaniyor\/#breadcrumb"},"inLanguage":"tr","potentialAction":[{"@type":"ReadAction","target":["https:\/\/kuzeyinsesi.org\/index.php\/2024\/09\/14\/israil-askerlerince-katledilen-aysenur-ezgi-eygi-son-yolculuguna-ugurlaniyor\/"]}]},{"@type":"ImageObject","inLanguage":"tr","@id":"https:\/\/kuzeyinsesi.org\/index.php\/2024\/09\/14\/israil-askerlerince-katledilen-aysenur-ezgi-eygi-son-yolculuguna-ugurlaniyor\/#primaryimage","url":"https:\/\/kuzeyinsesi.org\/wp-content\/uploads\/2024\/09\/d6.jpg","contentUrl":"https:\/\/kuzeyinsesi.org\/wp-content\/uploads\/2024\/09\/d6.jpg","width":864,"height":486},{"@type":"BreadcrumbList","@id":"https:\/\/kuzeyinsesi.org\/index.php\/2024\/09\/14\/israil-askerlerince-katledilen-aysenur-ezgi-eygi-son-yolculuguna-ugurlaniyor\/#breadcrumb","itemListElement":[{"@type":"ListItem","position":1,"name":"Anasayfa","item":"https:\/\/kuzeyinsesi.org\/"},{"@type":"ListItem","position":2,"name":"\u0130srail askerlerince katledilen Ay\u015fenur Ezgi Eygi son yolculu\u011funa u\u011furlan\u0131yor"}]},{"@type":"WebSite","@id":"https:\/\/kuzeyinsesi.org\/#website","url":"https:\/\/kuzeyinsesi.org\/","name":"Kuzeyin Sesi","description":"Do\u011fru Haberin Adresi","potentialAction":[{"@type":"SearchAction","target":{"@type":"EntryPoint","urlTemplate":"https:\/\/kuzeyinsesi.org\/?s={search_term_string}"},"query-input":{"@type":"PropertyValueSpecification","valueRequired":true,"valueName":"search_term_string"}}],"inLanguage":"tr"},{"@type":"Person","@id":"https:\/\/kuzeyinsesi.org\/#\/schema\/person\/9f859689cdf01485597712386e37f5aa","name":"Kuzeyin Sesi","image":{"@type":"ImageObject","inLanguage":"tr","@id":"https:\/\/secure.gravatar.com\/avatar\/bab33852abfd8b282518d6ed81826833d77c3c882d9ab608add591ccace47a44?s=96&d=mm&r=g","url":"https:\/\/secure.gravatar.com\/avatar\/bab33852abfd8b282518d6ed81826833d77c3c882d9ab608add591ccace47a44?s=96&d=mm&r=g","contentUrl":"https:\/\/secure.gravatar.com\/avatar\/bab33852abfd8b282518d6ed81826833d77c3c882d9ab608add591ccace47a44?s=96&d=mm&r=g","caption":"Kuzeyin Sesi"},"sameAs":["https:\/\/kuzeyinsesi.org"],"url":"https:\/\/kuzeyinsesi.org\/index.php\/author\/guven\/"}]}},"_links":{"self":[{"href":"https:\/\/kuzeyinsesi.org\/index.php\/wp-json\/wp\/v2\/posts\/9719","targetHints":{"allow":["GET"]}}],"collection":[{"href":"https:\/\/kuzeyinsesi.org\/index.php\/wp-json\/wp\/v2\/posts"}],"about":[{"href":"https:\/\/kuzeyinsesi.org\/index.php\/wp-json\/wp\/v2\/types\/post"}],"author":[{"embeddable":true,"href":"https:\/\/kuzeyinsesi.org\/index.php\/wp-json\/wp\/v2\/users\/1"}],"replies":[{"embeddable":true,"href":"https:\/\/kuzeyinsesi.org\/index.php\/wp-json\/wp\/v2\/comments?post=9719"}],"version-history":[{"count":0,"href":"https:\/\/kuzeyinsesi.org\/index.php\/wp-json\/wp\/v2\/posts\/9719\/revisions"}],"wp:featuredmedia":[{"embeddable":true,"href":"https:\/\/kuzeyinsesi.org\/index.php\/wp-json\/wp\/v2\/media\/9720"}],"wp:attachment":[{"href":"https:\/\/kuzeyinsesi.org\/index.php\/wp-json\/wp\/v2\/media?parent=9719"}],"wp:term":[{"taxonomy":"category","embeddable":true,"href":"https:\/\/kuzeyinsesi.org\/index.php\/wp-json\/wp\/v2\/categories?post=9719"},{"taxonomy":"post_tag","embeddable":true,"href":"https:\/\/kuzeyinsesi.org\/index.php\/wp-json\/wp\/v2\/tags?post=9719"}],"curies":[{"name":"wp","href":"https:\/\/api.w.org\/{rel}","templated":true}]}}