{"id":9703,"date":"2024-09-14T10:14:52","date_gmt":"2024-09-14T07:14:52","guid":{"rendered":"https:\/\/kuzeyinsesi.org\/index.php\/2024\/09\/14\/narin-guran-sorusturmasi-kapsaminda-15-yasindaki-supheli-tutuklandi\/"},"modified":"2024-09-14T10:14:52","modified_gmt":"2024-09-14T07:14:52","slug":"narin-guran-sorusturmasi-kapsaminda-15-yasindaki-supheli-tutuklandi","status":"publish","type":"post","link":"https:\/\/kuzeyinsesi.org\/index.php\/2024\/09\/14\/narin-guran-sorusturmasi-kapsaminda-15-yasindaki-supheli-tutuklandi\/","title":{"rendered":"Narin G\u00fcran soru\u015fturmas\u0131 kapsam\u0131nda 15 ya\u015f\u0131ndaki \u015f\u00fcpheli tutukland\u0131"},"content":{"rendered":"<div>\n<div class=\"mariselle-image-container center\">\n                                            <\/div>\n<p>Diyarbak\u0131r\u2019da 8 ya\u015f\u0131ndaki Narin G\u00fcran\u2019\u0131n \u00f6ld\u00fcr\u00fclmesiyle ilgili soru\u015fturma kapsam\u0131nda adli kontrol \u015fart\u0131yla serbest b\u0131rak\u0131lan ve yeniden g\u00f6zalt\u0131na al\u0131nan 15 ya\u015f\u0131ndaki \u015f\u00fcpheli tutukland\u0131.<\/p>\n<p>Merkez Ba\u011flar il\u00e7esinin Tav\u015fantepe Mahallesi\u2019nde 21 A\u011fustos\u2019ta kaybolan ve 8 Eyl\u00fcl\u2019de E\u011fertutmaz Deresi\u2019nde cans\u0131z bedenine ula\u015f\u0131lan Narin G\u00fcran\u2019\u0131n \u00f6ld\u00fcr\u00fclmesine ili\u015fkin Diyarbak\u0131r Cumhuriyet Ba\u015fsavc\u0131l\u0131\u011f\u0131nca y\u00fcr\u00fct\u00fclen soru\u015fturma s\u00fcr\u00fcyor.<\/p>\n<p>Soru\u015fturma kapsam\u0131nda d\u00fcn tutuklama talebiyle n\u00f6bet\u00e7i sulh ceza hakimli\u011fine sevk edilen ve adli kontrol \u015fart\u0131yla serbest b\u0131rak\u0131ld\u0131ktan sonra savc\u0131l\u0131\u011f\u0131n talebi \u00fczerine yeniden g\u00f6zalt\u0131na al\u0131nan R.A\u2019n\u0131n jandarmadaki i\u015flemleri tamamland\u0131.<\/p>\n<p>Diyarbak\u0131r Adliyesi\u2019ne sevk edilen ve Narin G\u00fcran\u2019\u0131n amcas\u0131 Salim G\u00fcran\u2019\u0131n i\u015f\u00e7isi oldu\u011fu \u00f6\u011frenilen R.A, savc\u0131l\u0131ktaki sorgusunun ard\u0131ndan \u00e7\u0131kar\u0131ld\u0131\u011f\u0131 n\u00f6bet\u00e7i sulh ceza hakimli\u011fince tutukland\u0131.<\/p>\n<p>Soru\u015fturma kapsam\u0131nda tutuklu say\u0131s\u0131 11\u2019e y\u00fckseldi.<\/p>\n<p>-Amca Salim G\u00fcran\u2019\u0131n yeniden ifadesi al\u0131nd\u0131<br \/>\u00d6te yandan Narin G\u00fcran\u2019\u0131n \u00f6ld\u00fcr\u00fclmesiyle ilgili soru\u015fturma kapsam\u0131nda tutuklu olan Salim G\u00fcran\u2019\u0131n (46) yeniden ifadesi al\u0131nd\u0131.<\/p>\n<p>Soru\u015fturma kapsam\u0131nda, 2 Eyl\u00fcl\u2019de tutuklanan amca Salim G\u00fcran\u2019\u0131n cezaevinden getirildi\u011fi Diyarbak\u0131r Adliyesi\u2019nde soru\u015fturmay\u0131 y\u00fcr\u00fcten 3 savc\u0131 taraf\u0131ndan ifadesi al\u0131nd\u0131.<\/p>\n<p>\u0130\u015flemlerinin tamamlanmas\u0131n\u0131n ard\u0131ndan G\u00fcran, cezaevine g\u00f6t\u00fcr\u00fcld\u00fc.<\/p>\n<p>G\u00fcran, savc\u0131l\u0131kta, olay g\u00fcn\u00fc yapt\u0131klar\u0131na ili\u015fkin daha \u00f6nce jandarma ve savc\u0131l\u0131kta verdi\u011fi ifadeleri tekrarlad\u0131, kendisine y\u00f6neltilen su\u00e7lamalar\u0131 reddetti.<\/p>\n<p>Arac\u0131na farkl\u0131 \u00e7ocuklar\u0131n bindi\u011fini savunan G\u00fcran, \u201cSadece Narin\u2019in DNA\u2019s\u0131n\u0131n \u00e7\u0131kt\u0131\u011f\u0131na ili\u015fkin herhangi bir diyece\u011fim yoktur.\u201d dedi.<\/p>\n<p>Soru\u015fturma kapsam\u0131nda tutuklanan Mehmet Selim Atasoy\u2019un olay g\u00fcn\u00fc tarlada k\u0131zlar\u0131n\u0131n olmad\u0131\u011f\u0131n\u0131, sadece o\u011flu ve kendisinin oldu\u011funu belirtti\u011finin aktar\u0131lmas\u0131 ve \u201colaydan 2 g\u00fcn \u00f6nce Salim\u2019in k\u0131zlar\u0131n\u0131 k\u00f6ydeki evine g\u00f6t\u00fcrd\u00fc\u011f\u00fc\u201d y\u00f6n\u00fcndeki beyanlar\u0131n\u0131n sorulmas\u0131 \u00fczerine G\u00fcran, \u015funlar\u0131 kaydetti:<\/p>\n<p>\u201cBu beyan\u0131 kabul etmiyorum. Olay g\u00fcn\u00fc k\u0131zlar\u0131 da tarladayd\u0131. K\u0131zlar\u0131n\u0131 ben olay g\u00fcn\u00fc eve g\u00f6t\u00fcrd\u00fcm. 20.00 s\u0131ralar\u0131nda bana telefon geldi ve \u2018Narin kay\u0131pt\u0131r.\u2019 dediler. Beni arayan k\u0131z\u0131m Gizem\u2019di. K\u00f6y\u00fcn i\u00e7ine arabayla gitti\u011fimde b\u00fct\u00fcn k\u00f6y kap\u0131dayd\u0131. Ben telefonla jandarma komutan\u0131n\u0131 aray\u0131p \u2018Karde\u015fimin k\u0131z\u0131 kay\u0131pt\u0131r.\u2019 dedim. Y\u00fcr\u00fcyerek aramaya kat\u0131ld\u0131m. Sabaha kadar arama yapt\u0131k.\u201d<\/p>\n<p>G\u00fcran, \u201c18.59\u2019da okulun \u00f6n\u00fcnden ge\u00e7ti\u011finin kamera kay\u0131tlar\u0131ndan tespit edildi\u011fi\u201dnin belirtilmesi \u00fczerine, o yolu kulland\u0131\u011f\u0131n\u0131 aktard\u0131.<\/p>\n<p>\u201cMehmet Selim Atasoy telefonla aray\u0131p, \u2018Yolda ileri geri giden \u015f\u00fcpheli bir ara\u00e7 var\u2019 demesinin \u00fczerine hemen M\u2019yi H\u00fcseyin amcas\u0131n\u0131n evinin \u00f6n\u00fcnde b\u0131rak\u0131p h\u0131zl\u0131ca \u015f\u00fcpheli arac\u0131n oldu\u011fu yere do\u011fru gittim. S\u00f6z konusu kameran\u0131n \u00f6n\u00fcnden ge\u00e7me nedenim de budur.\u201d diyen G\u00fcran, olay g\u00fcn\u00fc, tutuklu Nevzat Bahtiyar ile saat 15.08\u2019de yapt\u0131\u011f\u0131 g\u00f6r\u00fc\u015fmenin i\u00e7eri\u011finin i\u00e7me suyu oldu\u011funu iddia etti.<\/p>\n<p>Savc\u0131l\u0131\u011f\u0131n, \u201cSizden ele ge\u00e7irilen cep telefonuna ili\u015fkin yap\u0131lan Dijital Materyal \u0130nceleme Raporu\u2019nda 23 A\u011fustos g\u00fcn\u00fcnden \u00f6nceki t\u00fcm normal arama ve whatsApp arama kay\u0131tlar\u0131n\u0131 sildi\u011finiz anla\u015f\u0131lm\u0131\u015ft\u0131r. Neden arama kay\u0131tlar\u0131n\u0131 silme ihtiyac\u0131 duydunuz?\u201d sorusu \u00fczerine G\u00fcran, \u201cS\u00fcrekli telefonumda bulunan dijital verileri siliyorum. Narin\u2019in \u00f6l\u00fcm\u00fcne ili\u015fkin herhangi bir delili yok etme amac\u0131 ta\u015f\u0131m\u0131yorum.\u201d ifadelerini kulland\u0131.<\/p>\n<p>\u201cSizin ailenin bir\u00e7ok \u00fcyesinin 21 A\u011fustos g\u00fcn\u00fcne ili\u015fkin telefonunda bulunan arama, mesajla\u015fma, whatsApp kay\u0131tlar\u0131n\u0131 sildikleri tespit edilmi\u015ftir. Neden b\u00f6yle bir \u015fey yapma ihtiyac\u0131 hissetmi\u015flerdir?\u201d sorusu \u00fczerine G\u00fcran, aile \u00fcyelerinin neden bu verileri sildiklerini bilmedi\u011fini ileri s\u00fcrd\u00fc.<\/p>\n<p>Soru\u015fturma kapsam\u0131nda tutuklanan Nevzat Bahtiyar\u2019\u0131 tan\u0131d\u0131\u011f\u0131n\u0131 aktaran G\u00fcran, ifadesine \u015f\u00f6yle devam etti:<\/p>\n<p>\u201cNevzat Bahtiyar\u2019\u0131n aleyhime s\u00f6ylemi\u015f oldu\u011fu t\u00fcm hususlar yaland\u0131r. Kesinlikle olay g\u00fcn\u00fc Nevzat\u2019a seslenmedim. Onu 15.00-16.00 saatleri aras\u0131nda kesinlikle g\u00f6rmedim. Sadece saat 20.00\u2019den sonra k\u00f6y\u00fcn i\u00e7ine evime do\u011fru ilerlerken bir kalabal\u0131\u011f\u0131n i\u00e7erisinde g\u00f6rd\u00fcm. Bu beyanlar\u0131n\u0131 kabul etmiyorum. Ye\u011fenim Narin\u2019i \u00f6ld\u00fcrerek cesedini arabama y\u00fckledikten sonra kendisine teslim etmedim.\u201d<\/p>\n<p>\u201cOlay g\u00fcn\u00fc Nevzat Bahtiyar\u2019\u0131n sizi arad\u0131\u011f\u0131nda tarlada oldu\u011funuzu ve devam\u0131ndaki s\u00fcre\u00e7te saat 20.00\u2019ye kadar Nevzat Bahtiyar ile hi\u00e7 g\u00f6r\u00fc\u015fmedi\u011finizi s\u00f6ylemenize kar\u015f\u0131n al\u0131nan HTS analizlerinde olay g\u00fcn\u00fc saat 15.21 ile 15.46 saatleri aras\u0131nda Nevzat Bahtiyar\u2019\u0131n beyan\u0131 ile uyumlu birlikte oldu\u011funuz anla\u015f\u0131lm\u0131\u015ft\u0131r. Bu \u00e7eli\u015fkiye ili\u015fkin beyan\u0131n\u0131z nedir?\u201d sorusunu G\u00fcran, \u201cKesinlikle olay g\u00fcn\u00fc Nevzat Bahtiyar ile g\u00f6r\u00fc\u015fmedim. Baz analizleri yanl\u0131\u015ft\u0131r. Bu hususu da kabul etmiyorum.\u201d \u015feklinde yan\u0131tlad\u0131.<\/p>\n<p>Olay g\u00fcn\u00fc, tutuklu Mehmet Selim Atasoy\u2019un o\u011flu R.A. ile farkl\u0131 saatlerde yapt\u0131\u011f\u0131 telefon g\u00f6r\u00fc\u015fmeleri de sorulan Salim G\u00fcran, tarla ile ilgili konular konu\u015fmu\u015f olabileceklerini, konu\u015fmalar\u0131n i\u00e7eri\u011fini hat\u0131rlamad\u0131\u011f\u0131n\u0131 s\u00f6yledi. R.A. ile saat 18.37, 18.42, 18.51 ve 18.54\u2019te yapt\u0131\u011f\u0131 g\u00f6r\u00fc\u015fmenin i\u00e7eri\u011fi de sorulan Salim G\u00fcran, konu\u015fmalar\u0131n \u201c\u015f\u00fcpheli\u201d olarak de\u011ferlendirdikleri beyaz ara\u00e7la ilgili oldu\u011funu iddia etti.<\/p>\n<p>\u201cMehmet Selim Atasoy\u2019un sizi aramas\u0131 \u00fczerine okulun \u00f6n\u00fcnden ge\u00e7erek beyaz renkli arabay\u0131 kontrol etmeye gitti\u011finizi beyan ettiniz. HTS incelemelerinde Mehmet Selim Atasoy\u2019un sizi 18.27\u2019de arad\u0131\u011f\u0131, ancak 18.59\u2019da okulun \u00f6n\u00fcnden ge\u00e7ti\u011finiz kamera g\u00f6r\u00fcnt\u00fcleri ile sabit oldu\u011fu, ayr\u0131ca R.A. ile 18.37-18.54 aras\u0131nda yapm\u0131\u015f oldu\u011funuz 4 g\u00f6r\u00fc\u015fmenin araba ve tarlaya ili\u015fkin oldu\u011funu ve arabay\u0131 kontrol etti\u011finiz noktada ger\u00e7ekle\u015fti\u011fini, sonras\u0131nda tarlaya ve sondaj\u0131n oldu\u011fu yere gitti\u011finizi beyan ettiniz. Bu durum okul kameras\u0131 \u00f6n\u00fcnden 18.59\u2019da ge\u00e7ti\u011finiz sabit oldu\u011fu hususu ile \u00e7eli\u015fmektedir.\u201d denilerek, s\u00f6yleyeceklerinin sorulmas\u0131 \u00fczerine Salim G\u00fcran, bu hususta s\u00f6yleyece\u011fi bir \u015fey olmad\u0131\u011f\u0131n\u0131 kaydetti.<\/p>\n<\/p><\/div>\n<p><script async\n                    defer\n                    crossorigin=\"anonymous\"\n                    src=\"https:\/\/connect.facebook.net\/tr_TR\/sdk.js#xfbml=1&#038;version=v3.3\"\n            ><\/script><\/p>\n","protected":false},"excerpt":{"rendered":"<p>Diyarbak\u0131r\u2019da 8 ya\u015f\u0131ndaki Narin G\u00fcran\u2019\u0131n \u00f6ld\u00fcr\u00fclmesiyle ilgili soru\u015fturma kapsam\u0131nda adli kontrol \u015fart\u0131yla serbest b\u0131rak\u0131lan ve yeniden g\u00f6zalt\u0131na al\u0131nan 15 ya\u015f\u0131ndaki \u015f\u00fcpheli tutukland\u0131. Merkez Ba\u011flar il\u00e7esinin Tav\u015fantepe Mahallesi\u2019nde 21 A\u011fustos\u2019ta kaybolan ve 8 Eyl\u00fcl\u2019de E\u011fertutmaz Deresi\u2019nde cans\u0131z bedenine ula\u015f\u0131lan Narin G\u00fcran\u2019\u0131n \u00f6ld\u00fcr\u00fclmesine ili\u015fkin Diyarbak\u0131r Cumhuriyet Ba\u015fsavc\u0131l\u0131\u011f\u0131nca y\u00fcr\u00fct\u00fclen soru\u015fturma s\u00fcr\u00fcyor. Soru\u015fturma kapsam\u0131nda d\u00fcn tutuklama talebiyle n\u00f6bet\u00e7i sulh [&hellip;]<\/p>\n","protected":false},"author":1,"featured_media":9704,"comment_status":"open","ping_status":"open","sticky":false,"template":"","format":"standard","meta":{"jnews-multi-image_gallery":[],"jnews_single_post":[],"jnews_primary_category":[],"jnews_social_meta":[],"jnews_override_counter":[],"footnotes":""},"categories":[5],"tags":[],"class_list":["post-9703","post","type-post","status-publish","format-standard","has-post-thumbnail","hentry","category-turkiye"],"yoast_head":"<!-- This site is optimized with the Yoast SEO plugin v27.4 - https:\/\/yoast.com\/product\/yoast-seo-wordpress\/ -->\n<title>Narin G\u00fcran soru\u015fturmas\u0131 kapsam\u0131nda 15 ya\u015f\u0131ndaki \u015f\u00fcpheli tutukland\u0131 - Kuzeyin Sesi<\/title>\n<meta name=\"robots\" content=\"index, follow, max-snippet:-1, max-image-preview:large, max-video-preview:-1\" \/>\n<link rel=\"canonical\" href=\"https:\/\/kuzeyinsesi.org\/index.php\/2024\/09\/14\/narin-guran-sorusturmasi-kapsaminda-15-yasindaki-supheli-tutuklandi\/\" \/>\n<meta property=\"og:locale\" content=\"tr_TR\" \/>\n<meta property=\"og:type\" content=\"article\" \/>\n<meta property=\"og:title\" content=\"Narin G\u00fcran soru\u015fturmas\u0131 kapsam\u0131nda 15 ya\u015f\u0131ndaki \u015f\u00fcpheli tutukland\u0131 - Kuzeyin Sesi\" \/>\n<meta property=\"og:description\" content=\"Diyarbak\u0131r\u2019da 8 ya\u015f\u0131ndaki Narin G\u00fcran\u2019\u0131n \u00f6ld\u00fcr\u00fclmesiyle ilgili soru\u015fturma kapsam\u0131nda adli kontrol \u015fart\u0131yla serbest b\u0131rak\u0131lan ve yeniden g\u00f6zalt\u0131na al\u0131nan 15 ya\u015f\u0131ndaki \u015f\u00fcpheli tutukland\u0131. Merkez Ba\u011flar il\u00e7esinin Tav\u015fantepe Mahallesi\u2019nde 21 A\u011fustos\u2019ta kaybolan ve 8 Eyl\u00fcl\u2019de E\u011fertutmaz Deresi\u2019nde cans\u0131z bedenine ula\u015f\u0131lan Narin G\u00fcran\u2019\u0131n \u00f6ld\u00fcr\u00fclmesine ili\u015fkin Diyarbak\u0131r Cumhuriyet Ba\u015fsavc\u0131l\u0131\u011f\u0131nca y\u00fcr\u00fct\u00fclen soru\u015fturma s\u00fcr\u00fcyor. Soru\u015fturma kapsam\u0131nda d\u00fcn tutuklama talebiyle n\u00f6bet\u00e7i sulh [&hellip;]\" \/>\n<meta property=\"og:url\" content=\"https:\/\/kuzeyinsesi.org\/index.php\/2024\/09\/14\/narin-guran-sorusturmasi-kapsaminda-15-yasindaki-supheli-tutuklandi\/\" \/>\n<meta property=\"og:site_name\" content=\"Kuzeyin Sesi\" \/>\n<meta property=\"article:publisher\" content=\"https:\/\/www.facebook.com\/kuzeyinsesii\" \/>\n<meta property=\"article:published_time\" content=\"2024-09-14T07:14:52+00:00\" \/>\n<meta property=\"og:image\" content=\"https:\/\/brtk.net\/wp-content\/uploads\/2024\/09\/13\/kl-scaled.jpg?ver=7643226ad6f42e4da3f69a4e3f93a3e5\" \/>\n<meta name=\"author\" content=\"Kuzeyin Sesi\" \/>\n<meta name=\"twitter:card\" content=\"summary_large_image\" \/>\n<meta name=\"twitter:creator\" content=\"@kuzeyinsesii\" \/>\n<meta name=\"twitter:site\" content=\"@kuzeyinsesii\" \/>\n<meta name=\"twitter:label1\" content=\"Yazan:\" \/>\n\t<meta name=\"twitter:data1\" content=\"Kuzeyin Sesi\" \/>\n\t<meta name=\"twitter:label2\" content=\"Tahmini okuma s\u00fcresi\" \/>\n\t<meta name=\"twitter:data2\" content=\"5 dakika\" \/>\n<script type=\"application\/ld+json\" class=\"yoast-schema-graph\">{\"@context\":\"https:\\\/\\\/schema.org\",\"@graph\":[{\"@type\":\"Article\",\"@id\":\"https:\\\/\\\/kuzeyinsesi.org\\\/index.php\\\/2024\\\/09\\\/14\\\/narin-guran-sorusturmasi-kapsaminda-15-yasindaki-supheli-tutuklandi\\\/#article\",\"isPartOf\":{\"@id\":\"https:\\\/\\\/kuzeyinsesi.org\\\/index.php\\\/2024\\\/09\\\/14\\\/narin-guran-sorusturmasi-kapsaminda-15-yasindaki-supheli-tutuklandi\\\/\"},\"author\":{\"name\":\"Kuzeyin Sesi\",\"@id\":\"https:\\\/\\\/kuzeyinsesi.org\\\/#\\\/schema\\\/person\\\/9f859689cdf01485597712386e37f5aa\"},\"headline\":\"Narin G\u00fcran soru\u015fturmas\u0131 kapsam\u0131nda 15 ya\u015f\u0131ndaki \u015f\u00fcpheli tutukland\u0131\",\"datePublished\":\"2024-09-14T07:14:52+00:00\",\"mainEntityOfPage\":{\"@id\":\"https:\\\/\\\/kuzeyinsesi.org\\\/index.php\\\/2024\\\/09\\\/14\\\/narin-guran-sorusturmasi-kapsaminda-15-yasindaki-supheli-tutuklandi\\\/\"},\"wordCount\":1080,\"commentCount\":0,\"image\":{\"@id\":\"https:\\\/\\\/kuzeyinsesi.org\\\/index.php\\\/2024\\\/09\\\/14\\\/narin-guran-sorusturmasi-kapsaminda-15-yasindaki-supheli-tutuklandi\\\/#primaryimage\"},\"thumbnailUrl\":\"https:\\\/\\\/kuzeyinsesi.org\\\/wp-content\\\/uploads\\\/2024\\\/09\\\/1726298112_narinnnn.jpg\",\"articleSection\":[\"T\u00fcrkiye\"],\"inLanguage\":\"tr\",\"potentialAction\":[{\"@type\":\"CommentAction\",\"name\":\"Comment\",\"target\":[\"https:\\\/\\\/kuzeyinsesi.org\\\/index.php\\\/2024\\\/09\\\/14\\\/narin-guran-sorusturmasi-kapsaminda-15-yasindaki-supheli-tutuklandi\\\/#respond\"]}]},{\"@type\":\"WebPage\",\"@id\":\"https:\\\/\\\/kuzeyinsesi.org\\\/index.php\\\/2024\\\/09\\\/14\\\/narin-guran-sorusturmasi-kapsaminda-15-yasindaki-supheli-tutuklandi\\\/\",\"url\":\"https:\\\/\\\/kuzeyinsesi.org\\\/index.php\\\/2024\\\/09\\\/14\\\/narin-guran-sorusturmasi-kapsaminda-15-yasindaki-supheli-tutuklandi\\\/\",\"name\":\"Narin G\u00fcran soru\u015fturmas\u0131 kapsam\u0131nda 15 ya\u015f\u0131ndaki \u015f\u00fcpheli tutukland\u0131 - Kuzeyin Sesi\",\"isPartOf\":{\"@id\":\"https:\\\/\\\/kuzeyinsesi.org\\\/#website\"},\"primaryImageOfPage\":{\"@id\":\"https:\\\/\\\/kuzeyinsesi.org\\\/index.php\\\/2024\\\/09\\\/14\\\/narin-guran-sorusturmasi-kapsaminda-15-yasindaki-supheli-tutuklandi\\\/#primaryimage\"},\"image\":{\"@id\":\"https:\\\/\\\/kuzeyinsesi.org\\\/index.php\\\/2024\\\/09\\\/14\\\/narin-guran-sorusturmasi-kapsaminda-15-yasindaki-supheli-tutuklandi\\\/#primaryimage\"},\"thumbnailUrl\":\"https:\\\/\\\/kuzeyinsesi.org\\\/wp-content\\\/uploads\\\/2024\\\/09\\\/1726298112_narinnnn.jpg\",\"datePublished\":\"2024-09-14T07:14:52+00:00\",\"author\":{\"@id\":\"https:\\\/\\\/kuzeyinsesi.org\\\/#\\\/schema\\\/person\\\/9f859689cdf01485597712386e37f5aa\"},\"breadcrumb\":{\"@id\":\"https:\\\/\\\/kuzeyinsesi.org\\\/index.php\\\/2024\\\/09\\\/14\\\/narin-guran-sorusturmasi-kapsaminda-15-yasindaki-supheli-tutuklandi\\\/#breadcrumb\"},\"inLanguage\":\"tr\",\"potentialAction\":[{\"@type\":\"ReadAction\",\"target\":[\"https:\\\/\\\/kuzeyinsesi.org\\\/index.php\\\/2024\\\/09\\\/14\\\/narin-guran-sorusturmasi-kapsaminda-15-yasindaki-supheli-tutuklandi\\\/\"]}]},{\"@type\":\"ImageObject\",\"inLanguage\":\"tr\",\"@id\":\"https:\\\/\\\/kuzeyinsesi.org\\\/index.php\\\/2024\\\/09\\\/14\\\/narin-guran-sorusturmasi-kapsaminda-15-yasindaki-supheli-tutuklandi\\\/#primaryimage\",\"url\":\"https:\\\/\\\/kuzeyinsesi.org\\\/wp-content\\\/uploads\\\/2024\\\/09\\\/1726298112_narinnnn.jpg\",\"contentUrl\":\"https:\\\/\\\/kuzeyinsesi.org\\\/wp-content\\\/uploads\\\/2024\\\/09\\\/1726298112_narinnnn.jpg\",\"width\":2479,\"height\":1656},{\"@type\":\"BreadcrumbList\",\"@id\":\"https:\\\/\\\/kuzeyinsesi.org\\\/index.php\\\/2024\\\/09\\\/14\\\/narin-guran-sorusturmasi-kapsaminda-15-yasindaki-supheli-tutuklandi\\\/#breadcrumb\",\"itemListElement\":[{\"@type\":\"ListItem\",\"position\":1,\"name\":\"Anasayfa\",\"item\":\"https:\\\/\\\/kuzeyinsesi.org\\\/\"},{\"@type\":\"ListItem\",\"position\":2,\"name\":\"Narin G\u00fcran soru\u015fturmas\u0131 kapsam\u0131nda 15 ya\u015f\u0131ndaki \u015f\u00fcpheli tutukland\u0131\"}]},{\"@type\":\"WebSite\",\"@id\":\"https:\\\/\\\/kuzeyinsesi.org\\\/#website\",\"url\":\"https:\\\/\\\/kuzeyinsesi.org\\\/\",\"name\":\"Kuzeyin Sesi\",\"description\":\"Do\u011fru Haberin Adresi\",\"potentialAction\":[{\"@type\":\"SearchAction\",\"target\":{\"@type\":\"EntryPoint\",\"urlTemplate\":\"https:\\\/\\\/kuzeyinsesi.org\\\/?s={search_term_string}\"},\"query-input\":{\"@type\":\"PropertyValueSpecification\",\"valueRequired\":true,\"valueName\":\"search_term_string\"}}],\"inLanguage\":\"tr\"},{\"@type\":\"Person\",\"@id\":\"https:\\\/\\\/kuzeyinsesi.org\\\/#\\\/schema\\\/person\\\/9f859689cdf01485597712386e37f5aa\",\"name\":\"Kuzeyin Sesi\",\"image\":{\"@type\":\"ImageObject\",\"inLanguage\":\"tr\",\"@id\":\"https:\\\/\\\/secure.gravatar.com\\\/avatar\\\/bab33852abfd8b282518d6ed81826833d77c3c882d9ab608add591ccace47a44?s=96&d=mm&r=g\",\"url\":\"https:\\\/\\\/secure.gravatar.com\\\/avatar\\\/bab33852abfd8b282518d6ed81826833d77c3c882d9ab608add591ccace47a44?s=96&d=mm&r=g\",\"contentUrl\":\"https:\\\/\\\/secure.gravatar.com\\\/avatar\\\/bab33852abfd8b282518d6ed81826833d77c3c882d9ab608add591ccace47a44?s=96&d=mm&r=g\",\"caption\":\"Kuzeyin Sesi\"},\"sameAs\":[\"https:\\\/\\\/kuzeyinsesi.org\"],\"url\":\"https:\\\/\\\/kuzeyinsesi.org\\\/index.php\\\/author\\\/guven\\\/\"}]}<\/script>\n<!-- \/ Yoast SEO plugin. -->","yoast_head_json":{"title":"Narin G\u00fcran soru\u015fturmas\u0131 kapsam\u0131nda 15 ya\u015f\u0131ndaki \u015f\u00fcpheli tutukland\u0131 - Kuzeyin Sesi","robots":{"index":"index","follow":"follow","max-snippet":"max-snippet:-1","max-image-preview":"max-image-preview:large","max-video-preview":"max-video-preview:-1"},"canonical":"https:\/\/kuzeyinsesi.org\/index.php\/2024\/09\/14\/narin-guran-sorusturmasi-kapsaminda-15-yasindaki-supheli-tutuklandi\/","og_locale":"tr_TR","og_type":"article","og_title":"Narin G\u00fcran soru\u015fturmas\u0131 kapsam\u0131nda 15 ya\u015f\u0131ndaki \u015f\u00fcpheli tutukland\u0131 - Kuzeyin Sesi","og_description":"Diyarbak\u0131r\u2019da 8 ya\u015f\u0131ndaki Narin G\u00fcran\u2019\u0131n \u00f6ld\u00fcr\u00fclmesiyle ilgili soru\u015fturma kapsam\u0131nda adli kontrol \u015fart\u0131yla serbest b\u0131rak\u0131lan ve yeniden g\u00f6zalt\u0131na al\u0131nan 15 ya\u015f\u0131ndaki \u015f\u00fcpheli tutukland\u0131. Merkez Ba\u011flar il\u00e7esinin Tav\u015fantepe Mahallesi\u2019nde 21 A\u011fustos\u2019ta kaybolan ve 8 Eyl\u00fcl\u2019de E\u011fertutmaz Deresi\u2019nde cans\u0131z bedenine ula\u015f\u0131lan Narin G\u00fcran\u2019\u0131n \u00f6ld\u00fcr\u00fclmesine ili\u015fkin Diyarbak\u0131r Cumhuriyet Ba\u015fsavc\u0131l\u0131\u011f\u0131nca y\u00fcr\u00fct\u00fclen soru\u015fturma s\u00fcr\u00fcyor. Soru\u015fturma kapsam\u0131nda d\u00fcn tutuklama talebiyle n\u00f6bet\u00e7i sulh [&hellip;]","og_url":"https:\/\/kuzeyinsesi.org\/index.php\/2024\/09\/14\/narin-guran-sorusturmasi-kapsaminda-15-yasindaki-supheli-tutuklandi\/","og_site_name":"Kuzeyin Sesi","article_publisher":"https:\/\/www.facebook.com\/kuzeyinsesii","article_published_time":"2024-09-14T07:14:52+00:00","og_image":[{"url":"https:\/\/brtk.net\/wp-content\/uploads\/2024\/09\/13\/kl-scaled.jpg?ver=7643226ad6f42e4da3f69a4e3f93a3e5","type":"","width":"","height":""}],"author":"Kuzeyin Sesi","twitter_card":"summary_large_image","twitter_creator":"@kuzeyinsesii","twitter_site":"@kuzeyinsesii","twitter_misc":{"Yazan:":"Kuzeyin Sesi","Tahmini okuma s\u00fcresi":"5 dakika"},"schema":{"@context":"https:\/\/schema.org","@graph":[{"@type":"Article","@id":"https:\/\/kuzeyinsesi.org\/index.php\/2024\/09\/14\/narin-guran-sorusturmasi-kapsaminda-15-yasindaki-supheli-tutuklandi\/#article","isPartOf":{"@id":"https:\/\/kuzeyinsesi.org\/index.php\/2024\/09\/14\/narin-guran-sorusturmasi-kapsaminda-15-yasindaki-supheli-tutuklandi\/"},"author":{"name":"Kuzeyin Sesi","@id":"https:\/\/kuzeyinsesi.org\/#\/schema\/person\/9f859689cdf01485597712386e37f5aa"},"headline":"Narin G\u00fcran soru\u015fturmas\u0131 kapsam\u0131nda 15 ya\u015f\u0131ndaki \u015f\u00fcpheli tutukland\u0131","datePublished":"2024-09-14T07:14:52+00:00","mainEntityOfPage":{"@id":"https:\/\/kuzeyinsesi.org\/index.php\/2024\/09\/14\/narin-guran-sorusturmasi-kapsaminda-15-yasindaki-supheli-tutuklandi\/"},"wordCount":1080,"commentCount":0,"image":{"@id":"https:\/\/kuzeyinsesi.org\/index.php\/2024\/09\/14\/narin-guran-sorusturmasi-kapsaminda-15-yasindaki-supheli-tutuklandi\/#primaryimage"},"thumbnailUrl":"https:\/\/kuzeyinsesi.org\/wp-content\/uploads\/2024\/09\/1726298112_narinnnn.jpg","articleSection":["T\u00fcrkiye"],"inLanguage":"tr","potentialAction":[{"@type":"CommentAction","name":"Comment","target":["https:\/\/kuzeyinsesi.org\/index.php\/2024\/09\/14\/narin-guran-sorusturmasi-kapsaminda-15-yasindaki-supheli-tutuklandi\/#respond"]}]},{"@type":"WebPage","@id":"https:\/\/kuzeyinsesi.org\/index.php\/2024\/09\/14\/narin-guran-sorusturmasi-kapsaminda-15-yasindaki-supheli-tutuklandi\/","url":"https:\/\/kuzeyinsesi.org\/index.php\/2024\/09\/14\/narin-guran-sorusturmasi-kapsaminda-15-yasindaki-supheli-tutuklandi\/","name":"Narin G\u00fcran soru\u015fturmas\u0131 kapsam\u0131nda 15 ya\u015f\u0131ndaki \u015f\u00fcpheli tutukland\u0131 - Kuzeyin Sesi","isPartOf":{"@id":"https:\/\/kuzeyinsesi.org\/#website"},"primaryImageOfPage":{"@id":"https:\/\/kuzeyinsesi.org\/index.php\/2024\/09\/14\/narin-guran-sorusturmasi-kapsaminda-15-yasindaki-supheli-tutuklandi\/#primaryimage"},"image":{"@id":"https:\/\/kuzeyinsesi.org\/index.php\/2024\/09\/14\/narin-guran-sorusturmasi-kapsaminda-15-yasindaki-supheli-tutuklandi\/#primaryimage"},"thumbnailUrl":"https:\/\/kuzeyinsesi.org\/wp-content\/uploads\/2024\/09\/1726298112_narinnnn.jpg","datePublished":"2024-09-14T07:14:52+00:00","author":{"@id":"https:\/\/kuzeyinsesi.org\/#\/schema\/person\/9f859689cdf01485597712386e37f5aa"},"breadcrumb":{"@id":"https:\/\/kuzeyinsesi.org\/index.php\/2024\/09\/14\/narin-guran-sorusturmasi-kapsaminda-15-yasindaki-supheli-tutuklandi\/#breadcrumb"},"inLanguage":"tr","potentialAction":[{"@type":"ReadAction","target":["https:\/\/kuzeyinsesi.org\/index.php\/2024\/09\/14\/narin-guran-sorusturmasi-kapsaminda-15-yasindaki-supheli-tutuklandi\/"]}]},{"@type":"ImageObject","inLanguage":"tr","@id":"https:\/\/kuzeyinsesi.org\/index.php\/2024\/09\/14\/narin-guran-sorusturmasi-kapsaminda-15-yasindaki-supheli-tutuklandi\/#primaryimage","url":"https:\/\/kuzeyinsesi.org\/wp-content\/uploads\/2024\/09\/1726298112_narinnnn.jpg","contentUrl":"https:\/\/kuzeyinsesi.org\/wp-content\/uploads\/2024\/09\/1726298112_narinnnn.jpg","width":2479,"height":1656},{"@type":"BreadcrumbList","@id":"https:\/\/kuzeyinsesi.org\/index.php\/2024\/09\/14\/narin-guran-sorusturmasi-kapsaminda-15-yasindaki-supheli-tutuklandi\/#breadcrumb","itemListElement":[{"@type":"ListItem","position":1,"name":"Anasayfa","item":"https:\/\/kuzeyinsesi.org\/"},{"@type":"ListItem","position":2,"name":"Narin G\u00fcran soru\u015fturmas\u0131 kapsam\u0131nda 15 ya\u015f\u0131ndaki \u015f\u00fcpheli tutukland\u0131"}]},{"@type":"WebSite","@id":"https:\/\/kuzeyinsesi.org\/#website","url":"https:\/\/kuzeyinsesi.org\/","name":"Kuzeyin Sesi","description":"Do\u011fru Haberin Adresi","potentialAction":[{"@type":"SearchAction","target":{"@type":"EntryPoint","urlTemplate":"https:\/\/kuzeyinsesi.org\/?s={search_term_string}"},"query-input":{"@type":"PropertyValueSpecification","valueRequired":true,"valueName":"search_term_string"}}],"inLanguage":"tr"},{"@type":"Person","@id":"https:\/\/kuzeyinsesi.org\/#\/schema\/person\/9f859689cdf01485597712386e37f5aa","name":"Kuzeyin Sesi","image":{"@type":"ImageObject","inLanguage":"tr","@id":"https:\/\/secure.gravatar.com\/avatar\/bab33852abfd8b282518d6ed81826833d77c3c882d9ab608add591ccace47a44?s=96&d=mm&r=g","url":"https:\/\/secure.gravatar.com\/avatar\/bab33852abfd8b282518d6ed81826833d77c3c882d9ab608add591ccace47a44?s=96&d=mm&r=g","contentUrl":"https:\/\/secure.gravatar.com\/avatar\/bab33852abfd8b282518d6ed81826833d77c3c882d9ab608add591ccace47a44?s=96&d=mm&r=g","caption":"Kuzeyin Sesi"},"sameAs":["https:\/\/kuzeyinsesi.org"],"url":"https:\/\/kuzeyinsesi.org\/index.php\/author\/guven\/"}]}},"_links":{"self":[{"href":"https:\/\/kuzeyinsesi.org\/index.php\/wp-json\/wp\/v2\/posts\/9703","targetHints":{"allow":["GET"]}}],"collection":[{"href":"https:\/\/kuzeyinsesi.org\/index.php\/wp-json\/wp\/v2\/posts"}],"about":[{"href":"https:\/\/kuzeyinsesi.org\/index.php\/wp-json\/wp\/v2\/types\/post"}],"author":[{"embeddable":true,"href":"https:\/\/kuzeyinsesi.org\/index.php\/wp-json\/wp\/v2\/users\/1"}],"replies":[{"embeddable":true,"href":"https:\/\/kuzeyinsesi.org\/index.php\/wp-json\/wp\/v2\/comments?post=9703"}],"version-history":[{"count":0,"href":"https:\/\/kuzeyinsesi.org\/index.php\/wp-json\/wp\/v2\/posts\/9703\/revisions"}],"wp:featuredmedia":[{"embeddable":true,"href":"https:\/\/kuzeyinsesi.org\/index.php\/wp-json\/wp\/v2\/media\/9704"}],"wp:attachment":[{"href":"https:\/\/kuzeyinsesi.org\/index.php\/wp-json\/wp\/v2\/media?parent=9703"}],"wp:term":[{"taxonomy":"category","embeddable":true,"href":"https:\/\/kuzeyinsesi.org\/index.php\/wp-json\/wp\/v2\/categories?post=9703"},{"taxonomy":"post_tag","embeddable":true,"href":"https:\/\/kuzeyinsesi.org\/index.php\/wp-json\/wp\/v2\/tags?post=9703"}],"curies":[{"name":"wp","href":"https:\/\/api.w.org\/{rel}","templated":true}]}}