{"id":9695,"date":"2024-09-13T21:26:10","date_gmt":"2024-09-13T18:26:10","guid":{"rendered":"https:\/\/kuzeyinsesi.org\/index.php\/2024\/09\/13\/iskele-belediyesinin-2-yaz-etkinlikleri-sona-erdi\/"},"modified":"2024-09-13T21:26:10","modified_gmt":"2024-09-13T18:26:10","slug":"iskele-belediyesinin-2-yaz-etkinlikleri-sona-erdi","status":"publish","type":"post","link":"https:\/\/kuzeyinsesi.org\/index.php\/2024\/09\/13\/iskele-belediyesinin-2-yaz-etkinlikleri-sona-erdi\/","title":{"rendered":"\u0130skele Belediyesi\u2019nin 2. Yaz Etkinlikleri sona erdi"},"content":{"rendered":"<div>\n<div class=\"mariselle-image-container center\">\n                                            <\/div>\n<p>\u0130skele Belediyesi\u2019nin bu y\u0131l 6-12 ya\u015f aras\u0131 \u00e7ocuklara y\u00f6nelik d\u00fczenledi\u011fi 2. Yaz Etkinlikleri sona erdi. \u0130skele Belediyesi\u2019nden yap\u0131lan a\u00e7\u0131klamaya g\u00f6re 5 A\u011fustos- 10 Eyl\u00fcl tarihleri aras\u0131nda ger\u00e7ekle\u015fen etkinliklerde, modern dans, m\u00fczik, satran\u00e7, halk danslar\u0131, k\u00fc\u00e7\u00fck \u015fefler at\u00f6lyesi, seramik ve kil yap\u0131m\u0131 workshoplar\u0131, sanat at\u00f6lyeleri gibi aktiviteler yap\u0131ld\u0131.<\/p>\n<p>Etkinliklerin tamamlanmas\u0131n\u0131n ard\u0131ndan, \u00e7ocuklar 10 Eyl\u00fcl Sal\u0131 g\u00fcn\u00fc e\u011fitmenleri ve refakat\u00e7ileri e\u015fli\u011finde Gazima\u011fusa\u2019da \u00f6zel olarak haz\u0131rlanan bir geziye kat\u0131ld\u0131. Gezinin ard\u0131ndan, 12 Eyl\u00fcl\u2019de \u0130skele Atat\u00fcrk K\u00fclt\u00fcr Merkezi\u2019nde d\u00fczenlenen t\u00f6rende \u00e7ocuklara kat\u0131l\u0131m belgeleri takdim edildi. T\u00f6rene \u0130skele Belediye Ba\u015fkan\u0131 Hasan Sad\u0131ko\u011flu da kat\u0131ld\u0131 ve \u00e7ocuklar\u0131 tebrik ederek, e\u011fitmenlere de te\u015fekk\u00fcrlerini iletti.<\/p>\n<\/p><\/div>\n<p><script async\n                    defer\n                    crossorigin=\"anonymous\"\n                    src=\"https:\/\/connect.facebook.net\/tr_TR\/sdk.js#xfbml=1&#038;version=v3.3\"\n            ><\/script><\/p>\n","protected":false},"excerpt":{"rendered":"<p>\u0130skele Belediyesi\u2019nin bu y\u0131l 6-12 ya\u015f aras\u0131 \u00e7ocuklara y\u00f6nelik d\u00fczenledi\u011fi 2. Yaz Etkinlikleri sona erdi. \u0130skele Belediyesi\u2019nden yap\u0131lan a\u00e7\u0131klamaya g\u00f6re 5 A\u011fustos- 10 Eyl\u00fcl tarihleri aras\u0131nda ger\u00e7ekle\u015fen etkinliklerde, modern dans, m\u00fczik, satran\u00e7, halk danslar\u0131, k\u00fc\u00e7\u00fck \u015fefler at\u00f6lyesi, seramik ve kil yap\u0131m\u0131 workshoplar\u0131, sanat at\u00f6lyeleri gibi aktiviteler yap\u0131ld\u0131. Etkinliklerin tamamlanmas\u0131n\u0131n ard\u0131ndan, \u00e7ocuklar 10 Eyl\u00fcl Sal\u0131 g\u00fcn\u00fc [&hellip;]<\/p>\n","protected":false},"author":1,"featured_media":9696,"comment_status":"open","ping_status":"open","sticky":false,"template":"","format":"standard","meta":{"jnews-multi-image_gallery":[],"jnews_single_post":[],"jnews_primary_category":[],"jnews_social_meta":[],"jnews_override_counter":[],"footnotes":""},"categories":[6],"tags":[],"class_list":["post-9695","post","type-post","status-publish","format-standard","has-post-thumbnail","hentry","category-yasam"],"yoast_head":"<!-- This site is optimized with the Yoast SEO plugin v27.5 - https:\/\/yoast.com\/product\/yoast-seo-wordpress\/ -->\n<title>\u0130skele Belediyesi\u2019nin 2. Yaz Etkinlikleri sona erdi - Kuzeyin Sesi<\/title>\n<meta name=\"robots\" content=\"index, follow, max-snippet:-1, max-image-preview:large, max-video-preview:-1\" \/>\n<link rel=\"canonical\" href=\"https:\/\/kuzeyinsesi.org\/index.php\/2024\/09\/13\/iskele-belediyesinin-2-yaz-etkinlikleri-sona-erdi\/\" \/>\n<meta property=\"og:locale\" content=\"tr_TR\" \/>\n<meta property=\"og:type\" content=\"article\" \/>\n<meta property=\"og:title\" content=\"\u0130skele Belediyesi\u2019nin 2. Yaz Etkinlikleri sona erdi - Kuzeyin Sesi\" \/>\n<meta property=\"og:description\" content=\"\u0130skele Belediyesi\u2019nin bu y\u0131l 6-12 ya\u015f aras\u0131 \u00e7ocuklara y\u00f6nelik d\u00fczenledi\u011fi 2. Yaz Etkinlikleri sona erdi. \u0130skele Belediyesi\u2019nden yap\u0131lan a\u00e7\u0131klamaya g\u00f6re 5 A\u011fustos- 10 Eyl\u00fcl tarihleri aras\u0131nda ger\u00e7ekle\u015fen etkinliklerde, modern dans, m\u00fczik, satran\u00e7, halk danslar\u0131, k\u00fc\u00e7\u00fck \u015fefler at\u00f6lyesi, seramik ve kil yap\u0131m\u0131 workshoplar\u0131, sanat at\u00f6lyeleri gibi aktiviteler yap\u0131ld\u0131. Etkinliklerin tamamlanmas\u0131n\u0131n ard\u0131ndan, \u00e7ocuklar 10 Eyl\u00fcl Sal\u0131 g\u00fcn\u00fc [&hellip;]\" \/>\n<meta property=\"og:url\" content=\"https:\/\/kuzeyinsesi.org\/index.php\/2024\/09\/13\/iskele-belediyesinin-2-yaz-etkinlikleri-sona-erdi\/\" \/>\n<meta property=\"og:site_name\" content=\"Kuzeyin Sesi\" \/>\n<meta property=\"article:publisher\" content=\"https:\/\/www.facebook.com\/kuzeyinsesii\" \/>\n<meta property=\"article:published_time\" content=\"2024-09-13T18:26:10+00:00\" \/>\n<meta property=\"og:image\" content=\"https:\/\/brtk.net\/wp-content\/uploads\/2024\/09\/13\/3131313131.jpg?ver=eb204b7874824784fa19af0d3cc94fe4\" \/>\n<meta name=\"author\" content=\"Kuzeyin Sesi\" \/>\n<meta name=\"twitter:card\" content=\"summary_large_image\" \/>\n<meta name=\"twitter:creator\" content=\"@kuzeyinsesii\" \/>\n<meta name=\"twitter:site\" content=\"@kuzeyinsesii\" \/>\n<meta name=\"twitter:label1\" content=\"Yazan:\" \/>\n\t<meta name=\"twitter:data1\" content=\"Kuzeyin Sesi\" \/>\n\t<meta name=\"twitter:label2\" content=\"Tahmini okuma s\u00fcresi\" \/>\n\t<meta name=\"twitter:data2\" content=\"1 dakika\" \/>\n<script type=\"application\/ld+json\" class=\"yoast-schema-graph\">{\"@context\":\"https:\\\/\\\/schema.org\",\"@graph\":[{\"@type\":\"Article\",\"@id\":\"https:\\\/\\\/kuzeyinsesi.org\\\/index.php\\\/2024\\\/09\\\/13\\\/iskele-belediyesinin-2-yaz-etkinlikleri-sona-erdi\\\/#article\",\"isPartOf\":{\"@id\":\"https:\\\/\\\/kuzeyinsesi.org\\\/index.php\\\/2024\\\/09\\\/13\\\/iskele-belediyesinin-2-yaz-etkinlikleri-sona-erdi\\\/\"},\"author\":{\"name\":\"Kuzeyin Sesi\",\"@id\":\"https:\\\/\\\/kuzeyinsesi.org\\\/#\\\/schema\\\/person\\\/9f859689cdf01485597712386e37f5aa\"},\"headline\":\"\u0130skele Belediyesi\u2019nin 2. Yaz Etkinlikleri sona erdi\",\"datePublished\":\"2024-09-13T18:26:10+00:00\",\"mainEntityOfPage\":{\"@id\":\"https:\\\/\\\/kuzeyinsesi.org\\\/index.php\\\/2024\\\/09\\\/13\\\/iskele-belediyesinin-2-yaz-etkinlikleri-sona-erdi\\\/\"},\"wordCount\":151,\"commentCount\":0,\"image\":{\"@id\":\"https:\\\/\\\/kuzeyinsesi.org\\\/index.php\\\/2024\\\/09\\\/13\\\/iskele-belediyesinin-2-yaz-etkinlikleri-sona-erdi\\\/#primaryimage\"},\"thumbnailUrl\":\"https:\\\/\\\/kuzeyinsesi.org\\\/wp-content\\\/uploads\\\/2024\\\/09\\\/3131313131.jpg\",\"articleSection\":[\"Ya\u015fam\"],\"inLanguage\":\"tr\",\"potentialAction\":[{\"@type\":\"CommentAction\",\"name\":\"Comment\",\"target\":[\"https:\\\/\\\/kuzeyinsesi.org\\\/index.php\\\/2024\\\/09\\\/13\\\/iskele-belediyesinin-2-yaz-etkinlikleri-sona-erdi\\\/#respond\"]}]},{\"@type\":\"WebPage\",\"@id\":\"https:\\\/\\\/kuzeyinsesi.org\\\/index.php\\\/2024\\\/09\\\/13\\\/iskele-belediyesinin-2-yaz-etkinlikleri-sona-erdi\\\/\",\"url\":\"https:\\\/\\\/kuzeyinsesi.org\\\/index.php\\\/2024\\\/09\\\/13\\\/iskele-belediyesinin-2-yaz-etkinlikleri-sona-erdi\\\/\",\"name\":\"\u0130skele Belediyesi\u2019nin 2. Yaz Etkinlikleri sona erdi - Kuzeyin Sesi\",\"isPartOf\":{\"@id\":\"https:\\\/\\\/kuzeyinsesi.org\\\/#website\"},\"primaryImageOfPage\":{\"@id\":\"https:\\\/\\\/kuzeyinsesi.org\\\/index.php\\\/2024\\\/09\\\/13\\\/iskele-belediyesinin-2-yaz-etkinlikleri-sona-erdi\\\/#primaryimage\"},\"image\":{\"@id\":\"https:\\\/\\\/kuzeyinsesi.org\\\/index.php\\\/2024\\\/09\\\/13\\\/iskele-belediyesinin-2-yaz-etkinlikleri-sona-erdi\\\/#primaryimage\"},\"thumbnailUrl\":\"https:\\\/\\\/kuzeyinsesi.org\\\/wp-content\\\/uploads\\\/2024\\\/09\\\/3131313131.jpg\",\"datePublished\":\"2024-09-13T18:26:10+00:00\",\"author\":{\"@id\":\"https:\\\/\\\/kuzeyinsesi.org\\\/#\\\/schema\\\/person\\\/9f859689cdf01485597712386e37f5aa\"},\"breadcrumb\":{\"@id\":\"https:\\\/\\\/kuzeyinsesi.org\\\/index.php\\\/2024\\\/09\\\/13\\\/iskele-belediyesinin-2-yaz-etkinlikleri-sona-erdi\\\/#breadcrumb\"},\"inLanguage\":\"tr\",\"potentialAction\":[{\"@type\":\"ReadAction\",\"target\":[\"https:\\\/\\\/kuzeyinsesi.org\\\/index.php\\\/2024\\\/09\\\/13\\\/iskele-belediyesinin-2-yaz-etkinlikleri-sona-erdi\\\/\"]}]},{\"@type\":\"ImageObject\",\"inLanguage\":\"tr\",\"@id\":\"https:\\\/\\\/kuzeyinsesi.org\\\/index.php\\\/2024\\\/09\\\/13\\\/iskele-belediyesinin-2-yaz-etkinlikleri-sona-erdi\\\/#primaryimage\",\"url\":\"https:\\\/\\\/kuzeyinsesi.org\\\/wp-content\\\/uploads\\\/2024\\\/09\\\/3131313131.jpg\",\"contentUrl\":\"https:\\\/\\\/kuzeyinsesi.org\\\/wp-content\\\/uploads\\\/2024\\\/09\\\/3131313131.jpg\",\"width\":1620,\"height\":786},{\"@type\":\"BreadcrumbList\",\"@id\":\"https:\\\/\\\/kuzeyinsesi.org\\\/index.php\\\/2024\\\/09\\\/13\\\/iskele-belediyesinin-2-yaz-etkinlikleri-sona-erdi\\\/#breadcrumb\",\"itemListElement\":[{\"@type\":\"ListItem\",\"position\":1,\"name\":\"Anasayfa\",\"item\":\"https:\\\/\\\/kuzeyinsesi.org\\\/\"},{\"@type\":\"ListItem\",\"position\":2,\"name\":\"\u0130skele Belediyesi\u2019nin 2. Yaz Etkinlikleri sona erdi\"}]},{\"@type\":\"WebSite\",\"@id\":\"https:\\\/\\\/kuzeyinsesi.org\\\/#website\",\"url\":\"https:\\\/\\\/kuzeyinsesi.org\\\/\",\"name\":\"Kuzeyin Sesi\",\"description\":\"Do\u011fru Haberin Adresi\",\"potentialAction\":[{\"@type\":\"SearchAction\",\"target\":{\"@type\":\"EntryPoint\",\"urlTemplate\":\"https:\\\/\\\/kuzeyinsesi.org\\\/?s={search_term_string}\"},\"query-input\":{\"@type\":\"PropertyValueSpecification\",\"valueRequired\":true,\"valueName\":\"search_term_string\"}}],\"inLanguage\":\"tr\"},{\"@type\":\"Person\",\"@id\":\"https:\\\/\\\/kuzeyinsesi.org\\\/#\\\/schema\\\/person\\\/9f859689cdf01485597712386e37f5aa\",\"name\":\"Kuzeyin Sesi\",\"image\":{\"@type\":\"ImageObject\",\"inLanguage\":\"tr\",\"@id\":\"https:\\\/\\\/secure.gravatar.com\\\/avatar\\\/bab33852abfd8b282518d6ed81826833d77c3c882d9ab608add591ccace47a44?s=96&d=mm&r=g\",\"url\":\"https:\\\/\\\/secure.gravatar.com\\\/avatar\\\/bab33852abfd8b282518d6ed81826833d77c3c882d9ab608add591ccace47a44?s=96&d=mm&r=g\",\"contentUrl\":\"https:\\\/\\\/secure.gravatar.com\\\/avatar\\\/bab33852abfd8b282518d6ed81826833d77c3c882d9ab608add591ccace47a44?s=96&d=mm&r=g\",\"caption\":\"Kuzeyin Sesi\"},\"sameAs\":[\"https:\\\/\\\/kuzeyinsesi.org\"],\"url\":\"https:\\\/\\\/kuzeyinsesi.org\\\/index.php\\\/author\\\/guven\\\/\"}]}<\/script>\n<!-- \/ Yoast SEO plugin. -->","yoast_head_json":{"title":"\u0130skele Belediyesi\u2019nin 2. Yaz Etkinlikleri sona erdi - Kuzeyin Sesi","robots":{"index":"index","follow":"follow","max-snippet":"max-snippet:-1","max-image-preview":"max-image-preview:large","max-video-preview":"max-video-preview:-1"},"canonical":"https:\/\/kuzeyinsesi.org\/index.php\/2024\/09\/13\/iskele-belediyesinin-2-yaz-etkinlikleri-sona-erdi\/","og_locale":"tr_TR","og_type":"article","og_title":"\u0130skele Belediyesi\u2019nin 2. Yaz Etkinlikleri sona erdi - Kuzeyin Sesi","og_description":"\u0130skele Belediyesi\u2019nin bu y\u0131l 6-12 ya\u015f aras\u0131 \u00e7ocuklara y\u00f6nelik d\u00fczenledi\u011fi 2. Yaz Etkinlikleri sona erdi. \u0130skele Belediyesi\u2019nden yap\u0131lan a\u00e7\u0131klamaya g\u00f6re 5 A\u011fustos- 10 Eyl\u00fcl tarihleri aras\u0131nda ger\u00e7ekle\u015fen etkinliklerde, modern dans, m\u00fczik, satran\u00e7, halk danslar\u0131, k\u00fc\u00e7\u00fck \u015fefler at\u00f6lyesi, seramik ve kil yap\u0131m\u0131 workshoplar\u0131, sanat at\u00f6lyeleri gibi aktiviteler yap\u0131ld\u0131. Etkinliklerin tamamlanmas\u0131n\u0131n ard\u0131ndan, \u00e7ocuklar 10 Eyl\u00fcl Sal\u0131 g\u00fcn\u00fc [&hellip;]","og_url":"https:\/\/kuzeyinsesi.org\/index.php\/2024\/09\/13\/iskele-belediyesinin-2-yaz-etkinlikleri-sona-erdi\/","og_site_name":"Kuzeyin Sesi","article_publisher":"https:\/\/www.facebook.com\/kuzeyinsesii","article_published_time":"2024-09-13T18:26:10+00:00","og_image":[{"url":"https:\/\/brtk.net\/wp-content\/uploads\/2024\/09\/13\/3131313131.jpg?ver=eb204b7874824784fa19af0d3cc94fe4","type":"","width":"","height":""}],"author":"Kuzeyin Sesi","twitter_card":"summary_large_image","twitter_creator":"@kuzeyinsesii","twitter_site":"@kuzeyinsesii","twitter_misc":{"Yazan:":"Kuzeyin Sesi","Tahmini okuma s\u00fcresi":"1 dakika"},"schema":{"@context":"https:\/\/schema.org","@graph":[{"@type":"Article","@id":"https:\/\/kuzeyinsesi.org\/index.php\/2024\/09\/13\/iskele-belediyesinin-2-yaz-etkinlikleri-sona-erdi\/#article","isPartOf":{"@id":"https:\/\/kuzeyinsesi.org\/index.php\/2024\/09\/13\/iskele-belediyesinin-2-yaz-etkinlikleri-sona-erdi\/"},"author":{"name":"Kuzeyin Sesi","@id":"https:\/\/kuzeyinsesi.org\/#\/schema\/person\/9f859689cdf01485597712386e37f5aa"},"headline":"\u0130skele Belediyesi\u2019nin 2. Yaz Etkinlikleri sona erdi","datePublished":"2024-09-13T18:26:10+00:00","mainEntityOfPage":{"@id":"https:\/\/kuzeyinsesi.org\/index.php\/2024\/09\/13\/iskele-belediyesinin-2-yaz-etkinlikleri-sona-erdi\/"},"wordCount":151,"commentCount":0,"image":{"@id":"https:\/\/kuzeyinsesi.org\/index.php\/2024\/09\/13\/iskele-belediyesinin-2-yaz-etkinlikleri-sona-erdi\/#primaryimage"},"thumbnailUrl":"https:\/\/kuzeyinsesi.org\/wp-content\/uploads\/2024\/09\/3131313131.jpg","articleSection":["Ya\u015fam"],"inLanguage":"tr","potentialAction":[{"@type":"CommentAction","name":"Comment","target":["https:\/\/kuzeyinsesi.org\/index.php\/2024\/09\/13\/iskele-belediyesinin-2-yaz-etkinlikleri-sona-erdi\/#respond"]}]},{"@type":"WebPage","@id":"https:\/\/kuzeyinsesi.org\/index.php\/2024\/09\/13\/iskele-belediyesinin-2-yaz-etkinlikleri-sona-erdi\/","url":"https:\/\/kuzeyinsesi.org\/index.php\/2024\/09\/13\/iskele-belediyesinin-2-yaz-etkinlikleri-sona-erdi\/","name":"\u0130skele Belediyesi\u2019nin 2. Yaz Etkinlikleri sona erdi - Kuzeyin Sesi","isPartOf":{"@id":"https:\/\/kuzeyinsesi.org\/#website"},"primaryImageOfPage":{"@id":"https:\/\/kuzeyinsesi.org\/index.php\/2024\/09\/13\/iskele-belediyesinin-2-yaz-etkinlikleri-sona-erdi\/#primaryimage"},"image":{"@id":"https:\/\/kuzeyinsesi.org\/index.php\/2024\/09\/13\/iskele-belediyesinin-2-yaz-etkinlikleri-sona-erdi\/#primaryimage"},"thumbnailUrl":"https:\/\/kuzeyinsesi.org\/wp-content\/uploads\/2024\/09\/3131313131.jpg","datePublished":"2024-09-13T18:26:10+00:00","author":{"@id":"https:\/\/kuzeyinsesi.org\/#\/schema\/person\/9f859689cdf01485597712386e37f5aa"},"breadcrumb":{"@id":"https:\/\/kuzeyinsesi.org\/index.php\/2024\/09\/13\/iskele-belediyesinin-2-yaz-etkinlikleri-sona-erdi\/#breadcrumb"},"inLanguage":"tr","potentialAction":[{"@type":"ReadAction","target":["https:\/\/kuzeyinsesi.org\/index.php\/2024\/09\/13\/iskele-belediyesinin-2-yaz-etkinlikleri-sona-erdi\/"]}]},{"@type":"ImageObject","inLanguage":"tr","@id":"https:\/\/kuzeyinsesi.org\/index.php\/2024\/09\/13\/iskele-belediyesinin-2-yaz-etkinlikleri-sona-erdi\/#primaryimage","url":"https:\/\/kuzeyinsesi.org\/wp-content\/uploads\/2024\/09\/3131313131.jpg","contentUrl":"https:\/\/kuzeyinsesi.org\/wp-content\/uploads\/2024\/09\/3131313131.jpg","width":1620,"height":786},{"@type":"BreadcrumbList","@id":"https:\/\/kuzeyinsesi.org\/index.php\/2024\/09\/13\/iskele-belediyesinin-2-yaz-etkinlikleri-sona-erdi\/#breadcrumb","itemListElement":[{"@type":"ListItem","position":1,"name":"Anasayfa","item":"https:\/\/kuzeyinsesi.org\/"},{"@type":"ListItem","position":2,"name":"\u0130skele Belediyesi\u2019nin 2. Yaz Etkinlikleri sona erdi"}]},{"@type":"WebSite","@id":"https:\/\/kuzeyinsesi.org\/#website","url":"https:\/\/kuzeyinsesi.org\/","name":"Kuzeyin Sesi","description":"Do\u011fru Haberin Adresi","potentialAction":[{"@type":"SearchAction","target":{"@type":"EntryPoint","urlTemplate":"https:\/\/kuzeyinsesi.org\/?s={search_term_string}"},"query-input":{"@type":"PropertyValueSpecification","valueRequired":true,"valueName":"search_term_string"}}],"inLanguage":"tr"},{"@type":"Person","@id":"https:\/\/kuzeyinsesi.org\/#\/schema\/person\/9f859689cdf01485597712386e37f5aa","name":"Kuzeyin Sesi","image":{"@type":"ImageObject","inLanguage":"tr","@id":"https:\/\/secure.gravatar.com\/avatar\/bab33852abfd8b282518d6ed81826833d77c3c882d9ab608add591ccace47a44?s=96&d=mm&r=g","url":"https:\/\/secure.gravatar.com\/avatar\/bab33852abfd8b282518d6ed81826833d77c3c882d9ab608add591ccace47a44?s=96&d=mm&r=g","contentUrl":"https:\/\/secure.gravatar.com\/avatar\/bab33852abfd8b282518d6ed81826833d77c3c882d9ab608add591ccace47a44?s=96&d=mm&r=g","caption":"Kuzeyin Sesi"},"sameAs":["https:\/\/kuzeyinsesi.org"],"url":"https:\/\/kuzeyinsesi.org\/index.php\/author\/guven\/"}]}},"_links":{"self":[{"href":"https:\/\/kuzeyinsesi.org\/index.php\/wp-json\/wp\/v2\/posts\/9695","targetHints":{"allow":["GET"]}}],"collection":[{"href":"https:\/\/kuzeyinsesi.org\/index.php\/wp-json\/wp\/v2\/posts"}],"about":[{"href":"https:\/\/kuzeyinsesi.org\/index.php\/wp-json\/wp\/v2\/types\/post"}],"author":[{"embeddable":true,"href":"https:\/\/kuzeyinsesi.org\/index.php\/wp-json\/wp\/v2\/users\/1"}],"replies":[{"embeddable":true,"href":"https:\/\/kuzeyinsesi.org\/index.php\/wp-json\/wp\/v2\/comments?post=9695"}],"version-history":[{"count":0,"href":"https:\/\/kuzeyinsesi.org\/index.php\/wp-json\/wp\/v2\/posts\/9695\/revisions"}],"wp:featuredmedia":[{"embeddable":true,"href":"https:\/\/kuzeyinsesi.org\/index.php\/wp-json\/wp\/v2\/media\/9696"}],"wp:attachment":[{"href":"https:\/\/kuzeyinsesi.org\/index.php\/wp-json\/wp\/v2\/media?parent=9695"}],"wp:term":[{"taxonomy":"category","embeddable":true,"href":"https:\/\/kuzeyinsesi.org\/index.php\/wp-json\/wp\/v2\/categories?post=9695"},{"taxonomy":"post_tag","embeddable":true,"href":"https:\/\/kuzeyinsesi.org\/index.php\/wp-json\/wp\/v2\/tags?post=9695"}],"curies":[{"name":"wp","href":"https:\/\/api.w.org\/{rel}","templated":true}]}}