{"id":969,"date":"2024-04-30T07:09:10","date_gmt":"2024-04-30T04:09:10","guid":{"rendered":"https:\/\/kuzeyinsesi.com\/index.php\/2024\/04\/30\/abdde-arama-icin-gittikleri-evde-silahli-saldiriya-ugrayan-polislerden-4u-oldu-4u-yaralandi\/"},"modified":"2024-04-30T07:09:10","modified_gmt":"2024-04-30T04:09:10","slug":"abdde-arama-icin-gittikleri-evde-silahli-saldiriya-ugrayan-polislerden-4u-oldu-4u-yaralandi","status":"publish","type":"post","link":"https:\/\/kuzeyinsesi.org\/index.php\/2024\/04\/30\/abdde-arama-icin-gittikleri-evde-silahli-saldiriya-ugrayan-polislerden-4u-oldu-4u-yaralandi\/","title":{"rendered":"ABD&#039;de arama i\u00e7in gittikleri evde silahl\u0131 sald\u0131r\u0131ya u\u011frayan polislerden 4&#039;\u00fc \u00f6ld\u00fc, 4&#039;\u00fc yaraland\u0131"},"content":{"rendered":"<p><\/p>\n<div>\n<p>&#13;<br \/>\n\tKuzey Carolina&#8217;n\u0131n Charlotte kentinde ak\u015fam saatlerinde mahkeme karar\u0131yla bir eve arama yapmaya giden polisler silahl\u0131 sald\u0131r\u0131ya u\u011frad\u0131.<\/p>\n<p>&#13;<br \/>\n\tCharlotte <a href=\"https:\/\/www.trthaber.com\/etiket\/polis\/\" target=\"_blank\" rel=\"noopener\">Polis<\/a> \u015eefi Johnny Jennings, olayla ilgili yapt\u0131\u011f\u0131 a\u00e7\u0131klamada, bir su\u00e7a kar\u0131\u015fan \u015f\u00fcphelinin bulundu\u011fu eve arama yapmak \u00fczere girerken polislere t\u00fcfekle ate\u015f a\u00e7\u0131ld\u0131\u011f\u0131n\u0131 bildirdi. Jennings, polislerin de ate\u015fe kar\u015f\u0131l\u0131k verdi\u011fini anlatt\u0131.<\/p>\n<p>&#13;<br \/>\n\tJennings sald\u0131r\u0131da 4 polisin hayat\u0131n\u0131 kaybetti\u011fini, 4&#8217;\u00fcn\u00fcn yaraland\u0131\u011f\u0131n\u0131, bir yaral\u0131n\u0131n durumunun a\u011f\u0131r oldu\u011funu s\u00f6yledi.<\/p>\n<p>&#13;<br \/>\n\t\u015e\u00fcphelinin de olay yerinde vurularak \u00f6ld\u00fc\u011f\u00fcn\u00fc belirten Jennings, bunun Charlette tarihindeki en k\u00f6t\u00fc olaylardan biri oldu\u011funu, soru\u015fturman\u0131n derinle\u015ftirilerek s\u00fcrece\u011fini kaydetti.<\/p>\n<p>&#13;<br \/>\n\t\u00d6te yandan Beyaz Saray, <a href=\"https:\/\/www.trthaber.com\/etiket\/abd\/\" target=\"_blank\" rel=\"noopener\">ABD<\/a> Ba\u015fkan\u0131 Joe Biden&#8217;\u0131n olayla ilgili olarak bilgilendirildi\u011fini ve Biden&#8217;\u0131n geli\u015fmeleri yak\u0131ndan takip etti\u011fini a\u00e7\u0131klad\u0131.<\/p>\n<\/p><\/div>\n","protected":false},"excerpt":{"rendered":"<p>&#13; Kuzey Carolina&#8217;n\u0131n Charlotte kentinde ak\u015fam saatlerinde mahkeme karar\u0131yla bir eve arama yapmaya giden polisler silahl\u0131 sald\u0131r\u0131ya u\u011frad\u0131. &#13; Charlotte Polis \u015eefi Johnny Jennings, olayla ilgili yapt\u0131\u011f\u0131 a\u00e7\u0131klamada, bir su\u00e7a kar\u0131\u015fan \u015f\u00fcphelinin bulundu\u011fu eve arama yapmak \u00fczere girerken polislere t\u00fcfekle ate\u015f a\u00e7\u0131ld\u0131\u011f\u0131n\u0131 bildirdi. Jennings, polislerin de ate\u015fe kar\u015f\u0131l\u0131k verdi\u011fini anlatt\u0131. &#13; Jennings sald\u0131r\u0131da 4 polisin [&hellip;]<\/p>\n","protected":false},"author":1,"featured_media":970,"comment_status":"open","ping_status":"open","sticky":false,"template":"","format":"standard","meta":{"jnews-multi-image_gallery":[],"jnews_single_post":[],"jnews_primary_category":[],"jnews_social_meta":[],"jnews_override_counter":[],"footnotes":""},"categories":[2],"tags":[],"class_list":["post-969","post","type-post","status-publish","format-standard","has-post-thumbnail","hentry","category-dunya"],"yoast_head":"<!-- This site is optimized with the Yoast SEO plugin v27.5 - https:\/\/yoast.com\/product\/yoast-seo-wordpress\/ -->\n<title>ABD&#039;de arama i\u00e7in gittikleri evde silahl\u0131 sald\u0131r\u0131ya u\u011frayan polislerden 4&#039;\u00fc \u00f6ld\u00fc, 4&#039;\u00fc yaraland\u0131 - Kuzeyin Sesi<\/title>\n<meta name=\"robots\" content=\"index, follow, max-snippet:-1, max-image-preview:large, max-video-preview:-1\" \/>\n<link rel=\"canonical\" href=\"https:\/\/kuzeyinsesi.org\/index.php\/2024\/04\/30\/abdde-arama-icin-gittikleri-evde-silahli-saldiriya-ugrayan-polislerden-4u-oldu-4u-yaralandi\/\" \/>\n<meta property=\"og:locale\" content=\"tr_TR\" \/>\n<meta property=\"og:type\" content=\"article\" \/>\n<meta property=\"og:title\" content=\"ABD&#039;de arama i\u00e7in gittikleri evde silahl\u0131 sald\u0131r\u0131ya u\u011frayan polislerden 4&#039;\u00fc \u00f6ld\u00fc, 4&#039;\u00fc yaraland\u0131 - Kuzeyin Sesi\" \/>\n<meta property=\"og:description\" content=\"&#013; Kuzey Carolina&#8217;n\u0131n Charlotte kentinde ak\u015fam saatlerinde mahkeme karar\u0131yla bir eve arama yapmaya giden polisler silahl\u0131 sald\u0131r\u0131ya u\u011frad\u0131. &#013; Charlotte Polis \u015eefi Johnny Jennings, olayla ilgili yapt\u0131\u011f\u0131 a\u00e7\u0131klamada, bir su\u00e7a kar\u0131\u015fan \u015f\u00fcphelinin bulundu\u011fu eve arama yapmak \u00fczere girerken polislere t\u00fcfekle ate\u015f a\u00e7\u0131ld\u0131\u011f\u0131n\u0131 bildirdi. Jennings, polislerin de ate\u015fe kar\u015f\u0131l\u0131k verdi\u011fini anlatt\u0131. &#013; Jennings sald\u0131r\u0131da 4 polisin [&hellip;]\" \/>\n<meta property=\"og:url\" content=\"https:\/\/kuzeyinsesi.org\/index.php\/2024\/04\/30\/abdde-arama-icin-gittikleri-evde-silahli-saldiriya-ugrayan-polislerden-4u-oldu-4u-yaralandi\/\" \/>\n<meta property=\"og:site_name\" content=\"Kuzeyin Sesi\" \/>\n<meta property=\"article:publisher\" content=\"https:\/\/www.facebook.com\/kuzeyinsesii\" \/>\n<meta property=\"article:published_time\" content=\"2024-04-30T04:09:10+00:00\" \/>\n<meta property=\"og:image\" content=\"https:\/\/kuzeyinsesi.org\/wp-content\/uploads\/2024\/04\/abd-polis-aa-1821412.jpg\" \/>\n\t<meta property=\"og:image:width\" content=\"1280\" \/>\n\t<meta property=\"og:image:height\" content=\"720\" \/>\n\t<meta property=\"og:image:type\" content=\"image\/jpeg\" \/>\n<meta name=\"author\" content=\"Kuzeyin Sesi\" \/>\n<meta name=\"twitter:card\" content=\"summary_large_image\" \/>\n<meta name=\"twitter:creator\" content=\"@kuzeyinsesii\" \/>\n<meta name=\"twitter:site\" content=\"@kuzeyinsesii\" \/>\n<meta name=\"twitter:label1\" content=\"Yazan:\" \/>\n\t<meta name=\"twitter:data1\" content=\"Kuzeyin Sesi\" \/>\n\t<meta name=\"twitter:label2\" content=\"Tahmini okuma s\u00fcresi\" \/>\n\t<meta name=\"twitter:data2\" content=\"1 dakika\" \/>\n<script type=\"application\/ld+json\" class=\"yoast-schema-graph\">{\"@context\":\"https:\\\/\\\/schema.org\",\"@graph\":[{\"@type\":\"Article\",\"@id\":\"https:\\\/\\\/kuzeyinsesi.org\\\/index.php\\\/2024\\\/04\\\/30\\\/abdde-arama-icin-gittikleri-evde-silahli-saldiriya-ugrayan-polislerden-4u-oldu-4u-yaralandi\\\/#article\",\"isPartOf\":{\"@id\":\"https:\\\/\\\/kuzeyinsesi.org\\\/index.php\\\/2024\\\/04\\\/30\\\/abdde-arama-icin-gittikleri-evde-silahli-saldiriya-ugrayan-polislerden-4u-oldu-4u-yaralandi\\\/\"},\"author\":{\"name\":\"Kuzeyin Sesi\",\"@id\":\"https:\\\/\\\/kuzeyinsesi.org\\\/#\\\/schema\\\/person\\\/9f859689cdf01485597712386e37f5aa\"},\"headline\":\"ABD&#039;de arama i\u00e7in gittikleri evde silahl\u0131 sald\u0131r\u0131ya u\u011frayan polislerden 4&#039;\u00fc \u00f6ld\u00fc, 4&#039;\u00fc yaraland\u0131\",\"datePublished\":\"2024-04-30T04:09:10+00:00\",\"mainEntityOfPage\":{\"@id\":\"https:\\\/\\\/kuzeyinsesi.org\\\/index.php\\\/2024\\\/04\\\/30\\\/abdde-arama-icin-gittikleri-evde-silahli-saldiriya-ugrayan-polislerden-4u-oldu-4u-yaralandi\\\/\"},\"wordCount\":161,\"commentCount\":0,\"image\":{\"@id\":\"https:\\\/\\\/kuzeyinsesi.org\\\/index.php\\\/2024\\\/04\\\/30\\\/abdde-arama-icin-gittikleri-evde-silahli-saldiriya-ugrayan-polislerden-4u-oldu-4u-yaralandi\\\/#primaryimage\"},\"thumbnailUrl\":\"https:\\\/\\\/kuzeyinsesi.org\\\/wp-content\\\/uploads\\\/2024\\\/04\\\/abd-polis-aa-1821412.jpg\",\"articleSection\":[\"D\u00fcnya\"],\"inLanguage\":\"tr\",\"potentialAction\":[{\"@type\":\"CommentAction\",\"name\":\"Comment\",\"target\":[\"https:\\\/\\\/kuzeyinsesi.org\\\/index.php\\\/2024\\\/04\\\/30\\\/abdde-arama-icin-gittikleri-evde-silahli-saldiriya-ugrayan-polislerden-4u-oldu-4u-yaralandi\\\/#respond\"]}]},{\"@type\":\"WebPage\",\"@id\":\"https:\\\/\\\/kuzeyinsesi.org\\\/index.php\\\/2024\\\/04\\\/30\\\/abdde-arama-icin-gittikleri-evde-silahli-saldiriya-ugrayan-polislerden-4u-oldu-4u-yaralandi\\\/\",\"url\":\"https:\\\/\\\/kuzeyinsesi.org\\\/index.php\\\/2024\\\/04\\\/30\\\/abdde-arama-icin-gittikleri-evde-silahli-saldiriya-ugrayan-polislerden-4u-oldu-4u-yaralandi\\\/\",\"name\":\"ABD&#039;de arama i\u00e7in gittikleri evde silahl\u0131 sald\u0131r\u0131ya u\u011frayan polislerden 4&#039;\u00fc \u00f6ld\u00fc, 4&#039;\u00fc yaraland\u0131 - Kuzeyin Sesi\",\"isPartOf\":{\"@id\":\"https:\\\/\\\/kuzeyinsesi.org\\\/#website\"},\"primaryImageOfPage\":{\"@id\":\"https:\\\/\\\/kuzeyinsesi.org\\\/index.php\\\/2024\\\/04\\\/30\\\/abdde-arama-icin-gittikleri-evde-silahli-saldiriya-ugrayan-polislerden-4u-oldu-4u-yaralandi\\\/#primaryimage\"},\"image\":{\"@id\":\"https:\\\/\\\/kuzeyinsesi.org\\\/index.php\\\/2024\\\/04\\\/30\\\/abdde-arama-icin-gittikleri-evde-silahli-saldiriya-ugrayan-polislerden-4u-oldu-4u-yaralandi\\\/#primaryimage\"},\"thumbnailUrl\":\"https:\\\/\\\/kuzeyinsesi.org\\\/wp-content\\\/uploads\\\/2024\\\/04\\\/abd-polis-aa-1821412.jpg\",\"datePublished\":\"2024-04-30T04:09:10+00:00\",\"author\":{\"@id\":\"https:\\\/\\\/kuzeyinsesi.org\\\/#\\\/schema\\\/person\\\/9f859689cdf01485597712386e37f5aa\"},\"breadcrumb\":{\"@id\":\"https:\\\/\\\/kuzeyinsesi.org\\\/index.php\\\/2024\\\/04\\\/30\\\/abdde-arama-icin-gittikleri-evde-silahli-saldiriya-ugrayan-polislerden-4u-oldu-4u-yaralandi\\\/#breadcrumb\"},\"inLanguage\":\"tr\",\"potentialAction\":[{\"@type\":\"ReadAction\",\"target\":[\"https:\\\/\\\/kuzeyinsesi.org\\\/index.php\\\/2024\\\/04\\\/30\\\/abdde-arama-icin-gittikleri-evde-silahli-saldiriya-ugrayan-polislerden-4u-oldu-4u-yaralandi\\\/\"]}]},{\"@type\":\"ImageObject\",\"inLanguage\":\"tr\",\"@id\":\"https:\\\/\\\/kuzeyinsesi.org\\\/index.php\\\/2024\\\/04\\\/30\\\/abdde-arama-icin-gittikleri-evde-silahli-saldiriya-ugrayan-polislerden-4u-oldu-4u-yaralandi\\\/#primaryimage\",\"url\":\"https:\\\/\\\/kuzeyinsesi.org\\\/wp-content\\\/uploads\\\/2024\\\/04\\\/abd-polis-aa-1821412.jpg\",\"contentUrl\":\"https:\\\/\\\/kuzeyinsesi.org\\\/wp-content\\\/uploads\\\/2024\\\/04\\\/abd-polis-aa-1821412.jpg\",\"width\":1280,\"height\":720},{\"@type\":\"BreadcrumbList\",\"@id\":\"https:\\\/\\\/kuzeyinsesi.org\\\/index.php\\\/2024\\\/04\\\/30\\\/abdde-arama-icin-gittikleri-evde-silahli-saldiriya-ugrayan-polislerden-4u-oldu-4u-yaralandi\\\/#breadcrumb\",\"itemListElement\":[{\"@type\":\"ListItem\",\"position\":1,\"name\":\"Anasayfa\",\"item\":\"https:\\\/\\\/kuzeyinsesi.org\\\/\"},{\"@type\":\"ListItem\",\"position\":2,\"name\":\"ABD&#039;de arama i\u00e7in gittikleri evde silahl\u0131 sald\u0131r\u0131ya u\u011frayan polislerden 4&#039;\u00fc \u00f6ld\u00fc, 4&#039;\u00fc yaraland\u0131\"}]},{\"@type\":\"WebSite\",\"@id\":\"https:\\\/\\\/kuzeyinsesi.org\\\/#website\",\"url\":\"https:\\\/\\\/kuzeyinsesi.org\\\/\",\"name\":\"Kuzeyin Sesi\",\"description\":\"Do\u011fru Haberin Adresi\",\"potentialAction\":[{\"@type\":\"SearchAction\",\"target\":{\"@type\":\"EntryPoint\",\"urlTemplate\":\"https:\\\/\\\/kuzeyinsesi.org\\\/?s={search_term_string}\"},\"query-input\":{\"@type\":\"PropertyValueSpecification\",\"valueRequired\":true,\"valueName\":\"search_term_string\"}}],\"inLanguage\":\"tr\"},{\"@type\":\"Person\",\"@id\":\"https:\\\/\\\/kuzeyinsesi.org\\\/#\\\/schema\\\/person\\\/9f859689cdf01485597712386e37f5aa\",\"name\":\"Kuzeyin Sesi\",\"image\":{\"@type\":\"ImageObject\",\"inLanguage\":\"tr\",\"@id\":\"https:\\\/\\\/secure.gravatar.com\\\/avatar\\\/bab33852abfd8b282518d6ed81826833d77c3c882d9ab608add591ccace47a44?s=96&d=mm&r=g\",\"url\":\"https:\\\/\\\/secure.gravatar.com\\\/avatar\\\/bab33852abfd8b282518d6ed81826833d77c3c882d9ab608add591ccace47a44?s=96&d=mm&r=g\",\"contentUrl\":\"https:\\\/\\\/secure.gravatar.com\\\/avatar\\\/bab33852abfd8b282518d6ed81826833d77c3c882d9ab608add591ccace47a44?s=96&d=mm&r=g\",\"caption\":\"Kuzeyin Sesi\"},\"sameAs\":[\"https:\\\/\\\/kuzeyinsesi.org\"],\"url\":\"https:\\\/\\\/kuzeyinsesi.org\\\/index.php\\\/author\\\/guven\\\/\"}]}<\/script>\n<!-- \/ Yoast SEO plugin. -->","yoast_head_json":{"title":"ABD&#039;de arama i\u00e7in gittikleri evde silahl\u0131 sald\u0131r\u0131ya u\u011frayan polislerden 4&#039;\u00fc \u00f6ld\u00fc, 4&#039;\u00fc yaraland\u0131 - Kuzeyin Sesi","robots":{"index":"index","follow":"follow","max-snippet":"max-snippet:-1","max-image-preview":"max-image-preview:large","max-video-preview":"max-video-preview:-1"},"canonical":"https:\/\/kuzeyinsesi.org\/index.php\/2024\/04\/30\/abdde-arama-icin-gittikleri-evde-silahli-saldiriya-ugrayan-polislerden-4u-oldu-4u-yaralandi\/","og_locale":"tr_TR","og_type":"article","og_title":"ABD&#039;de arama i\u00e7in gittikleri evde silahl\u0131 sald\u0131r\u0131ya u\u011frayan polislerden 4&#039;\u00fc \u00f6ld\u00fc, 4&#039;\u00fc yaraland\u0131 - Kuzeyin Sesi","og_description":"&#13; Kuzey Carolina&#8217;n\u0131n Charlotte kentinde ak\u015fam saatlerinde mahkeme karar\u0131yla bir eve arama yapmaya giden polisler silahl\u0131 sald\u0131r\u0131ya u\u011frad\u0131. &#13; Charlotte Polis \u015eefi Johnny Jennings, olayla ilgili yapt\u0131\u011f\u0131 a\u00e7\u0131klamada, bir su\u00e7a kar\u0131\u015fan \u015f\u00fcphelinin bulundu\u011fu eve arama yapmak \u00fczere girerken polislere t\u00fcfekle ate\u015f a\u00e7\u0131ld\u0131\u011f\u0131n\u0131 bildirdi. Jennings, polislerin de ate\u015fe kar\u015f\u0131l\u0131k verdi\u011fini anlatt\u0131. &#13; Jennings sald\u0131r\u0131da 4 polisin [&hellip;]","og_url":"https:\/\/kuzeyinsesi.org\/index.php\/2024\/04\/30\/abdde-arama-icin-gittikleri-evde-silahli-saldiriya-ugrayan-polislerden-4u-oldu-4u-yaralandi\/","og_site_name":"Kuzeyin Sesi","article_publisher":"https:\/\/www.facebook.com\/kuzeyinsesii","article_published_time":"2024-04-30T04:09:10+00:00","og_image":[{"width":1280,"height":720,"url":"https:\/\/kuzeyinsesi.org\/wp-content\/uploads\/2024\/04\/abd-polis-aa-1821412.jpg","type":"image\/jpeg"}],"author":"Kuzeyin Sesi","twitter_card":"summary_large_image","twitter_creator":"@kuzeyinsesii","twitter_site":"@kuzeyinsesii","twitter_misc":{"Yazan:":"Kuzeyin Sesi","Tahmini okuma s\u00fcresi":"1 dakika"},"schema":{"@context":"https:\/\/schema.org","@graph":[{"@type":"Article","@id":"https:\/\/kuzeyinsesi.org\/index.php\/2024\/04\/30\/abdde-arama-icin-gittikleri-evde-silahli-saldiriya-ugrayan-polislerden-4u-oldu-4u-yaralandi\/#article","isPartOf":{"@id":"https:\/\/kuzeyinsesi.org\/index.php\/2024\/04\/30\/abdde-arama-icin-gittikleri-evde-silahli-saldiriya-ugrayan-polislerden-4u-oldu-4u-yaralandi\/"},"author":{"name":"Kuzeyin Sesi","@id":"https:\/\/kuzeyinsesi.org\/#\/schema\/person\/9f859689cdf01485597712386e37f5aa"},"headline":"ABD&#039;de arama i\u00e7in gittikleri evde silahl\u0131 sald\u0131r\u0131ya u\u011frayan polislerden 4&#039;\u00fc \u00f6ld\u00fc, 4&#039;\u00fc yaraland\u0131","datePublished":"2024-04-30T04:09:10+00:00","mainEntityOfPage":{"@id":"https:\/\/kuzeyinsesi.org\/index.php\/2024\/04\/30\/abdde-arama-icin-gittikleri-evde-silahli-saldiriya-ugrayan-polislerden-4u-oldu-4u-yaralandi\/"},"wordCount":161,"commentCount":0,"image":{"@id":"https:\/\/kuzeyinsesi.org\/index.php\/2024\/04\/30\/abdde-arama-icin-gittikleri-evde-silahli-saldiriya-ugrayan-polislerden-4u-oldu-4u-yaralandi\/#primaryimage"},"thumbnailUrl":"https:\/\/kuzeyinsesi.org\/wp-content\/uploads\/2024\/04\/abd-polis-aa-1821412.jpg","articleSection":["D\u00fcnya"],"inLanguage":"tr","potentialAction":[{"@type":"CommentAction","name":"Comment","target":["https:\/\/kuzeyinsesi.org\/index.php\/2024\/04\/30\/abdde-arama-icin-gittikleri-evde-silahli-saldiriya-ugrayan-polislerden-4u-oldu-4u-yaralandi\/#respond"]}]},{"@type":"WebPage","@id":"https:\/\/kuzeyinsesi.org\/index.php\/2024\/04\/30\/abdde-arama-icin-gittikleri-evde-silahli-saldiriya-ugrayan-polislerden-4u-oldu-4u-yaralandi\/","url":"https:\/\/kuzeyinsesi.org\/index.php\/2024\/04\/30\/abdde-arama-icin-gittikleri-evde-silahli-saldiriya-ugrayan-polislerden-4u-oldu-4u-yaralandi\/","name":"ABD&#039;de arama i\u00e7in gittikleri evde silahl\u0131 sald\u0131r\u0131ya u\u011frayan polislerden 4&#039;\u00fc \u00f6ld\u00fc, 4&#039;\u00fc yaraland\u0131 - Kuzeyin Sesi","isPartOf":{"@id":"https:\/\/kuzeyinsesi.org\/#website"},"primaryImageOfPage":{"@id":"https:\/\/kuzeyinsesi.org\/index.php\/2024\/04\/30\/abdde-arama-icin-gittikleri-evde-silahli-saldiriya-ugrayan-polislerden-4u-oldu-4u-yaralandi\/#primaryimage"},"image":{"@id":"https:\/\/kuzeyinsesi.org\/index.php\/2024\/04\/30\/abdde-arama-icin-gittikleri-evde-silahli-saldiriya-ugrayan-polislerden-4u-oldu-4u-yaralandi\/#primaryimage"},"thumbnailUrl":"https:\/\/kuzeyinsesi.org\/wp-content\/uploads\/2024\/04\/abd-polis-aa-1821412.jpg","datePublished":"2024-04-30T04:09:10+00:00","author":{"@id":"https:\/\/kuzeyinsesi.org\/#\/schema\/person\/9f859689cdf01485597712386e37f5aa"},"breadcrumb":{"@id":"https:\/\/kuzeyinsesi.org\/index.php\/2024\/04\/30\/abdde-arama-icin-gittikleri-evde-silahli-saldiriya-ugrayan-polislerden-4u-oldu-4u-yaralandi\/#breadcrumb"},"inLanguage":"tr","potentialAction":[{"@type":"ReadAction","target":["https:\/\/kuzeyinsesi.org\/index.php\/2024\/04\/30\/abdde-arama-icin-gittikleri-evde-silahli-saldiriya-ugrayan-polislerden-4u-oldu-4u-yaralandi\/"]}]},{"@type":"ImageObject","inLanguage":"tr","@id":"https:\/\/kuzeyinsesi.org\/index.php\/2024\/04\/30\/abdde-arama-icin-gittikleri-evde-silahli-saldiriya-ugrayan-polislerden-4u-oldu-4u-yaralandi\/#primaryimage","url":"https:\/\/kuzeyinsesi.org\/wp-content\/uploads\/2024\/04\/abd-polis-aa-1821412.jpg","contentUrl":"https:\/\/kuzeyinsesi.org\/wp-content\/uploads\/2024\/04\/abd-polis-aa-1821412.jpg","width":1280,"height":720},{"@type":"BreadcrumbList","@id":"https:\/\/kuzeyinsesi.org\/index.php\/2024\/04\/30\/abdde-arama-icin-gittikleri-evde-silahli-saldiriya-ugrayan-polislerden-4u-oldu-4u-yaralandi\/#breadcrumb","itemListElement":[{"@type":"ListItem","position":1,"name":"Anasayfa","item":"https:\/\/kuzeyinsesi.org\/"},{"@type":"ListItem","position":2,"name":"ABD&#039;de arama i\u00e7in gittikleri evde silahl\u0131 sald\u0131r\u0131ya u\u011frayan polislerden 4&#039;\u00fc \u00f6ld\u00fc, 4&#039;\u00fc yaraland\u0131"}]},{"@type":"WebSite","@id":"https:\/\/kuzeyinsesi.org\/#website","url":"https:\/\/kuzeyinsesi.org\/","name":"Kuzeyin Sesi","description":"Do\u011fru Haberin Adresi","potentialAction":[{"@type":"SearchAction","target":{"@type":"EntryPoint","urlTemplate":"https:\/\/kuzeyinsesi.org\/?s={search_term_string}"},"query-input":{"@type":"PropertyValueSpecification","valueRequired":true,"valueName":"search_term_string"}}],"inLanguage":"tr"},{"@type":"Person","@id":"https:\/\/kuzeyinsesi.org\/#\/schema\/person\/9f859689cdf01485597712386e37f5aa","name":"Kuzeyin Sesi","image":{"@type":"ImageObject","inLanguage":"tr","@id":"https:\/\/secure.gravatar.com\/avatar\/bab33852abfd8b282518d6ed81826833d77c3c882d9ab608add591ccace47a44?s=96&d=mm&r=g","url":"https:\/\/secure.gravatar.com\/avatar\/bab33852abfd8b282518d6ed81826833d77c3c882d9ab608add591ccace47a44?s=96&d=mm&r=g","contentUrl":"https:\/\/secure.gravatar.com\/avatar\/bab33852abfd8b282518d6ed81826833d77c3c882d9ab608add591ccace47a44?s=96&d=mm&r=g","caption":"Kuzeyin Sesi"},"sameAs":["https:\/\/kuzeyinsesi.org"],"url":"https:\/\/kuzeyinsesi.org\/index.php\/author\/guven\/"}]}},"_links":{"self":[{"href":"https:\/\/kuzeyinsesi.org\/index.php\/wp-json\/wp\/v2\/posts\/969","targetHints":{"allow":["GET"]}}],"collection":[{"href":"https:\/\/kuzeyinsesi.org\/index.php\/wp-json\/wp\/v2\/posts"}],"about":[{"href":"https:\/\/kuzeyinsesi.org\/index.php\/wp-json\/wp\/v2\/types\/post"}],"author":[{"embeddable":true,"href":"https:\/\/kuzeyinsesi.org\/index.php\/wp-json\/wp\/v2\/users\/1"}],"replies":[{"embeddable":true,"href":"https:\/\/kuzeyinsesi.org\/index.php\/wp-json\/wp\/v2\/comments?post=969"}],"version-history":[{"count":0,"href":"https:\/\/kuzeyinsesi.org\/index.php\/wp-json\/wp\/v2\/posts\/969\/revisions"}],"wp:featuredmedia":[{"embeddable":true,"href":"https:\/\/kuzeyinsesi.org\/index.php\/wp-json\/wp\/v2\/media\/970"}],"wp:attachment":[{"href":"https:\/\/kuzeyinsesi.org\/index.php\/wp-json\/wp\/v2\/media?parent=969"}],"wp:term":[{"taxonomy":"category","embeddable":true,"href":"https:\/\/kuzeyinsesi.org\/index.php\/wp-json\/wp\/v2\/categories?post=969"},{"taxonomy":"post_tag","embeddable":true,"href":"https:\/\/kuzeyinsesi.org\/index.php\/wp-json\/wp\/v2\/tags?post=969"}],"curies":[{"name":"wp","href":"https:\/\/api.w.org\/{rel}","templated":true}]}}