{"id":9669,"date":"2024-09-13T15:17:05","date_gmt":"2024-09-13T12:17:05","guid":{"rendered":"https:\/\/kuzeyinsesi.org\/index.php\/2024\/09\/13\/karaoglanoglu-antis-deniz-festivali-basladi\/"},"modified":"2024-09-13T15:17:05","modified_gmt":"2024-09-13T12:17:05","slug":"karaoglanoglu-antis-deniz-festivali-basladi","status":"publish","type":"post","link":"https:\/\/kuzeyinsesi.org\/index.php\/2024\/09\/13\/karaoglanoglu-antis-deniz-festivali-basladi\/","title":{"rendered":"Karao\u011flano\u011flu Antis Deniz Festivali ba\u015flad\u0131"},"content":{"rendered":"<div>\n<div class=\"mariselle-image-container none\">\n                                            <\/div>\n<p>\u00a0\u2018Girne Ark\u0131n Group Fest24\u2019 kapsam\u0131nda bu y\u0131l ikincisi ger\u00e7ekle\u015ftirilen \u2018Karao\u011flano\u011flu Antis Deniz Festivali\u2019 d\u00fcn Plaj Futbolu ile ba\u015flad\u0131. Plaj futbolu turnuvas\u0131nda 3 kad\u0131n futbol tak\u0131m\u0131 ve 4 erkek futbol tak\u0131m\u0131n\u0131n kat\u0131l\u0131m\u0131 ile 7 m\u00fcsabaka ger\u00e7ekle\u015fti.<\/p>\n<p>Girne Belediyesi\u2019nden yap\u0131lan a\u00e7\u0131klamaya g\u00f6re, 4 g\u00fcn boyunca devam edecek festival kapsam\u0131nda birbirinden \u00f6zel etkinliklerin yer alaca\u011f\u0131 \u2018Karao\u011flano\u011flu Antis Deniz Festivali\u2019 dahilinde bug\u00fcn saat 17.00\u2019de plaj futbolu ve 18.00\u2019de ise Deniz Y\u0131ld\u0131z\u0131 Tavla Turnuvas\u0131 ger\u00e7ekle\u015fiyor.<\/p>\n<p><strong>-Festivalde Neler Var?<\/strong><\/p>\n<p>Festivalde yar\u0131n, 06.00 \u2013 11.00 Sandallardan Olta ile Lambuka (Akalamuta), Mineri, Palamut Avlama M\u00fcsabakas\u0131, 10.00 Plaj Voleybolu, 17:00 Paddle Board Yar\u0131\u015f\u0131, 18:00 Deniz Y\u0131ld\u0131z\u0131 Tavla Turnuva, 18:00\u00a0 G\u00fclseren Ataker An\u0131s\u0131na Ba\u015flang\u0131\u00e7 Seviyesi Bal\u0131k Avlama Pratik E\u011fitim, 20:00 Niyal \u00d6zt\u00fcrk Band\u00a0 yer alacak.<\/p>\n<p>15 Eyl\u00fcl\u2019de ise, 6:00-11:00 G\u00fclseren Ataker An\u0131s\u0131na Olta ile Bal\u0131k Avlama Yar\u0131\u015fmas\u0131, 10:00 Optimist ve Leser 2. Ayak Yelken Yar\u0131\u015flar\u0131, 11:00 Plaj Voleybolu, 17:00 Yakan Top Yar\u0131\u015fmas\u0131, 18:00 Sandalye Oyunu 19:00 Limbo Dans Yar\u0131\u015fmas\u0131, 20:00 Retro \u00c7alg\u0131c\u0131lar yer alacak.<\/p>\n<\/p><\/div>\n<p><script async\n                    defer\n                    crossorigin=\"anonymous\"\n                    src=\"https:\/\/connect.facebook.net\/tr_TR\/sdk.js#xfbml=1&#038;version=v3.3\"\n            ><\/script><\/p>\n","protected":false},"excerpt":{"rendered":"<p>\u00a0\u2018Girne Ark\u0131n Group Fest24\u2019 kapsam\u0131nda bu y\u0131l ikincisi ger\u00e7ekle\u015ftirilen \u2018Karao\u011flano\u011flu Antis Deniz Festivali\u2019 d\u00fcn Plaj Futbolu ile ba\u015flad\u0131. Plaj futbolu turnuvas\u0131nda 3 kad\u0131n futbol tak\u0131m\u0131 ve 4 erkek futbol tak\u0131m\u0131n\u0131n kat\u0131l\u0131m\u0131 ile 7 m\u00fcsabaka ger\u00e7ekle\u015fti. Girne Belediyesi\u2019nden yap\u0131lan a\u00e7\u0131klamaya g\u00f6re, 4 g\u00fcn boyunca devam edecek festival kapsam\u0131nda birbirinden \u00f6zel etkinliklerin yer alaca\u011f\u0131 \u2018Karao\u011flano\u011flu Antis Deniz [&hellip;]<\/p>\n","protected":false},"author":1,"featured_media":9670,"comment_status":"open","ping_status":"open","sticky":false,"template":"","format":"standard","meta":{"jnews-multi-image_gallery":[],"jnews_single_post":[],"jnews_primary_category":[],"jnews_social_meta":[],"jnews_override_counter":[],"footnotes":""},"categories":[6],"tags":[],"class_list":["post-9669","post","type-post","status-publish","format-standard","has-post-thumbnail","hentry","category-yasam"],"yoast_head":"<!-- This site is optimized with the Yoast SEO plugin v27.5 - https:\/\/yoast.com\/product\/yoast-seo-wordpress\/ -->\n<title>Karao\u011flano\u011flu Antis Deniz Festivali ba\u015flad\u0131 - Kuzeyin Sesi<\/title>\n<meta name=\"robots\" content=\"index, follow, max-snippet:-1, max-image-preview:large, max-video-preview:-1\" \/>\n<link rel=\"canonical\" href=\"https:\/\/kuzeyinsesi.org\/index.php\/2024\/09\/13\/karaoglanoglu-antis-deniz-festivali-basladi\/\" \/>\n<meta property=\"og:locale\" content=\"tr_TR\" \/>\n<meta property=\"og:type\" content=\"article\" \/>\n<meta property=\"og:title\" content=\"Karao\u011flano\u011flu Antis Deniz Festivali ba\u015flad\u0131 - Kuzeyin Sesi\" \/>\n<meta property=\"og:description\" content=\"\u00a0\u2018Girne Ark\u0131n Group Fest24\u2019 kapsam\u0131nda bu y\u0131l ikincisi ger\u00e7ekle\u015ftirilen \u2018Karao\u011flano\u011flu Antis Deniz Festivali\u2019 d\u00fcn Plaj Futbolu ile ba\u015flad\u0131. Plaj futbolu turnuvas\u0131nda 3 kad\u0131n futbol tak\u0131m\u0131 ve 4 erkek futbol tak\u0131m\u0131n\u0131n kat\u0131l\u0131m\u0131 ile 7 m\u00fcsabaka ger\u00e7ekle\u015fti. Girne Belediyesi\u2019nden yap\u0131lan a\u00e7\u0131klamaya g\u00f6re, 4 g\u00fcn boyunca devam edecek festival kapsam\u0131nda birbirinden \u00f6zel etkinliklerin yer alaca\u011f\u0131 \u2018Karao\u011flano\u011flu Antis Deniz [&hellip;]\" \/>\n<meta property=\"og:url\" content=\"https:\/\/kuzeyinsesi.org\/index.php\/2024\/09\/13\/karaoglanoglu-antis-deniz-festivali-basladi\/\" \/>\n<meta property=\"og:site_name\" content=\"Kuzeyin Sesi\" \/>\n<meta property=\"article:publisher\" content=\"https:\/\/www.facebook.com\/kuzeyinsesii\" \/>\n<meta property=\"article:published_time\" content=\"2024-09-13T12:17:05+00:00\" \/>\n<meta property=\"og:image\" content=\"https:\/\/brtk.net\/wp-content\/uploads\/2024\/09\/13\/antis-deniz-festivali4-scaled.jpg?ver=3c120daec8330100c2b975876ce53432\" \/>\n<meta name=\"author\" content=\"Kuzeyin Sesi\" \/>\n<meta name=\"twitter:card\" content=\"summary_large_image\" \/>\n<meta name=\"twitter:creator\" content=\"@kuzeyinsesii\" \/>\n<meta name=\"twitter:site\" content=\"@kuzeyinsesii\" \/>\n<meta name=\"twitter:label1\" content=\"Yazan:\" \/>\n\t<meta name=\"twitter:data1\" content=\"Kuzeyin Sesi\" \/>\n\t<meta name=\"twitter:label2\" content=\"Tahmini okuma s\u00fcresi\" \/>\n\t<meta name=\"twitter:data2\" content=\"1 dakika\" \/>\n<script type=\"application\/ld+json\" class=\"yoast-schema-graph\">{\"@context\":\"https:\\\/\\\/schema.org\",\"@graph\":[{\"@type\":\"Article\",\"@id\":\"https:\\\/\\\/kuzeyinsesi.org\\\/index.php\\\/2024\\\/09\\\/13\\\/karaoglanoglu-antis-deniz-festivali-basladi\\\/#article\",\"isPartOf\":{\"@id\":\"https:\\\/\\\/kuzeyinsesi.org\\\/index.php\\\/2024\\\/09\\\/13\\\/karaoglanoglu-antis-deniz-festivali-basladi\\\/\"},\"author\":{\"name\":\"Kuzeyin Sesi\",\"@id\":\"https:\\\/\\\/kuzeyinsesi.org\\\/#\\\/schema\\\/person\\\/9f859689cdf01485597712386e37f5aa\"},\"headline\":\"Karao\u011flano\u011flu Antis Deniz Festivali ba\u015flad\u0131\",\"datePublished\":\"2024-09-13T12:17:05+00:00\",\"mainEntityOfPage\":{\"@id\":\"https:\\\/\\\/kuzeyinsesi.org\\\/index.php\\\/2024\\\/09\\\/13\\\/karaoglanoglu-antis-deniz-festivali-basladi\\\/\"},\"wordCount\":198,\"commentCount\":0,\"image\":{\"@id\":\"https:\\\/\\\/kuzeyinsesi.org\\\/index.php\\\/2024\\\/09\\\/13\\\/karaoglanoglu-antis-deniz-festivali-basladi\\\/#primaryimage\"},\"thumbnailUrl\":\"https:\\\/\\\/kuzeyinsesi.org\\\/wp-content\\\/uploads\\\/2024\\\/09\\\/antis-deniz-festivali4-scaled.jpg\",\"articleSection\":[\"Ya\u015fam\"],\"inLanguage\":\"tr\",\"potentialAction\":[{\"@type\":\"CommentAction\",\"name\":\"Comment\",\"target\":[\"https:\\\/\\\/kuzeyinsesi.org\\\/index.php\\\/2024\\\/09\\\/13\\\/karaoglanoglu-antis-deniz-festivali-basladi\\\/#respond\"]}]},{\"@type\":\"WebPage\",\"@id\":\"https:\\\/\\\/kuzeyinsesi.org\\\/index.php\\\/2024\\\/09\\\/13\\\/karaoglanoglu-antis-deniz-festivali-basladi\\\/\",\"url\":\"https:\\\/\\\/kuzeyinsesi.org\\\/index.php\\\/2024\\\/09\\\/13\\\/karaoglanoglu-antis-deniz-festivali-basladi\\\/\",\"name\":\"Karao\u011flano\u011flu Antis Deniz Festivali ba\u015flad\u0131 - Kuzeyin Sesi\",\"isPartOf\":{\"@id\":\"https:\\\/\\\/kuzeyinsesi.org\\\/#website\"},\"primaryImageOfPage\":{\"@id\":\"https:\\\/\\\/kuzeyinsesi.org\\\/index.php\\\/2024\\\/09\\\/13\\\/karaoglanoglu-antis-deniz-festivali-basladi\\\/#primaryimage\"},\"image\":{\"@id\":\"https:\\\/\\\/kuzeyinsesi.org\\\/index.php\\\/2024\\\/09\\\/13\\\/karaoglanoglu-antis-deniz-festivali-basladi\\\/#primaryimage\"},\"thumbnailUrl\":\"https:\\\/\\\/kuzeyinsesi.org\\\/wp-content\\\/uploads\\\/2024\\\/09\\\/antis-deniz-festivali4-scaled.jpg\",\"datePublished\":\"2024-09-13T12:17:05+00:00\",\"author\":{\"@id\":\"https:\\\/\\\/kuzeyinsesi.org\\\/#\\\/schema\\\/person\\\/9f859689cdf01485597712386e37f5aa\"},\"breadcrumb\":{\"@id\":\"https:\\\/\\\/kuzeyinsesi.org\\\/index.php\\\/2024\\\/09\\\/13\\\/karaoglanoglu-antis-deniz-festivali-basladi\\\/#breadcrumb\"},\"inLanguage\":\"tr\",\"potentialAction\":[{\"@type\":\"ReadAction\",\"target\":[\"https:\\\/\\\/kuzeyinsesi.org\\\/index.php\\\/2024\\\/09\\\/13\\\/karaoglanoglu-antis-deniz-festivali-basladi\\\/\"]}]},{\"@type\":\"ImageObject\",\"inLanguage\":\"tr\",\"@id\":\"https:\\\/\\\/kuzeyinsesi.org\\\/index.php\\\/2024\\\/09\\\/13\\\/karaoglanoglu-antis-deniz-festivali-basladi\\\/#primaryimage\",\"url\":\"https:\\\/\\\/kuzeyinsesi.org\\\/wp-content\\\/uploads\\\/2024\\\/09\\\/antis-deniz-festivali4-scaled.jpg\",\"contentUrl\":\"https:\\\/\\\/kuzeyinsesi.org\\\/wp-content\\\/uploads\\\/2024\\\/09\\\/antis-deniz-festivali4-scaled.jpg\",\"width\":2560,\"height\":1711},{\"@type\":\"BreadcrumbList\",\"@id\":\"https:\\\/\\\/kuzeyinsesi.org\\\/index.php\\\/2024\\\/09\\\/13\\\/karaoglanoglu-antis-deniz-festivali-basladi\\\/#breadcrumb\",\"itemListElement\":[{\"@type\":\"ListItem\",\"position\":1,\"name\":\"Anasayfa\",\"item\":\"https:\\\/\\\/kuzeyinsesi.org\\\/\"},{\"@type\":\"ListItem\",\"position\":2,\"name\":\"Karao\u011flano\u011flu Antis Deniz Festivali ba\u015flad\u0131\"}]},{\"@type\":\"WebSite\",\"@id\":\"https:\\\/\\\/kuzeyinsesi.org\\\/#website\",\"url\":\"https:\\\/\\\/kuzeyinsesi.org\\\/\",\"name\":\"Kuzeyin Sesi\",\"description\":\"Do\u011fru Haberin Adresi\",\"potentialAction\":[{\"@type\":\"SearchAction\",\"target\":{\"@type\":\"EntryPoint\",\"urlTemplate\":\"https:\\\/\\\/kuzeyinsesi.org\\\/?s={search_term_string}\"},\"query-input\":{\"@type\":\"PropertyValueSpecification\",\"valueRequired\":true,\"valueName\":\"search_term_string\"}}],\"inLanguage\":\"tr\"},{\"@type\":\"Person\",\"@id\":\"https:\\\/\\\/kuzeyinsesi.org\\\/#\\\/schema\\\/person\\\/9f859689cdf01485597712386e37f5aa\",\"name\":\"Kuzeyin Sesi\",\"image\":{\"@type\":\"ImageObject\",\"inLanguage\":\"tr\",\"@id\":\"https:\\\/\\\/secure.gravatar.com\\\/avatar\\\/bab33852abfd8b282518d6ed81826833d77c3c882d9ab608add591ccace47a44?s=96&d=mm&r=g\",\"url\":\"https:\\\/\\\/secure.gravatar.com\\\/avatar\\\/bab33852abfd8b282518d6ed81826833d77c3c882d9ab608add591ccace47a44?s=96&d=mm&r=g\",\"contentUrl\":\"https:\\\/\\\/secure.gravatar.com\\\/avatar\\\/bab33852abfd8b282518d6ed81826833d77c3c882d9ab608add591ccace47a44?s=96&d=mm&r=g\",\"caption\":\"Kuzeyin Sesi\"},\"sameAs\":[\"https:\\\/\\\/kuzeyinsesi.org\"],\"url\":\"https:\\\/\\\/kuzeyinsesi.org\\\/index.php\\\/author\\\/guven\\\/\"}]}<\/script>\n<!-- \/ Yoast SEO plugin. -->","yoast_head_json":{"title":"Karao\u011flano\u011flu Antis Deniz Festivali ba\u015flad\u0131 - Kuzeyin Sesi","robots":{"index":"index","follow":"follow","max-snippet":"max-snippet:-1","max-image-preview":"max-image-preview:large","max-video-preview":"max-video-preview:-1"},"canonical":"https:\/\/kuzeyinsesi.org\/index.php\/2024\/09\/13\/karaoglanoglu-antis-deniz-festivali-basladi\/","og_locale":"tr_TR","og_type":"article","og_title":"Karao\u011flano\u011flu Antis Deniz Festivali ba\u015flad\u0131 - Kuzeyin Sesi","og_description":"\u00a0\u2018Girne Ark\u0131n Group Fest24\u2019 kapsam\u0131nda bu y\u0131l ikincisi ger\u00e7ekle\u015ftirilen \u2018Karao\u011flano\u011flu Antis Deniz Festivali\u2019 d\u00fcn Plaj Futbolu ile ba\u015flad\u0131. Plaj futbolu turnuvas\u0131nda 3 kad\u0131n futbol tak\u0131m\u0131 ve 4 erkek futbol tak\u0131m\u0131n\u0131n kat\u0131l\u0131m\u0131 ile 7 m\u00fcsabaka ger\u00e7ekle\u015fti. Girne Belediyesi\u2019nden yap\u0131lan a\u00e7\u0131klamaya g\u00f6re, 4 g\u00fcn boyunca devam edecek festival kapsam\u0131nda birbirinden \u00f6zel etkinliklerin yer alaca\u011f\u0131 \u2018Karao\u011flano\u011flu Antis Deniz [&hellip;]","og_url":"https:\/\/kuzeyinsesi.org\/index.php\/2024\/09\/13\/karaoglanoglu-antis-deniz-festivali-basladi\/","og_site_name":"Kuzeyin Sesi","article_publisher":"https:\/\/www.facebook.com\/kuzeyinsesii","article_published_time":"2024-09-13T12:17:05+00:00","og_image":[{"url":"https:\/\/brtk.net\/wp-content\/uploads\/2024\/09\/13\/antis-deniz-festivali4-scaled.jpg?ver=3c120daec8330100c2b975876ce53432","type":"","width":"","height":""}],"author":"Kuzeyin Sesi","twitter_card":"summary_large_image","twitter_creator":"@kuzeyinsesii","twitter_site":"@kuzeyinsesii","twitter_misc":{"Yazan:":"Kuzeyin Sesi","Tahmini okuma s\u00fcresi":"1 dakika"},"schema":{"@context":"https:\/\/schema.org","@graph":[{"@type":"Article","@id":"https:\/\/kuzeyinsesi.org\/index.php\/2024\/09\/13\/karaoglanoglu-antis-deniz-festivali-basladi\/#article","isPartOf":{"@id":"https:\/\/kuzeyinsesi.org\/index.php\/2024\/09\/13\/karaoglanoglu-antis-deniz-festivali-basladi\/"},"author":{"name":"Kuzeyin Sesi","@id":"https:\/\/kuzeyinsesi.org\/#\/schema\/person\/9f859689cdf01485597712386e37f5aa"},"headline":"Karao\u011flano\u011flu Antis Deniz Festivali ba\u015flad\u0131","datePublished":"2024-09-13T12:17:05+00:00","mainEntityOfPage":{"@id":"https:\/\/kuzeyinsesi.org\/index.php\/2024\/09\/13\/karaoglanoglu-antis-deniz-festivali-basladi\/"},"wordCount":198,"commentCount":0,"image":{"@id":"https:\/\/kuzeyinsesi.org\/index.php\/2024\/09\/13\/karaoglanoglu-antis-deniz-festivali-basladi\/#primaryimage"},"thumbnailUrl":"https:\/\/kuzeyinsesi.org\/wp-content\/uploads\/2024\/09\/antis-deniz-festivali4-scaled.jpg","articleSection":["Ya\u015fam"],"inLanguage":"tr","potentialAction":[{"@type":"CommentAction","name":"Comment","target":["https:\/\/kuzeyinsesi.org\/index.php\/2024\/09\/13\/karaoglanoglu-antis-deniz-festivali-basladi\/#respond"]}]},{"@type":"WebPage","@id":"https:\/\/kuzeyinsesi.org\/index.php\/2024\/09\/13\/karaoglanoglu-antis-deniz-festivali-basladi\/","url":"https:\/\/kuzeyinsesi.org\/index.php\/2024\/09\/13\/karaoglanoglu-antis-deniz-festivali-basladi\/","name":"Karao\u011flano\u011flu Antis Deniz Festivali ba\u015flad\u0131 - Kuzeyin Sesi","isPartOf":{"@id":"https:\/\/kuzeyinsesi.org\/#website"},"primaryImageOfPage":{"@id":"https:\/\/kuzeyinsesi.org\/index.php\/2024\/09\/13\/karaoglanoglu-antis-deniz-festivali-basladi\/#primaryimage"},"image":{"@id":"https:\/\/kuzeyinsesi.org\/index.php\/2024\/09\/13\/karaoglanoglu-antis-deniz-festivali-basladi\/#primaryimage"},"thumbnailUrl":"https:\/\/kuzeyinsesi.org\/wp-content\/uploads\/2024\/09\/antis-deniz-festivali4-scaled.jpg","datePublished":"2024-09-13T12:17:05+00:00","author":{"@id":"https:\/\/kuzeyinsesi.org\/#\/schema\/person\/9f859689cdf01485597712386e37f5aa"},"breadcrumb":{"@id":"https:\/\/kuzeyinsesi.org\/index.php\/2024\/09\/13\/karaoglanoglu-antis-deniz-festivali-basladi\/#breadcrumb"},"inLanguage":"tr","potentialAction":[{"@type":"ReadAction","target":["https:\/\/kuzeyinsesi.org\/index.php\/2024\/09\/13\/karaoglanoglu-antis-deniz-festivali-basladi\/"]}]},{"@type":"ImageObject","inLanguage":"tr","@id":"https:\/\/kuzeyinsesi.org\/index.php\/2024\/09\/13\/karaoglanoglu-antis-deniz-festivali-basladi\/#primaryimage","url":"https:\/\/kuzeyinsesi.org\/wp-content\/uploads\/2024\/09\/antis-deniz-festivali4-scaled.jpg","contentUrl":"https:\/\/kuzeyinsesi.org\/wp-content\/uploads\/2024\/09\/antis-deniz-festivali4-scaled.jpg","width":2560,"height":1711},{"@type":"BreadcrumbList","@id":"https:\/\/kuzeyinsesi.org\/index.php\/2024\/09\/13\/karaoglanoglu-antis-deniz-festivali-basladi\/#breadcrumb","itemListElement":[{"@type":"ListItem","position":1,"name":"Anasayfa","item":"https:\/\/kuzeyinsesi.org\/"},{"@type":"ListItem","position":2,"name":"Karao\u011flano\u011flu Antis Deniz Festivali ba\u015flad\u0131"}]},{"@type":"WebSite","@id":"https:\/\/kuzeyinsesi.org\/#website","url":"https:\/\/kuzeyinsesi.org\/","name":"Kuzeyin Sesi","description":"Do\u011fru Haberin Adresi","potentialAction":[{"@type":"SearchAction","target":{"@type":"EntryPoint","urlTemplate":"https:\/\/kuzeyinsesi.org\/?s={search_term_string}"},"query-input":{"@type":"PropertyValueSpecification","valueRequired":true,"valueName":"search_term_string"}}],"inLanguage":"tr"},{"@type":"Person","@id":"https:\/\/kuzeyinsesi.org\/#\/schema\/person\/9f859689cdf01485597712386e37f5aa","name":"Kuzeyin Sesi","image":{"@type":"ImageObject","inLanguage":"tr","@id":"https:\/\/secure.gravatar.com\/avatar\/bab33852abfd8b282518d6ed81826833d77c3c882d9ab608add591ccace47a44?s=96&d=mm&r=g","url":"https:\/\/secure.gravatar.com\/avatar\/bab33852abfd8b282518d6ed81826833d77c3c882d9ab608add591ccace47a44?s=96&d=mm&r=g","contentUrl":"https:\/\/secure.gravatar.com\/avatar\/bab33852abfd8b282518d6ed81826833d77c3c882d9ab608add591ccace47a44?s=96&d=mm&r=g","caption":"Kuzeyin Sesi"},"sameAs":["https:\/\/kuzeyinsesi.org"],"url":"https:\/\/kuzeyinsesi.org\/index.php\/author\/guven\/"}]}},"_links":{"self":[{"href":"https:\/\/kuzeyinsesi.org\/index.php\/wp-json\/wp\/v2\/posts\/9669","targetHints":{"allow":["GET"]}}],"collection":[{"href":"https:\/\/kuzeyinsesi.org\/index.php\/wp-json\/wp\/v2\/posts"}],"about":[{"href":"https:\/\/kuzeyinsesi.org\/index.php\/wp-json\/wp\/v2\/types\/post"}],"author":[{"embeddable":true,"href":"https:\/\/kuzeyinsesi.org\/index.php\/wp-json\/wp\/v2\/users\/1"}],"replies":[{"embeddable":true,"href":"https:\/\/kuzeyinsesi.org\/index.php\/wp-json\/wp\/v2\/comments?post=9669"}],"version-history":[{"count":0,"href":"https:\/\/kuzeyinsesi.org\/index.php\/wp-json\/wp\/v2\/posts\/9669\/revisions"}],"wp:featuredmedia":[{"embeddable":true,"href":"https:\/\/kuzeyinsesi.org\/index.php\/wp-json\/wp\/v2\/media\/9670"}],"wp:attachment":[{"href":"https:\/\/kuzeyinsesi.org\/index.php\/wp-json\/wp\/v2\/media?parent=9669"}],"wp:term":[{"taxonomy":"category","embeddable":true,"href":"https:\/\/kuzeyinsesi.org\/index.php\/wp-json\/wp\/v2\/categories?post=9669"},{"taxonomy":"post_tag","embeddable":true,"href":"https:\/\/kuzeyinsesi.org\/index.php\/wp-json\/wp\/v2\/tags?post=9669"}],"curies":[{"name":"wp","href":"https:\/\/api.w.org\/{rel}","templated":true}]}}