{"id":965,"date":"2024-04-30T05:07:21","date_gmt":"2024-04-30T02:07:21","guid":{"rendered":"https:\/\/kuzeyinsesi.com\/index.php\/2024\/04\/30\/abd-netanyahuya-yonelik-olasi-tutuklama-karari-konusunda-ucm-yetkisiz\/"},"modified":"2024-04-30T05:07:21","modified_gmt":"2024-04-30T02:07:21","slug":"abd-netanyahuya-yonelik-olasi-tutuklama-karari-konusunda-ucm-yetkisiz","status":"publish","type":"post","link":"https:\/\/kuzeyinsesi.org\/index.php\/2024\/04\/30\/abd-netanyahuya-yonelik-olasi-tutuklama-karari-konusunda-ucm-yetkisiz\/","title":{"rendered":"ABD: Netanyahu&#039;ya y\u00f6nelik olas\u0131 tutuklama karar\u0131 konusunda UCM yetkisiz"},"content":{"rendered":"<p><\/p>\n<div>\n<p>&#13;<br \/>\n\t<a href=\"https:\/\/www.trthaber.com\/etiket\/beyaz-saray\/\" target=\"_blank\" rel=\"noopener\">Beyaz Saray<\/a> S\u00f6zc\u00fcs\u00fc Karine Jean-Pierre, g\u00fcnl\u00fck bas\u0131n brifinginde UCM&#8217;nin Netanyahu&#8217;ya y\u00f6nelik muhtemel tutuklama karar\u0131na ili\u015fkin g\u00fcndemi de\u011ferlendirdi.<\/p>\n<p>&#13;<br \/>\n\tJean-Pierre, UCM&#8217;nin yetkileri konusunda <a href=\"https:\/\/www.trthaber.com\/etiket\/abd\/\" target=\"_blank\" rel=\"noopener\">ABD<\/a> olarak bug\u00fcne kadarki pozisyonlar\u0131n\u0131n de\u011fi\u015fmedi\u011fini ve mahkemenin \u0130srailli yetkililer hakk\u0131nda h\u00fck\u00fcm verme yetkisine sahip oldu\u011funu d\u00fc\u015f\u00fcnmediklerini s\u00f6yledi.<\/p>\n<p>&#13;<br \/>\n\tABD&#8217;li s\u00f6zc\u00fc, UCM&#8217;nin hem Hamas&#8217;\u0131n 7 Ekim&#8217;deki sald\u0131r\u0131lar\u0131 hem <a href=\"https:\/\/www.trthaber.com\/etiket\/israil\/\" target=\"_blank\" rel=\"noopener\">\u0130srail<\/a> y\u00f6netiminin Gazze&#8217;deki sald\u0131r\u0131lar\u0131yla ilgili olarak yetkisinin olmad\u0131\u011f\u0131n\u0131, &#8220;UCM soru\u015fturmas\u0131 konusunda g\u00f6r\u00fc\u015f\u00fcm\u00fcz a\u00e7\u0131k ve net. Biz bunu desteklemiyoruz ve onlar\u0131n bu alanda yarg\u0131 yetkisi oldu\u011funa inanm\u0131yoruz.&#8221; s\u00f6zleriyle savundu.<\/p>\n<p>&#13;<br \/>\n\t<strong>UCM&#8217;den Netanyahu&#8217;ya tutuklama karar\u0131 iddias\u0131<\/strong><\/p>\n<p>&#13;<br \/>\n\t\u0130srail Ba\u015fbakan\u0131 <a href=\"https:\/\/www.trthaber.com\/etiket\/netanyahu\/\" target=\"_blank\" rel=\"noopener\">Netanyahu<\/a> ile ABD Ba\u015fkan\u0131 <a href=\"https:\/\/www.trthaber.com\/etiket\/joe-biden\/\" target=\"_blank\" rel=\"noopener\">Joe Biden<\/a> aras\u0131nda d\u00fcn ger\u00e7ekle\u015ftirilen telefon g\u00f6r\u00fc\u015fmesinde, UCM&#8217;nin <a href=\"https:\/\/www.trthaber.com\/etiket\/gazze\/\" target=\"_blank\" rel=\"noopener\">Gazze<\/a> \u015eeridi&#8217;ne y\u00f6nelik sald\u0131r\u0131lar nedeniyle \u0130srailli yetkililer hakk\u0131nda olas\u0131 tutuklama karar\u0131n\u0131n g\u00fcndeme geldi\u011fi iddia edilmi\u015fti.<\/p>\n<p>&#13;<br \/>\n\t\u0130srail&#8217;in &#8220;Walla&#8221; internet sitesindeki haberde, \u0130srailli yetkililerin UCM&#8217;nin Netanyahu, Savunma Bakan\u0131 Yoav Gallant ve \u0130srail <a href=\"https:\/\/www.trthaber.com\/etiket\/genelkurmay\/\" target=\"_blank\" rel=\"noopener\">Genelkurmay<\/a> Ba\u015fkan\u0131 Herzi Halevi hakk\u0131nda tutuklama emri \u00e7\u0131kartmaya haz\u0131rland\u0131\u011f\u0131 konusunda son iki haftad\u0131r daha fazla endi\u015fe duymaya ba\u015flad\u0131\u011f\u0131 belirtilmi\u015fti.<\/p>\n<p>&#13;<br \/>\n\tAd\u0131 a\u00e7\u0131klanmayan \u0130srailli 2 yetkiliye dayand\u0131r\u0131lan haberde, Netanyahu&#8217;nun, UCM&#8217;nin olas\u0131 tutuklama karar\u0131na ili\u015fkin endi\u015felerini Biden&#8217;e iletti\u011fi kaydedilmi\u015fti.<\/p>\n<p>&#13;<br \/>\n\tG\u00f6r\u00fc\u015fmede, Netanyahu&#8217;nun Biden&#8217;dan UCM&#8217;nin olas\u0131 tutuklama karar\u0131n\u0131 engellemek i\u00e7in yard\u0131m istedi\u011fi aktar\u0131lm\u0131\u015ft\u0131.<\/p>\n<\/p><\/div>\n","protected":false},"excerpt":{"rendered":"<p>&#13; Beyaz Saray S\u00f6zc\u00fcs\u00fc Karine Jean-Pierre, g\u00fcnl\u00fck bas\u0131n brifinginde UCM&#8217;nin Netanyahu&#8217;ya y\u00f6nelik muhtemel tutuklama karar\u0131na ili\u015fkin g\u00fcndemi de\u011ferlendirdi. &#13; Jean-Pierre, UCM&#8217;nin yetkileri konusunda ABD olarak bug\u00fcne kadarki pozisyonlar\u0131n\u0131n de\u011fi\u015fmedi\u011fini ve mahkemenin \u0130srailli yetkililer hakk\u0131nda h\u00fck\u00fcm verme yetkisine sahip oldu\u011funu d\u00fc\u015f\u00fcnmediklerini s\u00f6yledi. &#13; ABD&#8217;li s\u00f6zc\u00fc, UCM&#8217;nin hem Hamas&#8217;\u0131n 7 Ekim&#8217;deki sald\u0131r\u0131lar\u0131 hem \u0130srail y\u00f6netiminin Gazze&#8217;deki sald\u0131r\u0131lar\u0131yla [&hellip;]<\/p>\n","protected":false},"author":1,"featured_media":966,"comment_status":"open","ping_status":"open","sticky":false,"template":"","format":"standard","meta":{"jnews-multi-image_gallery":[],"jnews_single_post":[],"jnews_primary_category":[],"jnews_social_meta":[],"jnews_override_counter":[],"footnotes":""},"categories":[2],"tags":[],"class_list":["post-965","post","type-post","status-publish","format-standard","has-post-thumbnail","hentry","category-dunya"],"yoast_head":"<!-- This site is optimized with the Yoast SEO plugin v27.5 - https:\/\/yoast.com\/product\/yoast-seo-wordpress\/ -->\n<title>ABD: Netanyahu&#039;ya y\u00f6nelik olas\u0131 tutuklama karar\u0131 konusunda UCM yetkisiz - Kuzeyin Sesi<\/title>\n<meta name=\"robots\" content=\"index, follow, max-snippet:-1, max-image-preview:large, max-video-preview:-1\" \/>\n<link rel=\"canonical\" href=\"https:\/\/kuzeyinsesi.org\/index.php\/2024\/04\/30\/abd-netanyahuya-yonelik-olasi-tutuklama-karari-konusunda-ucm-yetkisiz\/\" \/>\n<meta property=\"og:locale\" content=\"tr_TR\" \/>\n<meta property=\"og:type\" content=\"article\" \/>\n<meta property=\"og:title\" content=\"ABD: Netanyahu&#039;ya y\u00f6nelik olas\u0131 tutuklama karar\u0131 konusunda UCM yetkisiz - Kuzeyin Sesi\" \/>\n<meta property=\"og:description\" content=\"&#013; Beyaz Saray S\u00f6zc\u00fcs\u00fc Karine Jean-Pierre, g\u00fcnl\u00fck bas\u0131n brifinginde UCM&#8217;nin Netanyahu&#8217;ya y\u00f6nelik muhtemel tutuklama karar\u0131na ili\u015fkin g\u00fcndemi de\u011ferlendirdi. &#013; Jean-Pierre, UCM&#8217;nin yetkileri konusunda ABD olarak bug\u00fcne kadarki pozisyonlar\u0131n\u0131n de\u011fi\u015fmedi\u011fini ve mahkemenin \u0130srailli yetkililer hakk\u0131nda h\u00fck\u00fcm verme yetkisine sahip oldu\u011funu d\u00fc\u015f\u00fcnmediklerini s\u00f6yledi. &#013; ABD&#8217;li s\u00f6zc\u00fc, UCM&#8217;nin hem Hamas&#8217;\u0131n 7 Ekim&#8217;deki sald\u0131r\u0131lar\u0131 hem \u0130srail y\u00f6netiminin Gazze&#8217;deki sald\u0131r\u0131lar\u0131yla [&hellip;]\" \/>\n<meta property=\"og:url\" content=\"https:\/\/kuzeyinsesi.org\/index.php\/2024\/04\/30\/abd-netanyahuya-yonelik-olasi-tutuklama-karari-konusunda-ucm-yetkisiz\/\" \/>\n<meta property=\"og:site_name\" content=\"Kuzeyin Sesi\" \/>\n<meta property=\"article:publisher\" content=\"https:\/\/www.facebook.com\/kuzeyinsesii\" \/>\n<meta property=\"article:published_time\" content=\"2024-04-30T02:07:21+00:00\" \/>\n<meta property=\"og:image\" content=\"https:\/\/kuzeyinsesi.org\/wp-content\/uploads\/2024\/04\/1714442842_netanyahu-ap-2150856.jpg\" \/>\n\t<meta property=\"og:image:width\" content=\"1280\" \/>\n\t<meta property=\"og:image:height\" content=\"720\" \/>\n\t<meta property=\"og:image:type\" content=\"image\/jpeg\" \/>\n<meta name=\"author\" content=\"Kuzeyin Sesi\" \/>\n<meta name=\"twitter:card\" content=\"summary_large_image\" \/>\n<meta name=\"twitter:creator\" content=\"@kuzeyinsesii\" \/>\n<meta name=\"twitter:site\" content=\"@kuzeyinsesii\" \/>\n<meta name=\"twitter:label1\" content=\"Yazan:\" \/>\n\t<meta name=\"twitter:data1\" content=\"Kuzeyin Sesi\" \/>\n\t<meta name=\"twitter:label2\" content=\"Tahmini okuma s\u00fcresi\" \/>\n\t<meta name=\"twitter:data2\" content=\"1 dakika\" \/>\n<script type=\"application\/ld+json\" class=\"yoast-schema-graph\">{\"@context\":\"https:\\\/\\\/schema.org\",\"@graph\":[{\"@type\":\"Article\",\"@id\":\"https:\\\/\\\/kuzeyinsesi.org\\\/index.php\\\/2024\\\/04\\\/30\\\/abd-netanyahuya-yonelik-olasi-tutuklama-karari-konusunda-ucm-yetkisiz\\\/#article\",\"isPartOf\":{\"@id\":\"https:\\\/\\\/kuzeyinsesi.org\\\/index.php\\\/2024\\\/04\\\/30\\\/abd-netanyahuya-yonelik-olasi-tutuklama-karari-konusunda-ucm-yetkisiz\\\/\"},\"author\":{\"name\":\"Kuzeyin Sesi\",\"@id\":\"https:\\\/\\\/kuzeyinsesi.org\\\/#\\\/schema\\\/person\\\/9f859689cdf01485597712386e37f5aa\"},\"headline\":\"ABD: Netanyahu&#039;ya y\u00f6nelik olas\u0131 tutuklama karar\u0131 konusunda UCM yetkisiz\",\"datePublished\":\"2024-04-30T02:07:21+00:00\",\"mainEntityOfPage\":{\"@id\":\"https:\\\/\\\/kuzeyinsesi.org\\\/index.php\\\/2024\\\/04\\\/30\\\/abd-netanyahuya-yonelik-olasi-tutuklama-karari-konusunda-ucm-yetkisiz\\\/\"},\"wordCount\":281,\"commentCount\":0,\"image\":{\"@id\":\"https:\\\/\\\/kuzeyinsesi.org\\\/index.php\\\/2024\\\/04\\\/30\\\/abd-netanyahuya-yonelik-olasi-tutuklama-karari-konusunda-ucm-yetkisiz\\\/#primaryimage\"},\"thumbnailUrl\":\"https:\\\/\\\/kuzeyinsesi.org\\\/wp-content\\\/uploads\\\/2024\\\/04\\\/1714442842_netanyahu-ap-2150856.jpg\",\"articleSection\":[\"D\u00fcnya\"],\"inLanguage\":\"tr\",\"potentialAction\":[{\"@type\":\"CommentAction\",\"name\":\"Comment\",\"target\":[\"https:\\\/\\\/kuzeyinsesi.org\\\/index.php\\\/2024\\\/04\\\/30\\\/abd-netanyahuya-yonelik-olasi-tutuklama-karari-konusunda-ucm-yetkisiz\\\/#respond\"]}]},{\"@type\":\"WebPage\",\"@id\":\"https:\\\/\\\/kuzeyinsesi.org\\\/index.php\\\/2024\\\/04\\\/30\\\/abd-netanyahuya-yonelik-olasi-tutuklama-karari-konusunda-ucm-yetkisiz\\\/\",\"url\":\"https:\\\/\\\/kuzeyinsesi.org\\\/index.php\\\/2024\\\/04\\\/30\\\/abd-netanyahuya-yonelik-olasi-tutuklama-karari-konusunda-ucm-yetkisiz\\\/\",\"name\":\"ABD: Netanyahu&#039;ya y\u00f6nelik olas\u0131 tutuklama karar\u0131 konusunda UCM yetkisiz - Kuzeyin Sesi\",\"isPartOf\":{\"@id\":\"https:\\\/\\\/kuzeyinsesi.org\\\/#website\"},\"primaryImageOfPage\":{\"@id\":\"https:\\\/\\\/kuzeyinsesi.org\\\/index.php\\\/2024\\\/04\\\/30\\\/abd-netanyahuya-yonelik-olasi-tutuklama-karari-konusunda-ucm-yetkisiz\\\/#primaryimage\"},\"image\":{\"@id\":\"https:\\\/\\\/kuzeyinsesi.org\\\/index.php\\\/2024\\\/04\\\/30\\\/abd-netanyahuya-yonelik-olasi-tutuklama-karari-konusunda-ucm-yetkisiz\\\/#primaryimage\"},\"thumbnailUrl\":\"https:\\\/\\\/kuzeyinsesi.org\\\/wp-content\\\/uploads\\\/2024\\\/04\\\/1714442842_netanyahu-ap-2150856.jpg\",\"datePublished\":\"2024-04-30T02:07:21+00:00\",\"author\":{\"@id\":\"https:\\\/\\\/kuzeyinsesi.org\\\/#\\\/schema\\\/person\\\/9f859689cdf01485597712386e37f5aa\"},\"breadcrumb\":{\"@id\":\"https:\\\/\\\/kuzeyinsesi.org\\\/index.php\\\/2024\\\/04\\\/30\\\/abd-netanyahuya-yonelik-olasi-tutuklama-karari-konusunda-ucm-yetkisiz\\\/#breadcrumb\"},\"inLanguage\":\"tr\",\"potentialAction\":[{\"@type\":\"ReadAction\",\"target\":[\"https:\\\/\\\/kuzeyinsesi.org\\\/index.php\\\/2024\\\/04\\\/30\\\/abd-netanyahuya-yonelik-olasi-tutuklama-karari-konusunda-ucm-yetkisiz\\\/\"]}]},{\"@type\":\"ImageObject\",\"inLanguage\":\"tr\",\"@id\":\"https:\\\/\\\/kuzeyinsesi.org\\\/index.php\\\/2024\\\/04\\\/30\\\/abd-netanyahuya-yonelik-olasi-tutuklama-karari-konusunda-ucm-yetkisiz\\\/#primaryimage\",\"url\":\"https:\\\/\\\/kuzeyinsesi.org\\\/wp-content\\\/uploads\\\/2024\\\/04\\\/1714442842_netanyahu-ap-2150856.jpg\",\"contentUrl\":\"https:\\\/\\\/kuzeyinsesi.org\\\/wp-content\\\/uploads\\\/2024\\\/04\\\/1714442842_netanyahu-ap-2150856.jpg\",\"width\":1280,\"height\":720},{\"@type\":\"BreadcrumbList\",\"@id\":\"https:\\\/\\\/kuzeyinsesi.org\\\/index.php\\\/2024\\\/04\\\/30\\\/abd-netanyahuya-yonelik-olasi-tutuklama-karari-konusunda-ucm-yetkisiz\\\/#breadcrumb\",\"itemListElement\":[{\"@type\":\"ListItem\",\"position\":1,\"name\":\"Anasayfa\",\"item\":\"https:\\\/\\\/kuzeyinsesi.org\\\/\"},{\"@type\":\"ListItem\",\"position\":2,\"name\":\"ABD: Netanyahu&#039;ya y\u00f6nelik olas\u0131 tutuklama karar\u0131 konusunda UCM yetkisiz\"}]},{\"@type\":\"WebSite\",\"@id\":\"https:\\\/\\\/kuzeyinsesi.org\\\/#website\",\"url\":\"https:\\\/\\\/kuzeyinsesi.org\\\/\",\"name\":\"Kuzeyin Sesi\",\"description\":\"Do\u011fru Haberin Adresi\",\"potentialAction\":[{\"@type\":\"SearchAction\",\"target\":{\"@type\":\"EntryPoint\",\"urlTemplate\":\"https:\\\/\\\/kuzeyinsesi.org\\\/?s={search_term_string}\"},\"query-input\":{\"@type\":\"PropertyValueSpecification\",\"valueRequired\":true,\"valueName\":\"search_term_string\"}}],\"inLanguage\":\"tr\"},{\"@type\":\"Person\",\"@id\":\"https:\\\/\\\/kuzeyinsesi.org\\\/#\\\/schema\\\/person\\\/9f859689cdf01485597712386e37f5aa\",\"name\":\"Kuzeyin Sesi\",\"image\":{\"@type\":\"ImageObject\",\"inLanguage\":\"tr\",\"@id\":\"https:\\\/\\\/secure.gravatar.com\\\/avatar\\\/bab33852abfd8b282518d6ed81826833d77c3c882d9ab608add591ccace47a44?s=96&d=mm&r=g\",\"url\":\"https:\\\/\\\/secure.gravatar.com\\\/avatar\\\/bab33852abfd8b282518d6ed81826833d77c3c882d9ab608add591ccace47a44?s=96&d=mm&r=g\",\"contentUrl\":\"https:\\\/\\\/secure.gravatar.com\\\/avatar\\\/bab33852abfd8b282518d6ed81826833d77c3c882d9ab608add591ccace47a44?s=96&d=mm&r=g\",\"caption\":\"Kuzeyin Sesi\"},\"sameAs\":[\"https:\\\/\\\/kuzeyinsesi.org\"],\"url\":\"https:\\\/\\\/kuzeyinsesi.org\\\/index.php\\\/author\\\/guven\\\/\"}]}<\/script>\n<!-- \/ Yoast SEO plugin. -->","yoast_head_json":{"title":"ABD: Netanyahu&#039;ya y\u00f6nelik olas\u0131 tutuklama karar\u0131 konusunda UCM yetkisiz - Kuzeyin Sesi","robots":{"index":"index","follow":"follow","max-snippet":"max-snippet:-1","max-image-preview":"max-image-preview:large","max-video-preview":"max-video-preview:-1"},"canonical":"https:\/\/kuzeyinsesi.org\/index.php\/2024\/04\/30\/abd-netanyahuya-yonelik-olasi-tutuklama-karari-konusunda-ucm-yetkisiz\/","og_locale":"tr_TR","og_type":"article","og_title":"ABD: Netanyahu&#039;ya y\u00f6nelik olas\u0131 tutuklama karar\u0131 konusunda UCM yetkisiz - Kuzeyin Sesi","og_description":"&#13; Beyaz Saray S\u00f6zc\u00fcs\u00fc Karine Jean-Pierre, g\u00fcnl\u00fck bas\u0131n brifinginde UCM&#8217;nin Netanyahu&#8217;ya y\u00f6nelik muhtemel tutuklama karar\u0131na ili\u015fkin g\u00fcndemi de\u011ferlendirdi. &#13; Jean-Pierre, UCM&#8217;nin yetkileri konusunda ABD olarak bug\u00fcne kadarki pozisyonlar\u0131n\u0131n de\u011fi\u015fmedi\u011fini ve mahkemenin \u0130srailli yetkililer hakk\u0131nda h\u00fck\u00fcm verme yetkisine sahip oldu\u011funu d\u00fc\u015f\u00fcnmediklerini s\u00f6yledi. &#13; ABD&#8217;li s\u00f6zc\u00fc, UCM&#8217;nin hem Hamas&#8217;\u0131n 7 Ekim&#8217;deki sald\u0131r\u0131lar\u0131 hem \u0130srail y\u00f6netiminin Gazze&#8217;deki sald\u0131r\u0131lar\u0131yla [&hellip;]","og_url":"https:\/\/kuzeyinsesi.org\/index.php\/2024\/04\/30\/abd-netanyahuya-yonelik-olasi-tutuklama-karari-konusunda-ucm-yetkisiz\/","og_site_name":"Kuzeyin Sesi","article_publisher":"https:\/\/www.facebook.com\/kuzeyinsesii","article_published_time":"2024-04-30T02:07:21+00:00","og_image":[{"width":1280,"height":720,"url":"https:\/\/kuzeyinsesi.org\/wp-content\/uploads\/2024\/04\/1714442842_netanyahu-ap-2150856.jpg","type":"image\/jpeg"}],"author":"Kuzeyin Sesi","twitter_card":"summary_large_image","twitter_creator":"@kuzeyinsesii","twitter_site":"@kuzeyinsesii","twitter_misc":{"Yazan:":"Kuzeyin Sesi","Tahmini okuma s\u00fcresi":"1 dakika"},"schema":{"@context":"https:\/\/schema.org","@graph":[{"@type":"Article","@id":"https:\/\/kuzeyinsesi.org\/index.php\/2024\/04\/30\/abd-netanyahuya-yonelik-olasi-tutuklama-karari-konusunda-ucm-yetkisiz\/#article","isPartOf":{"@id":"https:\/\/kuzeyinsesi.org\/index.php\/2024\/04\/30\/abd-netanyahuya-yonelik-olasi-tutuklama-karari-konusunda-ucm-yetkisiz\/"},"author":{"name":"Kuzeyin Sesi","@id":"https:\/\/kuzeyinsesi.org\/#\/schema\/person\/9f859689cdf01485597712386e37f5aa"},"headline":"ABD: Netanyahu&#039;ya y\u00f6nelik olas\u0131 tutuklama karar\u0131 konusunda UCM yetkisiz","datePublished":"2024-04-30T02:07:21+00:00","mainEntityOfPage":{"@id":"https:\/\/kuzeyinsesi.org\/index.php\/2024\/04\/30\/abd-netanyahuya-yonelik-olasi-tutuklama-karari-konusunda-ucm-yetkisiz\/"},"wordCount":281,"commentCount":0,"image":{"@id":"https:\/\/kuzeyinsesi.org\/index.php\/2024\/04\/30\/abd-netanyahuya-yonelik-olasi-tutuklama-karari-konusunda-ucm-yetkisiz\/#primaryimage"},"thumbnailUrl":"https:\/\/kuzeyinsesi.org\/wp-content\/uploads\/2024\/04\/1714442842_netanyahu-ap-2150856.jpg","articleSection":["D\u00fcnya"],"inLanguage":"tr","potentialAction":[{"@type":"CommentAction","name":"Comment","target":["https:\/\/kuzeyinsesi.org\/index.php\/2024\/04\/30\/abd-netanyahuya-yonelik-olasi-tutuklama-karari-konusunda-ucm-yetkisiz\/#respond"]}]},{"@type":"WebPage","@id":"https:\/\/kuzeyinsesi.org\/index.php\/2024\/04\/30\/abd-netanyahuya-yonelik-olasi-tutuklama-karari-konusunda-ucm-yetkisiz\/","url":"https:\/\/kuzeyinsesi.org\/index.php\/2024\/04\/30\/abd-netanyahuya-yonelik-olasi-tutuklama-karari-konusunda-ucm-yetkisiz\/","name":"ABD: Netanyahu&#039;ya y\u00f6nelik olas\u0131 tutuklama karar\u0131 konusunda UCM yetkisiz - Kuzeyin Sesi","isPartOf":{"@id":"https:\/\/kuzeyinsesi.org\/#website"},"primaryImageOfPage":{"@id":"https:\/\/kuzeyinsesi.org\/index.php\/2024\/04\/30\/abd-netanyahuya-yonelik-olasi-tutuklama-karari-konusunda-ucm-yetkisiz\/#primaryimage"},"image":{"@id":"https:\/\/kuzeyinsesi.org\/index.php\/2024\/04\/30\/abd-netanyahuya-yonelik-olasi-tutuklama-karari-konusunda-ucm-yetkisiz\/#primaryimage"},"thumbnailUrl":"https:\/\/kuzeyinsesi.org\/wp-content\/uploads\/2024\/04\/1714442842_netanyahu-ap-2150856.jpg","datePublished":"2024-04-30T02:07:21+00:00","author":{"@id":"https:\/\/kuzeyinsesi.org\/#\/schema\/person\/9f859689cdf01485597712386e37f5aa"},"breadcrumb":{"@id":"https:\/\/kuzeyinsesi.org\/index.php\/2024\/04\/30\/abd-netanyahuya-yonelik-olasi-tutuklama-karari-konusunda-ucm-yetkisiz\/#breadcrumb"},"inLanguage":"tr","potentialAction":[{"@type":"ReadAction","target":["https:\/\/kuzeyinsesi.org\/index.php\/2024\/04\/30\/abd-netanyahuya-yonelik-olasi-tutuklama-karari-konusunda-ucm-yetkisiz\/"]}]},{"@type":"ImageObject","inLanguage":"tr","@id":"https:\/\/kuzeyinsesi.org\/index.php\/2024\/04\/30\/abd-netanyahuya-yonelik-olasi-tutuklama-karari-konusunda-ucm-yetkisiz\/#primaryimage","url":"https:\/\/kuzeyinsesi.org\/wp-content\/uploads\/2024\/04\/1714442842_netanyahu-ap-2150856.jpg","contentUrl":"https:\/\/kuzeyinsesi.org\/wp-content\/uploads\/2024\/04\/1714442842_netanyahu-ap-2150856.jpg","width":1280,"height":720},{"@type":"BreadcrumbList","@id":"https:\/\/kuzeyinsesi.org\/index.php\/2024\/04\/30\/abd-netanyahuya-yonelik-olasi-tutuklama-karari-konusunda-ucm-yetkisiz\/#breadcrumb","itemListElement":[{"@type":"ListItem","position":1,"name":"Anasayfa","item":"https:\/\/kuzeyinsesi.org\/"},{"@type":"ListItem","position":2,"name":"ABD: Netanyahu&#039;ya y\u00f6nelik olas\u0131 tutuklama karar\u0131 konusunda UCM yetkisiz"}]},{"@type":"WebSite","@id":"https:\/\/kuzeyinsesi.org\/#website","url":"https:\/\/kuzeyinsesi.org\/","name":"Kuzeyin Sesi","description":"Do\u011fru Haberin Adresi","potentialAction":[{"@type":"SearchAction","target":{"@type":"EntryPoint","urlTemplate":"https:\/\/kuzeyinsesi.org\/?s={search_term_string}"},"query-input":{"@type":"PropertyValueSpecification","valueRequired":true,"valueName":"search_term_string"}}],"inLanguage":"tr"},{"@type":"Person","@id":"https:\/\/kuzeyinsesi.org\/#\/schema\/person\/9f859689cdf01485597712386e37f5aa","name":"Kuzeyin Sesi","image":{"@type":"ImageObject","inLanguage":"tr","@id":"https:\/\/secure.gravatar.com\/avatar\/bab33852abfd8b282518d6ed81826833d77c3c882d9ab608add591ccace47a44?s=96&d=mm&r=g","url":"https:\/\/secure.gravatar.com\/avatar\/bab33852abfd8b282518d6ed81826833d77c3c882d9ab608add591ccace47a44?s=96&d=mm&r=g","contentUrl":"https:\/\/secure.gravatar.com\/avatar\/bab33852abfd8b282518d6ed81826833d77c3c882d9ab608add591ccace47a44?s=96&d=mm&r=g","caption":"Kuzeyin Sesi"},"sameAs":["https:\/\/kuzeyinsesi.org"],"url":"https:\/\/kuzeyinsesi.org\/index.php\/author\/guven\/"}]}},"_links":{"self":[{"href":"https:\/\/kuzeyinsesi.org\/index.php\/wp-json\/wp\/v2\/posts\/965","targetHints":{"allow":["GET"]}}],"collection":[{"href":"https:\/\/kuzeyinsesi.org\/index.php\/wp-json\/wp\/v2\/posts"}],"about":[{"href":"https:\/\/kuzeyinsesi.org\/index.php\/wp-json\/wp\/v2\/types\/post"}],"author":[{"embeddable":true,"href":"https:\/\/kuzeyinsesi.org\/index.php\/wp-json\/wp\/v2\/users\/1"}],"replies":[{"embeddable":true,"href":"https:\/\/kuzeyinsesi.org\/index.php\/wp-json\/wp\/v2\/comments?post=965"}],"version-history":[{"count":0,"href":"https:\/\/kuzeyinsesi.org\/index.php\/wp-json\/wp\/v2\/posts\/965\/revisions"}],"wp:featuredmedia":[{"embeddable":true,"href":"https:\/\/kuzeyinsesi.org\/index.php\/wp-json\/wp\/v2\/media\/966"}],"wp:attachment":[{"href":"https:\/\/kuzeyinsesi.org\/index.php\/wp-json\/wp\/v2\/media?parent=965"}],"wp:term":[{"taxonomy":"category","embeddable":true,"href":"https:\/\/kuzeyinsesi.org\/index.php\/wp-json\/wp\/v2\/categories?post=965"},{"taxonomy":"post_tag","embeddable":true,"href":"https:\/\/kuzeyinsesi.org\/index.php\/wp-json\/wp\/v2\/tags?post=965"}],"curies":[{"name":"wp","href":"https:\/\/api.w.org\/{rel}","templated":true}]}}