{"id":9634,"date":"2024-09-13T09:50:50","date_gmt":"2024-09-13T06:50:50","guid":{"rendered":"https:\/\/kuzeyinsesi.org\/index.php\/2024\/09\/13\/serim-kibris-turkunun-her-alanda-mureffeh-yarinlara-ulasmasi-icin-istisarelerde-bulunduk\/"},"modified":"2024-09-13T09:50:50","modified_gmt":"2024-09-13T06:50:50","slug":"serim-kibris-turkunun-her-alanda-mureffeh-yarinlara-ulasmasi-icin-istisarelerde-bulunduk","status":"publish","type":"post","link":"https:\/\/kuzeyinsesi.org\/index.php\/2024\/09\/13\/serim-kibris-turkunun-her-alanda-mureffeh-yarinlara-ulasmasi-icin-istisarelerde-bulunduk\/","title":{"rendered":"Serim: K\u0131br\u0131s T\u00fcrk\u00fc\u2019n\u00fcn her alanda m\u00fcreffeh yar\u0131nlara ula\u015fmas\u0131 i\u00e7in isti\u015farelerde bulunduk"},"content":{"rendered":"<div>\n<div class=\"mariselle-image-container center\">\n                                            <\/div>\n<p>T\u00fcrkiye Cumhurba\u015fkan\u0131 Yard\u0131mc\u0131s\u0131 Cevdet Y\u0131lmaz, T\u00fcrkiye\u2019nin Lefko\u015fa B\u00fcy\u00fckel\u00e7isi Yasin Ekrem Serim\u2019i kabul etti, KKTC\u2018de y\u00fcr\u00fct\u00fclen \u00e7al\u0131\u015fmalar hakk\u0131nda isti\u015farelerde bulunuldu.<\/p>\n<p> Serim, TC Cumhurba\u015fkan\u0131 Yard\u0131mc\u0131s\u0131 Cevdet Y\u0131lmaz taraf\u0131ndan kabul edildi. <\/p>\n<p>Kabule ili\u015fkin sosyal medya hesab\u0131 \u00fczerinden payla\u015f\u0131m yapan Serim, \u201cCumhurba\u015fkan\u0131 Yard\u0131mc\u0131m\u0131z Say\u0131n Cevdet Y\u0131lmaz\u2019\u0131n kabullerinde, K\u0131br\u0131s \u0130\u015fleri Koordinat\u00f6r\u00fcm\u00fczle birlikte K\u0131br\u0131s T\u00fcrk\u00fcn\u00fcn her alanda m\u00fcreffeh yar\u0131nlara ula\u015fmas\u0131 i\u00e7in KKTC\u2019de y\u00fcr\u00fct\u00fclen \u00e7al\u0131\u015fmalar hakk\u0131nda isti\u015farelerde bulunduk.<br \/>T\u00fcm projelerin en h\u0131zl\u0131 \u015fekilde hayata ge\u00e7irilmesini teminen i\u015f planlamalar\u0131m\u0131z\u0131 yapt\u0131k\u201d dedi.<\/p>\n<\/p><\/div>\n<p><script async\n                    defer\n                    crossorigin=\"anonymous\"\n                    src=\"https:\/\/connect.facebook.net\/tr_TR\/sdk.js#xfbml=1&#038;version=v3.3\"\n            ><\/script><\/p>\n","protected":false},"excerpt":{"rendered":"<p>T\u00fcrkiye Cumhurba\u015fkan\u0131 Yard\u0131mc\u0131s\u0131 Cevdet Y\u0131lmaz, T\u00fcrkiye\u2019nin Lefko\u015fa B\u00fcy\u00fckel\u00e7isi Yasin Ekrem Serim\u2019i kabul etti, KKTC\u2018de y\u00fcr\u00fct\u00fclen \u00e7al\u0131\u015fmalar hakk\u0131nda isti\u015farelerde bulunuldu. Serim, TC Cumhurba\u015fkan\u0131 Yard\u0131mc\u0131s\u0131 Cevdet Y\u0131lmaz taraf\u0131ndan kabul edildi. Kabule ili\u015fkin sosyal medya hesab\u0131 \u00fczerinden payla\u015f\u0131m yapan Serim, \u201cCumhurba\u015fkan\u0131 Yard\u0131mc\u0131m\u0131z Say\u0131n Cevdet Y\u0131lmaz\u2019\u0131n kabullerinde, K\u0131br\u0131s \u0130\u015fleri Koordinat\u00f6r\u00fcm\u00fczle birlikte K\u0131br\u0131s T\u00fcrk\u00fcn\u00fcn her alanda m\u00fcreffeh yar\u0131nlara ula\u015fmas\u0131 i\u00e7in [&hellip;]<\/p>\n","protected":false},"author":1,"featured_media":9635,"comment_status":"open","ping_status":"open","sticky":false,"template":"","format":"standard","meta":{"jnews-multi-image_gallery":[],"jnews_single_post":[],"jnews_primary_category":[],"jnews_social_meta":[],"jnews_override_counter":[],"footnotes":""},"categories":[5],"tags":[],"class_list":["post-9634","post","type-post","status-publish","format-standard","has-post-thumbnail","hentry","category-turkiye"],"yoast_head":"<!-- This site is optimized with the Yoast SEO plugin v27.4 - https:\/\/yoast.com\/product\/yoast-seo-wordpress\/ -->\n<title>Serim: K\u0131br\u0131s T\u00fcrk\u00fc\u2019n\u00fcn her alanda m\u00fcreffeh yar\u0131nlara ula\u015fmas\u0131 i\u00e7in isti\u015farelerde bulunduk - Kuzeyin Sesi<\/title>\n<meta name=\"robots\" content=\"index, follow, max-snippet:-1, max-image-preview:large, max-video-preview:-1\" \/>\n<link rel=\"canonical\" href=\"https:\/\/kuzeyinsesi.org\/index.php\/2024\/09\/13\/serim-kibris-turkunun-her-alanda-mureffeh-yarinlara-ulasmasi-icin-istisarelerde-bulunduk\/\" \/>\n<meta property=\"og:locale\" content=\"tr_TR\" \/>\n<meta property=\"og:type\" content=\"article\" \/>\n<meta property=\"og:title\" content=\"Serim: K\u0131br\u0131s T\u00fcrk\u00fc\u2019n\u00fcn her alanda m\u00fcreffeh yar\u0131nlara ula\u015fmas\u0131 i\u00e7in isti\u015farelerde bulunduk - Kuzeyin Sesi\" \/>\n<meta property=\"og:description\" content=\"T\u00fcrkiye Cumhurba\u015fkan\u0131 Yard\u0131mc\u0131s\u0131 Cevdet Y\u0131lmaz, T\u00fcrkiye\u2019nin Lefko\u015fa B\u00fcy\u00fckel\u00e7isi Yasin Ekrem Serim\u2019i kabul etti, KKTC\u2018de y\u00fcr\u00fct\u00fclen \u00e7al\u0131\u015fmalar hakk\u0131nda isti\u015farelerde bulunuldu. Serim, TC Cumhurba\u015fkan\u0131 Yard\u0131mc\u0131s\u0131 Cevdet Y\u0131lmaz taraf\u0131ndan kabul edildi. Kabule ili\u015fkin sosyal medya hesab\u0131 \u00fczerinden payla\u015f\u0131m yapan Serim, \u201cCumhurba\u015fkan\u0131 Yard\u0131mc\u0131m\u0131z Say\u0131n Cevdet Y\u0131lmaz\u2019\u0131n kabullerinde, K\u0131br\u0131s \u0130\u015fleri Koordinat\u00f6r\u00fcm\u00fczle birlikte K\u0131br\u0131s T\u00fcrk\u00fcn\u00fcn her alanda m\u00fcreffeh yar\u0131nlara ula\u015fmas\u0131 i\u00e7in [&hellip;]\" \/>\n<meta property=\"og:url\" content=\"https:\/\/kuzeyinsesi.org\/index.php\/2024\/09\/13\/serim-kibris-turkunun-her-alanda-mureffeh-yarinlara-ulasmasi-icin-istisarelerde-bulunduk\/\" \/>\n<meta property=\"og:site_name\" content=\"Kuzeyin Sesi\" \/>\n<meta property=\"article:publisher\" content=\"https:\/\/www.facebook.com\/kuzeyinsesii\" \/>\n<meta property=\"article:published_time\" content=\"2024-09-13T06:50:50+00:00\" \/>\n<meta property=\"og:image\" content=\"https:\/\/brtk.net\/wp-content\/uploads\/2024\/09\/13\/ekk.jpg?ver=de250eea7f80c728e3676f8c0d7b04dc\" \/>\n<meta name=\"author\" content=\"Kuzeyin Sesi\" \/>\n<meta name=\"twitter:card\" content=\"summary_large_image\" \/>\n<meta name=\"twitter:creator\" content=\"@kuzeyinsesii\" \/>\n<meta name=\"twitter:site\" content=\"@kuzeyinsesii\" \/>\n<meta name=\"twitter:label1\" content=\"Yazan:\" \/>\n\t<meta name=\"twitter:data1\" content=\"Kuzeyin Sesi\" \/>\n\t<meta name=\"twitter:label2\" content=\"Tahmini okuma s\u00fcresi\" \/>\n\t<meta name=\"twitter:data2\" content=\"1 dakika\" \/>\n<script type=\"application\/ld+json\" class=\"yoast-schema-graph\">{\"@context\":\"https:\\\/\\\/schema.org\",\"@graph\":[{\"@type\":\"Article\",\"@id\":\"https:\\\/\\\/kuzeyinsesi.org\\\/index.php\\\/2024\\\/09\\\/13\\\/serim-kibris-turkunun-her-alanda-mureffeh-yarinlara-ulasmasi-icin-istisarelerde-bulunduk\\\/#article\",\"isPartOf\":{\"@id\":\"https:\\\/\\\/kuzeyinsesi.org\\\/index.php\\\/2024\\\/09\\\/13\\\/serim-kibris-turkunun-her-alanda-mureffeh-yarinlara-ulasmasi-icin-istisarelerde-bulunduk\\\/\"},\"author\":{\"name\":\"Kuzeyin Sesi\",\"@id\":\"https:\\\/\\\/kuzeyinsesi.org\\\/#\\\/schema\\\/person\\\/9f859689cdf01485597712386e37f5aa\"},\"headline\":\"Serim: K\u0131br\u0131s T\u00fcrk\u00fc\u2019n\u00fcn her alanda m\u00fcreffeh yar\u0131nlara ula\u015fmas\u0131 i\u00e7in isti\u015farelerde bulunduk\",\"datePublished\":\"2024-09-13T06:50:50+00:00\",\"mainEntityOfPage\":{\"@id\":\"https:\\\/\\\/kuzeyinsesi.org\\\/index.php\\\/2024\\\/09\\\/13\\\/serim-kibris-turkunun-her-alanda-mureffeh-yarinlara-ulasmasi-icin-istisarelerde-bulunduk\\\/\"},\"wordCount\":154,\"commentCount\":0,\"image\":{\"@id\":\"https:\\\/\\\/kuzeyinsesi.org\\\/index.php\\\/2024\\\/09\\\/13\\\/serim-kibris-turkunun-her-alanda-mureffeh-yarinlara-ulasmasi-icin-istisarelerde-bulunduk\\\/#primaryimage\"},\"thumbnailUrl\":\"https:\\\/\\\/kuzeyinsesi.org\\\/wp-content\\\/uploads\\\/2024\\\/09\\\/ekk.jpg\",\"articleSection\":[\"T\u00fcrkiye\"],\"inLanguage\":\"tr\",\"potentialAction\":[{\"@type\":\"CommentAction\",\"name\":\"Comment\",\"target\":[\"https:\\\/\\\/kuzeyinsesi.org\\\/index.php\\\/2024\\\/09\\\/13\\\/serim-kibris-turkunun-her-alanda-mureffeh-yarinlara-ulasmasi-icin-istisarelerde-bulunduk\\\/#respond\"]}]},{\"@type\":\"WebPage\",\"@id\":\"https:\\\/\\\/kuzeyinsesi.org\\\/index.php\\\/2024\\\/09\\\/13\\\/serim-kibris-turkunun-her-alanda-mureffeh-yarinlara-ulasmasi-icin-istisarelerde-bulunduk\\\/\",\"url\":\"https:\\\/\\\/kuzeyinsesi.org\\\/index.php\\\/2024\\\/09\\\/13\\\/serim-kibris-turkunun-her-alanda-mureffeh-yarinlara-ulasmasi-icin-istisarelerde-bulunduk\\\/\",\"name\":\"Serim: K\u0131br\u0131s T\u00fcrk\u00fc\u2019n\u00fcn her alanda m\u00fcreffeh yar\u0131nlara ula\u015fmas\u0131 i\u00e7in isti\u015farelerde bulunduk - Kuzeyin Sesi\",\"isPartOf\":{\"@id\":\"https:\\\/\\\/kuzeyinsesi.org\\\/#website\"},\"primaryImageOfPage\":{\"@id\":\"https:\\\/\\\/kuzeyinsesi.org\\\/index.php\\\/2024\\\/09\\\/13\\\/serim-kibris-turkunun-her-alanda-mureffeh-yarinlara-ulasmasi-icin-istisarelerde-bulunduk\\\/#primaryimage\"},\"image\":{\"@id\":\"https:\\\/\\\/kuzeyinsesi.org\\\/index.php\\\/2024\\\/09\\\/13\\\/serim-kibris-turkunun-her-alanda-mureffeh-yarinlara-ulasmasi-icin-istisarelerde-bulunduk\\\/#primaryimage\"},\"thumbnailUrl\":\"https:\\\/\\\/kuzeyinsesi.org\\\/wp-content\\\/uploads\\\/2024\\\/09\\\/ekk.jpg\",\"datePublished\":\"2024-09-13T06:50:50+00:00\",\"author\":{\"@id\":\"https:\\\/\\\/kuzeyinsesi.org\\\/#\\\/schema\\\/person\\\/9f859689cdf01485597712386e37f5aa\"},\"breadcrumb\":{\"@id\":\"https:\\\/\\\/kuzeyinsesi.org\\\/index.php\\\/2024\\\/09\\\/13\\\/serim-kibris-turkunun-her-alanda-mureffeh-yarinlara-ulasmasi-icin-istisarelerde-bulunduk\\\/#breadcrumb\"},\"inLanguage\":\"tr\",\"potentialAction\":[{\"@type\":\"ReadAction\",\"target\":[\"https:\\\/\\\/kuzeyinsesi.org\\\/index.php\\\/2024\\\/09\\\/13\\\/serim-kibris-turkunun-her-alanda-mureffeh-yarinlara-ulasmasi-icin-istisarelerde-bulunduk\\\/\"]}]},{\"@type\":\"ImageObject\",\"inLanguage\":\"tr\",\"@id\":\"https:\\\/\\\/kuzeyinsesi.org\\\/index.php\\\/2024\\\/09\\\/13\\\/serim-kibris-turkunun-her-alanda-mureffeh-yarinlara-ulasmasi-icin-istisarelerde-bulunduk\\\/#primaryimage\",\"url\":\"https:\\\/\\\/kuzeyinsesi.org\\\/wp-content\\\/uploads\\\/2024\\\/09\\\/ekk.jpg\",\"contentUrl\":\"https:\\\/\\\/kuzeyinsesi.org\\\/wp-content\\\/uploads\\\/2024\\\/09\\\/ekk.jpg\",\"width\":720,\"height\":368},{\"@type\":\"BreadcrumbList\",\"@id\":\"https:\\\/\\\/kuzeyinsesi.org\\\/index.php\\\/2024\\\/09\\\/13\\\/serim-kibris-turkunun-her-alanda-mureffeh-yarinlara-ulasmasi-icin-istisarelerde-bulunduk\\\/#breadcrumb\",\"itemListElement\":[{\"@type\":\"ListItem\",\"position\":1,\"name\":\"Anasayfa\",\"item\":\"https:\\\/\\\/kuzeyinsesi.org\\\/\"},{\"@type\":\"ListItem\",\"position\":2,\"name\":\"Serim: K\u0131br\u0131s T\u00fcrk\u00fc\u2019n\u00fcn her alanda m\u00fcreffeh yar\u0131nlara ula\u015fmas\u0131 i\u00e7in isti\u015farelerde bulunduk\"}]},{\"@type\":\"WebSite\",\"@id\":\"https:\\\/\\\/kuzeyinsesi.org\\\/#website\",\"url\":\"https:\\\/\\\/kuzeyinsesi.org\\\/\",\"name\":\"Kuzeyin Sesi\",\"description\":\"Do\u011fru Haberin Adresi\",\"potentialAction\":[{\"@type\":\"SearchAction\",\"target\":{\"@type\":\"EntryPoint\",\"urlTemplate\":\"https:\\\/\\\/kuzeyinsesi.org\\\/?s={search_term_string}\"},\"query-input\":{\"@type\":\"PropertyValueSpecification\",\"valueRequired\":true,\"valueName\":\"search_term_string\"}}],\"inLanguage\":\"tr\"},{\"@type\":\"Person\",\"@id\":\"https:\\\/\\\/kuzeyinsesi.org\\\/#\\\/schema\\\/person\\\/9f859689cdf01485597712386e37f5aa\",\"name\":\"Kuzeyin Sesi\",\"image\":{\"@type\":\"ImageObject\",\"inLanguage\":\"tr\",\"@id\":\"https:\\\/\\\/secure.gravatar.com\\\/avatar\\\/bab33852abfd8b282518d6ed81826833d77c3c882d9ab608add591ccace47a44?s=96&d=mm&r=g\",\"url\":\"https:\\\/\\\/secure.gravatar.com\\\/avatar\\\/bab33852abfd8b282518d6ed81826833d77c3c882d9ab608add591ccace47a44?s=96&d=mm&r=g\",\"contentUrl\":\"https:\\\/\\\/secure.gravatar.com\\\/avatar\\\/bab33852abfd8b282518d6ed81826833d77c3c882d9ab608add591ccace47a44?s=96&d=mm&r=g\",\"caption\":\"Kuzeyin Sesi\"},\"sameAs\":[\"https:\\\/\\\/kuzeyinsesi.org\"],\"url\":\"https:\\\/\\\/kuzeyinsesi.org\\\/index.php\\\/author\\\/guven\\\/\"}]}<\/script>\n<!-- \/ Yoast SEO plugin. -->","yoast_head_json":{"title":"Serim: K\u0131br\u0131s T\u00fcrk\u00fc\u2019n\u00fcn her alanda m\u00fcreffeh yar\u0131nlara ula\u015fmas\u0131 i\u00e7in isti\u015farelerde bulunduk - Kuzeyin Sesi","robots":{"index":"index","follow":"follow","max-snippet":"max-snippet:-1","max-image-preview":"max-image-preview:large","max-video-preview":"max-video-preview:-1"},"canonical":"https:\/\/kuzeyinsesi.org\/index.php\/2024\/09\/13\/serim-kibris-turkunun-her-alanda-mureffeh-yarinlara-ulasmasi-icin-istisarelerde-bulunduk\/","og_locale":"tr_TR","og_type":"article","og_title":"Serim: K\u0131br\u0131s T\u00fcrk\u00fc\u2019n\u00fcn her alanda m\u00fcreffeh yar\u0131nlara ula\u015fmas\u0131 i\u00e7in isti\u015farelerde bulunduk - Kuzeyin Sesi","og_description":"T\u00fcrkiye Cumhurba\u015fkan\u0131 Yard\u0131mc\u0131s\u0131 Cevdet Y\u0131lmaz, T\u00fcrkiye\u2019nin Lefko\u015fa B\u00fcy\u00fckel\u00e7isi Yasin Ekrem Serim\u2019i kabul etti, KKTC\u2018de y\u00fcr\u00fct\u00fclen \u00e7al\u0131\u015fmalar hakk\u0131nda isti\u015farelerde bulunuldu. Serim, TC Cumhurba\u015fkan\u0131 Yard\u0131mc\u0131s\u0131 Cevdet Y\u0131lmaz taraf\u0131ndan kabul edildi. Kabule ili\u015fkin sosyal medya hesab\u0131 \u00fczerinden payla\u015f\u0131m yapan Serim, \u201cCumhurba\u015fkan\u0131 Yard\u0131mc\u0131m\u0131z Say\u0131n Cevdet Y\u0131lmaz\u2019\u0131n kabullerinde, K\u0131br\u0131s \u0130\u015fleri Koordinat\u00f6r\u00fcm\u00fczle birlikte K\u0131br\u0131s T\u00fcrk\u00fcn\u00fcn her alanda m\u00fcreffeh yar\u0131nlara ula\u015fmas\u0131 i\u00e7in [&hellip;]","og_url":"https:\/\/kuzeyinsesi.org\/index.php\/2024\/09\/13\/serim-kibris-turkunun-her-alanda-mureffeh-yarinlara-ulasmasi-icin-istisarelerde-bulunduk\/","og_site_name":"Kuzeyin Sesi","article_publisher":"https:\/\/www.facebook.com\/kuzeyinsesii","article_published_time":"2024-09-13T06:50:50+00:00","og_image":[{"url":"https:\/\/brtk.net\/wp-content\/uploads\/2024\/09\/13\/ekk.jpg?ver=de250eea7f80c728e3676f8c0d7b04dc","type":"","width":"","height":""}],"author":"Kuzeyin Sesi","twitter_card":"summary_large_image","twitter_creator":"@kuzeyinsesii","twitter_site":"@kuzeyinsesii","twitter_misc":{"Yazan:":"Kuzeyin Sesi","Tahmini okuma s\u00fcresi":"1 dakika"},"schema":{"@context":"https:\/\/schema.org","@graph":[{"@type":"Article","@id":"https:\/\/kuzeyinsesi.org\/index.php\/2024\/09\/13\/serim-kibris-turkunun-her-alanda-mureffeh-yarinlara-ulasmasi-icin-istisarelerde-bulunduk\/#article","isPartOf":{"@id":"https:\/\/kuzeyinsesi.org\/index.php\/2024\/09\/13\/serim-kibris-turkunun-her-alanda-mureffeh-yarinlara-ulasmasi-icin-istisarelerde-bulunduk\/"},"author":{"name":"Kuzeyin Sesi","@id":"https:\/\/kuzeyinsesi.org\/#\/schema\/person\/9f859689cdf01485597712386e37f5aa"},"headline":"Serim: K\u0131br\u0131s T\u00fcrk\u00fc\u2019n\u00fcn her alanda m\u00fcreffeh yar\u0131nlara ula\u015fmas\u0131 i\u00e7in isti\u015farelerde bulunduk","datePublished":"2024-09-13T06:50:50+00:00","mainEntityOfPage":{"@id":"https:\/\/kuzeyinsesi.org\/index.php\/2024\/09\/13\/serim-kibris-turkunun-her-alanda-mureffeh-yarinlara-ulasmasi-icin-istisarelerde-bulunduk\/"},"wordCount":154,"commentCount":0,"image":{"@id":"https:\/\/kuzeyinsesi.org\/index.php\/2024\/09\/13\/serim-kibris-turkunun-her-alanda-mureffeh-yarinlara-ulasmasi-icin-istisarelerde-bulunduk\/#primaryimage"},"thumbnailUrl":"https:\/\/kuzeyinsesi.org\/wp-content\/uploads\/2024\/09\/ekk.jpg","articleSection":["T\u00fcrkiye"],"inLanguage":"tr","potentialAction":[{"@type":"CommentAction","name":"Comment","target":["https:\/\/kuzeyinsesi.org\/index.php\/2024\/09\/13\/serim-kibris-turkunun-her-alanda-mureffeh-yarinlara-ulasmasi-icin-istisarelerde-bulunduk\/#respond"]}]},{"@type":"WebPage","@id":"https:\/\/kuzeyinsesi.org\/index.php\/2024\/09\/13\/serim-kibris-turkunun-her-alanda-mureffeh-yarinlara-ulasmasi-icin-istisarelerde-bulunduk\/","url":"https:\/\/kuzeyinsesi.org\/index.php\/2024\/09\/13\/serim-kibris-turkunun-her-alanda-mureffeh-yarinlara-ulasmasi-icin-istisarelerde-bulunduk\/","name":"Serim: K\u0131br\u0131s T\u00fcrk\u00fc\u2019n\u00fcn her alanda m\u00fcreffeh yar\u0131nlara ula\u015fmas\u0131 i\u00e7in isti\u015farelerde bulunduk - Kuzeyin Sesi","isPartOf":{"@id":"https:\/\/kuzeyinsesi.org\/#website"},"primaryImageOfPage":{"@id":"https:\/\/kuzeyinsesi.org\/index.php\/2024\/09\/13\/serim-kibris-turkunun-her-alanda-mureffeh-yarinlara-ulasmasi-icin-istisarelerde-bulunduk\/#primaryimage"},"image":{"@id":"https:\/\/kuzeyinsesi.org\/index.php\/2024\/09\/13\/serim-kibris-turkunun-her-alanda-mureffeh-yarinlara-ulasmasi-icin-istisarelerde-bulunduk\/#primaryimage"},"thumbnailUrl":"https:\/\/kuzeyinsesi.org\/wp-content\/uploads\/2024\/09\/ekk.jpg","datePublished":"2024-09-13T06:50:50+00:00","author":{"@id":"https:\/\/kuzeyinsesi.org\/#\/schema\/person\/9f859689cdf01485597712386e37f5aa"},"breadcrumb":{"@id":"https:\/\/kuzeyinsesi.org\/index.php\/2024\/09\/13\/serim-kibris-turkunun-her-alanda-mureffeh-yarinlara-ulasmasi-icin-istisarelerde-bulunduk\/#breadcrumb"},"inLanguage":"tr","potentialAction":[{"@type":"ReadAction","target":["https:\/\/kuzeyinsesi.org\/index.php\/2024\/09\/13\/serim-kibris-turkunun-her-alanda-mureffeh-yarinlara-ulasmasi-icin-istisarelerde-bulunduk\/"]}]},{"@type":"ImageObject","inLanguage":"tr","@id":"https:\/\/kuzeyinsesi.org\/index.php\/2024\/09\/13\/serim-kibris-turkunun-her-alanda-mureffeh-yarinlara-ulasmasi-icin-istisarelerde-bulunduk\/#primaryimage","url":"https:\/\/kuzeyinsesi.org\/wp-content\/uploads\/2024\/09\/ekk.jpg","contentUrl":"https:\/\/kuzeyinsesi.org\/wp-content\/uploads\/2024\/09\/ekk.jpg","width":720,"height":368},{"@type":"BreadcrumbList","@id":"https:\/\/kuzeyinsesi.org\/index.php\/2024\/09\/13\/serim-kibris-turkunun-her-alanda-mureffeh-yarinlara-ulasmasi-icin-istisarelerde-bulunduk\/#breadcrumb","itemListElement":[{"@type":"ListItem","position":1,"name":"Anasayfa","item":"https:\/\/kuzeyinsesi.org\/"},{"@type":"ListItem","position":2,"name":"Serim: K\u0131br\u0131s T\u00fcrk\u00fc\u2019n\u00fcn her alanda m\u00fcreffeh yar\u0131nlara ula\u015fmas\u0131 i\u00e7in isti\u015farelerde bulunduk"}]},{"@type":"WebSite","@id":"https:\/\/kuzeyinsesi.org\/#website","url":"https:\/\/kuzeyinsesi.org\/","name":"Kuzeyin Sesi","description":"Do\u011fru Haberin Adresi","potentialAction":[{"@type":"SearchAction","target":{"@type":"EntryPoint","urlTemplate":"https:\/\/kuzeyinsesi.org\/?s={search_term_string}"},"query-input":{"@type":"PropertyValueSpecification","valueRequired":true,"valueName":"search_term_string"}}],"inLanguage":"tr"},{"@type":"Person","@id":"https:\/\/kuzeyinsesi.org\/#\/schema\/person\/9f859689cdf01485597712386e37f5aa","name":"Kuzeyin Sesi","image":{"@type":"ImageObject","inLanguage":"tr","@id":"https:\/\/secure.gravatar.com\/avatar\/bab33852abfd8b282518d6ed81826833d77c3c882d9ab608add591ccace47a44?s=96&d=mm&r=g","url":"https:\/\/secure.gravatar.com\/avatar\/bab33852abfd8b282518d6ed81826833d77c3c882d9ab608add591ccace47a44?s=96&d=mm&r=g","contentUrl":"https:\/\/secure.gravatar.com\/avatar\/bab33852abfd8b282518d6ed81826833d77c3c882d9ab608add591ccace47a44?s=96&d=mm&r=g","caption":"Kuzeyin Sesi"},"sameAs":["https:\/\/kuzeyinsesi.org"],"url":"https:\/\/kuzeyinsesi.org\/index.php\/author\/guven\/"}]}},"_links":{"self":[{"href":"https:\/\/kuzeyinsesi.org\/index.php\/wp-json\/wp\/v2\/posts\/9634","targetHints":{"allow":["GET"]}}],"collection":[{"href":"https:\/\/kuzeyinsesi.org\/index.php\/wp-json\/wp\/v2\/posts"}],"about":[{"href":"https:\/\/kuzeyinsesi.org\/index.php\/wp-json\/wp\/v2\/types\/post"}],"author":[{"embeddable":true,"href":"https:\/\/kuzeyinsesi.org\/index.php\/wp-json\/wp\/v2\/users\/1"}],"replies":[{"embeddable":true,"href":"https:\/\/kuzeyinsesi.org\/index.php\/wp-json\/wp\/v2\/comments?post=9634"}],"version-history":[{"count":0,"href":"https:\/\/kuzeyinsesi.org\/index.php\/wp-json\/wp\/v2\/posts\/9634\/revisions"}],"wp:featuredmedia":[{"embeddable":true,"href":"https:\/\/kuzeyinsesi.org\/index.php\/wp-json\/wp\/v2\/media\/9635"}],"wp:attachment":[{"href":"https:\/\/kuzeyinsesi.org\/index.php\/wp-json\/wp\/v2\/media?parent=9634"}],"wp:term":[{"taxonomy":"category","embeddable":true,"href":"https:\/\/kuzeyinsesi.org\/index.php\/wp-json\/wp\/v2\/categories?post=9634"},{"taxonomy":"post_tag","embeddable":true,"href":"https:\/\/kuzeyinsesi.org\/index.php\/wp-json\/wp\/v2\/tags?post=9634"}],"curies":[{"name":"wp","href":"https:\/\/api.w.org\/{rel}","templated":true}]}}