{"id":9624,"date":"2024-09-12T20:34:06","date_gmt":"2024-09-12T17:34:06","guid":{"rendered":"https:\/\/kuzeyinsesi.org\/index.php\/2024\/09\/12\/erdogandan-bmnin-cevrim-ici-etkinligine-video-mesaj-cocuklarin-bombalarin-altinda-can-verdigi-bir-dunyada-hicbirimiz-kendimizi-guvende-hissedemeyiz\/"},"modified":"2024-09-12T20:34:06","modified_gmt":"2024-09-12T17:34:06","slug":"erdogandan-bmnin-cevrim-ici-etkinligine-video-mesaj-cocuklarin-bombalarin-altinda-can-verdigi-bir-dunyada-hicbirimiz-kendimizi-guvende-hissedemeyiz","status":"publish","type":"post","link":"https:\/\/kuzeyinsesi.org\/index.php\/2024\/09\/12\/erdogandan-bmnin-cevrim-ici-etkinligine-video-mesaj-cocuklarin-bombalarin-altinda-can-verdigi-bir-dunyada-hicbirimiz-kendimizi-guvende-hissedemeyiz\/","title":{"rendered":"Erdo\u011fan\u2019dan BM\u2019nin \u00e7evrim i\u00e7i etkinli\u011fine video mesaj: \u201c\u00c7ocuklar\u0131n bombalar\u0131n alt\u0131nda can verdi\u011fi bir d\u00fcnyada, hi\u00e7birimiz kendimizi g\u00fcvende hissedemeyiz\u201d"},"content":{"rendered":"<div>\n<div class=\"mariselle-image-container center\">\n                                            <\/div>\n<p>\u00a0<\/p>\n<p>TC Cumhurba\u015fkan\u0131 Recep Tayyip Erdo\u011fan, \u201c\u0130srail\u2019in i\u015fgal politikalar\u0131 kar\u015f\u0131s\u0131nda ba\u015fta Birle\u015fmi\u015f Milletler (BM) olmak \u00fczere uluslararas\u0131 toplumun sesinin daha g\u00fcr \u00e7\u0131kmas\u0131 \u015fart.\u201d ifadesini kulland\u0131.<\/p>\n<p>\u201cBM Gelece\u011fin Zirvesi K\u00fcresel \u00c7a\u011fr\u0131\u201d \u00e7evrim i\u00e7i etkinli\u011fine video mesaj g\u00f6nderen Erdo\u011fan, devlet ve h\u00fck\u00fcmet ba\u015fkanlar\u0131 ile BM Genel Sekreteri Antonio Guterres\u2019i selamlad\u0131.<\/p>\n<p>\u0130nsanl\u0131\u011f\u0131n istikbalini etkileyen tehditler kar\u015f\u0131s\u0131nda uluslararas\u0131 dayan\u0131\u015fmay\u0131 g\u00fc\u00e7lendirmeyi, bar\u0131\u015f\u00e7\u0131l, g\u00fcvenli ve adil bir sistemin in\u015fas\u0131na giden yolu a\u00e7may\u0131 ama\u00e7layan gelece\u011fin zirvesine say\u0131l\u0131 g\u00fcnler kald\u0131\u011f\u0131n\u0131 ifade eden Erdo\u011fan, zirveyi, d\u00fcnyay\u0131 kas\u0131p kavuran \u00e7at\u0131\u015fmalar\u0131n, zulm\u00fcn, a\u00e7l\u0131\u011f\u0131n, yoksullu\u011fun ortas\u0131nda a\u00e7\u0131lan nadir bir f\u0131rsat penceresi olarak g\u00f6rd\u00fc\u011f\u00fcn\u00fc belirtti.<\/p>\n<p>Zirveye i\u015ftirak edecek t\u00fcm mevkida\u015flar\u0131na, BM Genel Sekreteri Guterres\u2019in kendilerine sundu\u011fu bu imkan\u0131 lay\u0131k\u0131yla de\u011ferlendirme \u00e7a\u011fr\u0131s\u0131nda bulunan Erdo\u011fan, \u015funlar\u0131 kaydetti:<\/p>\n<p>\u201cG\u00fcvenli ve m\u00fcreffeh bir gelecek in\u015fa edebilmek i\u00e7in \u00f6ncelikle bar\u0131\u015fa ihtiyac\u0131m\u0131z var. Ter\u00f6rizm, \u0130slam ve yabanc\u0131 d\u00fc\u015fmanl\u0131\u011f\u0131, d\u00fczensiz g\u00f6\u00e7, iklim de\u011fi\u015fikli\u011fi gibi meydan okumalar, ya\u015fanan jeopolitik sars\u0131nt\u0131lar\u0131n \u015fiddetini artt\u0131r\u0131yor. Bunun en ac\u0131 \u00f6rne\u011fini 11 ayd\u0131r Gazze ba\u015fta olmak \u00fczere i\u015fgal edilmi\u015f Filistin topraklar\u0131nda g\u00f6r\u00fcyoruz. 17 bini \u00e7ocuk 41 binden fazla insan\u0131n hayat\u0131n\u0131 kaybetti\u011fi, 100 binin \u00fczerinde yaral\u0131n\u0131n oldu\u011fu, Gazze\u2019nin neredeyse tamam\u0131n\u0131n yerle bir edildi\u011fi bir tabloyla kar\u015f\u0131 kar\u015f\u0131yay\u0131z. \u0130srail\u2019in i\u015fgal politikalar\u0131 kar\u015f\u0131s\u0131nda ba\u015fta BM olmak \u00fczere uluslararas\u0131 toplumun sesinin daha g\u00fcr \u00e7\u0131kmas\u0131 \u015fart. \u00c7ocuklar\u0131n bombalar\u0131n alt\u0131nda can verdi\u011fi bir d\u00fcnyada a\u00e7\u0131k s\u00f6yl\u00fcyorum, hi\u00e7birimiz kendimizi g\u00fcvende hissedemeyiz. T\u00fcrkiye olarak zulm\u00fcn kar\u015f\u0131s\u0131nda ve mazlumun yan\u0131nda durmaya devam edecek, bu insani duru\u015fumuzdan da geri ad\u0131m atmayaca\u011f\u0131z.\u201d<\/p>\n<p>\u2013 \u201cIrk\u00e7\u0131l\u0131\u011fa ve a\u015f\u0131r\u0131 sa\u011f ak\u0131mlara kar\u015f\u0131 demokrasilerimizi korumak zorunday\u0131z\u201d<\/p>\n<p>Cumhurba\u015fkan\u0131 Erdo\u011fan, yaln\u0131zca belirli bir refah d\u00fczeyini yakalam\u0131\u015f \u00fclkelerin de\u011fil kalk\u0131nma \u00e7abalar\u0131n\u0131 s\u00fcrd\u00fcren toplumlar\u0131n da hakkaniyetle temsil edildi\u011fi bir k\u00fcresel y\u00f6neti\u015fim mimarisini temin etmeleri gerekti\u011fini vurgulad\u0131.<\/p>\n<p>Daha iyi bir gelecek i\u00e7in, ye\u015fil d\u00f6n\u00fc\u015f\u00fcm\u00fc oda\u011f\u0131na alan, iklime diren\u00e7li, s\u00fcrd\u00fcr\u00fclebilir kalk\u0131nmay\u0131 destekleyen, kimsenin geride b\u0131rak\u0131lmad\u0131\u011f\u0131 bir d\u00fczene ge\u00e7i\u015f yapmalar\u0131 gerekti\u011fini bildiren Erdo\u011fan, \u015fu de\u011ferlendirmelerde bulundu:<\/p>\n<p>\u201cToplumlar\u0131m\u0131z\u0131 zehirleyen her t\u00fcrl\u00fc nefret s\u00f6ylemine, \u0131rk\u00e7\u0131l\u0131\u011fa ve a\u015f\u0131r\u0131 sa\u011f ak\u0131mlara kar\u015f\u0131 demokrasilerimizi korumak zorunday\u0131z. T\u00fcm bu hedefleri ger\u00e7ekle\u015ftirmek i\u00e7in ihtiyac\u0131m\u0131z olan, \u00e7ok tarafl\u0131 sistemi, d\u00fcnyan\u0131n be\u015ften b\u00fcy\u00fck oldu\u011fu \u015fiar\u0131n\u0131 merkeze alarak adalet ve hakkaniyet ekseninde yeniden \u015fekillendirmektir. D\u00fcnya liderlerini gelece\u011fin zirvesinde bu ama\u00e7lar do\u011frultusunda el ele vermeye davet ediyorum. Bu duygu ve d\u00fc\u015f\u00fcncelerle hepinize sayg\u0131 ve selamlar\u0131m\u0131 iletiyorum.<\/p>\n<\/p><\/div>\n<p><script async\n                    defer\n                    crossorigin=\"anonymous\"\n                    src=\"https:\/\/connect.facebook.net\/tr_TR\/sdk.js#xfbml=1&#038;version=v3.3\"\n            ><\/script><\/p>\n","protected":false},"excerpt":{"rendered":"<p>\u00a0 TC Cumhurba\u015fkan\u0131 Recep Tayyip Erdo\u011fan, \u201c\u0130srail\u2019in i\u015fgal politikalar\u0131 kar\u015f\u0131s\u0131nda ba\u015fta Birle\u015fmi\u015f Milletler (BM) olmak \u00fczere uluslararas\u0131 toplumun sesinin daha g\u00fcr \u00e7\u0131kmas\u0131 \u015fart.\u201d ifadesini kulland\u0131. \u201cBM Gelece\u011fin Zirvesi K\u00fcresel \u00c7a\u011fr\u0131\u201d \u00e7evrim i\u00e7i etkinli\u011fine video mesaj g\u00f6nderen Erdo\u011fan, devlet ve h\u00fck\u00fcmet ba\u015fkanlar\u0131 ile BM Genel Sekreteri Antonio Guterres\u2019i selamlad\u0131. \u0130nsanl\u0131\u011f\u0131n istikbalini etkileyen tehditler kar\u015f\u0131s\u0131nda uluslararas\u0131 dayan\u0131\u015fmay\u0131 [&hellip;]<\/p>\n","protected":false},"author":1,"featured_media":9625,"comment_status":"open","ping_status":"open","sticky":false,"template":"","format":"standard","meta":{"jnews-multi-image_gallery":[],"jnews_single_post":[],"jnews_primary_category":[],"jnews_social_meta":[],"jnews_override_counter":[],"footnotes":""},"categories":[5],"tags":[],"class_list":["post-9624","post","type-post","status-publish","format-standard","has-post-thumbnail","hentry","category-turkiye"],"yoast_head":"<!-- This site is optimized with the Yoast SEO plugin v27.4 - https:\/\/yoast.com\/product\/yoast-seo-wordpress\/ -->\n<title>Erdo\u011fan\u2019dan BM\u2019nin \u00e7evrim i\u00e7i etkinli\u011fine video mesaj: \u201c\u00c7ocuklar\u0131n bombalar\u0131n alt\u0131nda can verdi\u011fi bir d\u00fcnyada, hi\u00e7birimiz kendimizi g\u00fcvende hissedemeyiz\u201d - Kuzeyin Sesi<\/title>\n<meta name=\"robots\" content=\"index, follow, max-snippet:-1, max-image-preview:large, max-video-preview:-1\" \/>\n<link rel=\"canonical\" href=\"https:\/\/kuzeyinsesi.org\/index.php\/2024\/09\/12\/erdogandan-bmnin-cevrim-ici-etkinligine-video-mesaj-cocuklarin-bombalarin-altinda-can-verdigi-bir-dunyada-hicbirimiz-kendimizi-guvende-hissedemeyiz\/\" \/>\n<meta property=\"og:locale\" content=\"tr_TR\" \/>\n<meta property=\"og:type\" content=\"article\" \/>\n<meta property=\"og:title\" content=\"Erdo\u011fan\u2019dan BM\u2019nin \u00e7evrim i\u00e7i etkinli\u011fine video mesaj: \u201c\u00c7ocuklar\u0131n bombalar\u0131n alt\u0131nda can verdi\u011fi bir d\u00fcnyada, hi\u00e7birimiz kendimizi g\u00fcvende hissedemeyiz\u201d - Kuzeyin Sesi\" \/>\n<meta property=\"og:description\" content=\"\u00a0 TC Cumhurba\u015fkan\u0131 Recep Tayyip Erdo\u011fan, \u201c\u0130srail\u2019in i\u015fgal politikalar\u0131 kar\u015f\u0131s\u0131nda ba\u015fta Birle\u015fmi\u015f Milletler (BM) olmak \u00fczere uluslararas\u0131 toplumun sesinin daha g\u00fcr \u00e7\u0131kmas\u0131 \u015fart.\u201d ifadesini kulland\u0131. \u201cBM Gelece\u011fin Zirvesi K\u00fcresel \u00c7a\u011fr\u0131\u201d \u00e7evrim i\u00e7i etkinli\u011fine video mesaj g\u00f6nderen Erdo\u011fan, devlet ve h\u00fck\u00fcmet ba\u015fkanlar\u0131 ile BM Genel Sekreteri Antonio Guterres\u2019i selamlad\u0131. \u0130nsanl\u0131\u011f\u0131n istikbalini etkileyen tehditler kar\u015f\u0131s\u0131nda uluslararas\u0131 dayan\u0131\u015fmay\u0131 [&hellip;]\" \/>\n<meta property=\"og:url\" content=\"https:\/\/kuzeyinsesi.org\/index.php\/2024\/09\/12\/erdogandan-bmnin-cevrim-ici-etkinligine-video-mesaj-cocuklarin-bombalarin-altinda-can-verdigi-bir-dunyada-hicbirimiz-kendimizi-guvende-hissedemeyiz\/\" \/>\n<meta property=\"og:site_name\" content=\"Kuzeyin Sesi\" \/>\n<meta property=\"article:publisher\" content=\"https:\/\/www.facebook.com\/kuzeyinsesii\" \/>\n<meta property=\"article:published_time\" content=\"2024-09-12T17:34:06+00:00\" \/>\n<meta property=\"og:image\" content=\"https:\/\/brtk.net\/wp-content\/uploads\/2024\/09\/12\/erdogan-mesaj1.jpg?ver=9178b46ae1b5649f29aca561ee9571a0\" \/>\n<meta name=\"author\" content=\"Kuzeyin Sesi\" \/>\n<meta name=\"twitter:card\" content=\"summary_large_image\" \/>\n<meta name=\"twitter:creator\" content=\"@kuzeyinsesii\" \/>\n<meta name=\"twitter:site\" content=\"@kuzeyinsesii\" \/>\n<meta name=\"twitter:label1\" content=\"Yazan:\" \/>\n\t<meta name=\"twitter:data1\" content=\"Kuzeyin Sesi\" \/>\n\t<meta name=\"twitter:label2\" content=\"Tahmini okuma s\u00fcresi\" \/>\n\t<meta name=\"twitter:data2\" content=\"3 dakika\" \/>\n<script type=\"application\/ld+json\" class=\"yoast-schema-graph\">{\"@context\":\"https:\\\/\\\/schema.org\",\"@graph\":[{\"@type\":\"Article\",\"@id\":\"https:\\\/\\\/kuzeyinsesi.org\\\/index.php\\\/2024\\\/09\\\/12\\\/erdogandan-bmnin-cevrim-ici-etkinligine-video-mesaj-cocuklarin-bombalarin-altinda-can-verdigi-bir-dunyada-hicbirimiz-kendimizi-guvende-hissedemeyiz\\\/#article\",\"isPartOf\":{\"@id\":\"https:\\\/\\\/kuzeyinsesi.org\\\/index.php\\\/2024\\\/09\\\/12\\\/erdogandan-bmnin-cevrim-ici-etkinligine-video-mesaj-cocuklarin-bombalarin-altinda-can-verdigi-bir-dunyada-hicbirimiz-kendimizi-guvende-hissedemeyiz\\\/\"},\"author\":{\"name\":\"Kuzeyin Sesi\",\"@id\":\"https:\\\/\\\/kuzeyinsesi.org\\\/#\\\/schema\\\/person\\\/9f859689cdf01485597712386e37f5aa\"},\"headline\":\"Erdo\u011fan\u2019dan BM\u2019nin \u00e7evrim i\u00e7i etkinli\u011fine video mesaj: \u201c\u00c7ocuklar\u0131n bombalar\u0131n alt\u0131nda can verdi\u011fi bir d\u00fcnyada, hi\u00e7birimiz kendimizi g\u00fcvende hissedemeyiz\u201d\",\"datePublished\":\"2024-09-12T17:34:06+00:00\",\"mainEntityOfPage\":{\"@id\":\"https:\\\/\\\/kuzeyinsesi.org\\\/index.php\\\/2024\\\/09\\\/12\\\/erdogandan-bmnin-cevrim-ici-etkinligine-video-mesaj-cocuklarin-bombalarin-altinda-can-verdigi-bir-dunyada-hicbirimiz-kendimizi-guvende-hissedemeyiz\\\/\"},\"wordCount\":560,\"commentCount\":0,\"image\":{\"@id\":\"https:\\\/\\\/kuzeyinsesi.org\\\/index.php\\\/2024\\\/09\\\/12\\\/erdogandan-bmnin-cevrim-ici-etkinligine-video-mesaj-cocuklarin-bombalarin-altinda-can-verdigi-bir-dunyada-hicbirimiz-kendimizi-guvende-hissedemeyiz\\\/#primaryimage\"},\"thumbnailUrl\":\"https:\\\/\\\/kuzeyinsesi.org\\\/wp-content\\\/uploads\\\/2024\\\/09\\\/erdogan-mesaj1.jpg\",\"articleSection\":[\"T\u00fcrkiye\"],\"inLanguage\":\"tr\",\"potentialAction\":[{\"@type\":\"CommentAction\",\"name\":\"Comment\",\"target\":[\"https:\\\/\\\/kuzeyinsesi.org\\\/index.php\\\/2024\\\/09\\\/12\\\/erdogandan-bmnin-cevrim-ici-etkinligine-video-mesaj-cocuklarin-bombalarin-altinda-can-verdigi-bir-dunyada-hicbirimiz-kendimizi-guvende-hissedemeyiz\\\/#respond\"]}]},{\"@type\":\"WebPage\",\"@id\":\"https:\\\/\\\/kuzeyinsesi.org\\\/index.php\\\/2024\\\/09\\\/12\\\/erdogandan-bmnin-cevrim-ici-etkinligine-video-mesaj-cocuklarin-bombalarin-altinda-can-verdigi-bir-dunyada-hicbirimiz-kendimizi-guvende-hissedemeyiz\\\/\",\"url\":\"https:\\\/\\\/kuzeyinsesi.org\\\/index.php\\\/2024\\\/09\\\/12\\\/erdogandan-bmnin-cevrim-ici-etkinligine-video-mesaj-cocuklarin-bombalarin-altinda-can-verdigi-bir-dunyada-hicbirimiz-kendimizi-guvende-hissedemeyiz\\\/\",\"name\":\"Erdo\u011fan\u2019dan BM\u2019nin \u00e7evrim i\u00e7i etkinli\u011fine video mesaj: \u201c\u00c7ocuklar\u0131n bombalar\u0131n alt\u0131nda can verdi\u011fi bir d\u00fcnyada, hi\u00e7birimiz kendimizi g\u00fcvende hissedemeyiz\u201d - Kuzeyin Sesi\",\"isPartOf\":{\"@id\":\"https:\\\/\\\/kuzeyinsesi.org\\\/#website\"},\"primaryImageOfPage\":{\"@id\":\"https:\\\/\\\/kuzeyinsesi.org\\\/index.php\\\/2024\\\/09\\\/12\\\/erdogandan-bmnin-cevrim-ici-etkinligine-video-mesaj-cocuklarin-bombalarin-altinda-can-verdigi-bir-dunyada-hicbirimiz-kendimizi-guvende-hissedemeyiz\\\/#primaryimage\"},\"image\":{\"@id\":\"https:\\\/\\\/kuzeyinsesi.org\\\/index.php\\\/2024\\\/09\\\/12\\\/erdogandan-bmnin-cevrim-ici-etkinligine-video-mesaj-cocuklarin-bombalarin-altinda-can-verdigi-bir-dunyada-hicbirimiz-kendimizi-guvende-hissedemeyiz\\\/#primaryimage\"},\"thumbnailUrl\":\"https:\\\/\\\/kuzeyinsesi.org\\\/wp-content\\\/uploads\\\/2024\\\/09\\\/erdogan-mesaj1.jpg\",\"datePublished\":\"2024-09-12T17:34:06+00:00\",\"author\":{\"@id\":\"https:\\\/\\\/kuzeyinsesi.org\\\/#\\\/schema\\\/person\\\/9f859689cdf01485597712386e37f5aa\"},\"breadcrumb\":{\"@id\":\"https:\\\/\\\/kuzeyinsesi.org\\\/index.php\\\/2024\\\/09\\\/12\\\/erdogandan-bmnin-cevrim-ici-etkinligine-video-mesaj-cocuklarin-bombalarin-altinda-can-verdigi-bir-dunyada-hicbirimiz-kendimizi-guvende-hissedemeyiz\\\/#breadcrumb\"},\"inLanguage\":\"tr\",\"potentialAction\":[{\"@type\":\"ReadAction\",\"target\":[\"https:\\\/\\\/kuzeyinsesi.org\\\/index.php\\\/2024\\\/09\\\/12\\\/erdogandan-bmnin-cevrim-ici-etkinligine-video-mesaj-cocuklarin-bombalarin-altinda-can-verdigi-bir-dunyada-hicbirimiz-kendimizi-guvende-hissedemeyiz\\\/\"]}]},{\"@type\":\"ImageObject\",\"inLanguage\":\"tr\",\"@id\":\"https:\\\/\\\/kuzeyinsesi.org\\\/index.php\\\/2024\\\/09\\\/12\\\/erdogandan-bmnin-cevrim-ici-etkinligine-video-mesaj-cocuklarin-bombalarin-altinda-can-verdigi-bir-dunyada-hicbirimiz-kendimizi-guvende-hissedemeyiz\\\/#primaryimage\",\"url\":\"https:\\\/\\\/kuzeyinsesi.org\\\/wp-content\\\/uploads\\\/2024\\\/09\\\/erdogan-mesaj1.jpg\",\"contentUrl\":\"https:\\\/\\\/kuzeyinsesi.org\\\/wp-content\\\/uploads\\\/2024\\\/09\\\/erdogan-mesaj1.jpg\",\"width\":864,\"height\":486},{\"@type\":\"BreadcrumbList\",\"@id\":\"https:\\\/\\\/kuzeyinsesi.org\\\/index.php\\\/2024\\\/09\\\/12\\\/erdogandan-bmnin-cevrim-ici-etkinligine-video-mesaj-cocuklarin-bombalarin-altinda-can-verdigi-bir-dunyada-hicbirimiz-kendimizi-guvende-hissedemeyiz\\\/#breadcrumb\",\"itemListElement\":[{\"@type\":\"ListItem\",\"position\":1,\"name\":\"Anasayfa\",\"item\":\"https:\\\/\\\/kuzeyinsesi.org\\\/\"},{\"@type\":\"ListItem\",\"position\":2,\"name\":\"Erdo\u011fan\u2019dan BM\u2019nin \u00e7evrim i\u00e7i etkinli\u011fine video mesaj: \u201c\u00c7ocuklar\u0131n bombalar\u0131n alt\u0131nda can verdi\u011fi bir d\u00fcnyada, hi\u00e7birimiz kendimizi g\u00fcvende hissedemeyiz\u201d\"}]},{\"@type\":\"WebSite\",\"@id\":\"https:\\\/\\\/kuzeyinsesi.org\\\/#website\",\"url\":\"https:\\\/\\\/kuzeyinsesi.org\\\/\",\"name\":\"Kuzeyin Sesi\",\"description\":\"Do\u011fru Haberin Adresi\",\"potentialAction\":[{\"@type\":\"SearchAction\",\"target\":{\"@type\":\"EntryPoint\",\"urlTemplate\":\"https:\\\/\\\/kuzeyinsesi.org\\\/?s={search_term_string}\"},\"query-input\":{\"@type\":\"PropertyValueSpecification\",\"valueRequired\":true,\"valueName\":\"search_term_string\"}}],\"inLanguage\":\"tr\"},{\"@type\":\"Person\",\"@id\":\"https:\\\/\\\/kuzeyinsesi.org\\\/#\\\/schema\\\/person\\\/9f859689cdf01485597712386e37f5aa\",\"name\":\"Kuzeyin Sesi\",\"image\":{\"@type\":\"ImageObject\",\"inLanguage\":\"tr\",\"@id\":\"https:\\\/\\\/secure.gravatar.com\\\/avatar\\\/bab33852abfd8b282518d6ed81826833d77c3c882d9ab608add591ccace47a44?s=96&d=mm&r=g\",\"url\":\"https:\\\/\\\/secure.gravatar.com\\\/avatar\\\/bab33852abfd8b282518d6ed81826833d77c3c882d9ab608add591ccace47a44?s=96&d=mm&r=g\",\"contentUrl\":\"https:\\\/\\\/secure.gravatar.com\\\/avatar\\\/bab33852abfd8b282518d6ed81826833d77c3c882d9ab608add591ccace47a44?s=96&d=mm&r=g\",\"caption\":\"Kuzeyin Sesi\"},\"sameAs\":[\"https:\\\/\\\/kuzeyinsesi.org\"],\"url\":\"https:\\\/\\\/kuzeyinsesi.org\\\/index.php\\\/author\\\/guven\\\/\"}]}<\/script>\n<!-- \/ Yoast SEO plugin. -->","yoast_head_json":{"title":"Erdo\u011fan\u2019dan BM\u2019nin \u00e7evrim i\u00e7i etkinli\u011fine video mesaj: \u201c\u00c7ocuklar\u0131n bombalar\u0131n alt\u0131nda can verdi\u011fi bir d\u00fcnyada, hi\u00e7birimiz kendimizi g\u00fcvende hissedemeyiz\u201d - Kuzeyin Sesi","robots":{"index":"index","follow":"follow","max-snippet":"max-snippet:-1","max-image-preview":"max-image-preview:large","max-video-preview":"max-video-preview:-1"},"canonical":"https:\/\/kuzeyinsesi.org\/index.php\/2024\/09\/12\/erdogandan-bmnin-cevrim-ici-etkinligine-video-mesaj-cocuklarin-bombalarin-altinda-can-verdigi-bir-dunyada-hicbirimiz-kendimizi-guvende-hissedemeyiz\/","og_locale":"tr_TR","og_type":"article","og_title":"Erdo\u011fan\u2019dan BM\u2019nin \u00e7evrim i\u00e7i etkinli\u011fine video mesaj: \u201c\u00c7ocuklar\u0131n bombalar\u0131n alt\u0131nda can verdi\u011fi bir d\u00fcnyada, hi\u00e7birimiz kendimizi g\u00fcvende hissedemeyiz\u201d - Kuzeyin Sesi","og_description":"\u00a0 TC Cumhurba\u015fkan\u0131 Recep Tayyip Erdo\u011fan, \u201c\u0130srail\u2019in i\u015fgal politikalar\u0131 kar\u015f\u0131s\u0131nda ba\u015fta Birle\u015fmi\u015f Milletler (BM) olmak \u00fczere uluslararas\u0131 toplumun sesinin daha g\u00fcr \u00e7\u0131kmas\u0131 \u015fart.\u201d ifadesini kulland\u0131. \u201cBM Gelece\u011fin Zirvesi K\u00fcresel \u00c7a\u011fr\u0131\u201d \u00e7evrim i\u00e7i etkinli\u011fine video mesaj g\u00f6nderen Erdo\u011fan, devlet ve h\u00fck\u00fcmet ba\u015fkanlar\u0131 ile BM Genel Sekreteri Antonio Guterres\u2019i selamlad\u0131. \u0130nsanl\u0131\u011f\u0131n istikbalini etkileyen tehditler kar\u015f\u0131s\u0131nda uluslararas\u0131 dayan\u0131\u015fmay\u0131 [&hellip;]","og_url":"https:\/\/kuzeyinsesi.org\/index.php\/2024\/09\/12\/erdogandan-bmnin-cevrim-ici-etkinligine-video-mesaj-cocuklarin-bombalarin-altinda-can-verdigi-bir-dunyada-hicbirimiz-kendimizi-guvende-hissedemeyiz\/","og_site_name":"Kuzeyin Sesi","article_publisher":"https:\/\/www.facebook.com\/kuzeyinsesii","article_published_time":"2024-09-12T17:34:06+00:00","og_image":[{"url":"https:\/\/brtk.net\/wp-content\/uploads\/2024\/09\/12\/erdogan-mesaj1.jpg?ver=9178b46ae1b5649f29aca561ee9571a0","type":"","width":"","height":""}],"author":"Kuzeyin Sesi","twitter_card":"summary_large_image","twitter_creator":"@kuzeyinsesii","twitter_site":"@kuzeyinsesii","twitter_misc":{"Yazan:":"Kuzeyin Sesi","Tahmini okuma s\u00fcresi":"3 dakika"},"schema":{"@context":"https:\/\/schema.org","@graph":[{"@type":"Article","@id":"https:\/\/kuzeyinsesi.org\/index.php\/2024\/09\/12\/erdogandan-bmnin-cevrim-ici-etkinligine-video-mesaj-cocuklarin-bombalarin-altinda-can-verdigi-bir-dunyada-hicbirimiz-kendimizi-guvende-hissedemeyiz\/#article","isPartOf":{"@id":"https:\/\/kuzeyinsesi.org\/index.php\/2024\/09\/12\/erdogandan-bmnin-cevrim-ici-etkinligine-video-mesaj-cocuklarin-bombalarin-altinda-can-verdigi-bir-dunyada-hicbirimiz-kendimizi-guvende-hissedemeyiz\/"},"author":{"name":"Kuzeyin Sesi","@id":"https:\/\/kuzeyinsesi.org\/#\/schema\/person\/9f859689cdf01485597712386e37f5aa"},"headline":"Erdo\u011fan\u2019dan BM\u2019nin \u00e7evrim i\u00e7i etkinli\u011fine video mesaj: \u201c\u00c7ocuklar\u0131n bombalar\u0131n alt\u0131nda can verdi\u011fi bir d\u00fcnyada, hi\u00e7birimiz kendimizi g\u00fcvende hissedemeyiz\u201d","datePublished":"2024-09-12T17:34:06+00:00","mainEntityOfPage":{"@id":"https:\/\/kuzeyinsesi.org\/index.php\/2024\/09\/12\/erdogandan-bmnin-cevrim-ici-etkinligine-video-mesaj-cocuklarin-bombalarin-altinda-can-verdigi-bir-dunyada-hicbirimiz-kendimizi-guvende-hissedemeyiz\/"},"wordCount":560,"commentCount":0,"image":{"@id":"https:\/\/kuzeyinsesi.org\/index.php\/2024\/09\/12\/erdogandan-bmnin-cevrim-ici-etkinligine-video-mesaj-cocuklarin-bombalarin-altinda-can-verdigi-bir-dunyada-hicbirimiz-kendimizi-guvende-hissedemeyiz\/#primaryimage"},"thumbnailUrl":"https:\/\/kuzeyinsesi.org\/wp-content\/uploads\/2024\/09\/erdogan-mesaj1.jpg","articleSection":["T\u00fcrkiye"],"inLanguage":"tr","potentialAction":[{"@type":"CommentAction","name":"Comment","target":["https:\/\/kuzeyinsesi.org\/index.php\/2024\/09\/12\/erdogandan-bmnin-cevrim-ici-etkinligine-video-mesaj-cocuklarin-bombalarin-altinda-can-verdigi-bir-dunyada-hicbirimiz-kendimizi-guvende-hissedemeyiz\/#respond"]}]},{"@type":"WebPage","@id":"https:\/\/kuzeyinsesi.org\/index.php\/2024\/09\/12\/erdogandan-bmnin-cevrim-ici-etkinligine-video-mesaj-cocuklarin-bombalarin-altinda-can-verdigi-bir-dunyada-hicbirimiz-kendimizi-guvende-hissedemeyiz\/","url":"https:\/\/kuzeyinsesi.org\/index.php\/2024\/09\/12\/erdogandan-bmnin-cevrim-ici-etkinligine-video-mesaj-cocuklarin-bombalarin-altinda-can-verdigi-bir-dunyada-hicbirimiz-kendimizi-guvende-hissedemeyiz\/","name":"Erdo\u011fan\u2019dan BM\u2019nin \u00e7evrim i\u00e7i etkinli\u011fine video mesaj: \u201c\u00c7ocuklar\u0131n bombalar\u0131n alt\u0131nda can verdi\u011fi bir d\u00fcnyada, hi\u00e7birimiz kendimizi g\u00fcvende hissedemeyiz\u201d - Kuzeyin Sesi","isPartOf":{"@id":"https:\/\/kuzeyinsesi.org\/#website"},"primaryImageOfPage":{"@id":"https:\/\/kuzeyinsesi.org\/index.php\/2024\/09\/12\/erdogandan-bmnin-cevrim-ici-etkinligine-video-mesaj-cocuklarin-bombalarin-altinda-can-verdigi-bir-dunyada-hicbirimiz-kendimizi-guvende-hissedemeyiz\/#primaryimage"},"image":{"@id":"https:\/\/kuzeyinsesi.org\/index.php\/2024\/09\/12\/erdogandan-bmnin-cevrim-ici-etkinligine-video-mesaj-cocuklarin-bombalarin-altinda-can-verdigi-bir-dunyada-hicbirimiz-kendimizi-guvende-hissedemeyiz\/#primaryimage"},"thumbnailUrl":"https:\/\/kuzeyinsesi.org\/wp-content\/uploads\/2024\/09\/erdogan-mesaj1.jpg","datePublished":"2024-09-12T17:34:06+00:00","author":{"@id":"https:\/\/kuzeyinsesi.org\/#\/schema\/person\/9f859689cdf01485597712386e37f5aa"},"breadcrumb":{"@id":"https:\/\/kuzeyinsesi.org\/index.php\/2024\/09\/12\/erdogandan-bmnin-cevrim-ici-etkinligine-video-mesaj-cocuklarin-bombalarin-altinda-can-verdigi-bir-dunyada-hicbirimiz-kendimizi-guvende-hissedemeyiz\/#breadcrumb"},"inLanguage":"tr","potentialAction":[{"@type":"ReadAction","target":["https:\/\/kuzeyinsesi.org\/index.php\/2024\/09\/12\/erdogandan-bmnin-cevrim-ici-etkinligine-video-mesaj-cocuklarin-bombalarin-altinda-can-verdigi-bir-dunyada-hicbirimiz-kendimizi-guvende-hissedemeyiz\/"]}]},{"@type":"ImageObject","inLanguage":"tr","@id":"https:\/\/kuzeyinsesi.org\/index.php\/2024\/09\/12\/erdogandan-bmnin-cevrim-ici-etkinligine-video-mesaj-cocuklarin-bombalarin-altinda-can-verdigi-bir-dunyada-hicbirimiz-kendimizi-guvende-hissedemeyiz\/#primaryimage","url":"https:\/\/kuzeyinsesi.org\/wp-content\/uploads\/2024\/09\/erdogan-mesaj1.jpg","contentUrl":"https:\/\/kuzeyinsesi.org\/wp-content\/uploads\/2024\/09\/erdogan-mesaj1.jpg","width":864,"height":486},{"@type":"BreadcrumbList","@id":"https:\/\/kuzeyinsesi.org\/index.php\/2024\/09\/12\/erdogandan-bmnin-cevrim-ici-etkinligine-video-mesaj-cocuklarin-bombalarin-altinda-can-verdigi-bir-dunyada-hicbirimiz-kendimizi-guvende-hissedemeyiz\/#breadcrumb","itemListElement":[{"@type":"ListItem","position":1,"name":"Anasayfa","item":"https:\/\/kuzeyinsesi.org\/"},{"@type":"ListItem","position":2,"name":"Erdo\u011fan\u2019dan BM\u2019nin \u00e7evrim i\u00e7i etkinli\u011fine video mesaj: \u201c\u00c7ocuklar\u0131n bombalar\u0131n alt\u0131nda can verdi\u011fi bir d\u00fcnyada, hi\u00e7birimiz kendimizi g\u00fcvende hissedemeyiz\u201d"}]},{"@type":"WebSite","@id":"https:\/\/kuzeyinsesi.org\/#website","url":"https:\/\/kuzeyinsesi.org\/","name":"Kuzeyin Sesi","description":"Do\u011fru Haberin Adresi","potentialAction":[{"@type":"SearchAction","target":{"@type":"EntryPoint","urlTemplate":"https:\/\/kuzeyinsesi.org\/?s={search_term_string}"},"query-input":{"@type":"PropertyValueSpecification","valueRequired":true,"valueName":"search_term_string"}}],"inLanguage":"tr"},{"@type":"Person","@id":"https:\/\/kuzeyinsesi.org\/#\/schema\/person\/9f859689cdf01485597712386e37f5aa","name":"Kuzeyin Sesi","image":{"@type":"ImageObject","inLanguage":"tr","@id":"https:\/\/secure.gravatar.com\/avatar\/bab33852abfd8b282518d6ed81826833d77c3c882d9ab608add591ccace47a44?s=96&d=mm&r=g","url":"https:\/\/secure.gravatar.com\/avatar\/bab33852abfd8b282518d6ed81826833d77c3c882d9ab608add591ccace47a44?s=96&d=mm&r=g","contentUrl":"https:\/\/secure.gravatar.com\/avatar\/bab33852abfd8b282518d6ed81826833d77c3c882d9ab608add591ccace47a44?s=96&d=mm&r=g","caption":"Kuzeyin Sesi"},"sameAs":["https:\/\/kuzeyinsesi.org"],"url":"https:\/\/kuzeyinsesi.org\/index.php\/author\/guven\/"}]}},"_links":{"self":[{"href":"https:\/\/kuzeyinsesi.org\/index.php\/wp-json\/wp\/v2\/posts\/9624","targetHints":{"allow":["GET"]}}],"collection":[{"href":"https:\/\/kuzeyinsesi.org\/index.php\/wp-json\/wp\/v2\/posts"}],"about":[{"href":"https:\/\/kuzeyinsesi.org\/index.php\/wp-json\/wp\/v2\/types\/post"}],"author":[{"embeddable":true,"href":"https:\/\/kuzeyinsesi.org\/index.php\/wp-json\/wp\/v2\/users\/1"}],"replies":[{"embeddable":true,"href":"https:\/\/kuzeyinsesi.org\/index.php\/wp-json\/wp\/v2\/comments?post=9624"}],"version-history":[{"count":0,"href":"https:\/\/kuzeyinsesi.org\/index.php\/wp-json\/wp\/v2\/posts\/9624\/revisions"}],"wp:featuredmedia":[{"embeddable":true,"href":"https:\/\/kuzeyinsesi.org\/index.php\/wp-json\/wp\/v2\/media\/9625"}],"wp:attachment":[{"href":"https:\/\/kuzeyinsesi.org\/index.php\/wp-json\/wp\/v2\/media?parent=9624"}],"wp:term":[{"taxonomy":"category","embeddable":true,"href":"https:\/\/kuzeyinsesi.org\/index.php\/wp-json\/wp\/v2\/categories?post=9624"},{"taxonomy":"post_tag","embeddable":true,"href":"https:\/\/kuzeyinsesi.org\/index.php\/wp-json\/wp\/v2\/tags?post=9624"}],"curies":[{"name":"wp","href":"https:\/\/api.w.org\/{rel}","templated":true}]}}