{"id":9618,"date":"2024-09-12T18:52:20","date_gmt":"2024-09-12T15:52:20","guid":{"rendered":"https:\/\/kuzeyinsesi.org\/index.php\/2024\/09\/12\/altin-portakalda-yarisma-disi-gosterimlerde-sinemaseverlerle-bulusacak-filmler-belirlendi\/"},"modified":"2024-09-12T18:52:20","modified_gmt":"2024-09-12T15:52:20","slug":"altin-portakalda-yarisma-disi-gosterimlerde-sinemaseverlerle-bulusacak-filmler-belirlendi","status":"publish","type":"post","link":"https:\/\/kuzeyinsesi.org\/index.php\/2024\/09\/12\/altin-portakalda-yarisma-disi-gosterimlerde-sinemaseverlerle-bulusacak-filmler-belirlendi\/","title":{"rendered":"Alt\u0131n Portakal\u2019da yar\u0131\u015fma d\u0131\u015f\u0131 g\u00f6sterimlerde sinemaseverlerle bulu\u015facak filmler belirlendi"},"content":{"rendered":"<div>\n<div class=\"mariselle-image-container center\">\n                                            <\/div>\n<p>Uluslararas\u0131 Antalya Alt\u0131n Portakal Film Festivali\u2019nde, yar\u0131\u015fma d\u0131\u015f\u0131 g\u00f6sterimlerde sinemaseverlerle bulu\u015facak filmler belirlendi.<\/p>\n<p>Festivalin bas\u0131n b\u00fcrosundan yap\u0131lan a\u00e7\u0131klamaya g\u00f6re, Antalya B\u00fcy\u00fck\u015fehir Belediyesi ev sahipli\u011finde 5-12 Ekim\u2019de d\u00fczenlenecek festival, sineman\u0131n t\u00fcm renklerini ku\u015fatan bir programla izleyicilerle bulu\u015facak.<\/p>\n<p>Bu kapsamda d\u00fcnyan\u0131n sayg\u0131n festivallerinde yer alan ve yank\u0131 uyand\u0131ran filmlerin g\u00f6sterimi yap\u0131lacak.<\/p>\n<p>Yar\u0131\u015fma d\u0131\u015f\u0131 se\u00e7kide, Jannis Alexander Kiefer\u2019in y\u00f6netti\u011fi \u201cBa\u015fka Bir Alman Tank\u0131 Hikayesi\u201d, Mike Leigh\u2019in \u201cAc\u0131 Ger\u00e7ekler\u201d, Paolo Sorrentino\u2019nun \u201cParthenope\u201d, Vahid Vakilifar\u2019\u0131n \u201cGergedanlar Orta Do\u011fu\u2019yu Fethetti\u201d, Koen Mortier\u2019in \u201cPorsuk\u201d, Coralie Fargeat\u2019\u0131n \u201cCevher\u201d ve Greg Kwedar\u2019in \u201cSing Sing\u201d filmleri sinemaseverlerle bulu\u015facak.<\/p>\n<p>\u00d6zel g\u00f6sterimde ise Emmanuelle Nicot\u2019un y\u00f6netti\u011fi \u201cDalva\u201d, Francis Ford Coppola\u2019n\u0131n \u201cMegalopolis\u201d ve Ay\u015fe Polat\u2019\u0131n \u201cK\u00f6r Noktada\u201d filmleri yer alacak.<\/p>\n<p>\u201cS\u0131n\u0131rlardan S\u0131n\u0131rs\u0131zl\u0131\u011fa: Ufkun \u00d6tesinde\u201d se\u00e7kisinde de Giovanni Lorusso\u2019nun \u201cT\u00fcm Sonlar\u0131n \u015eark\u0131s\u0131\u201d, Abbas Amini\u2019nin \u201cSonsuz S\u0131n\u0131rlar\u201d, Dmytro Moiseiev\u2019in \u201cBoz Ar\u0131lar\u201d, Ali Kerem G\u00fclermen\u2019in \u201cYakamoz\u201d, Omar Elemawi\u2019nin \u201cSesimi Duyan Var M\u0131?\u201d, Agnieszka Holland\u2019\u0131n \u201cYe\u015fil Hudut\u201d ve Hany Abu-Assad\u2019\u0131n \u201cOmar\u201d filmlerinin g\u00f6sterimi yap\u0131lacak.<\/p>\n<\/p><\/div>\n<p><script async\n                    defer\n                    crossorigin=\"anonymous\"\n                    src=\"https:\/\/connect.facebook.net\/tr_TR\/sdk.js#xfbml=1&#038;version=v3.3\"\n            ><\/script><\/p>\n","protected":false},"excerpt":{"rendered":"<p>Uluslararas\u0131 Antalya Alt\u0131n Portakal Film Festivali\u2019nde, yar\u0131\u015fma d\u0131\u015f\u0131 g\u00f6sterimlerde sinemaseverlerle bulu\u015facak filmler belirlendi. Festivalin bas\u0131n b\u00fcrosundan yap\u0131lan a\u00e7\u0131klamaya g\u00f6re, Antalya B\u00fcy\u00fck\u015fehir Belediyesi ev sahipli\u011finde 5-12 Ekim\u2019de d\u00fczenlenecek festival, sineman\u0131n t\u00fcm renklerini ku\u015fatan bir programla izleyicilerle bulu\u015facak. Bu kapsamda d\u00fcnyan\u0131n sayg\u0131n festivallerinde yer alan ve yank\u0131 uyand\u0131ran filmlerin g\u00f6sterimi yap\u0131lacak. Yar\u0131\u015fma d\u0131\u015f\u0131 se\u00e7kide, Jannis Alexander Kiefer\u2019in [&hellip;]<\/p>\n","protected":false},"author":1,"featured_media":9619,"comment_status":"open","ping_status":"open","sticky":false,"template":"","format":"standard","meta":{"jnews-multi-image_gallery":[],"jnews_single_post":[],"jnews_primary_category":[],"jnews_social_meta":[],"jnews_override_counter":[],"footnotes":""},"categories":[6],"tags":[],"class_list":["post-9618","post","type-post","status-publish","format-standard","has-post-thumbnail","hentry","category-yasam"],"yoast_head":"<!-- This site is optimized with the Yoast SEO plugin v27.5 - https:\/\/yoast.com\/product\/yoast-seo-wordpress\/ -->\n<title>Alt\u0131n Portakal\u2019da yar\u0131\u015fma d\u0131\u015f\u0131 g\u00f6sterimlerde sinemaseverlerle bulu\u015facak filmler belirlendi - Kuzeyin Sesi<\/title>\n<meta name=\"robots\" content=\"index, follow, max-snippet:-1, max-image-preview:large, max-video-preview:-1\" \/>\n<link rel=\"canonical\" href=\"https:\/\/kuzeyinsesi.org\/index.php\/2024\/09\/12\/altin-portakalda-yarisma-disi-gosterimlerde-sinemaseverlerle-bulusacak-filmler-belirlendi\/\" \/>\n<meta property=\"og:locale\" content=\"tr_TR\" \/>\n<meta property=\"og:type\" content=\"article\" \/>\n<meta property=\"og:title\" content=\"Alt\u0131n Portakal\u2019da yar\u0131\u015fma d\u0131\u015f\u0131 g\u00f6sterimlerde sinemaseverlerle bulu\u015facak filmler belirlendi - Kuzeyin Sesi\" \/>\n<meta property=\"og:description\" content=\"Uluslararas\u0131 Antalya Alt\u0131n Portakal Film Festivali\u2019nde, yar\u0131\u015fma d\u0131\u015f\u0131 g\u00f6sterimlerde sinemaseverlerle bulu\u015facak filmler belirlendi. Festivalin bas\u0131n b\u00fcrosundan yap\u0131lan a\u00e7\u0131klamaya g\u00f6re, Antalya B\u00fcy\u00fck\u015fehir Belediyesi ev sahipli\u011finde 5-12 Ekim\u2019de d\u00fczenlenecek festival, sineman\u0131n t\u00fcm renklerini ku\u015fatan bir programla izleyicilerle bulu\u015facak. Bu kapsamda d\u00fcnyan\u0131n sayg\u0131n festivallerinde yer alan ve yank\u0131 uyand\u0131ran filmlerin g\u00f6sterimi yap\u0131lacak. Yar\u0131\u015fma d\u0131\u015f\u0131 se\u00e7kide, Jannis Alexander Kiefer\u2019in [&hellip;]\" \/>\n<meta property=\"og:url\" content=\"https:\/\/kuzeyinsesi.org\/index.php\/2024\/09\/12\/altin-portakalda-yarisma-disi-gosterimlerde-sinemaseverlerle-bulusacak-filmler-belirlendi\/\" \/>\n<meta property=\"og:site_name\" content=\"Kuzeyin Sesi\" \/>\n<meta property=\"article:publisher\" content=\"https:\/\/www.facebook.com\/kuzeyinsesii\" \/>\n<meta property=\"article:published_time\" content=\"2024-09-12T15:52:20+00:00\" \/>\n<meta property=\"og:image\" content=\"https:\/\/brtk.net\/wp-content\/uploads\/2024\/09\/12\/altin-portokal.jpg?ver=5ffa04c5fd48ce97bf3a367f93c21aba\" \/>\n<meta name=\"author\" content=\"Kuzeyin Sesi\" \/>\n<meta name=\"twitter:card\" content=\"summary_large_image\" \/>\n<meta name=\"twitter:creator\" content=\"@kuzeyinsesii\" \/>\n<meta name=\"twitter:site\" content=\"@kuzeyinsesii\" \/>\n<meta name=\"twitter:label1\" content=\"Yazan:\" \/>\n\t<meta name=\"twitter:data1\" content=\"Kuzeyin Sesi\" \/>\n\t<meta name=\"twitter:label2\" content=\"Tahmini okuma s\u00fcresi\" \/>\n\t<meta name=\"twitter:data2\" content=\"1 dakika\" \/>\n<script type=\"application\/ld+json\" class=\"yoast-schema-graph\">{\"@context\":\"https:\\\/\\\/schema.org\",\"@graph\":[{\"@type\":\"Article\",\"@id\":\"https:\\\/\\\/kuzeyinsesi.org\\\/index.php\\\/2024\\\/09\\\/12\\\/altin-portakalda-yarisma-disi-gosterimlerde-sinemaseverlerle-bulusacak-filmler-belirlendi\\\/#article\",\"isPartOf\":{\"@id\":\"https:\\\/\\\/kuzeyinsesi.org\\\/index.php\\\/2024\\\/09\\\/12\\\/altin-portakalda-yarisma-disi-gosterimlerde-sinemaseverlerle-bulusacak-filmler-belirlendi\\\/\"},\"author\":{\"name\":\"Kuzeyin Sesi\",\"@id\":\"https:\\\/\\\/kuzeyinsesi.org\\\/#\\\/schema\\\/person\\\/9f859689cdf01485597712386e37f5aa\"},\"headline\":\"Alt\u0131n Portakal\u2019da yar\u0131\u015fma d\u0131\u015f\u0131 g\u00f6sterimlerde sinemaseverlerle bulu\u015facak filmler belirlendi\",\"datePublished\":\"2024-09-12T15:52:20+00:00\",\"mainEntityOfPage\":{\"@id\":\"https:\\\/\\\/kuzeyinsesi.org\\\/index.php\\\/2024\\\/09\\\/12\\\/altin-portakalda-yarisma-disi-gosterimlerde-sinemaseverlerle-bulusacak-filmler-belirlendi\\\/\"},\"wordCount\":236,\"commentCount\":0,\"image\":{\"@id\":\"https:\\\/\\\/kuzeyinsesi.org\\\/index.php\\\/2024\\\/09\\\/12\\\/altin-portakalda-yarisma-disi-gosterimlerde-sinemaseverlerle-bulusacak-filmler-belirlendi\\\/#primaryimage\"},\"thumbnailUrl\":\"https:\\\/\\\/kuzeyinsesi.org\\\/wp-content\\\/uploads\\\/2024\\\/09\\\/altin-portokal.jpg\",\"articleSection\":[\"Ya\u015fam\"],\"inLanguage\":\"tr\",\"potentialAction\":[{\"@type\":\"CommentAction\",\"name\":\"Comment\",\"target\":[\"https:\\\/\\\/kuzeyinsesi.org\\\/index.php\\\/2024\\\/09\\\/12\\\/altin-portakalda-yarisma-disi-gosterimlerde-sinemaseverlerle-bulusacak-filmler-belirlendi\\\/#respond\"]}]},{\"@type\":\"WebPage\",\"@id\":\"https:\\\/\\\/kuzeyinsesi.org\\\/index.php\\\/2024\\\/09\\\/12\\\/altin-portakalda-yarisma-disi-gosterimlerde-sinemaseverlerle-bulusacak-filmler-belirlendi\\\/\",\"url\":\"https:\\\/\\\/kuzeyinsesi.org\\\/index.php\\\/2024\\\/09\\\/12\\\/altin-portakalda-yarisma-disi-gosterimlerde-sinemaseverlerle-bulusacak-filmler-belirlendi\\\/\",\"name\":\"Alt\u0131n Portakal\u2019da yar\u0131\u015fma d\u0131\u015f\u0131 g\u00f6sterimlerde sinemaseverlerle bulu\u015facak filmler belirlendi - Kuzeyin Sesi\",\"isPartOf\":{\"@id\":\"https:\\\/\\\/kuzeyinsesi.org\\\/#website\"},\"primaryImageOfPage\":{\"@id\":\"https:\\\/\\\/kuzeyinsesi.org\\\/index.php\\\/2024\\\/09\\\/12\\\/altin-portakalda-yarisma-disi-gosterimlerde-sinemaseverlerle-bulusacak-filmler-belirlendi\\\/#primaryimage\"},\"image\":{\"@id\":\"https:\\\/\\\/kuzeyinsesi.org\\\/index.php\\\/2024\\\/09\\\/12\\\/altin-portakalda-yarisma-disi-gosterimlerde-sinemaseverlerle-bulusacak-filmler-belirlendi\\\/#primaryimage\"},\"thumbnailUrl\":\"https:\\\/\\\/kuzeyinsesi.org\\\/wp-content\\\/uploads\\\/2024\\\/09\\\/altin-portokal.jpg\",\"datePublished\":\"2024-09-12T15:52:20+00:00\",\"author\":{\"@id\":\"https:\\\/\\\/kuzeyinsesi.org\\\/#\\\/schema\\\/person\\\/9f859689cdf01485597712386e37f5aa\"},\"breadcrumb\":{\"@id\":\"https:\\\/\\\/kuzeyinsesi.org\\\/index.php\\\/2024\\\/09\\\/12\\\/altin-portakalda-yarisma-disi-gosterimlerde-sinemaseverlerle-bulusacak-filmler-belirlendi\\\/#breadcrumb\"},\"inLanguage\":\"tr\",\"potentialAction\":[{\"@type\":\"ReadAction\",\"target\":[\"https:\\\/\\\/kuzeyinsesi.org\\\/index.php\\\/2024\\\/09\\\/12\\\/altin-portakalda-yarisma-disi-gosterimlerde-sinemaseverlerle-bulusacak-filmler-belirlendi\\\/\"]}]},{\"@type\":\"ImageObject\",\"inLanguage\":\"tr\",\"@id\":\"https:\\\/\\\/kuzeyinsesi.org\\\/index.php\\\/2024\\\/09\\\/12\\\/altin-portakalda-yarisma-disi-gosterimlerde-sinemaseverlerle-bulusacak-filmler-belirlendi\\\/#primaryimage\",\"url\":\"https:\\\/\\\/kuzeyinsesi.org\\\/wp-content\\\/uploads\\\/2024\\\/09\\\/altin-portokal.jpg\",\"contentUrl\":\"https:\\\/\\\/kuzeyinsesi.org\\\/wp-content\\\/uploads\\\/2024\\\/09\\\/altin-portokal.jpg\",\"width\":864,\"height\":486},{\"@type\":\"BreadcrumbList\",\"@id\":\"https:\\\/\\\/kuzeyinsesi.org\\\/index.php\\\/2024\\\/09\\\/12\\\/altin-portakalda-yarisma-disi-gosterimlerde-sinemaseverlerle-bulusacak-filmler-belirlendi\\\/#breadcrumb\",\"itemListElement\":[{\"@type\":\"ListItem\",\"position\":1,\"name\":\"Anasayfa\",\"item\":\"https:\\\/\\\/kuzeyinsesi.org\\\/\"},{\"@type\":\"ListItem\",\"position\":2,\"name\":\"Alt\u0131n Portakal\u2019da yar\u0131\u015fma d\u0131\u015f\u0131 g\u00f6sterimlerde sinemaseverlerle bulu\u015facak filmler belirlendi\"}]},{\"@type\":\"WebSite\",\"@id\":\"https:\\\/\\\/kuzeyinsesi.org\\\/#website\",\"url\":\"https:\\\/\\\/kuzeyinsesi.org\\\/\",\"name\":\"Kuzeyin Sesi\",\"description\":\"Do\u011fru Haberin Adresi\",\"potentialAction\":[{\"@type\":\"SearchAction\",\"target\":{\"@type\":\"EntryPoint\",\"urlTemplate\":\"https:\\\/\\\/kuzeyinsesi.org\\\/?s={search_term_string}\"},\"query-input\":{\"@type\":\"PropertyValueSpecification\",\"valueRequired\":true,\"valueName\":\"search_term_string\"}}],\"inLanguage\":\"tr\"},{\"@type\":\"Person\",\"@id\":\"https:\\\/\\\/kuzeyinsesi.org\\\/#\\\/schema\\\/person\\\/9f859689cdf01485597712386e37f5aa\",\"name\":\"Kuzeyin Sesi\",\"image\":{\"@type\":\"ImageObject\",\"inLanguage\":\"tr\",\"@id\":\"https:\\\/\\\/secure.gravatar.com\\\/avatar\\\/bab33852abfd8b282518d6ed81826833d77c3c882d9ab608add591ccace47a44?s=96&d=mm&r=g\",\"url\":\"https:\\\/\\\/secure.gravatar.com\\\/avatar\\\/bab33852abfd8b282518d6ed81826833d77c3c882d9ab608add591ccace47a44?s=96&d=mm&r=g\",\"contentUrl\":\"https:\\\/\\\/secure.gravatar.com\\\/avatar\\\/bab33852abfd8b282518d6ed81826833d77c3c882d9ab608add591ccace47a44?s=96&d=mm&r=g\",\"caption\":\"Kuzeyin Sesi\"},\"sameAs\":[\"https:\\\/\\\/kuzeyinsesi.org\"],\"url\":\"https:\\\/\\\/kuzeyinsesi.org\\\/index.php\\\/author\\\/guven\\\/\"}]}<\/script>\n<!-- \/ Yoast SEO plugin. -->","yoast_head_json":{"title":"Alt\u0131n Portakal\u2019da yar\u0131\u015fma d\u0131\u015f\u0131 g\u00f6sterimlerde sinemaseverlerle bulu\u015facak filmler belirlendi - Kuzeyin Sesi","robots":{"index":"index","follow":"follow","max-snippet":"max-snippet:-1","max-image-preview":"max-image-preview:large","max-video-preview":"max-video-preview:-1"},"canonical":"https:\/\/kuzeyinsesi.org\/index.php\/2024\/09\/12\/altin-portakalda-yarisma-disi-gosterimlerde-sinemaseverlerle-bulusacak-filmler-belirlendi\/","og_locale":"tr_TR","og_type":"article","og_title":"Alt\u0131n Portakal\u2019da yar\u0131\u015fma d\u0131\u015f\u0131 g\u00f6sterimlerde sinemaseverlerle bulu\u015facak filmler belirlendi - Kuzeyin Sesi","og_description":"Uluslararas\u0131 Antalya Alt\u0131n Portakal Film Festivali\u2019nde, yar\u0131\u015fma d\u0131\u015f\u0131 g\u00f6sterimlerde sinemaseverlerle bulu\u015facak filmler belirlendi. Festivalin bas\u0131n b\u00fcrosundan yap\u0131lan a\u00e7\u0131klamaya g\u00f6re, Antalya B\u00fcy\u00fck\u015fehir Belediyesi ev sahipli\u011finde 5-12 Ekim\u2019de d\u00fczenlenecek festival, sineman\u0131n t\u00fcm renklerini ku\u015fatan bir programla izleyicilerle bulu\u015facak. Bu kapsamda d\u00fcnyan\u0131n sayg\u0131n festivallerinde yer alan ve yank\u0131 uyand\u0131ran filmlerin g\u00f6sterimi yap\u0131lacak. Yar\u0131\u015fma d\u0131\u015f\u0131 se\u00e7kide, Jannis Alexander Kiefer\u2019in [&hellip;]","og_url":"https:\/\/kuzeyinsesi.org\/index.php\/2024\/09\/12\/altin-portakalda-yarisma-disi-gosterimlerde-sinemaseverlerle-bulusacak-filmler-belirlendi\/","og_site_name":"Kuzeyin Sesi","article_publisher":"https:\/\/www.facebook.com\/kuzeyinsesii","article_published_time":"2024-09-12T15:52:20+00:00","og_image":[{"url":"https:\/\/brtk.net\/wp-content\/uploads\/2024\/09\/12\/altin-portokal.jpg?ver=5ffa04c5fd48ce97bf3a367f93c21aba","type":"","width":"","height":""}],"author":"Kuzeyin Sesi","twitter_card":"summary_large_image","twitter_creator":"@kuzeyinsesii","twitter_site":"@kuzeyinsesii","twitter_misc":{"Yazan:":"Kuzeyin Sesi","Tahmini okuma s\u00fcresi":"1 dakika"},"schema":{"@context":"https:\/\/schema.org","@graph":[{"@type":"Article","@id":"https:\/\/kuzeyinsesi.org\/index.php\/2024\/09\/12\/altin-portakalda-yarisma-disi-gosterimlerde-sinemaseverlerle-bulusacak-filmler-belirlendi\/#article","isPartOf":{"@id":"https:\/\/kuzeyinsesi.org\/index.php\/2024\/09\/12\/altin-portakalda-yarisma-disi-gosterimlerde-sinemaseverlerle-bulusacak-filmler-belirlendi\/"},"author":{"name":"Kuzeyin Sesi","@id":"https:\/\/kuzeyinsesi.org\/#\/schema\/person\/9f859689cdf01485597712386e37f5aa"},"headline":"Alt\u0131n Portakal\u2019da yar\u0131\u015fma d\u0131\u015f\u0131 g\u00f6sterimlerde sinemaseverlerle bulu\u015facak filmler belirlendi","datePublished":"2024-09-12T15:52:20+00:00","mainEntityOfPage":{"@id":"https:\/\/kuzeyinsesi.org\/index.php\/2024\/09\/12\/altin-portakalda-yarisma-disi-gosterimlerde-sinemaseverlerle-bulusacak-filmler-belirlendi\/"},"wordCount":236,"commentCount":0,"image":{"@id":"https:\/\/kuzeyinsesi.org\/index.php\/2024\/09\/12\/altin-portakalda-yarisma-disi-gosterimlerde-sinemaseverlerle-bulusacak-filmler-belirlendi\/#primaryimage"},"thumbnailUrl":"https:\/\/kuzeyinsesi.org\/wp-content\/uploads\/2024\/09\/altin-portokal.jpg","articleSection":["Ya\u015fam"],"inLanguage":"tr","potentialAction":[{"@type":"CommentAction","name":"Comment","target":["https:\/\/kuzeyinsesi.org\/index.php\/2024\/09\/12\/altin-portakalda-yarisma-disi-gosterimlerde-sinemaseverlerle-bulusacak-filmler-belirlendi\/#respond"]}]},{"@type":"WebPage","@id":"https:\/\/kuzeyinsesi.org\/index.php\/2024\/09\/12\/altin-portakalda-yarisma-disi-gosterimlerde-sinemaseverlerle-bulusacak-filmler-belirlendi\/","url":"https:\/\/kuzeyinsesi.org\/index.php\/2024\/09\/12\/altin-portakalda-yarisma-disi-gosterimlerde-sinemaseverlerle-bulusacak-filmler-belirlendi\/","name":"Alt\u0131n Portakal\u2019da yar\u0131\u015fma d\u0131\u015f\u0131 g\u00f6sterimlerde sinemaseverlerle bulu\u015facak filmler belirlendi - Kuzeyin Sesi","isPartOf":{"@id":"https:\/\/kuzeyinsesi.org\/#website"},"primaryImageOfPage":{"@id":"https:\/\/kuzeyinsesi.org\/index.php\/2024\/09\/12\/altin-portakalda-yarisma-disi-gosterimlerde-sinemaseverlerle-bulusacak-filmler-belirlendi\/#primaryimage"},"image":{"@id":"https:\/\/kuzeyinsesi.org\/index.php\/2024\/09\/12\/altin-portakalda-yarisma-disi-gosterimlerde-sinemaseverlerle-bulusacak-filmler-belirlendi\/#primaryimage"},"thumbnailUrl":"https:\/\/kuzeyinsesi.org\/wp-content\/uploads\/2024\/09\/altin-portokal.jpg","datePublished":"2024-09-12T15:52:20+00:00","author":{"@id":"https:\/\/kuzeyinsesi.org\/#\/schema\/person\/9f859689cdf01485597712386e37f5aa"},"breadcrumb":{"@id":"https:\/\/kuzeyinsesi.org\/index.php\/2024\/09\/12\/altin-portakalda-yarisma-disi-gosterimlerde-sinemaseverlerle-bulusacak-filmler-belirlendi\/#breadcrumb"},"inLanguage":"tr","potentialAction":[{"@type":"ReadAction","target":["https:\/\/kuzeyinsesi.org\/index.php\/2024\/09\/12\/altin-portakalda-yarisma-disi-gosterimlerde-sinemaseverlerle-bulusacak-filmler-belirlendi\/"]}]},{"@type":"ImageObject","inLanguage":"tr","@id":"https:\/\/kuzeyinsesi.org\/index.php\/2024\/09\/12\/altin-portakalda-yarisma-disi-gosterimlerde-sinemaseverlerle-bulusacak-filmler-belirlendi\/#primaryimage","url":"https:\/\/kuzeyinsesi.org\/wp-content\/uploads\/2024\/09\/altin-portokal.jpg","contentUrl":"https:\/\/kuzeyinsesi.org\/wp-content\/uploads\/2024\/09\/altin-portokal.jpg","width":864,"height":486},{"@type":"BreadcrumbList","@id":"https:\/\/kuzeyinsesi.org\/index.php\/2024\/09\/12\/altin-portakalda-yarisma-disi-gosterimlerde-sinemaseverlerle-bulusacak-filmler-belirlendi\/#breadcrumb","itemListElement":[{"@type":"ListItem","position":1,"name":"Anasayfa","item":"https:\/\/kuzeyinsesi.org\/"},{"@type":"ListItem","position":2,"name":"Alt\u0131n Portakal\u2019da yar\u0131\u015fma d\u0131\u015f\u0131 g\u00f6sterimlerde sinemaseverlerle bulu\u015facak filmler belirlendi"}]},{"@type":"WebSite","@id":"https:\/\/kuzeyinsesi.org\/#website","url":"https:\/\/kuzeyinsesi.org\/","name":"Kuzeyin Sesi","description":"Do\u011fru Haberin Adresi","potentialAction":[{"@type":"SearchAction","target":{"@type":"EntryPoint","urlTemplate":"https:\/\/kuzeyinsesi.org\/?s={search_term_string}"},"query-input":{"@type":"PropertyValueSpecification","valueRequired":true,"valueName":"search_term_string"}}],"inLanguage":"tr"},{"@type":"Person","@id":"https:\/\/kuzeyinsesi.org\/#\/schema\/person\/9f859689cdf01485597712386e37f5aa","name":"Kuzeyin Sesi","image":{"@type":"ImageObject","inLanguage":"tr","@id":"https:\/\/secure.gravatar.com\/avatar\/bab33852abfd8b282518d6ed81826833d77c3c882d9ab608add591ccace47a44?s=96&d=mm&r=g","url":"https:\/\/secure.gravatar.com\/avatar\/bab33852abfd8b282518d6ed81826833d77c3c882d9ab608add591ccace47a44?s=96&d=mm&r=g","contentUrl":"https:\/\/secure.gravatar.com\/avatar\/bab33852abfd8b282518d6ed81826833d77c3c882d9ab608add591ccace47a44?s=96&d=mm&r=g","caption":"Kuzeyin Sesi"},"sameAs":["https:\/\/kuzeyinsesi.org"],"url":"https:\/\/kuzeyinsesi.org\/index.php\/author\/guven\/"}]}},"_links":{"self":[{"href":"https:\/\/kuzeyinsesi.org\/index.php\/wp-json\/wp\/v2\/posts\/9618","targetHints":{"allow":["GET"]}}],"collection":[{"href":"https:\/\/kuzeyinsesi.org\/index.php\/wp-json\/wp\/v2\/posts"}],"about":[{"href":"https:\/\/kuzeyinsesi.org\/index.php\/wp-json\/wp\/v2\/types\/post"}],"author":[{"embeddable":true,"href":"https:\/\/kuzeyinsesi.org\/index.php\/wp-json\/wp\/v2\/users\/1"}],"replies":[{"embeddable":true,"href":"https:\/\/kuzeyinsesi.org\/index.php\/wp-json\/wp\/v2\/comments?post=9618"}],"version-history":[{"count":0,"href":"https:\/\/kuzeyinsesi.org\/index.php\/wp-json\/wp\/v2\/posts\/9618\/revisions"}],"wp:featuredmedia":[{"embeddable":true,"href":"https:\/\/kuzeyinsesi.org\/index.php\/wp-json\/wp\/v2\/media\/9619"}],"wp:attachment":[{"href":"https:\/\/kuzeyinsesi.org\/index.php\/wp-json\/wp\/v2\/media?parent=9618"}],"wp:term":[{"taxonomy":"category","embeddable":true,"href":"https:\/\/kuzeyinsesi.org\/index.php\/wp-json\/wp\/v2\/categories?post=9618"},{"taxonomy":"post_tag","embeddable":true,"href":"https:\/\/kuzeyinsesi.org\/index.php\/wp-json\/wp\/v2\/tags?post=9618"}],"curies":[{"name":"wp","href":"https:\/\/api.w.org\/{rel}","templated":true}]}}