{"id":9604,"date":"2024-09-12T14:47:19","date_gmt":"2024-09-12T11:47:19","guid":{"rendered":"https:\/\/kuzeyinsesi.org\/index.php\/2024\/09\/12\/sirinevlerde-pazar-gunu-gonnara-festivali-var\/"},"modified":"2024-09-12T14:47:19","modified_gmt":"2024-09-12T11:47:19","slug":"sirinevlerde-pazar-gunu-gonnara-festivali-var","status":"publish","type":"post","link":"https:\/\/kuzeyinsesi.org\/index.php\/2024\/09\/12\/sirinevlerde-pazar-gunu-gonnara-festivali-var\/","title":{"rendered":"\u015eirinevler\u2019de pazar g\u00fcn\u00fc Gonnara Festivali var"},"content":{"rendered":"<div>\n<div class=\"mariselle-image-container center\">\n                                            <\/div>\n<p>Dikmen Belediyesi ile \u015eirinevler Muhtarl\u0131\u011f\u0131 i\u015f birli\u011finde d\u00fczenlenen \u201c3. \u015eirinevler Gonnara Festivali\u201d pazar g\u00fcn\u00fc yap\u0131lacak.<\/p>\n<p>\u015eirinevler k\u00f6y meydan\u0131nda 09.00-23.00 saatleri aras\u0131nda olacak festival kapsam\u0131nda stantlar kurulacak, \u00e7ocuklar i\u00e7in etkinlikler d\u00fczenlenecek, \u201cArz\u0131 Endam\u201d defilesi ger\u00e7ekle\u015ftirilecek, halk ve Latin dans g\u00f6sterileri yap\u0131lacak, tavla turnuvas\u0131 organize edilecek ve Salt m\u00fczik gurubu konser verecek.<\/p>\n<p>Festival s\u0131ras\u0131nda konuklar hellim ve sucuk yap\u0131m\u0131n\u0131 da izleyebilecek.<\/p>\n<\/p><\/div>\n<p><script async\n                    defer\n                    crossorigin=\"anonymous\"\n                    src=\"https:\/\/connect.facebook.net\/tr_TR\/sdk.js#xfbml=1&#038;version=v3.3\"\n            ><\/script><\/p>\n","protected":false},"excerpt":{"rendered":"<p>Dikmen Belediyesi ile \u015eirinevler Muhtarl\u0131\u011f\u0131 i\u015f birli\u011finde d\u00fczenlenen \u201c3. \u015eirinevler Gonnara Festivali\u201d pazar g\u00fcn\u00fc yap\u0131lacak. \u015eirinevler k\u00f6y meydan\u0131nda 09.00-23.00 saatleri aras\u0131nda olacak festival kapsam\u0131nda stantlar kurulacak, \u00e7ocuklar i\u00e7in etkinlikler d\u00fczenlenecek, \u201cArz\u0131 Endam\u201d defilesi ger\u00e7ekle\u015ftirilecek, halk ve Latin dans g\u00f6sterileri yap\u0131lacak, tavla turnuvas\u0131 organize edilecek ve Salt m\u00fczik gurubu konser verecek. Festival s\u0131ras\u0131nda konuklar hellim ve [&hellip;]<\/p>\n","protected":false},"author":1,"featured_media":9605,"comment_status":"open","ping_status":"open","sticky":false,"template":"","format":"standard","meta":{"jnews-multi-image_gallery":[],"jnews_single_post":[],"jnews_primary_category":[],"jnews_social_meta":[],"jnews_override_counter":[],"footnotes":""},"categories":[6],"tags":[],"class_list":["post-9604","post","type-post","status-publish","format-standard","has-post-thumbnail","hentry","category-yasam"],"yoast_head":"<!-- This site is optimized with the Yoast SEO plugin v27.5 - https:\/\/yoast.com\/product\/yoast-seo-wordpress\/ -->\n<title>\u015eirinevler\u2019de pazar g\u00fcn\u00fc Gonnara Festivali var - Kuzeyin Sesi<\/title>\n<meta name=\"robots\" content=\"index, follow, max-snippet:-1, max-image-preview:large, max-video-preview:-1\" \/>\n<link rel=\"canonical\" href=\"https:\/\/kuzeyinsesi.org\/index.php\/2024\/09\/12\/sirinevlerde-pazar-gunu-gonnara-festivali-var\/\" \/>\n<meta property=\"og:locale\" content=\"tr_TR\" \/>\n<meta property=\"og:type\" content=\"article\" \/>\n<meta property=\"og:title\" content=\"\u015eirinevler\u2019de pazar g\u00fcn\u00fc Gonnara Festivali var - Kuzeyin Sesi\" \/>\n<meta property=\"og:description\" content=\"Dikmen Belediyesi ile \u015eirinevler Muhtarl\u0131\u011f\u0131 i\u015f birli\u011finde d\u00fczenlenen \u201c3. \u015eirinevler Gonnara Festivali\u201d pazar g\u00fcn\u00fc yap\u0131lacak. \u015eirinevler k\u00f6y meydan\u0131nda 09.00-23.00 saatleri aras\u0131nda olacak festival kapsam\u0131nda stantlar kurulacak, \u00e7ocuklar i\u00e7in etkinlikler d\u00fczenlenecek, \u201cArz\u0131 Endam\u201d defilesi ger\u00e7ekle\u015ftirilecek, halk ve Latin dans g\u00f6sterileri yap\u0131lacak, tavla turnuvas\u0131 organize edilecek ve Salt m\u00fczik gurubu konser verecek. Festival s\u0131ras\u0131nda konuklar hellim ve [&hellip;]\" \/>\n<meta property=\"og:url\" content=\"https:\/\/kuzeyinsesi.org\/index.php\/2024\/09\/12\/sirinevlerde-pazar-gunu-gonnara-festivali-var\/\" \/>\n<meta property=\"og:site_name\" content=\"Kuzeyin Sesi\" \/>\n<meta property=\"article:publisher\" content=\"https:\/\/www.facebook.com\/kuzeyinsesii\" \/>\n<meta property=\"article:published_time\" content=\"2024-09-12T11:47:19+00:00\" \/>\n<meta property=\"og:image\" content=\"https:\/\/brtk.net\/wp-content\/uploads\/2024\/09\/12\/gonnara.webp?ver=0083ba40a95bc41e1a26171e2ed3aebf\" \/>\n<meta name=\"author\" content=\"Kuzeyin Sesi\" \/>\n<meta name=\"twitter:card\" content=\"summary_large_image\" \/>\n<meta name=\"twitter:creator\" content=\"@kuzeyinsesii\" \/>\n<meta name=\"twitter:site\" content=\"@kuzeyinsesii\" \/>\n<meta name=\"twitter:label1\" content=\"Yazan:\" \/>\n\t<meta name=\"twitter:data1\" content=\"Kuzeyin Sesi\" \/>\n<script type=\"application\/ld+json\" class=\"yoast-schema-graph\">{\"@context\":\"https:\\\/\\\/schema.org\",\"@graph\":[{\"@type\":\"Article\",\"@id\":\"https:\\\/\\\/kuzeyinsesi.org\\\/index.php\\\/2024\\\/09\\\/12\\\/sirinevlerde-pazar-gunu-gonnara-festivali-var\\\/#article\",\"isPartOf\":{\"@id\":\"https:\\\/\\\/kuzeyinsesi.org\\\/index.php\\\/2024\\\/09\\\/12\\\/sirinevlerde-pazar-gunu-gonnara-festivali-var\\\/\"},\"author\":{\"name\":\"Kuzeyin Sesi\",\"@id\":\"https:\\\/\\\/kuzeyinsesi.org\\\/#\\\/schema\\\/person\\\/9f859689cdf01485597712386e37f5aa\"},\"headline\":\"\u015eirinevler\u2019de pazar g\u00fcn\u00fc Gonnara Festivali var\",\"datePublished\":\"2024-09-12T11:47:19+00:00\",\"mainEntityOfPage\":{\"@id\":\"https:\\\/\\\/kuzeyinsesi.org\\\/index.php\\\/2024\\\/09\\\/12\\\/sirinevlerde-pazar-gunu-gonnara-festivali-var\\\/\"},\"wordCount\":85,\"commentCount\":0,\"image\":{\"@id\":\"https:\\\/\\\/kuzeyinsesi.org\\\/index.php\\\/2024\\\/09\\\/12\\\/sirinevlerde-pazar-gunu-gonnara-festivali-var\\\/#primaryimage\"},\"thumbnailUrl\":\"https:\\\/\\\/kuzeyinsesi.org\\\/wp-content\\\/uploads\\\/2024\\\/09\\\/gonnara.webp.webp\",\"articleSection\":[\"Ya\u015fam\"],\"inLanguage\":\"tr\",\"potentialAction\":[{\"@type\":\"CommentAction\",\"name\":\"Comment\",\"target\":[\"https:\\\/\\\/kuzeyinsesi.org\\\/index.php\\\/2024\\\/09\\\/12\\\/sirinevlerde-pazar-gunu-gonnara-festivali-var\\\/#respond\"]}]},{\"@type\":\"WebPage\",\"@id\":\"https:\\\/\\\/kuzeyinsesi.org\\\/index.php\\\/2024\\\/09\\\/12\\\/sirinevlerde-pazar-gunu-gonnara-festivali-var\\\/\",\"url\":\"https:\\\/\\\/kuzeyinsesi.org\\\/index.php\\\/2024\\\/09\\\/12\\\/sirinevlerde-pazar-gunu-gonnara-festivali-var\\\/\",\"name\":\"\u015eirinevler\u2019de pazar g\u00fcn\u00fc Gonnara Festivali var - Kuzeyin Sesi\",\"isPartOf\":{\"@id\":\"https:\\\/\\\/kuzeyinsesi.org\\\/#website\"},\"primaryImageOfPage\":{\"@id\":\"https:\\\/\\\/kuzeyinsesi.org\\\/index.php\\\/2024\\\/09\\\/12\\\/sirinevlerde-pazar-gunu-gonnara-festivali-var\\\/#primaryimage\"},\"image\":{\"@id\":\"https:\\\/\\\/kuzeyinsesi.org\\\/index.php\\\/2024\\\/09\\\/12\\\/sirinevlerde-pazar-gunu-gonnara-festivali-var\\\/#primaryimage\"},\"thumbnailUrl\":\"https:\\\/\\\/kuzeyinsesi.org\\\/wp-content\\\/uploads\\\/2024\\\/09\\\/gonnara.webp.webp\",\"datePublished\":\"2024-09-12T11:47:19+00:00\",\"author\":{\"@id\":\"https:\\\/\\\/kuzeyinsesi.org\\\/#\\\/schema\\\/person\\\/9f859689cdf01485597712386e37f5aa\"},\"breadcrumb\":{\"@id\":\"https:\\\/\\\/kuzeyinsesi.org\\\/index.php\\\/2024\\\/09\\\/12\\\/sirinevlerde-pazar-gunu-gonnara-festivali-var\\\/#breadcrumb\"},\"inLanguage\":\"tr\",\"potentialAction\":[{\"@type\":\"ReadAction\",\"target\":[\"https:\\\/\\\/kuzeyinsesi.org\\\/index.php\\\/2024\\\/09\\\/12\\\/sirinevlerde-pazar-gunu-gonnara-festivali-var\\\/\"]}]},{\"@type\":\"ImageObject\",\"inLanguage\":\"tr\",\"@id\":\"https:\\\/\\\/kuzeyinsesi.org\\\/index.php\\\/2024\\\/09\\\/12\\\/sirinevlerde-pazar-gunu-gonnara-festivali-var\\\/#primaryimage\",\"url\":\"https:\\\/\\\/kuzeyinsesi.org\\\/wp-content\\\/uploads\\\/2024\\\/09\\\/gonnara.webp.webp\",\"contentUrl\":\"https:\\\/\\\/kuzeyinsesi.org\\\/wp-content\\\/uploads\\\/2024\\\/09\\\/gonnara.webp.webp\",\"width\":1280,\"height\":720},{\"@type\":\"BreadcrumbList\",\"@id\":\"https:\\\/\\\/kuzeyinsesi.org\\\/index.php\\\/2024\\\/09\\\/12\\\/sirinevlerde-pazar-gunu-gonnara-festivali-var\\\/#breadcrumb\",\"itemListElement\":[{\"@type\":\"ListItem\",\"position\":1,\"name\":\"Anasayfa\",\"item\":\"https:\\\/\\\/kuzeyinsesi.org\\\/\"},{\"@type\":\"ListItem\",\"position\":2,\"name\":\"\u015eirinevler\u2019de pazar g\u00fcn\u00fc Gonnara Festivali var\"}]},{\"@type\":\"WebSite\",\"@id\":\"https:\\\/\\\/kuzeyinsesi.org\\\/#website\",\"url\":\"https:\\\/\\\/kuzeyinsesi.org\\\/\",\"name\":\"Kuzeyin Sesi\",\"description\":\"Do\u011fru Haberin Adresi\",\"potentialAction\":[{\"@type\":\"SearchAction\",\"target\":{\"@type\":\"EntryPoint\",\"urlTemplate\":\"https:\\\/\\\/kuzeyinsesi.org\\\/?s={search_term_string}\"},\"query-input\":{\"@type\":\"PropertyValueSpecification\",\"valueRequired\":true,\"valueName\":\"search_term_string\"}}],\"inLanguage\":\"tr\"},{\"@type\":\"Person\",\"@id\":\"https:\\\/\\\/kuzeyinsesi.org\\\/#\\\/schema\\\/person\\\/9f859689cdf01485597712386e37f5aa\",\"name\":\"Kuzeyin Sesi\",\"image\":{\"@type\":\"ImageObject\",\"inLanguage\":\"tr\",\"@id\":\"https:\\\/\\\/secure.gravatar.com\\\/avatar\\\/bab33852abfd8b282518d6ed81826833d77c3c882d9ab608add591ccace47a44?s=96&d=mm&r=g\",\"url\":\"https:\\\/\\\/secure.gravatar.com\\\/avatar\\\/bab33852abfd8b282518d6ed81826833d77c3c882d9ab608add591ccace47a44?s=96&d=mm&r=g\",\"contentUrl\":\"https:\\\/\\\/secure.gravatar.com\\\/avatar\\\/bab33852abfd8b282518d6ed81826833d77c3c882d9ab608add591ccace47a44?s=96&d=mm&r=g\",\"caption\":\"Kuzeyin Sesi\"},\"sameAs\":[\"https:\\\/\\\/kuzeyinsesi.org\"],\"url\":\"https:\\\/\\\/kuzeyinsesi.org\\\/index.php\\\/author\\\/guven\\\/\"}]}<\/script>\n<!-- \/ Yoast SEO plugin. -->","yoast_head_json":{"title":"\u015eirinevler\u2019de pazar g\u00fcn\u00fc Gonnara Festivali var - Kuzeyin Sesi","robots":{"index":"index","follow":"follow","max-snippet":"max-snippet:-1","max-image-preview":"max-image-preview:large","max-video-preview":"max-video-preview:-1"},"canonical":"https:\/\/kuzeyinsesi.org\/index.php\/2024\/09\/12\/sirinevlerde-pazar-gunu-gonnara-festivali-var\/","og_locale":"tr_TR","og_type":"article","og_title":"\u015eirinevler\u2019de pazar g\u00fcn\u00fc Gonnara Festivali var - Kuzeyin Sesi","og_description":"Dikmen Belediyesi ile \u015eirinevler Muhtarl\u0131\u011f\u0131 i\u015f birli\u011finde d\u00fczenlenen \u201c3. \u015eirinevler Gonnara Festivali\u201d pazar g\u00fcn\u00fc yap\u0131lacak. \u015eirinevler k\u00f6y meydan\u0131nda 09.00-23.00 saatleri aras\u0131nda olacak festival kapsam\u0131nda stantlar kurulacak, \u00e7ocuklar i\u00e7in etkinlikler d\u00fczenlenecek, \u201cArz\u0131 Endam\u201d defilesi ger\u00e7ekle\u015ftirilecek, halk ve Latin dans g\u00f6sterileri yap\u0131lacak, tavla turnuvas\u0131 organize edilecek ve Salt m\u00fczik gurubu konser verecek. Festival s\u0131ras\u0131nda konuklar hellim ve [&hellip;]","og_url":"https:\/\/kuzeyinsesi.org\/index.php\/2024\/09\/12\/sirinevlerde-pazar-gunu-gonnara-festivali-var\/","og_site_name":"Kuzeyin Sesi","article_publisher":"https:\/\/www.facebook.com\/kuzeyinsesii","article_published_time":"2024-09-12T11:47:19+00:00","og_image":[{"url":"https:\/\/brtk.net\/wp-content\/uploads\/2024\/09\/12\/gonnara.webp?ver=0083ba40a95bc41e1a26171e2ed3aebf","type":"","width":"","height":""}],"author":"Kuzeyin Sesi","twitter_card":"summary_large_image","twitter_creator":"@kuzeyinsesii","twitter_site":"@kuzeyinsesii","twitter_misc":{"Yazan:":"Kuzeyin Sesi"},"schema":{"@context":"https:\/\/schema.org","@graph":[{"@type":"Article","@id":"https:\/\/kuzeyinsesi.org\/index.php\/2024\/09\/12\/sirinevlerde-pazar-gunu-gonnara-festivali-var\/#article","isPartOf":{"@id":"https:\/\/kuzeyinsesi.org\/index.php\/2024\/09\/12\/sirinevlerde-pazar-gunu-gonnara-festivali-var\/"},"author":{"name":"Kuzeyin Sesi","@id":"https:\/\/kuzeyinsesi.org\/#\/schema\/person\/9f859689cdf01485597712386e37f5aa"},"headline":"\u015eirinevler\u2019de pazar g\u00fcn\u00fc Gonnara Festivali var","datePublished":"2024-09-12T11:47:19+00:00","mainEntityOfPage":{"@id":"https:\/\/kuzeyinsesi.org\/index.php\/2024\/09\/12\/sirinevlerde-pazar-gunu-gonnara-festivali-var\/"},"wordCount":85,"commentCount":0,"image":{"@id":"https:\/\/kuzeyinsesi.org\/index.php\/2024\/09\/12\/sirinevlerde-pazar-gunu-gonnara-festivali-var\/#primaryimage"},"thumbnailUrl":"https:\/\/kuzeyinsesi.org\/wp-content\/uploads\/2024\/09\/gonnara.webp.webp","articleSection":["Ya\u015fam"],"inLanguage":"tr","potentialAction":[{"@type":"CommentAction","name":"Comment","target":["https:\/\/kuzeyinsesi.org\/index.php\/2024\/09\/12\/sirinevlerde-pazar-gunu-gonnara-festivali-var\/#respond"]}]},{"@type":"WebPage","@id":"https:\/\/kuzeyinsesi.org\/index.php\/2024\/09\/12\/sirinevlerde-pazar-gunu-gonnara-festivali-var\/","url":"https:\/\/kuzeyinsesi.org\/index.php\/2024\/09\/12\/sirinevlerde-pazar-gunu-gonnara-festivali-var\/","name":"\u015eirinevler\u2019de pazar g\u00fcn\u00fc Gonnara Festivali var - Kuzeyin Sesi","isPartOf":{"@id":"https:\/\/kuzeyinsesi.org\/#website"},"primaryImageOfPage":{"@id":"https:\/\/kuzeyinsesi.org\/index.php\/2024\/09\/12\/sirinevlerde-pazar-gunu-gonnara-festivali-var\/#primaryimage"},"image":{"@id":"https:\/\/kuzeyinsesi.org\/index.php\/2024\/09\/12\/sirinevlerde-pazar-gunu-gonnara-festivali-var\/#primaryimage"},"thumbnailUrl":"https:\/\/kuzeyinsesi.org\/wp-content\/uploads\/2024\/09\/gonnara.webp.webp","datePublished":"2024-09-12T11:47:19+00:00","author":{"@id":"https:\/\/kuzeyinsesi.org\/#\/schema\/person\/9f859689cdf01485597712386e37f5aa"},"breadcrumb":{"@id":"https:\/\/kuzeyinsesi.org\/index.php\/2024\/09\/12\/sirinevlerde-pazar-gunu-gonnara-festivali-var\/#breadcrumb"},"inLanguage":"tr","potentialAction":[{"@type":"ReadAction","target":["https:\/\/kuzeyinsesi.org\/index.php\/2024\/09\/12\/sirinevlerde-pazar-gunu-gonnara-festivali-var\/"]}]},{"@type":"ImageObject","inLanguage":"tr","@id":"https:\/\/kuzeyinsesi.org\/index.php\/2024\/09\/12\/sirinevlerde-pazar-gunu-gonnara-festivali-var\/#primaryimage","url":"https:\/\/kuzeyinsesi.org\/wp-content\/uploads\/2024\/09\/gonnara.webp.webp","contentUrl":"https:\/\/kuzeyinsesi.org\/wp-content\/uploads\/2024\/09\/gonnara.webp.webp","width":1280,"height":720},{"@type":"BreadcrumbList","@id":"https:\/\/kuzeyinsesi.org\/index.php\/2024\/09\/12\/sirinevlerde-pazar-gunu-gonnara-festivali-var\/#breadcrumb","itemListElement":[{"@type":"ListItem","position":1,"name":"Anasayfa","item":"https:\/\/kuzeyinsesi.org\/"},{"@type":"ListItem","position":2,"name":"\u015eirinevler\u2019de pazar g\u00fcn\u00fc Gonnara Festivali var"}]},{"@type":"WebSite","@id":"https:\/\/kuzeyinsesi.org\/#website","url":"https:\/\/kuzeyinsesi.org\/","name":"Kuzeyin Sesi","description":"Do\u011fru Haberin Adresi","potentialAction":[{"@type":"SearchAction","target":{"@type":"EntryPoint","urlTemplate":"https:\/\/kuzeyinsesi.org\/?s={search_term_string}"},"query-input":{"@type":"PropertyValueSpecification","valueRequired":true,"valueName":"search_term_string"}}],"inLanguage":"tr"},{"@type":"Person","@id":"https:\/\/kuzeyinsesi.org\/#\/schema\/person\/9f859689cdf01485597712386e37f5aa","name":"Kuzeyin Sesi","image":{"@type":"ImageObject","inLanguage":"tr","@id":"https:\/\/secure.gravatar.com\/avatar\/bab33852abfd8b282518d6ed81826833d77c3c882d9ab608add591ccace47a44?s=96&d=mm&r=g","url":"https:\/\/secure.gravatar.com\/avatar\/bab33852abfd8b282518d6ed81826833d77c3c882d9ab608add591ccace47a44?s=96&d=mm&r=g","contentUrl":"https:\/\/secure.gravatar.com\/avatar\/bab33852abfd8b282518d6ed81826833d77c3c882d9ab608add591ccace47a44?s=96&d=mm&r=g","caption":"Kuzeyin Sesi"},"sameAs":["https:\/\/kuzeyinsesi.org"],"url":"https:\/\/kuzeyinsesi.org\/index.php\/author\/guven\/"}]}},"_links":{"self":[{"href":"https:\/\/kuzeyinsesi.org\/index.php\/wp-json\/wp\/v2\/posts\/9604","targetHints":{"allow":["GET"]}}],"collection":[{"href":"https:\/\/kuzeyinsesi.org\/index.php\/wp-json\/wp\/v2\/posts"}],"about":[{"href":"https:\/\/kuzeyinsesi.org\/index.php\/wp-json\/wp\/v2\/types\/post"}],"author":[{"embeddable":true,"href":"https:\/\/kuzeyinsesi.org\/index.php\/wp-json\/wp\/v2\/users\/1"}],"replies":[{"embeddable":true,"href":"https:\/\/kuzeyinsesi.org\/index.php\/wp-json\/wp\/v2\/comments?post=9604"}],"version-history":[{"count":0,"href":"https:\/\/kuzeyinsesi.org\/index.php\/wp-json\/wp\/v2\/posts\/9604\/revisions"}],"wp:featuredmedia":[{"embeddable":true,"href":"https:\/\/kuzeyinsesi.org\/index.php\/wp-json\/wp\/v2\/media\/9605"}],"wp:attachment":[{"href":"https:\/\/kuzeyinsesi.org\/index.php\/wp-json\/wp\/v2\/media?parent=9604"}],"wp:term":[{"taxonomy":"category","embeddable":true,"href":"https:\/\/kuzeyinsesi.org\/index.php\/wp-json\/wp\/v2\/categories?post=9604"},{"taxonomy":"post_tag","embeddable":true,"href":"https:\/\/kuzeyinsesi.org\/index.php\/wp-json\/wp\/v2\/tags?post=9604"}],"curies":[{"name":"wp","href":"https:\/\/api.w.org\/{rel}","templated":true}]}}