{"id":959,"date":"2024-04-30T02:03:11","date_gmt":"2024-04-29T23:03:11","guid":{"rendered":"https:\/\/kuzeyinsesi.com\/index.php\/2024\/04\/30\/tel-avivde-israilli-esir-yakinlarinin-protestosunda-olaylar-cikti\/"},"modified":"2024-04-30T02:03:11","modified_gmt":"2024-04-29T23:03:11","slug":"tel-avivde-israilli-esir-yakinlarinin-protestosunda-olaylar-cikti","status":"publish","type":"post","link":"https:\/\/kuzeyinsesi.org\/index.php\/2024\/04\/30\/tel-avivde-israilli-esir-yakinlarinin-protestosunda-olaylar-cikti\/","title":{"rendered":"Tel Aviv&#039;de \u0130srailli esir yak\u0131nlar\u0131n\u0131n protestosunda olaylar \u00e7\u0131kt\u0131"},"content":{"rendered":"<p><\/p>\n<div>\n<p>&#13;<br \/>\n\t<a href=\"https:\/\/www.trthaber.com\/etiket\/israil\/\" target=\"_blank\" rel=\"noopener\">\u0130srail<\/a> devlet televizyonu KAN&#8217;da yer alan habere g\u00f6re, Tel Aviv&#8217;de Savunma Bakanl\u0131\u011f\u0131&#8217;n\u0131n \u00f6n\u00fcnde h\u00fck\u00fcmetten ate\u015fkes ve esir takas\u0131 anla\u015fmas\u0131 yap\u0131lmas\u0131n\u0131 talep eden <a href=\"https:\/\/www.trthaber.com\/etiket\/gazze\/\" target=\"_blank\" rel=\"noopener\">Gazze<\/a> \u015eeridi&#8217;ndeki \u0130srailli esirlerin yak\u0131nlar\u0131 ile onlar\u0131n destek\u00e7ileri ve Ba\u015fbakan Binyamin <a href=\"https:\/\/www.trthaber.com\/etiket\/netanyahu\/\" target=\"_blank\" rel=\"noopener\">Netanyahu<\/a> h\u00fck\u00fcmeti kar\u015f\u0131t\u0131 binlerce ki\u015fi topland\u0131.<\/p>\n<p>&#13;<br \/>\n\tSavunma Bakanl\u0131\u011f\u0131n\u0131n oldu\u011fu b\u00f6lgede toplanan binlerce protestocu, &#8220;Refah bekleyebilir, onlar (esirler) beklemez&#8221; yaz\u0131l\u0131 pankart a\u00e7t\u0131. G\u00f6stericiler, Savunma Bakanl\u0131\u011f\u0131&#8217;n\u0131n \u00f6n\u00fcndeki Begin Caddesi&#8217;nde ate\u015f yakt\u0131.<\/p>\n<p>&#13;<br \/>\n\t\u0130srail bayraklar\u0131n\u0131n yan\u0131 s\u0131ra &#8220;\u015eimdi anla\u015fma&#8221; ve &#8220;(Esirlere) Onlara ihanet ettiler&#8221; yaz\u0131l\u0131 pankartlar ta\u015f\u0131yan \u0130srailli g\u00f6stericiler, Gazze&#8217;de tutulan \u0130srailli esirler i\u00e7in \u015fu ana kadar bir anla\u015fma yapmayan Tel Aviv y\u00f6netimine tepkilerini dillendirdiler.<\/p>\n<p>&#13;<br \/>\n\tHaaretz&#8217;in haberine g\u00f6re, burada megafondan konu\u015fan \u0130srailli esir Matan&#8217;\u0131n annesi Einav Zangauker, Netanyahu h\u00fck\u00fcmetindeki a\u015f\u0131r\u0131 sa\u011fc\u0131 Ulusal G\u00fcvenlik Bakan\u0131 Itamar Ben-Gvir ve Maliye Bakan\u0131 Bezalel Smotrich&#8217;in &#8220;esir takas\u0131 anla\u015fmas\u0131 yap\u0131l\u0131rsa h\u00fck\u00fcmeti devirme&#8221; tehdidine i\u015faret ederek &#8220;Ba\u015fbakan&#8217;\u0131n ya o\u011flunu geri getirmeyi ya da a\u015f\u0131r\u0131 sa\u011fc\u0131 bir h\u00fck\u00fcmeti tercih etmesi gerekti\u011fini&#8221; s\u00f6yledi.<\/p>\n<p>&#13;<br \/>\n\tTel Aviv&#8217;in kuzeyine do\u011fru y\u00fcr\u00fcmek isteyen g\u00f6stericiler ve yolu kapatan polisler aras\u0131nda olaylar \u00e7\u0131kt\u0131. \u0130srail polisi g\u00f6sterilere atl\u0131 birlikler ve TOMA ile m\u00fcdahale etti, en az 3 ki\u015fiyi g\u00f6zalt\u0131na ald\u0131.<\/p>\n<p>&#13;<br \/>\n\tY\u00fczlerce g\u00f6sterici Netanyahu&#8217;nun partisi iktidardaki Likud genel merkezine do\u011fru y\u00fcr\u00fcd\u00fc. Baz\u0131 g\u00f6stericiler parti binas\u0131na &#8220;Bibi (Netanyahu) katil&#8221;, &#8220;Bibi su\u00e7lu&#8221; yazd\u0131.<\/p>\n<p>&#13;<br \/>\n\tNetanyahu, \u0130srail ve uluslararas\u0131 kamuoyunda siyasi nedenlerden dolay\u0131 <a href=\"https:\/\/www.trthaber.com\/etiket\/hamas\/\" target=\"_blank\" rel=\"noopener\">Hamas<\/a> ile esir takas\u0131 anla\u015fmas\u0131 yapmamakla su\u00e7lan\u0131yor.<\/p>\n<p>&#13;<br \/>\n\t<a href=\"https:\/\/www.trthaber.com\/etiket\/misir\/\" target=\"_blank\" rel=\"noopener\">M\u0131s\u0131r<\/a> ve <a href=\"https:\/\/www.trthaber.com\/etiket\/katar\/\" target=\"_blank\" rel=\"noopener\">Katar<\/a> arabuluculu\u011funda haz\u0131rlanan yeni bir ate\u015fkes ve kar\u015f\u0131l\u0131kl\u0131 esir takas\u0131 anla\u015fmas\u0131 teklifinin cuma g\u00fcn\u00fc Hamas&#8217;a sunuldu\u011fu, Hamas&#8217;\u0131n teklif \u00fczerinde \u00e7al\u0131\u015ft\u0131\u011f\u0131 ve yak\u0131nda yan\u0131t\u0131n\u0131 verece\u011fi a\u00e7\u0131klanm\u0131\u015ft\u0131.<\/p>\n<p>&#13;<br \/>\n\tHamas&#8217;tan bir heyetin ate\u015fkes teklifini g\u00f6r\u00fc\u015fmek \u00fczere pazartesi g\u00fcn\u00fc Kahire&#8217;ye gitti\u011fi aktar\u0131lm\u0131\u015ft\u0131.<\/p>\n<p>&#13;<br \/>\n\t<strong>\u0130srail: Gazze&#8217;de 130&#8217;dan fazla \u0130srailli esir var<\/strong><\/p>\n<p>&#13;<br \/>\n\t\u0130srail makamlar\u0131na g\u00f6re, Gazze \u015eeridi&#8217;nde, baz\u0131lar\u0131 hayatta baz\u0131lar\u0131 \u00f6l\u00fc 130&#8217;dan fazla \u0130srailli esir bulunuyor.<\/p>\n<p>&#13;<br \/>\n\tHamas&#8217;\u0131n silahl\u0131 kanad\u0131 \u0130zzeddin el-Kassam Tugaylar\u0131, \u0130srail&#8217;in Gazze&#8217;ye sald\u0131r\u0131lar\u0131nda \u00f6ld\u00fcr\u00fclen \u0130srailli esir say\u0131s\u0131n\u0131n 70&#8217;i ge\u00e7ti\u011fini duyurmu\u015ftu.<\/p>\n<p>&#13;<br \/>\n\t\u0130srail&#8217;in 7 Ekim&#8217;den bu yana Gazze \u015eeridi&#8217;ne d\u00fczenledi\u011fi sald\u0131r\u0131larda 24 binden fazlas\u0131 kad\u0131n ve \u00e7ocuk 34 bini a\u015fk\u0131n Filistinli \u00f6ld\u00fc.<\/p>\n<p>&#13;<br \/>\n\tSa\u011fl\u0131k sisteminin \u00e7\u00f6kmek \u00fczere oldu\u011fu b\u00f6lgede 77 binden fazla yaral\u0131 var, 7 bin kadar ki\u015finin de kay\u0131p oldu\u011fu aktar\u0131l\u0131yor. Gazze \u015eeridi i\u00e7inde 1,9 milyondan fazla Filistinli ise zorla <a href=\"https:\/\/www.trthaber.com\/etiket\/goc\/\" target=\"_blank\" rel=\"noopener\">g\u00f6\u00e7<\/a> ettirildi.<\/p>\n<p>&#13;<br \/>\n\t<a href=\"https:\/\/www.trthaber.com\/etiket\/birlesmis-milletler\/\" target=\"_blank\" rel=\"noopener\">Birle\u015fmi\u015f Milletler<\/a> G\u00fcvenlik Konseyinden 25 Mart&#8217;ta ge\u00e7en &#8220;ate\u015fkes karar\u0131&#8221; hi\u00e7e say\u0131larak \u0130srail ordusunun sald\u0131r\u0131lar\u0131 devam etti.<\/p>\n<p>&#13;<br \/>\n\tUluslararas\u0131 toplumdan gelen uyar\u0131lara ra\u011fmen \u0130srail makamlar\u0131, 1,5 milyon kadar Filistinlinin s\u0131\u011f\u0131nd\u0131\u011f\u0131 Gazze \u015eeridi&#8217;nin g\u00fcneyindeki Refah&#8217;a kara sald\u0131r\u0131s\u0131 ba\u015flat\u0131laca\u011f\u0131 s\u00f6ylemini s\u00fcrd\u00fcr\u00fcyor.<\/p>\n<\/p><\/div>\n","protected":false},"excerpt":{"rendered":"<p>&#13; \u0130srail devlet televizyonu KAN&#8217;da yer alan habere g\u00f6re, Tel Aviv&#8217;de Savunma Bakanl\u0131\u011f\u0131&#8217;n\u0131n \u00f6n\u00fcnde h\u00fck\u00fcmetten ate\u015fkes ve esir takas\u0131 anla\u015fmas\u0131 yap\u0131lmas\u0131n\u0131 talep eden Gazze \u015eeridi&#8217;ndeki \u0130srailli esirlerin yak\u0131nlar\u0131 ile onlar\u0131n destek\u00e7ileri ve Ba\u015fbakan Binyamin Netanyahu h\u00fck\u00fcmeti kar\u015f\u0131t\u0131 binlerce ki\u015fi topland\u0131. &#13; Savunma Bakanl\u0131\u011f\u0131n\u0131n oldu\u011fu b\u00f6lgede toplanan binlerce protestocu, &#8220;Refah bekleyebilir, onlar (esirler) beklemez&#8221; yaz\u0131l\u0131 pankart [&hellip;]<\/p>\n","protected":false},"author":1,"featured_media":960,"comment_status":"open","ping_status":"open","sticky":false,"template":"","format":"standard","meta":{"jnews-multi-image_gallery":[],"jnews_single_post":[],"jnews_primary_category":[],"jnews_social_meta":[],"jnews_override_counter":[],"footnotes":""},"categories":[2],"tags":[],"class_list":["post-959","post","type-post","status-publish","format-standard","has-post-thumbnail","hentry","category-dunya"],"yoast_head":"<!-- This site is optimized with the Yoast SEO plugin v27.5 - https:\/\/yoast.com\/product\/yoast-seo-wordpress\/ -->\n<title>Tel Aviv&#039;de \u0130srailli esir yak\u0131nlar\u0131n\u0131n protestosunda olaylar \u00e7\u0131kt\u0131 - Kuzeyin Sesi<\/title>\n<meta name=\"robots\" content=\"index, follow, max-snippet:-1, max-image-preview:large, max-video-preview:-1\" \/>\n<link rel=\"canonical\" href=\"https:\/\/kuzeyinsesi.org\/index.php\/2024\/04\/30\/tel-avivde-israilli-esir-yakinlarinin-protestosunda-olaylar-cikti\/\" \/>\n<meta property=\"og:locale\" content=\"tr_TR\" \/>\n<meta property=\"og:type\" content=\"article\" \/>\n<meta property=\"og:title\" content=\"Tel Aviv&#039;de \u0130srailli esir yak\u0131nlar\u0131n\u0131n protestosunda olaylar \u00e7\u0131kt\u0131 - Kuzeyin Sesi\" \/>\n<meta property=\"og:description\" content=\"&#013; \u0130srail devlet televizyonu KAN&#8217;da yer alan habere g\u00f6re, Tel Aviv&#8217;de Savunma Bakanl\u0131\u011f\u0131&#8217;n\u0131n \u00f6n\u00fcnde h\u00fck\u00fcmetten ate\u015fkes ve esir takas\u0131 anla\u015fmas\u0131 yap\u0131lmas\u0131n\u0131 talep eden Gazze \u015eeridi&#8217;ndeki \u0130srailli esirlerin yak\u0131nlar\u0131 ile onlar\u0131n destek\u00e7ileri ve Ba\u015fbakan Binyamin Netanyahu h\u00fck\u00fcmeti kar\u015f\u0131t\u0131 binlerce ki\u015fi topland\u0131. &#013; Savunma Bakanl\u0131\u011f\u0131n\u0131n oldu\u011fu b\u00f6lgede toplanan binlerce protestocu, &#8220;Refah bekleyebilir, onlar (esirler) beklemez&#8221; yaz\u0131l\u0131 pankart [&hellip;]\" \/>\n<meta property=\"og:url\" content=\"https:\/\/kuzeyinsesi.org\/index.php\/2024\/04\/30\/tel-avivde-israilli-esir-yakinlarinin-protestosunda-olaylar-cikti\/\" \/>\n<meta property=\"og:site_name\" content=\"Kuzeyin Sesi\" \/>\n<meta property=\"article:publisher\" content=\"https:\/\/www.facebook.com\/kuzeyinsesii\" \/>\n<meta property=\"article:published_time\" content=\"2024-04-29T23:03:11+00:00\" \/>\n<meta property=\"og:image\" content=\"https:\/\/kuzeyinsesi.org\/wp-content\/uploads\/2024\/04\/tlaviv-2221727.jpg\" \/>\n\t<meta property=\"og:image:width\" content=\"1280\" \/>\n\t<meta property=\"og:image:height\" content=\"720\" \/>\n\t<meta property=\"og:image:type\" content=\"image\/jpeg\" \/>\n<meta name=\"author\" content=\"Kuzeyin Sesi\" \/>\n<meta name=\"twitter:card\" content=\"summary_large_image\" \/>\n<meta name=\"twitter:creator\" content=\"@kuzeyinsesii\" \/>\n<meta name=\"twitter:site\" content=\"@kuzeyinsesii\" \/>\n<meta name=\"twitter:label1\" content=\"Yazan:\" \/>\n\t<meta name=\"twitter:data1\" content=\"Kuzeyin Sesi\" \/>\n\t<meta name=\"twitter:label2\" content=\"Tahmini okuma s\u00fcresi\" \/>\n\t<meta name=\"twitter:data2\" content=\"3 dakika\" \/>\n<script type=\"application\/ld+json\" class=\"yoast-schema-graph\">{\"@context\":\"https:\\\/\\\/schema.org\",\"@graph\":[{\"@type\":\"Article\",\"@id\":\"https:\\\/\\\/kuzeyinsesi.org\\\/index.php\\\/2024\\\/04\\\/30\\\/tel-avivde-israilli-esir-yakinlarinin-protestosunda-olaylar-cikti\\\/#article\",\"isPartOf\":{\"@id\":\"https:\\\/\\\/kuzeyinsesi.org\\\/index.php\\\/2024\\\/04\\\/30\\\/tel-avivde-israilli-esir-yakinlarinin-protestosunda-olaylar-cikti\\\/\"},\"author\":{\"name\":\"Kuzeyin Sesi\",\"@id\":\"https:\\\/\\\/kuzeyinsesi.org\\\/#\\\/schema\\\/person\\\/9f859689cdf01485597712386e37f5aa\"},\"headline\":\"Tel Aviv&#039;de \u0130srailli esir yak\u0131nlar\u0131n\u0131n protestosunda olaylar \u00e7\u0131kt\u0131\",\"datePublished\":\"2024-04-29T23:03:11+00:00\",\"mainEntityOfPage\":{\"@id\":\"https:\\\/\\\/kuzeyinsesi.org\\\/index.php\\\/2024\\\/04\\\/30\\\/tel-avivde-israilli-esir-yakinlarinin-protestosunda-olaylar-cikti\\\/\"},\"wordCount\":557,\"commentCount\":0,\"image\":{\"@id\":\"https:\\\/\\\/kuzeyinsesi.org\\\/index.php\\\/2024\\\/04\\\/30\\\/tel-avivde-israilli-esir-yakinlarinin-protestosunda-olaylar-cikti\\\/#primaryimage\"},\"thumbnailUrl\":\"https:\\\/\\\/kuzeyinsesi.org\\\/wp-content\\\/uploads\\\/2024\\\/04\\\/tlaviv-2221727.jpg\",\"articleSection\":[\"D\u00fcnya\"],\"inLanguage\":\"tr\",\"potentialAction\":[{\"@type\":\"CommentAction\",\"name\":\"Comment\",\"target\":[\"https:\\\/\\\/kuzeyinsesi.org\\\/index.php\\\/2024\\\/04\\\/30\\\/tel-avivde-israilli-esir-yakinlarinin-protestosunda-olaylar-cikti\\\/#respond\"]}]},{\"@type\":\"WebPage\",\"@id\":\"https:\\\/\\\/kuzeyinsesi.org\\\/index.php\\\/2024\\\/04\\\/30\\\/tel-avivde-israilli-esir-yakinlarinin-protestosunda-olaylar-cikti\\\/\",\"url\":\"https:\\\/\\\/kuzeyinsesi.org\\\/index.php\\\/2024\\\/04\\\/30\\\/tel-avivde-israilli-esir-yakinlarinin-protestosunda-olaylar-cikti\\\/\",\"name\":\"Tel Aviv&#039;de \u0130srailli esir yak\u0131nlar\u0131n\u0131n protestosunda olaylar \u00e7\u0131kt\u0131 - Kuzeyin Sesi\",\"isPartOf\":{\"@id\":\"https:\\\/\\\/kuzeyinsesi.org\\\/#website\"},\"primaryImageOfPage\":{\"@id\":\"https:\\\/\\\/kuzeyinsesi.org\\\/index.php\\\/2024\\\/04\\\/30\\\/tel-avivde-israilli-esir-yakinlarinin-protestosunda-olaylar-cikti\\\/#primaryimage\"},\"image\":{\"@id\":\"https:\\\/\\\/kuzeyinsesi.org\\\/index.php\\\/2024\\\/04\\\/30\\\/tel-avivde-israilli-esir-yakinlarinin-protestosunda-olaylar-cikti\\\/#primaryimage\"},\"thumbnailUrl\":\"https:\\\/\\\/kuzeyinsesi.org\\\/wp-content\\\/uploads\\\/2024\\\/04\\\/tlaviv-2221727.jpg\",\"datePublished\":\"2024-04-29T23:03:11+00:00\",\"author\":{\"@id\":\"https:\\\/\\\/kuzeyinsesi.org\\\/#\\\/schema\\\/person\\\/9f859689cdf01485597712386e37f5aa\"},\"breadcrumb\":{\"@id\":\"https:\\\/\\\/kuzeyinsesi.org\\\/index.php\\\/2024\\\/04\\\/30\\\/tel-avivde-israilli-esir-yakinlarinin-protestosunda-olaylar-cikti\\\/#breadcrumb\"},\"inLanguage\":\"tr\",\"potentialAction\":[{\"@type\":\"ReadAction\",\"target\":[\"https:\\\/\\\/kuzeyinsesi.org\\\/index.php\\\/2024\\\/04\\\/30\\\/tel-avivde-israilli-esir-yakinlarinin-protestosunda-olaylar-cikti\\\/\"]}]},{\"@type\":\"ImageObject\",\"inLanguage\":\"tr\",\"@id\":\"https:\\\/\\\/kuzeyinsesi.org\\\/index.php\\\/2024\\\/04\\\/30\\\/tel-avivde-israilli-esir-yakinlarinin-protestosunda-olaylar-cikti\\\/#primaryimage\",\"url\":\"https:\\\/\\\/kuzeyinsesi.org\\\/wp-content\\\/uploads\\\/2024\\\/04\\\/tlaviv-2221727.jpg\",\"contentUrl\":\"https:\\\/\\\/kuzeyinsesi.org\\\/wp-content\\\/uploads\\\/2024\\\/04\\\/tlaviv-2221727.jpg\",\"width\":1280,\"height\":720},{\"@type\":\"BreadcrumbList\",\"@id\":\"https:\\\/\\\/kuzeyinsesi.org\\\/index.php\\\/2024\\\/04\\\/30\\\/tel-avivde-israilli-esir-yakinlarinin-protestosunda-olaylar-cikti\\\/#breadcrumb\",\"itemListElement\":[{\"@type\":\"ListItem\",\"position\":1,\"name\":\"Anasayfa\",\"item\":\"https:\\\/\\\/kuzeyinsesi.org\\\/\"},{\"@type\":\"ListItem\",\"position\":2,\"name\":\"Tel Aviv&#039;de \u0130srailli esir yak\u0131nlar\u0131n\u0131n protestosunda olaylar \u00e7\u0131kt\u0131\"}]},{\"@type\":\"WebSite\",\"@id\":\"https:\\\/\\\/kuzeyinsesi.org\\\/#website\",\"url\":\"https:\\\/\\\/kuzeyinsesi.org\\\/\",\"name\":\"Kuzeyin Sesi\",\"description\":\"Do\u011fru Haberin Adresi\",\"potentialAction\":[{\"@type\":\"SearchAction\",\"target\":{\"@type\":\"EntryPoint\",\"urlTemplate\":\"https:\\\/\\\/kuzeyinsesi.org\\\/?s={search_term_string}\"},\"query-input\":{\"@type\":\"PropertyValueSpecification\",\"valueRequired\":true,\"valueName\":\"search_term_string\"}}],\"inLanguage\":\"tr\"},{\"@type\":\"Person\",\"@id\":\"https:\\\/\\\/kuzeyinsesi.org\\\/#\\\/schema\\\/person\\\/9f859689cdf01485597712386e37f5aa\",\"name\":\"Kuzeyin Sesi\",\"image\":{\"@type\":\"ImageObject\",\"inLanguage\":\"tr\",\"@id\":\"https:\\\/\\\/secure.gravatar.com\\\/avatar\\\/bab33852abfd8b282518d6ed81826833d77c3c882d9ab608add591ccace47a44?s=96&d=mm&r=g\",\"url\":\"https:\\\/\\\/secure.gravatar.com\\\/avatar\\\/bab33852abfd8b282518d6ed81826833d77c3c882d9ab608add591ccace47a44?s=96&d=mm&r=g\",\"contentUrl\":\"https:\\\/\\\/secure.gravatar.com\\\/avatar\\\/bab33852abfd8b282518d6ed81826833d77c3c882d9ab608add591ccace47a44?s=96&d=mm&r=g\",\"caption\":\"Kuzeyin Sesi\"},\"sameAs\":[\"https:\\\/\\\/kuzeyinsesi.org\"],\"url\":\"https:\\\/\\\/kuzeyinsesi.org\\\/index.php\\\/author\\\/guven\\\/\"}]}<\/script>\n<!-- \/ Yoast SEO plugin. -->","yoast_head_json":{"title":"Tel Aviv&#039;de \u0130srailli esir yak\u0131nlar\u0131n\u0131n protestosunda olaylar \u00e7\u0131kt\u0131 - Kuzeyin Sesi","robots":{"index":"index","follow":"follow","max-snippet":"max-snippet:-1","max-image-preview":"max-image-preview:large","max-video-preview":"max-video-preview:-1"},"canonical":"https:\/\/kuzeyinsesi.org\/index.php\/2024\/04\/30\/tel-avivde-israilli-esir-yakinlarinin-protestosunda-olaylar-cikti\/","og_locale":"tr_TR","og_type":"article","og_title":"Tel Aviv&#039;de \u0130srailli esir yak\u0131nlar\u0131n\u0131n protestosunda olaylar \u00e7\u0131kt\u0131 - Kuzeyin Sesi","og_description":"&#13; \u0130srail devlet televizyonu KAN&#8217;da yer alan habere g\u00f6re, Tel Aviv&#8217;de Savunma Bakanl\u0131\u011f\u0131&#8217;n\u0131n \u00f6n\u00fcnde h\u00fck\u00fcmetten ate\u015fkes ve esir takas\u0131 anla\u015fmas\u0131 yap\u0131lmas\u0131n\u0131 talep eden Gazze \u015eeridi&#8217;ndeki \u0130srailli esirlerin yak\u0131nlar\u0131 ile onlar\u0131n destek\u00e7ileri ve Ba\u015fbakan Binyamin Netanyahu h\u00fck\u00fcmeti kar\u015f\u0131t\u0131 binlerce ki\u015fi topland\u0131. &#13; Savunma Bakanl\u0131\u011f\u0131n\u0131n oldu\u011fu b\u00f6lgede toplanan binlerce protestocu, &#8220;Refah bekleyebilir, onlar (esirler) beklemez&#8221; yaz\u0131l\u0131 pankart [&hellip;]","og_url":"https:\/\/kuzeyinsesi.org\/index.php\/2024\/04\/30\/tel-avivde-israilli-esir-yakinlarinin-protestosunda-olaylar-cikti\/","og_site_name":"Kuzeyin Sesi","article_publisher":"https:\/\/www.facebook.com\/kuzeyinsesii","article_published_time":"2024-04-29T23:03:11+00:00","og_image":[{"width":1280,"height":720,"url":"https:\/\/kuzeyinsesi.org\/wp-content\/uploads\/2024\/04\/tlaviv-2221727.jpg","type":"image\/jpeg"}],"author":"Kuzeyin Sesi","twitter_card":"summary_large_image","twitter_creator":"@kuzeyinsesii","twitter_site":"@kuzeyinsesii","twitter_misc":{"Yazan:":"Kuzeyin Sesi","Tahmini okuma s\u00fcresi":"3 dakika"},"schema":{"@context":"https:\/\/schema.org","@graph":[{"@type":"Article","@id":"https:\/\/kuzeyinsesi.org\/index.php\/2024\/04\/30\/tel-avivde-israilli-esir-yakinlarinin-protestosunda-olaylar-cikti\/#article","isPartOf":{"@id":"https:\/\/kuzeyinsesi.org\/index.php\/2024\/04\/30\/tel-avivde-israilli-esir-yakinlarinin-protestosunda-olaylar-cikti\/"},"author":{"name":"Kuzeyin Sesi","@id":"https:\/\/kuzeyinsesi.org\/#\/schema\/person\/9f859689cdf01485597712386e37f5aa"},"headline":"Tel Aviv&#039;de \u0130srailli esir yak\u0131nlar\u0131n\u0131n protestosunda olaylar \u00e7\u0131kt\u0131","datePublished":"2024-04-29T23:03:11+00:00","mainEntityOfPage":{"@id":"https:\/\/kuzeyinsesi.org\/index.php\/2024\/04\/30\/tel-avivde-israilli-esir-yakinlarinin-protestosunda-olaylar-cikti\/"},"wordCount":557,"commentCount":0,"image":{"@id":"https:\/\/kuzeyinsesi.org\/index.php\/2024\/04\/30\/tel-avivde-israilli-esir-yakinlarinin-protestosunda-olaylar-cikti\/#primaryimage"},"thumbnailUrl":"https:\/\/kuzeyinsesi.org\/wp-content\/uploads\/2024\/04\/tlaviv-2221727.jpg","articleSection":["D\u00fcnya"],"inLanguage":"tr","potentialAction":[{"@type":"CommentAction","name":"Comment","target":["https:\/\/kuzeyinsesi.org\/index.php\/2024\/04\/30\/tel-avivde-israilli-esir-yakinlarinin-protestosunda-olaylar-cikti\/#respond"]}]},{"@type":"WebPage","@id":"https:\/\/kuzeyinsesi.org\/index.php\/2024\/04\/30\/tel-avivde-israilli-esir-yakinlarinin-protestosunda-olaylar-cikti\/","url":"https:\/\/kuzeyinsesi.org\/index.php\/2024\/04\/30\/tel-avivde-israilli-esir-yakinlarinin-protestosunda-olaylar-cikti\/","name":"Tel Aviv&#039;de \u0130srailli esir yak\u0131nlar\u0131n\u0131n protestosunda olaylar \u00e7\u0131kt\u0131 - Kuzeyin Sesi","isPartOf":{"@id":"https:\/\/kuzeyinsesi.org\/#website"},"primaryImageOfPage":{"@id":"https:\/\/kuzeyinsesi.org\/index.php\/2024\/04\/30\/tel-avivde-israilli-esir-yakinlarinin-protestosunda-olaylar-cikti\/#primaryimage"},"image":{"@id":"https:\/\/kuzeyinsesi.org\/index.php\/2024\/04\/30\/tel-avivde-israilli-esir-yakinlarinin-protestosunda-olaylar-cikti\/#primaryimage"},"thumbnailUrl":"https:\/\/kuzeyinsesi.org\/wp-content\/uploads\/2024\/04\/tlaviv-2221727.jpg","datePublished":"2024-04-29T23:03:11+00:00","author":{"@id":"https:\/\/kuzeyinsesi.org\/#\/schema\/person\/9f859689cdf01485597712386e37f5aa"},"breadcrumb":{"@id":"https:\/\/kuzeyinsesi.org\/index.php\/2024\/04\/30\/tel-avivde-israilli-esir-yakinlarinin-protestosunda-olaylar-cikti\/#breadcrumb"},"inLanguage":"tr","potentialAction":[{"@type":"ReadAction","target":["https:\/\/kuzeyinsesi.org\/index.php\/2024\/04\/30\/tel-avivde-israilli-esir-yakinlarinin-protestosunda-olaylar-cikti\/"]}]},{"@type":"ImageObject","inLanguage":"tr","@id":"https:\/\/kuzeyinsesi.org\/index.php\/2024\/04\/30\/tel-avivde-israilli-esir-yakinlarinin-protestosunda-olaylar-cikti\/#primaryimage","url":"https:\/\/kuzeyinsesi.org\/wp-content\/uploads\/2024\/04\/tlaviv-2221727.jpg","contentUrl":"https:\/\/kuzeyinsesi.org\/wp-content\/uploads\/2024\/04\/tlaviv-2221727.jpg","width":1280,"height":720},{"@type":"BreadcrumbList","@id":"https:\/\/kuzeyinsesi.org\/index.php\/2024\/04\/30\/tel-avivde-israilli-esir-yakinlarinin-protestosunda-olaylar-cikti\/#breadcrumb","itemListElement":[{"@type":"ListItem","position":1,"name":"Anasayfa","item":"https:\/\/kuzeyinsesi.org\/"},{"@type":"ListItem","position":2,"name":"Tel Aviv&#039;de \u0130srailli esir yak\u0131nlar\u0131n\u0131n protestosunda olaylar \u00e7\u0131kt\u0131"}]},{"@type":"WebSite","@id":"https:\/\/kuzeyinsesi.org\/#website","url":"https:\/\/kuzeyinsesi.org\/","name":"Kuzeyin Sesi","description":"Do\u011fru Haberin Adresi","potentialAction":[{"@type":"SearchAction","target":{"@type":"EntryPoint","urlTemplate":"https:\/\/kuzeyinsesi.org\/?s={search_term_string}"},"query-input":{"@type":"PropertyValueSpecification","valueRequired":true,"valueName":"search_term_string"}}],"inLanguage":"tr"},{"@type":"Person","@id":"https:\/\/kuzeyinsesi.org\/#\/schema\/person\/9f859689cdf01485597712386e37f5aa","name":"Kuzeyin Sesi","image":{"@type":"ImageObject","inLanguage":"tr","@id":"https:\/\/secure.gravatar.com\/avatar\/bab33852abfd8b282518d6ed81826833d77c3c882d9ab608add591ccace47a44?s=96&d=mm&r=g","url":"https:\/\/secure.gravatar.com\/avatar\/bab33852abfd8b282518d6ed81826833d77c3c882d9ab608add591ccace47a44?s=96&d=mm&r=g","contentUrl":"https:\/\/secure.gravatar.com\/avatar\/bab33852abfd8b282518d6ed81826833d77c3c882d9ab608add591ccace47a44?s=96&d=mm&r=g","caption":"Kuzeyin Sesi"},"sameAs":["https:\/\/kuzeyinsesi.org"],"url":"https:\/\/kuzeyinsesi.org\/index.php\/author\/guven\/"}]}},"_links":{"self":[{"href":"https:\/\/kuzeyinsesi.org\/index.php\/wp-json\/wp\/v2\/posts\/959","targetHints":{"allow":["GET"]}}],"collection":[{"href":"https:\/\/kuzeyinsesi.org\/index.php\/wp-json\/wp\/v2\/posts"}],"about":[{"href":"https:\/\/kuzeyinsesi.org\/index.php\/wp-json\/wp\/v2\/types\/post"}],"author":[{"embeddable":true,"href":"https:\/\/kuzeyinsesi.org\/index.php\/wp-json\/wp\/v2\/users\/1"}],"replies":[{"embeddable":true,"href":"https:\/\/kuzeyinsesi.org\/index.php\/wp-json\/wp\/v2\/comments?post=959"}],"version-history":[{"count":0,"href":"https:\/\/kuzeyinsesi.org\/index.php\/wp-json\/wp\/v2\/posts\/959\/revisions"}],"wp:featuredmedia":[{"embeddable":true,"href":"https:\/\/kuzeyinsesi.org\/index.php\/wp-json\/wp\/v2\/media\/960"}],"wp:attachment":[{"href":"https:\/\/kuzeyinsesi.org\/index.php\/wp-json\/wp\/v2\/media?parent=959"}],"wp:term":[{"taxonomy":"category","embeddable":true,"href":"https:\/\/kuzeyinsesi.org\/index.php\/wp-json\/wp\/v2\/categories?post=959"},{"taxonomy":"post_tag","embeddable":true,"href":"https:\/\/kuzeyinsesi.org\/index.php\/wp-json\/wp\/v2\/tags?post=959"}],"curies":[{"name":"wp","href":"https:\/\/api.w.org\/{rel}","templated":true}]}}