{"id":9582,"date":"2024-09-12T12:24:10","date_gmt":"2024-09-12T09:24:10","guid":{"rendered":"https:\/\/kuzeyinsesi.org\/index.php\/2024\/09\/12\/chp-abd-bolgedeki-baris-ve-istikrari-riske-atiyor\/"},"modified":"2024-09-12T12:24:10","modified_gmt":"2024-09-12T09:24:10","slug":"chp-abd-bolgedeki-baris-ve-istikrari-riske-atiyor","status":"publish","type":"post","link":"https:\/\/kuzeyinsesi.org\/index.php\/2024\/09\/12\/chp-abd-bolgedeki-baris-ve-istikrari-riske-atiyor\/","title":{"rendered":"CHP: ABD b\u00f6lgedeki bar\u0131\u015f ve istikrar\u0131 riske at\u0131yor"},"content":{"rendered":"<div>\n<div class=\"mariselle-image-container center\">\n                                            <\/div>\n<p>T\u00fcrkiye\u2019deki Cumhuriyet Halk Partisi Genel Ba\u015fkan Yard\u0131mc\u0131s\u0131 Yank\u0131 Ba\u011fc\u0131o\u011flu, ABD ile G\u00fcney K\u0131br\u0131s Rum Y\u00f6netimi  aras\u0131ndaki anla\u015fmaya ili\u015fkin yaz\u0131l\u0131 a\u00e7\u0131klama yapt\u0131.<\/p>\n<p>Ba\u011fc\u0131o\u011flu a\u00e7\u0131klamas\u0131nda, GKRY\u2019nin askeri kapasitesinin art\u0131r\u0131lmas\u0131na y\u00f6nelik ad\u0131mlar\u0131n T\u00fcrkiye\u2019nin ulusal g\u00fcvenli\u011fine yani Mavi Vatan\u2019a do\u011frudan bir tehdit oldu\u011funu ifade etti.<\/p>\n<p>Anla\u015fman\u0131n getirdi\u011fi risklerin yaln\u0131zca iki \u00fclke aras\u0131ndaki ili\u015fkileri de\u011fil, ayn\u0131 zamanda b\u00f6lgedeki bar\u0131\u015f ve istikrar\u0131 da tehdit etti\u011fini belirten Ba\u011fc\u0131o\u011flu, \u015funlar\u0131 kaydetti:<\/p>\n<p>\u201cABD\u2019nin bu t\u00fcr askeri i\u015fbirlikleriyle G\u00fcney K\u0131br\u0131s\u2019taki varl\u0131\u011f\u0131n\u0131 art\u0131rmas\u0131, b\u00f6lgedeki bar\u0131\u015f ve istikrar\u0131 riske atmaktad\u0131r. T\u00fcrkiye\u2019nin ulusal g\u00fcvenli\u011fi, bu t\u00fcr geli\u015fmeler kar\u015f\u0131s\u0131nda daha kararl\u0131 bir duru\u015f sergilemeyi hak etmektedir\u201d<\/p>\n<\/p><\/div>\n<p><script async\n                    defer\n                    crossorigin=\"anonymous\"\n                    src=\"https:\/\/connect.facebook.net\/tr_TR\/sdk.js#xfbml=1&#038;version=v3.3\"\n            ><\/script><\/p>\n","protected":false},"excerpt":{"rendered":"<p>T\u00fcrkiye\u2019deki Cumhuriyet Halk Partisi Genel Ba\u015fkan Yard\u0131mc\u0131s\u0131 Yank\u0131 Ba\u011fc\u0131o\u011flu, ABD ile G\u00fcney K\u0131br\u0131s Rum Y\u00f6netimi aras\u0131ndaki anla\u015fmaya ili\u015fkin yaz\u0131l\u0131 a\u00e7\u0131klama yapt\u0131. Ba\u011fc\u0131o\u011flu a\u00e7\u0131klamas\u0131nda, GKRY\u2019nin askeri kapasitesinin art\u0131r\u0131lmas\u0131na y\u00f6nelik ad\u0131mlar\u0131n T\u00fcrkiye\u2019nin ulusal g\u00fcvenli\u011fine yani Mavi Vatan\u2019a do\u011frudan bir tehdit oldu\u011funu ifade etti. Anla\u015fman\u0131n getirdi\u011fi risklerin yaln\u0131zca iki \u00fclke aras\u0131ndaki ili\u015fkileri de\u011fil, ayn\u0131 zamanda b\u00f6lgedeki bar\u0131\u015f ve [&hellip;]<\/p>\n","protected":false},"author":1,"featured_media":9583,"comment_status":"open","ping_status":"open","sticky":false,"template":"","format":"standard","meta":{"jnews-multi-image_gallery":[],"jnews_single_post":[],"jnews_primary_category":[],"jnews_social_meta":[],"jnews_override_counter":[],"footnotes":""},"categories":[5],"tags":[],"class_list":["post-9582","post","type-post","status-publish","format-standard","has-post-thumbnail","hentry","category-turkiye"],"yoast_head":"<!-- This site is optimized with the Yoast SEO plugin v27.4 - https:\/\/yoast.com\/product\/yoast-seo-wordpress\/ -->\n<title>CHP: ABD b\u00f6lgedeki bar\u0131\u015f ve istikrar\u0131 riske at\u0131yor - Kuzeyin Sesi<\/title>\n<meta name=\"robots\" content=\"index, follow, max-snippet:-1, max-image-preview:large, max-video-preview:-1\" \/>\n<link rel=\"canonical\" href=\"https:\/\/kuzeyinsesi.org\/index.php\/2024\/09\/12\/chp-abd-bolgedeki-baris-ve-istikrari-riske-atiyor\/\" \/>\n<meta property=\"og:locale\" content=\"tr_TR\" \/>\n<meta property=\"og:type\" content=\"article\" \/>\n<meta property=\"og:title\" content=\"CHP: ABD b\u00f6lgedeki bar\u0131\u015f ve istikrar\u0131 riske at\u0131yor - Kuzeyin Sesi\" \/>\n<meta property=\"og:description\" content=\"T\u00fcrkiye\u2019deki Cumhuriyet Halk Partisi Genel Ba\u015fkan Yard\u0131mc\u0131s\u0131 Yank\u0131 Ba\u011fc\u0131o\u011flu, ABD ile G\u00fcney K\u0131br\u0131s Rum Y\u00f6netimi aras\u0131ndaki anla\u015fmaya ili\u015fkin yaz\u0131l\u0131 a\u00e7\u0131klama yapt\u0131. Ba\u011fc\u0131o\u011flu a\u00e7\u0131klamas\u0131nda, GKRY\u2019nin askeri kapasitesinin art\u0131r\u0131lmas\u0131na y\u00f6nelik ad\u0131mlar\u0131n T\u00fcrkiye\u2019nin ulusal g\u00fcvenli\u011fine yani Mavi Vatan\u2019a do\u011frudan bir tehdit oldu\u011funu ifade etti. Anla\u015fman\u0131n getirdi\u011fi risklerin yaln\u0131zca iki \u00fclke aras\u0131ndaki ili\u015fkileri de\u011fil, ayn\u0131 zamanda b\u00f6lgedeki bar\u0131\u015f ve [&hellip;]\" \/>\n<meta property=\"og:url\" content=\"https:\/\/kuzeyinsesi.org\/index.php\/2024\/09\/12\/chp-abd-bolgedeki-baris-ve-istikrari-riske-atiyor\/\" \/>\n<meta property=\"og:site_name\" content=\"Kuzeyin Sesi\" \/>\n<meta property=\"article:publisher\" content=\"https:\/\/www.facebook.com\/kuzeyinsesii\" \/>\n<meta property=\"article:published_time\" content=\"2024-09-12T09:24:10+00:00\" \/>\n<meta property=\"og:image\" content=\"https:\/\/brtk.net\/wp-content\/uploads\/2024\/09\/12\/Yanki-Bagcioglu.jpg?ver=7acd9593e3da4d8ff6c71a234b667dd4\" \/>\n<meta name=\"author\" content=\"Kuzeyin Sesi\" \/>\n<meta name=\"twitter:card\" content=\"summary_large_image\" \/>\n<meta name=\"twitter:creator\" content=\"@kuzeyinsesii\" \/>\n<meta name=\"twitter:site\" content=\"@kuzeyinsesii\" \/>\n<meta name=\"twitter:label1\" content=\"Yazan:\" \/>\n\t<meta name=\"twitter:data1\" content=\"Kuzeyin Sesi\" \/>\n\t<meta name=\"twitter:label2\" content=\"Tahmini okuma s\u00fcresi\" \/>\n\t<meta name=\"twitter:data2\" content=\"1 dakika\" \/>\n<script type=\"application\/ld+json\" class=\"yoast-schema-graph\">{\"@context\":\"https:\\\/\\\/schema.org\",\"@graph\":[{\"@type\":\"Article\",\"@id\":\"https:\\\/\\\/kuzeyinsesi.org\\\/index.php\\\/2024\\\/09\\\/12\\\/chp-abd-bolgedeki-baris-ve-istikrari-riske-atiyor\\\/#article\",\"isPartOf\":{\"@id\":\"https:\\\/\\\/kuzeyinsesi.org\\\/index.php\\\/2024\\\/09\\\/12\\\/chp-abd-bolgedeki-baris-ve-istikrari-riske-atiyor\\\/\"},\"author\":{\"name\":\"Kuzeyin Sesi\",\"@id\":\"https:\\\/\\\/kuzeyinsesi.org\\\/#\\\/schema\\\/person\\\/9f859689cdf01485597712386e37f5aa\"},\"headline\":\"CHP: ABD b\u00f6lgedeki bar\u0131\u015f ve istikrar\u0131 riske at\u0131yor\",\"datePublished\":\"2024-09-12T09:24:10+00:00\",\"mainEntityOfPage\":{\"@id\":\"https:\\\/\\\/kuzeyinsesi.org\\\/index.php\\\/2024\\\/09\\\/12\\\/chp-abd-bolgedeki-baris-ve-istikrari-riske-atiyor\\\/\"},\"wordCount\":169,\"commentCount\":0,\"image\":{\"@id\":\"https:\\\/\\\/kuzeyinsesi.org\\\/index.php\\\/2024\\\/09\\\/12\\\/chp-abd-bolgedeki-baris-ve-istikrari-riske-atiyor\\\/#primaryimage\"},\"thumbnailUrl\":\"https:\\\/\\\/kuzeyinsesi.org\\\/wp-content\\\/uploads\\\/2024\\\/09\\\/Yanki-Bagcioglu.jpg\",\"articleSection\":[\"T\u00fcrkiye\"],\"inLanguage\":\"tr\",\"potentialAction\":[{\"@type\":\"CommentAction\",\"name\":\"Comment\",\"target\":[\"https:\\\/\\\/kuzeyinsesi.org\\\/index.php\\\/2024\\\/09\\\/12\\\/chp-abd-bolgedeki-baris-ve-istikrari-riske-atiyor\\\/#respond\"]}]},{\"@type\":\"WebPage\",\"@id\":\"https:\\\/\\\/kuzeyinsesi.org\\\/index.php\\\/2024\\\/09\\\/12\\\/chp-abd-bolgedeki-baris-ve-istikrari-riske-atiyor\\\/\",\"url\":\"https:\\\/\\\/kuzeyinsesi.org\\\/index.php\\\/2024\\\/09\\\/12\\\/chp-abd-bolgedeki-baris-ve-istikrari-riske-atiyor\\\/\",\"name\":\"CHP: ABD b\u00f6lgedeki bar\u0131\u015f ve istikrar\u0131 riske at\u0131yor - Kuzeyin Sesi\",\"isPartOf\":{\"@id\":\"https:\\\/\\\/kuzeyinsesi.org\\\/#website\"},\"primaryImageOfPage\":{\"@id\":\"https:\\\/\\\/kuzeyinsesi.org\\\/index.php\\\/2024\\\/09\\\/12\\\/chp-abd-bolgedeki-baris-ve-istikrari-riske-atiyor\\\/#primaryimage\"},\"image\":{\"@id\":\"https:\\\/\\\/kuzeyinsesi.org\\\/index.php\\\/2024\\\/09\\\/12\\\/chp-abd-bolgedeki-baris-ve-istikrari-riske-atiyor\\\/#primaryimage\"},\"thumbnailUrl\":\"https:\\\/\\\/kuzeyinsesi.org\\\/wp-content\\\/uploads\\\/2024\\\/09\\\/Yanki-Bagcioglu.jpg\",\"datePublished\":\"2024-09-12T09:24:10+00:00\",\"author\":{\"@id\":\"https:\\\/\\\/kuzeyinsesi.org\\\/#\\\/schema\\\/person\\\/9f859689cdf01485597712386e37f5aa\"},\"breadcrumb\":{\"@id\":\"https:\\\/\\\/kuzeyinsesi.org\\\/index.php\\\/2024\\\/09\\\/12\\\/chp-abd-bolgedeki-baris-ve-istikrari-riske-atiyor\\\/#breadcrumb\"},\"inLanguage\":\"tr\",\"potentialAction\":[{\"@type\":\"ReadAction\",\"target\":[\"https:\\\/\\\/kuzeyinsesi.org\\\/index.php\\\/2024\\\/09\\\/12\\\/chp-abd-bolgedeki-baris-ve-istikrari-riske-atiyor\\\/\"]}]},{\"@type\":\"ImageObject\",\"inLanguage\":\"tr\",\"@id\":\"https:\\\/\\\/kuzeyinsesi.org\\\/index.php\\\/2024\\\/09\\\/12\\\/chp-abd-bolgedeki-baris-ve-istikrari-riske-atiyor\\\/#primaryimage\",\"url\":\"https:\\\/\\\/kuzeyinsesi.org\\\/wp-content\\\/uploads\\\/2024\\\/09\\\/Yanki-Bagcioglu.jpg\",\"contentUrl\":\"https:\\\/\\\/kuzeyinsesi.org\\\/wp-content\\\/uploads\\\/2024\\\/09\\\/Yanki-Bagcioglu.jpg\",\"width\":800,\"height\":450},{\"@type\":\"BreadcrumbList\",\"@id\":\"https:\\\/\\\/kuzeyinsesi.org\\\/index.php\\\/2024\\\/09\\\/12\\\/chp-abd-bolgedeki-baris-ve-istikrari-riske-atiyor\\\/#breadcrumb\",\"itemListElement\":[{\"@type\":\"ListItem\",\"position\":1,\"name\":\"Anasayfa\",\"item\":\"https:\\\/\\\/kuzeyinsesi.org\\\/\"},{\"@type\":\"ListItem\",\"position\":2,\"name\":\"CHP: ABD b\u00f6lgedeki bar\u0131\u015f ve istikrar\u0131 riske at\u0131yor\"}]},{\"@type\":\"WebSite\",\"@id\":\"https:\\\/\\\/kuzeyinsesi.org\\\/#website\",\"url\":\"https:\\\/\\\/kuzeyinsesi.org\\\/\",\"name\":\"Kuzeyin Sesi\",\"description\":\"Do\u011fru Haberin Adresi\",\"potentialAction\":[{\"@type\":\"SearchAction\",\"target\":{\"@type\":\"EntryPoint\",\"urlTemplate\":\"https:\\\/\\\/kuzeyinsesi.org\\\/?s={search_term_string}\"},\"query-input\":{\"@type\":\"PropertyValueSpecification\",\"valueRequired\":true,\"valueName\":\"search_term_string\"}}],\"inLanguage\":\"tr\"},{\"@type\":\"Person\",\"@id\":\"https:\\\/\\\/kuzeyinsesi.org\\\/#\\\/schema\\\/person\\\/9f859689cdf01485597712386e37f5aa\",\"name\":\"Kuzeyin Sesi\",\"image\":{\"@type\":\"ImageObject\",\"inLanguage\":\"tr\",\"@id\":\"https:\\\/\\\/secure.gravatar.com\\\/avatar\\\/bab33852abfd8b282518d6ed81826833d77c3c882d9ab608add591ccace47a44?s=96&d=mm&r=g\",\"url\":\"https:\\\/\\\/secure.gravatar.com\\\/avatar\\\/bab33852abfd8b282518d6ed81826833d77c3c882d9ab608add591ccace47a44?s=96&d=mm&r=g\",\"contentUrl\":\"https:\\\/\\\/secure.gravatar.com\\\/avatar\\\/bab33852abfd8b282518d6ed81826833d77c3c882d9ab608add591ccace47a44?s=96&d=mm&r=g\",\"caption\":\"Kuzeyin Sesi\"},\"sameAs\":[\"https:\\\/\\\/kuzeyinsesi.org\"],\"url\":\"https:\\\/\\\/kuzeyinsesi.org\\\/index.php\\\/author\\\/guven\\\/\"}]}<\/script>\n<!-- \/ Yoast SEO plugin. -->","yoast_head_json":{"title":"CHP: ABD b\u00f6lgedeki bar\u0131\u015f ve istikrar\u0131 riske at\u0131yor - Kuzeyin Sesi","robots":{"index":"index","follow":"follow","max-snippet":"max-snippet:-1","max-image-preview":"max-image-preview:large","max-video-preview":"max-video-preview:-1"},"canonical":"https:\/\/kuzeyinsesi.org\/index.php\/2024\/09\/12\/chp-abd-bolgedeki-baris-ve-istikrari-riske-atiyor\/","og_locale":"tr_TR","og_type":"article","og_title":"CHP: ABD b\u00f6lgedeki bar\u0131\u015f ve istikrar\u0131 riske at\u0131yor - Kuzeyin Sesi","og_description":"T\u00fcrkiye\u2019deki Cumhuriyet Halk Partisi Genel Ba\u015fkan Yard\u0131mc\u0131s\u0131 Yank\u0131 Ba\u011fc\u0131o\u011flu, ABD ile G\u00fcney K\u0131br\u0131s Rum Y\u00f6netimi aras\u0131ndaki anla\u015fmaya ili\u015fkin yaz\u0131l\u0131 a\u00e7\u0131klama yapt\u0131. Ba\u011fc\u0131o\u011flu a\u00e7\u0131klamas\u0131nda, GKRY\u2019nin askeri kapasitesinin art\u0131r\u0131lmas\u0131na y\u00f6nelik ad\u0131mlar\u0131n T\u00fcrkiye\u2019nin ulusal g\u00fcvenli\u011fine yani Mavi Vatan\u2019a do\u011frudan bir tehdit oldu\u011funu ifade etti. Anla\u015fman\u0131n getirdi\u011fi risklerin yaln\u0131zca iki \u00fclke aras\u0131ndaki ili\u015fkileri de\u011fil, ayn\u0131 zamanda b\u00f6lgedeki bar\u0131\u015f ve [&hellip;]","og_url":"https:\/\/kuzeyinsesi.org\/index.php\/2024\/09\/12\/chp-abd-bolgedeki-baris-ve-istikrari-riske-atiyor\/","og_site_name":"Kuzeyin Sesi","article_publisher":"https:\/\/www.facebook.com\/kuzeyinsesii","article_published_time":"2024-09-12T09:24:10+00:00","og_image":[{"url":"https:\/\/brtk.net\/wp-content\/uploads\/2024\/09\/12\/Yanki-Bagcioglu.jpg?ver=7acd9593e3da4d8ff6c71a234b667dd4","type":"","width":"","height":""}],"author":"Kuzeyin Sesi","twitter_card":"summary_large_image","twitter_creator":"@kuzeyinsesii","twitter_site":"@kuzeyinsesii","twitter_misc":{"Yazan:":"Kuzeyin Sesi","Tahmini okuma s\u00fcresi":"1 dakika"},"schema":{"@context":"https:\/\/schema.org","@graph":[{"@type":"Article","@id":"https:\/\/kuzeyinsesi.org\/index.php\/2024\/09\/12\/chp-abd-bolgedeki-baris-ve-istikrari-riske-atiyor\/#article","isPartOf":{"@id":"https:\/\/kuzeyinsesi.org\/index.php\/2024\/09\/12\/chp-abd-bolgedeki-baris-ve-istikrari-riske-atiyor\/"},"author":{"name":"Kuzeyin Sesi","@id":"https:\/\/kuzeyinsesi.org\/#\/schema\/person\/9f859689cdf01485597712386e37f5aa"},"headline":"CHP: ABD b\u00f6lgedeki bar\u0131\u015f ve istikrar\u0131 riske at\u0131yor","datePublished":"2024-09-12T09:24:10+00:00","mainEntityOfPage":{"@id":"https:\/\/kuzeyinsesi.org\/index.php\/2024\/09\/12\/chp-abd-bolgedeki-baris-ve-istikrari-riske-atiyor\/"},"wordCount":169,"commentCount":0,"image":{"@id":"https:\/\/kuzeyinsesi.org\/index.php\/2024\/09\/12\/chp-abd-bolgedeki-baris-ve-istikrari-riske-atiyor\/#primaryimage"},"thumbnailUrl":"https:\/\/kuzeyinsesi.org\/wp-content\/uploads\/2024\/09\/Yanki-Bagcioglu.jpg","articleSection":["T\u00fcrkiye"],"inLanguage":"tr","potentialAction":[{"@type":"CommentAction","name":"Comment","target":["https:\/\/kuzeyinsesi.org\/index.php\/2024\/09\/12\/chp-abd-bolgedeki-baris-ve-istikrari-riske-atiyor\/#respond"]}]},{"@type":"WebPage","@id":"https:\/\/kuzeyinsesi.org\/index.php\/2024\/09\/12\/chp-abd-bolgedeki-baris-ve-istikrari-riske-atiyor\/","url":"https:\/\/kuzeyinsesi.org\/index.php\/2024\/09\/12\/chp-abd-bolgedeki-baris-ve-istikrari-riske-atiyor\/","name":"CHP: ABD b\u00f6lgedeki bar\u0131\u015f ve istikrar\u0131 riske at\u0131yor - Kuzeyin Sesi","isPartOf":{"@id":"https:\/\/kuzeyinsesi.org\/#website"},"primaryImageOfPage":{"@id":"https:\/\/kuzeyinsesi.org\/index.php\/2024\/09\/12\/chp-abd-bolgedeki-baris-ve-istikrari-riske-atiyor\/#primaryimage"},"image":{"@id":"https:\/\/kuzeyinsesi.org\/index.php\/2024\/09\/12\/chp-abd-bolgedeki-baris-ve-istikrari-riske-atiyor\/#primaryimage"},"thumbnailUrl":"https:\/\/kuzeyinsesi.org\/wp-content\/uploads\/2024\/09\/Yanki-Bagcioglu.jpg","datePublished":"2024-09-12T09:24:10+00:00","author":{"@id":"https:\/\/kuzeyinsesi.org\/#\/schema\/person\/9f859689cdf01485597712386e37f5aa"},"breadcrumb":{"@id":"https:\/\/kuzeyinsesi.org\/index.php\/2024\/09\/12\/chp-abd-bolgedeki-baris-ve-istikrari-riske-atiyor\/#breadcrumb"},"inLanguage":"tr","potentialAction":[{"@type":"ReadAction","target":["https:\/\/kuzeyinsesi.org\/index.php\/2024\/09\/12\/chp-abd-bolgedeki-baris-ve-istikrari-riske-atiyor\/"]}]},{"@type":"ImageObject","inLanguage":"tr","@id":"https:\/\/kuzeyinsesi.org\/index.php\/2024\/09\/12\/chp-abd-bolgedeki-baris-ve-istikrari-riske-atiyor\/#primaryimage","url":"https:\/\/kuzeyinsesi.org\/wp-content\/uploads\/2024\/09\/Yanki-Bagcioglu.jpg","contentUrl":"https:\/\/kuzeyinsesi.org\/wp-content\/uploads\/2024\/09\/Yanki-Bagcioglu.jpg","width":800,"height":450},{"@type":"BreadcrumbList","@id":"https:\/\/kuzeyinsesi.org\/index.php\/2024\/09\/12\/chp-abd-bolgedeki-baris-ve-istikrari-riske-atiyor\/#breadcrumb","itemListElement":[{"@type":"ListItem","position":1,"name":"Anasayfa","item":"https:\/\/kuzeyinsesi.org\/"},{"@type":"ListItem","position":2,"name":"CHP: ABD b\u00f6lgedeki bar\u0131\u015f ve istikrar\u0131 riske at\u0131yor"}]},{"@type":"WebSite","@id":"https:\/\/kuzeyinsesi.org\/#website","url":"https:\/\/kuzeyinsesi.org\/","name":"Kuzeyin Sesi","description":"Do\u011fru Haberin Adresi","potentialAction":[{"@type":"SearchAction","target":{"@type":"EntryPoint","urlTemplate":"https:\/\/kuzeyinsesi.org\/?s={search_term_string}"},"query-input":{"@type":"PropertyValueSpecification","valueRequired":true,"valueName":"search_term_string"}}],"inLanguage":"tr"},{"@type":"Person","@id":"https:\/\/kuzeyinsesi.org\/#\/schema\/person\/9f859689cdf01485597712386e37f5aa","name":"Kuzeyin Sesi","image":{"@type":"ImageObject","inLanguage":"tr","@id":"https:\/\/secure.gravatar.com\/avatar\/bab33852abfd8b282518d6ed81826833d77c3c882d9ab608add591ccace47a44?s=96&d=mm&r=g","url":"https:\/\/secure.gravatar.com\/avatar\/bab33852abfd8b282518d6ed81826833d77c3c882d9ab608add591ccace47a44?s=96&d=mm&r=g","contentUrl":"https:\/\/secure.gravatar.com\/avatar\/bab33852abfd8b282518d6ed81826833d77c3c882d9ab608add591ccace47a44?s=96&d=mm&r=g","caption":"Kuzeyin Sesi"},"sameAs":["https:\/\/kuzeyinsesi.org"],"url":"https:\/\/kuzeyinsesi.org\/index.php\/author\/guven\/"}]}},"_links":{"self":[{"href":"https:\/\/kuzeyinsesi.org\/index.php\/wp-json\/wp\/v2\/posts\/9582","targetHints":{"allow":["GET"]}}],"collection":[{"href":"https:\/\/kuzeyinsesi.org\/index.php\/wp-json\/wp\/v2\/posts"}],"about":[{"href":"https:\/\/kuzeyinsesi.org\/index.php\/wp-json\/wp\/v2\/types\/post"}],"author":[{"embeddable":true,"href":"https:\/\/kuzeyinsesi.org\/index.php\/wp-json\/wp\/v2\/users\/1"}],"replies":[{"embeddable":true,"href":"https:\/\/kuzeyinsesi.org\/index.php\/wp-json\/wp\/v2\/comments?post=9582"}],"version-history":[{"count":0,"href":"https:\/\/kuzeyinsesi.org\/index.php\/wp-json\/wp\/v2\/posts\/9582\/revisions"}],"wp:featuredmedia":[{"embeddable":true,"href":"https:\/\/kuzeyinsesi.org\/index.php\/wp-json\/wp\/v2\/media\/9583"}],"wp:attachment":[{"href":"https:\/\/kuzeyinsesi.org\/index.php\/wp-json\/wp\/v2\/media?parent=9582"}],"wp:term":[{"taxonomy":"category","embeddable":true,"href":"https:\/\/kuzeyinsesi.org\/index.php\/wp-json\/wp\/v2\/categories?post=9582"},{"taxonomy":"post_tag","embeddable":true,"href":"https:\/\/kuzeyinsesi.org\/index.php\/wp-json\/wp\/v2\/tags?post=9582"}],"curies":[{"name":"wp","href":"https:\/\/api.w.org\/{rel}","templated":true}]}}