{"id":9573,"date":"2024-09-12T10:41:07","date_gmt":"2024-09-12T07:41:07","guid":{"rendered":"https:\/\/kuzeyinsesi.org\/index.php\/2024\/09\/12\/uluslararasi-kuzey-kibris-muzik-festivali-basliyor\/"},"modified":"2024-09-12T10:41:07","modified_gmt":"2024-09-12T07:41:07","slug":"uluslararasi-kuzey-kibris-muzik-festivali-basliyor","status":"publish","type":"post","link":"https:\/\/kuzeyinsesi.org\/index.php\/2024\/09\/12\/uluslararasi-kuzey-kibris-muzik-festivali-basliyor\/","title":{"rendered":"Uluslararas\u0131 Kuzey K\u0131br\u0131s M\u00fczik Festivali ba\u015fl\u0131yor"},"content":{"rendered":"<div>\n<div class=\"mariselle-image-container center\">\n                                            <\/div>\n<p>Kuzey K\u0131br\u0131s M\u00fczik Derne\u011fi\u2019nin her y\u0131l d\u00fczenledi\u011fi Uluslararas\u0131 Kuzey K\u0131br\u0131s M\u00fczik Festivali\u2019nin 22\u2019ncisi, 25 Eyl\u00fcl\u2019de ba\u015flayacak.<\/p>\n<p>Kuzey K\u0131br\u0131s M\u00fczik Derne\u011fi\u2019nden yap\u0131lan a\u00e7\u0131klamaya g\u00f6re, Bellapais Manast\u0131r\u0131\u2019nda yer alacak Festival, 25 Eyl\u00fcl ile 16 Kas\u0131m tarihleri aras\u0131nda olacak. 20 farkl\u0131 konser etkinli\u011fini sanatseverlerle bulu\u015fturacak olan 22. Uluslararas\u0131 Kuzey K\u0131br\u0131s M\u00fczik Festivali biletlerine Deniz Plazalar\u2019dan, Bellapais Manast\u0131r\u0131 Bilet Ofisi\u2019nden ve online olarak biletfest.com ile gisekibris.com adreslerinden ula\u015f\u0131labilecek.<\/p>\n<p>Festival bu y\u0131l, Turizm ve K\u00fclt\u00fcr Bakanl\u0131\u011f\u0131, Deniz Plaza, Rocks Hotel, Bellapais Gardens, Kybele ve Huzur A\u011fa\u00e7\u2019\u0131n katk\u0131lar\u0131yla yap\u0131lacak.<\/p>\n<p><strong>K\u0131br\u0131s, T\u00fcrkiye, Rusya, Ukrayna, Belarus, Amerika, Almanya, \u0130ngiltere, \u0130talya, Fransa, \u0130svi\u00e7re, Polonya, Tataristan ve Azerbaycan\u2019dan y\u00fczlerce sanat\u00e7\u0131n\u0131n yer alaca\u011f\u0131 22. Uluslararas\u0131 Kuzey K\u0131br\u0131s M\u00fczik Festivali\u2019nin program\u0131 ise \u015f\u00f6yle:<\/strong><\/p>\n<p>25 Eyl\u00fcl \u2013 LBO \u201cLatin Esintisi\u201d Konseri<\/p>\n<p>28 Eyl\u00fcl \u2013 Krzysztof Meisinger Gitar Resitali<\/p>\n<p>30 Eyl\u00fcl \u2013 H\u00fcseyin Altan Jazz Manouche Project<\/p>\n<p>2 Ekim \u2013 Arman Ratip Piyano Resitali<\/p>\n<p>5 Ekim \u2013 Tatiana Stupak Piyano Resitali<\/p>\n<p>7 Ekim \u2013 Nihat A\u011fda\u00e7-Thomas Isaac-Emil Duncumb Trio<\/p>\n<p>10 Ekim \u2013 Soprano Burcu Uyar &amp; Tenor Massimiliano Pisapia, Achille Lampo, Piyano<\/p>\n<p>12 Ekim \u2013 Rauf Kas\u0131mov Piyano Resitali<\/p>\n<p>14 Ekim \u2013 Lelya Bayramo\u011fullar\u0131 &amp; Tutu Ayd\u0131no\u011flu Fl\u00fct \u2013 Piyano Resitali<\/p>\n<p>16 Ekim \u2013 3 Basses Konseri<\/p>\n<p>18 Ekim \u2013 KKTC CSO Konseri<\/p>\n<p>22 Ekim \u2013 Ma\u011fusa Kent Orkestras\u0131 &amp; Burcu Durmaz<\/p>\n<p>24 Ekim \u2013 Alexa Rodrian &amp; Jens Fischer Rodrian<\/p>\n<p>31 Ekim \u2013 Faz\u0131l Say Piyano Resitali<\/p>\n<p>1 Kas\u0131m \u2013 Ian Maksin &amp; Taliya Haf\u0131z<\/p>\n<p>4 Kas\u0131m \u2013 Magnetic Faces Trio<\/p>\n<p>7 Kas\u0131m \u2013 3 Tenor Konseri<\/p>\n<p>9 Kas\u0131m \u2013 Gen\u00e7 Piyanistler Resitali<\/p>\n<p>13 Kas\u0131m \u2013 Anastasiia Andrievskaya Piyano Resitali<\/p>\n<p>16 Kas\u0131m LBO &amp; Erkan Da\u011fl\u0131-Katie Economidou Konseri.<\/p>\n<\/p><\/div>\n<p><script async\n                    defer\n                    crossorigin=\"anonymous\"\n                    src=\"https:\/\/connect.facebook.net\/tr_TR\/sdk.js#xfbml=1&#038;version=v3.3\"\n            ><\/script><\/p>\n","protected":false},"excerpt":{"rendered":"<p>Kuzey K\u0131br\u0131s M\u00fczik Derne\u011fi\u2019nin her y\u0131l d\u00fczenledi\u011fi Uluslararas\u0131 Kuzey K\u0131br\u0131s M\u00fczik Festivali\u2019nin 22\u2019ncisi, 25 Eyl\u00fcl\u2019de ba\u015flayacak. Kuzey K\u0131br\u0131s M\u00fczik Derne\u011fi\u2019nden yap\u0131lan a\u00e7\u0131klamaya g\u00f6re, Bellapais Manast\u0131r\u0131\u2019nda yer alacak Festival, 25 Eyl\u00fcl ile 16 Kas\u0131m tarihleri aras\u0131nda olacak. 20 farkl\u0131 konser etkinli\u011fini sanatseverlerle bulu\u015fturacak olan 22. Uluslararas\u0131 Kuzey K\u0131br\u0131s M\u00fczik Festivali biletlerine Deniz Plazalar\u2019dan, Bellapais Manast\u0131r\u0131 Bilet [&hellip;]<\/p>\n","protected":false},"author":1,"featured_media":9574,"comment_status":"open","ping_status":"open","sticky":false,"template":"","format":"standard","meta":{"jnews-multi-image_gallery":[],"jnews_single_post":[],"jnews_primary_category":[],"jnews_social_meta":[],"jnews_override_counter":[],"footnotes":""},"categories":[6],"tags":[],"class_list":["post-9573","post","type-post","status-publish","format-standard","has-post-thumbnail","hentry","category-yasam"],"yoast_head":"<!-- This site is optimized with the Yoast SEO plugin v27.5 - https:\/\/yoast.com\/product\/yoast-seo-wordpress\/ -->\n<title>Uluslararas\u0131 Kuzey K\u0131br\u0131s M\u00fczik Festivali ba\u015fl\u0131yor - Kuzeyin Sesi<\/title>\n<meta name=\"robots\" content=\"index, follow, max-snippet:-1, max-image-preview:large, max-video-preview:-1\" \/>\n<link rel=\"canonical\" href=\"https:\/\/kuzeyinsesi.org\/index.php\/2024\/09\/12\/uluslararasi-kuzey-kibris-muzik-festivali-basliyor\/\" \/>\n<meta property=\"og:locale\" content=\"tr_TR\" \/>\n<meta property=\"og:type\" content=\"article\" \/>\n<meta property=\"og:title\" content=\"Uluslararas\u0131 Kuzey K\u0131br\u0131s M\u00fczik Festivali ba\u015fl\u0131yor - Kuzeyin Sesi\" \/>\n<meta property=\"og:description\" content=\"Kuzey K\u0131br\u0131s M\u00fczik Derne\u011fi\u2019nin her y\u0131l d\u00fczenledi\u011fi Uluslararas\u0131 Kuzey K\u0131br\u0131s M\u00fczik Festivali\u2019nin 22\u2019ncisi, 25 Eyl\u00fcl\u2019de ba\u015flayacak. Kuzey K\u0131br\u0131s M\u00fczik Derne\u011fi\u2019nden yap\u0131lan a\u00e7\u0131klamaya g\u00f6re, Bellapais Manast\u0131r\u0131\u2019nda yer alacak Festival, 25 Eyl\u00fcl ile 16 Kas\u0131m tarihleri aras\u0131nda olacak. 20 farkl\u0131 konser etkinli\u011fini sanatseverlerle bulu\u015fturacak olan 22. Uluslararas\u0131 Kuzey K\u0131br\u0131s M\u00fczik Festivali biletlerine Deniz Plazalar\u2019dan, Bellapais Manast\u0131r\u0131 Bilet [&hellip;]\" \/>\n<meta property=\"og:url\" content=\"https:\/\/kuzeyinsesi.org\/index.php\/2024\/09\/12\/uluslararasi-kuzey-kibris-muzik-festivali-basliyor\/\" \/>\n<meta property=\"og:site_name\" content=\"Kuzeyin Sesi\" \/>\n<meta property=\"article:publisher\" content=\"https:\/\/www.facebook.com\/kuzeyinsesii\" \/>\n<meta property=\"article:published_time\" content=\"2024-09-12T07:41:07+00:00\" \/>\n<meta property=\"og:image\" content=\"https:\/\/brtk.net\/wp-content\/uploads\/2024\/09\/12\/BEL.jpeg?ver=a8408c39b535849a56d5c4647374f9d5\" \/>\n<meta name=\"author\" content=\"Kuzeyin Sesi\" \/>\n<meta name=\"twitter:card\" content=\"summary_large_image\" \/>\n<meta name=\"twitter:creator\" content=\"@kuzeyinsesii\" \/>\n<meta name=\"twitter:site\" content=\"@kuzeyinsesii\" \/>\n<meta name=\"twitter:label1\" content=\"Yazan:\" \/>\n\t<meta name=\"twitter:data1\" content=\"Kuzeyin Sesi\" \/>\n\t<meta name=\"twitter:label2\" content=\"Tahmini okuma s\u00fcresi\" \/>\n\t<meta name=\"twitter:data2\" content=\"1 dakika\" \/>\n<script type=\"application\/ld+json\" class=\"yoast-schema-graph\">{\"@context\":\"https:\\\/\\\/schema.org\",\"@graph\":[{\"@type\":\"Article\",\"@id\":\"https:\\\/\\\/kuzeyinsesi.org\\\/index.php\\\/2024\\\/09\\\/12\\\/uluslararasi-kuzey-kibris-muzik-festivali-basliyor\\\/#article\",\"isPartOf\":{\"@id\":\"https:\\\/\\\/kuzeyinsesi.org\\\/index.php\\\/2024\\\/09\\\/12\\\/uluslararasi-kuzey-kibris-muzik-festivali-basliyor\\\/\"},\"author\":{\"name\":\"Kuzeyin Sesi\",\"@id\":\"https:\\\/\\\/kuzeyinsesi.org\\\/#\\\/schema\\\/person\\\/9f859689cdf01485597712386e37f5aa\"},\"headline\":\"Uluslararas\u0131 Kuzey K\u0131br\u0131s M\u00fczik Festivali ba\u015fl\u0131yor\",\"datePublished\":\"2024-09-12T07:41:07+00:00\",\"mainEntityOfPage\":{\"@id\":\"https:\\\/\\\/kuzeyinsesi.org\\\/index.php\\\/2024\\\/09\\\/12\\\/uluslararasi-kuzey-kibris-muzik-festivali-basliyor\\\/\"},\"wordCount\":309,\"commentCount\":0,\"image\":{\"@id\":\"https:\\\/\\\/kuzeyinsesi.org\\\/index.php\\\/2024\\\/09\\\/12\\\/uluslararasi-kuzey-kibris-muzik-festivali-basliyor\\\/#primaryimage\"},\"thumbnailUrl\":\"https:\\\/\\\/kuzeyinsesi.org\\\/wp-content\\\/uploads\\\/2024\\\/09\\\/BEL.jpeg\",\"articleSection\":[\"Ya\u015fam\"],\"inLanguage\":\"tr\",\"potentialAction\":[{\"@type\":\"CommentAction\",\"name\":\"Comment\",\"target\":[\"https:\\\/\\\/kuzeyinsesi.org\\\/index.php\\\/2024\\\/09\\\/12\\\/uluslararasi-kuzey-kibris-muzik-festivali-basliyor\\\/#respond\"]}]},{\"@type\":\"WebPage\",\"@id\":\"https:\\\/\\\/kuzeyinsesi.org\\\/index.php\\\/2024\\\/09\\\/12\\\/uluslararasi-kuzey-kibris-muzik-festivali-basliyor\\\/\",\"url\":\"https:\\\/\\\/kuzeyinsesi.org\\\/index.php\\\/2024\\\/09\\\/12\\\/uluslararasi-kuzey-kibris-muzik-festivali-basliyor\\\/\",\"name\":\"Uluslararas\u0131 Kuzey K\u0131br\u0131s M\u00fczik Festivali ba\u015fl\u0131yor - Kuzeyin Sesi\",\"isPartOf\":{\"@id\":\"https:\\\/\\\/kuzeyinsesi.org\\\/#website\"},\"primaryImageOfPage\":{\"@id\":\"https:\\\/\\\/kuzeyinsesi.org\\\/index.php\\\/2024\\\/09\\\/12\\\/uluslararasi-kuzey-kibris-muzik-festivali-basliyor\\\/#primaryimage\"},\"image\":{\"@id\":\"https:\\\/\\\/kuzeyinsesi.org\\\/index.php\\\/2024\\\/09\\\/12\\\/uluslararasi-kuzey-kibris-muzik-festivali-basliyor\\\/#primaryimage\"},\"thumbnailUrl\":\"https:\\\/\\\/kuzeyinsesi.org\\\/wp-content\\\/uploads\\\/2024\\\/09\\\/BEL.jpeg\",\"datePublished\":\"2024-09-12T07:41:07+00:00\",\"author\":{\"@id\":\"https:\\\/\\\/kuzeyinsesi.org\\\/#\\\/schema\\\/person\\\/9f859689cdf01485597712386e37f5aa\"},\"breadcrumb\":{\"@id\":\"https:\\\/\\\/kuzeyinsesi.org\\\/index.php\\\/2024\\\/09\\\/12\\\/uluslararasi-kuzey-kibris-muzik-festivali-basliyor\\\/#breadcrumb\"},\"inLanguage\":\"tr\",\"potentialAction\":[{\"@type\":\"ReadAction\",\"target\":[\"https:\\\/\\\/kuzeyinsesi.org\\\/index.php\\\/2024\\\/09\\\/12\\\/uluslararasi-kuzey-kibris-muzik-festivali-basliyor\\\/\"]}]},{\"@type\":\"ImageObject\",\"inLanguage\":\"tr\",\"@id\":\"https:\\\/\\\/kuzeyinsesi.org\\\/index.php\\\/2024\\\/09\\\/12\\\/uluslararasi-kuzey-kibris-muzik-festivali-basliyor\\\/#primaryimage\",\"url\":\"https:\\\/\\\/kuzeyinsesi.org\\\/wp-content\\\/uploads\\\/2024\\\/09\\\/BEL.jpeg\",\"contentUrl\":\"https:\\\/\\\/kuzeyinsesi.org\\\/wp-content\\\/uploads\\\/2024\\\/09\\\/BEL.jpeg\",\"width\":930,\"height\":410},{\"@type\":\"BreadcrumbList\",\"@id\":\"https:\\\/\\\/kuzeyinsesi.org\\\/index.php\\\/2024\\\/09\\\/12\\\/uluslararasi-kuzey-kibris-muzik-festivali-basliyor\\\/#breadcrumb\",\"itemListElement\":[{\"@type\":\"ListItem\",\"position\":1,\"name\":\"Anasayfa\",\"item\":\"https:\\\/\\\/kuzeyinsesi.org\\\/\"},{\"@type\":\"ListItem\",\"position\":2,\"name\":\"Uluslararas\u0131 Kuzey K\u0131br\u0131s M\u00fczik Festivali ba\u015fl\u0131yor\"}]},{\"@type\":\"WebSite\",\"@id\":\"https:\\\/\\\/kuzeyinsesi.org\\\/#website\",\"url\":\"https:\\\/\\\/kuzeyinsesi.org\\\/\",\"name\":\"Kuzeyin Sesi\",\"description\":\"Do\u011fru Haberin Adresi\",\"potentialAction\":[{\"@type\":\"SearchAction\",\"target\":{\"@type\":\"EntryPoint\",\"urlTemplate\":\"https:\\\/\\\/kuzeyinsesi.org\\\/?s={search_term_string}\"},\"query-input\":{\"@type\":\"PropertyValueSpecification\",\"valueRequired\":true,\"valueName\":\"search_term_string\"}}],\"inLanguage\":\"tr\"},{\"@type\":\"Person\",\"@id\":\"https:\\\/\\\/kuzeyinsesi.org\\\/#\\\/schema\\\/person\\\/9f859689cdf01485597712386e37f5aa\",\"name\":\"Kuzeyin Sesi\",\"image\":{\"@type\":\"ImageObject\",\"inLanguage\":\"tr\",\"@id\":\"https:\\\/\\\/secure.gravatar.com\\\/avatar\\\/bab33852abfd8b282518d6ed81826833d77c3c882d9ab608add591ccace47a44?s=96&d=mm&r=g\",\"url\":\"https:\\\/\\\/secure.gravatar.com\\\/avatar\\\/bab33852abfd8b282518d6ed81826833d77c3c882d9ab608add591ccace47a44?s=96&d=mm&r=g\",\"contentUrl\":\"https:\\\/\\\/secure.gravatar.com\\\/avatar\\\/bab33852abfd8b282518d6ed81826833d77c3c882d9ab608add591ccace47a44?s=96&d=mm&r=g\",\"caption\":\"Kuzeyin Sesi\"},\"sameAs\":[\"https:\\\/\\\/kuzeyinsesi.org\"],\"url\":\"https:\\\/\\\/kuzeyinsesi.org\\\/index.php\\\/author\\\/guven\\\/\"}]}<\/script>\n<!-- \/ Yoast SEO plugin. -->","yoast_head_json":{"title":"Uluslararas\u0131 Kuzey K\u0131br\u0131s M\u00fczik Festivali ba\u015fl\u0131yor - Kuzeyin Sesi","robots":{"index":"index","follow":"follow","max-snippet":"max-snippet:-1","max-image-preview":"max-image-preview:large","max-video-preview":"max-video-preview:-1"},"canonical":"https:\/\/kuzeyinsesi.org\/index.php\/2024\/09\/12\/uluslararasi-kuzey-kibris-muzik-festivali-basliyor\/","og_locale":"tr_TR","og_type":"article","og_title":"Uluslararas\u0131 Kuzey K\u0131br\u0131s M\u00fczik Festivali ba\u015fl\u0131yor - Kuzeyin Sesi","og_description":"Kuzey K\u0131br\u0131s M\u00fczik Derne\u011fi\u2019nin her y\u0131l d\u00fczenledi\u011fi Uluslararas\u0131 Kuzey K\u0131br\u0131s M\u00fczik Festivali\u2019nin 22\u2019ncisi, 25 Eyl\u00fcl\u2019de ba\u015flayacak. Kuzey K\u0131br\u0131s M\u00fczik Derne\u011fi\u2019nden yap\u0131lan a\u00e7\u0131klamaya g\u00f6re, Bellapais Manast\u0131r\u0131\u2019nda yer alacak Festival, 25 Eyl\u00fcl ile 16 Kas\u0131m tarihleri aras\u0131nda olacak. 20 farkl\u0131 konser etkinli\u011fini sanatseverlerle bulu\u015fturacak olan 22. Uluslararas\u0131 Kuzey K\u0131br\u0131s M\u00fczik Festivali biletlerine Deniz Plazalar\u2019dan, Bellapais Manast\u0131r\u0131 Bilet [&hellip;]","og_url":"https:\/\/kuzeyinsesi.org\/index.php\/2024\/09\/12\/uluslararasi-kuzey-kibris-muzik-festivali-basliyor\/","og_site_name":"Kuzeyin Sesi","article_publisher":"https:\/\/www.facebook.com\/kuzeyinsesii","article_published_time":"2024-09-12T07:41:07+00:00","og_image":[{"url":"https:\/\/brtk.net\/wp-content\/uploads\/2024\/09\/12\/BEL.jpeg?ver=a8408c39b535849a56d5c4647374f9d5","type":"","width":"","height":""}],"author":"Kuzeyin Sesi","twitter_card":"summary_large_image","twitter_creator":"@kuzeyinsesii","twitter_site":"@kuzeyinsesii","twitter_misc":{"Yazan:":"Kuzeyin Sesi","Tahmini okuma s\u00fcresi":"1 dakika"},"schema":{"@context":"https:\/\/schema.org","@graph":[{"@type":"Article","@id":"https:\/\/kuzeyinsesi.org\/index.php\/2024\/09\/12\/uluslararasi-kuzey-kibris-muzik-festivali-basliyor\/#article","isPartOf":{"@id":"https:\/\/kuzeyinsesi.org\/index.php\/2024\/09\/12\/uluslararasi-kuzey-kibris-muzik-festivali-basliyor\/"},"author":{"name":"Kuzeyin Sesi","@id":"https:\/\/kuzeyinsesi.org\/#\/schema\/person\/9f859689cdf01485597712386e37f5aa"},"headline":"Uluslararas\u0131 Kuzey K\u0131br\u0131s M\u00fczik Festivali ba\u015fl\u0131yor","datePublished":"2024-09-12T07:41:07+00:00","mainEntityOfPage":{"@id":"https:\/\/kuzeyinsesi.org\/index.php\/2024\/09\/12\/uluslararasi-kuzey-kibris-muzik-festivali-basliyor\/"},"wordCount":309,"commentCount":0,"image":{"@id":"https:\/\/kuzeyinsesi.org\/index.php\/2024\/09\/12\/uluslararasi-kuzey-kibris-muzik-festivali-basliyor\/#primaryimage"},"thumbnailUrl":"https:\/\/kuzeyinsesi.org\/wp-content\/uploads\/2024\/09\/BEL.jpeg","articleSection":["Ya\u015fam"],"inLanguage":"tr","potentialAction":[{"@type":"CommentAction","name":"Comment","target":["https:\/\/kuzeyinsesi.org\/index.php\/2024\/09\/12\/uluslararasi-kuzey-kibris-muzik-festivali-basliyor\/#respond"]}]},{"@type":"WebPage","@id":"https:\/\/kuzeyinsesi.org\/index.php\/2024\/09\/12\/uluslararasi-kuzey-kibris-muzik-festivali-basliyor\/","url":"https:\/\/kuzeyinsesi.org\/index.php\/2024\/09\/12\/uluslararasi-kuzey-kibris-muzik-festivali-basliyor\/","name":"Uluslararas\u0131 Kuzey K\u0131br\u0131s M\u00fczik Festivali ba\u015fl\u0131yor - Kuzeyin Sesi","isPartOf":{"@id":"https:\/\/kuzeyinsesi.org\/#website"},"primaryImageOfPage":{"@id":"https:\/\/kuzeyinsesi.org\/index.php\/2024\/09\/12\/uluslararasi-kuzey-kibris-muzik-festivali-basliyor\/#primaryimage"},"image":{"@id":"https:\/\/kuzeyinsesi.org\/index.php\/2024\/09\/12\/uluslararasi-kuzey-kibris-muzik-festivali-basliyor\/#primaryimage"},"thumbnailUrl":"https:\/\/kuzeyinsesi.org\/wp-content\/uploads\/2024\/09\/BEL.jpeg","datePublished":"2024-09-12T07:41:07+00:00","author":{"@id":"https:\/\/kuzeyinsesi.org\/#\/schema\/person\/9f859689cdf01485597712386e37f5aa"},"breadcrumb":{"@id":"https:\/\/kuzeyinsesi.org\/index.php\/2024\/09\/12\/uluslararasi-kuzey-kibris-muzik-festivali-basliyor\/#breadcrumb"},"inLanguage":"tr","potentialAction":[{"@type":"ReadAction","target":["https:\/\/kuzeyinsesi.org\/index.php\/2024\/09\/12\/uluslararasi-kuzey-kibris-muzik-festivali-basliyor\/"]}]},{"@type":"ImageObject","inLanguage":"tr","@id":"https:\/\/kuzeyinsesi.org\/index.php\/2024\/09\/12\/uluslararasi-kuzey-kibris-muzik-festivali-basliyor\/#primaryimage","url":"https:\/\/kuzeyinsesi.org\/wp-content\/uploads\/2024\/09\/BEL.jpeg","contentUrl":"https:\/\/kuzeyinsesi.org\/wp-content\/uploads\/2024\/09\/BEL.jpeg","width":930,"height":410},{"@type":"BreadcrumbList","@id":"https:\/\/kuzeyinsesi.org\/index.php\/2024\/09\/12\/uluslararasi-kuzey-kibris-muzik-festivali-basliyor\/#breadcrumb","itemListElement":[{"@type":"ListItem","position":1,"name":"Anasayfa","item":"https:\/\/kuzeyinsesi.org\/"},{"@type":"ListItem","position":2,"name":"Uluslararas\u0131 Kuzey K\u0131br\u0131s M\u00fczik Festivali ba\u015fl\u0131yor"}]},{"@type":"WebSite","@id":"https:\/\/kuzeyinsesi.org\/#website","url":"https:\/\/kuzeyinsesi.org\/","name":"Kuzeyin Sesi","description":"Do\u011fru Haberin Adresi","potentialAction":[{"@type":"SearchAction","target":{"@type":"EntryPoint","urlTemplate":"https:\/\/kuzeyinsesi.org\/?s={search_term_string}"},"query-input":{"@type":"PropertyValueSpecification","valueRequired":true,"valueName":"search_term_string"}}],"inLanguage":"tr"},{"@type":"Person","@id":"https:\/\/kuzeyinsesi.org\/#\/schema\/person\/9f859689cdf01485597712386e37f5aa","name":"Kuzeyin Sesi","image":{"@type":"ImageObject","inLanguage":"tr","@id":"https:\/\/secure.gravatar.com\/avatar\/bab33852abfd8b282518d6ed81826833d77c3c882d9ab608add591ccace47a44?s=96&d=mm&r=g","url":"https:\/\/secure.gravatar.com\/avatar\/bab33852abfd8b282518d6ed81826833d77c3c882d9ab608add591ccace47a44?s=96&d=mm&r=g","contentUrl":"https:\/\/secure.gravatar.com\/avatar\/bab33852abfd8b282518d6ed81826833d77c3c882d9ab608add591ccace47a44?s=96&d=mm&r=g","caption":"Kuzeyin Sesi"},"sameAs":["https:\/\/kuzeyinsesi.org"],"url":"https:\/\/kuzeyinsesi.org\/index.php\/author\/guven\/"}]}},"_links":{"self":[{"href":"https:\/\/kuzeyinsesi.org\/index.php\/wp-json\/wp\/v2\/posts\/9573","targetHints":{"allow":["GET"]}}],"collection":[{"href":"https:\/\/kuzeyinsesi.org\/index.php\/wp-json\/wp\/v2\/posts"}],"about":[{"href":"https:\/\/kuzeyinsesi.org\/index.php\/wp-json\/wp\/v2\/types\/post"}],"author":[{"embeddable":true,"href":"https:\/\/kuzeyinsesi.org\/index.php\/wp-json\/wp\/v2\/users\/1"}],"replies":[{"embeddable":true,"href":"https:\/\/kuzeyinsesi.org\/index.php\/wp-json\/wp\/v2\/comments?post=9573"}],"version-history":[{"count":0,"href":"https:\/\/kuzeyinsesi.org\/index.php\/wp-json\/wp\/v2\/posts\/9573\/revisions"}],"wp:featuredmedia":[{"embeddable":true,"href":"https:\/\/kuzeyinsesi.org\/index.php\/wp-json\/wp\/v2\/media\/9574"}],"wp:attachment":[{"href":"https:\/\/kuzeyinsesi.org\/index.php\/wp-json\/wp\/v2\/media?parent=9573"}],"wp:term":[{"taxonomy":"category","embeddable":true,"href":"https:\/\/kuzeyinsesi.org\/index.php\/wp-json\/wp\/v2\/categories?post=9573"},{"taxonomy":"post_tag","embeddable":true,"href":"https:\/\/kuzeyinsesi.org\/index.php\/wp-json\/wp\/v2\/tags?post=9573"}],"curies":[{"name":"wp","href":"https:\/\/api.w.org\/{rel}","templated":true}]}}