{"id":9521,"date":"2024-09-11T13:48:20","date_gmt":"2024-09-11T10:48:20","guid":{"rendered":"https:\/\/kuzeyinsesi.org\/index.php\/2024\/09\/11\/alagadi-doga-koruma-merkezinde-dogayi-yansit-sanat-eserinin-tanitimi-yapildi\/"},"modified":"2024-09-11T13:48:20","modified_gmt":"2024-09-11T10:48:20","slug":"alagadi-doga-koruma-merkezinde-dogayi-yansit-sanat-eserinin-tanitimi-yapildi","status":"publish","type":"post","link":"https:\/\/kuzeyinsesi.org\/index.php\/2024\/09\/11\/alagadi-doga-koruma-merkezinde-dogayi-yansit-sanat-eserinin-tanitimi-yapildi\/","title":{"rendered":"Alagadi Do\u011fa Koruma Merkezi\u2019nde \u201cDo\u011fay\u0131 Yans\u0131t\u201d sanat eserinin tan\u0131t\u0131m\u0131 yap\u0131ld\u0131"},"content":{"rendered":"<div>\n<div class=\"mariselle-image-container center\">\n                                            <\/div>\n<p>Kuzey K\u0131br\u0131s Kaplumba\u011falar\u0131 Koruma Derne\u011fi (SPOT) Alagadi Do\u011fa Koruma Merkezi\u2019nde \u201cDo\u011fay\u0131 Yans\u0131t\u201d sanat eserinin tan\u0131t\u0131m\u0131 yap\u0131ld\u0131.<\/p>\n<p>Dernekten yap\u0131lan a\u00e7\u0131klamaya g\u00f6re, tan\u0131t\u0131m etkinli\u011finde aileler ve \u00e7ocuklar i\u00e7in deniz koruma hakk\u0131nda bilgilendirici oturum yap\u0131ld\u0131.<\/p>\n<p>Ard\u0131ndan kat\u0131l\u0131mc\u0131lar Sanat\u00e7\u0131 Christina Zaris ile bir araya gelerek, beraber kaleydoskop \u00fcretti ve sanat eserinin i\u00e7erisine girdi. Etkinlik, kat\u0131l\u0131mc\u0131lar\u0131n yavru kaplumba\u011falar\u0131 g\u00f6zlemledi\u011fi yuva a\u00e7\u0131m\u0131 ve yavru sal\u0131m\u0131 ile son buldu.<\/p>\n<p>A\u00e7\u0131klamada, K\u0131br\u0131s T\u00fcrk toplumuna y\u00f6nelik AB Mali Yard\u0131m\u0131 taraf\u0131ndan Sanatla Sosyal Hareket K\u00fc\u00e7\u00fck Hibeler Program\u0131 kapsam\u0131nda desteklenen etkinli\u011fin, sanat\u0131, e\u011fitimi ve uygulamal\u0131 etkinlikleri birle\u015ftirerek olumlu \u00e7evresel eylemleri te\u015fvik etmeyi ama\u00e7lad\u0131\u011f\u0131 kaydedildi.<\/p>\n<\/p><\/div>\n<p><script async\n                    defer\n                    crossorigin=\"anonymous\"\n                    src=\"https:\/\/connect.facebook.net\/tr_TR\/sdk.js#xfbml=1&#038;version=v3.3\"\n            ><\/script><\/p>\n","protected":false},"excerpt":{"rendered":"<p>Kuzey K\u0131br\u0131s Kaplumba\u011falar\u0131 Koruma Derne\u011fi (SPOT) Alagadi Do\u011fa Koruma Merkezi\u2019nde \u201cDo\u011fay\u0131 Yans\u0131t\u201d sanat eserinin tan\u0131t\u0131m\u0131 yap\u0131ld\u0131. Dernekten yap\u0131lan a\u00e7\u0131klamaya g\u00f6re, tan\u0131t\u0131m etkinli\u011finde aileler ve \u00e7ocuklar i\u00e7in deniz koruma hakk\u0131nda bilgilendirici oturum yap\u0131ld\u0131. Ard\u0131ndan kat\u0131l\u0131mc\u0131lar Sanat\u00e7\u0131 Christina Zaris ile bir araya gelerek, beraber kaleydoskop \u00fcretti ve sanat eserinin i\u00e7erisine girdi. Etkinlik, kat\u0131l\u0131mc\u0131lar\u0131n yavru kaplumba\u011falar\u0131 g\u00f6zlemledi\u011fi yuva [&hellip;]<\/p>\n","protected":false},"author":1,"featured_media":9522,"comment_status":"open","ping_status":"open","sticky":false,"template":"","format":"standard","meta":{"jnews-multi-image_gallery":[],"jnews_single_post":[],"jnews_primary_category":[],"jnews_social_meta":[],"jnews_override_counter":[],"footnotes":""},"categories":[6],"tags":[],"class_list":["post-9521","post","type-post","status-publish","format-standard","has-post-thumbnail","hentry","category-yasam"],"yoast_head":"<!-- This site is optimized with the Yoast SEO plugin v27.5 - https:\/\/yoast.com\/product\/yoast-seo-wordpress\/ -->\n<title>Alagadi Do\u011fa Koruma Merkezi\u2019nde \u201cDo\u011fay\u0131 Yans\u0131t\u201d sanat eserinin tan\u0131t\u0131m\u0131 yap\u0131ld\u0131 - Kuzeyin Sesi<\/title>\n<meta name=\"robots\" content=\"index, follow, max-snippet:-1, max-image-preview:large, max-video-preview:-1\" \/>\n<link rel=\"canonical\" href=\"https:\/\/kuzeyinsesi.org\/index.php\/2024\/09\/11\/alagadi-doga-koruma-merkezinde-dogayi-yansit-sanat-eserinin-tanitimi-yapildi\/\" \/>\n<meta property=\"og:locale\" content=\"tr_TR\" \/>\n<meta property=\"og:type\" content=\"article\" \/>\n<meta property=\"og:title\" content=\"Alagadi Do\u011fa Koruma Merkezi\u2019nde \u201cDo\u011fay\u0131 Yans\u0131t\u201d sanat eserinin tan\u0131t\u0131m\u0131 yap\u0131ld\u0131 - Kuzeyin Sesi\" \/>\n<meta property=\"og:description\" content=\"Kuzey K\u0131br\u0131s Kaplumba\u011falar\u0131 Koruma Derne\u011fi (SPOT) Alagadi Do\u011fa Koruma Merkezi\u2019nde \u201cDo\u011fay\u0131 Yans\u0131t\u201d sanat eserinin tan\u0131t\u0131m\u0131 yap\u0131ld\u0131. Dernekten yap\u0131lan a\u00e7\u0131klamaya g\u00f6re, tan\u0131t\u0131m etkinli\u011finde aileler ve \u00e7ocuklar i\u00e7in deniz koruma hakk\u0131nda bilgilendirici oturum yap\u0131ld\u0131. Ard\u0131ndan kat\u0131l\u0131mc\u0131lar Sanat\u00e7\u0131 Christina Zaris ile bir araya gelerek, beraber kaleydoskop \u00fcretti ve sanat eserinin i\u00e7erisine girdi. Etkinlik, kat\u0131l\u0131mc\u0131lar\u0131n yavru kaplumba\u011falar\u0131 g\u00f6zlemledi\u011fi yuva [&hellip;]\" \/>\n<meta property=\"og:url\" content=\"https:\/\/kuzeyinsesi.org\/index.php\/2024\/09\/11\/alagadi-doga-koruma-merkezinde-dogayi-yansit-sanat-eserinin-tanitimi-yapildi\/\" \/>\n<meta property=\"og:site_name\" content=\"Kuzeyin Sesi\" \/>\n<meta property=\"article:publisher\" content=\"https:\/\/www.facebook.com\/kuzeyinsesii\" \/>\n<meta property=\"article:published_time\" content=\"2024-09-11T10:48:20+00:00\" \/>\n<meta property=\"og:image\" content=\"https:\/\/brtk.net\/wp-content\/uploads\/2024\/09\/11\/aisldaisslda-scaled.jpg?ver=ab8fad3f6d73b4ae697be72ad25840fa\" \/>\n<meta name=\"author\" content=\"Kuzeyin Sesi\" \/>\n<meta name=\"twitter:card\" content=\"summary_large_image\" \/>\n<meta name=\"twitter:creator\" content=\"@kuzeyinsesii\" \/>\n<meta name=\"twitter:site\" content=\"@kuzeyinsesii\" \/>\n<meta name=\"twitter:label1\" content=\"Yazan:\" \/>\n\t<meta name=\"twitter:data1\" content=\"Kuzeyin Sesi\" \/>\n\t<meta name=\"twitter:label2\" content=\"Tahmini okuma s\u00fcresi\" \/>\n\t<meta name=\"twitter:data2\" content=\"1 dakika\" \/>\n<script type=\"application\/ld+json\" class=\"yoast-schema-graph\">{\"@context\":\"https:\\\/\\\/schema.org\",\"@graph\":[{\"@type\":\"Article\",\"@id\":\"https:\\\/\\\/kuzeyinsesi.org\\\/index.php\\\/2024\\\/09\\\/11\\\/alagadi-doga-koruma-merkezinde-dogayi-yansit-sanat-eserinin-tanitimi-yapildi\\\/#article\",\"isPartOf\":{\"@id\":\"https:\\\/\\\/kuzeyinsesi.org\\\/index.php\\\/2024\\\/09\\\/11\\\/alagadi-doga-koruma-merkezinde-dogayi-yansit-sanat-eserinin-tanitimi-yapildi\\\/\"},\"author\":{\"name\":\"Kuzeyin Sesi\",\"@id\":\"https:\\\/\\\/kuzeyinsesi.org\\\/#\\\/schema\\\/person\\\/9f859689cdf01485597712386e37f5aa\"},\"headline\":\"Alagadi Do\u011fa Koruma Merkezi\u2019nde \u201cDo\u011fay\u0131 Yans\u0131t\u201d sanat eserinin tan\u0131t\u0131m\u0131 yap\u0131ld\u0131\",\"datePublished\":\"2024-09-11T10:48:20+00:00\",\"mainEntityOfPage\":{\"@id\":\"https:\\\/\\\/kuzeyinsesi.org\\\/index.php\\\/2024\\\/09\\\/11\\\/alagadi-doga-koruma-merkezinde-dogayi-yansit-sanat-eserinin-tanitimi-yapildi\\\/\"},\"wordCount\":158,\"commentCount\":0,\"image\":{\"@id\":\"https:\\\/\\\/kuzeyinsesi.org\\\/index.php\\\/2024\\\/09\\\/11\\\/alagadi-doga-koruma-merkezinde-dogayi-yansit-sanat-eserinin-tanitimi-yapildi\\\/#primaryimage\"},\"thumbnailUrl\":\"https:\\\/\\\/kuzeyinsesi.org\\\/wp-content\\\/uploads\\\/2024\\\/09\\\/aisldaisslda-scaled.jpg\",\"articleSection\":[\"Ya\u015fam\"],\"inLanguage\":\"tr\",\"potentialAction\":[{\"@type\":\"CommentAction\",\"name\":\"Comment\",\"target\":[\"https:\\\/\\\/kuzeyinsesi.org\\\/index.php\\\/2024\\\/09\\\/11\\\/alagadi-doga-koruma-merkezinde-dogayi-yansit-sanat-eserinin-tanitimi-yapildi\\\/#respond\"]}]},{\"@type\":\"WebPage\",\"@id\":\"https:\\\/\\\/kuzeyinsesi.org\\\/index.php\\\/2024\\\/09\\\/11\\\/alagadi-doga-koruma-merkezinde-dogayi-yansit-sanat-eserinin-tanitimi-yapildi\\\/\",\"url\":\"https:\\\/\\\/kuzeyinsesi.org\\\/index.php\\\/2024\\\/09\\\/11\\\/alagadi-doga-koruma-merkezinde-dogayi-yansit-sanat-eserinin-tanitimi-yapildi\\\/\",\"name\":\"Alagadi Do\u011fa Koruma Merkezi\u2019nde \u201cDo\u011fay\u0131 Yans\u0131t\u201d sanat eserinin tan\u0131t\u0131m\u0131 yap\u0131ld\u0131 - Kuzeyin Sesi\",\"isPartOf\":{\"@id\":\"https:\\\/\\\/kuzeyinsesi.org\\\/#website\"},\"primaryImageOfPage\":{\"@id\":\"https:\\\/\\\/kuzeyinsesi.org\\\/index.php\\\/2024\\\/09\\\/11\\\/alagadi-doga-koruma-merkezinde-dogayi-yansit-sanat-eserinin-tanitimi-yapildi\\\/#primaryimage\"},\"image\":{\"@id\":\"https:\\\/\\\/kuzeyinsesi.org\\\/index.php\\\/2024\\\/09\\\/11\\\/alagadi-doga-koruma-merkezinde-dogayi-yansit-sanat-eserinin-tanitimi-yapildi\\\/#primaryimage\"},\"thumbnailUrl\":\"https:\\\/\\\/kuzeyinsesi.org\\\/wp-content\\\/uploads\\\/2024\\\/09\\\/aisldaisslda-scaled.jpg\",\"datePublished\":\"2024-09-11T10:48:20+00:00\",\"author\":{\"@id\":\"https:\\\/\\\/kuzeyinsesi.org\\\/#\\\/schema\\\/person\\\/9f859689cdf01485597712386e37f5aa\"},\"breadcrumb\":{\"@id\":\"https:\\\/\\\/kuzeyinsesi.org\\\/index.php\\\/2024\\\/09\\\/11\\\/alagadi-doga-koruma-merkezinde-dogayi-yansit-sanat-eserinin-tanitimi-yapildi\\\/#breadcrumb\"},\"inLanguage\":\"tr\",\"potentialAction\":[{\"@type\":\"ReadAction\",\"target\":[\"https:\\\/\\\/kuzeyinsesi.org\\\/index.php\\\/2024\\\/09\\\/11\\\/alagadi-doga-koruma-merkezinde-dogayi-yansit-sanat-eserinin-tanitimi-yapildi\\\/\"]}]},{\"@type\":\"ImageObject\",\"inLanguage\":\"tr\",\"@id\":\"https:\\\/\\\/kuzeyinsesi.org\\\/index.php\\\/2024\\\/09\\\/11\\\/alagadi-doga-koruma-merkezinde-dogayi-yansit-sanat-eserinin-tanitimi-yapildi\\\/#primaryimage\",\"url\":\"https:\\\/\\\/kuzeyinsesi.org\\\/wp-content\\\/uploads\\\/2024\\\/09\\\/aisldaisslda-scaled.jpg\",\"contentUrl\":\"https:\\\/\\\/kuzeyinsesi.org\\\/wp-content\\\/uploads\\\/2024\\\/09\\\/aisldaisslda-scaled.jpg\",\"width\":2560,\"height\":1707},{\"@type\":\"BreadcrumbList\",\"@id\":\"https:\\\/\\\/kuzeyinsesi.org\\\/index.php\\\/2024\\\/09\\\/11\\\/alagadi-doga-koruma-merkezinde-dogayi-yansit-sanat-eserinin-tanitimi-yapildi\\\/#breadcrumb\",\"itemListElement\":[{\"@type\":\"ListItem\",\"position\":1,\"name\":\"Anasayfa\",\"item\":\"https:\\\/\\\/kuzeyinsesi.org\\\/\"},{\"@type\":\"ListItem\",\"position\":2,\"name\":\"Alagadi Do\u011fa Koruma Merkezi\u2019nde \u201cDo\u011fay\u0131 Yans\u0131t\u201d sanat eserinin tan\u0131t\u0131m\u0131 yap\u0131ld\u0131\"}]},{\"@type\":\"WebSite\",\"@id\":\"https:\\\/\\\/kuzeyinsesi.org\\\/#website\",\"url\":\"https:\\\/\\\/kuzeyinsesi.org\\\/\",\"name\":\"Kuzeyin Sesi\",\"description\":\"Do\u011fru Haberin Adresi\",\"potentialAction\":[{\"@type\":\"SearchAction\",\"target\":{\"@type\":\"EntryPoint\",\"urlTemplate\":\"https:\\\/\\\/kuzeyinsesi.org\\\/?s={search_term_string}\"},\"query-input\":{\"@type\":\"PropertyValueSpecification\",\"valueRequired\":true,\"valueName\":\"search_term_string\"}}],\"inLanguage\":\"tr\"},{\"@type\":\"Person\",\"@id\":\"https:\\\/\\\/kuzeyinsesi.org\\\/#\\\/schema\\\/person\\\/9f859689cdf01485597712386e37f5aa\",\"name\":\"Kuzeyin Sesi\",\"image\":{\"@type\":\"ImageObject\",\"inLanguage\":\"tr\",\"@id\":\"https:\\\/\\\/secure.gravatar.com\\\/avatar\\\/bab33852abfd8b282518d6ed81826833d77c3c882d9ab608add591ccace47a44?s=96&d=mm&r=g\",\"url\":\"https:\\\/\\\/secure.gravatar.com\\\/avatar\\\/bab33852abfd8b282518d6ed81826833d77c3c882d9ab608add591ccace47a44?s=96&d=mm&r=g\",\"contentUrl\":\"https:\\\/\\\/secure.gravatar.com\\\/avatar\\\/bab33852abfd8b282518d6ed81826833d77c3c882d9ab608add591ccace47a44?s=96&d=mm&r=g\",\"caption\":\"Kuzeyin Sesi\"},\"sameAs\":[\"https:\\\/\\\/kuzeyinsesi.org\"],\"url\":\"https:\\\/\\\/kuzeyinsesi.org\\\/index.php\\\/author\\\/guven\\\/\"}]}<\/script>\n<!-- \/ Yoast SEO plugin. -->","yoast_head_json":{"title":"Alagadi Do\u011fa Koruma Merkezi\u2019nde \u201cDo\u011fay\u0131 Yans\u0131t\u201d sanat eserinin tan\u0131t\u0131m\u0131 yap\u0131ld\u0131 - Kuzeyin Sesi","robots":{"index":"index","follow":"follow","max-snippet":"max-snippet:-1","max-image-preview":"max-image-preview:large","max-video-preview":"max-video-preview:-1"},"canonical":"https:\/\/kuzeyinsesi.org\/index.php\/2024\/09\/11\/alagadi-doga-koruma-merkezinde-dogayi-yansit-sanat-eserinin-tanitimi-yapildi\/","og_locale":"tr_TR","og_type":"article","og_title":"Alagadi Do\u011fa Koruma Merkezi\u2019nde \u201cDo\u011fay\u0131 Yans\u0131t\u201d sanat eserinin tan\u0131t\u0131m\u0131 yap\u0131ld\u0131 - Kuzeyin Sesi","og_description":"Kuzey K\u0131br\u0131s Kaplumba\u011falar\u0131 Koruma Derne\u011fi (SPOT) Alagadi Do\u011fa Koruma Merkezi\u2019nde \u201cDo\u011fay\u0131 Yans\u0131t\u201d sanat eserinin tan\u0131t\u0131m\u0131 yap\u0131ld\u0131. Dernekten yap\u0131lan a\u00e7\u0131klamaya g\u00f6re, tan\u0131t\u0131m etkinli\u011finde aileler ve \u00e7ocuklar i\u00e7in deniz koruma hakk\u0131nda bilgilendirici oturum yap\u0131ld\u0131. Ard\u0131ndan kat\u0131l\u0131mc\u0131lar Sanat\u00e7\u0131 Christina Zaris ile bir araya gelerek, beraber kaleydoskop \u00fcretti ve sanat eserinin i\u00e7erisine girdi. Etkinlik, kat\u0131l\u0131mc\u0131lar\u0131n yavru kaplumba\u011falar\u0131 g\u00f6zlemledi\u011fi yuva [&hellip;]","og_url":"https:\/\/kuzeyinsesi.org\/index.php\/2024\/09\/11\/alagadi-doga-koruma-merkezinde-dogayi-yansit-sanat-eserinin-tanitimi-yapildi\/","og_site_name":"Kuzeyin Sesi","article_publisher":"https:\/\/www.facebook.com\/kuzeyinsesii","article_published_time":"2024-09-11T10:48:20+00:00","og_image":[{"url":"https:\/\/brtk.net\/wp-content\/uploads\/2024\/09\/11\/aisldaisslda-scaled.jpg?ver=ab8fad3f6d73b4ae697be72ad25840fa","type":"","width":"","height":""}],"author":"Kuzeyin Sesi","twitter_card":"summary_large_image","twitter_creator":"@kuzeyinsesii","twitter_site":"@kuzeyinsesii","twitter_misc":{"Yazan:":"Kuzeyin Sesi","Tahmini okuma s\u00fcresi":"1 dakika"},"schema":{"@context":"https:\/\/schema.org","@graph":[{"@type":"Article","@id":"https:\/\/kuzeyinsesi.org\/index.php\/2024\/09\/11\/alagadi-doga-koruma-merkezinde-dogayi-yansit-sanat-eserinin-tanitimi-yapildi\/#article","isPartOf":{"@id":"https:\/\/kuzeyinsesi.org\/index.php\/2024\/09\/11\/alagadi-doga-koruma-merkezinde-dogayi-yansit-sanat-eserinin-tanitimi-yapildi\/"},"author":{"name":"Kuzeyin Sesi","@id":"https:\/\/kuzeyinsesi.org\/#\/schema\/person\/9f859689cdf01485597712386e37f5aa"},"headline":"Alagadi Do\u011fa Koruma Merkezi\u2019nde \u201cDo\u011fay\u0131 Yans\u0131t\u201d sanat eserinin tan\u0131t\u0131m\u0131 yap\u0131ld\u0131","datePublished":"2024-09-11T10:48:20+00:00","mainEntityOfPage":{"@id":"https:\/\/kuzeyinsesi.org\/index.php\/2024\/09\/11\/alagadi-doga-koruma-merkezinde-dogayi-yansit-sanat-eserinin-tanitimi-yapildi\/"},"wordCount":158,"commentCount":0,"image":{"@id":"https:\/\/kuzeyinsesi.org\/index.php\/2024\/09\/11\/alagadi-doga-koruma-merkezinde-dogayi-yansit-sanat-eserinin-tanitimi-yapildi\/#primaryimage"},"thumbnailUrl":"https:\/\/kuzeyinsesi.org\/wp-content\/uploads\/2024\/09\/aisldaisslda-scaled.jpg","articleSection":["Ya\u015fam"],"inLanguage":"tr","potentialAction":[{"@type":"CommentAction","name":"Comment","target":["https:\/\/kuzeyinsesi.org\/index.php\/2024\/09\/11\/alagadi-doga-koruma-merkezinde-dogayi-yansit-sanat-eserinin-tanitimi-yapildi\/#respond"]}]},{"@type":"WebPage","@id":"https:\/\/kuzeyinsesi.org\/index.php\/2024\/09\/11\/alagadi-doga-koruma-merkezinde-dogayi-yansit-sanat-eserinin-tanitimi-yapildi\/","url":"https:\/\/kuzeyinsesi.org\/index.php\/2024\/09\/11\/alagadi-doga-koruma-merkezinde-dogayi-yansit-sanat-eserinin-tanitimi-yapildi\/","name":"Alagadi Do\u011fa Koruma Merkezi\u2019nde \u201cDo\u011fay\u0131 Yans\u0131t\u201d sanat eserinin tan\u0131t\u0131m\u0131 yap\u0131ld\u0131 - Kuzeyin Sesi","isPartOf":{"@id":"https:\/\/kuzeyinsesi.org\/#website"},"primaryImageOfPage":{"@id":"https:\/\/kuzeyinsesi.org\/index.php\/2024\/09\/11\/alagadi-doga-koruma-merkezinde-dogayi-yansit-sanat-eserinin-tanitimi-yapildi\/#primaryimage"},"image":{"@id":"https:\/\/kuzeyinsesi.org\/index.php\/2024\/09\/11\/alagadi-doga-koruma-merkezinde-dogayi-yansit-sanat-eserinin-tanitimi-yapildi\/#primaryimage"},"thumbnailUrl":"https:\/\/kuzeyinsesi.org\/wp-content\/uploads\/2024\/09\/aisldaisslda-scaled.jpg","datePublished":"2024-09-11T10:48:20+00:00","author":{"@id":"https:\/\/kuzeyinsesi.org\/#\/schema\/person\/9f859689cdf01485597712386e37f5aa"},"breadcrumb":{"@id":"https:\/\/kuzeyinsesi.org\/index.php\/2024\/09\/11\/alagadi-doga-koruma-merkezinde-dogayi-yansit-sanat-eserinin-tanitimi-yapildi\/#breadcrumb"},"inLanguage":"tr","potentialAction":[{"@type":"ReadAction","target":["https:\/\/kuzeyinsesi.org\/index.php\/2024\/09\/11\/alagadi-doga-koruma-merkezinde-dogayi-yansit-sanat-eserinin-tanitimi-yapildi\/"]}]},{"@type":"ImageObject","inLanguage":"tr","@id":"https:\/\/kuzeyinsesi.org\/index.php\/2024\/09\/11\/alagadi-doga-koruma-merkezinde-dogayi-yansit-sanat-eserinin-tanitimi-yapildi\/#primaryimage","url":"https:\/\/kuzeyinsesi.org\/wp-content\/uploads\/2024\/09\/aisldaisslda-scaled.jpg","contentUrl":"https:\/\/kuzeyinsesi.org\/wp-content\/uploads\/2024\/09\/aisldaisslda-scaled.jpg","width":2560,"height":1707},{"@type":"BreadcrumbList","@id":"https:\/\/kuzeyinsesi.org\/index.php\/2024\/09\/11\/alagadi-doga-koruma-merkezinde-dogayi-yansit-sanat-eserinin-tanitimi-yapildi\/#breadcrumb","itemListElement":[{"@type":"ListItem","position":1,"name":"Anasayfa","item":"https:\/\/kuzeyinsesi.org\/"},{"@type":"ListItem","position":2,"name":"Alagadi Do\u011fa Koruma Merkezi\u2019nde \u201cDo\u011fay\u0131 Yans\u0131t\u201d sanat eserinin tan\u0131t\u0131m\u0131 yap\u0131ld\u0131"}]},{"@type":"WebSite","@id":"https:\/\/kuzeyinsesi.org\/#website","url":"https:\/\/kuzeyinsesi.org\/","name":"Kuzeyin Sesi","description":"Do\u011fru Haberin Adresi","potentialAction":[{"@type":"SearchAction","target":{"@type":"EntryPoint","urlTemplate":"https:\/\/kuzeyinsesi.org\/?s={search_term_string}"},"query-input":{"@type":"PropertyValueSpecification","valueRequired":true,"valueName":"search_term_string"}}],"inLanguage":"tr"},{"@type":"Person","@id":"https:\/\/kuzeyinsesi.org\/#\/schema\/person\/9f859689cdf01485597712386e37f5aa","name":"Kuzeyin Sesi","image":{"@type":"ImageObject","inLanguage":"tr","@id":"https:\/\/secure.gravatar.com\/avatar\/bab33852abfd8b282518d6ed81826833d77c3c882d9ab608add591ccace47a44?s=96&d=mm&r=g","url":"https:\/\/secure.gravatar.com\/avatar\/bab33852abfd8b282518d6ed81826833d77c3c882d9ab608add591ccace47a44?s=96&d=mm&r=g","contentUrl":"https:\/\/secure.gravatar.com\/avatar\/bab33852abfd8b282518d6ed81826833d77c3c882d9ab608add591ccace47a44?s=96&d=mm&r=g","caption":"Kuzeyin Sesi"},"sameAs":["https:\/\/kuzeyinsesi.org"],"url":"https:\/\/kuzeyinsesi.org\/index.php\/author\/guven\/"}]}},"_links":{"self":[{"href":"https:\/\/kuzeyinsesi.org\/index.php\/wp-json\/wp\/v2\/posts\/9521","targetHints":{"allow":["GET"]}}],"collection":[{"href":"https:\/\/kuzeyinsesi.org\/index.php\/wp-json\/wp\/v2\/posts"}],"about":[{"href":"https:\/\/kuzeyinsesi.org\/index.php\/wp-json\/wp\/v2\/types\/post"}],"author":[{"embeddable":true,"href":"https:\/\/kuzeyinsesi.org\/index.php\/wp-json\/wp\/v2\/users\/1"}],"replies":[{"embeddable":true,"href":"https:\/\/kuzeyinsesi.org\/index.php\/wp-json\/wp\/v2\/comments?post=9521"}],"version-history":[{"count":0,"href":"https:\/\/kuzeyinsesi.org\/index.php\/wp-json\/wp\/v2\/posts\/9521\/revisions"}],"wp:featuredmedia":[{"embeddable":true,"href":"https:\/\/kuzeyinsesi.org\/index.php\/wp-json\/wp\/v2\/media\/9522"}],"wp:attachment":[{"href":"https:\/\/kuzeyinsesi.org\/index.php\/wp-json\/wp\/v2\/media?parent=9521"}],"wp:term":[{"taxonomy":"category","embeddable":true,"href":"https:\/\/kuzeyinsesi.org\/index.php\/wp-json\/wp\/v2\/categories?post=9521"},{"taxonomy":"post_tag","embeddable":true,"href":"https:\/\/kuzeyinsesi.org\/index.php\/wp-json\/wp\/v2\/tags?post=9521"}],"curies":[{"name":"wp","href":"https:\/\/api.w.org\/{rel}","templated":true}]}}