{"id":9501,"date":"2024-09-11T10:42:19","date_gmt":"2024-09-11T07:42:19","guid":{"rendered":"https:\/\/kuzeyinsesi.org\/index.php\/2024\/09\/11\/baris-siirleri-ve-muzik-dinletisi-pazartesi-aksami-kttb-lokalinde-yer-alacak\/"},"modified":"2024-09-11T10:42:19","modified_gmt":"2024-09-11T07:42:19","slug":"baris-siirleri-ve-muzik-dinletisi-pazartesi-aksami-kttb-lokalinde-yer-alacak","status":"publish","type":"post","link":"https:\/\/kuzeyinsesi.org\/index.php\/2024\/09\/11\/baris-siirleri-ve-muzik-dinletisi-pazartesi-aksami-kttb-lokalinde-yer-alacak\/","title":{"rendered":"\u201cBar\u0131\u015f \u015eiirleri ve M\u00fczik Dinletisi\u201d pazartesi ak\u015fam\u0131 KTTB Lokali\u2019nde yer alacak"},"content":{"rendered":"<div>\n<div class=\"mariselle-image-container center\">\n                                            <\/div>\n<p>K\u0131br\u0131s T\u00fcrk Tabipleri Birli\u011fi (KTTB) ve K\u0131br\u0131s Sanat\u00e7\u0131 ve Yazarlar Birli\u011fi ortakl\u0131\u011f\u0131nda, \u201cEyl\u00fcl ay\u0131 Bar\u0131\u015f etkinlikleri\u201d kapsam\u0131nda d\u00fczenlenen \u201cBar\u0131\u015f \u015eiirleri ve M\u00fczik Dinletisi\u201d, 16 Eyl\u00fcl Pazartesi g\u00fcn\u00fc ger\u00e7ekle\u015ftirilecek.<\/p>\n<p>Tabipler Birli\u011fi\u2019nden verilen bilgiye g\u00f6re, Birlik Lokali\u2019nde (Med Club) saat 19.30\u2019da ba\u015flayacak program\u0131n a\u00e7\u0131l\u0131\u015f\u0131nda Ersen Sururi ve Kayra Sururi m\u00fczik dinletisi sunacak.<\/p>\n<p>\u015eairler Tamer \u00d6nc\u00fcl, Emel Kaya, Zeki Ali, Halil Karapa\u015fao\u011flu, Ne\u015fe Ya\u015f\u0131n, Jenan Sel\u00e7uk ve \u00dcmit \u0130nat\u00e7\u0131\u2019n\u0131n  yer alaca\u011f\u0131 program  Mustafa Tozak\u0131\u2019n\u0131n m\u00fczik dinletisiyle sona erecek.<\/p>\n<\/p><\/div>\n<p><script async\n                    defer\n                    crossorigin=\"anonymous\"\n                    src=\"https:\/\/connect.facebook.net\/tr_TR\/sdk.js#xfbml=1&#038;version=v3.3\"\n            ><\/script><\/p>\n","protected":false},"excerpt":{"rendered":"<p>K\u0131br\u0131s T\u00fcrk Tabipleri Birli\u011fi (KTTB) ve K\u0131br\u0131s Sanat\u00e7\u0131 ve Yazarlar Birli\u011fi ortakl\u0131\u011f\u0131nda, \u201cEyl\u00fcl ay\u0131 Bar\u0131\u015f etkinlikleri\u201d kapsam\u0131nda d\u00fczenlenen \u201cBar\u0131\u015f \u015eiirleri ve M\u00fczik Dinletisi\u201d, 16 Eyl\u00fcl Pazartesi g\u00fcn\u00fc ger\u00e7ekle\u015ftirilecek. Tabipler Birli\u011fi\u2019nden verilen bilgiye g\u00f6re, Birlik Lokali\u2019nde (Med Club) saat 19.30\u2019da ba\u015flayacak program\u0131n a\u00e7\u0131l\u0131\u015f\u0131nda Ersen Sururi ve Kayra Sururi m\u00fczik dinletisi sunacak. \u015eairler Tamer \u00d6nc\u00fcl, Emel Kaya, [&hellip;]<\/p>\n","protected":false},"author":1,"featured_media":9502,"comment_status":"open","ping_status":"open","sticky":false,"template":"","format":"standard","meta":{"jnews-multi-image_gallery":[],"jnews_single_post":[],"jnews_primary_category":[],"jnews_social_meta":[],"jnews_override_counter":[],"footnotes":""},"categories":[6],"tags":[],"class_list":["post-9501","post","type-post","status-publish","format-standard","has-post-thumbnail","hentry","category-yasam"],"yoast_head":"<!-- This site is optimized with the Yoast SEO plugin v27.5 - https:\/\/yoast.com\/product\/yoast-seo-wordpress\/ -->\n<title>\u201cBar\u0131\u015f \u015eiirleri ve M\u00fczik Dinletisi\u201d pazartesi ak\u015fam\u0131 KTTB Lokali\u2019nde yer alacak - Kuzeyin Sesi<\/title>\n<meta name=\"robots\" content=\"index, follow, max-snippet:-1, max-image-preview:large, max-video-preview:-1\" \/>\n<link rel=\"canonical\" href=\"https:\/\/kuzeyinsesi.org\/index.php\/2024\/09\/11\/baris-siirleri-ve-muzik-dinletisi-pazartesi-aksami-kttb-lokalinde-yer-alacak\/\" \/>\n<meta property=\"og:locale\" content=\"tr_TR\" \/>\n<meta property=\"og:type\" content=\"article\" \/>\n<meta property=\"og:title\" content=\"\u201cBar\u0131\u015f \u015eiirleri ve M\u00fczik Dinletisi\u201d pazartesi ak\u015fam\u0131 KTTB Lokali\u2019nde yer alacak - Kuzeyin Sesi\" \/>\n<meta property=\"og:description\" content=\"K\u0131br\u0131s T\u00fcrk Tabipleri Birli\u011fi (KTTB) ve K\u0131br\u0131s Sanat\u00e7\u0131 ve Yazarlar Birli\u011fi ortakl\u0131\u011f\u0131nda, \u201cEyl\u00fcl ay\u0131 Bar\u0131\u015f etkinlikleri\u201d kapsam\u0131nda d\u00fczenlenen \u201cBar\u0131\u015f \u015eiirleri ve M\u00fczik Dinletisi\u201d, 16 Eyl\u00fcl Pazartesi g\u00fcn\u00fc ger\u00e7ekle\u015ftirilecek. Tabipler Birli\u011fi\u2019nden verilen bilgiye g\u00f6re, Birlik Lokali\u2019nde (Med Club) saat 19.30\u2019da ba\u015flayacak program\u0131n a\u00e7\u0131l\u0131\u015f\u0131nda Ersen Sururi ve Kayra Sururi m\u00fczik dinletisi sunacak. \u015eairler Tamer \u00d6nc\u00fcl, Emel Kaya, [&hellip;]\" \/>\n<meta property=\"og:url\" content=\"https:\/\/kuzeyinsesi.org\/index.php\/2024\/09\/11\/baris-siirleri-ve-muzik-dinletisi-pazartesi-aksami-kttb-lokalinde-yer-alacak\/\" \/>\n<meta property=\"og:site_name\" content=\"Kuzeyin Sesi\" \/>\n<meta property=\"article:publisher\" content=\"https:\/\/www.facebook.com\/kuzeyinsesii\" \/>\n<meta property=\"article:published_time\" content=\"2024-09-11T07:42:19+00:00\" \/>\n<meta property=\"og:image\" content=\"https:\/\/brtk.net\/wp-content\/uploads\/2024\/09\/11\/baris.jpg?ver=63298d6744626fde709ea4872ad57887\" \/>\n<meta name=\"author\" content=\"Kuzeyin Sesi\" \/>\n<meta name=\"twitter:card\" content=\"summary_large_image\" \/>\n<meta name=\"twitter:creator\" content=\"@kuzeyinsesii\" \/>\n<meta name=\"twitter:site\" content=\"@kuzeyinsesii\" \/>\n<meta name=\"twitter:label1\" content=\"Yazan:\" \/>\n\t<meta name=\"twitter:data1\" content=\"Kuzeyin Sesi\" \/>\n\t<meta name=\"twitter:label2\" content=\"Tahmini okuma s\u00fcresi\" \/>\n\t<meta name=\"twitter:data2\" content=\"1 dakika\" \/>\n<script type=\"application\/ld+json\" class=\"yoast-schema-graph\">{\"@context\":\"https:\\\/\\\/schema.org\",\"@graph\":[{\"@type\":\"Article\",\"@id\":\"https:\\\/\\\/kuzeyinsesi.org\\\/index.php\\\/2024\\\/09\\\/11\\\/baris-siirleri-ve-muzik-dinletisi-pazartesi-aksami-kttb-lokalinde-yer-alacak\\\/#article\",\"isPartOf\":{\"@id\":\"https:\\\/\\\/kuzeyinsesi.org\\\/index.php\\\/2024\\\/09\\\/11\\\/baris-siirleri-ve-muzik-dinletisi-pazartesi-aksami-kttb-lokalinde-yer-alacak\\\/\"},\"author\":{\"name\":\"Kuzeyin Sesi\",\"@id\":\"https:\\\/\\\/kuzeyinsesi.org\\\/#\\\/schema\\\/person\\\/9f859689cdf01485597712386e37f5aa\"},\"headline\":\"\u201cBar\u0131\u015f \u015eiirleri ve M\u00fczik Dinletisi\u201d pazartesi ak\u015fam\u0131 KTTB Lokali\u2019nde yer alacak\",\"datePublished\":\"2024-09-11T07:42:19+00:00\",\"mainEntityOfPage\":{\"@id\":\"https:\\\/\\\/kuzeyinsesi.org\\\/index.php\\\/2024\\\/09\\\/11\\\/baris-siirleri-ve-muzik-dinletisi-pazartesi-aksami-kttb-lokalinde-yer-alacak\\\/\"},\"wordCount\":124,\"commentCount\":0,\"image\":{\"@id\":\"https:\\\/\\\/kuzeyinsesi.org\\\/index.php\\\/2024\\\/09\\\/11\\\/baris-siirleri-ve-muzik-dinletisi-pazartesi-aksami-kttb-lokalinde-yer-alacak\\\/#primaryimage\"},\"thumbnailUrl\":\"https:\\\/\\\/kuzeyinsesi.org\\\/wp-content\\\/uploads\\\/2024\\\/09\\\/baris.jpg\",\"articleSection\":[\"Ya\u015fam\"],\"inLanguage\":\"tr\",\"potentialAction\":[{\"@type\":\"CommentAction\",\"name\":\"Comment\",\"target\":[\"https:\\\/\\\/kuzeyinsesi.org\\\/index.php\\\/2024\\\/09\\\/11\\\/baris-siirleri-ve-muzik-dinletisi-pazartesi-aksami-kttb-lokalinde-yer-alacak\\\/#respond\"]}]},{\"@type\":\"WebPage\",\"@id\":\"https:\\\/\\\/kuzeyinsesi.org\\\/index.php\\\/2024\\\/09\\\/11\\\/baris-siirleri-ve-muzik-dinletisi-pazartesi-aksami-kttb-lokalinde-yer-alacak\\\/\",\"url\":\"https:\\\/\\\/kuzeyinsesi.org\\\/index.php\\\/2024\\\/09\\\/11\\\/baris-siirleri-ve-muzik-dinletisi-pazartesi-aksami-kttb-lokalinde-yer-alacak\\\/\",\"name\":\"\u201cBar\u0131\u015f \u015eiirleri ve M\u00fczik Dinletisi\u201d pazartesi ak\u015fam\u0131 KTTB Lokali\u2019nde yer alacak - Kuzeyin Sesi\",\"isPartOf\":{\"@id\":\"https:\\\/\\\/kuzeyinsesi.org\\\/#website\"},\"primaryImageOfPage\":{\"@id\":\"https:\\\/\\\/kuzeyinsesi.org\\\/index.php\\\/2024\\\/09\\\/11\\\/baris-siirleri-ve-muzik-dinletisi-pazartesi-aksami-kttb-lokalinde-yer-alacak\\\/#primaryimage\"},\"image\":{\"@id\":\"https:\\\/\\\/kuzeyinsesi.org\\\/index.php\\\/2024\\\/09\\\/11\\\/baris-siirleri-ve-muzik-dinletisi-pazartesi-aksami-kttb-lokalinde-yer-alacak\\\/#primaryimage\"},\"thumbnailUrl\":\"https:\\\/\\\/kuzeyinsesi.org\\\/wp-content\\\/uploads\\\/2024\\\/09\\\/baris.jpg\",\"datePublished\":\"2024-09-11T07:42:19+00:00\",\"author\":{\"@id\":\"https:\\\/\\\/kuzeyinsesi.org\\\/#\\\/schema\\\/person\\\/9f859689cdf01485597712386e37f5aa\"},\"breadcrumb\":{\"@id\":\"https:\\\/\\\/kuzeyinsesi.org\\\/index.php\\\/2024\\\/09\\\/11\\\/baris-siirleri-ve-muzik-dinletisi-pazartesi-aksami-kttb-lokalinde-yer-alacak\\\/#breadcrumb\"},\"inLanguage\":\"tr\",\"potentialAction\":[{\"@type\":\"ReadAction\",\"target\":[\"https:\\\/\\\/kuzeyinsesi.org\\\/index.php\\\/2024\\\/09\\\/11\\\/baris-siirleri-ve-muzik-dinletisi-pazartesi-aksami-kttb-lokalinde-yer-alacak\\\/\"]}]},{\"@type\":\"ImageObject\",\"inLanguage\":\"tr\",\"@id\":\"https:\\\/\\\/kuzeyinsesi.org\\\/index.php\\\/2024\\\/09\\\/11\\\/baris-siirleri-ve-muzik-dinletisi-pazartesi-aksami-kttb-lokalinde-yer-alacak\\\/#primaryimage\",\"url\":\"https:\\\/\\\/kuzeyinsesi.org\\\/wp-content\\\/uploads\\\/2024\\\/09\\\/baris.jpg\",\"contentUrl\":\"https:\\\/\\\/kuzeyinsesi.org\\\/wp-content\\\/uploads\\\/2024\\\/09\\\/baris.jpg\",\"width\":1707,\"height\":819},{\"@type\":\"BreadcrumbList\",\"@id\":\"https:\\\/\\\/kuzeyinsesi.org\\\/index.php\\\/2024\\\/09\\\/11\\\/baris-siirleri-ve-muzik-dinletisi-pazartesi-aksami-kttb-lokalinde-yer-alacak\\\/#breadcrumb\",\"itemListElement\":[{\"@type\":\"ListItem\",\"position\":1,\"name\":\"Anasayfa\",\"item\":\"https:\\\/\\\/kuzeyinsesi.org\\\/\"},{\"@type\":\"ListItem\",\"position\":2,\"name\":\"\u201cBar\u0131\u015f \u015eiirleri ve M\u00fczik Dinletisi\u201d pazartesi ak\u015fam\u0131 KTTB Lokali\u2019nde yer alacak\"}]},{\"@type\":\"WebSite\",\"@id\":\"https:\\\/\\\/kuzeyinsesi.org\\\/#website\",\"url\":\"https:\\\/\\\/kuzeyinsesi.org\\\/\",\"name\":\"Kuzeyin Sesi\",\"description\":\"Do\u011fru Haberin Adresi\",\"potentialAction\":[{\"@type\":\"SearchAction\",\"target\":{\"@type\":\"EntryPoint\",\"urlTemplate\":\"https:\\\/\\\/kuzeyinsesi.org\\\/?s={search_term_string}\"},\"query-input\":{\"@type\":\"PropertyValueSpecification\",\"valueRequired\":true,\"valueName\":\"search_term_string\"}}],\"inLanguage\":\"tr\"},{\"@type\":\"Person\",\"@id\":\"https:\\\/\\\/kuzeyinsesi.org\\\/#\\\/schema\\\/person\\\/9f859689cdf01485597712386e37f5aa\",\"name\":\"Kuzeyin Sesi\",\"image\":{\"@type\":\"ImageObject\",\"inLanguage\":\"tr\",\"@id\":\"https:\\\/\\\/secure.gravatar.com\\\/avatar\\\/bab33852abfd8b282518d6ed81826833d77c3c882d9ab608add591ccace47a44?s=96&d=mm&r=g\",\"url\":\"https:\\\/\\\/secure.gravatar.com\\\/avatar\\\/bab33852abfd8b282518d6ed81826833d77c3c882d9ab608add591ccace47a44?s=96&d=mm&r=g\",\"contentUrl\":\"https:\\\/\\\/secure.gravatar.com\\\/avatar\\\/bab33852abfd8b282518d6ed81826833d77c3c882d9ab608add591ccace47a44?s=96&d=mm&r=g\",\"caption\":\"Kuzeyin Sesi\"},\"sameAs\":[\"https:\\\/\\\/kuzeyinsesi.org\"],\"url\":\"https:\\\/\\\/kuzeyinsesi.org\\\/index.php\\\/author\\\/guven\\\/\"}]}<\/script>\n<!-- \/ Yoast SEO plugin. -->","yoast_head_json":{"title":"\u201cBar\u0131\u015f \u015eiirleri ve M\u00fczik Dinletisi\u201d pazartesi ak\u015fam\u0131 KTTB Lokali\u2019nde yer alacak - Kuzeyin Sesi","robots":{"index":"index","follow":"follow","max-snippet":"max-snippet:-1","max-image-preview":"max-image-preview:large","max-video-preview":"max-video-preview:-1"},"canonical":"https:\/\/kuzeyinsesi.org\/index.php\/2024\/09\/11\/baris-siirleri-ve-muzik-dinletisi-pazartesi-aksami-kttb-lokalinde-yer-alacak\/","og_locale":"tr_TR","og_type":"article","og_title":"\u201cBar\u0131\u015f \u015eiirleri ve M\u00fczik Dinletisi\u201d pazartesi ak\u015fam\u0131 KTTB Lokali\u2019nde yer alacak - Kuzeyin Sesi","og_description":"K\u0131br\u0131s T\u00fcrk Tabipleri Birli\u011fi (KTTB) ve K\u0131br\u0131s Sanat\u00e7\u0131 ve Yazarlar Birli\u011fi ortakl\u0131\u011f\u0131nda, \u201cEyl\u00fcl ay\u0131 Bar\u0131\u015f etkinlikleri\u201d kapsam\u0131nda d\u00fczenlenen \u201cBar\u0131\u015f \u015eiirleri ve M\u00fczik Dinletisi\u201d, 16 Eyl\u00fcl Pazartesi g\u00fcn\u00fc ger\u00e7ekle\u015ftirilecek. Tabipler Birli\u011fi\u2019nden verilen bilgiye g\u00f6re, Birlik Lokali\u2019nde (Med Club) saat 19.30\u2019da ba\u015flayacak program\u0131n a\u00e7\u0131l\u0131\u015f\u0131nda Ersen Sururi ve Kayra Sururi m\u00fczik dinletisi sunacak. \u015eairler Tamer \u00d6nc\u00fcl, Emel Kaya, [&hellip;]","og_url":"https:\/\/kuzeyinsesi.org\/index.php\/2024\/09\/11\/baris-siirleri-ve-muzik-dinletisi-pazartesi-aksami-kttb-lokalinde-yer-alacak\/","og_site_name":"Kuzeyin Sesi","article_publisher":"https:\/\/www.facebook.com\/kuzeyinsesii","article_published_time":"2024-09-11T07:42:19+00:00","og_image":[{"url":"https:\/\/brtk.net\/wp-content\/uploads\/2024\/09\/11\/baris.jpg?ver=63298d6744626fde709ea4872ad57887","type":"","width":"","height":""}],"author":"Kuzeyin Sesi","twitter_card":"summary_large_image","twitter_creator":"@kuzeyinsesii","twitter_site":"@kuzeyinsesii","twitter_misc":{"Yazan:":"Kuzeyin Sesi","Tahmini okuma s\u00fcresi":"1 dakika"},"schema":{"@context":"https:\/\/schema.org","@graph":[{"@type":"Article","@id":"https:\/\/kuzeyinsesi.org\/index.php\/2024\/09\/11\/baris-siirleri-ve-muzik-dinletisi-pazartesi-aksami-kttb-lokalinde-yer-alacak\/#article","isPartOf":{"@id":"https:\/\/kuzeyinsesi.org\/index.php\/2024\/09\/11\/baris-siirleri-ve-muzik-dinletisi-pazartesi-aksami-kttb-lokalinde-yer-alacak\/"},"author":{"name":"Kuzeyin Sesi","@id":"https:\/\/kuzeyinsesi.org\/#\/schema\/person\/9f859689cdf01485597712386e37f5aa"},"headline":"\u201cBar\u0131\u015f \u015eiirleri ve M\u00fczik Dinletisi\u201d pazartesi ak\u015fam\u0131 KTTB Lokali\u2019nde yer alacak","datePublished":"2024-09-11T07:42:19+00:00","mainEntityOfPage":{"@id":"https:\/\/kuzeyinsesi.org\/index.php\/2024\/09\/11\/baris-siirleri-ve-muzik-dinletisi-pazartesi-aksami-kttb-lokalinde-yer-alacak\/"},"wordCount":124,"commentCount":0,"image":{"@id":"https:\/\/kuzeyinsesi.org\/index.php\/2024\/09\/11\/baris-siirleri-ve-muzik-dinletisi-pazartesi-aksami-kttb-lokalinde-yer-alacak\/#primaryimage"},"thumbnailUrl":"https:\/\/kuzeyinsesi.org\/wp-content\/uploads\/2024\/09\/baris.jpg","articleSection":["Ya\u015fam"],"inLanguage":"tr","potentialAction":[{"@type":"CommentAction","name":"Comment","target":["https:\/\/kuzeyinsesi.org\/index.php\/2024\/09\/11\/baris-siirleri-ve-muzik-dinletisi-pazartesi-aksami-kttb-lokalinde-yer-alacak\/#respond"]}]},{"@type":"WebPage","@id":"https:\/\/kuzeyinsesi.org\/index.php\/2024\/09\/11\/baris-siirleri-ve-muzik-dinletisi-pazartesi-aksami-kttb-lokalinde-yer-alacak\/","url":"https:\/\/kuzeyinsesi.org\/index.php\/2024\/09\/11\/baris-siirleri-ve-muzik-dinletisi-pazartesi-aksami-kttb-lokalinde-yer-alacak\/","name":"\u201cBar\u0131\u015f \u015eiirleri ve M\u00fczik Dinletisi\u201d pazartesi ak\u015fam\u0131 KTTB Lokali\u2019nde yer alacak - Kuzeyin Sesi","isPartOf":{"@id":"https:\/\/kuzeyinsesi.org\/#website"},"primaryImageOfPage":{"@id":"https:\/\/kuzeyinsesi.org\/index.php\/2024\/09\/11\/baris-siirleri-ve-muzik-dinletisi-pazartesi-aksami-kttb-lokalinde-yer-alacak\/#primaryimage"},"image":{"@id":"https:\/\/kuzeyinsesi.org\/index.php\/2024\/09\/11\/baris-siirleri-ve-muzik-dinletisi-pazartesi-aksami-kttb-lokalinde-yer-alacak\/#primaryimage"},"thumbnailUrl":"https:\/\/kuzeyinsesi.org\/wp-content\/uploads\/2024\/09\/baris.jpg","datePublished":"2024-09-11T07:42:19+00:00","author":{"@id":"https:\/\/kuzeyinsesi.org\/#\/schema\/person\/9f859689cdf01485597712386e37f5aa"},"breadcrumb":{"@id":"https:\/\/kuzeyinsesi.org\/index.php\/2024\/09\/11\/baris-siirleri-ve-muzik-dinletisi-pazartesi-aksami-kttb-lokalinde-yer-alacak\/#breadcrumb"},"inLanguage":"tr","potentialAction":[{"@type":"ReadAction","target":["https:\/\/kuzeyinsesi.org\/index.php\/2024\/09\/11\/baris-siirleri-ve-muzik-dinletisi-pazartesi-aksami-kttb-lokalinde-yer-alacak\/"]}]},{"@type":"ImageObject","inLanguage":"tr","@id":"https:\/\/kuzeyinsesi.org\/index.php\/2024\/09\/11\/baris-siirleri-ve-muzik-dinletisi-pazartesi-aksami-kttb-lokalinde-yer-alacak\/#primaryimage","url":"https:\/\/kuzeyinsesi.org\/wp-content\/uploads\/2024\/09\/baris.jpg","contentUrl":"https:\/\/kuzeyinsesi.org\/wp-content\/uploads\/2024\/09\/baris.jpg","width":1707,"height":819},{"@type":"BreadcrumbList","@id":"https:\/\/kuzeyinsesi.org\/index.php\/2024\/09\/11\/baris-siirleri-ve-muzik-dinletisi-pazartesi-aksami-kttb-lokalinde-yer-alacak\/#breadcrumb","itemListElement":[{"@type":"ListItem","position":1,"name":"Anasayfa","item":"https:\/\/kuzeyinsesi.org\/"},{"@type":"ListItem","position":2,"name":"\u201cBar\u0131\u015f \u015eiirleri ve M\u00fczik Dinletisi\u201d pazartesi ak\u015fam\u0131 KTTB Lokali\u2019nde yer alacak"}]},{"@type":"WebSite","@id":"https:\/\/kuzeyinsesi.org\/#website","url":"https:\/\/kuzeyinsesi.org\/","name":"Kuzeyin Sesi","description":"Do\u011fru Haberin Adresi","potentialAction":[{"@type":"SearchAction","target":{"@type":"EntryPoint","urlTemplate":"https:\/\/kuzeyinsesi.org\/?s={search_term_string}"},"query-input":{"@type":"PropertyValueSpecification","valueRequired":true,"valueName":"search_term_string"}}],"inLanguage":"tr"},{"@type":"Person","@id":"https:\/\/kuzeyinsesi.org\/#\/schema\/person\/9f859689cdf01485597712386e37f5aa","name":"Kuzeyin Sesi","image":{"@type":"ImageObject","inLanguage":"tr","@id":"https:\/\/secure.gravatar.com\/avatar\/bab33852abfd8b282518d6ed81826833d77c3c882d9ab608add591ccace47a44?s=96&d=mm&r=g","url":"https:\/\/secure.gravatar.com\/avatar\/bab33852abfd8b282518d6ed81826833d77c3c882d9ab608add591ccace47a44?s=96&d=mm&r=g","contentUrl":"https:\/\/secure.gravatar.com\/avatar\/bab33852abfd8b282518d6ed81826833d77c3c882d9ab608add591ccace47a44?s=96&d=mm&r=g","caption":"Kuzeyin Sesi"},"sameAs":["https:\/\/kuzeyinsesi.org"],"url":"https:\/\/kuzeyinsesi.org\/index.php\/author\/guven\/"}]}},"_links":{"self":[{"href":"https:\/\/kuzeyinsesi.org\/index.php\/wp-json\/wp\/v2\/posts\/9501","targetHints":{"allow":["GET"]}}],"collection":[{"href":"https:\/\/kuzeyinsesi.org\/index.php\/wp-json\/wp\/v2\/posts"}],"about":[{"href":"https:\/\/kuzeyinsesi.org\/index.php\/wp-json\/wp\/v2\/types\/post"}],"author":[{"embeddable":true,"href":"https:\/\/kuzeyinsesi.org\/index.php\/wp-json\/wp\/v2\/users\/1"}],"replies":[{"embeddable":true,"href":"https:\/\/kuzeyinsesi.org\/index.php\/wp-json\/wp\/v2\/comments?post=9501"}],"version-history":[{"count":0,"href":"https:\/\/kuzeyinsesi.org\/index.php\/wp-json\/wp\/v2\/posts\/9501\/revisions"}],"wp:featuredmedia":[{"embeddable":true,"href":"https:\/\/kuzeyinsesi.org\/index.php\/wp-json\/wp\/v2\/media\/9502"}],"wp:attachment":[{"href":"https:\/\/kuzeyinsesi.org\/index.php\/wp-json\/wp\/v2\/media?parent=9501"}],"wp:term":[{"taxonomy":"category","embeddable":true,"href":"https:\/\/kuzeyinsesi.org\/index.php\/wp-json\/wp\/v2\/categories?post=9501"},{"taxonomy":"post_tag","embeddable":true,"href":"https:\/\/kuzeyinsesi.org\/index.php\/wp-json\/wp\/v2\/tags?post=9501"}],"curies":[{"name":"wp","href":"https:\/\/api.w.org\/{rel}","templated":true}]}}