{"id":9455,"date":"2024-09-10T12:56:20","date_gmt":"2024-09-10T09:56:20","guid":{"rendered":"https:\/\/kuzeyinsesi.org\/index.php\/2024\/09\/10\/hukukcu-mehmet-oner-ekincinin-yasa-mevzuat-yapim-sanati-ve-teknigi-kitabi-yarin-tanitiliyor\/"},"modified":"2024-09-10T12:56:20","modified_gmt":"2024-09-10T09:56:20","slug":"hukukcu-mehmet-oner-ekincinin-yasa-mevzuat-yapim-sanati-ve-teknigi-kitabi-yarin-tanitiliyor","status":"publish","type":"post","link":"https:\/\/kuzeyinsesi.org\/index.php\/2024\/09\/10\/hukukcu-mehmet-oner-ekincinin-yasa-mevzuat-yapim-sanati-ve-teknigi-kitabi-yarin-tanitiliyor\/","title":{"rendered":"Hukuk\u00e7u Mehmet \u00d6ner Ekinci\u2019nin Yasa\/Mevzuat Yap\u0131m Sanat\u0131 ve Tekni\u011fi kitab\u0131 yar\u0131n tan\u0131t\u0131l\u0131yor"},"content":{"rendered":"<div>\n<div class=\"mariselle-image-container none\">\n                                            <\/div>\n<p style=\"font-weight: 300;\"><span style=\"font-weight: 300 !important;\">Cumhuriyet Meclisi emekli Genel Sekreteri, Hukuk\u00e7u Mehmet \u00d6ner Ekinci\u2019nin I\u015f\u0131k Kitabevi taraf\u0131ndan yay\u0131mlanan Yasa\/Mevzuat Yap\u0131m Sanat\u0131 ve Tekni\u011fi (Yasamac\u0131n\u0131n El Kitab\u0131) isimli kitab\u0131, yar\u0131n tan\u0131t\u0131l\u0131yor.<\/span><\/p>\n<p style=\"font-weight: 300;\"><span style=\"font-weight: 300 !important;\">I\u015f\u0131k Kitabevi\u2019nde saat 18.30 ile 21.00 aras\u0131nda ger\u00e7ekle\u015ftirilecek tan\u0131t\u0131m gecesinde AB Hukuku Uzman\u0131, \u00f6\u011fretim g\u00f6revlisi Dr. Latif Aran kitapla ilgili konu\u015fma yapacak.<\/span><\/p>\n<p style=\"font-weight: 300;\"><span style=\"font-weight: 300 !important;\">Dr. Latif Aran ve Yazar Mehmet \u00d6ner Ekinci\u2019nin kat\u0131l\u0131mc\u0131larla s\u00f6yle\u015fi yapaca\u011f\u0131 gece imza etkinli\u011fiyle devam edecek.<\/span><\/p>\n<p style=\"font-weight: 300;\"><span style=\"font-weight: 300 !important;\">-Bilgi kayna\u011f\u0131 niteli\u011finde bir ba\u015fvuru kitab\u0131<\/span><\/p>\n<p style=\"font-weight: 300;\"><span style=\"font-weight: 300 !important;\">Yasa\/Mevzuat Yap\u0131m Sanat\u0131 ve Tekni\u011fi (Yasamac\u0131n\u0131n El Kitab\u0131) isimli kitap, yasa yap\u0131c\u0131lara, y\u00fcr\u00fctmeye, yasa uygulay\u0131c\u0131lar\u0131na, avukatlara, yarg\u0131\u00e7lara, kamu g\u00f6revlileri ile hukuka ilgi duyan veya hukukla ilgisi bulunan t\u00fcm yurtta\u015flara hitap ediyor.<\/span><\/p>\n<p style=\"font-weight: 300;\"><span style=\"font-weight: 300 !important;\">Yasa yap\u0131m sanat\u0131 ve tekni\u011fi ile ilgili dolgun ve yetkin i\u00e7eri\u011fe sahip eser, siyaset, hukuk ve toplumsal sorunlarla ilgilenen t\u00fcm yurtta\u015flar\u0131n yararlanarak okuyaca\u011f\u0131 ve ba\u015fvurabilece\u011fi engin bir bilgi kayna\u011f\u0131 niteli\u011finde bir ba\u015fvuru kitab\u0131.<\/span><\/p>\n<p>\u00a0<\/p>\n<\/p><\/div>\n<p><script async\n                    defer\n                    crossorigin=\"anonymous\"\n                    src=\"https:\/\/connect.facebook.net\/tr_TR\/sdk.js#xfbml=1&#038;version=v3.3\"\n            ><\/script><\/p>\n","protected":false},"excerpt":{"rendered":"<p>Cumhuriyet Meclisi emekli Genel Sekreteri, Hukuk\u00e7u Mehmet \u00d6ner Ekinci\u2019nin I\u015f\u0131k Kitabevi taraf\u0131ndan yay\u0131mlanan Yasa\/Mevzuat Yap\u0131m Sanat\u0131 ve Tekni\u011fi (Yasamac\u0131n\u0131n El Kitab\u0131) isimli kitab\u0131, yar\u0131n tan\u0131t\u0131l\u0131yor. I\u015f\u0131k Kitabevi\u2019nde saat 18.30 ile 21.00 aras\u0131nda ger\u00e7ekle\u015ftirilecek tan\u0131t\u0131m gecesinde AB Hukuku Uzman\u0131, \u00f6\u011fretim g\u00f6revlisi Dr. Latif Aran kitapla ilgili konu\u015fma yapacak. Dr. Latif Aran ve Yazar Mehmet \u00d6ner Ekinci\u2019nin [&hellip;]<\/p>\n","protected":false},"author":1,"featured_media":9456,"comment_status":"open","ping_status":"open","sticky":false,"template":"","format":"standard","meta":{"jnews-multi-image_gallery":[],"jnews_single_post":[],"jnews_primary_category":[],"jnews_social_meta":[],"jnews_override_counter":[],"footnotes":""},"categories":[6],"tags":[],"class_list":["post-9455","post","type-post","status-publish","format-standard","has-post-thumbnail","hentry","category-yasam"],"yoast_head":"<!-- This site is optimized with the Yoast SEO plugin v27.5 - https:\/\/yoast.com\/product\/yoast-seo-wordpress\/ -->\n<title>Hukuk\u00e7u Mehmet \u00d6ner Ekinci\u2019nin Yasa\/Mevzuat Yap\u0131m Sanat\u0131 ve Tekni\u011fi kitab\u0131 yar\u0131n tan\u0131t\u0131l\u0131yor - Kuzeyin Sesi<\/title>\n<meta name=\"robots\" content=\"index, follow, max-snippet:-1, max-image-preview:large, max-video-preview:-1\" \/>\n<link rel=\"canonical\" href=\"https:\/\/kuzeyinsesi.org\/index.php\/2024\/09\/10\/hukukcu-mehmet-oner-ekincinin-yasa-mevzuat-yapim-sanati-ve-teknigi-kitabi-yarin-tanitiliyor\/\" \/>\n<meta property=\"og:locale\" content=\"tr_TR\" \/>\n<meta property=\"og:type\" content=\"article\" \/>\n<meta property=\"og:title\" content=\"Hukuk\u00e7u Mehmet \u00d6ner Ekinci\u2019nin Yasa\/Mevzuat Yap\u0131m Sanat\u0131 ve Tekni\u011fi kitab\u0131 yar\u0131n tan\u0131t\u0131l\u0131yor - Kuzeyin Sesi\" \/>\n<meta property=\"og:description\" content=\"Cumhuriyet Meclisi emekli Genel Sekreteri, Hukuk\u00e7u Mehmet \u00d6ner Ekinci\u2019nin I\u015f\u0131k Kitabevi taraf\u0131ndan yay\u0131mlanan Yasa\/Mevzuat Yap\u0131m Sanat\u0131 ve Tekni\u011fi (Yasamac\u0131n\u0131n El Kitab\u0131) isimli kitab\u0131, yar\u0131n tan\u0131t\u0131l\u0131yor. I\u015f\u0131k Kitabevi\u2019nde saat 18.30 ile 21.00 aras\u0131nda ger\u00e7ekle\u015ftirilecek tan\u0131t\u0131m gecesinde AB Hukuku Uzman\u0131, \u00f6\u011fretim g\u00f6revlisi Dr. Latif Aran kitapla ilgili konu\u015fma yapacak. Dr. Latif Aran ve Yazar Mehmet \u00d6ner Ekinci\u2019nin [&hellip;]\" \/>\n<meta property=\"og:url\" content=\"https:\/\/kuzeyinsesi.org\/index.php\/2024\/09\/10\/hukukcu-mehmet-oner-ekincinin-yasa-mevzuat-yapim-sanati-ve-teknigi-kitabi-yarin-tanitiliyor\/\" \/>\n<meta property=\"og:site_name\" content=\"Kuzeyin Sesi\" \/>\n<meta property=\"article:publisher\" content=\"https:\/\/www.facebook.com\/kuzeyinsesii\" \/>\n<meta property=\"article:published_time\" content=\"2024-09-10T09:56:20+00:00\" \/>\n<meta property=\"og:image\" content=\"https:\/\/brtk.net\/wp-content\/uploads\/2024\/09\/10\/isik-kitabevi-mehmet-oner-ekinci-kitap-kapak-1-.jpeg?ver=55ccb44b63774bb3abea52493d86e53b\" \/>\n<meta name=\"author\" content=\"Kuzeyin Sesi\" \/>\n<meta name=\"twitter:card\" content=\"summary_large_image\" \/>\n<meta name=\"twitter:creator\" content=\"@kuzeyinsesii\" \/>\n<meta name=\"twitter:site\" content=\"@kuzeyinsesii\" \/>\n<meta name=\"twitter:label1\" content=\"Yazan:\" \/>\n\t<meta name=\"twitter:data1\" content=\"Kuzeyin Sesi\" \/>\n\t<meta name=\"twitter:label2\" content=\"Tahmini okuma s\u00fcresi\" \/>\n\t<meta name=\"twitter:data2\" content=\"1 dakika\" \/>\n<script type=\"application\/ld+json\" class=\"yoast-schema-graph\">{\"@context\":\"https:\\\/\\\/schema.org\",\"@graph\":[{\"@type\":\"Article\",\"@id\":\"https:\\\/\\\/kuzeyinsesi.org\\\/index.php\\\/2024\\\/09\\\/10\\\/hukukcu-mehmet-oner-ekincinin-yasa-mevzuat-yapim-sanati-ve-teknigi-kitabi-yarin-tanitiliyor\\\/#article\",\"isPartOf\":{\"@id\":\"https:\\\/\\\/kuzeyinsesi.org\\\/index.php\\\/2024\\\/09\\\/10\\\/hukukcu-mehmet-oner-ekincinin-yasa-mevzuat-yapim-sanati-ve-teknigi-kitabi-yarin-tanitiliyor\\\/\"},\"author\":{\"name\":\"Kuzeyin Sesi\",\"@id\":\"https:\\\/\\\/kuzeyinsesi.org\\\/#\\\/schema\\\/person\\\/9f859689cdf01485597712386e37f5aa\"},\"headline\":\"Hukuk\u00e7u Mehmet \u00d6ner Ekinci\u2019nin Yasa\\\/Mevzuat Yap\u0131m Sanat\u0131 ve Tekni\u011fi kitab\u0131 yar\u0131n tan\u0131t\u0131l\u0131yor\",\"datePublished\":\"2024-09-10T09:56:20+00:00\",\"mainEntityOfPage\":{\"@id\":\"https:\\\/\\\/kuzeyinsesi.org\\\/index.php\\\/2024\\\/09\\\/10\\\/hukukcu-mehmet-oner-ekincinin-yasa-mevzuat-yapim-sanati-ve-teknigi-kitabi-yarin-tanitiliyor\\\/\"},\"wordCount\":211,\"commentCount\":0,\"image\":{\"@id\":\"https:\\\/\\\/kuzeyinsesi.org\\\/index.php\\\/2024\\\/09\\\/10\\\/hukukcu-mehmet-oner-ekincinin-yasa-mevzuat-yapim-sanati-ve-teknigi-kitabi-yarin-tanitiliyor\\\/#primaryimage\"},\"thumbnailUrl\":\"https:\\\/\\\/kuzeyinsesi.org\\\/wp-content\\\/uploads\\\/2024\\\/09\\\/isik-kitabevi-mehmet-oner-ekinci-kitap-kapak-1-.jpeg\",\"articleSection\":[\"Ya\u015fam\"],\"inLanguage\":\"tr\",\"potentialAction\":[{\"@type\":\"CommentAction\",\"name\":\"Comment\",\"target\":[\"https:\\\/\\\/kuzeyinsesi.org\\\/index.php\\\/2024\\\/09\\\/10\\\/hukukcu-mehmet-oner-ekincinin-yasa-mevzuat-yapim-sanati-ve-teknigi-kitabi-yarin-tanitiliyor\\\/#respond\"]}]},{\"@type\":\"WebPage\",\"@id\":\"https:\\\/\\\/kuzeyinsesi.org\\\/index.php\\\/2024\\\/09\\\/10\\\/hukukcu-mehmet-oner-ekincinin-yasa-mevzuat-yapim-sanati-ve-teknigi-kitabi-yarin-tanitiliyor\\\/\",\"url\":\"https:\\\/\\\/kuzeyinsesi.org\\\/index.php\\\/2024\\\/09\\\/10\\\/hukukcu-mehmet-oner-ekincinin-yasa-mevzuat-yapim-sanati-ve-teknigi-kitabi-yarin-tanitiliyor\\\/\",\"name\":\"Hukuk\u00e7u Mehmet \u00d6ner Ekinci\u2019nin Yasa\\\/Mevzuat Yap\u0131m Sanat\u0131 ve Tekni\u011fi kitab\u0131 yar\u0131n tan\u0131t\u0131l\u0131yor - Kuzeyin Sesi\",\"isPartOf\":{\"@id\":\"https:\\\/\\\/kuzeyinsesi.org\\\/#website\"},\"primaryImageOfPage\":{\"@id\":\"https:\\\/\\\/kuzeyinsesi.org\\\/index.php\\\/2024\\\/09\\\/10\\\/hukukcu-mehmet-oner-ekincinin-yasa-mevzuat-yapim-sanati-ve-teknigi-kitabi-yarin-tanitiliyor\\\/#primaryimage\"},\"image\":{\"@id\":\"https:\\\/\\\/kuzeyinsesi.org\\\/index.php\\\/2024\\\/09\\\/10\\\/hukukcu-mehmet-oner-ekincinin-yasa-mevzuat-yapim-sanati-ve-teknigi-kitabi-yarin-tanitiliyor\\\/#primaryimage\"},\"thumbnailUrl\":\"https:\\\/\\\/kuzeyinsesi.org\\\/wp-content\\\/uploads\\\/2024\\\/09\\\/isik-kitabevi-mehmet-oner-ekinci-kitap-kapak-1-.jpeg\",\"datePublished\":\"2024-09-10T09:56:20+00:00\",\"author\":{\"@id\":\"https:\\\/\\\/kuzeyinsesi.org\\\/#\\\/schema\\\/person\\\/9f859689cdf01485597712386e37f5aa\"},\"breadcrumb\":{\"@id\":\"https:\\\/\\\/kuzeyinsesi.org\\\/index.php\\\/2024\\\/09\\\/10\\\/hukukcu-mehmet-oner-ekincinin-yasa-mevzuat-yapim-sanati-ve-teknigi-kitabi-yarin-tanitiliyor\\\/#breadcrumb\"},\"inLanguage\":\"tr\",\"potentialAction\":[{\"@type\":\"ReadAction\",\"target\":[\"https:\\\/\\\/kuzeyinsesi.org\\\/index.php\\\/2024\\\/09\\\/10\\\/hukukcu-mehmet-oner-ekincinin-yasa-mevzuat-yapim-sanati-ve-teknigi-kitabi-yarin-tanitiliyor\\\/\"]}]},{\"@type\":\"ImageObject\",\"inLanguage\":\"tr\",\"@id\":\"https:\\\/\\\/kuzeyinsesi.org\\\/index.php\\\/2024\\\/09\\\/10\\\/hukukcu-mehmet-oner-ekincinin-yasa-mevzuat-yapim-sanati-ve-teknigi-kitabi-yarin-tanitiliyor\\\/#primaryimage\",\"url\":\"https:\\\/\\\/kuzeyinsesi.org\\\/wp-content\\\/uploads\\\/2024\\\/09\\\/isik-kitabevi-mehmet-oner-ekinci-kitap-kapak-1-.jpeg\",\"contentUrl\":\"https:\\\/\\\/kuzeyinsesi.org\\\/wp-content\\\/uploads\\\/2024\\\/09\\\/isik-kitabevi-mehmet-oner-ekinci-kitap-kapak-1-.jpeg\",\"width\":507,\"height\":720},{\"@type\":\"BreadcrumbList\",\"@id\":\"https:\\\/\\\/kuzeyinsesi.org\\\/index.php\\\/2024\\\/09\\\/10\\\/hukukcu-mehmet-oner-ekincinin-yasa-mevzuat-yapim-sanati-ve-teknigi-kitabi-yarin-tanitiliyor\\\/#breadcrumb\",\"itemListElement\":[{\"@type\":\"ListItem\",\"position\":1,\"name\":\"Anasayfa\",\"item\":\"https:\\\/\\\/kuzeyinsesi.org\\\/\"},{\"@type\":\"ListItem\",\"position\":2,\"name\":\"Hukuk\u00e7u Mehmet \u00d6ner Ekinci\u2019nin Yasa\\\/Mevzuat Yap\u0131m Sanat\u0131 ve Tekni\u011fi kitab\u0131 yar\u0131n tan\u0131t\u0131l\u0131yor\"}]},{\"@type\":\"WebSite\",\"@id\":\"https:\\\/\\\/kuzeyinsesi.org\\\/#website\",\"url\":\"https:\\\/\\\/kuzeyinsesi.org\\\/\",\"name\":\"Kuzeyin Sesi\",\"description\":\"Do\u011fru Haberin Adresi\",\"potentialAction\":[{\"@type\":\"SearchAction\",\"target\":{\"@type\":\"EntryPoint\",\"urlTemplate\":\"https:\\\/\\\/kuzeyinsesi.org\\\/?s={search_term_string}\"},\"query-input\":{\"@type\":\"PropertyValueSpecification\",\"valueRequired\":true,\"valueName\":\"search_term_string\"}}],\"inLanguage\":\"tr\"},{\"@type\":\"Person\",\"@id\":\"https:\\\/\\\/kuzeyinsesi.org\\\/#\\\/schema\\\/person\\\/9f859689cdf01485597712386e37f5aa\",\"name\":\"Kuzeyin Sesi\",\"image\":{\"@type\":\"ImageObject\",\"inLanguage\":\"tr\",\"@id\":\"https:\\\/\\\/secure.gravatar.com\\\/avatar\\\/bab33852abfd8b282518d6ed81826833d77c3c882d9ab608add591ccace47a44?s=96&d=mm&r=g\",\"url\":\"https:\\\/\\\/secure.gravatar.com\\\/avatar\\\/bab33852abfd8b282518d6ed81826833d77c3c882d9ab608add591ccace47a44?s=96&d=mm&r=g\",\"contentUrl\":\"https:\\\/\\\/secure.gravatar.com\\\/avatar\\\/bab33852abfd8b282518d6ed81826833d77c3c882d9ab608add591ccace47a44?s=96&d=mm&r=g\",\"caption\":\"Kuzeyin Sesi\"},\"sameAs\":[\"https:\\\/\\\/kuzeyinsesi.org\"],\"url\":\"https:\\\/\\\/kuzeyinsesi.org\\\/index.php\\\/author\\\/guven\\\/\"}]}<\/script>\n<!-- \/ Yoast SEO plugin. -->","yoast_head_json":{"title":"Hukuk\u00e7u Mehmet \u00d6ner Ekinci\u2019nin Yasa\/Mevzuat Yap\u0131m Sanat\u0131 ve Tekni\u011fi kitab\u0131 yar\u0131n tan\u0131t\u0131l\u0131yor - Kuzeyin Sesi","robots":{"index":"index","follow":"follow","max-snippet":"max-snippet:-1","max-image-preview":"max-image-preview:large","max-video-preview":"max-video-preview:-1"},"canonical":"https:\/\/kuzeyinsesi.org\/index.php\/2024\/09\/10\/hukukcu-mehmet-oner-ekincinin-yasa-mevzuat-yapim-sanati-ve-teknigi-kitabi-yarin-tanitiliyor\/","og_locale":"tr_TR","og_type":"article","og_title":"Hukuk\u00e7u Mehmet \u00d6ner Ekinci\u2019nin Yasa\/Mevzuat Yap\u0131m Sanat\u0131 ve Tekni\u011fi kitab\u0131 yar\u0131n tan\u0131t\u0131l\u0131yor - Kuzeyin Sesi","og_description":"Cumhuriyet Meclisi emekli Genel Sekreteri, Hukuk\u00e7u Mehmet \u00d6ner Ekinci\u2019nin I\u015f\u0131k Kitabevi taraf\u0131ndan yay\u0131mlanan Yasa\/Mevzuat Yap\u0131m Sanat\u0131 ve Tekni\u011fi (Yasamac\u0131n\u0131n El Kitab\u0131) isimli kitab\u0131, yar\u0131n tan\u0131t\u0131l\u0131yor. I\u015f\u0131k Kitabevi\u2019nde saat 18.30 ile 21.00 aras\u0131nda ger\u00e7ekle\u015ftirilecek tan\u0131t\u0131m gecesinde AB Hukuku Uzman\u0131, \u00f6\u011fretim g\u00f6revlisi Dr. Latif Aran kitapla ilgili konu\u015fma yapacak. Dr. Latif Aran ve Yazar Mehmet \u00d6ner Ekinci\u2019nin [&hellip;]","og_url":"https:\/\/kuzeyinsesi.org\/index.php\/2024\/09\/10\/hukukcu-mehmet-oner-ekincinin-yasa-mevzuat-yapim-sanati-ve-teknigi-kitabi-yarin-tanitiliyor\/","og_site_name":"Kuzeyin Sesi","article_publisher":"https:\/\/www.facebook.com\/kuzeyinsesii","article_published_time":"2024-09-10T09:56:20+00:00","og_image":[{"url":"https:\/\/brtk.net\/wp-content\/uploads\/2024\/09\/10\/isik-kitabevi-mehmet-oner-ekinci-kitap-kapak-1-.jpeg?ver=55ccb44b63774bb3abea52493d86e53b","type":"","width":"","height":""}],"author":"Kuzeyin Sesi","twitter_card":"summary_large_image","twitter_creator":"@kuzeyinsesii","twitter_site":"@kuzeyinsesii","twitter_misc":{"Yazan:":"Kuzeyin Sesi","Tahmini okuma s\u00fcresi":"1 dakika"},"schema":{"@context":"https:\/\/schema.org","@graph":[{"@type":"Article","@id":"https:\/\/kuzeyinsesi.org\/index.php\/2024\/09\/10\/hukukcu-mehmet-oner-ekincinin-yasa-mevzuat-yapim-sanati-ve-teknigi-kitabi-yarin-tanitiliyor\/#article","isPartOf":{"@id":"https:\/\/kuzeyinsesi.org\/index.php\/2024\/09\/10\/hukukcu-mehmet-oner-ekincinin-yasa-mevzuat-yapim-sanati-ve-teknigi-kitabi-yarin-tanitiliyor\/"},"author":{"name":"Kuzeyin Sesi","@id":"https:\/\/kuzeyinsesi.org\/#\/schema\/person\/9f859689cdf01485597712386e37f5aa"},"headline":"Hukuk\u00e7u Mehmet \u00d6ner Ekinci\u2019nin Yasa\/Mevzuat Yap\u0131m Sanat\u0131 ve Tekni\u011fi kitab\u0131 yar\u0131n tan\u0131t\u0131l\u0131yor","datePublished":"2024-09-10T09:56:20+00:00","mainEntityOfPage":{"@id":"https:\/\/kuzeyinsesi.org\/index.php\/2024\/09\/10\/hukukcu-mehmet-oner-ekincinin-yasa-mevzuat-yapim-sanati-ve-teknigi-kitabi-yarin-tanitiliyor\/"},"wordCount":211,"commentCount":0,"image":{"@id":"https:\/\/kuzeyinsesi.org\/index.php\/2024\/09\/10\/hukukcu-mehmet-oner-ekincinin-yasa-mevzuat-yapim-sanati-ve-teknigi-kitabi-yarin-tanitiliyor\/#primaryimage"},"thumbnailUrl":"https:\/\/kuzeyinsesi.org\/wp-content\/uploads\/2024\/09\/isik-kitabevi-mehmet-oner-ekinci-kitap-kapak-1-.jpeg","articleSection":["Ya\u015fam"],"inLanguage":"tr","potentialAction":[{"@type":"CommentAction","name":"Comment","target":["https:\/\/kuzeyinsesi.org\/index.php\/2024\/09\/10\/hukukcu-mehmet-oner-ekincinin-yasa-mevzuat-yapim-sanati-ve-teknigi-kitabi-yarin-tanitiliyor\/#respond"]}]},{"@type":"WebPage","@id":"https:\/\/kuzeyinsesi.org\/index.php\/2024\/09\/10\/hukukcu-mehmet-oner-ekincinin-yasa-mevzuat-yapim-sanati-ve-teknigi-kitabi-yarin-tanitiliyor\/","url":"https:\/\/kuzeyinsesi.org\/index.php\/2024\/09\/10\/hukukcu-mehmet-oner-ekincinin-yasa-mevzuat-yapim-sanati-ve-teknigi-kitabi-yarin-tanitiliyor\/","name":"Hukuk\u00e7u Mehmet \u00d6ner Ekinci\u2019nin Yasa\/Mevzuat Yap\u0131m Sanat\u0131 ve Tekni\u011fi kitab\u0131 yar\u0131n tan\u0131t\u0131l\u0131yor - Kuzeyin Sesi","isPartOf":{"@id":"https:\/\/kuzeyinsesi.org\/#website"},"primaryImageOfPage":{"@id":"https:\/\/kuzeyinsesi.org\/index.php\/2024\/09\/10\/hukukcu-mehmet-oner-ekincinin-yasa-mevzuat-yapim-sanati-ve-teknigi-kitabi-yarin-tanitiliyor\/#primaryimage"},"image":{"@id":"https:\/\/kuzeyinsesi.org\/index.php\/2024\/09\/10\/hukukcu-mehmet-oner-ekincinin-yasa-mevzuat-yapim-sanati-ve-teknigi-kitabi-yarin-tanitiliyor\/#primaryimage"},"thumbnailUrl":"https:\/\/kuzeyinsesi.org\/wp-content\/uploads\/2024\/09\/isik-kitabevi-mehmet-oner-ekinci-kitap-kapak-1-.jpeg","datePublished":"2024-09-10T09:56:20+00:00","author":{"@id":"https:\/\/kuzeyinsesi.org\/#\/schema\/person\/9f859689cdf01485597712386e37f5aa"},"breadcrumb":{"@id":"https:\/\/kuzeyinsesi.org\/index.php\/2024\/09\/10\/hukukcu-mehmet-oner-ekincinin-yasa-mevzuat-yapim-sanati-ve-teknigi-kitabi-yarin-tanitiliyor\/#breadcrumb"},"inLanguage":"tr","potentialAction":[{"@type":"ReadAction","target":["https:\/\/kuzeyinsesi.org\/index.php\/2024\/09\/10\/hukukcu-mehmet-oner-ekincinin-yasa-mevzuat-yapim-sanati-ve-teknigi-kitabi-yarin-tanitiliyor\/"]}]},{"@type":"ImageObject","inLanguage":"tr","@id":"https:\/\/kuzeyinsesi.org\/index.php\/2024\/09\/10\/hukukcu-mehmet-oner-ekincinin-yasa-mevzuat-yapim-sanati-ve-teknigi-kitabi-yarin-tanitiliyor\/#primaryimage","url":"https:\/\/kuzeyinsesi.org\/wp-content\/uploads\/2024\/09\/isik-kitabevi-mehmet-oner-ekinci-kitap-kapak-1-.jpeg","contentUrl":"https:\/\/kuzeyinsesi.org\/wp-content\/uploads\/2024\/09\/isik-kitabevi-mehmet-oner-ekinci-kitap-kapak-1-.jpeg","width":507,"height":720},{"@type":"BreadcrumbList","@id":"https:\/\/kuzeyinsesi.org\/index.php\/2024\/09\/10\/hukukcu-mehmet-oner-ekincinin-yasa-mevzuat-yapim-sanati-ve-teknigi-kitabi-yarin-tanitiliyor\/#breadcrumb","itemListElement":[{"@type":"ListItem","position":1,"name":"Anasayfa","item":"https:\/\/kuzeyinsesi.org\/"},{"@type":"ListItem","position":2,"name":"Hukuk\u00e7u Mehmet \u00d6ner Ekinci\u2019nin Yasa\/Mevzuat Yap\u0131m Sanat\u0131 ve Tekni\u011fi kitab\u0131 yar\u0131n tan\u0131t\u0131l\u0131yor"}]},{"@type":"WebSite","@id":"https:\/\/kuzeyinsesi.org\/#website","url":"https:\/\/kuzeyinsesi.org\/","name":"Kuzeyin Sesi","description":"Do\u011fru Haberin Adresi","potentialAction":[{"@type":"SearchAction","target":{"@type":"EntryPoint","urlTemplate":"https:\/\/kuzeyinsesi.org\/?s={search_term_string}"},"query-input":{"@type":"PropertyValueSpecification","valueRequired":true,"valueName":"search_term_string"}}],"inLanguage":"tr"},{"@type":"Person","@id":"https:\/\/kuzeyinsesi.org\/#\/schema\/person\/9f859689cdf01485597712386e37f5aa","name":"Kuzeyin Sesi","image":{"@type":"ImageObject","inLanguage":"tr","@id":"https:\/\/secure.gravatar.com\/avatar\/bab33852abfd8b282518d6ed81826833d77c3c882d9ab608add591ccace47a44?s=96&d=mm&r=g","url":"https:\/\/secure.gravatar.com\/avatar\/bab33852abfd8b282518d6ed81826833d77c3c882d9ab608add591ccace47a44?s=96&d=mm&r=g","contentUrl":"https:\/\/secure.gravatar.com\/avatar\/bab33852abfd8b282518d6ed81826833d77c3c882d9ab608add591ccace47a44?s=96&d=mm&r=g","caption":"Kuzeyin Sesi"},"sameAs":["https:\/\/kuzeyinsesi.org"],"url":"https:\/\/kuzeyinsesi.org\/index.php\/author\/guven\/"}]}},"_links":{"self":[{"href":"https:\/\/kuzeyinsesi.org\/index.php\/wp-json\/wp\/v2\/posts\/9455","targetHints":{"allow":["GET"]}}],"collection":[{"href":"https:\/\/kuzeyinsesi.org\/index.php\/wp-json\/wp\/v2\/posts"}],"about":[{"href":"https:\/\/kuzeyinsesi.org\/index.php\/wp-json\/wp\/v2\/types\/post"}],"author":[{"embeddable":true,"href":"https:\/\/kuzeyinsesi.org\/index.php\/wp-json\/wp\/v2\/users\/1"}],"replies":[{"embeddable":true,"href":"https:\/\/kuzeyinsesi.org\/index.php\/wp-json\/wp\/v2\/comments?post=9455"}],"version-history":[{"count":0,"href":"https:\/\/kuzeyinsesi.org\/index.php\/wp-json\/wp\/v2\/posts\/9455\/revisions"}],"wp:featuredmedia":[{"embeddable":true,"href":"https:\/\/kuzeyinsesi.org\/index.php\/wp-json\/wp\/v2\/media\/9456"}],"wp:attachment":[{"href":"https:\/\/kuzeyinsesi.org\/index.php\/wp-json\/wp\/v2\/media?parent=9455"}],"wp:term":[{"taxonomy":"category","embeddable":true,"href":"https:\/\/kuzeyinsesi.org\/index.php\/wp-json\/wp\/v2\/categories?post=9455"},{"taxonomy":"post_tag","embeddable":true,"href":"https:\/\/kuzeyinsesi.org\/index.php\/wp-json\/wp\/v2\/tags?post=9455"}],"curies":[{"name":"wp","href":"https:\/\/api.w.org\/{rel}","templated":true}]}}