{"id":9449,"date":"2024-09-10T11:53:18","date_gmt":"2024-09-10T08:53:18","guid":{"rendered":"https:\/\/kuzeyinsesi.org\/index.php\/2024\/09\/10\/tartuf-24-carsamba-gunu-sahne-aliyor\/"},"modified":"2024-09-10T11:53:18","modified_gmt":"2024-09-10T08:53:18","slug":"tartuf-24-carsamba-gunu-sahne-aliyor","status":"publish","type":"post","link":"https:\/\/kuzeyinsesi.org\/index.php\/2024\/09\/10\/tartuf-24-carsamba-gunu-sahne-aliyor\/","title":{"rendered":"\u201cTart\u00fcf 24\u201d \u00c7ar\u015famba g\u00fcn\u00fc sahne al\u0131yor"},"content":{"rendered":"<div>\n<p style=\"font-weight: 300;\"><span style=\"font-weight: 300 !important;\"><\/p>\n<div class=\"mariselle-image-container none\">\n                                            <\/div>\n<p>\u201c<\/span><\/p>\n<p style=\"font-weight: 300;\"><span style=\"font-weight: 300 !important;\">Girne Ark\u0131n Group Fest24\u2033 kapsam\u0131nda 11 Eyl\u00fcl ak\u015fam\u0131, Lefko\u015fa Belediye Tiyatrosu\u2019nun sahneye koydu\u011fu \u201cTart\u00fcf 24\u201d sahne alacak.<\/span><\/p>\n<p style=\"font-weight: 300;\"><span style=\"font-weight: 300 !important;\">\u00a0<\/span><span style=\"font-weight: 300 !important;\">Girne Belediyesi\u2019nden yap\u0131lan yaz\u0131l\u0131 a\u00e7\u0131klamaya g\u00f6re, Girne Amfi Tiyatro\u2019da saat 21.00\u2019de sahnelenecek olan oyun Ya\u015far Ersoy\u2019un yorum ve y\u00f6netmenli\u011finde olacak.<\/span><\/p>\n<p style=\"font-weight: 300;\"><span style=\"font-weight: 300 !important;\">\u00a0<\/span><span style=\"font-weight: 300 !important;\">A\u00e7\u0131klamaya g\u00f6re, 7. y\u00fczy\u0131lda Moliere taraf\u0131ndan yaz\u0131lan ve sonras\u0131nda Naz\u0131m Hikmet taraf\u0131ndan kurgulanan \u201cTart\u00fcf 24\u201d oyununda \u201cpolitik g\u00fcld\u00fcr\u00fcn\u00fcn oklar\u0131, iki y\u00fczl\u00fc\u011fe ve sahtek\u00e2r yobazlara\u201d f\u0131rlat\u0131l\u0131yor.<\/span><\/p>\n<p style=\"font-weight: 300;\"><strong>\u00a0-Festival\u2019de bu hafta\u2026<\/strong><\/p>\n<p style=\"font-weight: 300;\"><span style=\"font-weight: 300 !important;\">\u00a0<\/span><span style=\"font-weight: 300 !important;\">\u201cGirne Ark\u0131n Group Fest24\u201d kapsam\u0131nda bu hafta bu ak\u015fam saat 20.00\u2019de, \u201cThe Healers\u201d Liman Kordon Sahne\u2019de izleyici ile bulu\u015facak.<\/span><\/p>\n<p style=\"font-weight: 300;\"><span style=\"font-weight: 300 !important;\">\u00a0<\/span><span style=\"font-weight: 300 !important;\">11 Eyl\u00fcl \u00c7ar\u015famba ak\u015fam\u0131 ise Lefko\u015fa Belediye Tiyatrosu \u201cTart\u00fcf 24\u201d ile sahne alacak.<\/span><\/p>\n<p style=\"font-weight: 300;\"><span style=\"font-weight: 300 !important;\">\u00a0<\/span><span style=\"font-weight: 300 !important;\">13 Eyl\u00fcl\u2019de Girne Amfi Tiyatro \u201cVolkan Konak\u201d\u0131 a\u011f\u0131rlayacak.<\/span><\/p>\n<p style=\"font-weight: 300;\"><span style=\"font-weight: 300 !important;\">\u00a0<\/span><span style=\"font-weight: 300 !important;\">A\u00e7\u0131klamada, t\u00fcm etkinlikler i\u00e7in www.girnebelediyesi.com adresinden online bilet veya Girne Belediyesi (dan\u0131\u015fma) ile t\u00fcm Telsim shoplardan bask\u0131 bilet al\u0131nabilece\u011fi belirtildi.<\/span><\/p>\n<p style=\"font-weight: 300;\"><strong>\u00a0-Antis Deniz Festivali ba\u015fl\u0131yor\u2026<\/strong><\/p>\n<p style=\"font-weight: 300;\"><span style=\"font-weight: 300 !important;\">\u00a0<\/span><span style=\"font-weight: 300 !important;\">\u201cGirne Ark\u0131n Group Fest24\u201d kapsam\u0131nda bu y\u0131l ikincisi hayat bulacak olan \u201cKarao\u011flano\u011flu Antis Deniz Festivali\u201d 12-15 Eyl\u00fcl tarihleri aras\u0131nda yap\u0131lacak.<\/span><\/p>\n<p style=\"font-weight: 300;\"><span style=\"font-weight: 300 !important;\">\u00a0<\/span><span style=\"font-weight: 300 !important;\">Festival program\u0131 \u015f\u00f6yle:<\/span><\/p>\n<p style=\"font-weight: 300;\"><span style=\"font-weight: 300 !important;\">\u00a0<\/span><span style=\"font-weight: 300 !important;\">\u201c12 Eyl\u00fcl saat17.00\u2019da Plaj Futbolu; 13 Eyl\u00fcl saat 17.00\u2019de Plaj Futbolu, saat 18.00\u2019de Deniz Y\u0131ld\u0131z\u0131 Tavla Turnuvas\u0131; 14 Eyl\u00fcl saat 06.00 \u2013 11.00\u2019de Sandallardan Olta ile Lambuka (Akalamuta), Mineri, Palamut Avlama M\u00fcsabakas\u0131, saat 10.00\u2019da\u00a0\u00a0 Plaj Voleybolu, saat 17.00\u2019de Paddle Board Yar\u0131\u015f\u0131, saat 18.00\u2019de Deniz Y\u0131ld\u0131z\u0131 Tavla Turnuvas\u0131, saat 18.00\u2019de G\u00fclseren Ataker An\u0131s\u0131na Ba\u015flang\u0131\u00e7 Seviyesi Bal\u0131k Avlama Pratik E\u011fitimi, saat 20.00\u2019de Niyal \u00d6zt\u00fcrk Band; 15 Eyl\u00fcl saat 06.00 \u2013 11.00\u2019de G\u00fclseren Ataker An\u0131s\u0131na Olta ile Bal\u0131k Avlama Yar\u0131\u015fmas\u0131, saat 10.00\u2019da Optimist ve Leser 2. Ayak Yelken Yar\u0131\u015flar\u0131, saat 11.00\u2019de Plaj Voleybolu, saat\u00a0<\/span><span style=\"font-weight: 300 !important;\">17.00\u2019de Yakan Top Yar\u0131\u015fmas\u0131, saat 18.00\u2019de Sandalye Oyunu, saat 19.00\u2019da Limbo Dans Yar\u0131\u015fmas\u0131 ve saat 20.00\u2019de Retro \u00c7alg\u0131c\u0131lar\u0131.\u201d<\/span><\/p>\n<p>\u00a0<\/p>\n<\/p><\/div>\n<p><script async\n                    defer\n                    crossorigin=\"anonymous\"\n                    src=\"https:\/\/connect.facebook.net\/tr_TR\/sdk.js#xfbml=1&#038;version=v3.3\"\n            ><\/script><\/p>\n","protected":false},"excerpt":{"rendered":"<p>\u201c Girne Ark\u0131n Group Fest24\u2033 kapsam\u0131nda 11 Eyl\u00fcl ak\u015fam\u0131, Lefko\u015fa Belediye Tiyatrosu\u2019nun sahneye koydu\u011fu \u201cTart\u00fcf 24\u201d sahne alacak. \u00a0Girne Belediyesi\u2019nden yap\u0131lan yaz\u0131l\u0131 a\u00e7\u0131klamaya g\u00f6re, Girne Amfi Tiyatro\u2019da saat 21.00\u2019de sahnelenecek olan oyun Ya\u015far Ersoy\u2019un yorum ve y\u00f6netmenli\u011finde olacak. \u00a0A\u00e7\u0131klamaya g\u00f6re, 7. y\u00fczy\u0131lda Moliere taraf\u0131ndan yaz\u0131lan ve sonras\u0131nda Naz\u0131m Hikmet taraf\u0131ndan kurgulanan \u201cTart\u00fcf 24\u201d oyununda \u201cpolitik [&hellip;]<\/p>\n","protected":false},"author":1,"featured_media":9450,"comment_status":"open","ping_status":"open","sticky":false,"template":"","format":"standard","meta":{"jnews-multi-image_gallery":[],"jnews_single_post":[],"jnews_primary_category":[],"jnews_social_meta":[],"jnews_override_counter":[],"footnotes":""},"categories":[6],"tags":[],"class_list":["post-9449","post","type-post","status-publish","format-standard","has-post-thumbnail","hentry","category-yasam"],"yoast_head":"<!-- This site is optimized with the Yoast SEO plugin v27.5 - https:\/\/yoast.com\/product\/yoast-seo-wordpress\/ -->\n<title>\u201cTart\u00fcf 24\u201d \u00c7ar\u015famba g\u00fcn\u00fc sahne al\u0131yor - Kuzeyin Sesi<\/title>\n<meta name=\"robots\" content=\"index, follow, max-snippet:-1, max-image-preview:large, max-video-preview:-1\" \/>\n<link rel=\"canonical\" href=\"https:\/\/kuzeyinsesi.org\/index.php\/2024\/09\/10\/tartuf-24-carsamba-gunu-sahne-aliyor\/\" \/>\n<meta property=\"og:locale\" content=\"tr_TR\" \/>\n<meta property=\"og:type\" content=\"article\" \/>\n<meta property=\"og:title\" content=\"\u201cTart\u00fcf 24\u201d \u00c7ar\u015famba g\u00fcn\u00fc sahne al\u0131yor - Kuzeyin Sesi\" \/>\n<meta property=\"og:description\" content=\"\u201c Girne Ark\u0131n Group Fest24\u2033 kapsam\u0131nda 11 Eyl\u00fcl ak\u015fam\u0131, Lefko\u015fa Belediye Tiyatrosu\u2019nun sahneye koydu\u011fu \u201cTart\u00fcf 24\u201d sahne alacak. \u00a0Girne Belediyesi\u2019nden yap\u0131lan yaz\u0131l\u0131 a\u00e7\u0131klamaya g\u00f6re, Girne Amfi Tiyatro\u2019da saat 21.00\u2019de sahnelenecek olan oyun Ya\u015far Ersoy\u2019un yorum ve y\u00f6netmenli\u011finde olacak. \u00a0A\u00e7\u0131klamaya g\u00f6re, 7. y\u00fczy\u0131lda Moliere taraf\u0131ndan yaz\u0131lan ve sonras\u0131nda Naz\u0131m Hikmet taraf\u0131ndan kurgulanan \u201cTart\u00fcf 24\u201d oyununda \u201cpolitik [&hellip;]\" \/>\n<meta property=\"og:url\" content=\"https:\/\/kuzeyinsesi.org\/index.php\/2024\/09\/10\/tartuf-24-carsamba-gunu-sahne-aliyor\/\" \/>\n<meta property=\"og:site_name\" content=\"Kuzeyin Sesi\" \/>\n<meta property=\"article:publisher\" content=\"https:\/\/www.facebook.com\/kuzeyinsesii\" \/>\n<meta property=\"article:published_time\" content=\"2024-09-10T08:53:18+00:00\" \/>\n<meta property=\"og:image\" content=\"https:\/\/brtk.net\/wp-content\/uploads\/2024\/09\/10\/girne-belediyesi-tartuf-.jpeg?ver=8f6420b435fe7bd049fbacd097627ccb\" \/>\n<meta name=\"author\" content=\"Kuzeyin Sesi\" \/>\n<meta name=\"twitter:card\" content=\"summary_large_image\" \/>\n<meta name=\"twitter:creator\" content=\"@kuzeyinsesii\" \/>\n<meta name=\"twitter:site\" content=\"@kuzeyinsesii\" \/>\n<meta name=\"twitter:label1\" content=\"Yazan:\" \/>\n\t<meta name=\"twitter:data1\" content=\"Kuzeyin Sesi\" \/>\n\t<meta name=\"twitter:label2\" content=\"Tahmini okuma s\u00fcresi\" \/>\n\t<meta name=\"twitter:data2\" content=\"2 dakika\" \/>\n<script type=\"application\/ld+json\" class=\"yoast-schema-graph\">{\"@context\":\"https:\\\/\\\/schema.org\",\"@graph\":[{\"@type\":\"Article\",\"@id\":\"https:\\\/\\\/kuzeyinsesi.org\\\/index.php\\\/2024\\\/09\\\/10\\\/tartuf-24-carsamba-gunu-sahne-aliyor\\\/#article\",\"isPartOf\":{\"@id\":\"https:\\\/\\\/kuzeyinsesi.org\\\/index.php\\\/2024\\\/09\\\/10\\\/tartuf-24-carsamba-gunu-sahne-aliyor\\\/\"},\"author\":{\"name\":\"Kuzeyin Sesi\",\"@id\":\"https:\\\/\\\/kuzeyinsesi.org\\\/#\\\/schema\\\/person\\\/9f859689cdf01485597712386e37f5aa\"},\"headline\":\"\u201cTart\u00fcf 24\u201d \u00c7ar\u015famba g\u00fcn\u00fc sahne al\u0131yor\",\"datePublished\":\"2024-09-10T08:53:18+00:00\",\"mainEntityOfPage\":{\"@id\":\"https:\\\/\\\/kuzeyinsesi.org\\\/index.php\\\/2024\\\/09\\\/10\\\/tartuf-24-carsamba-gunu-sahne-aliyor\\\/\"},\"wordCount\":352,\"commentCount\":0,\"image\":{\"@id\":\"https:\\\/\\\/kuzeyinsesi.org\\\/index.php\\\/2024\\\/09\\\/10\\\/tartuf-24-carsamba-gunu-sahne-aliyor\\\/#primaryimage\"},\"thumbnailUrl\":\"https:\\\/\\\/kuzeyinsesi.org\\\/wp-content\\\/uploads\\\/2024\\\/09\\\/girne-belediyesi-tartuf-.jpeg\",\"articleSection\":[\"Ya\u015fam\"],\"inLanguage\":\"tr\",\"potentialAction\":[{\"@type\":\"CommentAction\",\"name\":\"Comment\",\"target\":[\"https:\\\/\\\/kuzeyinsesi.org\\\/index.php\\\/2024\\\/09\\\/10\\\/tartuf-24-carsamba-gunu-sahne-aliyor\\\/#respond\"]}]},{\"@type\":\"WebPage\",\"@id\":\"https:\\\/\\\/kuzeyinsesi.org\\\/index.php\\\/2024\\\/09\\\/10\\\/tartuf-24-carsamba-gunu-sahne-aliyor\\\/\",\"url\":\"https:\\\/\\\/kuzeyinsesi.org\\\/index.php\\\/2024\\\/09\\\/10\\\/tartuf-24-carsamba-gunu-sahne-aliyor\\\/\",\"name\":\"\u201cTart\u00fcf 24\u201d \u00c7ar\u015famba g\u00fcn\u00fc sahne al\u0131yor - Kuzeyin Sesi\",\"isPartOf\":{\"@id\":\"https:\\\/\\\/kuzeyinsesi.org\\\/#website\"},\"primaryImageOfPage\":{\"@id\":\"https:\\\/\\\/kuzeyinsesi.org\\\/index.php\\\/2024\\\/09\\\/10\\\/tartuf-24-carsamba-gunu-sahne-aliyor\\\/#primaryimage\"},\"image\":{\"@id\":\"https:\\\/\\\/kuzeyinsesi.org\\\/index.php\\\/2024\\\/09\\\/10\\\/tartuf-24-carsamba-gunu-sahne-aliyor\\\/#primaryimage\"},\"thumbnailUrl\":\"https:\\\/\\\/kuzeyinsesi.org\\\/wp-content\\\/uploads\\\/2024\\\/09\\\/girne-belediyesi-tartuf-.jpeg\",\"datePublished\":\"2024-09-10T08:53:18+00:00\",\"author\":{\"@id\":\"https:\\\/\\\/kuzeyinsesi.org\\\/#\\\/schema\\\/person\\\/9f859689cdf01485597712386e37f5aa\"},\"breadcrumb\":{\"@id\":\"https:\\\/\\\/kuzeyinsesi.org\\\/index.php\\\/2024\\\/09\\\/10\\\/tartuf-24-carsamba-gunu-sahne-aliyor\\\/#breadcrumb\"},\"inLanguage\":\"tr\",\"potentialAction\":[{\"@type\":\"ReadAction\",\"target\":[\"https:\\\/\\\/kuzeyinsesi.org\\\/index.php\\\/2024\\\/09\\\/10\\\/tartuf-24-carsamba-gunu-sahne-aliyor\\\/\"]}]},{\"@type\":\"ImageObject\",\"inLanguage\":\"tr\",\"@id\":\"https:\\\/\\\/kuzeyinsesi.org\\\/index.php\\\/2024\\\/09\\\/10\\\/tartuf-24-carsamba-gunu-sahne-aliyor\\\/#primaryimage\",\"url\":\"https:\\\/\\\/kuzeyinsesi.org\\\/wp-content\\\/uploads\\\/2024\\\/09\\\/girne-belediyesi-tartuf-.jpeg\",\"contentUrl\":\"https:\\\/\\\/kuzeyinsesi.org\\\/wp-content\\\/uploads\\\/2024\\\/09\\\/girne-belediyesi-tartuf-.jpeg\",\"width\":930,\"height\":930},{\"@type\":\"BreadcrumbList\",\"@id\":\"https:\\\/\\\/kuzeyinsesi.org\\\/index.php\\\/2024\\\/09\\\/10\\\/tartuf-24-carsamba-gunu-sahne-aliyor\\\/#breadcrumb\",\"itemListElement\":[{\"@type\":\"ListItem\",\"position\":1,\"name\":\"Anasayfa\",\"item\":\"https:\\\/\\\/kuzeyinsesi.org\\\/\"},{\"@type\":\"ListItem\",\"position\":2,\"name\":\"\u201cTart\u00fcf 24\u201d \u00c7ar\u015famba g\u00fcn\u00fc sahne al\u0131yor\"}]},{\"@type\":\"WebSite\",\"@id\":\"https:\\\/\\\/kuzeyinsesi.org\\\/#website\",\"url\":\"https:\\\/\\\/kuzeyinsesi.org\\\/\",\"name\":\"Kuzeyin Sesi\",\"description\":\"Do\u011fru Haberin Adresi\",\"potentialAction\":[{\"@type\":\"SearchAction\",\"target\":{\"@type\":\"EntryPoint\",\"urlTemplate\":\"https:\\\/\\\/kuzeyinsesi.org\\\/?s={search_term_string}\"},\"query-input\":{\"@type\":\"PropertyValueSpecification\",\"valueRequired\":true,\"valueName\":\"search_term_string\"}}],\"inLanguage\":\"tr\"},{\"@type\":\"Person\",\"@id\":\"https:\\\/\\\/kuzeyinsesi.org\\\/#\\\/schema\\\/person\\\/9f859689cdf01485597712386e37f5aa\",\"name\":\"Kuzeyin Sesi\",\"image\":{\"@type\":\"ImageObject\",\"inLanguage\":\"tr\",\"@id\":\"https:\\\/\\\/secure.gravatar.com\\\/avatar\\\/bab33852abfd8b282518d6ed81826833d77c3c882d9ab608add591ccace47a44?s=96&d=mm&r=g\",\"url\":\"https:\\\/\\\/secure.gravatar.com\\\/avatar\\\/bab33852abfd8b282518d6ed81826833d77c3c882d9ab608add591ccace47a44?s=96&d=mm&r=g\",\"contentUrl\":\"https:\\\/\\\/secure.gravatar.com\\\/avatar\\\/bab33852abfd8b282518d6ed81826833d77c3c882d9ab608add591ccace47a44?s=96&d=mm&r=g\",\"caption\":\"Kuzeyin Sesi\"},\"sameAs\":[\"https:\\\/\\\/kuzeyinsesi.org\"],\"url\":\"https:\\\/\\\/kuzeyinsesi.org\\\/index.php\\\/author\\\/guven\\\/\"}]}<\/script>\n<!-- \/ Yoast SEO plugin. -->","yoast_head_json":{"title":"\u201cTart\u00fcf 24\u201d \u00c7ar\u015famba g\u00fcn\u00fc sahne al\u0131yor - Kuzeyin Sesi","robots":{"index":"index","follow":"follow","max-snippet":"max-snippet:-1","max-image-preview":"max-image-preview:large","max-video-preview":"max-video-preview:-1"},"canonical":"https:\/\/kuzeyinsesi.org\/index.php\/2024\/09\/10\/tartuf-24-carsamba-gunu-sahne-aliyor\/","og_locale":"tr_TR","og_type":"article","og_title":"\u201cTart\u00fcf 24\u201d \u00c7ar\u015famba g\u00fcn\u00fc sahne al\u0131yor - Kuzeyin Sesi","og_description":"\u201c Girne Ark\u0131n Group Fest24\u2033 kapsam\u0131nda 11 Eyl\u00fcl ak\u015fam\u0131, Lefko\u015fa Belediye Tiyatrosu\u2019nun sahneye koydu\u011fu \u201cTart\u00fcf 24\u201d sahne alacak. \u00a0Girne Belediyesi\u2019nden yap\u0131lan yaz\u0131l\u0131 a\u00e7\u0131klamaya g\u00f6re, Girne Amfi Tiyatro\u2019da saat 21.00\u2019de sahnelenecek olan oyun Ya\u015far Ersoy\u2019un yorum ve y\u00f6netmenli\u011finde olacak. \u00a0A\u00e7\u0131klamaya g\u00f6re, 7. y\u00fczy\u0131lda Moliere taraf\u0131ndan yaz\u0131lan ve sonras\u0131nda Naz\u0131m Hikmet taraf\u0131ndan kurgulanan \u201cTart\u00fcf 24\u201d oyununda \u201cpolitik [&hellip;]","og_url":"https:\/\/kuzeyinsesi.org\/index.php\/2024\/09\/10\/tartuf-24-carsamba-gunu-sahne-aliyor\/","og_site_name":"Kuzeyin Sesi","article_publisher":"https:\/\/www.facebook.com\/kuzeyinsesii","article_published_time":"2024-09-10T08:53:18+00:00","og_image":[{"url":"https:\/\/brtk.net\/wp-content\/uploads\/2024\/09\/10\/girne-belediyesi-tartuf-.jpeg?ver=8f6420b435fe7bd049fbacd097627ccb","type":"","width":"","height":""}],"author":"Kuzeyin Sesi","twitter_card":"summary_large_image","twitter_creator":"@kuzeyinsesii","twitter_site":"@kuzeyinsesii","twitter_misc":{"Yazan:":"Kuzeyin Sesi","Tahmini okuma s\u00fcresi":"2 dakika"},"schema":{"@context":"https:\/\/schema.org","@graph":[{"@type":"Article","@id":"https:\/\/kuzeyinsesi.org\/index.php\/2024\/09\/10\/tartuf-24-carsamba-gunu-sahne-aliyor\/#article","isPartOf":{"@id":"https:\/\/kuzeyinsesi.org\/index.php\/2024\/09\/10\/tartuf-24-carsamba-gunu-sahne-aliyor\/"},"author":{"name":"Kuzeyin Sesi","@id":"https:\/\/kuzeyinsesi.org\/#\/schema\/person\/9f859689cdf01485597712386e37f5aa"},"headline":"\u201cTart\u00fcf 24\u201d \u00c7ar\u015famba g\u00fcn\u00fc sahne al\u0131yor","datePublished":"2024-09-10T08:53:18+00:00","mainEntityOfPage":{"@id":"https:\/\/kuzeyinsesi.org\/index.php\/2024\/09\/10\/tartuf-24-carsamba-gunu-sahne-aliyor\/"},"wordCount":352,"commentCount":0,"image":{"@id":"https:\/\/kuzeyinsesi.org\/index.php\/2024\/09\/10\/tartuf-24-carsamba-gunu-sahne-aliyor\/#primaryimage"},"thumbnailUrl":"https:\/\/kuzeyinsesi.org\/wp-content\/uploads\/2024\/09\/girne-belediyesi-tartuf-.jpeg","articleSection":["Ya\u015fam"],"inLanguage":"tr","potentialAction":[{"@type":"CommentAction","name":"Comment","target":["https:\/\/kuzeyinsesi.org\/index.php\/2024\/09\/10\/tartuf-24-carsamba-gunu-sahne-aliyor\/#respond"]}]},{"@type":"WebPage","@id":"https:\/\/kuzeyinsesi.org\/index.php\/2024\/09\/10\/tartuf-24-carsamba-gunu-sahne-aliyor\/","url":"https:\/\/kuzeyinsesi.org\/index.php\/2024\/09\/10\/tartuf-24-carsamba-gunu-sahne-aliyor\/","name":"\u201cTart\u00fcf 24\u201d \u00c7ar\u015famba g\u00fcn\u00fc sahne al\u0131yor - Kuzeyin Sesi","isPartOf":{"@id":"https:\/\/kuzeyinsesi.org\/#website"},"primaryImageOfPage":{"@id":"https:\/\/kuzeyinsesi.org\/index.php\/2024\/09\/10\/tartuf-24-carsamba-gunu-sahne-aliyor\/#primaryimage"},"image":{"@id":"https:\/\/kuzeyinsesi.org\/index.php\/2024\/09\/10\/tartuf-24-carsamba-gunu-sahne-aliyor\/#primaryimage"},"thumbnailUrl":"https:\/\/kuzeyinsesi.org\/wp-content\/uploads\/2024\/09\/girne-belediyesi-tartuf-.jpeg","datePublished":"2024-09-10T08:53:18+00:00","author":{"@id":"https:\/\/kuzeyinsesi.org\/#\/schema\/person\/9f859689cdf01485597712386e37f5aa"},"breadcrumb":{"@id":"https:\/\/kuzeyinsesi.org\/index.php\/2024\/09\/10\/tartuf-24-carsamba-gunu-sahne-aliyor\/#breadcrumb"},"inLanguage":"tr","potentialAction":[{"@type":"ReadAction","target":["https:\/\/kuzeyinsesi.org\/index.php\/2024\/09\/10\/tartuf-24-carsamba-gunu-sahne-aliyor\/"]}]},{"@type":"ImageObject","inLanguage":"tr","@id":"https:\/\/kuzeyinsesi.org\/index.php\/2024\/09\/10\/tartuf-24-carsamba-gunu-sahne-aliyor\/#primaryimage","url":"https:\/\/kuzeyinsesi.org\/wp-content\/uploads\/2024\/09\/girne-belediyesi-tartuf-.jpeg","contentUrl":"https:\/\/kuzeyinsesi.org\/wp-content\/uploads\/2024\/09\/girne-belediyesi-tartuf-.jpeg","width":930,"height":930},{"@type":"BreadcrumbList","@id":"https:\/\/kuzeyinsesi.org\/index.php\/2024\/09\/10\/tartuf-24-carsamba-gunu-sahne-aliyor\/#breadcrumb","itemListElement":[{"@type":"ListItem","position":1,"name":"Anasayfa","item":"https:\/\/kuzeyinsesi.org\/"},{"@type":"ListItem","position":2,"name":"\u201cTart\u00fcf 24\u201d \u00c7ar\u015famba g\u00fcn\u00fc sahne al\u0131yor"}]},{"@type":"WebSite","@id":"https:\/\/kuzeyinsesi.org\/#website","url":"https:\/\/kuzeyinsesi.org\/","name":"Kuzeyin Sesi","description":"Do\u011fru Haberin Adresi","potentialAction":[{"@type":"SearchAction","target":{"@type":"EntryPoint","urlTemplate":"https:\/\/kuzeyinsesi.org\/?s={search_term_string}"},"query-input":{"@type":"PropertyValueSpecification","valueRequired":true,"valueName":"search_term_string"}}],"inLanguage":"tr"},{"@type":"Person","@id":"https:\/\/kuzeyinsesi.org\/#\/schema\/person\/9f859689cdf01485597712386e37f5aa","name":"Kuzeyin Sesi","image":{"@type":"ImageObject","inLanguage":"tr","@id":"https:\/\/secure.gravatar.com\/avatar\/bab33852abfd8b282518d6ed81826833d77c3c882d9ab608add591ccace47a44?s=96&d=mm&r=g","url":"https:\/\/secure.gravatar.com\/avatar\/bab33852abfd8b282518d6ed81826833d77c3c882d9ab608add591ccace47a44?s=96&d=mm&r=g","contentUrl":"https:\/\/secure.gravatar.com\/avatar\/bab33852abfd8b282518d6ed81826833d77c3c882d9ab608add591ccace47a44?s=96&d=mm&r=g","caption":"Kuzeyin Sesi"},"sameAs":["https:\/\/kuzeyinsesi.org"],"url":"https:\/\/kuzeyinsesi.org\/index.php\/author\/guven\/"}]}},"_links":{"self":[{"href":"https:\/\/kuzeyinsesi.org\/index.php\/wp-json\/wp\/v2\/posts\/9449","targetHints":{"allow":["GET"]}}],"collection":[{"href":"https:\/\/kuzeyinsesi.org\/index.php\/wp-json\/wp\/v2\/posts"}],"about":[{"href":"https:\/\/kuzeyinsesi.org\/index.php\/wp-json\/wp\/v2\/types\/post"}],"author":[{"embeddable":true,"href":"https:\/\/kuzeyinsesi.org\/index.php\/wp-json\/wp\/v2\/users\/1"}],"replies":[{"embeddable":true,"href":"https:\/\/kuzeyinsesi.org\/index.php\/wp-json\/wp\/v2\/comments?post=9449"}],"version-history":[{"count":0,"href":"https:\/\/kuzeyinsesi.org\/index.php\/wp-json\/wp\/v2\/posts\/9449\/revisions"}],"wp:featuredmedia":[{"embeddable":true,"href":"https:\/\/kuzeyinsesi.org\/index.php\/wp-json\/wp\/v2\/media\/9450"}],"wp:attachment":[{"href":"https:\/\/kuzeyinsesi.org\/index.php\/wp-json\/wp\/v2\/media?parent=9449"}],"wp:term":[{"taxonomy":"category","embeddable":true,"href":"https:\/\/kuzeyinsesi.org\/index.php\/wp-json\/wp\/v2\/categories?post=9449"},{"taxonomy":"post_tag","embeddable":true,"href":"https:\/\/kuzeyinsesi.org\/index.php\/wp-json\/wp\/v2\/tags?post=9449"}],"curies":[{"name":"wp","href":"https:\/\/api.w.org\/{rel}","templated":true}]}}