{"id":943,"date":"2024-04-29T20:39:16","date_gmt":"2024-04-29T17:39:16","guid":{"rendered":"https:\/\/kuzeyinsesi.com\/index.php\/2024\/04\/29\/bakan-gardiyanoglu-1-mayista-calisan-emekciye-normal-gunun-iki-katini-odemek-yasal-zorunluluktur\/"},"modified":"2024-04-29T20:39:16","modified_gmt":"2024-04-29T17:39:16","slug":"bakan-gardiyanoglu-1-mayista-calisan-emekciye-normal-gunun-iki-katini-odemek-yasal-zorunluluktur","status":"publish","type":"post","link":"https:\/\/kuzeyinsesi.org\/index.php\/2024\/04\/29\/bakan-gardiyanoglu-1-mayista-calisan-emekciye-normal-gunun-iki-katini-odemek-yasal-zorunluluktur\/","title":{"rendered":"Bakan Gardiyano\u011flu: \u201c1 May\u0131s\u2019ta \u00e7al\u0131\u015fan emek\u00e7iye normal g\u00fcn\u00fcn iki kat\u0131n\u0131 \u00f6demek yasal zorunluluktur\u201d"},"content":{"rendered":"<div>\n<div class=\"mariselle-image-container center\">\n                                            <\/div>\n<p>\u00c7al\u0131\u015fma ve Sosyal G\u00fcvenlik Bakan\u0131 Sad\u0131k Gardiyano\u011flu, 1 May\u0131s g\u00fcn\u00fc a\u00e7\u0131k kalacak i\u015fletmelere seslenerek yasal y\u00fck\u00fcml\u00fcl\u00fcklerini hat\u0131rlatt\u0131.<\/p>\n<p>Gardiyano\u011flu, emek\u00e7ilerin o g\u00fcnk\u00fc emeklerinin kar\u015f\u0131l\u0131\u011f\u0131n\u0131n normal g\u00fcn\u00fcn iki kat\u0131 oldu\u011funu s\u00f6yledi, \u201cBu yasal bir zorunluluktur\u201d dedi.<\/p>\n<p>Bakan Gardiyano\u011flu 1 May\u0131s Emek ve Dayan\u0131\u015fma G\u00fcn\u00fc dolay\u0131s\u0131yla videolu a\u00e7\u0131klamada bulundu.<\/p>\n<p>T\u00fcm resmi tatil g\u00fcnlerinde \u00e7al\u0131\u015ft\u0131r\u0131lan emek\u00e7ilerin haklar\u0131n\u0131 korumak konusunda kararl\u0131 olduklar\u0131n\u0131 vurgulayan Gardiyano\u011flu, 1 May\u0131s g\u00fcn\u00fc \u00fclke genelinde yo\u011fun bir denetim ger\u00e7ekle\u015ftireceklerini s\u00f6yledi.<\/p>\n<p>\u201c\u00c7al\u0131\u015fma ve Sosyal G\u00fcvenlik Bakanl\u0131\u011f\u0131, 1 May\u0131s \u00f6zelinde t\u00fcm resmi tatil g\u00fcnlerinde \u00e7al\u0131\u015ft\u0131r\u0131lan emek\u00e7ilerin haklar\u0131n\u0131n korunmas\u0131 konusunda kararl\u0131d\u0131r\u201d ifadelerine yer veren Gardiyano\u011flu, denetimlerin baz\u0131lar\u0131na kendisinin de kat\u0131laca\u011f\u0131n\u0131 ifade etti.<\/p>\n<\/p><\/div>\n<p><script async\n                    defer\n                    crossorigin=\"anonymous\"\n                    src=\"https:\/\/connect.facebook.net\/tr_TR\/sdk.js#xfbml=1&#038;version=v3.3\"\n            ><\/script><\/p>\n","protected":false},"excerpt":{"rendered":"<p>\u00c7al\u0131\u015fma ve Sosyal G\u00fcvenlik Bakan\u0131 Sad\u0131k Gardiyano\u011flu, 1 May\u0131s g\u00fcn\u00fc a\u00e7\u0131k kalacak i\u015fletmelere seslenerek yasal y\u00fck\u00fcml\u00fcl\u00fcklerini hat\u0131rlatt\u0131. Gardiyano\u011flu, emek\u00e7ilerin o g\u00fcnk\u00fc emeklerinin kar\u015f\u0131l\u0131\u011f\u0131n\u0131n normal g\u00fcn\u00fcn iki kat\u0131 oldu\u011funu s\u00f6yledi, \u201cBu yasal bir zorunluluktur\u201d dedi. Bakan Gardiyano\u011flu 1 May\u0131s Emek ve Dayan\u0131\u015fma G\u00fcn\u00fc dolay\u0131s\u0131yla videolu a\u00e7\u0131klamada bulundu. T\u00fcm resmi tatil g\u00fcnlerinde \u00e7al\u0131\u015ft\u0131r\u0131lan emek\u00e7ilerin haklar\u0131n\u0131 korumak konusunda [&hellip;]<\/p>\n","protected":false},"author":1,"featured_media":944,"comment_status":"open","ping_status":"open","sticky":false,"template":"","format":"standard","meta":{"jnews-multi-image_gallery":[],"jnews_single_post":[],"jnews_primary_category":[],"jnews_social_meta":[],"jnews_override_counter":[],"footnotes":""},"categories":[1],"tags":[],"class_list":["post-943","post","type-post","status-publish","format-standard","has-post-thumbnail","hentry","category-kibris"],"yoast_head":"<!-- This site is optimized with the Yoast SEO plugin v27.5 - https:\/\/yoast.com\/product\/yoast-seo-wordpress\/ -->\n<title>Bakan Gardiyano\u011flu: \u201c1 May\u0131s\u2019ta \u00e7al\u0131\u015fan emek\u00e7iye normal g\u00fcn\u00fcn iki kat\u0131n\u0131 \u00f6demek yasal zorunluluktur\u201d - Kuzeyin Sesi<\/title>\n<meta name=\"robots\" content=\"index, follow, max-snippet:-1, max-image-preview:large, max-video-preview:-1\" \/>\n<link rel=\"canonical\" href=\"https:\/\/kuzeyinsesi.org\/index.php\/2024\/04\/29\/bakan-gardiyanoglu-1-mayista-calisan-emekciye-normal-gunun-iki-katini-odemek-yasal-zorunluluktur\/\" \/>\n<meta property=\"og:locale\" content=\"tr_TR\" \/>\n<meta property=\"og:type\" content=\"article\" \/>\n<meta property=\"og:title\" content=\"Bakan Gardiyano\u011flu: \u201c1 May\u0131s\u2019ta \u00e7al\u0131\u015fan emek\u00e7iye normal g\u00fcn\u00fcn iki kat\u0131n\u0131 \u00f6demek yasal zorunluluktur\u201d - Kuzeyin Sesi\" \/>\n<meta property=\"og:description\" content=\"\u00c7al\u0131\u015fma ve Sosyal G\u00fcvenlik Bakan\u0131 Sad\u0131k Gardiyano\u011flu, 1 May\u0131s g\u00fcn\u00fc a\u00e7\u0131k kalacak i\u015fletmelere seslenerek yasal y\u00fck\u00fcml\u00fcl\u00fcklerini hat\u0131rlatt\u0131. Gardiyano\u011flu, emek\u00e7ilerin o g\u00fcnk\u00fc emeklerinin kar\u015f\u0131l\u0131\u011f\u0131n\u0131n normal g\u00fcn\u00fcn iki kat\u0131 oldu\u011funu s\u00f6yledi, \u201cBu yasal bir zorunluluktur\u201d dedi. Bakan Gardiyano\u011flu 1 May\u0131s Emek ve Dayan\u0131\u015fma G\u00fcn\u00fc dolay\u0131s\u0131yla videolu a\u00e7\u0131klamada bulundu. T\u00fcm resmi tatil g\u00fcnlerinde \u00e7al\u0131\u015ft\u0131r\u0131lan emek\u00e7ilerin haklar\u0131n\u0131 korumak konusunda [&hellip;]\" \/>\n<meta property=\"og:url\" content=\"https:\/\/kuzeyinsesi.org\/index.php\/2024\/04\/29\/bakan-gardiyanoglu-1-mayista-calisan-emekciye-normal-gunun-iki-katini-odemek-yasal-zorunluluktur\/\" \/>\n<meta property=\"og:site_name\" content=\"Kuzeyin Sesi\" \/>\n<meta property=\"article:publisher\" content=\"https:\/\/www.facebook.com\/kuzeyinsesii\" \/>\n<meta property=\"article:published_time\" content=\"2024-04-29T17:39:16+00:00\" \/>\n<meta property=\"og:image\" content=\"https:\/\/kuzeyinsesi.org\/wp-content\/uploads\/2024\/04\/sadik-gardiyanoglu-6-1-1-scaled1.jpg\" \/>\n\t<meta property=\"og:image:width\" content=\"2560\" \/>\n\t<meta property=\"og:image:height\" content=\"1501\" \/>\n\t<meta property=\"og:image:type\" content=\"image\/jpeg\" \/>\n<meta name=\"author\" content=\"Kuzeyin Sesi\" \/>\n<meta name=\"twitter:card\" content=\"summary_large_image\" \/>\n<meta name=\"twitter:creator\" content=\"@kuzeyinsesii\" \/>\n<meta name=\"twitter:site\" content=\"@kuzeyinsesii\" \/>\n<meta name=\"twitter:label1\" content=\"Yazan:\" \/>\n\t<meta name=\"twitter:data1\" content=\"Kuzeyin Sesi\" \/>\n\t<meta name=\"twitter:label2\" content=\"Tahmini okuma s\u00fcresi\" \/>\n\t<meta name=\"twitter:data2\" content=\"1 dakika\" \/>\n<script type=\"application\/ld+json\" class=\"yoast-schema-graph\">{\"@context\":\"https:\\\/\\\/schema.org\",\"@graph\":[{\"@type\":\"Article\",\"@id\":\"https:\\\/\\\/kuzeyinsesi.org\\\/index.php\\\/2024\\\/04\\\/29\\\/bakan-gardiyanoglu-1-mayista-calisan-emekciye-normal-gunun-iki-katini-odemek-yasal-zorunluluktur\\\/#article\",\"isPartOf\":{\"@id\":\"https:\\\/\\\/kuzeyinsesi.org\\\/index.php\\\/2024\\\/04\\\/29\\\/bakan-gardiyanoglu-1-mayista-calisan-emekciye-normal-gunun-iki-katini-odemek-yasal-zorunluluktur\\\/\"},\"author\":{\"name\":\"Kuzeyin Sesi\",\"@id\":\"https:\\\/\\\/kuzeyinsesi.org\\\/#\\\/schema\\\/person\\\/9f859689cdf01485597712386e37f5aa\"},\"headline\":\"Bakan Gardiyano\u011flu: \u201c1 May\u0131s\u2019ta \u00e7al\u0131\u015fan emek\u00e7iye normal g\u00fcn\u00fcn iki kat\u0131n\u0131 \u00f6demek yasal zorunluluktur\u201d\",\"datePublished\":\"2024-04-29T17:39:16+00:00\",\"mainEntityOfPage\":{\"@id\":\"https:\\\/\\\/kuzeyinsesi.org\\\/index.php\\\/2024\\\/04\\\/29\\\/bakan-gardiyanoglu-1-mayista-calisan-emekciye-normal-gunun-iki-katini-odemek-yasal-zorunluluktur\\\/\"},\"wordCount\":177,\"commentCount\":0,\"image\":{\"@id\":\"https:\\\/\\\/kuzeyinsesi.org\\\/index.php\\\/2024\\\/04\\\/29\\\/bakan-gardiyanoglu-1-mayista-calisan-emekciye-normal-gunun-iki-katini-odemek-yasal-zorunluluktur\\\/#primaryimage\"},\"thumbnailUrl\":\"https:\\\/\\\/kuzeyinsesi.org\\\/wp-content\\\/uploads\\\/2024\\\/04\\\/sadik-gardiyanoglu-6-1-1-scaled1.jpg\",\"articleSection\":[\"K\u0131br\u0131s\"],\"inLanguage\":\"tr\",\"potentialAction\":[{\"@type\":\"CommentAction\",\"name\":\"Comment\",\"target\":[\"https:\\\/\\\/kuzeyinsesi.org\\\/index.php\\\/2024\\\/04\\\/29\\\/bakan-gardiyanoglu-1-mayista-calisan-emekciye-normal-gunun-iki-katini-odemek-yasal-zorunluluktur\\\/#respond\"]}]},{\"@type\":\"WebPage\",\"@id\":\"https:\\\/\\\/kuzeyinsesi.org\\\/index.php\\\/2024\\\/04\\\/29\\\/bakan-gardiyanoglu-1-mayista-calisan-emekciye-normal-gunun-iki-katini-odemek-yasal-zorunluluktur\\\/\",\"url\":\"https:\\\/\\\/kuzeyinsesi.org\\\/index.php\\\/2024\\\/04\\\/29\\\/bakan-gardiyanoglu-1-mayista-calisan-emekciye-normal-gunun-iki-katini-odemek-yasal-zorunluluktur\\\/\",\"name\":\"Bakan Gardiyano\u011flu: \u201c1 May\u0131s\u2019ta \u00e7al\u0131\u015fan emek\u00e7iye normal g\u00fcn\u00fcn iki kat\u0131n\u0131 \u00f6demek yasal zorunluluktur\u201d - Kuzeyin Sesi\",\"isPartOf\":{\"@id\":\"https:\\\/\\\/kuzeyinsesi.org\\\/#website\"},\"primaryImageOfPage\":{\"@id\":\"https:\\\/\\\/kuzeyinsesi.org\\\/index.php\\\/2024\\\/04\\\/29\\\/bakan-gardiyanoglu-1-mayista-calisan-emekciye-normal-gunun-iki-katini-odemek-yasal-zorunluluktur\\\/#primaryimage\"},\"image\":{\"@id\":\"https:\\\/\\\/kuzeyinsesi.org\\\/index.php\\\/2024\\\/04\\\/29\\\/bakan-gardiyanoglu-1-mayista-calisan-emekciye-normal-gunun-iki-katini-odemek-yasal-zorunluluktur\\\/#primaryimage\"},\"thumbnailUrl\":\"https:\\\/\\\/kuzeyinsesi.org\\\/wp-content\\\/uploads\\\/2024\\\/04\\\/sadik-gardiyanoglu-6-1-1-scaled1.jpg\",\"datePublished\":\"2024-04-29T17:39:16+00:00\",\"author\":{\"@id\":\"https:\\\/\\\/kuzeyinsesi.org\\\/#\\\/schema\\\/person\\\/9f859689cdf01485597712386e37f5aa\"},\"breadcrumb\":{\"@id\":\"https:\\\/\\\/kuzeyinsesi.org\\\/index.php\\\/2024\\\/04\\\/29\\\/bakan-gardiyanoglu-1-mayista-calisan-emekciye-normal-gunun-iki-katini-odemek-yasal-zorunluluktur\\\/#breadcrumb\"},\"inLanguage\":\"tr\",\"potentialAction\":[{\"@type\":\"ReadAction\",\"target\":[\"https:\\\/\\\/kuzeyinsesi.org\\\/index.php\\\/2024\\\/04\\\/29\\\/bakan-gardiyanoglu-1-mayista-calisan-emekciye-normal-gunun-iki-katini-odemek-yasal-zorunluluktur\\\/\"]}]},{\"@type\":\"ImageObject\",\"inLanguage\":\"tr\",\"@id\":\"https:\\\/\\\/kuzeyinsesi.org\\\/index.php\\\/2024\\\/04\\\/29\\\/bakan-gardiyanoglu-1-mayista-calisan-emekciye-normal-gunun-iki-katini-odemek-yasal-zorunluluktur\\\/#primaryimage\",\"url\":\"https:\\\/\\\/kuzeyinsesi.org\\\/wp-content\\\/uploads\\\/2024\\\/04\\\/sadik-gardiyanoglu-6-1-1-scaled1.jpg\",\"contentUrl\":\"https:\\\/\\\/kuzeyinsesi.org\\\/wp-content\\\/uploads\\\/2024\\\/04\\\/sadik-gardiyanoglu-6-1-1-scaled1.jpg\",\"width\":2560,\"height\":1501},{\"@type\":\"BreadcrumbList\",\"@id\":\"https:\\\/\\\/kuzeyinsesi.org\\\/index.php\\\/2024\\\/04\\\/29\\\/bakan-gardiyanoglu-1-mayista-calisan-emekciye-normal-gunun-iki-katini-odemek-yasal-zorunluluktur\\\/#breadcrumb\",\"itemListElement\":[{\"@type\":\"ListItem\",\"position\":1,\"name\":\"Anasayfa\",\"item\":\"https:\\\/\\\/kuzeyinsesi.org\\\/\"},{\"@type\":\"ListItem\",\"position\":2,\"name\":\"Bakan Gardiyano\u011flu: \u201c1 May\u0131s\u2019ta \u00e7al\u0131\u015fan emek\u00e7iye normal g\u00fcn\u00fcn iki kat\u0131n\u0131 \u00f6demek yasal zorunluluktur\u201d\"}]},{\"@type\":\"WebSite\",\"@id\":\"https:\\\/\\\/kuzeyinsesi.org\\\/#website\",\"url\":\"https:\\\/\\\/kuzeyinsesi.org\\\/\",\"name\":\"Kuzeyin Sesi\",\"description\":\"Do\u011fru Haberin Adresi\",\"potentialAction\":[{\"@type\":\"SearchAction\",\"target\":{\"@type\":\"EntryPoint\",\"urlTemplate\":\"https:\\\/\\\/kuzeyinsesi.org\\\/?s={search_term_string}\"},\"query-input\":{\"@type\":\"PropertyValueSpecification\",\"valueRequired\":true,\"valueName\":\"search_term_string\"}}],\"inLanguage\":\"tr\"},{\"@type\":\"Person\",\"@id\":\"https:\\\/\\\/kuzeyinsesi.org\\\/#\\\/schema\\\/person\\\/9f859689cdf01485597712386e37f5aa\",\"name\":\"Kuzeyin Sesi\",\"image\":{\"@type\":\"ImageObject\",\"inLanguage\":\"tr\",\"@id\":\"https:\\\/\\\/secure.gravatar.com\\\/avatar\\\/bab33852abfd8b282518d6ed81826833d77c3c882d9ab608add591ccace47a44?s=96&d=mm&r=g\",\"url\":\"https:\\\/\\\/secure.gravatar.com\\\/avatar\\\/bab33852abfd8b282518d6ed81826833d77c3c882d9ab608add591ccace47a44?s=96&d=mm&r=g\",\"contentUrl\":\"https:\\\/\\\/secure.gravatar.com\\\/avatar\\\/bab33852abfd8b282518d6ed81826833d77c3c882d9ab608add591ccace47a44?s=96&d=mm&r=g\",\"caption\":\"Kuzeyin Sesi\"},\"sameAs\":[\"https:\\\/\\\/kuzeyinsesi.org\"],\"url\":\"https:\\\/\\\/kuzeyinsesi.org\\\/index.php\\\/author\\\/guven\\\/\"}]}<\/script>\n<!-- \/ Yoast SEO plugin. -->","yoast_head_json":{"title":"Bakan Gardiyano\u011flu: \u201c1 May\u0131s\u2019ta \u00e7al\u0131\u015fan emek\u00e7iye normal g\u00fcn\u00fcn iki kat\u0131n\u0131 \u00f6demek yasal zorunluluktur\u201d - Kuzeyin Sesi","robots":{"index":"index","follow":"follow","max-snippet":"max-snippet:-1","max-image-preview":"max-image-preview:large","max-video-preview":"max-video-preview:-1"},"canonical":"https:\/\/kuzeyinsesi.org\/index.php\/2024\/04\/29\/bakan-gardiyanoglu-1-mayista-calisan-emekciye-normal-gunun-iki-katini-odemek-yasal-zorunluluktur\/","og_locale":"tr_TR","og_type":"article","og_title":"Bakan Gardiyano\u011flu: \u201c1 May\u0131s\u2019ta \u00e7al\u0131\u015fan emek\u00e7iye normal g\u00fcn\u00fcn iki kat\u0131n\u0131 \u00f6demek yasal zorunluluktur\u201d - Kuzeyin Sesi","og_description":"\u00c7al\u0131\u015fma ve Sosyal G\u00fcvenlik Bakan\u0131 Sad\u0131k Gardiyano\u011flu, 1 May\u0131s g\u00fcn\u00fc a\u00e7\u0131k kalacak i\u015fletmelere seslenerek yasal y\u00fck\u00fcml\u00fcl\u00fcklerini hat\u0131rlatt\u0131. Gardiyano\u011flu, emek\u00e7ilerin o g\u00fcnk\u00fc emeklerinin kar\u015f\u0131l\u0131\u011f\u0131n\u0131n normal g\u00fcn\u00fcn iki kat\u0131 oldu\u011funu s\u00f6yledi, \u201cBu yasal bir zorunluluktur\u201d dedi. Bakan Gardiyano\u011flu 1 May\u0131s Emek ve Dayan\u0131\u015fma G\u00fcn\u00fc dolay\u0131s\u0131yla videolu a\u00e7\u0131klamada bulundu. T\u00fcm resmi tatil g\u00fcnlerinde \u00e7al\u0131\u015ft\u0131r\u0131lan emek\u00e7ilerin haklar\u0131n\u0131 korumak konusunda [&hellip;]","og_url":"https:\/\/kuzeyinsesi.org\/index.php\/2024\/04\/29\/bakan-gardiyanoglu-1-mayista-calisan-emekciye-normal-gunun-iki-katini-odemek-yasal-zorunluluktur\/","og_site_name":"Kuzeyin Sesi","article_publisher":"https:\/\/www.facebook.com\/kuzeyinsesii","article_published_time":"2024-04-29T17:39:16+00:00","og_image":[{"width":2560,"height":1501,"url":"https:\/\/kuzeyinsesi.org\/wp-content\/uploads\/2024\/04\/sadik-gardiyanoglu-6-1-1-scaled1.jpg","type":"image\/jpeg"}],"author":"Kuzeyin Sesi","twitter_card":"summary_large_image","twitter_creator":"@kuzeyinsesii","twitter_site":"@kuzeyinsesii","twitter_misc":{"Yazan:":"Kuzeyin Sesi","Tahmini okuma s\u00fcresi":"1 dakika"},"schema":{"@context":"https:\/\/schema.org","@graph":[{"@type":"Article","@id":"https:\/\/kuzeyinsesi.org\/index.php\/2024\/04\/29\/bakan-gardiyanoglu-1-mayista-calisan-emekciye-normal-gunun-iki-katini-odemek-yasal-zorunluluktur\/#article","isPartOf":{"@id":"https:\/\/kuzeyinsesi.org\/index.php\/2024\/04\/29\/bakan-gardiyanoglu-1-mayista-calisan-emekciye-normal-gunun-iki-katini-odemek-yasal-zorunluluktur\/"},"author":{"name":"Kuzeyin Sesi","@id":"https:\/\/kuzeyinsesi.org\/#\/schema\/person\/9f859689cdf01485597712386e37f5aa"},"headline":"Bakan Gardiyano\u011flu: \u201c1 May\u0131s\u2019ta \u00e7al\u0131\u015fan emek\u00e7iye normal g\u00fcn\u00fcn iki kat\u0131n\u0131 \u00f6demek yasal zorunluluktur\u201d","datePublished":"2024-04-29T17:39:16+00:00","mainEntityOfPage":{"@id":"https:\/\/kuzeyinsesi.org\/index.php\/2024\/04\/29\/bakan-gardiyanoglu-1-mayista-calisan-emekciye-normal-gunun-iki-katini-odemek-yasal-zorunluluktur\/"},"wordCount":177,"commentCount":0,"image":{"@id":"https:\/\/kuzeyinsesi.org\/index.php\/2024\/04\/29\/bakan-gardiyanoglu-1-mayista-calisan-emekciye-normal-gunun-iki-katini-odemek-yasal-zorunluluktur\/#primaryimage"},"thumbnailUrl":"https:\/\/kuzeyinsesi.org\/wp-content\/uploads\/2024\/04\/sadik-gardiyanoglu-6-1-1-scaled1.jpg","articleSection":["K\u0131br\u0131s"],"inLanguage":"tr","potentialAction":[{"@type":"CommentAction","name":"Comment","target":["https:\/\/kuzeyinsesi.org\/index.php\/2024\/04\/29\/bakan-gardiyanoglu-1-mayista-calisan-emekciye-normal-gunun-iki-katini-odemek-yasal-zorunluluktur\/#respond"]}]},{"@type":"WebPage","@id":"https:\/\/kuzeyinsesi.org\/index.php\/2024\/04\/29\/bakan-gardiyanoglu-1-mayista-calisan-emekciye-normal-gunun-iki-katini-odemek-yasal-zorunluluktur\/","url":"https:\/\/kuzeyinsesi.org\/index.php\/2024\/04\/29\/bakan-gardiyanoglu-1-mayista-calisan-emekciye-normal-gunun-iki-katini-odemek-yasal-zorunluluktur\/","name":"Bakan Gardiyano\u011flu: \u201c1 May\u0131s\u2019ta \u00e7al\u0131\u015fan emek\u00e7iye normal g\u00fcn\u00fcn iki kat\u0131n\u0131 \u00f6demek yasal zorunluluktur\u201d - Kuzeyin Sesi","isPartOf":{"@id":"https:\/\/kuzeyinsesi.org\/#website"},"primaryImageOfPage":{"@id":"https:\/\/kuzeyinsesi.org\/index.php\/2024\/04\/29\/bakan-gardiyanoglu-1-mayista-calisan-emekciye-normal-gunun-iki-katini-odemek-yasal-zorunluluktur\/#primaryimage"},"image":{"@id":"https:\/\/kuzeyinsesi.org\/index.php\/2024\/04\/29\/bakan-gardiyanoglu-1-mayista-calisan-emekciye-normal-gunun-iki-katini-odemek-yasal-zorunluluktur\/#primaryimage"},"thumbnailUrl":"https:\/\/kuzeyinsesi.org\/wp-content\/uploads\/2024\/04\/sadik-gardiyanoglu-6-1-1-scaled1.jpg","datePublished":"2024-04-29T17:39:16+00:00","author":{"@id":"https:\/\/kuzeyinsesi.org\/#\/schema\/person\/9f859689cdf01485597712386e37f5aa"},"breadcrumb":{"@id":"https:\/\/kuzeyinsesi.org\/index.php\/2024\/04\/29\/bakan-gardiyanoglu-1-mayista-calisan-emekciye-normal-gunun-iki-katini-odemek-yasal-zorunluluktur\/#breadcrumb"},"inLanguage":"tr","potentialAction":[{"@type":"ReadAction","target":["https:\/\/kuzeyinsesi.org\/index.php\/2024\/04\/29\/bakan-gardiyanoglu-1-mayista-calisan-emekciye-normal-gunun-iki-katini-odemek-yasal-zorunluluktur\/"]}]},{"@type":"ImageObject","inLanguage":"tr","@id":"https:\/\/kuzeyinsesi.org\/index.php\/2024\/04\/29\/bakan-gardiyanoglu-1-mayista-calisan-emekciye-normal-gunun-iki-katini-odemek-yasal-zorunluluktur\/#primaryimage","url":"https:\/\/kuzeyinsesi.org\/wp-content\/uploads\/2024\/04\/sadik-gardiyanoglu-6-1-1-scaled1.jpg","contentUrl":"https:\/\/kuzeyinsesi.org\/wp-content\/uploads\/2024\/04\/sadik-gardiyanoglu-6-1-1-scaled1.jpg","width":2560,"height":1501},{"@type":"BreadcrumbList","@id":"https:\/\/kuzeyinsesi.org\/index.php\/2024\/04\/29\/bakan-gardiyanoglu-1-mayista-calisan-emekciye-normal-gunun-iki-katini-odemek-yasal-zorunluluktur\/#breadcrumb","itemListElement":[{"@type":"ListItem","position":1,"name":"Anasayfa","item":"https:\/\/kuzeyinsesi.org\/"},{"@type":"ListItem","position":2,"name":"Bakan Gardiyano\u011flu: \u201c1 May\u0131s\u2019ta \u00e7al\u0131\u015fan emek\u00e7iye normal g\u00fcn\u00fcn iki kat\u0131n\u0131 \u00f6demek yasal zorunluluktur\u201d"}]},{"@type":"WebSite","@id":"https:\/\/kuzeyinsesi.org\/#website","url":"https:\/\/kuzeyinsesi.org\/","name":"Kuzeyin Sesi","description":"Do\u011fru Haberin Adresi","potentialAction":[{"@type":"SearchAction","target":{"@type":"EntryPoint","urlTemplate":"https:\/\/kuzeyinsesi.org\/?s={search_term_string}"},"query-input":{"@type":"PropertyValueSpecification","valueRequired":true,"valueName":"search_term_string"}}],"inLanguage":"tr"},{"@type":"Person","@id":"https:\/\/kuzeyinsesi.org\/#\/schema\/person\/9f859689cdf01485597712386e37f5aa","name":"Kuzeyin Sesi","image":{"@type":"ImageObject","inLanguage":"tr","@id":"https:\/\/secure.gravatar.com\/avatar\/bab33852abfd8b282518d6ed81826833d77c3c882d9ab608add591ccace47a44?s=96&d=mm&r=g","url":"https:\/\/secure.gravatar.com\/avatar\/bab33852abfd8b282518d6ed81826833d77c3c882d9ab608add591ccace47a44?s=96&d=mm&r=g","contentUrl":"https:\/\/secure.gravatar.com\/avatar\/bab33852abfd8b282518d6ed81826833d77c3c882d9ab608add591ccace47a44?s=96&d=mm&r=g","caption":"Kuzeyin Sesi"},"sameAs":["https:\/\/kuzeyinsesi.org"],"url":"https:\/\/kuzeyinsesi.org\/index.php\/author\/guven\/"}]}},"_links":{"self":[{"href":"https:\/\/kuzeyinsesi.org\/index.php\/wp-json\/wp\/v2\/posts\/943","targetHints":{"allow":["GET"]}}],"collection":[{"href":"https:\/\/kuzeyinsesi.org\/index.php\/wp-json\/wp\/v2\/posts"}],"about":[{"href":"https:\/\/kuzeyinsesi.org\/index.php\/wp-json\/wp\/v2\/types\/post"}],"author":[{"embeddable":true,"href":"https:\/\/kuzeyinsesi.org\/index.php\/wp-json\/wp\/v2\/users\/1"}],"replies":[{"embeddable":true,"href":"https:\/\/kuzeyinsesi.org\/index.php\/wp-json\/wp\/v2\/comments?post=943"}],"version-history":[{"count":0,"href":"https:\/\/kuzeyinsesi.org\/index.php\/wp-json\/wp\/v2\/posts\/943\/revisions"}],"wp:featuredmedia":[{"embeddable":true,"href":"https:\/\/kuzeyinsesi.org\/index.php\/wp-json\/wp\/v2\/media\/944"}],"wp:attachment":[{"href":"https:\/\/kuzeyinsesi.org\/index.php\/wp-json\/wp\/v2\/media?parent=943"}],"wp:term":[{"taxonomy":"category","embeddable":true,"href":"https:\/\/kuzeyinsesi.org\/index.php\/wp-json\/wp\/v2\/categories?post=943"},{"taxonomy":"post_tag","embeddable":true,"href":"https:\/\/kuzeyinsesi.org\/index.php\/wp-json\/wp\/v2\/tags?post=943"}],"curies":[{"name":"wp","href":"https:\/\/api.w.org\/{rel}","templated":true}]}}