{"id":941,"date":"2024-04-29T20:33:44","date_gmt":"2024-04-29T17:33:44","guid":{"rendered":"https:\/\/kuzeyinsesi.com\/index.php\/2024\/04\/29\/cumhurbaskani-tatar-isias-ortak-davamiz-sarkisini-hazirlayan-muzisyenleri-kabul-etti\/"},"modified":"2024-04-29T20:33:44","modified_gmt":"2024-04-29T17:33:44","slug":"cumhurbaskani-tatar-isias-ortak-davamiz-sarkisini-hazirlayan-muzisyenleri-kabul-etti","status":"publish","type":"post","link":"https:\/\/kuzeyinsesi.org\/index.php\/2024\/04\/29\/cumhurbaskani-tatar-isias-ortak-davamiz-sarkisini-hazirlayan-muzisyenleri-kabul-etti\/","title":{"rendered":"Cumhurba\u015fkan\u0131 Tatar, \u201c\u0130sias Ortak Davam\u0131z\u201d \u015fark\u0131s\u0131n\u0131 haz\u0131rlayan m\u00fczisyenleri kabul etti"},"content":{"rendered":"<div>\n<div class=\"mariselle-image-container center\">\n                                            <\/div>\n<p>\nCumhurba\u015fkan\u0131 Ersin Tatar, \u201c\u0130sias Ortak Davam\u0131z\u201d \u015fark\u0131s\u0131n\u0131 haz\u0131rlayan m\u00fczisyenleri kabul etti.<\/p>\n<p>Cumhurba\u015fkanl\u0131\u011f\u0131\u2019ndan verilen bilgiye g\u00f6re, Tatar, 6 \u015eubat\u2019\u0131n \u00e7ok derin bir ac\u0131 oldu\u011funu, unutulamayaca\u011f\u0131n\u0131 kaydederek, \u0130sias davas\u0131na destek i\u00e7in \u201c\u0130sias Ortak Davam\u0131z\u201d par\u00e7as\u0131n\u0131 haz\u0131rlayan m\u00fczisyenleri tebrik ederek, klibi g\u00f6rd\u00fc\u011f\u00fcnde \u00e7ok duyguland\u0131\u011f\u0131n\u0131 ifade etti.<\/p>\n<p>M\u00fczisyenleri, Cumhurba\u015fkanl\u0131\u011f\u0131 Senfoni Orkestras\u0131 ile benzer \u00e7al\u0131\u015fmalar\u0131n yap\u0131lmas\u0131n\u0131 de\u011ferlendirmek \u00fczere davet etti\u011fini belirten Cumhurba\u015fkan\u0131 Tatar, \u201c\u0130sias Ortak Davam\u0131z\u201d \u015fark\u0131s\u0131n\u0131n yank\u0131 uyand\u0131rd\u0131\u011f\u0131n\u0131 da s\u00f6yledi.<\/p>\n<p>6 \u015eubat depreminde kaybedilen \u015eampiyon Meleklerin isimlerinin her zaman ya\u015fayaca\u011f\u0131n\u0131 belirten Cumhurba\u015fkan\u0131 Tatar, bu konudaki t\u00fcm \u00e7al\u0131\u015fmalara destek verdiklerini vurgulad\u0131.<\/p>\n<p>Cumhurba\u015fkan\u0131 Tatar, par\u00e7an\u0131n haz\u0131rlanmas\u0131 ve yay\u0131nlanmas\u0131 s\u00fcrecinde eme\u011fi ge\u00e7en herkesi kutlad\u0131.<\/p>\n<div class=\"mariselle-image-container center\">\n                <img decoding=\"async\" width=\"2560\" height=\"1706\" class=\"lazy-image\" alt=\"\" sizes=\"(max-width: 2560px) 100vw, 2560px\" src=\"https:\/\/brtk.net\/wp-content\/uploads\/2024\/04\/29\/tatar-isias-ortak-davamiz-bestesi-5-.jpg?ver=1d8721c8c4e49e538eaffe358e90c5e7\" srcset=\"https:\/\/brtk.net\/wp-content\/uploads\/2024\/04\/29\/tatar-isias-ortak-davamiz-bestesi-5-.jpg?ver=1d8721c8c4e49e538eaffe358e90c5e7 2560w, https:\/\/brtk.net\/wp-content\/uploads\/2024\/04\/29\/tatar-isias-ortak-davamiz-bestesi-5--300x200.jpg?ver=1d8721c8c4e49e538eaffe358e90c5e7 300w, https:\/\/brtk.net\/wp-content\/uploads\/2024\/04\/29\/tatar-isias-ortak-davamiz-bestesi-5--1024x682.jpg?ver=e225d98013e75c1ade02a62303c2c2fd 1024w, https:\/\/brtk.net\/wp-content\/uploads\/2024\/04\/29\/tatar-isias-ortak-davamiz-bestesi-5--768x512.jpg?ver=e225d98013e75c1ade02a62303c2c2fd 768w, https:\/\/brtk.net\/wp-content\/uploads\/2024\/04\/29\/tatar-isias-ortak-davamiz-bestesi-5--1536x1024.jpg?ver=cc2bf2ac36c83c69c945c47c618e4716 1536w, https:\/\/brtk.net\/wp-content\/uploads\/2024\/04\/29\/tatar-isias-ortak-davamiz-bestesi-5--2048x1365.jpg?ver=f6756559d550ae0a45753c6ba4534dc8 2048w\"\/>                            <\/div>\n<p>M\u00fczisyen Seren Co\u015faner\u2019in \u0130sias davas\u0131na destek olmak amac\u0131yla haz\u0131rlad\u0131\u011f\u0131 \u201c\u0130sias Ortak Davam\u0131z\u201d\u0131n s\u00f6zleri Seren Co\u015faner ve Sait Co\u015faner taraf\u0131ndan yaz\u0131ld\u0131, besteyi Seren Co\u015faner yapt\u0131. \u015eark\u0131n\u0131n klibi ise BRT i\u015f birli\u011finde Gazima\u011fusa Rauf Raif Denkta\u015f Kongre Merkezi\u2019nde \u00e7ekildi. \u015eark\u0131y\u0131, Erkan Da\u011fl\u0131 \u015fefli\u011findeki Sonare Korosu ve m\u00fczisyen Seren Co\u015faner seslendirdi.<\/p>\n<\/p><\/div>\n<p><script async\n                    defer\n                    crossorigin=\"anonymous\"\n                    src=\"https:\/\/connect.facebook.net\/tr_TR\/sdk.js#xfbml=1&#038;version=v3.3\"\n            ><\/script><\/p>\n","protected":false},"excerpt":{"rendered":"<p>Cumhurba\u015fkan\u0131 Ersin Tatar, \u201c\u0130sias Ortak Davam\u0131z\u201d \u015fark\u0131s\u0131n\u0131 haz\u0131rlayan m\u00fczisyenleri kabul etti. Cumhurba\u015fkanl\u0131\u011f\u0131\u2019ndan verilen bilgiye g\u00f6re, Tatar, 6 \u015eubat\u2019\u0131n \u00e7ok derin bir ac\u0131 oldu\u011funu, unutulamayaca\u011f\u0131n\u0131 kaydederek, \u0130sias davas\u0131na destek i\u00e7in \u201c\u0130sias Ortak Davam\u0131z\u201d par\u00e7as\u0131n\u0131 haz\u0131rlayan m\u00fczisyenleri tebrik ederek, klibi g\u00f6rd\u00fc\u011f\u00fcnde \u00e7ok duyguland\u0131\u011f\u0131n\u0131 ifade etti. M\u00fczisyenleri, Cumhurba\u015fkanl\u0131\u011f\u0131 Senfoni Orkestras\u0131 ile benzer \u00e7al\u0131\u015fmalar\u0131n yap\u0131lmas\u0131n\u0131 de\u011ferlendirmek \u00fczere davet etti\u011fini [&hellip;]<\/p>\n","protected":false},"author":1,"featured_media":942,"comment_status":"open","ping_status":"open","sticky":false,"template":"","format":"standard","meta":{"jnews-multi-image_gallery":[],"jnews_single_post":[],"jnews_primary_category":[],"jnews_social_meta":[],"jnews_override_counter":[],"footnotes":""},"categories":[1],"tags":[],"class_list":["post-941","post","type-post","status-publish","format-standard","has-post-thumbnail","hentry","category-kibris"],"yoast_head":"<!-- This site is optimized with the Yoast SEO plugin v27.5 - https:\/\/yoast.com\/product\/yoast-seo-wordpress\/ -->\n<title>Cumhurba\u015fkan\u0131 Tatar, \u201c\u0130sias Ortak Davam\u0131z\u201d \u015fark\u0131s\u0131n\u0131 haz\u0131rlayan m\u00fczisyenleri kabul etti - Kuzeyin Sesi<\/title>\n<meta name=\"robots\" content=\"index, follow, max-snippet:-1, max-image-preview:large, max-video-preview:-1\" \/>\n<link rel=\"canonical\" href=\"https:\/\/kuzeyinsesi.org\/index.php\/2024\/04\/29\/cumhurbaskani-tatar-isias-ortak-davamiz-sarkisini-hazirlayan-muzisyenleri-kabul-etti\/\" \/>\n<meta property=\"og:locale\" content=\"tr_TR\" \/>\n<meta property=\"og:type\" content=\"article\" \/>\n<meta property=\"og:title\" content=\"Cumhurba\u015fkan\u0131 Tatar, \u201c\u0130sias Ortak Davam\u0131z\u201d \u015fark\u0131s\u0131n\u0131 haz\u0131rlayan m\u00fczisyenleri kabul etti - Kuzeyin Sesi\" \/>\n<meta property=\"og:description\" content=\"Cumhurba\u015fkan\u0131 Ersin Tatar, \u201c\u0130sias Ortak Davam\u0131z\u201d \u015fark\u0131s\u0131n\u0131 haz\u0131rlayan m\u00fczisyenleri kabul etti. Cumhurba\u015fkanl\u0131\u011f\u0131\u2019ndan verilen bilgiye g\u00f6re, Tatar, 6 \u015eubat\u2019\u0131n \u00e7ok derin bir ac\u0131 oldu\u011funu, unutulamayaca\u011f\u0131n\u0131 kaydederek, \u0130sias davas\u0131na destek i\u00e7in \u201c\u0130sias Ortak Davam\u0131z\u201d par\u00e7as\u0131n\u0131 haz\u0131rlayan m\u00fczisyenleri tebrik ederek, klibi g\u00f6rd\u00fc\u011f\u00fcnde \u00e7ok duyguland\u0131\u011f\u0131n\u0131 ifade etti. M\u00fczisyenleri, Cumhurba\u015fkanl\u0131\u011f\u0131 Senfoni Orkestras\u0131 ile benzer \u00e7al\u0131\u015fmalar\u0131n yap\u0131lmas\u0131n\u0131 de\u011ferlendirmek \u00fczere davet etti\u011fini [&hellip;]\" \/>\n<meta property=\"og:url\" content=\"https:\/\/kuzeyinsesi.org\/index.php\/2024\/04\/29\/cumhurbaskani-tatar-isias-ortak-davamiz-sarkisini-hazirlayan-muzisyenleri-kabul-etti\/\" \/>\n<meta property=\"og:site_name\" content=\"Kuzeyin Sesi\" \/>\n<meta property=\"article:publisher\" content=\"https:\/\/www.facebook.com\/kuzeyinsesii\" \/>\n<meta property=\"article:published_time\" content=\"2024-04-29T17:33:44+00:00\" \/>\n<meta property=\"og:image\" content=\"https:\/\/kuzeyinsesi.org\/wp-content\/uploads\/2024\/04\/tatar-isias-ortak-davamiz-bestesi-2-.jpg\" \/>\n\t<meta property=\"og:image:width\" content=\"1600\" \/>\n\t<meta property=\"og:image:height\" content=\"1066\" \/>\n\t<meta property=\"og:image:type\" content=\"image\/jpeg\" \/>\n<meta name=\"author\" content=\"Kuzeyin Sesi\" \/>\n<meta name=\"twitter:card\" content=\"summary_large_image\" \/>\n<meta name=\"twitter:creator\" content=\"@kuzeyinsesii\" \/>\n<meta name=\"twitter:site\" content=\"@kuzeyinsesii\" \/>\n<meta name=\"twitter:label1\" content=\"Yazan:\" \/>\n\t<meta name=\"twitter:data1\" content=\"Kuzeyin Sesi\" \/>\n\t<meta name=\"twitter:label2\" content=\"Tahmini okuma s\u00fcresi\" \/>\n\t<meta name=\"twitter:data2\" content=\"1 dakika\" \/>\n<script type=\"application\/ld+json\" class=\"yoast-schema-graph\">{\"@context\":\"https:\\\/\\\/schema.org\",\"@graph\":[{\"@type\":\"Article\",\"@id\":\"https:\\\/\\\/kuzeyinsesi.org\\\/index.php\\\/2024\\\/04\\\/29\\\/cumhurbaskani-tatar-isias-ortak-davamiz-sarkisini-hazirlayan-muzisyenleri-kabul-etti\\\/#article\",\"isPartOf\":{\"@id\":\"https:\\\/\\\/kuzeyinsesi.org\\\/index.php\\\/2024\\\/04\\\/29\\\/cumhurbaskani-tatar-isias-ortak-davamiz-sarkisini-hazirlayan-muzisyenleri-kabul-etti\\\/\"},\"author\":{\"name\":\"Kuzeyin Sesi\",\"@id\":\"https:\\\/\\\/kuzeyinsesi.org\\\/#\\\/schema\\\/person\\\/9f859689cdf01485597712386e37f5aa\"},\"headline\":\"Cumhurba\u015fkan\u0131 Tatar, \u201c\u0130sias Ortak Davam\u0131z\u201d \u015fark\u0131s\u0131n\u0131 haz\u0131rlayan m\u00fczisyenleri kabul etti\",\"datePublished\":\"2024-04-29T17:33:44+00:00\",\"mainEntityOfPage\":{\"@id\":\"https:\\\/\\\/kuzeyinsesi.org\\\/index.php\\\/2024\\\/04\\\/29\\\/cumhurbaskani-tatar-isias-ortak-davamiz-sarkisini-hazirlayan-muzisyenleri-kabul-etti\\\/\"},\"wordCount\":234,\"commentCount\":0,\"image\":{\"@id\":\"https:\\\/\\\/kuzeyinsesi.org\\\/index.php\\\/2024\\\/04\\\/29\\\/cumhurbaskani-tatar-isias-ortak-davamiz-sarkisini-hazirlayan-muzisyenleri-kabul-etti\\\/#primaryimage\"},\"thumbnailUrl\":\"https:\\\/\\\/kuzeyinsesi.org\\\/wp-content\\\/uploads\\\/2024\\\/04\\\/tatar-isias-ortak-davamiz-bestesi-2-.jpg\",\"articleSection\":[\"K\u0131br\u0131s\"],\"inLanguage\":\"tr\",\"potentialAction\":[{\"@type\":\"CommentAction\",\"name\":\"Comment\",\"target\":[\"https:\\\/\\\/kuzeyinsesi.org\\\/index.php\\\/2024\\\/04\\\/29\\\/cumhurbaskani-tatar-isias-ortak-davamiz-sarkisini-hazirlayan-muzisyenleri-kabul-etti\\\/#respond\"]}]},{\"@type\":\"WebPage\",\"@id\":\"https:\\\/\\\/kuzeyinsesi.org\\\/index.php\\\/2024\\\/04\\\/29\\\/cumhurbaskani-tatar-isias-ortak-davamiz-sarkisini-hazirlayan-muzisyenleri-kabul-etti\\\/\",\"url\":\"https:\\\/\\\/kuzeyinsesi.org\\\/index.php\\\/2024\\\/04\\\/29\\\/cumhurbaskani-tatar-isias-ortak-davamiz-sarkisini-hazirlayan-muzisyenleri-kabul-etti\\\/\",\"name\":\"Cumhurba\u015fkan\u0131 Tatar, \u201c\u0130sias Ortak Davam\u0131z\u201d \u015fark\u0131s\u0131n\u0131 haz\u0131rlayan m\u00fczisyenleri kabul etti - Kuzeyin Sesi\",\"isPartOf\":{\"@id\":\"https:\\\/\\\/kuzeyinsesi.org\\\/#website\"},\"primaryImageOfPage\":{\"@id\":\"https:\\\/\\\/kuzeyinsesi.org\\\/index.php\\\/2024\\\/04\\\/29\\\/cumhurbaskani-tatar-isias-ortak-davamiz-sarkisini-hazirlayan-muzisyenleri-kabul-etti\\\/#primaryimage\"},\"image\":{\"@id\":\"https:\\\/\\\/kuzeyinsesi.org\\\/index.php\\\/2024\\\/04\\\/29\\\/cumhurbaskani-tatar-isias-ortak-davamiz-sarkisini-hazirlayan-muzisyenleri-kabul-etti\\\/#primaryimage\"},\"thumbnailUrl\":\"https:\\\/\\\/kuzeyinsesi.org\\\/wp-content\\\/uploads\\\/2024\\\/04\\\/tatar-isias-ortak-davamiz-bestesi-2-.jpg\",\"datePublished\":\"2024-04-29T17:33:44+00:00\",\"author\":{\"@id\":\"https:\\\/\\\/kuzeyinsesi.org\\\/#\\\/schema\\\/person\\\/9f859689cdf01485597712386e37f5aa\"},\"breadcrumb\":{\"@id\":\"https:\\\/\\\/kuzeyinsesi.org\\\/index.php\\\/2024\\\/04\\\/29\\\/cumhurbaskani-tatar-isias-ortak-davamiz-sarkisini-hazirlayan-muzisyenleri-kabul-etti\\\/#breadcrumb\"},\"inLanguage\":\"tr\",\"potentialAction\":[{\"@type\":\"ReadAction\",\"target\":[\"https:\\\/\\\/kuzeyinsesi.org\\\/index.php\\\/2024\\\/04\\\/29\\\/cumhurbaskani-tatar-isias-ortak-davamiz-sarkisini-hazirlayan-muzisyenleri-kabul-etti\\\/\"]}]},{\"@type\":\"ImageObject\",\"inLanguage\":\"tr\",\"@id\":\"https:\\\/\\\/kuzeyinsesi.org\\\/index.php\\\/2024\\\/04\\\/29\\\/cumhurbaskani-tatar-isias-ortak-davamiz-sarkisini-hazirlayan-muzisyenleri-kabul-etti\\\/#primaryimage\",\"url\":\"https:\\\/\\\/kuzeyinsesi.org\\\/wp-content\\\/uploads\\\/2024\\\/04\\\/tatar-isias-ortak-davamiz-bestesi-2-.jpg\",\"contentUrl\":\"https:\\\/\\\/kuzeyinsesi.org\\\/wp-content\\\/uploads\\\/2024\\\/04\\\/tatar-isias-ortak-davamiz-bestesi-2-.jpg\",\"width\":1600,\"height\":1066},{\"@type\":\"BreadcrumbList\",\"@id\":\"https:\\\/\\\/kuzeyinsesi.org\\\/index.php\\\/2024\\\/04\\\/29\\\/cumhurbaskani-tatar-isias-ortak-davamiz-sarkisini-hazirlayan-muzisyenleri-kabul-etti\\\/#breadcrumb\",\"itemListElement\":[{\"@type\":\"ListItem\",\"position\":1,\"name\":\"Anasayfa\",\"item\":\"https:\\\/\\\/kuzeyinsesi.org\\\/\"},{\"@type\":\"ListItem\",\"position\":2,\"name\":\"Cumhurba\u015fkan\u0131 Tatar, \u201c\u0130sias Ortak Davam\u0131z\u201d \u015fark\u0131s\u0131n\u0131 haz\u0131rlayan m\u00fczisyenleri kabul etti\"}]},{\"@type\":\"WebSite\",\"@id\":\"https:\\\/\\\/kuzeyinsesi.org\\\/#website\",\"url\":\"https:\\\/\\\/kuzeyinsesi.org\\\/\",\"name\":\"Kuzeyin Sesi\",\"description\":\"Do\u011fru Haberin Adresi\",\"potentialAction\":[{\"@type\":\"SearchAction\",\"target\":{\"@type\":\"EntryPoint\",\"urlTemplate\":\"https:\\\/\\\/kuzeyinsesi.org\\\/?s={search_term_string}\"},\"query-input\":{\"@type\":\"PropertyValueSpecification\",\"valueRequired\":true,\"valueName\":\"search_term_string\"}}],\"inLanguage\":\"tr\"},{\"@type\":\"Person\",\"@id\":\"https:\\\/\\\/kuzeyinsesi.org\\\/#\\\/schema\\\/person\\\/9f859689cdf01485597712386e37f5aa\",\"name\":\"Kuzeyin Sesi\",\"image\":{\"@type\":\"ImageObject\",\"inLanguage\":\"tr\",\"@id\":\"https:\\\/\\\/secure.gravatar.com\\\/avatar\\\/bab33852abfd8b282518d6ed81826833d77c3c882d9ab608add591ccace47a44?s=96&d=mm&r=g\",\"url\":\"https:\\\/\\\/secure.gravatar.com\\\/avatar\\\/bab33852abfd8b282518d6ed81826833d77c3c882d9ab608add591ccace47a44?s=96&d=mm&r=g\",\"contentUrl\":\"https:\\\/\\\/secure.gravatar.com\\\/avatar\\\/bab33852abfd8b282518d6ed81826833d77c3c882d9ab608add591ccace47a44?s=96&d=mm&r=g\",\"caption\":\"Kuzeyin Sesi\"},\"sameAs\":[\"https:\\\/\\\/kuzeyinsesi.org\"],\"url\":\"https:\\\/\\\/kuzeyinsesi.org\\\/index.php\\\/author\\\/guven\\\/\"}]}<\/script>\n<!-- \/ Yoast SEO plugin. -->","yoast_head_json":{"title":"Cumhurba\u015fkan\u0131 Tatar, \u201c\u0130sias Ortak Davam\u0131z\u201d \u015fark\u0131s\u0131n\u0131 haz\u0131rlayan m\u00fczisyenleri kabul etti - Kuzeyin Sesi","robots":{"index":"index","follow":"follow","max-snippet":"max-snippet:-1","max-image-preview":"max-image-preview:large","max-video-preview":"max-video-preview:-1"},"canonical":"https:\/\/kuzeyinsesi.org\/index.php\/2024\/04\/29\/cumhurbaskani-tatar-isias-ortak-davamiz-sarkisini-hazirlayan-muzisyenleri-kabul-etti\/","og_locale":"tr_TR","og_type":"article","og_title":"Cumhurba\u015fkan\u0131 Tatar, \u201c\u0130sias Ortak Davam\u0131z\u201d \u015fark\u0131s\u0131n\u0131 haz\u0131rlayan m\u00fczisyenleri kabul etti - Kuzeyin Sesi","og_description":"Cumhurba\u015fkan\u0131 Ersin Tatar, \u201c\u0130sias Ortak Davam\u0131z\u201d \u015fark\u0131s\u0131n\u0131 haz\u0131rlayan m\u00fczisyenleri kabul etti. Cumhurba\u015fkanl\u0131\u011f\u0131\u2019ndan verilen bilgiye g\u00f6re, Tatar, 6 \u015eubat\u2019\u0131n \u00e7ok derin bir ac\u0131 oldu\u011funu, unutulamayaca\u011f\u0131n\u0131 kaydederek, \u0130sias davas\u0131na destek i\u00e7in \u201c\u0130sias Ortak Davam\u0131z\u201d par\u00e7as\u0131n\u0131 haz\u0131rlayan m\u00fczisyenleri tebrik ederek, klibi g\u00f6rd\u00fc\u011f\u00fcnde \u00e7ok duyguland\u0131\u011f\u0131n\u0131 ifade etti. M\u00fczisyenleri, Cumhurba\u015fkanl\u0131\u011f\u0131 Senfoni Orkestras\u0131 ile benzer \u00e7al\u0131\u015fmalar\u0131n yap\u0131lmas\u0131n\u0131 de\u011ferlendirmek \u00fczere davet etti\u011fini [&hellip;]","og_url":"https:\/\/kuzeyinsesi.org\/index.php\/2024\/04\/29\/cumhurbaskani-tatar-isias-ortak-davamiz-sarkisini-hazirlayan-muzisyenleri-kabul-etti\/","og_site_name":"Kuzeyin Sesi","article_publisher":"https:\/\/www.facebook.com\/kuzeyinsesii","article_published_time":"2024-04-29T17:33:44+00:00","og_image":[{"width":1600,"height":1066,"url":"https:\/\/kuzeyinsesi.org\/wp-content\/uploads\/2024\/04\/tatar-isias-ortak-davamiz-bestesi-2-.jpg","type":"image\/jpeg"}],"author":"Kuzeyin Sesi","twitter_card":"summary_large_image","twitter_creator":"@kuzeyinsesii","twitter_site":"@kuzeyinsesii","twitter_misc":{"Yazan:":"Kuzeyin Sesi","Tahmini okuma s\u00fcresi":"1 dakika"},"schema":{"@context":"https:\/\/schema.org","@graph":[{"@type":"Article","@id":"https:\/\/kuzeyinsesi.org\/index.php\/2024\/04\/29\/cumhurbaskani-tatar-isias-ortak-davamiz-sarkisini-hazirlayan-muzisyenleri-kabul-etti\/#article","isPartOf":{"@id":"https:\/\/kuzeyinsesi.org\/index.php\/2024\/04\/29\/cumhurbaskani-tatar-isias-ortak-davamiz-sarkisini-hazirlayan-muzisyenleri-kabul-etti\/"},"author":{"name":"Kuzeyin Sesi","@id":"https:\/\/kuzeyinsesi.org\/#\/schema\/person\/9f859689cdf01485597712386e37f5aa"},"headline":"Cumhurba\u015fkan\u0131 Tatar, \u201c\u0130sias Ortak Davam\u0131z\u201d \u015fark\u0131s\u0131n\u0131 haz\u0131rlayan m\u00fczisyenleri kabul etti","datePublished":"2024-04-29T17:33:44+00:00","mainEntityOfPage":{"@id":"https:\/\/kuzeyinsesi.org\/index.php\/2024\/04\/29\/cumhurbaskani-tatar-isias-ortak-davamiz-sarkisini-hazirlayan-muzisyenleri-kabul-etti\/"},"wordCount":234,"commentCount":0,"image":{"@id":"https:\/\/kuzeyinsesi.org\/index.php\/2024\/04\/29\/cumhurbaskani-tatar-isias-ortak-davamiz-sarkisini-hazirlayan-muzisyenleri-kabul-etti\/#primaryimage"},"thumbnailUrl":"https:\/\/kuzeyinsesi.org\/wp-content\/uploads\/2024\/04\/tatar-isias-ortak-davamiz-bestesi-2-.jpg","articleSection":["K\u0131br\u0131s"],"inLanguage":"tr","potentialAction":[{"@type":"CommentAction","name":"Comment","target":["https:\/\/kuzeyinsesi.org\/index.php\/2024\/04\/29\/cumhurbaskani-tatar-isias-ortak-davamiz-sarkisini-hazirlayan-muzisyenleri-kabul-etti\/#respond"]}]},{"@type":"WebPage","@id":"https:\/\/kuzeyinsesi.org\/index.php\/2024\/04\/29\/cumhurbaskani-tatar-isias-ortak-davamiz-sarkisini-hazirlayan-muzisyenleri-kabul-etti\/","url":"https:\/\/kuzeyinsesi.org\/index.php\/2024\/04\/29\/cumhurbaskani-tatar-isias-ortak-davamiz-sarkisini-hazirlayan-muzisyenleri-kabul-etti\/","name":"Cumhurba\u015fkan\u0131 Tatar, \u201c\u0130sias Ortak Davam\u0131z\u201d \u015fark\u0131s\u0131n\u0131 haz\u0131rlayan m\u00fczisyenleri kabul etti - Kuzeyin Sesi","isPartOf":{"@id":"https:\/\/kuzeyinsesi.org\/#website"},"primaryImageOfPage":{"@id":"https:\/\/kuzeyinsesi.org\/index.php\/2024\/04\/29\/cumhurbaskani-tatar-isias-ortak-davamiz-sarkisini-hazirlayan-muzisyenleri-kabul-etti\/#primaryimage"},"image":{"@id":"https:\/\/kuzeyinsesi.org\/index.php\/2024\/04\/29\/cumhurbaskani-tatar-isias-ortak-davamiz-sarkisini-hazirlayan-muzisyenleri-kabul-etti\/#primaryimage"},"thumbnailUrl":"https:\/\/kuzeyinsesi.org\/wp-content\/uploads\/2024\/04\/tatar-isias-ortak-davamiz-bestesi-2-.jpg","datePublished":"2024-04-29T17:33:44+00:00","author":{"@id":"https:\/\/kuzeyinsesi.org\/#\/schema\/person\/9f859689cdf01485597712386e37f5aa"},"breadcrumb":{"@id":"https:\/\/kuzeyinsesi.org\/index.php\/2024\/04\/29\/cumhurbaskani-tatar-isias-ortak-davamiz-sarkisini-hazirlayan-muzisyenleri-kabul-etti\/#breadcrumb"},"inLanguage":"tr","potentialAction":[{"@type":"ReadAction","target":["https:\/\/kuzeyinsesi.org\/index.php\/2024\/04\/29\/cumhurbaskani-tatar-isias-ortak-davamiz-sarkisini-hazirlayan-muzisyenleri-kabul-etti\/"]}]},{"@type":"ImageObject","inLanguage":"tr","@id":"https:\/\/kuzeyinsesi.org\/index.php\/2024\/04\/29\/cumhurbaskani-tatar-isias-ortak-davamiz-sarkisini-hazirlayan-muzisyenleri-kabul-etti\/#primaryimage","url":"https:\/\/kuzeyinsesi.org\/wp-content\/uploads\/2024\/04\/tatar-isias-ortak-davamiz-bestesi-2-.jpg","contentUrl":"https:\/\/kuzeyinsesi.org\/wp-content\/uploads\/2024\/04\/tatar-isias-ortak-davamiz-bestesi-2-.jpg","width":1600,"height":1066},{"@type":"BreadcrumbList","@id":"https:\/\/kuzeyinsesi.org\/index.php\/2024\/04\/29\/cumhurbaskani-tatar-isias-ortak-davamiz-sarkisini-hazirlayan-muzisyenleri-kabul-etti\/#breadcrumb","itemListElement":[{"@type":"ListItem","position":1,"name":"Anasayfa","item":"https:\/\/kuzeyinsesi.org\/"},{"@type":"ListItem","position":2,"name":"Cumhurba\u015fkan\u0131 Tatar, \u201c\u0130sias Ortak Davam\u0131z\u201d \u015fark\u0131s\u0131n\u0131 haz\u0131rlayan m\u00fczisyenleri kabul etti"}]},{"@type":"WebSite","@id":"https:\/\/kuzeyinsesi.org\/#website","url":"https:\/\/kuzeyinsesi.org\/","name":"Kuzeyin Sesi","description":"Do\u011fru Haberin Adresi","potentialAction":[{"@type":"SearchAction","target":{"@type":"EntryPoint","urlTemplate":"https:\/\/kuzeyinsesi.org\/?s={search_term_string}"},"query-input":{"@type":"PropertyValueSpecification","valueRequired":true,"valueName":"search_term_string"}}],"inLanguage":"tr"},{"@type":"Person","@id":"https:\/\/kuzeyinsesi.org\/#\/schema\/person\/9f859689cdf01485597712386e37f5aa","name":"Kuzeyin Sesi","image":{"@type":"ImageObject","inLanguage":"tr","@id":"https:\/\/secure.gravatar.com\/avatar\/bab33852abfd8b282518d6ed81826833d77c3c882d9ab608add591ccace47a44?s=96&d=mm&r=g","url":"https:\/\/secure.gravatar.com\/avatar\/bab33852abfd8b282518d6ed81826833d77c3c882d9ab608add591ccace47a44?s=96&d=mm&r=g","contentUrl":"https:\/\/secure.gravatar.com\/avatar\/bab33852abfd8b282518d6ed81826833d77c3c882d9ab608add591ccace47a44?s=96&d=mm&r=g","caption":"Kuzeyin Sesi"},"sameAs":["https:\/\/kuzeyinsesi.org"],"url":"https:\/\/kuzeyinsesi.org\/index.php\/author\/guven\/"}]}},"_links":{"self":[{"href":"https:\/\/kuzeyinsesi.org\/index.php\/wp-json\/wp\/v2\/posts\/941","targetHints":{"allow":["GET"]}}],"collection":[{"href":"https:\/\/kuzeyinsesi.org\/index.php\/wp-json\/wp\/v2\/posts"}],"about":[{"href":"https:\/\/kuzeyinsesi.org\/index.php\/wp-json\/wp\/v2\/types\/post"}],"author":[{"embeddable":true,"href":"https:\/\/kuzeyinsesi.org\/index.php\/wp-json\/wp\/v2\/users\/1"}],"replies":[{"embeddable":true,"href":"https:\/\/kuzeyinsesi.org\/index.php\/wp-json\/wp\/v2\/comments?post=941"}],"version-history":[{"count":0,"href":"https:\/\/kuzeyinsesi.org\/index.php\/wp-json\/wp\/v2\/posts\/941\/revisions"}],"wp:featuredmedia":[{"embeddable":true,"href":"https:\/\/kuzeyinsesi.org\/index.php\/wp-json\/wp\/v2\/media\/942"}],"wp:attachment":[{"href":"https:\/\/kuzeyinsesi.org\/index.php\/wp-json\/wp\/v2\/media?parent=941"}],"wp:term":[{"taxonomy":"category","embeddable":true,"href":"https:\/\/kuzeyinsesi.org\/index.php\/wp-json\/wp\/v2\/categories?post=941"},{"taxonomy":"post_tag","embeddable":true,"href":"https:\/\/kuzeyinsesi.org\/index.php\/wp-json\/wp\/v2\/tags?post=941"}],"curies":[{"name":"wp","href":"https:\/\/api.w.org\/{rel}","templated":true}]}}