{"id":9381,"date":"2024-09-08T19:15:07","date_gmt":"2024-09-08T16:15:07","guid":{"rendered":"https:\/\/kuzeyinsesi.org\/index.php\/2024\/09\/08\/renkli-dusler-karma-resim-sergisi-onceki-aksam-gazimagusa-bandabuliyada-acildi\/"},"modified":"2024-09-08T19:15:07","modified_gmt":"2024-09-08T16:15:07","slug":"renkli-dusler-karma-resim-sergisi-onceki-aksam-gazimagusa-bandabuliyada-acildi","status":"publish","type":"post","link":"https:\/\/kuzeyinsesi.org\/index.php\/2024\/09\/08\/renkli-dusler-karma-resim-sergisi-onceki-aksam-gazimagusa-bandabuliyada-acildi\/","title":{"rendered":"Renkli D\u00fc\u015fler Karma Resim Sergisi \u00f6nceki ak\u015fam Gazima\u011fusa Bandabuliya\u2019da a\u00e7\u0131ld\u0131"},"content":{"rendered":"<div>\n<div class=\"mariselle-image-container center\">\n                                            <\/div>\n<p>\nZ\u00fchre \u00d6zkaraman k\u00fcrat\u00f6rl\u00fc\u011f\u00fcnde d\u00fczenlenen Renkli D\u00fc\u015fler Karma Resim Sergisi \u00f6nceki ak\u015fam Gazima\u011fusa Bandabuliya\u2019da a\u00e7\u0131ld\u0131.<\/p>\n<p>Mavi F\u0131r\u00e7a Sanat Evi taraf\u0131ndan d\u00fczenlenen iki ayl\u0131k Yarat\u0131c\u0131l\u0131\u011f\u0131 Geli\u015ftirme ve Resim Kursu ard\u0131ndan ortaya \u00e7\u0131kan 136 eserin yer ald\u0131\u011f\u0131 serginin a\u00e7\u0131l\u0131\u015f\u0131na, Gazima\u011fusa Belediye Ba\u015fkan\u0131 S\u00fcleyman Ulu\u00e7ay da kat\u0131ld\u0131.<\/p>\n<p>En k\u00fc\u00e7\u00fc\u011f\u00fc 5, en b\u00fcy\u00fc\u011f\u00fc 17 ya\u015f\u0131nda olan 18 kat\u0131l\u0131mc\u0131n\u0131n eserlerinin yer ald\u0131\u011f\u0131 sergi 6-13 Eyl\u00fcl tarihleri aras\u0131nda Gazima\u011fusa Bandabuliya\u2019da ziyaret edilebilecek.<\/p>\n<p>Gazima\u011fusa Belediye Ba\u015fkan\u0131 S\u00fcleyman Ulu\u00e7ay a\u00e7\u0131l\u0131\u015fta yapt\u0131\u011f\u0131 konu\u015fmada, \u00e7ocuklar\u0131n eserlerinin yer ald\u0131\u011f\u0131 bir serginin a\u00e7\u0131l\u0131\u015f\u0131na kat\u0131lmaktan duydu\u011fu memnuniyeti dile getirerek, \u201c\u00c7ocuklar bizim her \u015feyimiz, gelece\u011fimiz\u201d dedi.<\/p>\n<p>Son yap\u0131lan d\u00fczenlemelerle Gazima\u011fusa Bandabuliya\u2019n\u0131n art\u0131k tan\u0131nan bir sanat merkezi haline geldi\u011fine i\u015faret eden Ulu\u00e7ay, sayg\u0131, sevgi, bar\u0131\u015f \u015fehri Gazima\u011fusa\u2019da \u00e7ocuklar\u0131n yaratt\u0131\u011f\u0131 eserleri g\u00f6rmenin bamba\u015fka bir duygu oldu\u011funu s\u00f6yledi. Ulu\u00e7ay, Z\u00fchre \u00d6zkaraman\u2019a katk\u0131lar\u0131ndan dolay\u0131 te\u015fekk\u00fcr etti.<\/p>\n<p>Renkli D\u00fc\u015fler Karma Resim Sergisi yarat\u0131c\u0131s\u0131 sanat\u00e7\u0131 Z\u00fchre \u00d6zkaraman da a\u00e7\u0131l\u0131\u015fta yapt\u0131\u011f\u0131 konu\u015fmada, Mavi F\u0131r\u00e7a Sanat Evi\u2019nin Gazima\u011fusa Suri\u00e7i\u2019nde k\u00fc\u00e7\u00fcc\u00fck bir hayal olarak ba\u015flad\u0131\u011f\u0131n\u0131 ve bug\u00fcn 25 ya\u015f\u0131nda olduklar\u0131n\u0131 anlatt\u0131.<\/p>\n<p>Hayalini ger\u00e7ekle\u015ftirmesine katk\u0131 koyan herkese te\u015fekk\u00fcr eden \u00d6zkaraman, \u201cMavi kalbi y\u00fcreklendirir. Akdeniz\u2019in rengi, umudun, ya\u015fam\u0131n rengidir mavi. Mavi F\u0131r\u00e7a ailesi olarak sanat\u0131n iyile\u015fme g\u00fcc\u00fcne hep inand\u0131k\u201d dedi.<\/p>\n<p>Sergide resim \u00e7izmeye g\u00f6n\u00fcl vermi\u015f en k\u00fc\u00e7\u00fc\u011f\u00fc 5, en b\u00fcy\u00fc\u011f\u00fc 17 ya\u015f\u0131ndaki \u00e7ocuklar\u0131n, gen\u00e7lerin iki ayda \u00fcretti\u011fi 136 eserin sergilenece\u011fini ifade eden \u00d6zkaraman, y\u0131lmadan b\u00fcy\u00fck \u00f6zveriyle sanata destek veren aileleri de tebrik etti.<\/p>\n<p>\u00d6zkaraman, Bandabuliya \u00e7al\u0131\u015fanlar\u0131na ve sergiye katk\u0131 koyan herkese te\u015fekk\u00fcr etti.<\/p>\n<p>Konu\u015fmalar ard\u0131ndan \u00e7ocuklara sertifikalar\u0131 da\u011f\u0131t\u0131larak, serginin a\u00e7\u0131l\u0131\u015f\u0131 k\u00fc\u00e7\u00fck ve gen\u00e7 sanat\u00e7\u0131larla yap\u0131ld\u0131.<\/p>\n<div class=\"mariselle-image-container center\">\n                <img decoding=\"async\" width=\"1274\" height=\"897\" class=\"lazy-image\" alt=\"\" sizes=\"(max-width: 1274px) 100vw, 1274px\" src=\"https:\/\/brtk.net\/wp-content\/uploads\/2024\/09\/08\/tamam-4.jpeg?ver=66accf74780eb2711f2a62b2c638b610\" srcset=\"https:\/\/brtk.net\/wp-content\/uploads\/2024\/09\/08\/tamam-4.jpeg?ver=66accf74780eb2711f2a62b2c638b610 1274w, https:\/\/brtk.net\/wp-content\/uploads\/2024\/09\/08\/tamam-4-300x211.jpeg?ver=069070d0d5eb6627de392af31128733f 300w, https:\/\/brtk.net\/wp-content\/uploads\/2024\/09\/08\/tamam-4-1024x721.jpeg?ver=069070d0d5eb6627de392af31128733f 1024w, https:\/\/brtk.net\/wp-content\/uploads\/2024\/09\/08\/tamam-4-768x541.jpeg?ver=069070d0d5eb6627de392af31128733f 768w\"\/>                            <\/div><\/div>\n<p><script async\n                    defer\n                    crossorigin=\"anonymous\"\n                    src=\"https:\/\/connect.facebook.net\/tr_TR\/sdk.js#xfbml=1&#038;version=v3.3\"\n            ><\/script><\/p>\n","protected":false},"excerpt":{"rendered":"<p>Z\u00fchre \u00d6zkaraman k\u00fcrat\u00f6rl\u00fc\u011f\u00fcnde d\u00fczenlenen Renkli D\u00fc\u015fler Karma Resim Sergisi \u00f6nceki ak\u015fam Gazima\u011fusa Bandabuliya\u2019da a\u00e7\u0131ld\u0131. Mavi F\u0131r\u00e7a Sanat Evi taraf\u0131ndan d\u00fczenlenen iki ayl\u0131k Yarat\u0131c\u0131l\u0131\u011f\u0131 Geli\u015ftirme ve Resim Kursu ard\u0131ndan ortaya \u00e7\u0131kan 136 eserin yer ald\u0131\u011f\u0131 serginin a\u00e7\u0131l\u0131\u015f\u0131na, Gazima\u011fusa Belediye Ba\u015fkan\u0131 S\u00fcleyman Ulu\u00e7ay da kat\u0131ld\u0131. En k\u00fc\u00e7\u00fc\u011f\u00fc 5, en b\u00fcy\u00fc\u011f\u00fc 17 ya\u015f\u0131nda olan 18 kat\u0131l\u0131mc\u0131n\u0131n eserlerinin yer [&hellip;]<\/p>\n","protected":false},"author":1,"featured_media":9382,"comment_status":"open","ping_status":"open","sticky":false,"template":"","format":"standard","meta":{"jnews-multi-image_gallery":[],"jnews_single_post":[],"jnews_primary_category":[],"jnews_social_meta":[],"jnews_override_counter":[],"footnotes":""},"categories":[6],"tags":[],"class_list":["post-9381","post","type-post","status-publish","format-standard","has-post-thumbnail","hentry","category-yasam"],"yoast_head":"<!-- This site is optimized with the Yoast SEO plugin v27.5 - https:\/\/yoast.com\/product\/yoast-seo-wordpress\/ -->\n<title>Renkli D\u00fc\u015fler Karma Resim Sergisi \u00f6nceki ak\u015fam Gazima\u011fusa Bandabuliya\u2019da a\u00e7\u0131ld\u0131 - Kuzeyin Sesi<\/title>\n<meta name=\"robots\" content=\"index, follow, max-snippet:-1, max-image-preview:large, max-video-preview:-1\" \/>\n<link rel=\"canonical\" href=\"https:\/\/kuzeyinsesi.org\/index.php\/2024\/09\/08\/renkli-dusler-karma-resim-sergisi-onceki-aksam-gazimagusa-bandabuliyada-acildi\/\" \/>\n<meta property=\"og:locale\" content=\"tr_TR\" \/>\n<meta property=\"og:type\" content=\"article\" \/>\n<meta property=\"og:title\" content=\"Renkli D\u00fc\u015fler Karma Resim Sergisi \u00f6nceki ak\u015fam Gazima\u011fusa Bandabuliya\u2019da a\u00e7\u0131ld\u0131 - Kuzeyin Sesi\" \/>\n<meta property=\"og:description\" content=\"Z\u00fchre \u00d6zkaraman k\u00fcrat\u00f6rl\u00fc\u011f\u00fcnde d\u00fczenlenen Renkli D\u00fc\u015fler Karma Resim Sergisi \u00f6nceki ak\u015fam Gazima\u011fusa Bandabuliya\u2019da a\u00e7\u0131ld\u0131. Mavi F\u0131r\u00e7a Sanat Evi taraf\u0131ndan d\u00fczenlenen iki ayl\u0131k Yarat\u0131c\u0131l\u0131\u011f\u0131 Geli\u015ftirme ve Resim Kursu ard\u0131ndan ortaya \u00e7\u0131kan 136 eserin yer ald\u0131\u011f\u0131 serginin a\u00e7\u0131l\u0131\u015f\u0131na, Gazima\u011fusa Belediye Ba\u015fkan\u0131 S\u00fcleyman Ulu\u00e7ay da kat\u0131ld\u0131. En k\u00fc\u00e7\u00fc\u011f\u00fc 5, en b\u00fcy\u00fc\u011f\u00fc 17 ya\u015f\u0131nda olan 18 kat\u0131l\u0131mc\u0131n\u0131n eserlerinin yer [&hellip;]\" \/>\n<meta property=\"og:url\" content=\"https:\/\/kuzeyinsesi.org\/index.php\/2024\/09\/08\/renkli-dusler-karma-resim-sergisi-onceki-aksam-gazimagusa-bandabuliyada-acildi\/\" \/>\n<meta property=\"og:site_name\" content=\"Kuzeyin Sesi\" \/>\n<meta property=\"article:publisher\" content=\"https:\/\/www.facebook.com\/kuzeyinsesii\" \/>\n<meta property=\"article:published_time\" content=\"2024-09-08T16:15:07+00:00\" \/>\n<meta property=\"og:image\" content=\"https:\/\/brtk.net\/wp-content\/uploads\/2024\/09\/08\/tamam-3.jpeg?ver=0195b1f98f0518c59412c66bf464c4bc\" \/>\n<meta name=\"author\" content=\"Kuzeyin Sesi\" \/>\n<meta name=\"twitter:card\" content=\"summary_large_image\" \/>\n<meta name=\"twitter:creator\" content=\"@kuzeyinsesii\" \/>\n<meta name=\"twitter:site\" content=\"@kuzeyinsesii\" \/>\n<meta name=\"twitter:label1\" content=\"Yazan:\" \/>\n\t<meta name=\"twitter:data1\" content=\"Kuzeyin Sesi\" \/>\n\t<meta name=\"twitter:label2\" content=\"Tahmini okuma s\u00fcresi\" \/>\n\t<meta name=\"twitter:data2\" content=\"2 dakika\" \/>\n<script type=\"application\/ld+json\" class=\"yoast-schema-graph\">{\"@context\":\"https:\\\/\\\/schema.org\",\"@graph\":[{\"@type\":\"Article\",\"@id\":\"https:\\\/\\\/kuzeyinsesi.org\\\/index.php\\\/2024\\\/09\\\/08\\\/renkli-dusler-karma-resim-sergisi-onceki-aksam-gazimagusa-bandabuliyada-acildi\\\/#article\",\"isPartOf\":{\"@id\":\"https:\\\/\\\/kuzeyinsesi.org\\\/index.php\\\/2024\\\/09\\\/08\\\/renkli-dusler-karma-resim-sergisi-onceki-aksam-gazimagusa-bandabuliyada-acildi\\\/\"},\"author\":{\"name\":\"Kuzeyin Sesi\",\"@id\":\"https:\\\/\\\/kuzeyinsesi.org\\\/#\\\/schema\\\/person\\\/9f859689cdf01485597712386e37f5aa\"},\"headline\":\"Renkli D\u00fc\u015fler Karma Resim Sergisi \u00f6nceki ak\u015fam Gazima\u011fusa Bandabuliya\u2019da a\u00e7\u0131ld\u0131\",\"datePublished\":\"2024-09-08T16:15:07+00:00\",\"mainEntityOfPage\":{\"@id\":\"https:\\\/\\\/kuzeyinsesi.org\\\/index.php\\\/2024\\\/09\\\/08\\\/renkli-dusler-karma-resim-sergisi-onceki-aksam-gazimagusa-bandabuliyada-acildi\\\/\"},\"wordCount\":377,\"commentCount\":0,\"image\":{\"@id\":\"https:\\\/\\\/kuzeyinsesi.org\\\/index.php\\\/2024\\\/09\\\/08\\\/renkli-dusler-karma-resim-sergisi-onceki-aksam-gazimagusa-bandabuliyada-acildi\\\/#primaryimage\"},\"thumbnailUrl\":\"https:\\\/\\\/kuzeyinsesi.org\\\/wp-content\\\/uploads\\\/2024\\\/09\\\/tamam-4.jpeg\",\"articleSection\":[\"Ya\u015fam\"],\"inLanguage\":\"tr\",\"potentialAction\":[{\"@type\":\"CommentAction\",\"name\":\"Comment\",\"target\":[\"https:\\\/\\\/kuzeyinsesi.org\\\/index.php\\\/2024\\\/09\\\/08\\\/renkli-dusler-karma-resim-sergisi-onceki-aksam-gazimagusa-bandabuliyada-acildi\\\/#respond\"]}]},{\"@type\":\"WebPage\",\"@id\":\"https:\\\/\\\/kuzeyinsesi.org\\\/index.php\\\/2024\\\/09\\\/08\\\/renkli-dusler-karma-resim-sergisi-onceki-aksam-gazimagusa-bandabuliyada-acildi\\\/\",\"url\":\"https:\\\/\\\/kuzeyinsesi.org\\\/index.php\\\/2024\\\/09\\\/08\\\/renkli-dusler-karma-resim-sergisi-onceki-aksam-gazimagusa-bandabuliyada-acildi\\\/\",\"name\":\"Renkli D\u00fc\u015fler Karma Resim Sergisi \u00f6nceki ak\u015fam Gazima\u011fusa Bandabuliya\u2019da a\u00e7\u0131ld\u0131 - Kuzeyin Sesi\",\"isPartOf\":{\"@id\":\"https:\\\/\\\/kuzeyinsesi.org\\\/#website\"},\"primaryImageOfPage\":{\"@id\":\"https:\\\/\\\/kuzeyinsesi.org\\\/index.php\\\/2024\\\/09\\\/08\\\/renkli-dusler-karma-resim-sergisi-onceki-aksam-gazimagusa-bandabuliyada-acildi\\\/#primaryimage\"},\"image\":{\"@id\":\"https:\\\/\\\/kuzeyinsesi.org\\\/index.php\\\/2024\\\/09\\\/08\\\/renkli-dusler-karma-resim-sergisi-onceki-aksam-gazimagusa-bandabuliyada-acildi\\\/#primaryimage\"},\"thumbnailUrl\":\"https:\\\/\\\/kuzeyinsesi.org\\\/wp-content\\\/uploads\\\/2024\\\/09\\\/tamam-4.jpeg\",\"datePublished\":\"2024-09-08T16:15:07+00:00\",\"author\":{\"@id\":\"https:\\\/\\\/kuzeyinsesi.org\\\/#\\\/schema\\\/person\\\/9f859689cdf01485597712386e37f5aa\"},\"breadcrumb\":{\"@id\":\"https:\\\/\\\/kuzeyinsesi.org\\\/index.php\\\/2024\\\/09\\\/08\\\/renkli-dusler-karma-resim-sergisi-onceki-aksam-gazimagusa-bandabuliyada-acildi\\\/#breadcrumb\"},\"inLanguage\":\"tr\",\"potentialAction\":[{\"@type\":\"ReadAction\",\"target\":[\"https:\\\/\\\/kuzeyinsesi.org\\\/index.php\\\/2024\\\/09\\\/08\\\/renkli-dusler-karma-resim-sergisi-onceki-aksam-gazimagusa-bandabuliyada-acildi\\\/\"]}]},{\"@type\":\"ImageObject\",\"inLanguage\":\"tr\",\"@id\":\"https:\\\/\\\/kuzeyinsesi.org\\\/index.php\\\/2024\\\/09\\\/08\\\/renkli-dusler-karma-resim-sergisi-onceki-aksam-gazimagusa-bandabuliyada-acildi\\\/#primaryimage\",\"url\":\"https:\\\/\\\/kuzeyinsesi.org\\\/wp-content\\\/uploads\\\/2024\\\/09\\\/tamam-4.jpeg\",\"contentUrl\":\"https:\\\/\\\/kuzeyinsesi.org\\\/wp-content\\\/uploads\\\/2024\\\/09\\\/tamam-4.jpeg\",\"width\":1274,\"height\":897},{\"@type\":\"BreadcrumbList\",\"@id\":\"https:\\\/\\\/kuzeyinsesi.org\\\/index.php\\\/2024\\\/09\\\/08\\\/renkli-dusler-karma-resim-sergisi-onceki-aksam-gazimagusa-bandabuliyada-acildi\\\/#breadcrumb\",\"itemListElement\":[{\"@type\":\"ListItem\",\"position\":1,\"name\":\"Anasayfa\",\"item\":\"https:\\\/\\\/kuzeyinsesi.org\\\/\"},{\"@type\":\"ListItem\",\"position\":2,\"name\":\"Renkli D\u00fc\u015fler Karma Resim Sergisi \u00f6nceki ak\u015fam Gazima\u011fusa Bandabuliya\u2019da a\u00e7\u0131ld\u0131\"}]},{\"@type\":\"WebSite\",\"@id\":\"https:\\\/\\\/kuzeyinsesi.org\\\/#website\",\"url\":\"https:\\\/\\\/kuzeyinsesi.org\\\/\",\"name\":\"Kuzeyin Sesi\",\"description\":\"Do\u011fru Haberin Adresi\",\"potentialAction\":[{\"@type\":\"SearchAction\",\"target\":{\"@type\":\"EntryPoint\",\"urlTemplate\":\"https:\\\/\\\/kuzeyinsesi.org\\\/?s={search_term_string}\"},\"query-input\":{\"@type\":\"PropertyValueSpecification\",\"valueRequired\":true,\"valueName\":\"search_term_string\"}}],\"inLanguage\":\"tr\"},{\"@type\":\"Person\",\"@id\":\"https:\\\/\\\/kuzeyinsesi.org\\\/#\\\/schema\\\/person\\\/9f859689cdf01485597712386e37f5aa\",\"name\":\"Kuzeyin Sesi\",\"image\":{\"@type\":\"ImageObject\",\"inLanguage\":\"tr\",\"@id\":\"https:\\\/\\\/secure.gravatar.com\\\/avatar\\\/bab33852abfd8b282518d6ed81826833d77c3c882d9ab608add591ccace47a44?s=96&d=mm&r=g\",\"url\":\"https:\\\/\\\/secure.gravatar.com\\\/avatar\\\/bab33852abfd8b282518d6ed81826833d77c3c882d9ab608add591ccace47a44?s=96&d=mm&r=g\",\"contentUrl\":\"https:\\\/\\\/secure.gravatar.com\\\/avatar\\\/bab33852abfd8b282518d6ed81826833d77c3c882d9ab608add591ccace47a44?s=96&d=mm&r=g\",\"caption\":\"Kuzeyin Sesi\"},\"sameAs\":[\"https:\\\/\\\/kuzeyinsesi.org\"],\"url\":\"https:\\\/\\\/kuzeyinsesi.org\\\/index.php\\\/author\\\/guven\\\/\"}]}<\/script>\n<!-- \/ Yoast SEO plugin. -->","yoast_head_json":{"title":"Renkli D\u00fc\u015fler Karma Resim Sergisi \u00f6nceki ak\u015fam Gazima\u011fusa Bandabuliya\u2019da a\u00e7\u0131ld\u0131 - Kuzeyin Sesi","robots":{"index":"index","follow":"follow","max-snippet":"max-snippet:-1","max-image-preview":"max-image-preview:large","max-video-preview":"max-video-preview:-1"},"canonical":"https:\/\/kuzeyinsesi.org\/index.php\/2024\/09\/08\/renkli-dusler-karma-resim-sergisi-onceki-aksam-gazimagusa-bandabuliyada-acildi\/","og_locale":"tr_TR","og_type":"article","og_title":"Renkli D\u00fc\u015fler Karma Resim Sergisi \u00f6nceki ak\u015fam Gazima\u011fusa Bandabuliya\u2019da a\u00e7\u0131ld\u0131 - Kuzeyin Sesi","og_description":"Z\u00fchre \u00d6zkaraman k\u00fcrat\u00f6rl\u00fc\u011f\u00fcnde d\u00fczenlenen Renkli D\u00fc\u015fler Karma Resim Sergisi \u00f6nceki ak\u015fam Gazima\u011fusa Bandabuliya\u2019da a\u00e7\u0131ld\u0131. Mavi F\u0131r\u00e7a Sanat Evi taraf\u0131ndan d\u00fczenlenen iki ayl\u0131k Yarat\u0131c\u0131l\u0131\u011f\u0131 Geli\u015ftirme ve Resim Kursu ard\u0131ndan ortaya \u00e7\u0131kan 136 eserin yer ald\u0131\u011f\u0131 serginin a\u00e7\u0131l\u0131\u015f\u0131na, Gazima\u011fusa Belediye Ba\u015fkan\u0131 S\u00fcleyman Ulu\u00e7ay da kat\u0131ld\u0131. En k\u00fc\u00e7\u00fc\u011f\u00fc 5, en b\u00fcy\u00fc\u011f\u00fc 17 ya\u015f\u0131nda olan 18 kat\u0131l\u0131mc\u0131n\u0131n eserlerinin yer [&hellip;]","og_url":"https:\/\/kuzeyinsesi.org\/index.php\/2024\/09\/08\/renkli-dusler-karma-resim-sergisi-onceki-aksam-gazimagusa-bandabuliyada-acildi\/","og_site_name":"Kuzeyin Sesi","article_publisher":"https:\/\/www.facebook.com\/kuzeyinsesii","article_published_time":"2024-09-08T16:15:07+00:00","og_image":[{"url":"https:\/\/brtk.net\/wp-content\/uploads\/2024\/09\/08\/tamam-3.jpeg?ver=0195b1f98f0518c59412c66bf464c4bc","type":"","width":"","height":""}],"author":"Kuzeyin Sesi","twitter_card":"summary_large_image","twitter_creator":"@kuzeyinsesii","twitter_site":"@kuzeyinsesii","twitter_misc":{"Yazan:":"Kuzeyin Sesi","Tahmini okuma s\u00fcresi":"2 dakika"},"schema":{"@context":"https:\/\/schema.org","@graph":[{"@type":"Article","@id":"https:\/\/kuzeyinsesi.org\/index.php\/2024\/09\/08\/renkli-dusler-karma-resim-sergisi-onceki-aksam-gazimagusa-bandabuliyada-acildi\/#article","isPartOf":{"@id":"https:\/\/kuzeyinsesi.org\/index.php\/2024\/09\/08\/renkli-dusler-karma-resim-sergisi-onceki-aksam-gazimagusa-bandabuliyada-acildi\/"},"author":{"name":"Kuzeyin Sesi","@id":"https:\/\/kuzeyinsesi.org\/#\/schema\/person\/9f859689cdf01485597712386e37f5aa"},"headline":"Renkli D\u00fc\u015fler Karma Resim Sergisi \u00f6nceki ak\u015fam Gazima\u011fusa Bandabuliya\u2019da a\u00e7\u0131ld\u0131","datePublished":"2024-09-08T16:15:07+00:00","mainEntityOfPage":{"@id":"https:\/\/kuzeyinsesi.org\/index.php\/2024\/09\/08\/renkli-dusler-karma-resim-sergisi-onceki-aksam-gazimagusa-bandabuliyada-acildi\/"},"wordCount":377,"commentCount":0,"image":{"@id":"https:\/\/kuzeyinsesi.org\/index.php\/2024\/09\/08\/renkli-dusler-karma-resim-sergisi-onceki-aksam-gazimagusa-bandabuliyada-acildi\/#primaryimage"},"thumbnailUrl":"https:\/\/kuzeyinsesi.org\/wp-content\/uploads\/2024\/09\/tamam-4.jpeg","articleSection":["Ya\u015fam"],"inLanguage":"tr","potentialAction":[{"@type":"CommentAction","name":"Comment","target":["https:\/\/kuzeyinsesi.org\/index.php\/2024\/09\/08\/renkli-dusler-karma-resim-sergisi-onceki-aksam-gazimagusa-bandabuliyada-acildi\/#respond"]}]},{"@type":"WebPage","@id":"https:\/\/kuzeyinsesi.org\/index.php\/2024\/09\/08\/renkli-dusler-karma-resim-sergisi-onceki-aksam-gazimagusa-bandabuliyada-acildi\/","url":"https:\/\/kuzeyinsesi.org\/index.php\/2024\/09\/08\/renkli-dusler-karma-resim-sergisi-onceki-aksam-gazimagusa-bandabuliyada-acildi\/","name":"Renkli D\u00fc\u015fler Karma Resim Sergisi \u00f6nceki ak\u015fam Gazima\u011fusa Bandabuliya\u2019da a\u00e7\u0131ld\u0131 - Kuzeyin Sesi","isPartOf":{"@id":"https:\/\/kuzeyinsesi.org\/#website"},"primaryImageOfPage":{"@id":"https:\/\/kuzeyinsesi.org\/index.php\/2024\/09\/08\/renkli-dusler-karma-resim-sergisi-onceki-aksam-gazimagusa-bandabuliyada-acildi\/#primaryimage"},"image":{"@id":"https:\/\/kuzeyinsesi.org\/index.php\/2024\/09\/08\/renkli-dusler-karma-resim-sergisi-onceki-aksam-gazimagusa-bandabuliyada-acildi\/#primaryimage"},"thumbnailUrl":"https:\/\/kuzeyinsesi.org\/wp-content\/uploads\/2024\/09\/tamam-4.jpeg","datePublished":"2024-09-08T16:15:07+00:00","author":{"@id":"https:\/\/kuzeyinsesi.org\/#\/schema\/person\/9f859689cdf01485597712386e37f5aa"},"breadcrumb":{"@id":"https:\/\/kuzeyinsesi.org\/index.php\/2024\/09\/08\/renkli-dusler-karma-resim-sergisi-onceki-aksam-gazimagusa-bandabuliyada-acildi\/#breadcrumb"},"inLanguage":"tr","potentialAction":[{"@type":"ReadAction","target":["https:\/\/kuzeyinsesi.org\/index.php\/2024\/09\/08\/renkli-dusler-karma-resim-sergisi-onceki-aksam-gazimagusa-bandabuliyada-acildi\/"]}]},{"@type":"ImageObject","inLanguage":"tr","@id":"https:\/\/kuzeyinsesi.org\/index.php\/2024\/09\/08\/renkli-dusler-karma-resim-sergisi-onceki-aksam-gazimagusa-bandabuliyada-acildi\/#primaryimage","url":"https:\/\/kuzeyinsesi.org\/wp-content\/uploads\/2024\/09\/tamam-4.jpeg","contentUrl":"https:\/\/kuzeyinsesi.org\/wp-content\/uploads\/2024\/09\/tamam-4.jpeg","width":1274,"height":897},{"@type":"BreadcrumbList","@id":"https:\/\/kuzeyinsesi.org\/index.php\/2024\/09\/08\/renkli-dusler-karma-resim-sergisi-onceki-aksam-gazimagusa-bandabuliyada-acildi\/#breadcrumb","itemListElement":[{"@type":"ListItem","position":1,"name":"Anasayfa","item":"https:\/\/kuzeyinsesi.org\/"},{"@type":"ListItem","position":2,"name":"Renkli D\u00fc\u015fler Karma Resim Sergisi \u00f6nceki ak\u015fam Gazima\u011fusa Bandabuliya\u2019da a\u00e7\u0131ld\u0131"}]},{"@type":"WebSite","@id":"https:\/\/kuzeyinsesi.org\/#website","url":"https:\/\/kuzeyinsesi.org\/","name":"Kuzeyin Sesi","description":"Do\u011fru Haberin Adresi","potentialAction":[{"@type":"SearchAction","target":{"@type":"EntryPoint","urlTemplate":"https:\/\/kuzeyinsesi.org\/?s={search_term_string}"},"query-input":{"@type":"PropertyValueSpecification","valueRequired":true,"valueName":"search_term_string"}}],"inLanguage":"tr"},{"@type":"Person","@id":"https:\/\/kuzeyinsesi.org\/#\/schema\/person\/9f859689cdf01485597712386e37f5aa","name":"Kuzeyin Sesi","image":{"@type":"ImageObject","inLanguage":"tr","@id":"https:\/\/secure.gravatar.com\/avatar\/bab33852abfd8b282518d6ed81826833d77c3c882d9ab608add591ccace47a44?s=96&d=mm&r=g","url":"https:\/\/secure.gravatar.com\/avatar\/bab33852abfd8b282518d6ed81826833d77c3c882d9ab608add591ccace47a44?s=96&d=mm&r=g","contentUrl":"https:\/\/secure.gravatar.com\/avatar\/bab33852abfd8b282518d6ed81826833d77c3c882d9ab608add591ccace47a44?s=96&d=mm&r=g","caption":"Kuzeyin Sesi"},"sameAs":["https:\/\/kuzeyinsesi.org"],"url":"https:\/\/kuzeyinsesi.org\/index.php\/author\/guven\/"}]}},"_links":{"self":[{"href":"https:\/\/kuzeyinsesi.org\/index.php\/wp-json\/wp\/v2\/posts\/9381","targetHints":{"allow":["GET"]}}],"collection":[{"href":"https:\/\/kuzeyinsesi.org\/index.php\/wp-json\/wp\/v2\/posts"}],"about":[{"href":"https:\/\/kuzeyinsesi.org\/index.php\/wp-json\/wp\/v2\/types\/post"}],"author":[{"embeddable":true,"href":"https:\/\/kuzeyinsesi.org\/index.php\/wp-json\/wp\/v2\/users\/1"}],"replies":[{"embeddable":true,"href":"https:\/\/kuzeyinsesi.org\/index.php\/wp-json\/wp\/v2\/comments?post=9381"}],"version-history":[{"count":0,"href":"https:\/\/kuzeyinsesi.org\/index.php\/wp-json\/wp\/v2\/posts\/9381\/revisions"}],"wp:featuredmedia":[{"embeddable":true,"href":"https:\/\/kuzeyinsesi.org\/index.php\/wp-json\/wp\/v2\/media\/9382"}],"wp:attachment":[{"href":"https:\/\/kuzeyinsesi.org\/index.php\/wp-json\/wp\/v2\/media?parent=9381"}],"wp:term":[{"taxonomy":"category","embeddable":true,"href":"https:\/\/kuzeyinsesi.org\/index.php\/wp-json\/wp\/v2\/categories?post=9381"},{"taxonomy":"post_tag","embeddable":true,"href":"https:\/\/kuzeyinsesi.org\/index.php\/wp-json\/wp\/v2\/tags?post=9381"}],"curies":[{"name":"wp","href":"https:\/\/api.w.org\/{rel}","templated":true}]}}