{"id":9357,"date":"2024-09-08T11:05:41","date_gmt":"2024-09-08T08:05:41","guid":{"rendered":"https:\/\/kuzeyinsesi.org\/index.php\/2024\/09\/08\/4-vintage-antika-pazari-girne-arkin-group-fest24-kapsaminda-dun-gerceklestirildi\/"},"modified":"2024-09-08T11:05:41","modified_gmt":"2024-09-08T08:05:41","slug":"4-vintage-antika-pazari-girne-arkin-group-fest24-kapsaminda-dun-gerceklestirildi","status":"publish","type":"post","link":"https:\/\/kuzeyinsesi.org\/index.php\/2024\/09\/08\/4-vintage-antika-pazari-girne-arkin-group-fest24-kapsaminda-dun-gerceklestirildi\/","title":{"rendered":"4. Vintage &amp; Antika Pazar\u0131, Girne Ark\u0131n Group Fest24 kapsam\u0131nda d\u00fcn ger\u00e7ekle\u015ftirildi"},"content":{"rendered":"<div>\n<div class=\"mariselle-image-container center\">\n                                            <\/div>\n<p>4. Vintage &amp; Antika Pazar\u0131, Girne Ark\u0131n Group Fest24 kapsam\u0131nda d\u00fcn ger\u00e7ekle\u015ftirildi.<\/p>\n<p>Girne Belediyesi\u2019nden verilen bilgiye g\u00f6re, Girne Belediyesi ev sahipli\u011finde, Ramadan Cemil Meydan\u0131\u2019nda 10.00\u2019da ba\u015flayan etkinlik, ak\u015fam 20.00\u2019ye kadar devam etti.<\/p>\n<p>\u00d6zel vintage \u00fcr\u00fcnler ve antika objelerin yer ald\u0131\u011f\u0131 etkinlikte, yiyecek ve i\u00e7ecek stantlar\u0131 kuruldu, antika \u00fcr\u00fcn m\u00fczayedesi ger\u00e7ekle\u015ftirildi.<\/p>\n<p>-10 Eyl\u00fcl\u2019de The Healers Reggae Band, 11 Eyl\u00fcl\u2019de Tart\u00fcf 24<\/p>\n<p>Girne Ark\u0131n Group Fest 24 kapsam\u0131nda 10 Eyl\u00fcl Sal\u0131 g\u00fcn\u00fc The Healers Reggae Band konseri yap\u0131lacak.  Konser, saat 20.00\u2019de Liman Kordonboyu Sahne\u2019de ba\u015flayacak. Festival kapsam\u0131nda ayr\u0131ca Lefko\u015fa Belediye Tiyatrosu taraf\u0131ndan sergilenecek \u2018Tart\u00fcf 24\u2019 adl\u0131 oyun, 11 Eyl\u00fcl \u00c7ar\u015famba ak\u015fam\u0131, saat 21.00\u2019de Girne Amfitiyatro\u2019da tiyatro severlerle bulu\u015facak.<\/p>\n<\/p><\/div>\n<p><script async\n                    defer\n                    crossorigin=\"anonymous\"\n                    src=\"https:\/\/connect.facebook.net\/tr_TR\/sdk.js#xfbml=1&#038;version=v3.3\"\n            ><\/script><\/p>\n","protected":false},"excerpt":{"rendered":"<p>4. Vintage &amp; Antika Pazar\u0131, Girne Ark\u0131n Group Fest24 kapsam\u0131nda d\u00fcn ger\u00e7ekle\u015ftirildi. Girne Belediyesi\u2019nden verilen bilgiye g\u00f6re, Girne Belediyesi ev sahipli\u011finde, Ramadan Cemil Meydan\u0131\u2019nda 10.00\u2019da ba\u015flayan etkinlik, ak\u015fam 20.00\u2019ye kadar devam etti. \u00d6zel vintage \u00fcr\u00fcnler ve antika objelerin yer ald\u0131\u011f\u0131 etkinlikte, yiyecek ve i\u00e7ecek stantlar\u0131 kuruldu, antika \u00fcr\u00fcn m\u00fczayedesi ger\u00e7ekle\u015ftirildi. -10 Eyl\u00fcl\u2019de The Healers Reggae [&hellip;]<\/p>\n","protected":false},"author":1,"featured_media":9358,"comment_status":"open","ping_status":"open","sticky":false,"template":"","format":"standard","meta":{"jnews-multi-image_gallery":[],"jnews_single_post":[],"jnews_primary_category":[],"jnews_social_meta":[],"jnews_override_counter":[],"footnotes":""},"categories":[6],"tags":[],"class_list":["post-9357","post","type-post","status-publish","format-standard","has-post-thumbnail","hentry","category-yasam"],"yoast_head":"<!-- This site is optimized with the Yoast SEO plugin v27.5 - https:\/\/yoast.com\/product\/yoast-seo-wordpress\/ -->\n<title>4. Vintage &amp; Antika Pazar\u0131, Girne Ark\u0131n Group Fest24 kapsam\u0131nda d\u00fcn ger\u00e7ekle\u015ftirildi - Kuzeyin Sesi<\/title>\n<meta name=\"robots\" content=\"index, follow, max-snippet:-1, max-image-preview:large, max-video-preview:-1\" \/>\n<link rel=\"canonical\" href=\"https:\/\/kuzeyinsesi.org\/index.php\/2024\/09\/08\/4-vintage-antika-pazari-girne-arkin-group-fest24-kapsaminda-dun-gerceklestirildi\/\" \/>\n<meta property=\"og:locale\" content=\"tr_TR\" \/>\n<meta property=\"og:type\" content=\"article\" \/>\n<meta property=\"og:title\" content=\"4. Vintage &amp; Antika Pazar\u0131, Girne Ark\u0131n Group Fest24 kapsam\u0131nda d\u00fcn ger\u00e7ekle\u015ftirildi - Kuzeyin Sesi\" \/>\n<meta property=\"og:description\" content=\"4. Vintage &amp; Antika Pazar\u0131, Girne Ark\u0131n Group Fest24 kapsam\u0131nda d\u00fcn ger\u00e7ekle\u015ftirildi. Girne Belediyesi\u2019nden verilen bilgiye g\u00f6re, Girne Belediyesi ev sahipli\u011finde, Ramadan Cemil Meydan\u0131\u2019nda 10.00\u2019da ba\u015flayan etkinlik, ak\u015fam 20.00\u2019ye kadar devam etti. \u00d6zel vintage \u00fcr\u00fcnler ve antika objelerin yer ald\u0131\u011f\u0131 etkinlikte, yiyecek ve i\u00e7ecek stantlar\u0131 kuruldu, antika \u00fcr\u00fcn m\u00fczayedesi ger\u00e7ekle\u015ftirildi. -10 Eyl\u00fcl\u2019de The Healers Reggae [&hellip;]\" \/>\n<meta property=\"og:url\" content=\"https:\/\/kuzeyinsesi.org\/index.php\/2024\/09\/08\/4-vintage-antika-pazari-girne-arkin-group-fest24-kapsaminda-dun-gerceklestirildi\/\" \/>\n<meta property=\"og:site_name\" content=\"Kuzeyin Sesi\" \/>\n<meta property=\"article:publisher\" content=\"https:\/\/www.facebook.com\/kuzeyinsesii\" \/>\n<meta property=\"article:published_time\" content=\"2024-09-08T08:05:41+00:00\" \/>\n<meta property=\"og:image\" content=\"https:\/\/brtk.net\/wp-content\/uploads\/2024\/09\/08\/girne-belediyesi-1-3.jpg?ver=7b4a095d6da3826995a6151dcb317329\" \/>\n<meta name=\"author\" content=\"Kuzeyin Sesi\" \/>\n<meta name=\"twitter:card\" content=\"summary_large_image\" \/>\n<meta name=\"twitter:creator\" content=\"@kuzeyinsesii\" \/>\n<meta name=\"twitter:site\" content=\"@kuzeyinsesii\" \/>\n<meta name=\"twitter:label1\" content=\"Yazan:\" \/>\n\t<meta name=\"twitter:data1\" content=\"Kuzeyin Sesi\" \/>\n\t<meta name=\"twitter:label2\" content=\"Tahmini okuma s\u00fcresi\" \/>\n\t<meta name=\"twitter:data2\" content=\"1 dakika\" \/>\n<script type=\"application\/ld+json\" class=\"yoast-schema-graph\">{\"@context\":\"https:\\\/\\\/schema.org\",\"@graph\":[{\"@type\":\"Article\",\"@id\":\"https:\\\/\\\/kuzeyinsesi.org\\\/index.php\\\/2024\\\/09\\\/08\\\/4-vintage-antika-pazari-girne-arkin-group-fest24-kapsaminda-dun-gerceklestirildi\\\/#article\",\"isPartOf\":{\"@id\":\"https:\\\/\\\/kuzeyinsesi.org\\\/index.php\\\/2024\\\/09\\\/08\\\/4-vintage-antika-pazari-girne-arkin-group-fest24-kapsaminda-dun-gerceklestirildi\\\/\"},\"author\":{\"name\":\"Kuzeyin Sesi\",\"@id\":\"https:\\\/\\\/kuzeyinsesi.org\\\/#\\\/schema\\\/person\\\/9f859689cdf01485597712386e37f5aa\"},\"headline\":\"4. Vintage &amp; Antika Pazar\u0131, Girne Ark\u0131n Group Fest24 kapsam\u0131nda d\u00fcn ger\u00e7ekle\u015ftirildi\",\"datePublished\":\"2024-09-08T08:05:41+00:00\",\"mainEntityOfPage\":{\"@id\":\"https:\\\/\\\/kuzeyinsesi.org\\\/index.php\\\/2024\\\/09\\\/08\\\/4-vintage-antika-pazari-girne-arkin-group-fest24-kapsaminda-dun-gerceklestirildi\\\/\"},\"wordCount\":154,\"commentCount\":0,\"image\":{\"@id\":\"https:\\\/\\\/kuzeyinsesi.org\\\/index.php\\\/2024\\\/09\\\/08\\\/4-vintage-antika-pazari-girne-arkin-group-fest24-kapsaminda-dun-gerceklestirildi\\\/#primaryimage\"},\"thumbnailUrl\":\"https:\\\/\\\/kuzeyinsesi.org\\\/wp-content\\\/uploads\\\/2024\\\/09\\\/girne-belediyesi-1-3.jpg\",\"articleSection\":[\"Ya\u015fam\"],\"inLanguage\":\"tr\",\"potentialAction\":[{\"@type\":\"CommentAction\",\"name\":\"Comment\",\"target\":[\"https:\\\/\\\/kuzeyinsesi.org\\\/index.php\\\/2024\\\/09\\\/08\\\/4-vintage-antika-pazari-girne-arkin-group-fest24-kapsaminda-dun-gerceklestirildi\\\/#respond\"]}]},{\"@type\":\"WebPage\",\"@id\":\"https:\\\/\\\/kuzeyinsesi.org\\\/index.php\\\/2024\\\/09\\\/08\\\/4-vintage-antika-pazari-girne-arkin-group-fest24-kapsaminda-dun-gerceklestirildi\\\/\",\"url\":\"https:\\\/\\\/kuzeyinsesi.org\\\/index.php\\\/2024\\\/09\\\/08\\\/4-vintage-antika-pazari-girne-arkin-group-fest24-kapsaminda-dun-gerceklestirildi\\\/\",\"name\":\"4. Vintage &amp; Antika Pazar\u0131, Girne Ark\u0131n Group Fest24 kapsam\u0131nda d\u00fcn ger\u00e7ekle\u015ftirildi - Kuzeyin Sesi\",\"isPartOf\":{\"@id\":\"https:\\\/\\\/kuzeyinsesi.org\\\/#website\"},\"primaryImageOfPage\":{\"@id\":\"https:\\\/\\\/kuzeyinsesi.org\\\/index.php\\\/2024\\\/09\\\/08\\\/4-vintage-antika-pazari-girne-arkin-group-fest24-kapsaminda-dun-gerceklestirildi\\\/#primaryimage\"},\"image\":{\"@id\":\"https:\\\/\\\/kuzeyinsesi.org\\\/index.php\\\/2024\\\/09\\\/08\\\/4-vintage-antika-pazari-girne-arkin-group-fest24-kapsaminda-dun-gerceklestirildi\\\/#primaryimage\"},\"thumbnailUrl\":\"https:\\\/\\\/kuzeyinsesi.org\\\/wp-content\\\/uploads\\\/2024\\\/09\\\/girne-belediyesi-1-3.jpg\",\"datePublished\":\"2024-09-08T08:05:41+00:00\",\"author\":{\"@id\":\"https:\\\/\\\/kuzeyinsesi.org\\\/#\\\/schema\\\/person\\\/9f859689cdf01485597712386e37f5aa\"},\"breadcrumb\":{\"@id\":\"https:\\\/\\\/kuzeyinsesi.org\\\/index.php\\\/2024\\\/09\\\/08\\\/4-vintage-antika-pazari-girne-arkin-group-fest24-kapsaminda-dun-gerceklestirildi\\\/#breadcrumb\"},\"inLanguage\":\"tr\",\"potentialAction\":[{\"@type\":\"ReadAction\",\"target\":[\"https:\\\/\\\/kuzeyinsesi.org\\\/index.php\\\/2024\\\/09\\\/08\\\/4-vintage-antika-pazari-girne-arkin-group-fest24-kapsaminda-dun-gerceklestirildi\\\/\"]}]},{\"@type\":\"ImageObject\",\"inLanguage\":\"tr\",\"@id\":\"https:\\\/\\\/kuzeyinsesi.org\\\/index.php\\\/2024\\\/09\\\/08\\\/4-vintage-antika-pazari-girne-arkin-group-fest24-kapsaminda-dun-gerceklestirildi\\\/#primaryimage\",\"url\":\"https:\\\/\\\/kuzeyinsesi.org\\\/wp-content\\\/uploads\\\/2024\\\/09\\\/girne-belediyesi-1-3.jpg\",\"contentUrl\":\"https:\\\/\\\/kuzeyinsesi.org\\\/wp-content\\\/uploads\\\/2024\\\/09\\\/girne-belediyesi-1-3.jpg\",\"width\":1599,\"height\":899},{\"@type\":\"BreadcrumbList\",\"@id\":\"https:\\\/\\\/kuzeyinsesi.org\\\/index.php\\\/2024\\\/09\\\/08\\\/4-vintage-antika-pazari-girne-arkin-group-fest24-kapsaminda-dun-gerceklestirildi\\\/#breadcrumb\",\"itemListElement\":[{\"@type\":\"ListItem\",\"position\":1,\"name\":\"Anasayfa\",\"item\":\"https:\\\/\\\/kuzeyinsesi.org\\\/\"},{\"@type\":\"ListItem\",\"position\":2,\"name\":\"4. Vintage &amp; Antika Pazar\u0131, Girne Ark\u0131n Group Fest24 kapsam\u0131nda d\u00fcn ger\u00e7ekle\u015ftirildi\"}]},{\"@type\":\"WebSite\",\"@id\":\"https:\\\/\\\/kuzeyinsesi.org\\\/#website\",\"url\":\"https:\\\/\\\/kuzeyinsesi.org\\\/\",\"name\":\"Kuzeyin Sesi\",\"description\":\"Do\u011fru Haberin Adresi\",\"potentialAction\":[{\"@type\":\"SearchAction\",\"target\":{\"@type\":\"EntryPoint\",\"urlTemplate\":\"https:\\\/\\\/kuzeyinsesi.org\\\/?s={search_term_string}\"},\"query-input\":{\"@type\":\"PropertyValueSpecification\",\"valueRequired\":true,\"valueName\":\"search_term_string\"}}],\"inLanguage\":\"tr\"},{\"@type\":\"Person\",\"@id\":\"https:\\\/\\\/kuzeyinsesi.org\\\/#\\\/schema\\\/person\\\/9f859689cdf01485597712386e37f5aa\",\"name\":\"Kuzeyin Sesi\",\"image\":{\"@type\":\"ImageObject\",\"inLanguage\":\"tr\",\"@id\":\"https:\\\/\\\/secure.gravatar.com\\\/avatar\\\/bab33852abfd8b282518d6ed81826833d77c3c882d9ab608add591ccace47a44?s=96&d=mm&r=g\",\"url\":\"https:\\\/\\\/secure.gravatar.com\\\/avatar\\\/bab33852abfd8b282518d6ed81826833d77c3c882d9ab608add591ccace47a44?s=96&d=mm&r=g\",\"contentUrl\":\"https:\\\/\\\/secure.gravatar.com\\\/avatar\\\/bab33852abfd8b282518d6ed81826833d77c3c882d9ab608add591ccace47a44?s=96&d=mm&r=g\",\"caption\":\"Kuzeyin Sesi\"},\"sameAs\":[\"https:\\\/\\\/kuzeyinsesi.org\"],\"url\":\"https:\\\/\\\/kuzeyinsesi.org\\\/index.php\\\/author\\\/guven\\\/\"}]}<\/script>\n<!-- \/ Yoast SEO plugin. -->","yoast_head_json":{"title":"4. Vintage &amp; Antika Pazar\u0131, Girne Ark\u0131n Group Fest24 kapsam\u0131nda d\u00fcn ger\u00e7ekle\u015ftirildi - Kuzeyin Sesi","robots":{"index":"index","follow":"follow","max-snippet":"max-snippet:-1","max-image-preview":"max-image-preview:large","max-video-preview":"max-video-preview:-1"},"canonical":"https:\/\/kuzeyinsesi.org\/index.php\/2024\/09\/08\/4-vintage-antika-pazari-girne-arkin-group-fest24-kapsaminda-dun-gerceklestirildi\/","og_locale":"tr_TR","og_type":"article","og_title":"4. Vintage &amp; Antika Pazar\u0131, Girne Ark\u0131n Group Fest24 kapsam\u0131nda d\u00fcn ger\u00e7ekle\u015ftirildi - Kuzeyin Sesi","og_description":"4. Vintage &amp; Antika Pazar\u0131, Girne Ark\u0131n Group Fest24 kapsam\u0131nda d\u00fcn ger\u00e7ekle\u015ftirildi. Girne Belediyesi\u2019nden verilen bilgiye g\u00f6re, Girne Belediyesi ev sahipli\u011finde, Ramadan Cemil Meydan\u0131\u2019nda 10.00\u2019da ba\u015flayan etkinlik, ak\u015fam 20.00\u2019ye kadar devam etti. \u00d6zel vintage \u00fcr\u00fcnler ve antika objelerin yer ald\u0131\u011f\u0131 etkinlikte, yiyecek ve i\u00e7ecek stantlar\u0131 kuruldu, antika \u00fcr\u00fcn m\u00fczayedesi ger\u00e7ekle\u015ftirildi. -10 Eyl\u00fcl\u2019de The Healers Reggae [&hellip;]","og_url":"https:\/\/kuzeyinsesi.org\/index.php\/2024\/09\/08\/4-vintage-antika-pazari-girne-arkin-group-fest24-kapsaminda-dun-gerceklestirildi\/","og_site_name":"Kuzeyin Sesi","article_publisher":"https:\/\/www.facebook.com\/kuzeyinsesii","article_published_time":"2024-09-08T08:05:41+00:00","og_image":[{"url":"https:\/\/brtk.net\/wp-content\/uploads\/2024\/09\/08\/girne-belediyesi-1-3.jpg?ver=7b4a095d6da3826995a6151dcb317329","type":"","width":"","height":""}],"author":"Kuzeyin Sesi","twitter_card":"summary_large_image","twitter_creator":"@kuzeyinsesii","twitter_site":"@kuzeyinsesii","twitter_misc":{"Yazan:":"Kuzeyin Sesi","Tahmini okuma s\u00fcresi":"1 dakika"},"schema":{"@context":"https:\/\/schema.org","@graph":[{"@type":"Article","@id":"https:\/\/kuzeyinsesi.org\/index.php\/2024\/09\/08\/4-vintage-antika-pazari-girne-arkin-group-fest24-kapsaminda-dun-gerceklestirildi\/#article","isPartOf":{"@id":"https:\/\/kuzeyinsesi.org\/index.php\/2024\/09\/08\/4-vintage-antika-pazari-girne-arkin-group-fest24-kapsaminda-dun-gerceklestirildi\/"},"author":{"name":"Kuzeyin Sesi","@id":"https:\/\/kuzeyinsesi.org\/#\/schema\/person\/9f859689cdf01485597712386e37f5aa"},"headline":"4. Vintage &amp; Antika Pazar\u0131, Girne Ark\u0131n Group Fest24 kapsam\u0131nda d\u00fcn ger\u00e7ekle\u015ftirildi","datePublished":"2024-09-08T08:05:41+00:00","mainEntityOfPage":{"@id":"https:\/\/kuzeyinsesi.org\/index.php\/2024\/09\/08\/4-vintage-antika-pazari-girne-arkin-group-fest24-kapsaminda-dun-gerceklestirildi\/"},"wordCount":154,"commentCount":0,"image":{"@id":"https:\/\/kuzeyinsesi.org\/index.php\/2024\/09\/08\/4-vintage-antika-pazari-girne-arkin-group-fest24-kapsaminda-dun-gerceklestirildi\/#primaryimage"},"thumbnailUrl":"https:\/\/kuzeyinsesi.org\/wp-content\/uploads\/2024\/09\/girne-belediyesi-1-3.jpg","articleSection":["Ya\u015fam"],"inLanguage":"tr","potentialAction":[{"@type":"CommentAction","name":"Comment","target":["https:\/\/kuzeyinsesi.org\/index.php\/2024\/09\/08\/4-vintage-antika-pazari-girne-arkin-group-fest24-kapsaminda-dun-gerceklestirildi\/#respond"]}]},{"@type":"WebPage","@id":"https:\/\/kuzeyinsesi.org\/index.php\/2024\/09\/08\/4-vintage-antika-pazari-girne-arkin-group-fest24-kapsaminda-dun-gerceklestirildi\/","url":"https:\/\/kuzeyinsesi.org\/index.php\/2024\/09\/08\/4-vintage-antika-pazari-girne-arkin-group-fest24-kapsaminda-dun-gerceklestirildi\/","name":"4. Vintage &amp; Antika Pazar\u0131, Girne Ark\u0131n Group Fest24 kapsam\u0131nda d\u00fcn ger\u00e7ekle\u015ftirildi - Kuzeyin Sesi","isPartOf":{"@id":"https:\/\/kuzeyinsesi.org\/#website"},"primaryImageOfPage":{"@id":"https:\/\/kuzeyinsesi.org\/index.php\/2024\/09\/08\/4-vintage-antika-pazari-girne-arkin-group-fest24-kapsaminda-dun-gerceklestirildi\/#primaryimage"},"image":{"@id":"https:\/\/kuzeyinsesi.org\/index.php\/2024\/09\/08\/4-vintage-antika-pazari-girne-arkin-group-fest24-kapsaminda-dun-gerceklestirildi\/#primaryimage"},"thumbnailUrl":"https:\/\/kuzeyinsesi.org\/wp-content\/uploads\/2024\/09\/girne-belediyesi-1-3.jpg","datePublished":"2024-09-08T08:05:41+00:00","author":{"@id":"https:\/\/kuzeyinsesi.org\/#\/schema\/person\/9f859689cdf01485597712386e37f5aa"},"breadcrumb":{"@id":"https:\/\/kuzeyinsesi.org\/index.php\/2024\/09\/08\/4-vintage-antika-pazari-girne-arkin-group-fest24-kapsaminda-dun-gerceklestirildi\/#breadcrumb"},"inLanguage":"tr","potentialAction":[{"@type":"ReadAction","target":["https:\/\/kuzeyinsesi.org\/index.php\/2024\/09\/08\/4-vintage-antika-pazari-girne-arkin-group-fest24-kapsaminda-dun-gerceklestirildi\/"]}]},{"@type":"ImageObject","inLanguage":"tr","@id":"https:\/\/kuzeyinsesi.org\/index.php\/2024\/09\/08\/4-vintage-antika-pazari-girne-arkin-group-fest24-kapsaminda-dun-gerceklestirildi\/#primaryimage","url":"https:\/\/kuzeyinsesi.org\/wp-content\/uploads\/2024\/09\/girne-belediyesi-1-3.jpg","contentUrl":"https:\/\/kuzeyinsesi.org\/wp-content\/uploads\/2024\/09\/girne-belediyesi-1-3.jpg","width":1599,"height":899},{"@type":"BreadcrumbList","@id":"https:\/\/kuzeyinsesi.org\/index.php\/2024\/09\/08\/4-vintage-antika-pazari-girne-arkin-group-fest24-kapsaminda-dun-gerceklestirildi\/#breadcrumb","itemListElement":[{"@type":"ListItem","position":1,"name":"Anasayfa","item":"https:\/\/kuzeyinsesi.org\/"},{"@type":"ListItem","position":2,"name":"4. Vintage &amp; Antika Pazar\u0131, Girne Ark\u0131n Group Fest24 kapsam\u0131nda d\u00fcn ger\u00e7ekle\u015ftirildi"}]},{"@type":"WebSite","@id":"https:\/\/kuzeyinsesi.org\/#website","url":"https:\/\/kuzeyinsesi.org\/","name":"Kuzeyin Sesi","description":"Do\u011fru Haberin Adresi","potentialAction":[{"@type":"SearchAction","target":{"@type":"EntryPoint","urlTemplate":"https:\/\/kuzeyinsesi.org\/?s={search_term_string}"},"query-input":{"@type":"PropertyValueSpecification","valueRequired":true,"valueName":"search_term_string"}}],"inLanguage":"tr"},{"@type":"Person","@id":"https:\/\/kuzeyinsesi.org\/#\/schema\/person\/9f859689cdf01485597712386e37f5aa","name":"Kuzeyin Sesi","image":{"@type":"ImageObject","inLanguage":"tr","@id":"https:\/\/secure.gravatar.com\/avatar\/bab33852abfd8b282518d6ed81826833d77c3c882d9ab608add591ccace47a44?s=96&d=mm&r=g","url":"https:\/\/secure.gravatar.com\/avatar\/bab33852abfd8b282518d6ed81826833d77c3c882d9ab608add591ccace47a44?s=96&d=mm&r=g","contentUrl":"https:\/\/secure.gravatar.com\/avatar\/bab33852abfd8b282518d6ed81826833d77c3c882d9ab608add591ccace47a44?s=96&d=mm&r=g","caption":"Kuzeyin Sesi"},"sameAs":["https:\/\/kuzeyinsesi.org"],"url":"https:\/\/kuzeyinsesi.org\/index.php\/author\/guven\/"}]}},"_links":{"self":[{"href":"https:\/\/kuzeyinsesi.org\/index.php\/wp-json\/wp\/v2\/posts\/9357","targetHints":{"allow":["GET"]}}],"collection":[{"href":"https:\/\/kuzeyinsesi.org\/index.php\/wp-json\/wp\/v2\/posts"}],"about":[{"href":"https:\/\/kuzeyinsesi.org\/index.php\/wp-json\/wp\/v2\/types\/post"}],"author":[{"embeddable":true,"href":"https:\/\/kuzeyinsesi.org\/index.php\/wp-json\/wp\/v2\/users\/1"}],"replies":[{"embeddable":true,"href":"https:\/\/kuzeyinsesi.org\/index.php\/wp-json\/wp\/v2\/comments?post=9357"}],"version-history":[{"count":0,"href":"https:\/\/kuzeyinsesi.org\/index.php\/wp-json\/wp\/v2\/posts\/9357\/revisions"}],"wp:featuredmedia":[{"embeddable":true,"href":"https:\/\/kuzeyinsesi.org\/index.php\/wp-json\/wp\/v2\/media\/9358"}],"wp:attachment":[{"href":"https:\/\/kuzeyinsesi.org\/index.php\/wp-json\/wp\/v2\/media?parent=9357"}],"wp:term":[{"taxonomy":"category","embeddable":true,"href":"https:\/\/kuzeyinsesi.org\/index.php\/wp-json\/wp\/v2\/categories?post=9357"},{"taxonomy":"post_tag","embeddable":true,"href":"https:\/\/kuzeyinsesi.org\/index.php\/wp-json\/wp\/v2\/tags?post=9357"}],"curies":[{"name":"wp","href":"https:\/\/api.w.org\/{rel}","templated":true}]}}