{"id":935,"date":"2024-04-29T19:53:46","date_gmt":"2024-04-29T16:53:46","guid":{"rendered":"https:\/\/kuzeyinsesi.com\/index.php\/2024\/04\/29\/hala-sultan-futsal-takimi-turkiye-finallerinde\/"},"modified":"2024-04-29T19:53:46","modified_gmt":"2024-04-29T16:53:46","slug":"hala-sultan-futsal-takimi-turkiye-finallerinde","status":"publish","type":"post","link":"https:\/\/kuzeyinsesi.org\/index.php\/2024\/04\/29\/hala-sultan-futsal-takimi-turkiye-finallerinde\/","title":{"rendered":"Hala Sultan Futsal Tak\u0131m\u0131 T\u00fcrkiye finallerinde"},"content":{"rendered":"<div>\n<div class=\"mariselle-image-container center\">\n                                            <\/div>\n<p>Futsal bran\u015f\u0131nda KKTC\u2019yi \u015eanl\u0131urfa ilinde yap\u0131lan \u201cT\u00fcrkiye yar\u0131 finallerinde temsil eden Hala Sultan \u0130lahiyat Koleji, elde etti\u011fi ba\u015far\u0131yla finallere kat\u0131lmaya hak kazand\u0131.<\/p>\n<p>Hala Sultan \u0130lahiyat Koleji\u2019nden yap\u0131lan a\u00e7\u0131klamada, final a\u015famas\u0131na ge\u00e7en 8 tak\u0131m aras\u0131na girildi\u011fi belirtilerek, futsal alan\u0131nda liseler d\u00fczeyinde bu ba\u015far\u0131n\u0131n bir ilk oldu\u011fu kaydedildi.<\/p>\n<p> T\u00fcrkiye finallerinin 11-14 May\u0131s tarihlerinde \u0130zmir\u2019de yap\u0131laca\u011f\u0131 ifade edildi.<\/p>\n<\/p><\/div>\n<p><script async\n                    defer\n                    crossorigin=\"anonymous\"\n                    src=\"https:\/\/connect.facebook.net\/tr_TR\/sdk.js#xfbml=1&#038;version=v3.3\"\n            ><\/script><\/p>\n","protected":false},"excerpt":{"rendered":"<p>Futsal bran\u015f\u0131nda KKTC\u2019yi \u015eanl\u0131urfa ilinde yap\u0131lan \u201cT\u00fcrkiye yar\u0131 finallerinde temsil eden Hala Sultan \u0130lahiyat Koleji, elde etti\u011fi ba\u015far\u0131yla finallere kat\u0131lmaya hak kazand\u0131. Hala Sultan \u0130lahiyat Koleji\u2019nden yap\u0131lan a\u00e7\u0131klamada, final a\u015famas\u0131na ge\u00e7en 8 tak\u0131m aras\u0131na girildi\u011fi belirtilerek, futsal alan\u0131nda liseler d\u00fczeyinde bu ba\u015far\u0131n\u0131n bir ilk oldu\u011fu kaydedildi. T\u00fcrkiye finallerinin 11-14 May\u0131s tarihlerinde \u0130zmir\u2019de yap\u0131laca\u011f\u0131 ifade edildi.<\/p>\n","protected":false},"author":1,"featured_media":936,"comment_status":"open","ping_status":"open","sticky":false,"template":"","format":"standard","meta":{"jnews-multi-image_gallery":[],"jnews_single_post":[],"jnews_primary_category":[],"jnews_social_meta":[],"jnews_override_counter":[],"footnotes":""},"categories":[1],"tags":[],"class_list":["post-935","post","type-post","status-publish","format-standard","has-post-thumbnail","hentry","category-kibris"],"yoast_head":"<!-- This site is optimized with the Yoast SEO plugin v27.5 - https:\/\/yoast.com\/product\/yoast-seo-wordpress\/ -->\n<title>Hala Sultan Futsal Tak\u0131m\u0131 T\u00fcrkiye finallerinde - Kuzeyin Sesi<\/title>\n<meta name=\"robots\" content=\"index, follow, max-snippet:-1, max-image-preview:large, max-video-preview:-1\" \/>\n<link rel=\"canonical\" href=\"https:\/\/kuzeyinsesi.org\/index.php\/2024\/04\/29\/hala-sultan-futsal-takimi-turkiye-finallerinde\/\" \/>\n<meta property=\"og:locale\" content=\"tr_TR\" \/>\n<meta property=\"og:type\" content=\"article\" \/>\n<meta property=\"og:title\" content=\"Hala Sultan Futsal Tak\u0131m\u0131 T\u00fcrkiye finallerinde - Kuzeyin Sesi\" \/>\n<meta property=\"og:description\" content=\"Futsal bran\u015f\u0131nda KKTC\u2019yi \u015eanl\u0131urfa ilinde yap\u0131lan \u201cT\u00fcrkiye yar\u0131 finallerinde temsil eden Hala Sultan \u0130lahiyat Koleji, elde etti\u011fi ba\u015far\u0131yla finallere kat\u0131lmaya hak kazand\u0131. Hala Sultan \u0130lahiyat Koleji\u2019nden yap\u0131lan a\u00e7\u0131klamada, final a\u015famas\u0131na ge\u00e7en 8 tak\u0131m aras\u0131na girildi\u011fi belirtilerek, futsal alan\u0131nda liseler d\u00fczeyinde bu ba\u015far\u0131n\u0131n bir ilk oldu\u011fu kaydedildi. T\u00fcrkiye finallerinin 11-14 May\u0131s tarihlerinde \u0130zmir\u2019de yap\u0131laca\u011f\u0131 ifade edildi.\" \/>\n<meta property=\"og:url\" content=\"https:\/\/kuzeyinsesi.org\/index.php\/2024\/04\/29\/hala-sultan-futsal-takimi-turkiye-finallerinde\/\" \/>\n<meta property=\"og:site_name\" content=\"Kuzeyin Sesi\" \/>\n<meta property=\"article:publisher\" content=\"https:\/\/www.facebook.com\/kuzeyinsesii\" \/>\n<meta property=\"article:published_time\" content=\"2024-04-29T16:53:46+00:00\" \/>\n<meta property=\"og:image\" content=\"https:\/\/kuzeyinsesi.org\/wp-content\/uploads\/2024\/04\/hala-sultan.jpg\" \/>\n\t<meta property=\"og:image:width\" content=\"960\" \/>\n\t<meta property=\"og:image:height\" content=\"959\" \/>\n\t<meta property=\"og:image:type\" content=\"image\/jpeg\" \/>\n<meta name=\"author\" content=\"Kuzeyin Sesi\" \/>\n<meta name=\"twitter:card\" content=\"summary_large_image\" \/>\n<meta name=\"twitter:creator\" content=\"@kuzeyinsesii\" \/>\n<meta name=\"twitter:site\" content=\"@kuzeyinsesii\" \/>\n<meta name=\"twitter:label1\" content=\"Yazan:\" \/>\n\t<meta name=\"twitter:data1\" content=\"Kuzeyin Sesi\" \/>\n<script type=\"application\/ld+json\" class=\"yoast-schema-graph\">{\"@context\":\"https:\\\/\\\/schema.org\",\"@graph\":[{\"@type\":\"Article\",\"@id\":\"https:\\\/\\\/kuzeyinsesi.org\\\/index.php\\\/2024\\\/04\\\/29\\\/hala-sultan-futsal-takimi-turkiye-finallerinde\\\/#article\",\"isPartOf\":{\"@id\":\"https:\\\/\\\/kuzeyinsesi.org\\\/index.php\\\/2024\\\/04\\\/29\\\/hala-sultan-futsal-takimi-turkiye-finallerinde\\\/\"},\"author\":{\"name\":\"Kuzeyin Sesi\",\"@id\":\"https:\\\/\\\/kuzeyinsesi.org\\\/#\\\/schema\\\/person\\\/9f859689cdf01485597712386e37f5aa\"},\"headline\":\"Hala Sultan Futsal Tak\u0131m\u0131 T\u00fcrkiye finallerinde\",\"datePublished\":\"2024-04-29T16:53:46+00:00\",\"mainEntityOfPage\":{\"@id\":\"https:\\\/\\\/kuzeyinsesi.org\\\/index.php\\\/2024\\\/04\\\/29\\\/hala-sultan-futsal-takimi-turkiye-finallerinde\\\/\"},\"wordCount\":90,\"commentCount\":0,\"image\":{\"@id\":\"https:\\\/\\\/kuzeyinsesi.org\\\/index.php\\\/2024\\\/04\\\/29\\\/hala-sultan-futsal-takimi-turkiye-finallerinde\\\/#primaryimage\"},\"thumbnailUrl\":\"https:\\\/\\\/kuzeyinsesi.org\\\/wp-content\\\/uploads\\\/2024\\\/04\\\/hala-sultan.jpg\",\"articleSection\":[\"K\u0131br\u0131s\"],\"inLanguage\":\"tr\",\"potentialAction\":[{\"@type\":\"CommentAction\",\"name\":\"Comment\",\"target\":[\"https:\\\/\\\/kuzeyinsesi.org\\\/index.php\\\/2024\\\/04\\\/29\\\/hala-sultan-futsal-takimi-turkiye-finallerinde\\\/#respond\"]}]},{\"@type\":\"WebPage\",\"@id\":\"https:\\\/\\\/kuzeyinsesi.org\\\/index.php\\\/2024\\\/04\\\/29\\\/hala-sultan-futsal-takimi-turkiye-finallerinde\\\/\",\"url\":\"https:\\\/\\\/kuzeyinsesi.org\\\/index.php\\\/2024\\\/04\\\/29\\\/hala-sultan-futsal-takimi-turkiye-finallerinde\\\/\",\"name\":\"Hala Sultan Futsal Tak\u0131m\u0131 T\u00fcrkiye finallerinde - Kuzeyin Sesi\",\"isPartOf\":{\"@id\":\"https:\\\/\\\/kuzeyinsesi.org\\\/#website\"},\"primaryImageOfPage\":{\"@id\":\"https:\\\/\\\/kuzeyinsesi.org\\\/index.php\\\/2024\\\/04\\\/29\\\/hala-sultan-futsal-takimi-turkiye-finallerinde\\\/#primaryimage\"},\"image\":{\"@id\":\"https:\\\/\\\/kuzeyinsesi.org\\\/index.php\\\/2024\\\/04\\\/29\\\/hala-sultan-futsal-takimi-turkiye-finallerinde\\\/#primaryimage\"},\"thumbnailUrl\":\"https:\\\/\\\/kuzeyinsesi.org\\\/wp-content\\\/uploads\\\/2024\\\/04\\\/hala-sultan.jpg\",\"datePublished\":\"2024-04-29T16:53:46+00:00\",\"author\":{\"@id\":\"https:\\\/\\\/kuzeyinsesi.org\\\/#\\\/schema\\\/person\\\/9f859689cdf01485597712386e37f5aa\"},\"breadcrumb\":{\"@id\":\"https:\\\/\\\/kuzeyinsesi.org\\\/index.php\\\/2024\\\/04\\\/29\\\/hala-sultan-futsal-takimi-turkiye-finallerinde\\\/#breadcrumb\"},\"inLanguage\":\"tr\",\"potentialAction\":[{\"@type\":\"ReadAction\",\"target\":[\"https:\\\/\\\/kuzeyinsesi.org\\\/index.php\\\/2024\\\/04\\\/29\\\/hala-sultan-futsal-takimi-turkiye-finallerinde\\\/\"]}]},{\"@type\":\"ImageObject\",\"inLanguage\":\"tr\",\"@id\":\"https:\\\/\\\/kuzeyinsesi.org\\\/index.php\\\/2024\\\/04\\\/29\\\/hala-sultan-futsal-takimi-turkiye-finallerinde\\\/#primaryimage\",\"url\":\"https:\\\/\\\/kuzeyinsesi.org\\\/wp-content\\\/uploads\\\/2024\\\/04\\\/hala-sultan.jpg\",\"contentUrl\":\"https:\\\/\\\/kuzeyinsesi.org\\\/wp-content\\\/uploads\\\/2024\\\/04\\\/hala-sultan.jpg\",\"width\":960,\"height\":959},{\"@type\":\"BreadcrumbList\",\"@id\":\"https:\\\/\\\/kuzeyinsesi.org\\\/index.php\\\/2024\\\/04\\\/29\\\/hala-sultan-futsal-takimi-turkiye-finallerinde\\\/#breadcrumb\",\"itemListElement\":[{\"@type\":\"ListItem\",\"position\":1,\"name\":\"Anasayfa\",\"item\":\"https:\\\/\\\/kuzeyinsesi.org\\\/\"},{\"@type\":\"ListItem\",\"position\":2,\"name\":\"Hala Sultan Futsal Tak\u0131m\u0131 T\u00fcrkiye finallerinde\"}]},{\"@type\":\"WebSite\",\"@id\":\"https:\\\/\\\/kuzeyinsesi.org\\\/#website\",\"url\":\"https:\\\/\\\/kuzeyinsesi.org\\\/\",\"name\":\"Kuzeyin Sesi\",\"description\":\"Do\u011fru Haberin Adresi\",\"potentialAction\":[{\"@type\":\"SearchAction\",\"target\":{\"@type\":\"EntryPoint\",\"urlTemplate\":\"https:\\\/\\\/kuzeyinsesi.org\\\/?s={search_term_string}\"},\"query-input\":{\"@type\":\"PropertyValueSpecification\",\"valueRequired\":true,\"valueName\":\"search_term_string\"}}],\"inLanguage\":\"tr\"},{\"@type\":\"Person\",\"@id\":\"https:\\\/\\\/kuzeyinsesi.org\\\/#\\\/schema\\\/person\\\/9f859689cdf01485597712386e37f5aa\",\"name\":\"Kuzeyin Sesi\",\"image\":{\"@type\":\"ImageObject\",\"inLanguage\":\"tr\",\"@id\":\"https:\\\/\\\/secure.gravatar.com\\\/avatar\\\/bab33852abfd8b282518d6ed81826833d77c3c882d9ab608add591ccace47a44?s=96&d=mm&r=g\",\"url\":\"https:\\\/\\\/secure.gravatar.com\\\/avatar\\\/bab33852abfd8b282518d6ed81826833d77c3c882d9ab608add591ccace47a44?s=96&d=mm&r=g\",\"contentUrl\":\"https:\\\/\\\/secure.gravatar.com\\\/avatar\\\/bab33852abfd8b282518d6ed81826833d77c3c882d9ab608add591ccace47a44?s=96&d=mm&r=g\",\"caption\":\"Kuzeyin Sesi\"},\"sameAs\":[\"https:\\\/\\\/kuzeyinsesi.org\"],\"url\":\"https:\\\/\\\/kuzeyinsesi.org\\\/index.php\\\/author\\\/guven\\\/\"}]}<\/script>\n<!-- \/ Yoast SEO plugin. -->","yoast_head_json":{"title":"Hala Sultan Futsal Tak\u0131m\u0131 T\u00fcrkiye finallerinde - Kuzeyin Sesi","robots":{"index":"index","follow":"follow","max-snippet":"max-snippet:-1","max-image-preview":"max-image-preview:large","max-video-preview":"max-video-preview:-1"},"canonical":"https:\/\/kuzeyinsesi.org\/index.php\/2024\/04\/29\/hala-sultan-futsal-takimi-turkiye-finallerinde\/","og_locale":"tr_TR","og_type":"article","og_title":"Hala Sultan Futsal Tak\u0131m\u0131 T\u00fcrkiye finallerinde - Kuzeyin Sesi","og_description":"Futsal bran\u015f\u0131nda KKTC\u2019yi \u015eanl\u0131urfa ilinde yap\u0131lan \u201cT\u00fcrkiye yar\u0131 finallerinde temsil eden Hala Sultan \u0130lahiyat Koleji, elde etti\u011fi ba\u015far\u0131yla finallere kat\u0131lmaya hak kazand\u0131. Hala Sultan \u0130lahiyat Koleji\u2019nden yap\u0131lan a\u00e7\u0131klamada, final a\u015famas\u0131na ge\u00e7en 8 tak\u0131m aras\u0131na girildi\u011fi belirtilerek, futsal alan\u0131nda liseler d\u00fczeyinde bu ba\u015far\u0131n\u0131n bir ilk oldu\u011fu kaydedildi. T\u00fcrkiye finallerinin 11-14 May\u0131s tarihlerinde \u0130zmir\u2019de yap\u0131laca\u011f\u0131 ifade edildi.","og_url":"https:\/\/kuzeyinsesi.org\/index.php\/2024\/04\/29\/hala-sultan-futsal-takimi-turkiye-finallerinde\/","og_site_name":"Kuzeyin Sesi","article_publisher":"https:\/\/www.facebook.com\/kuzeyinsesii","article_published_time":"2024-04-29T16:53:46+00:00","og_image":[{"width":960,"height":959,"url":"https:\/\/kuzeyinsesi.org\/wp-content\/uploads\/2024\/04\/hala-sultan.jpg","type":"image\/jpeg"}],"author":"Kuzeyin Sesi","twitter_card":"summary_large_image","twitter_creator":"@kuzeyinsesii","twitter_site":"@kuzeyinsesii","twitter_misc":{"Yazan:":"Kuzeyin Sesi"},"schema":{"@context":"https:\/\/schema.org","@graph":[{"@type":"Article","@id":"https:\/\/kuzeyinsesi.org\/index.php\/2024\/04\/29\/hala-sultan-futsal-takimi-turkiye-finallerinde\/#article","isPartOf":{"@id":"https:\/\/kuzeyinsesi.org\/index.php\/2024\/04\/29\/hala-sultan-futsal-takimi-turkiye-finallerinde\/"},"author":{"name":"Kuzeyin Sesi","@id":"https:\/\/kuzeyinsesi.org\/#\/schema\/person\/9f859689cdf01485597712386e37f5aa"},"headline":"Hala Sultan Futsal Tak\u0131m\u0131 T\u00fcrkiye finallerinde","datePublished":"2024-04-29T16:53:46+00:00","mainEntityOfPage":{"@id":"https:\/\/kuzeyinsesi.org\/index.php\/2024\/04\/29\/hala-sultan-futsal-takimi-turkiye-finallerinde\/"},"wordCount":90,"commentCount":0,"image":{"@id":"https:\/\/kuzeyinsesi.org\/index.php\/2024\/04\/29\/hala-sultan-futsal-takimi-turkiye-finallerinde\/#primaryimage"},"thumbnailUrl":"https:\/\/kuzeyinsesi.org\/wp-content\/uploads\/2024\/04\/hala-sultan.jpg","articleSection":["K\u0131br\u0131s"],"inLanguage":"tr","potentialAction":[{"@type":"CommentAction","name":"Comment","target":["https:\/\/kuzeyinsesi.org\/index.php\/2024\/04\/29\/hala-sultan-futsal-takimi-turkiye-finallerinde\/#respond"]}]},{"@type":"WebPage","@id":"https:\/\/kuzeyinsesi.org\/index.php\/2024\/04\/29\/hala-sultan-futsal-takimi-turkiye-finallerinde\/","url":"https:\/\/kuzeyinsesi.org\/index.php\/2024\/04\/29\/hala-sultan-futsal-takimi-turkiye-finallerinde\/","name":"Hala Sultan Futsal Tak\u0131m\u0131 T\u00fcrkiye finallerinde - Kuzeyin Sesi","isPartOf":{"@id":"https:\/\/kuzeyinsesi.org\/#website"},"primaryImageOfPage":{"@id":"https:\/\/kuzeyinsesi.org\/index.php\/2024\/04\/29\/hala-sultan-futsal-takimi-turkiye-finallerinde\/#primaryimage"},"image":{"@id":"https:\/\/kuzeyinsesi.org\/index.php\/2024\/04\/29\/hala-sultan-futsal-takimi-turkiye-finallerinde\/#primaryimage"},"thumbnailUrl":"https:\/\/kuzeyinsesi.org\/wp-content\/uploads\/2024\/04\/hala-sultan.jpg","datePublished":"2024-04-29T16:53:46+00:00","author":{"@id":"https:\/\/kuzeyinsesi.org\/#\/schema\/person\/9f859689cdf01485597712386e37f5aa"},"breadcrumb":{"@id":"https:\/\/kuzeyinsesi.org\/index.php\/2024\/04\/29\/hala-sultan-futsal-takimi-turkiye-finallerinde\/#breadcrumb"},"inLanguage":"tr","potentialAction":[{"@type":"ReadAction","target":["https:\/\/kuzeyinsesi.org\/index.php\/2024\/04\/29\/hala-sultan-futsal-takimi-turkiye-finallerinde\/"]}]},{"@type":"ImageObject","inLanguage":"tr","@id":"https:\/\/kuzeyinsesi.org\/index.php\/2024\/04\/29\/hala-sultan-futsal-takimi-turkiye-finallerinde\/#primaryimage","url":"https:\/\/kuzeyinsesi.org\/wp-content\/uploads\/2024\/04\/hala-sultan.jpg","contentUrl":"https:\/\/kuzeyinsesi.org\/wp-content\/uploads\/2024\/04\/hala-sultan.jpg","width":960,"height":959},{"@type":"BreadcrumbList","@id":"https:\/\/kuzeyinsesi.org\/index.php\/2024\/04\/29\/hala-sultan-futsal-takimi-turkiye-finallerinde\/#breadcrumb","itemListElement":[{"@type":"ListItem","position":1,"name":"Anasayfa","item":"https:\/\/kuzeyinsesi.org\/"},{"@type":"ListItem","position":2,"name":"Hala Sultan Futsal Tak\u0131m\u0131 T\u00fcrkiye finallerinde"}]},{"@type":"WebSite","@id":"https:\/\/kuzeyinsesi.org\/#website","url":"https:\/\/kuzeyinsesi.org\/","name":"Kuzeyin Sesi","description":"Do\u011fru Haberin Adresi","potentialAction":[{"@type":"SearchAction","target":{"@type":"EntryPoint","urlTemplate":"https:\/\/kuzeyinsesi.org\/?s={search_term_string}"},"query-input":{"@type":"PropertyValueSpecification","valueRequired":true,"valueName":"search_term_string"}}],"inLanguage":"tr"},{"@type":"Person","@id":"https:\/\/kuzeyinsesi.org\/#\/schema\/person\/9f859689cdf01485597712386e37f5aa","name":"Kuzeyin Sesi","image":{"@type":"ImageObject","inLanguage":"tr","@id":"https:\/\/secure.gravatar.com\/avatar\/bab33852abfd8b282518d6ed81826833d77c3c882d9ab608add591ccace47a44?s=96&d=mm&r=g","url":"https:\/\/secure.gravatar.com\/avatar\/bab33852abfd8b282518d6ed81826833d77c3c882d9ab608add591ccace47a44?s=96&d=mm&r=g","contentUrl":"https:\/\/secure.gravatar.com\/avatar\/bab33852abfd8b282518d6ed81826833d77c3c882d9ab608add591ccace47a44?s=96&d=mm&r=g","caption":"Kuzeyin Sesi"},"sameAs":["https:\/\/kuzeyinsesi.org"],"url":"https:\/\/kuzeyinsesi.org\/index.php\/author\/guven\/"}]}},"_links":{"self":[{"href":"https:\/\/kuzeyinsesi.org\/index.php\/wp-json\/wp\/v2\/posts\/935","targetHints":{"allow":["GET"]}}],"collection":[{"href":"https:\/\/kuzeyinsesi.org\/index.php\/wp-json\/wp\/v2\/posts"}],"about":[{"href":"https:\/\/kuzeyinsesi.org\/index.php\/wp-json\/wp\/v2\/types\/post"}],"author":[{"embeddable":true,"href":"https:\/\/kuzeyinsesi.org\/index.php\/wp-json\/wp\/v2\/users\/1"}],"replies":[{"embeddable":true,"href":"https:\/\/kuzeyinsesi.org\/index.php\/wp-json\/wp\/v2\/comments?post=935"}],"version-history":[{"count":0,"href":"https:\/\/kuzeyinsesi.org\/index.php\/wp-json\/wp\/v2\/posts\/935\/revisions"}],"wp:featuredmedia":[{"embeddable":true,"href":"https:\/\/kuzeyinsesi.org\/index.php\/wp-json\/wp\/v2\/media\/936"}],"wp:attachment":[{"href":"https:\/\/kuzeyinsesi.org\/index.php\/wp-json\/wp\/v2\/media?parent=935"}],"wp:term":[{"taxonomy":"category","embeddable":true,"href":"https:\/\/kuzeyinsesi.org\/index.php\/wp-json\/wp\/v2\/categories?post=935"},{"taxonomy":"post_tag","embeddable":true,"href":"https:\/\/kuzeyinsesi.org\/index.php\/wp-json\/wp\/v2\/tags?post=935"}],"curies":[{"name":"wp","href":"https:\/\/api.w.org\/{rel}","templated":true}]}}