{"id":9225,"date":"2024-09-05T18:10:37","date_gmt":"2024-09-05T15:10:37","guid":{"rendered":"https:\/\/kuzeyinsesi.org\/index.php\/2024\/09\/05\/iki-toplumlu-oyku-yarismasi-duzenleniyor\/"},"modified":"2024-09-05T18:10:37","modified_gmt":"2024-09-05T15:10:37","slug":"iki-toplumlu-oyku-yarismasi-duzenleniyor","status":"publish","type":"post","link":"https:\/\/kuzeyinsesi.org\/index.php\/2024\/09\/05\/iki-toplumlu-oyku-yarismasi-duzenleniyor\/","title":{"rendered":"\u0130ki toplumlu \u00f6yk\u00fc yar\u0131\u015fmas\u0131 d\u00fczenleniyor"},"content":{"rendered":"<div>\n<div class=\"mariselle-image-container none\">\n                                            <\/div>\n<p>K\u0131br\u0131s\u2019\u0131n g\u00fcneyi ve kuzeyindeki yazarlara y\u00f6nelik iki toplumlu \u00f6yk\u00fc yar\u0131\u015fmas\u0131 d\u00fczenleniyor.<\/p>\n<p>K\u0131br\u0131s Sanat\u00e7\u0131 ve Yazarlar Birli\u011fi\u2019nden yap\u0131lan a\u00e7\u0131klamaya g\u00f6re, son teslim tarihi 31 Ocak 2025 olan yar\u0131\u015fmaya, 35 ya\u015f\u0131n\u0131 ge\u00e7memi\u015f gen\u00e7 yazarlar kat\u0131labilecek.<\/p>\n<p>K\u0131br\u0131s Edebiyat\u00e7\u0131lar Birli\u011fi ile K\u0131br\u0131s Sanat\u00e7\u0131 ve Yazarlar Birli\u011fi i\u015f birli\u011finde, iki toplumdaki yazarlara y\u00f6nelik d\u00fczenlenecek, serbest temal\u0131 yar\u0131\u015fmaya \u00e7ok say\u0131da \u00f6yk\u00fcyle ba\u015fvuru yap\u0131labilecek. Yar\u0131\u015fmaya, 25 sayfadan az 35 sayfadan fazla olmamak \u00fczere T\u00fcrk\u00e7e veya Rumca yaz\u0131lm\u0131\u015f tek bir uzun \u00f6yk\u00fcyle de kat\u0131lmak m\u00fcmk\u00fcn olacak. \u00a0\u00d6yk\u00fcler tercihen Times New Roman 12 ve 1 bu\u00e7uk aral\u0131kla yaz\u0131lacak. G\u00f6nderilen \u00f6yk\u00fclerin daha \u00f6nce bir yerde yay\u0131mlanmama \u015fart\u0131 aranacak.<\/p>\n<p>\u00d6yk\u00fcler 3 n\u00fcsha halinde \u201cDt. Tamer \u00d6nc\u00fcl, Dr. Remzi G\u00f6nen\u00e7 Sokak No:5 Etik Hastanesi, Ortak\u00f6y\u201d adresine kapal\u0131 bir zarf i\u00e7inde teslim edilecek. \u00a0Zarf\u0131n \u00fczerine \u201c\u0130ki Toplumlu \u00d6yk\u00fc Yar\u0131\u015fmas\u0131\u201d yaz\u0131lacak, bir Rumuz ve d\u00f6rt rakaml\u0131 kod eklenecek.<\/p>\n<p>Ayn\u0131 zarf\u0131n i\u00e7ine konacak ikinci k\u00fc\u00e7\u00fck zarf\u0131n d\u0131\u015f\u0131na da ayn\u0131 rumuz ve kod yaz\u0131lacak, bu zarfta kat\u0131l\u0131mc\u0131n\u0131n ad\u0131 ve soyad\u0131, ya\u015f\u0131 ve ileti\u015fim bilgileriyle ilgili bilgiler (Telefon, WhatsApp, e mail) bulunacak. Ayr\u0131ca bu bilgilere ya\u015fla ilgili teyit i\u00e7in bir kimlik kart\u0131 kopyas\u0131 da ekleyecek. Daha fazla bilgi i\u00e7in 05338832010 numaral\u0131 telefona ula\u015f\u0131labilecek.<\/p>\n<p>\u00d6yk\u00fcler her iki dilde 3 ki\u015filik j\u00fcri \u00fcyeleri taraf\u0131ndan de\u011ferlendirilecek ve her 2 dilden birinci gelenlerin \u00f6yk\u00fcleri di\u011fer dile de \u00e7evrilerek, ortak bir kitap olarak yay\u0131mlanacak.<\/p>\n<\/p><\/div>\n<p><script async\n                    defer\n                    crossorigin=\"anonymous\"\n                    src=\"https:\/\/connect.facebook.net\/tr_TR\/sdk.js#xfbml=1&#038;version=v3.3\"\n            ><\/script><\/p>\n","protected":false},"excerpt":{"rendered":"<p>K\u0131br\u0131s\u2019\u0131n g\u00fcneyi ve kuzeyindeki yazarlara y\u00f6nelik iki toplumlu \u00f6yk\u00fc yar\u0131\u015fmas\u0131 d\u00fczenleniyor. K\u0131br\u0131s Sanat\u00e7\u0131 ve Yazarlar Birli\u011fi\u2019nden yap\u0131lan a\u00e7\u0131klamaya g\u00f6re, son teslim tarihi 31 Ocak 2025 olan yar\u0131\u015fmaya, 35 ya\u015f\u0131n\u0131 ge\u00e7memi\u015f gen\u00e7 yazarlar kat\u0131labilecek. K\u0131br\u0131s Edebiyat\u00e7\u0131lar Birli\u011fi ile K\u0131br\u0131s Sanat\u00e7\u0131 ve Yazarlar Birli\u011fi i\u015f birli\u011finde, iki toplumdaki yazarlara y\u00f6nelik d\u00fczenlenecek, serbest temal\u0131 yar\u0131\u015fmaya \u00e7ok say\u0131da \u00f6yk\u00fcyle [&hellip;]<\/p>\n","protected":false},"author":1,"featured_media":9226,"comment_status":"open","ping_status":"open","sticky":false,"template":"","format":"standard","meta":{"jnews-multi-image_gallery":[],"jnews_single_post":[],"jnews_primary_category":[],"jnews_social_meta":[],"jnews_override_counter":[],"footnotes":""},"categories":[6],"tags":[],"class_list":["post-9225","post","type-post","status-publish","format-standard","has-post-thumbnail","hentry","category-yasam"],"yoast_head":"<!-- This site is optimized with the Yoast SEO plugin v27.5 - https:\/\/yoast.com\/product\/yoast-seo-wordpress\/ -->\n<title>\u0130ki toplumlu \u00f6yk\u00fc yar\u0131\u015fmas\u0131 d\u00fczenleniyor - Kuzeyin Sesi<\/title>\n<meta name=\"robots\" content=\"index, follow, max-snippet:-1, max-image-preview:large, max-video-preview:-1\" \/>\n<link rel=\"canonical\" href=\"https:\/\/kuzeyinsesi.org\/index.php\/2024\/09\/05\/iki-toplumlu-oyku-yarismasi-duzenleniyor\/\" \/>\n<meta property=\"og:locale\" content=\"tr_TR\" \/>\n<meta property=\"og:type\" content=\"article\" \/>\n<meta property=\"og:title\" content=\"\u0130ki toplumlu \u00f6yk\u00fc yar\u0131\u015fmas\u0131 d\u00fczenleniyor - Kuzeyin Sesi\" \/>\n<meta property=\"og:description\" content=\"K\u0131br\u0131s\u2019\u0131n g\u00fcneyi ve kuzeyindeki yazarlara y\u00f6nelik iki toplumlu \u00f6yk\u00fc yar\u0131\u015fmas\u0131 d\u00fczenleniyor. K\u0131br\u0131s Sanat\u00e7\u0131 ve Yazarlar Birli\u011fi\u2019nden yap\u0131lan a\u00e7\u0131klamaya g\u00f6re, son teslim tarihi 31 Ocak 2025 olan yar\u0131\u015fmaya, 35 ya\u015f\u0131n\u0131 ge\u00e7memi\u015f gen\u00e7 yazarlar kat\u0131labilecek. K\u0131br\u0131s Edebiyat\u00e7\u0131lar Birli\u011fi ile K\u0131br\u0131s Sanat\u00e7\u0131 ve Yazarlar Birli\u011fi i\u015f birli\u011finde, iki toplumdaki yazarlara y\u00f6nelik d\u00fczenlenecek, serbest temal\u0131 yar\u0131\u015fmaya \u00e7ok say\u0131da \u00f6yk\u00fcyle [&hellip;]\" \/>\n<meta property=\"og:url\" content=\"https:\/\/kuzeyinsesi.org\/index.php\/2024\/09\/05\/iki-toplumlu-oyku-yarismasi-duzenleniyor\/\" \/>\n<meta property=\"og:site_name\" content=\"Kuzeyin Sesi\" \/>\n<meta property=\"article:publisher\" content=\"https:\/\/www.facebook.com\/kuzeyinsesii\" \/>\n<meta property=\"article:published_time\" content=\"2024-09-05T15:10:37+00:00\" \/>\n<meta property=\"og:image\" content=\"https:\/\/brtk.net\/wp-content\/uploads\/2024\/09\/05\/kibris-turk-sanatci-ve-yazarler.jpg?ver=b1166f5fa3f6d7fbc887af96f5a16790\" \/>\n<meta name=\"author\" content=\"Kuzeyin Sesi\" \/>\n<meta name=\"twitter:card\" content=\"summary_large_image\" \/>\n<meta name=\"twitter:creator\" content=\"@kuzeyinsesii\" \/>\n<meta name=\"twitter:site\" content=\"@kuzeyinsesii\" \/>\n<meta name=\"twitter:label1\" content=\"Yazan:\" \/>\n\t<meta name=\"twitter:data1\" content=\"Kuzeyin Sesi\" \/>\n\t<meta name=\"twitter:label2\" content=\"Tahmini okuma s\u00fcresi\" \/>\n\t<meta name=\"twitter:data2\" content=\"1 dakika\" \/>\n<script type=\"application\/ld+json\" class=\"yoast-schema-graph\">{\"@context\":\"https:\\\/\\\/schema.org\",\"@graph\":[{\"@type\":\"Article\",\"@id\":\"https:\\\/\\\/kuzeyinsesi.org\\\/index.php\\\/2024\\\/09\\\/05\\\/iki-toplumlu-oyku-yarismasi-duzenleniyor\\\/#article\",\"isPartOf\":{\"@id\":\"https:\\\/\\\/kuzeyinsesi.org\\\/index.php\\\/2024\\\/09\\\/05\\\/iki-toplumlu-oyku-yarismasi-duzenleniyor\\\/\"},\"author\":{\"name\":\"Kuzeyin Sesi\",\"@id\":\"https:\\\/\\\/kuzeyinsesi.org\\\/#\\\/schema\\\/person\\\/9f859689cdf01485597712386e37f5aa\"},\"headline\":\"\u0130ki toplumlu \u00f6yk\u00fc yar\u0131\u015fmas\u0131 d\u00fczenleniyor\",\"datePublished\":\"2024-09-05T15:10:37+00:00\",\"mainEntityOfPage\":{\"@id\":\"https:\\\/\\\/kuzeyinsesi.org\\\/index.php\\\/2024\\\/09\\\/05\\\/iki-toplumlu-oyku-yarismasi-duzenleniyor\\\/\"},\"wordCount\":290,\"commentCount\":0,\"image\":{\"@id\":\"https:\\\/\\\/kuzeyinsesi.org\\\/index.php\\\/2024\\\/09\\\/05\\\/iki-toplumlu-oyku-yarismasi-duzenleniyor\\\/#primaryimage\"},\"thumbnailUrl\":\"https:\\\/\\\/kuzeyinsesi.org\\\/wp-content\\\/uploads\\\/2024\\\/09\\\/kibris-turk-sanatci-ve-yazarler.jpg\",\"articleSection\":[\"Ya\u015fam\"],\"inLanguage\":\"tr\",\"potentialAction\":[{\"@type\":\"CommentAction\",\"name\":\"Comment\",\"target\":[\"https:\\\/\\\/kuzeyinsesi.org\\\/index.php\\\/2024\\\/09\\\/05\\\/iki-toplumlu-oyku-yarismasi-duzenleniyor\\\/#respond\"]}]},{\"@type\":\"WebPage\",\"@id\":\"https:\\\/\\\/kuzeyinsesi.org\\\/index.php\\\/2024\\\/09\\\/05\\\/iki-toplumlu-oyku-yarismasi-duzenleniyor\\\/\",\"url\":\"https:\\\/\\\/kuzeyinsesi.org\\\/index.php\\\/2024\\\/09\\\/05\\\/iki-toplumlu-oyku-yarismasi-duzenleniyor\\\/\",\"name\":\"\u0130ki toplumlu \u00f6yk\u00fc yar\u0131\u015fmas\u0131 d\u00fczenleniyor - Kuzeyin Sesi\",\"isPartOf\":{\"@id\":\"https:\\\/\\\/kuzeyinsesi.org\\\/#website\"},\"primaryImageOfPage\":{\"@id\":\"https:\\\/\\\/kuzeyinsesi.org\\\/index.php\\\/2024\\\/09\\\/05\\\/iki-toplumlu-oyku-yarismasi-duzenleniyor\\\/#primaryimage\"},\"image\":{\"@id\":\"https:\\\/\\\/kuzeyinsesi.org\\\/index.php\\\/2024\\\/09\\\/05\\\/iki-toplumlu-oyku-yarismasi-duzenleniyor\\\/#primaryimage\"},\"thumbnailUrl\":\"https:\\\/\\\/kuzeyinsesi.org\\\/wp-content\\\/uploads\\\/2024\\\/09\\\/kibris-turk-sanatci-ve-yazarler.jpg\",\"datePublished\":\"2024-09-05T15:10:37+00:00\",\"author\":{\"@id\":\"https:\\\/\\\/kuzeyinsesi.org\\\/#\\\/schema\\\/person\\\/9f859689cdf01485597712386e37f5aa\"},\"breadcrumb\":{\"@id\":\"https:\\\/\\\/kuzeyinsesi.org\\\/index.php\\\/2024\\\/09\\\/05\\\/iki-toplumlu-oyku-yarismasi-duzenleniyor\\\/#breadcrumb\"},\"inLanguage\":\"tr\",\"potentialAction\":[{\"@type\":\"ReadAction\",\"target\":[\"https:\\\/\\\/kuzeyinsesi.org\\\/index.php\\\/2024\\\/09\\\/05\\\/iki-toplumlu-oyku-yarismasi-duzenleniyor\\\/\"]}]},{\"@type\":\"ImageObject\",\"inLanguage\":\"tr\",\"@id\":\"https:\\\/\\\/kuzeyinsesi.org\\\/index.php\\\/2024\\\/09\\\/05\\\/iki-toplumlu-oyku-yarismasi-duzenleniyor\\\/#primaryimage\",\"url\":\"https:\\\/\\\/kuzeyinsesi.org\\\/wp-content\\\/uploads\\\/2024\\\/09\\\/kibris-turk-sanatci-ve-yazarler.jpg\",\"contentUrl\":\"https:\\\/\\\/kuzeyinsesi.org\\\/wp-content\\\/uploads\\\/2024\\\/09\\\/kibris-turk-sanatci-ve-yazarler.jpg\",\"width\":289,\"height\":284},{\"@type\":\"BreadcrumbList\",\"@id\":\"https:\\\/\\\/kuzeyinsesi.org\\\/index.php\\\/2024\\\/09\\\/05\\\/iki-toplumlu-oyku-yarismasi-duzenleniyor\\\/#breadcrumb\",\"itemListElement\":[{\"@type\":\"ListItem\",\"position\":1,\"name\":\"Anasayfa\",\"item\":\"https:\\\/\\\/kuzeyinsesi.org\\\/\"},{\"@type\":\"ListItem\",\"position\":2,\"name\":\"\u0130ki toplumlu \u00f6yk\u00fc yar\u0131\u015fmas\u0131 d\u00fczenleniyor\"}]},{\"@type\":\"WebSite\",\"@id\":\"https:\\\/\\\/kuzeyinsesi.org\\\/#website\",\"url\":\"https:\\\/\\\/kuzeyinsesi.org\\\/\",\"name\":\"Kuzeyin Sesi\",\"description\":\"Do\u011fru Haberin Adresi\",\"potentialAction\":[{\"@type\":\"SearchAction\",\"target\":{\"@type\":\"EntryPoint\",\"urlTemplate\":\"https:\\\/\\\/kuzeyinsesi.org\\\/?s={search_term_string}\"},\"query-input\":{\"@type\":\"PropertyValueSpecification\",\"valueRequired\":true,\"valueName\":\"search_term_string\"}}],\"inLanguage\":\"tr\"},{\"@type\":\"Person\",\"@id\":\"https:\\\/\\\/kuzeyinsesi.org\\\/#\\\/schema\\\/person\\\/9f859689cdf01485597712386e37f5aa\",\"name\":\"Kuzeyin Sesi\",\"image\":{\"@type\":\"ImageObject\",\"inLanguage\":\"tr\",\"@id\":\"https:\\\/\\\/secure.gravatar.com\\\/avatar\\\/bab33852abfd8b282518d6ed81826833d77c3c882d9ab608add591ccace47a44?s=96&d=mm&r=g\",\"url\":\"https:\\\/\\\/secure.gravatar.com\\\/avatar\\\/bab33852abfd8b282518d6ed81826833d77c3c882d9ab608add591ccace47a44?s=96&d=mm&r=g\",\"contentUrl\":\"https:\\\/\\\/secure.gravatar.com\\\/avatar\\\/bab33852abfd8b282518d6ed81826833d77c3c882d9ab608add591ccace47a44?s=96&d=mm&r=g\",\"caption\":\"Kuzeyin Sesi\"},\"sameAs\":[\"https:\\\/\\\/kuzeyinsesi.org\"],\"url\":\"https:\\\/\\\/kuzeyinsesi.org\\\/index.php\\\/author\\\/guven\\\/\"}]}<\/script>\n<!-- \/ Yoast SEO plugin. -->","yoast_head_json":{"title":"\u0130ki toplumlu \u00f6yk\u00fc yar\u0131\u015fmas\u0131 d\u00fczenleniyor - Kuzeyin Sesi","robots":{"index":"index","follow":"follow","max-snippet":"max-snippet:-1","max-image-preview":"max-image-preview:large","max-video-preview":"max-video-preview:-1"},"canonical":"https:\/\/kuzeyinsesi.org\/index.php\/2024\/09\/05\/iki-toplumlu-oyku-yarismasi-duzenleniyor\/","og_locale":"tr_TR","og_type":"article","og_title":"\u0130ki toplumlu \u00f6yk\u00fc yar\u0131\u015fmas\u0131 d\u00fczenleniyor - Kuzeyin Sesi","og_description":"K\u0131br\u0131s\u2019\u0131n g\u00fcneyi ve kuzeyindeki yazarlara y\u00f6nelik iki toplumlu \u00f6yk\u00fc yar\u0131\u015fmas\u0131 d\u00fczenleniyor. K\u0131br\u0131s Sanat\u00e7\u0131 ve Yazarlar Birli\u011fi\u2019nden yap\u0131lan a\u00e7\u0131klamaya g\u00f6re, son teslim tarihi 31 Ocak 2025 olan yar\u0131\u015fmaya, 35 ya\u015f\u0131n\u0131 ge\u00e7memi\u015f gen\u00e7 yazarlar kat\u0131labilecek. K\u0131br\u0131s Edebiyat\u00e7\u0131lar Birli\u011fi ile K\u0131br\u0131s Sanat\u00e7\u0131 ve Yazarlar Birli\u011fi i\u015f birli\u011finde, iki toplumdaki yazarlara y\u00f6nelik d\u00fczenlenecek, serbest temal\u0131 yar\u0131\u015fmaya \u00e7ok say\u0131da \u00f6yk\u00fcyle [&hellip;]","og_url":"https:\/\/kuzeyinsesi.org\/index.php\/2024\/09\/05\/iki-toplumlu-oyku-yarismasi-duzenleniyor\/","og_site_name":"Kuzeyin Sesi","article_publisher":"https:\/\/www.facebook.com\/kuzeyinsesii","article_published_time":"2024-09-05T15:10:37+00:00","og_image":[{"url":"https:\/\/brtk.net\/wp-content\/uploads\/2024\/09\/05\/kibris-turk-sanatci-ve-yazarler.jpg?ver=b1166f5fa3f6d7fbc887af96f5a16790","type":"","width":"","height":""}],"author":"Kuzeyin Sesi","twitter_card":"summary_large_image","twitter_creator":"@kuzeyinsesii","twitter_site":"@kuzeyinsesii","twitter_misc":{"Yazan:":"Kuzeyin Sesi","Tahmini okuma s\u00fcresi":"1 dakika"},"schema":{"@context":"https:\/\/schema.org","@graph":[{"@type":"Article","@id":"https:\/\/kuzeyinsesi.org\/index.php\/2024\/09\/05\/iki-toplumlu-oyku-yarismasi-duzenleniyor\/#article","isPartOf":{"@id":"https:\/\/kuzeyinsesi.org\/index.php\/2024\/09\/05\/iki-toplumlu-oyku-yarismasi-duzenleniyor\/"},"author":{"name":"Kuzeyin Sesi","@id":"https:\/\/kuzeyinsesi.org\/#\/schema\/person\/9f859689cdf01485597712386e37f5aa"},"headline":"\u0130ki toplumlu \u00f6yk\u00fc yar\u0131\u015fmas\u0131 d\u00fczenleniyor","datePublished":"2024-09-05T15:10:37+00:00","mainEntityOfPage":{"@id":"https:\/\/kuzeyinsesi.org\/index.php\/2024\/09\/05\/iki-toplumlu-oyku-yarismasi-duzenleniyor\/"},"wordCount":290,"commentCount":0,"image":{"@id":"https:\/\/kuzeyinsesi.org\/index.php\/2024\/09\/05\/iki-toplumlu-oyku-yarismasi-duzenleniyor\/#primaryimage"},"thumbnailUrl":"https:\/\/kuzeyinsesi.org\/wp-content\/uploads\/2024\/09\/kibris-turk-sanatci-ve-yazarler.jpg","articleSection":["Ya\u015fam"],"inLanguage":"tr","potentialAction":[{"@type":"CommentAction","name":"Comment","target":["https:\/\/kuzeyinsesi.org\/index.php\/2024\/09\/05\/iki-toplumlu-oyku-yarismasi-duzenleniyor\/#respond"]}]},{"@type":"WebPage","@id":"https:\/\/kuzeyinsesi.org\/index.php\/2024\/09\/05\/iki-toplumlu-oyku-yarismasi-duzenleniyor\/","url":"https:\/\/kuzeyinsesi.org\/index.php\/2024\/09\/05\/iki-toplumlu-oyku-yarismasi-duzenleniyor\/","name":"\u0130ki toplumlu \u00f6yk\u00fc yar\u0131\u015fmas\u0131 d\u00fczenleniyor - Kuzeyin Sesi","isPartOf":{"@id":"https:\/\/kuzeyinsesi.org\/#website"},"primaryImageOfPage":{"@id":"https:\/\/kuzeyinsesi.org\/index.php\/2024\/09\/05\/iki-toplumlu-oyku-yarismasi-duzenleniyor\/#primaryimage"},"image":{"@id":"https:\/\/kuzeyinsesi.org\/index.php\/2024\/09\/05\/iki-toplumlu-oyku-yarismasi-duzenleniyor\/#primaryimage"},"thumbnailUrl":"https:\/\/kuzeyinsesi.org\/wp-content\/uploads\/2024\/09\/kibris-turk-sanatci-ve-yazarler.jpg","datePublished":"2024-09-05T15:10:37+00:00","author":{"@id":"https:\/\/kuzeyinsesi.org\/#\/schema\/person\/9f859689cdf01485597712386e37f5aa"},"breadcrumb":{"@id":"https:\/\/kuzeyinsesi.org\/index.php\/2024\/09\/05\/iki-toplumlu-oyku-yarismasi-duzenleniyor\/#breadcrumb"},"inLanguage":"tr","potentialAction":[{"@type":"ReadAction","target":["https:\/\/kuzeyinsesi.org\/index.php\/2024\/09\/05\/iki-toplumlu-oyku-yarismasi-duzenleniyor\/"]}]},{"@type":"ImageObject","inLanguage":"tr","@id":"https:\/\/kuzeyinsesi.org\/index.php\/2024\/09\/05\/iki-toplumlu-oyku-yarismasi-duzenleniyor\/#primaryimage","url":"https:\/\/kuzeyinsesi.org\/wp-content\/uploads\/2024\/09\/kibris-turk-sanatci-ve-yazarler.jpg","contentUrl":"https:\/\/kuzeyinsesi.org\/wp-content\/uploads\/2024\/09\/kibris-turk-sanatci-ve-yazarler.jpg","width":289,"height":284},{"@type":"BreadcrumbList","@id":"https:\/\/kuzeyinsesi.org\/index.php\/2024\/09\/05\/iki-toplumlu-oyku-yarismasi-duzenleniyor\/#breadcrumb","itemListElement":[{"@type":"ListItem","position":1,"name":"Anasayfa","item":"https:\/\/kuzeyinsesi.org\/"},{"@type":"ListItem","position":2,"name":"\u0130ki toplumlu \u00f6yk\u00fc yar\u0131\u015fmas\u0131 d\u00fczenleniyor"}]},{"@type":"WebSite","@id":"https:\/\/kuzeyinsesi.org\/#website","url":"https:\/\/kuzeyinsesi.org\/","name":"Kuzeyin Sesi","description":"Do\u011fru Haberin Adresi","potentialAction":[{"@type":"SearchAction","target":{"@type":"EntryPoint","urlTemplate":"https:\/\/kuzeyinsesi.org\/?s={search_term_string}"},"query-input":{"@type":"PropertyValueSpecification","valueRequired":true,"valueName":"search_term_string"}}],"inLanguage":"tr"},{"@type":"Person","@id":"https:\/\/kuzeyinsesi.org\/#\/schema\/person\/9f859689cdf01485597712386e37f5aa","name":"Kuzeyin Sesi","image":{"@type":"ImageObject","inLanguage":"tr","@id":"https:\/\/secure.gravatar.com\/avatar\/bab33852abfd8b282518d6ed81826833d77c3c882d9ab608add591ccace47a44?s=96&d=mm&r=g","url":"https:\/\/secure.gravatar.com\/avatar\/bab33852abfd8b282518d6ed81826833d77c3c882d9ab608add591ccace47a44?s=96&d=mm&r=g","contentUrl":"https:\/\/secure.gravatar.com\/avatar\/bab33852abfd8b282518d6ed81826833d77c3c882d9ab608add591ccace47a44?s=96&d=mm&r=g","caption":"Kuzeyin Sesi"},"sameAs":["https:\/\/kuzeyinsesi.org"],"url":"https:\/\/kuzeyinsesi.org\/index.php\/author\/guven\/"}]}},"_links":{"self":[{"href":"https:\/\/kuzeyinsesi.org\/index.php\/wp-json\/wp\/v2\/posts\/9225","targetHints":{"allow":["GET"]}}],"collection":[{"href":"https:\/\/kuzeyinsesi.org\/index.php\/wp-json\/wp\/v2\/posts"}],"about":[{"href":"https:\/\/kuzeyinsesi.org\/index.php\/wp-json\/wp\/v2\/types\/post"}],"author":[{"embeddable":true,"href":"https:\/\/kuzeyinsesi.org\/index.php\/wp-json\/wp\/v2\/users\/1"}],"replies":[{"embeddable":true,"href":"https:\/\/kuzeyinsesi.org\/index.php\/wp-json\/wp\/v2\/comments?post=9225"}],"version-history":[{"count":0,"href":"https:\/\/kuzeyinsesi.org\/index.php\/wp-json\/wp\/v2\/posts\/9225\/revisions"}],"wp:featuredmedia":[{"embeddable":true,"href":"https:\/\/kuzeyinsesi.org\/index.php\/wp-json\/wp\/v2\/media\/9226"}],"wp:attachment":[{"href":"https:\/\/kuzeyinsesi.org\/index.php\/wp-json\/wp\/v2\/media?parent=9225"}],"wp:term":[{"taxonomy":"category","embeddable":true,"href":"https:\/\/kuzeyinsesi.org\/index.php\/wp-json\/wp\/v2\/categories?post=9225"},{"taxonomy":"post_tag","embeddable":true,"href":"https:\/\/kuzeyinsesi.org\/index.php\/wp-json\/wp\/v2\/tags?post=9225"}],"curies":[{"name":"wp","href":"https:\/\/api.w.org\/{rel}","templated":true}]}}