{"id":9153,"date":"2024-09-04T21:43:33","date_gmt":"2024-09-04T18:43:33","guid":{"rendered":"https:\/\/kuzeyinsesi.org\/index.php\/2024\/09\/04\/sanatci-feza-aygin-sanivarin-dogadan-kagida-isimli-sergisi-acildi\/"},"modified":"2024-09-04T21:43:33","modified_gmt":"2024-09-04T18:43:33","slug":"sanatci-feza-aygin-sanivarin-dogadan-kagida-isimli-sergisi-acildi","status":"publish","type":"post","link":"https:\/\/kuzeyinsesi.org\/index.php\/2024\/09\/04\/sanatci-feza-aygin-sanivarin-dogadan-kagida-isimli-sergisi-acildi\/","title":{"rendered":"Sanat\u00e7\u0131 Feza Ayg\u0131n San\u0131var\u2019\u0131n \u201cDo\u011fadan Ka\u011f\u0131da\u201d isimli sergisi a\u00e7\u0131ld\u0131"},"content":{"rendered":"<div>\n<div class=\"mariselle-image-container center\">\n                                            <\/div>\n<p>Sanat\u00e7\u0131 Feza Ayg\u0131n San\u0131var \u201cDo\u011fadan Ka\u011f\u0131da\u201d isimli \u00e7al\u0131\u015fmas\u0131n\u0131 sanatseverlerin be\u011fenisine sundu.<\/p>\n<p>\u201cDo\u011fadan Ka\u011f\u0131da\u201d isimli sergi Girne Gen\u00e7lik Merkezinde a\u00e7\u0131ld\u0131.San\u0131var, Serginin a\u00e7\u0131l\u0131\u015f\u0131nda k\u0131sa bir konu\u015fma yapt\u0131.San\u0131var, \u201cDo\u011fadaki her malzemenin geri d\u00f6n\u00fc\u015f\u00fcm\u00fc yap\u0131larak yeni bir eser ortaya \u00e7\u0131kar\u0131labilece\u011fini dile getirerek, Farkl\u0131 a\u011fa\u00e7 ve bitki t\u00fcrlerinden elde etti\u011fi ka\u011f\u0131tlardan olu\u015fturdu\u011fu eserleri sergilemekten b\u00fcy\u00fck mutluluk duydu\u011funu s\u00f6yledi.<\/p>\n<p>Giri\u015fimci Kad\u0131nlar Derne\u011fi Ba\u015fkan\u0131 \u0130\u00e7im \u00c7a\u011f\u0131ner Kavuklu ise kad\u0131n\u0131n her alanda yarat\u0131c\u0131 oldu\u011funa i\u015faret etti.<\/p>\n<p>Kavuklu, kad\u0131nlar\u0131n her alanda \u00fcretmeye devam etmesini istedi.<\/p>\n<p>A\u00e7\u0131l\u0131\u015f\u0131n ard\u0131ndan sanatseverler zeytin, Cemile \u00e7i\u00e7e\u011fi, muz ve \u00e7am gibi \u00e7e\u015fitli a\u011fa\u00e7 ve bitkilerden \u00d6zel teknikler kullan\u0131larak elde edilen ka\u011f\u0131ttan Eserleri gezme imkan\u0131 buldu<\/p>\n<p>Girne Gen\u00e7lik Merkezinde yer alan 69 eser 10 Eyl\u00fcl\u2019e kadar 10.00-18.00 saatleri aras\u0131nda  gezilebilecek.<\/p>\n<\/p><\/div>\n<p><script async\n                    defer\n                    crossorigin=\"anonymous\"\n                    src=\"https:\/\/connect.facebook.net\/tr_TR\/sdk.js#xfbml=1&#038;version=v3.3\"\n            ><\/script><\/p>\n","protected":false},"excerpt":{"rendered":"<p>Sanat\u00e7\u0131 Feza Ayg\u0131n San\u0131var \u201cDo\u011fadan Ka\u011f\u0131da\u201d isimli \u00e7al\u0131\u015fmas\u0131n\u0131 sanatseverlerin be\u011fenisine sundu. \u201cDo\u011fadan Ka\u011f\u0131da\u201d isimli sergi Girne Gen\u00e7lik Merkezinde a\u00e7\u0131ld\u0131.San\u0131var, Serginin a\u00e7\u0131l\u0131\u015f\u0131nda k\u0131sa bir konu\u015fma yapt\u0131.San\u0131var, \u201cDo\u011fadaki her malzemenin geri d\u00f6n\u00fc\u015f\u00fcm\u00fc yap\u0131larak yeni bir eser ortaya \u00e7\u0131kar\u0131labilece\u011fini dile getirerek, Farkl\u0131 a\u011fa\u00e7 ve bitki t\u00fcrlerinden elde etti\u011fi ka\u011f\u0131tlardan olu\u015fturdu\u011fu eserleri sergilemekten b\u00fcy\u00fck mutluluk duydu\u011funu s\u00f6yledi. Giri\u015fimci Kad\u0131nlar [&hellip;]<\/p>\n","protected":false},"author":1,"featured_media":9154,"comment_status":"open","ping_status":"open","sticky":false,"template":"","format":"standard","meta":{"jnews-multi-image_gallery":[],"jnews_single_post":[],"jnews_primary_category":[],"jnews_social_meta":[],"jnews_override_counter":[],"footnotes":""},"categories":[6],"tags":[],"class_list":["post-9153","post","type-post","status-publish","format-standard","has-post-thumbnail","hentry","category-yasam"],"yoast_head":"<!-- This site is optimized with the Yoast SEO plugin v27.5 - https:\/\/yoast.com\/product\/yoast-seo-wordpress\/ -->\n<title>Sanat\u00e7\u0131 Feza Ayg\u0131n San\u0131var\u2019\u0131n \u201cDo\u011fadan Ka\u011f\u0131da\u201d isimli sergisi a\u00e7\u0131ld\u0131 - Kuzeyin Sesi<\/title>\n<meta name=\"robots\" content=\"index, follow, max-snippet:-1, max-image-preview:large, max-video-preview:-1\" \/>\n<link rel=\"canonical\" href=\"https:\/\/kuzeyinsesi.org\/index.php\/2024\/09\/04\/sanatci-feza-aygin-sanivarin-dogadan-kagida-isimli-sergisi-acildi\/\" \/>\n<meta property=\"og:locale\" content=\"tr_TR\" \/>\n<meta property=\"og:type\" content=\"article\" \/>\n<meta property=\"og:title\" content=\"Sanat\u00e7\u0131 Feza Ayg\u0131n San\u0131var\u2019\u0131n \u201cDo\u011fadan Ka\u011f\u0131da\u201d isimli sergisi a\u00e7\u0131ld\u0131 - Kuzeyin Sesi\" \/>\n<meta property=\"og:description\" content=\"Sanat\u00e7\u0131 Feza Ayg\u0131n San\u0131var \u201cDo\u011fadan Ka\u011f\u0131da\u201d isimli \u00e7al\u0131\u015fmas\u0131n\u0131 sanatseverlerin be\u011fenisine sundu. \u201cDo\u011fadan Ka\u011f\u0131da\u201d isimli sergi Girne Gen\u00e7lik Merkezinde a\u00e7\u0131ld\u0131.San\u0131var, Serginin a\u00e7\u0131l\u0131\u015f\u0131nda k\u0131sa bir konu\u015fma yapt\u0131.San\u0131var, \u201cDo\u011fadaki her malzemenin geri d\u00f6n\u00fc\u015f\u00fcm\u00fc yap\u0131larak yeni bir eser ortaya \u00e7\u0131kar\u0131labilece\u011fini dile getirerek, Farkl\u0131 a\u011fa\u00e7 ve bitki t\u00fcrlerinden elde etti\u011fi ka\u011f\u0131tlardan olu\u015fturdu\u011fu eserleri sergilemekten b\u00fcy\u00fck mutluluk duydu\u011funu s\u00f6yledi. Giri\u015fimci Kad\u0131nlar [&hellip;]\" \/>\n<meta property=\"og:url\" content=\"https:\/\/kuzeyinsesi.org\/index.php\/2024\/09\/04\/sanatci-feza-aygin-sanivarin-dogadan-kagida-isimli-sergisi-acildi\/\" \/>\n<meta property=\"og:site_name\" content=\"Kuzeyin Sesi\" \/>\n<meta property=\"article:publisher\" content=\"https:\/\/www.facebook.com\/kuzeyinsesii\" \/>\n<meta property=\"article:published_time\" content=\"2024-09-04T18:43:33+00:00\" \/>\n<meta property=\"og:image\" content=\"https:\/\/brtk.net\/wp-content\/uploads\/2024\/09\/03\/InShot_20240903_224113802.jpg?ver=cbc22bbc336e0cb5e80b5788cfddff2c\" \/>\n<meta name=\"author\" content=\"Kuzeyin Sesi\" \/>\n<meta name=\"twitter:card\" content=\"summary_large_image\" \/>\n<meta name=\"twitter:creator\" content=\"@kuzeyinsesii\" \/>\n<meta name=\"twitter:site\" content=\"@kuzeyinsesii\" \/>\n<meta name=\"twitter:label1\" content=\"Yazan:\" \/>\n\t<meta name=\"twitter:data1\" content=\"Kuzeyin Sesi\" \/>\n\t<meta name=\"twitter:label2\" content=\"Tahmini okuma s\u00fcresi\" \/>\n\t<meta name=\"twitter:data2\" content=\"1 dakika\" \/>\n<script type=\"application\/ld+json\" class=\"yoast-schema-graph\">{\"@context\":\"https:\\\/\\\/schema.org\",\"@graph\":[{\"@type\":\"Article\",\"@id\":\"https:\\\/\\\/kuzeyinsesi.org\\\/index.php\\\/2024\\\/09\\\/04\\\/sanatci-feza-aygin-sanivarin-dogadan-kagida-isimli-sergisi-acildi\\\/#article\",\"isPartOf\":{\"@id\":\"https:\\\/\\\/kuzeyinsesi.org\\\/index.php\\\/2024\\\/09\\\/04\\\/sanatci-feza-aygin-sanivarin-dogadan-kagida-isimli-sergisi-acildi\\\/\"},\"author\":{\"name\":\"Kuzeyin Sesi\",\"@id\":\"https:\\\/\\\/kuzeyinsesi.org\\\/#\\\/schema\\\/person\\\/9f859689cdf01485597712386e37f5aa\"},\"headline\":\"Sanat\u00e7\u0131 Feza Ayg\u0131n San\u0131var\u2019\u0131n \u201cDo\u011fadan Ka\u011f\u0131da\u201d isimli sergisi a\u00e7\u0131ld\u0131\",\"datePublished\":\"2024-09-04T18:43:33+00:00\",\"mainEntityOfPage\":{\"@id\":\"https:\\\/\\\/kuzeyinsesi.org\\\/index.php\\\/2024\\\/09\\\/04\\\/sanatci-feza-aygin-sanivarin-dogadan-kagida-isimli-sergisi-acildi\\\/\"},\"wordCount\":187,\"commentCount\":0,\"image\":{\"@id\":\"https:\\\/\\\/kuzeyinsesi.org\\\/index.php\\\/2024\\\/09\\\/04\\\/sanatci-feza-aygin-sanivarin-dogadan-kagida-isimli-sergisi-acildi\\\/#primaryimage\"},\"thumbnailUrl\":\"https:\\\/\\\/kuzeyinsesi.org\\\/wp-content\\\/uploads\\\/2024\\\/09\\\/InShot_20240903_224113802.jpg\",\"articleSection\":[\"Ya\u015fam\"],\"inLanguage\":\"tr\",\"potentialAction\":[{\"@type\":\"CommentAction\",\"name\":\"Comment\",\"target\":[\"https:\\\/\\\/kuzeyinsesi.org\\\/index.php\\\/2024\\\/09\\\/04\\\/sanatci-feza-aygin-sanivarin-dogadan-kagida-isimli-sergisi-acildi\\\/#respond\"]}]},{\"@type\":\"WebPage\",\"@id\":\"https:\\\/\\\/kuzeyinsesi.org\\\/index.php\\\/2024\\\/09\\\/04\\\/sanatci-feza-aygin-sanivarin-dogadan-kagida-isimli-sergisi-acildi\\\/\",\"url\":\"https:\\\/\\\/kuzeyinsesi.org\\\/index.php\\\/2024\\\/09\\\/04\\\/sanatci-feza-aygin-sanivarin-dogadan-kagida-isimli-sergisi-acildi\\\/\",\"name\":\"Sanat\u00e7\u0131 Feza Ayg\u0131n San\u0131var\u2019\u0131n \u201cDo\u011fadan Ka\u011f\u0131da\u201d isimli sergisi a\u00e7\u0131ld\u0131 - Kuzeyin Sesi\",\"isPartOf\":{\"@id\":\"https:\\\/\\\/kuzeyinsesi.org\\\/#website\"},\"primaryImageOfPage\":{\"@id\":\"https:\\\/\\\/kuzeyinsesi.org\\\/index.php\\\/2024\\\/09\\\/04\\\/sanatci-feza-aygin-sanivarin-dogadan-kagida-isimli-sergisi-acildi\\\/#primaryimage\"},\"image\":{\"@id\":\"https:\\\/\\\/kuzeyinsesi.org\\\/index.php\\\/2024\\\/09\\\/04\\\/sanatci-feza-aygin-sanivarin-dogadan-kagida-isimli-sergisi-acildi\\\/#primaryimage\"},\"thumbnailUrl\":\"https:\\\/\\\/kuzeyinsesi.org\\\/wp-content\\\/uploads\\\/2024\\\/09\\\/InShot_20240903_224113802.jpg\",\"datePublished\":\"2024-09-04T18:43:33+00:00\",\"author\":{\"@id\":\"https:\\\/\\\/kuzeyinsesi.org\\\/#\\\/schema\\\/person\\\/9f859689cdf01485597712386e37f5aa\"},\"breadcrumb\":{\"@id\":\"https:\\\/\\\/kuzeyinsesi.org\\\/index.php\\\/2024\\\/09\\\/04\\\/sanatci-feza-aygin-sanivarin-dogadan-kagida-isimli-sergisi-acildi\\\/#breadcrumb\"},\"inLanguage\":\"tr\",\"potentialAction\":[{\"@type\":\"ReadAction\",\"target\":[\"https:\\\/\\\/kuzeyinsesi.org\\\/index.php\\\/2024\\\/09\\\/04\\\/sanatci-feza-aygin-sanivarin-dogadan-kagida-isimli-sergisi-acildi\\\/\"]}]},{\"@type\":\"ImageObject\",\"inLanguage\":\"tr\",\"@id\":\"https:\\\/\\\/kuzeyinsesi.org\\\/index.php\\\/2024\\\/09\\\/04\\\/sanatci-feza-aygin-sanivarin-dogadan-kagida-isimli-sergisi-acildi\\\/#primaryimage\",\"url\":\"https:\\\/\\\/kuzeyinsesi.org\\\/wp-content\\\/uploads\\\/2024\\\/09\\\/InShot_20240903_224113802.jpg\",\"contentUrl\":\"https:\\\/\\\/kuzeyinsesi.org\\\/wp-content\\\/uploads\\\/2024\\\/09\\\/InShot_20240903_224113802.jpg\",\"width\":1920,\"height\":1079},{\"@type\":\"BreadcrumbList\",\"@id\":\"https:\\\/\\\/kuzeyinsesi.org\\\/index.php\\\/2024\\\/09\\\/04\\\/sanatci-feza-aygin-sanivarin-dogadan-kagida-isimli-sergisi-acildi\\\/#breadcrumb\",\"itemListElement\":[{\"@type\":\"ListItem\",\"position\":1,\"name\":\"Anasayfa\",\"item\":\"https:\\\/\\\/kuzeyinsesi.org\\\/\"},{\"@type\":\"ListItem\",\"position\":2,\"name\":\"Sanat\u00e7\u0131 Feza Ayg\u0131n San\u0131var\u2019\u0131n \u201cDo\u011fadan Ka\u011f\u0131da\u201d isimli sergisi a\u00e7\u0131ld\u0131\"}]},{\"@type\":\"WebSite\",\"@id\":\"https:\\\/\\\/kuzeyinsesi.org\\\/#website\",\"url\":\"https:\\\/\\\/kuzeyinsesi.org\\\/\",\"name\":\"Kuzeyin Sesi\",\"description\":\"Do\u011fru Haberin Adresi\",\"potentialAction\":[{\"@type\":\"SearchAction\",\"target\":{\"@type\":\"EntryPoint\",\"urlTemplate\":\"https:\\\/\\\/kuzeyinsesi.org\\\/?s={search_term_string}\"},\"query-input\":{\"@type\":\"PropertyValueSpecification\",\"valueRequired\":true,\"valueName\":\"search_term_string\"}}],\"inLanguage\":\"tr\"},{\"@type\":\"Person\",\"@id\":\"https:\\\/\\\/kuzeyinsesi.org\\\/#\\\/schema\\\/person\\\/9f859689cdf01485597712386e37f5aa\",\"name\":\"Kuzeyin Sesi\",\"image\":{\"@type\":\"ImageObject\",\"inLanguage\":\"tr\",\"@id\":\"https:\\\/\\\/secure.gravatar.com\\\/avatar\\\/bab33852abfd8b282518d6ed81826833d77c3c882d9ab608add591ccace47a44?s=96&d=mm&r=g\",\"url\":\"https:\\\/\\\/secure.gravatar.com\\\/avatar\\\/bab33852abfd8b282518d6ed81826833d77c3c882d9ab608add591ccace47a44?s=96&d=mm&r=g\",\"contentUrl\":\"https:\\\/\\\/secure.gravatar.com\\\/avatar\\\/bab33852abfd8b282518d6ed81826833d77c3c882d9ab608add591ccace47a44?s=96&d=mm&r=g\",\"caption\":\"Kuzeyin Sesi\"},\"sameAs\":[\"https:\\\/\\\/kuzeyinsesi.org\"],\"url\":\"https:\\\/\\\/kuzeyinsesi.org\\\/index.php\\\/author\\\/guven\\\/\"}]}<\/script>\n<!-- \/ Yoast SEO plugin. -->","yoast_head_json":{"title":"Sanat\u00e7\u0131 Feza Ayg\u0131n San\u0131var\u2019\u0131n \u201cDo\u011fadan Ka\u011f\u0131da\u201d isimli sergisi a\u00e7\u0131ld\u0131 - Kuzeyin Sesi","robots":{"index":"index","follow":"follow","max-snippet":"max-snippet:-1","max-image-preview":"max-image-preview:large","max-video-preview":"max-video-preview:-1"},"canonical":"https:\/\/kuzeyinsesi.org\/index.php\/2024\/09\/04\/sanatci-feza-aygin-sanivarin-dogadan-kagida-isimli-sergisi-acildi\/","og_locale":"tr_TR","og_type":"article","og_title":"Sanat\u00e7\u0131 Feza Ayg\u0131n San\u0131var\u2019\u0131n \u201cDo\u011fadan Ka\u011f\u0131da\u201d isimli sergisi a\u00e7\u0131ld\u0131 - Kuzeyin Sesi","og_description":"Sanat\u00e7\u0131 Feza Ayg\u0131n San\u0131var \u201cDo\u011fadan Ka\u011f\u0131da\u201d isimli \u00e7al\u0131\u015fmas\u0131n\u0131 sanatseverlerin be\u011fenisine sundu. \u201cDo\u011fadan Ka\u011f\u0131da\u201d isimli sergi Girne Gen\u00e7lik Merkezinde a\u00e7\u0131ld\u0131.San\u0131var, Serginin a\u00e7\u0131l\u0131\u015f\u0131nda k\u0131sa bir konu\u015fma yapt\u0131.San\u0131var, \u201cDo\u011fadaki her malzemenin geri d\u00f6n\u00fc\u015f\u00fcm\u00fc yap\u0131larak yeni bir eser ortaya \u00e7\u0131kar\u0131labilece\u011fini dile getirerek, Farkl\u0131 a\u011fa\u00e7 ve bitki t\u00fcrlerinden elde etti\u011fi ka\u011f\u0131tlardan olu\u015fturdu\u011fu eserleri sergilemekten b\u00fcy\u00fck mutluluk duydu\u011funu s\u00f6yledi. Giri\u015fimci Kad\u0131nlar [&hellip;]","og_url":"https:\/\/kuzeyinsesi.org\/index.php\/2024\/09\/04\/sanatci-feza-aygin-sanivarin-dogadan-kagida-isimli-sergisi-acildi\/","og_site_name":"Kuzeyin Sesi","article_publisher":"https:\/\/www.facebook.com\/kuzeyinsesii","article_published_time":"2024-09-04T18:43:33+00:00","og_image":[{"url":"https:\/\/brtk.net\/wp-content\/uploads\/2024\/09\/03\/InShot_20240903_224113802.jpg?ver=cbc22bbc336e0cb5e80b5788cfddff2c","type":"","width":"","height":""}],"author":"Kuzeyin Sesi","twitter_card":"summary_large_image","twitter_creator":"@kuzeyinsesii","twitter_site":"@kuzeyinsesii","twitter_misc":{"Yazan:":"Kuzeyin Sesi","Tahmini okuma s\u00fcresi":"1 dakika"},"schema":{"@context":"https:\/\/schema.org","@graph":[{"@type":"Article","@id":"https:\/\/kuzeyinsesi.org\/index.php\/2024\/09\/04\/sanatci-feza-aygin-sanivarin-dogadan-kagida-isimli-sergisi-acildi\/#article","isPartOf":{"@id":"https:\/\/kuzeyinsesi.org\/index.php\/2024\/09\/04\/sanatci-feza-aygin-sanivarin-dogadan-kagida-isimli-sergisi-acildi\/"},"author":{"name":"Kuzeyin Sesi","@id":"https:\/\/kuzeyinsesi.org\/#\/schema\/person\/9f859689cdf01485597712386e37f5aa"},"headline":"Sanat\u00e7\u0131 Feza Ayg\u0131n San\u0131var\u2019\u0131n \u201cDo\u011fadan Ka\u011f\u0131da\u201d isimli sergisi a\u00e7\u0131ld\u0131","datePublished":"2024-09-04T18:43:33+00:00","mainEntityOfPage":{"@id":"https:\/\/kuzeyinsesi.org\/index.php\/2024\/09\/04\/sanatci-feza-aygin-sanivarin-dogadan-kagida-isimli-sergisi-acildi\/"},"wordCount":187,"commentCount":0,"image":{"@id":"https:\/\/kuzeyinsesi.org\/index.php\/2024\/09\/04\/sanatci-feza-aygin-sanivarin-dogadan-kagida-isimli-sergisi-acildi\/#primaryimage"},"thumbnailUrl":"https:\/\/kuzeyinsesi.org\/wp-content\/uploads\/2024\/09\/InShot_20240903_224113802.jpg","articleSection":["Ya\u015fam"],"inLanguage":"tr","potentialAction":[{"@type":"CommentAction","name":"Comment","target":["https:\/\/kuzeyinsesi.org\/index.php\/2024\/09\/04\/sanatci-feza-aygin-sanivarin-dogadan-kagida-isimli-sergisi-acildi\/#respond"]}]},{"@type":"WebPage","@id":"https:\/\/kuzeyinsesi.org\/index.php\/2024\/09\/04\/sanatci-feza-aygin-sanivarin-dogadan-kagida-isimli-sergisi-acildi\/","url":"https:\/\/kuzeyinsesi.org\/index.php\/2024\/09\/04\/sanatci-feza-aygin-sanivarin-dogadan-kagida-isimli-sergisi-acildi\/","name":"Sanat\u00e7\u0131 Feza Ayg\u0131n San\u0131var\u2019\u0131n \u201cDo\u011fadan Ka\u011f\u0131da\u201d isimli sergisi a\u00e7\u0131ld\u0131 - Kuzeyin Sesi","isPartOf":{"@id":"https:\/\/kuzeyinsesi.org\/#website"},"primaryImageOfPage":{"@id":"https:\/\/kuzeyinsesi.org\/index.php\/2024\/09\/04\/sanatci-feza-aygin-sanivarin-dogadan-kagida-isimli-sergisi-acildi\/#primaryimage"},"image":{"@id":"https:\/\/kuzeyinsesi.org\/index.php\/2024\/09\/04\/sanatci-feza-aygin-sanivarin-dogadan-kagida-isimli-sergisi-acildi\/#primaryimage"},"thumbnailUrl":"https:\/\/kuzeyinsesi.org\/wp-content\/uploads\/2024\/09\/InShot_20240903_224113802.jpg","datePublished":"2024-09-04T18:43:33+00:00","author":{"@id":"https:\/\/kuzeyinsesi.org\/#\/schema\/person\/9f859689cdf01485597712386e37f5aa"},"breadcrumb":{"@id":"https:\/\/kuzeyinsesi.org\/index.php\/2024\/09\/04\/sanatci-feza-aygin-sanivarin-dogadan-kagida-isimli-sergisi-acildi\/#breadcrumb"},"inLanguage":"tr","potentialAction":[{"@type":"ReadAction","target":["https:\/\/kuzeyinsesi.org\/index.php\/2024\/09\/04\/sanatci-feza-aygin-sanivarin-dogadan-kagida-isimli-sergisi-acildi\/"]}]},{"@type":"ImageObject","inLanguage":"tr","@id":"https:\/\/kuzeyinsesi.org\/index.php\/2024\/09\/04\/sanatci-feza-aygin-sanivarin-dogadan-kagida-isimli-sergisi-acildi\/#primaryimage","url":"https:\/\/kuzeyinsesi.org\/wp-content\/uploads\/2024\/09\/InShot_20240903_224113802.jpg","contentUrl":"https:\/\/kuzeyinsesi.org\/wp-content\/uploads\/2024\/09\/InShot_20240903_224113802.jpg","width":1920,"height":1079},{"@type":"BreadcrumbList","@id":"https:\/\/kuzeyinsesi.org\/index.php\/2024\/09\/04\/sanatci-feza-aygin-sanivarin-dogadan-kagida-isimli-sergisi-acildi\/#breadcrumb","itemListElement":[{"@type":"ListItem","position":1,"name":"Anasayfa","item":"https:\/\/kuzeyinsesi.org\/"},{"@type":"ListItem","position":2,"name":"Sanat\u00e7\u0131 Feza Ayg\u0131n San\u0131var\u2019\u0131n \u201cDo\u011fadan Ka\u011f\u0131da\u201d isimli sergisi a\u00e7\u0131ld\u0131"}]},{"@type":"WebSite","@id":"https:\/\/kuzeyinsesi.org\/#website","url":"https:\/\/kuzeyinsesi.org\/","name":"Kuzeyin Sesi","description":"Do\u011fru Haberin Adresi","potentialAction":[{"@type":"SearchAction","target":{"@type":"EntryPoint","urlTemplate":"https:\/\/kuzeyinsesi.org\/?s={search_term_string}"},"query-input":{"@type":"PropertyValueSpecification","valueRequired":true,"valueName":"search_term_string"}}],"inLanguage":"tr"},{"@type":"Person","@id":"https:\/\/kuzeyinsesi.org\/#\/schema\/person\/9f859689cdf01485597712386e37f5aa","name":"Kuzeyin Sesi","image":{"@type":"ImageObject","inLanguage":"tr","@id":"https:\/\/secure.gravatar.com\/avatar\/bab33852abfd8b282518d6ed81826833d77c3c882d9ab608add591ccace47a44?s=96&d=mm&r=g","url":"https:\/\/secure.gravatar.com\/avatar\/bab33852abfd8b282518d6ed81826833d77c3c882d9ab608add591ccace47a44?s=96&d=mm&r=g","contentUrl":"https:\/\/secure.gravatar.com\/avatar\/bab33852abfd8b282518d6ed81826833d77c3c882d9ab608add591ccace47a44?s=96&d=mm&r=g","caption":"Kuzeyin Sesi"},"sameAs":["https:\/\/kuzeyinsesi.org"],"url":"https:\/\/kuzeyinsesi.org\/index.php\/author\/guven\/"}]}},"_links":{"self":[{"href":"https:\/\/kuzeyinsesi.org\/index.php\/wp-json\/wp\/v2\/posts\/9153","targetHints":{"allow":["GET"]}}],"collection":[{"href":"https:\/\/kuzeyinsesi.org\/index.php\/wp-json\/wp\/v2\/posts"}],"about":[{"href":"https:\/\/kuzeyinsesi.org\/index.php\/wp-json\/wp\/v2\/types\/post"}],"author":[{"embeddable":true,"href":"https:\/\/kuzeyinsesi.org\/index.php\/wp-json\/wp\/v2\/users\/1"}],"replies":[{"embeddable":true,"href":"https:\/\/kuzeyinsesi.org\/index.php\/wp-json\/wp\/v2\/comments?post=9153"}],"version-history":[{"count":0,"href":"https:\/\/kuzeyinsesi.org\/index.php\/wp-json\/wp\/v2\/posts\/9153\/revisions"}],"wp:featuredmedia":[{"embeddable":true,"href":"https:\/\/kuzeyinsesi.org\/index.php\/wp-json\/wp\/v2\/media\/9154"}],"wp:attachment":[{"href":"https:\/\/kuzeyinsesi.org\/index.php\/wp-json\/wp\/v2\/media?parent=9153"}],"wp:term":[{"taxonomy":"category","embeddable":true,"href":"https:\/\/kuzeyinsesi.org\/index.php\/wp-json\/wp\/v2\/categories?post=9153"},{"taxonomy":"post_tag","embeddable":true,"href":"https:\/\/kuzeyinsesi.org\/index.php\/wp-json\/wp\/v2\/tags?post=9153"}],"curies":[{"name":"wp","href":"https:\/\/api.w.org\/{rel}","templated":true}]}}