{"id":9151,"date":"2024-09-04T20:39:46","date_gmt":"2024-09-04T17:39:46","guid":{"rendered":"https:\/\/kuzeyinsesi.org\/index.php\/2024\/09\/04\/kausemin-temel-moda-tasarim-kursiyerleri-sertifikalarini-aldi\/"},"modified":"2024-09-04T20:39:46","modified_gmt":"2024-09-04T17:39:46","slug":"kausemin-temel-moda-tasarim-kursiyerleri-sertifikalarini-aldi","status":"publish","type":"post","link":"https:\/\/kuzeyinsesi.org\/index.php\/2024\/09\/04\/kausemin-temel-moda-tasarim-kursiyerleri-sertifikalarini-aldi\/","title":{"rendered":"KA\u00dcSEM\u2019in Temel Moda Tasar\u0131m kursiyerleri sertifikalar\u0131n\u0131 ald\u0131"},"content":{"rendered":"<div>\n<div class=\"mariselle-image-container center\">\n                                            <\/div>\n<p>K\u0131br\u0131s Amerikan \u00dcniversitesi S\u00fcrekli E\u011fitim Merkezi\u2019nde (KA\u00dcSEM) 2023-2024 yaz d\u00f6neminde Temel Moda Tasar\u0131m kurslar\u0131na kat\u0131lanlar sertifikalar\u0131n\u0131 ald\u0131.<\/p>\n<p>KA\u00dcSEM\u2019den yap\u0131lan a\u00e7\u0131klamaya g\u00f6re, KA\u00dc Rekt\u00f6r\u00fc Prof. Dr. G\u00f6k\u00e7e Ke\u00e7eci\u2019nin de kat\u0131ld\u0131\u011f\u0131 sertifika t\u00f6reninde, kursiyerler \u00f6\u011fretim g\u00f6revlisi Ne\u015fe Sar\u0131 e\u015fli\u011finde tasarlad\u0131klar\u0131 k\u0131yafetleri konuklar\u0131n be\u011fenisine sundu.<\/p>\n<p>T\u00f6rende konu\u015fma yapan KA\u00dc Rekt\u00f6r\u00fc Prof. Dr. G\u00f6k\u00e7e Ke\u00e7eci, Temel Moda Kurslar\u0131na her d\u00f6nem yo\u011fun ilgi g\u00f6sterildi\u011fini kaydederken, S\u00fcrekli E\u011fitim Merkezi Koordinat\u00f6r\u00fc Dr. Emel Y\u0131lmaz ise bu kurs program\u0131nda elde ettikleri ba\u015far\u0131larla \u00fclkede moda konusunda fark\u0131ndal\u0131k yaratt\u0131klar\u0131n\u0131 s\u00f6yledi.<\/p>\n<\/p><\/div>\n<p><script async\n                    defer\n                    crossorigin=\"anonymous\"\n                    src=\"https:\/\/connect.facebook.net\/tr_TR\/sdk.js#xfbml=1&#038;version=v3.3\"\n            ><\/script><\/p>\n","protected":false},"excerpt":{"rendered":"<p>K\u0131br\u0131s Amerikan \u00dcniversitesi S\u00fcrekli E\u011fitim Merkezi\u2019nde (KA\u00dcSEM) 2023-2024 yaz d\u00f6neminde Temel Moda Tasar\u0131m kurslar\u0131na kat\u0131lanlar sertifikalar\u0131n\u0131 ald\u0131. KA\u00dcSEM\u2019den yap\u0131lan a\u00e7\u0131klamaya g\u00f6re, KA\u00dc Rekt\u00f6r\u00fc Prof. Dr. G\u00f6k\u00e7e Ke\u00e7eci\u2019nin de kat\u0131ld\u0131\u011f\u0131 sertifika t\u00f6reninde, kursiyerler \u00f6\u011fretim g\u00f6revlisi Ne\u015fe Sar\u0131 e\u015fli\u011finde tasarlad\u0131klar\u0131 k\u0131yafetleri konuklar\u0131n be\u011fenisine sundu. T\u00f6rende konu\u015fma yapan KA\u00dc Rekt\u00f6r\u00fc Prof. Dr. G\u00f6k\u00e7e Ke\u00e7eci, Temel Moda Kurslar\u0131na her [&hellip;]<\/p>\n","protected":false},"author":1,"featured_media":9152,"comment_status":"open","ping_status":"open","sticky":false,"template":"","format":"standard","meta":{"jnews-multi-image_gallery":[],"jnews_single_post":[],"jnews_primary_category":[],"jnews_social_meta":[],"jnews_override_counter":[],"footnotes":""},"categories":[6],"tags":[],"class_list":["post-9151","post","type-post","status-publish","format-standard","has-post-thumbnail","hentry","category-yasam"],"yoast_head":"<!-- This site is optimized with the Yoast SEO plugin v27.5 - https:\/\/yoast.com\/product\/yoast-seo-wordpress\/ -->\n<title>KA\u00dcSEM\u2019in Temel Moda Tasar\u0131m kursiyerleri sertifikalar\u0131n\u0131 ald\u0131 - Kuzeyin Sesi<\/title>\n<meta name=\"robots\" content=\"index, follow, max-snippet:-1, max-image-preview:large, max-video-preview:-1\" \/>\n<link rel=\"canonical\" href=\"https:\/\/kuzeyinsesi.org\/index.php\/2024\/09\/04\/kausemin-temel-moda-tasarim-kursiyerleri-sertifikalarini-aldi\/\" \/>\n<meta property=\"og:locale\" content=\"tr_TR\" \/>\n<meta property=\"og:type\" content=\"article\" \/>\n<meta property=\"og:title\" content=\"KA\u00dcSEM\u2019in Temel Moda Tasar\u0131m kursiyerleri sertifikalar\u0131n\u0131 ald\u0131 - Kuzeyin Sesi\" \/>\n<meta property=\"og:description\" content=\"K\u0131br\u0131s Amerikan \u00dcniversitesi S\u00fcrekli E\u011fitim Merkezi\u2019nde (KA\u00dcSEM) 2023-2024 yaz d\u00f6neminde Temel Moda Tasar\u0131m kurslar\u0131na kat\u0131lanlar sertifikalar\u0131n\u0131 ald\u0131. KA\u00dcSEM\u2019den yap\u0131lan a\u00e7\u0131klamaya g\u00f6re, KA\u00dc Rekt\u00f6r\u00fc Prof. Dr. G\u00f6k\u00e7e Ke\u00e7eci\u2019nin de kat\u0131ld\u0131\u011f\u0131 sertifika t\u00f6reninde, kursiyerler \u00f6\u011fretim g\u00f6revlisi Ne\u015fe Sar\u0131 e\u015fli\u011finde tasarlad\u0131klar\u0131 k\u0131yafetleri konuklar\u0131n be\u011fenisine sundu. T\u00f6rende konu\u015fma yapan KA\u00dc Rekt\u00f6r\u00fc Prof. Dr. G\u00f6k\u00e7e Ke\u00e7eci, Temel Moda Kurslar\u0131na her [&hellip;]\" \/>\n<meta property=\"og:url\" content=\"https:\/\/kuzeyinsesi.org\/index.php\/2024\/09\/04\/kausemin-temel-moda-tasarim-kursiyerleri-sertifikalarini-aldi\/\" \/>\n<meta property=\"og:site_name\" content=\"Kuzeyin Sesi\" \/>\n<meta property=\"article:publisher\" content=\"https:\/\/www.facebook.com\/kuzeyinsesii\" \/>\n<meta property=\"article:published_time\" content=\"2024-09-04T17:39:46+00:00\" \/>\n<meta property=\"og:image\" content=\"https:\/\/brtk.net\/wp-content\/uploads\/2024\/09\/04\/jjjjjjjjjjjjjjjjjjj.jpg?ver=2df657139e153ee15b1eff5bc502c9b6\" \/>\n<meta name=\"author\" content=\"Kuzeyin Sesi\" \/>\n<meta name=\"twitter:card\" content=\"summary_large_image\" \/>\n<meta name=\"twitter:creator\" content=\"@kuzeyinsesii\" \/>\n<meta name=\"twitter:site\" content=\"@kuzeyinsesii\" \/>\n<meta name=\"twitter:label1\" content=\"Yazan:\" \/>\n\t<meta name=\"twitter:data1\" content=\"Kuzeyin Sesi\" \/>\n\t<meta name=\"twitter:label2\" content=\"Tahmini okuma s\u00fcresi\" \/>\n\t<meta name=\"twitter:data2\" content=\"1 dakika\" \/>\n<script type=\"application\/ld+json\" class=\"yoast-schema-graph\">{\"@context\":\"https:\\\/\\\/schema.org\",\"@graph\":[{\"@type\":\"Article\",\"@id\":\"https:\\\/\\\/kuzeyinsesi.org\\\/index.php\\\/2024\\\/09\\\/04\\\/kausemin-temel-moda-tasarim-kursiyerleri-sertifikalarini-aldi\\\/#article\",\"isPartOf\":{\"@id\":\"https:\\\/\\\/kuzeyinsesi.org\\\/index.php\\\/2024\\\/09\\\/04\\\/kausemin-temel-moda-tasarim-kursiyerleri-sertifikalarini-aldi\\\/\"},\"author\":{\"name\":\"Kuzeyin Sesi\",\"@id\":\"https:\\\/\\\/kuzeyinsesi.org\\\/#\\\/schema\\\/person\\\/9f859689cdf01485597712386e37f5aa\"},\"headline\":\"KA\u00dcSEM\u2019in Temel Moda Tasar\u0131m kursiyerleri sertifikalar\u0131n\u0131 ald\u0131\",\"datePublished\":\"2024-09-04T17:39:46+00:00\",\"mainEntityOfPage\":{\"@id\":\"https:\\\/\\\/kuzeyinsesi.org\\\/index.php\\\/2024\\\/09\\\/04\\\/kausemin-temel-moda-tasarim-kursiyerleri-sertifikalarini-aldi\\\/\"},\"wordCount\":145,\"commentCount\":0,\"image\":{\"@id\":\"https:\\\/\\\/kuzeyinsesi.org\\\/index.php\\\/2024\\\/09\\\/04\\\/kausemin-temel-moda-tasarim-kursiyerleri-sertifikalarini-aldi\\\/#primaryimage\"},\"thumbnailUrl\":\"https:\\\/\\\/kuzeyinsesi.org\\\/wp-content\\\/uploads\\\/2024\\\/09\\\/jjjjjjjjjjjjjjjjjjj.jpg\",\"articleSection\":[\"Ya\u015fam\"],\"inLanguage\":\"tr\",\"potentialAction\":[{\"@type\":\"CommentAction\",\"name\":\"Comment\",\"target\":[\"https:\\\/\\\/kuzeyinsesi.org\\\/index.php\\\/2024\\\/09\\\/04\\\/kausemin-temel-moda-tasarim-kursiyerleri-sertifikalarini-aldi\\\/#respond\"]}]},{\"@type\":\"WebPage\",\"@id\":\"https:\\\/\\\/kuzeyinsesi.org\\\/index.php\\\/2024\\\/09\\\/04\\\/kausemin-temel-moda-tasarim-kursiyerleri-sertifikalarini-aldi\\\/\",\"url\":\"https:\\\/\\\/kuzeyinsesi.org\\\/index.php\\\/2024\\\/09\\\/04\\\/kausemin-temel-moda-tasarim-kursiyerleri-sertifikalarini-aldi\\\/\",\"name\":\"KA\u00dcSEM\u2019in Temel Moda Tasar\u0131m kursiyerleri sertifikalar\u0131n\u0131 ald\u0131 - Kuzeyin Sesi\",\"isPartOf\":{\"@id\":\"https:\\\/\\\/kuzeyinsesi.org\\\/#website\"},\"primaryImageOfPage\":{\"@id\":\"https:\\\/\\\/kuzeyinsesi.org\\\/index.php\\\/2024\\\/09\\\/04\\\/kausemin-temel-moda-tasarim-kursiyerleri-sertifikalarini-aldi\\\/#primaryimage\"},\"image\":{\"@id\":\"https:\\\/\\\/kuzeyinsesi.org\\\/index.php\\\/2024\\\/09\\\/04\\\/kausemin-temel-moda-tasarim-kursiyerleri-sertifikalarini-aldi\\\/#primaryimage\"},\"thumbnailUrl\":\"https:\\\/\\\/kuzeyinsesi.org\\\/wp-content\\\/uploads\\\/2024\\\/09\\\/jjjjjjjjjjjjjjjjjjj.jpg\",\"datePublished\":\"2024-09-04T17:39:46+00:00\",\"author\":{\"@id\":\"https:\\\/\\\/kuzeyinsesi.org\\\/#\\\/schema\\\/person\\\/9f859689cdf01485597712386e37f5aa\"},\"breadcrumb\":{\"@id\":\"https:\\\/\\\/kuzeyinsesi.org\\\/index.php\\\/2024\\\/09\\\/04\\\/kausemin-temel-moda-tasarim-kursiyerleri-sertifikalarini-aldi\\\/#breadcrumb\"},\"inLanguage\":\"tr\",\"potentialAction\":[{\"@type\":\"ReadAction\",\"target\":[\"https:\\\/\\\/kuzeyinsesi.org\\\/index.php\\\/2024\\\/09\\\/04\\\/kausemin-temel-moda-tasarim-kursiyerleri-sertifikalarini-aldi\\\/\"]}]},{\"@type\":\"ImageObject\",\"inLanguage\":\"tr\",\"@id\":\"https:\\\/\\\/kuzeyinsesi.org\\\/index.php\\\/2024\\\/09\\\/04\\\/kausemin-temel-moda-tasarim-kursiyerleri-sertifikalarini-aldi\\\/#primaryimage\",\"url\":\"https:\\\/\\\/kuzeyinsesi.org\\\/wp-content\\\/uploads\\\/2024\\\/09\\\/jjjjjjjjjjjjjjjjjjj.jpg\",\"contentUrl\":\"https:\\\/\\\/kuzeyinsesi.org\\\/wp-content\\\/uploads\\\/2024\\\/09\\\/jjjjjjjjjjjjjjjjjjj.jpg\",\"width\":562,\"height\":298},{\"@type\":\"BreadcrumbList\",\"@id\":\"https:\\\/\\\/kuzeyinsesi.org\\\/index.php\\\/2024\\\/09\\\/04\\\/kausemin-temel-moda-tasarim-kursiyerleri-sertifikalarini-aldi\\\/#breadcrumb\",\"itemListElement\":[{\"@type\":\"ListItem\",\"position\":1,\"name\":\"Anasayfa\",\"item\":\"https:\\\/\\\/kuzeyinsesi.org\\\/\"},{\"@type\":\"ListItem\",\"position\":2,\"name\":\"KA\u00dcSEM\u2019in Temel Moda Tasar\u0131m kursiyerleri sertifikalar\u0131n\u0131 ald\u0131\"}]},{\"@type\":\"WebSite\",\"@id\":\"https:\\\/\\\/kuzeyinsesi.org\\\/#website\",\"url\":\"https:\\\/\\\/kuzeyinsesi.org\\\/\",\"name\":\"Kuzeyin Sesi\",\"description\":\"Do\u011fru Haberin Adresi\",\"potentialAction\":[{\"@type\":\"SearchAction\",\"target\":{\"@type\":\"EntryPoint\",\"urlTemplate\":\"https:\\\/\\\/kuzeyinsesi.org\\\/?s={search_term_string}\"},\"query-input\":{\"@type\":\"PropertyValueSpecification\",\"valueRequired\":true,\"valueName\":\"search_term_string\"}}],\"inLanguage\":\"tr\"},{\"@type\":\"Person\",\"@id\":\"https:\\\/\\\/kuzeyinsesi.org\\\/#\\\/schema\\\/person\\\/9f859689cdf01485597712386e37f5aa\",\"name\":\"Kuzeyin Sesi\",\"image\":{\"@type\":\"ImageObject\",\"inLanguage\":\"tr\",\"@id\":\"https:\\\/\\\/secure.gravatar.com\\\/avatar\\\/bab33852abfd8b282518d6ed81826833d77c3c882d9ab608add591ccace47a44?s=96&d=mm&r=g\",\"url\":\"https:\\\/\\\/secure.gravatar.com\\\/avatar\\\/bab33852abfd8b282518d6ed81826833d77c3c882d9ab608add591ccace47a44?s=96&d=mm&r=g\",\"contentUrl\":\"https:\\\/\\\/secure.gravatar.com\\\/avatar\\\/bab33852abfd8b282518d6ed81826833d77c3c882d9ab608add591ccace47a44?s=96&d=mm&r=g\",\"caption\":\"Kuzeyin Sesi\"},\"sameAs\":[\"https:\\\/\\\/kuzeyinsesi.org\"],\"url\":\"https:\\\/\\\/kuzeyinsesi.org\\\/index.php\\\/author\\\/guven\\\/\"}]}<\/script>\n<!-- \/ Yoast SEO plugin. -->","yoast_head_json":{"title":"KA\u00dcSEM\u2019in Temel Moda Tasar\u0131m kursiyerleri sertifikalar\u0131n\u0131 ald\u0131 - Kuzeyin Sesi","robots":{"index":"index","follow":"follow","max-snippet":"max-snippet:-1","max-image-preview":"max-image-preview:large","max-video-preview":"max-video-preview:-1"},"canonical":"https:\/\/kuzeyinsesi.org\/index.php\/2024\/09\/04\/kausemin-temel-moda-tasarim-kursiyerleri-sertifikalarini-aldi\/","og_locale":"tr_TR","og_type":"article","og_title":"KA\u00dcSEM\u2019in Temel Moda Tasar\u0131m kursiyerleri sertifikalar\u0131n\u0131 ald\u0131 - Kuzeyin Sesi","og_description":"K\u0131br\u0131s Amerikan \u00dcniversitesi S\u00fcrekli E\u011fitim Merkezi\u2019nde (KA\u00dcSEM) 2023-2024 yaz d\u00f6neminde Temel Moda Tasar\u0131m kurslar\u0131na kat\u0131lanlar sertifikalar\u0131n\u0131 ald\u0131. KA\u00dcSEM\u2019den yap\u0131lan a\u00e7\u0131klamaya g\u00f6re, KA\u00dc Rekt\u00f6r\u00fc Prof. Dr. G\u00f6k\u00e7e Ke\u00e7eci\u2019nin de kat\u0131ld\u0131\u011f\u0131 sertifika t\u00f6reninde, kursiyerler \u00f6\u011fretim g\u00f6revlisi Ne\u015fe Sar\u0131 e\u015fli\u011finde tasarlad\u0131klar\u0131 k\u0131yafetleri konuklar\u0131n be\u011fenisine sundu. T\u00f6rende konu\u015fma yapan KA\u00dc Rekt\u00f6r\u00fc Prof. Dr. G\u00f6k\u00e7e Ke\u00e7eci, Temel Moda Kurslar\u0131na her [&hellip;]","og_url":"https:\/\/kuzeyinsesi.org\/index.php\/2024\/09\/04\/kausemin-temel-moda-tasarim-kursiyerleri-sertifikalarini-aldi\/","og_site_name":"Kuzeyin Sesi","article_publisher":"https:\/\/www.facebook.com\/kuzeyinsesii","article_published_time":"2024-09-04T17:39:46+00:00","og_image":[{"url":"https:\/\/brtk.net\/wp-content\/uploads\/2024\/09\/04\/jjjjjjjjjjjjjjjjjjj.jpg?ver=2df657139e153ee15b1eff5bc502c9b6","type":"","width":"","height":""}],"author":"Kuzeyin Sesi","twitter_card":"summary_large_image","twitter_creator":"@kuzeyinsesii","twitter_site":"@kuzeyinsesii","twitter_misc":{"Yazan:":"Kuzeyin Sesi","Tahmini okuma s\u00fcresi":"1 dakika"},"schema":{"@context":"https:\/\/schema.org","@graph":[{"@type":"Article","@id":"https:\/\/kuzeyinsesi.org\/index.php\/2024\/09\/04\/kausemin-temel-moda-tasarim-kursiyerleri-sertifikalarini-aldi\/#article","isPartOf":{"@id":"https:\/\/kuzeyinsesi.org\/index.php\/2024\/09\/04\/kausemin-temel-moda-tasarim-kursiyerleri-sertifikalarini-aldi\/"},"author":{"name":"Kuzeyin Sesi","@id":"https:\/\/kuzeyinsesi.org\/#\/schema\/person\/9f859689cdf01485597712386e37f5aa"},"headline":"KA\u00dcSEM\u2019in Temel Moda Tasar\u0131m kursiyerleri sertifikalar\u0131n\u0131 ald\u0131","datePublished":"2024-09-04T17:39:46+00:00","mainEntityOfPage":{"@id":"https:\/\/kuzeyinsesi.org\/index.php\/2024\/09\/04\/kausemin-temel-moda-tasarim-kursiyerleri-sertifikalarini-aldi\/"},"wordCount":145,"commentCount":0,"image":{"@id":"https:\/\/kuzeyinsesi.org\/index.php\/2024\/09\/04\/kausemin-temel-moda-tasarim-kursiyerleri-sertifikalarini-aldi\/#primaryimage"},"thumbnailUrl":"https:\/\/kuzeyinsesi.org\/wp-content\/uploads\/2024\/09\/jjjjjjjjjjjjjjjjjjj.jpg","articleSection":["Ya\u015fam"],"inLanguage":"tr","potentialAction":[{"@type":"CommentAction","name":"Comment","target":["https:\/\/kuzeyinsesi.org\/index.php\/2024\/09\/04\/kausemin-temel-moda-tasarim-kursiyerleri-sertifikalarini-aldi\/#respond"]}]},{"@type":"WebPage","@id":"https:\/\/kuzeyinsesi.org\/index.php\/2024\/09\/04\/kausemin-temel-moda-tasarim-kursiyerleri-sertifikalarini-aldi\/","url":"https:\/\/kuzeyinsesi.org\/index.php\/2024\/09\/04\/kausemin-temel-moda-tasarim-kursiyerleri-sertifikalarini-aldi\/","name":"KA\u00dcSEM\u2019in Temel Moda Tasar\u0131m kursiyerleri sertifikalar\u0131n\u0131 ald\u0131 - Kuzeyin Sesi","isPartOf":{"@id":"https:\/\/kuzeyinsesi.org\/#website"},"primaryImageOfPage":{"@id":"https:\/\/kuzeyinsesi.org\/index.php\/2024\/09\/04\/kausemin-temel-moda-tasarim-kursiyerleri-sertifikalarini-aldi\/#primaryimage"},"image":{"@id":"https:\/\/kuzeyinsesi.org\/index.php\/2024\/09\/04\/kausemin-temel-moda-tasarim-kursiyerleri-sertifikalarini-aldi\/#primaryimage"},"thumbnailUrl":"https:\/\/kuzeyinsesi.org\/wp-content\/uploads\/2024\/09\/jjjjjjjjjjjjjjjjjjj.jpg","datePublished":"2024-09-04T17:39:46+00:00","author":{"@id":"https:\/\/kuzeyinsesi.org\/#\/schema\/person\/9f859689cdf01485597712386e37f5aa"},"breadcrumb":{"@id":"https:\/\/kuzeyinsesi.org\/index.php\/2024\/09\/04\/kausemin-temel-moda-tasarim-kursiyerleri-sertifikalarini-aldi\/#breadcrumb"},"inLanguage":"tr","potentialAction":[{"@type":"ReadAction","target":["https:\/\/kuzeyinsesi.org\/index.php\/2024\/09\/04\/kausemin-temel-moda-tasarim-kursiyerleri-sertifikalarini-aldi\/"]}]},{"@type":"ImageObject","inLanguage":"tr","@id":"https:\/\/kuzeyinsesi.org\/index.php\/2024\/09\/04\/kausemin-temel-moda-tasarim-kursiyerleri-sertifikalarini-aldi\/#primaryimage","url":"https:\/\/kuzeyinsesi.org\/wp-content\/uploads\/2024\/09\/jjjjjjjjjjjjjjjjjjj.jpg","contentUrl":"https:\/\/kuzeyinsesi.org\/wp-content\/uploads\/2024\/09\/jjjjjjjjjjjjjjjjjjj.jpg","width":562,"height":298},{"@type":"BreadcrumbList","@id":"https:\/\/kuzeyinsesi.org\/index.php\/2024\/09\/04\/kausemin-temel-moda-tasarim-kursiyerleri-sertifikalarini-aldi\/#breadcrumb","itemListElement":[{"@type":"ListItem","position":1,"name":"Anasayfa","item":"https:\/\/kuzeyinsesi.org\/"},{"@type":"ListItem","position":2,"name":"KA\u00dcSEM\u2019in Temel Moda Tasar\u0131m kursiyerleri sertifikalar\u0131n\u0131 ald\u0131"}]},{"@type":"WebSite","@id":"https:\/\/kuzeyinsesi.org\/#website","url":"https:\/\/kuzeyinsesi.org\/","name":"Kuzeyin Sesi","description":"Do\u011fru Haberin Adresi","potentialAction":[{"@type":"SearchAction","target":{"@type":"EntryPoint","urlTemplate":"https:\/\/kuzeyinsesi.org\/?s={search_term_string}"},"query-input":{"@type":"PropertyValueSpecification","valueRequired":true,"valueName":"search_term_string"}}],"inLanguage":"tr"},{"@type":"Person","@id":"https:\/\/kuzeyinsesi.org\/#\/schema\/person\/9f859689cdf01485597712386e37f5aa","name":"Kuzeyin Sesi","image":{"@type":"ImageObject","inLanguage":"tr","@id":"https:\/\/secure.gravatar.com\/avatar\/bab33852abfd8b282518d6ed81826833d77c3c882d9ab608add591ccace47a44?s=96&d=mm&r=g","url":"https:\/\/secure.gravatar.com\/avatar\/bab33852abfd8b282518d6ed81826833d77c3c882d9ab608add591ccace47a44?s=96&d=mm&r=g","contentUrl":"https:\/\/secure.gravatar.com\/avatar\/bab33852abfd8b282518d6ed81826833d77c3c882d9ab608add591ccace47a44?s=96&d=mm&r=g","caption":"Kuzeyin Sesi"},"sameAs":["https:\/\/kuzeyinsesi.org"],"url":"https:\/\/kuzeyinsesi.org\/index.php\/author\/guven\/"}]}},"_links":{"self":[{"href":"https:\/\/kuzeyinsesi.org\/index.php\/wp-json\/wp\/v2\/posts\/9151","targetHints":{"allow":["GET"]}}],"collection":[{"href":"https:\/\/kuzeyinsesi.org\/index.php\/wp-json\/wp\/v2\/posts"}],"about":[{"href":"https:\/\/kuzeyinsesi.org\/index.php\/wp-json\/wp\/v2\/types\/post"}],"author":[{"embeddable":true,"href":"https:\/\/kuzeyinsesi.org\/index.php\/wp-json\/wp\/v2\/users\/1"}],"replies":[{"embeddable":true,"href":"https:\/\/kuzeyinsesi.org\/index.php\/wp-json\/wp\/v2\/comments?post=9151"}],"version-history":[{"count":0,"href":"https:\/\/kuzeyinsesi.org\/index.php\/wp-json\/wp\/v2\/posts\/9151\/revisions"}],"wp:featuredmedia":[{"embeddable":true,"href":"https:\/\/kuzeyinsesi.org\/index.php\/wp-json\/wp\/v2\/media\/9152"}],"wp:attachment":[{"href":"https:\/\/kuzeyinsesi.org\/index.php\/wp-json\/wp\/v2\/media?parent=9151"}],"wp:term":[{"taxonomy":"category","embeddable":true,"href":"https:\/\/kuzeyinsesi.org\/index.php\/wp-json\/wp\/v2\/categories?post=9151"},{"taxonomy":"post_tag","embeddable":true,"href":"https:\/\/kuzeyinsesi.org\/index.php\/wp-json\/wp\/v2\/tags?post=9151"}],"curies":[{"name":"wp","href":"https:\/\/api.w.org\/{rel}","templated":true}]}}