{"id":9059,"date":"2024-09-03T15:48:00","date_gmt":"2024-09-03T12:48:00","guid":{"rendered":"https:\/\/kuzeyinsesi.org\/index.php\/2024\/09\/03\/mustafa-zaimagaoglunun-siir-kitabi-fisiltilar-yayinlandi\/"},"modified":"2024-09-03T15:48:00","modified_gmt":"2024-09-03T12:48:00","slug":"mustafa-zaimagaoglunun-siir-kitabi-fisiltilar-yayinlandi","status":"publish","type":"post","link":"https:\/\/kuzeyinsesi.org\/index.php\/2024\/09\/03\/mustafa-zaimagaoglunun-siir-kitabi-fisiltilar-yayinlandi\/","title":{"rendered":"Mustafa Zaima\u011fao\u011flu\u2019nun \u015fiir kitab\u0131 \u201cF\u0131s\u0131lt\u0131lar\u201d yay\u0131nland\u0131"},"content":{"rendered":"<div>\n<div class=\"mariselle-image-container none\">\n                                            <\/div>\n<p>Mustafa Zaima\u011fao\u011flu\u2019nun ilk \u015fiir kitab\u0131 \u201cF\u0131s\u0131lt\u0131lar\u201d yay\u0131nland\u0131.<\/p>\n<p>\u0130lkokuldan beri \u015fiir yazan, ilkokul, ortaokul ve lise y\u0131llar\u0131nda \u015fiir yazma ve kompozisyon yar\u0131\u015fmalar\u0131nda birincilikleri bulunan Mustafa Zaima\u011fao\u011flu, bug\u00fcne dek yazd\u0131\u011f\u0131 \u015fiirlerin bir b\u00f6l\u00fcm\u00fcn\u00fc kitapla\u015ft\u0131rd\u0131.<\/p>\n<p>Kitab\u0131n \u00f6ns\u00f6z\u00fcn\u00fc, K\u00fclt\u00fcr Dairesi M\u00fcd\u00fcr\u00fc \u015eirin Zafery\u0131ld\u0131z\u0131 yazd\u0131.\u00a0 Ayn\u0131 zamanda Mustafa Zaima\u011fao\u011flu\u2019nun annesi olan \u015eirin Zafery\u0131ld\u0131z\u0131 kitab\u0131n \u00f6ns\u00f6z\u00fcnde \u201cDo\u011fumdan ba\u015flayan yolculu\u011fu anlaml\u0131 k\u0131lan eylemlerimiz ve zamana yenilmeyen yaz\u0131lar\u0131m\u0131zd\u0131r. Kitab\u0131 okurken, f\u0131s\u0131ldayan imgeler, zamana tan\u0131kl\u0131k ediyor, yolculuklar\u0131 anlaml\u0131 k\u0131l\u0131yor, \u015fehirlerin ruhunu hissetmemizi sa\u011fl\u0131yor. Mustafa\u2019n\u0131n bu ilk ad\u0131m\u0131n\u0131 anlaml\u0131 buluyorum.\u00a0 D\u00fc\u015f\u00fcn\u00fcyor, d\u00fc\u015f\u00fcnd\u00fcr\u00fcyor. Hele ki bir \u00fcst dil olan \u2018\u015fiirle\u2019 bunu yap\u0131yor olmas\u0131, bir di\u011fer ad\u0131m\u0131n daha g\u00fc\u00e7l\u00fc bir \u015fekilde \u201cf\u0131s\u0131ld\u0131yor\u201d bize.\u201d ifadelerini kulland\u0131.<\/p>\n<p>1994 y\u0131l\u0131nda Gazima\u011fusa\u2019da do\u011fan Mustafa Zaima\u011fao\u011flu, lise e\u011fitimini Gazima\u011fusa T\u00fcrk Maarif Koleji\u2019nde tamamlad\u0131ktan sonra \u0130stanbul\u2019da Bah\u00e7e\u015fehir \u00dcniversitesi\u2019nde Biyomedikal M\u00fchendisli\u011fi e\u011fitimi ald\u0131. Mustafa Zaima\u011fao\u011flu, daha sonra AB bursu alarak Glasgow \u00dcniversitesi\u2019nde ayn\u0131 alanda y\u00fcksek lisans ve doktora yapt\u0131.\u00a0 Mustafa Zaima\u011fao\u011flu, evli bir bir \u00e7ocuk babas\u0131d\u0131r.<\/p>\n<\/p><\/div>\n<p><script async\n                    defer\n                    crossorigin=\"anonymous\"\n                    src=\"https:\/\/connect.facebook.net\/tr_TR\/sdk.js#xfbml=1&#038;version=v3.3\"\n            ><\/script><\/p>\n","protected":false},"excerpt":{"rendered":"<p>Mustafa Zaima\u011fao\u011flu\u2019nun ilk \u015fiir kitab\u0131 \u201cF\u0131s\u0131lt\u0131lar\u201d yay\u0131nland\u0131. \u0130lkokuldan beri \u015fiir yazan, ilkokul, ortaokul ve lise y\u0131llar\u0131nda \u015fiir yazma ve kompozisyon yar\u0131\u015fmalar\u0131nda birincilikleri bulunan Mustafa Zaima\u011fao\u011flu, bug\u00fcne dek yazd\u0131\u011f\u0131 \u015fiirlerin bir b\u00f6l\u00fcm\u00fcn\u00fc kitapla\u015ft\u0131rd\u0131. Kitab\u0131n \u00f6ns\u00f6z\u00fcn\u00fc, K\u00fclt\u00fcr Dairesi M\u00fcd\u00fcr\u00fc \u015eirin Zafery\u0131ld\u0131z\u0131 yazd\u0131.\u00a0 Ayn\u0131 zamanda Mustafa Zaima\u011fao\u011flu\u2019nun annesi olan \u015eirin Zafery\u0131ld\u0131z\u0131 kitab\u0131n \u00f6ns\u00f6z\u00fcnde \u201cDo\u011fumdan ba\u015flayan yolculu\u011fu anlaml\u0131 k\u0131lan [&hellip;]<\/p>\n","protected":false},"author":1,"featured_media":9060,"comment_status":"open","ping_status":"open","sticky":false,"template":"","format":"standard","meta":{"jnews-multi-image_gallery":[],"jnews_single_post":[],"jnews_primary_category":[],"jnews_social_meta":[],"jnews_override_counter":[],"footnotes":""},"categories":[6],"tags":[],"class_list":["post-9059","post","type-post","status-publish","format-standard","has-post-thumbnail","hentry","category-yasam"],"yoast_head":"<!-- This site is optimized with the Yoast SEO plugin v27.5 - https:\/\/yoast.com\/product\/yoast-seo-wordpress\/ -->\n<title>Mustafa Zaima\u011fao\u011flu\u2019nun \u015fiir kitab\u0131 \u201cF\u0131s\u0131lt\u0131lar\u201d yay\u0131nland\u0131 - Kuzeyin Sesi<\/title>\n<meta name=\"robots\" content=\"index, follow, max-snippet:-1, max-image-preview:large, max-video-preview:-1\" \/>\n<link rel=\"canonical\" href=\"https:\/\/kuzeyinsesi.org\/index.php\/2024\/09\/03\/mustafa-zaimagaoglunun-siir-kitabi-fisiltilar-yayinlandi\/\" \/>\n<meta property=\"og:locale\" content=\"tr_TR\" \/>\n<meta property=\"og:type\" content=\"article\" \/>\n<meta property=\"og:title\" content=\"Mustafa Zaima\u011fao\u011flu\u2019nun \u015fiir kitab\u0131 \u201cF\u0131s\u0131lt\u0131lar\u201d yay\u0131nland\u0131 - Kuzeyin Sesi\" \/>\n<meta property=\"og:description\" content=\"Mustafa Zaima\u011fao\u011flu\u2019nun ilk \u015fiir kitab\u0131 \u201cF\u0131s\u0131lt\u0131lar\u201d yay\u0131nland\u0131. \u0130lkokuldan beri \u015fiir yazan, ilkokul, ortaokul ve lise y\u0131llar\u0131nda \u015fiir yazma ve kompozisyon yar\u0131\u015fmalar\u0131nda birincilikleri bulunan Mustafa Zaima\u011fao\u011flu, bug\u00fcne dek yazd\u0131\u011f\u0131 \u015fiirlerin bir b\u00f6l\u00fcm\u00fcn\u00fc kitapla\u015ft\u0131rd\u0131. Kitab\u0131n \u00f6ns\u00f6z\u00fcn\u00fc, K\u00fclt\u00fcr Dairesi M\u00fcd\u00fcr\u00fc \u015eirin Zafery\u0131ld\u0131z\u0131 yazd\u0131.\u00a0 Ayn\u0131 zamanda Mustafa Zaima\u011fao\u011flu\u2019nun annesi olan \u015eirin Zafery\u0131ld\u0131z\u0131 kitab\u0131n \u00f6ns\u00f6z\u00fcnde \u201cDo\u011fumdan ba\u015flayan yolculu\u011fu anlaml\u0131 k\u0131lan [&hellip;]\" \/>\n<meta property=\"og:url\" content=\"https:\/\/kuzeyinsesi.org\/index.php\/2024\/09\/03\/mustafa-zaimagaoglunun-siir-kitabi-fisiltilar-yayinlandi\/\" \/>\n<meta property=\"og:site_name\" content=\"Kuzeyin Sesi\" \/>\n<meta property=\"article:publisher\" content=\"https:\/\/www.facebook.com\/kuzeyinsesii\" \/>\n<meta property=\"article:published_time\" content=\"2024-09-03T12:48:00+00:00\" \/>\n<meta property=\"og:image\" content=\"https:\/\/brtk.net\/wp-content\/uploads\/2024\/09\/03\/siir-3.png?ver=2c0eb7322e6a49117aefaa0666150c24\" \/>\n<meta name=\"author\" content=\"Kuzeyin Sesi\" \/>\n<meta name=\"twitter:card\" content=\"summary_large_image\" \/>\n<meta name=\"twitter:creator\" content=\"@kuzeyinsesii\" \/>\n<meta name=\"twitter:site\" content=\"@kuzeyinsesii\" \/>\n<meta name=\"twitter:label1\" content=\"Yazan:\" \/>\n\t<meta name=\"twitter:data1\" content=\"Kuzeyin Sesi\" \/>\n\t<meta name=\"twitter:label2\" content=\"Tahmini okuma s\u00fcresi\" \/>\n\t<meta name=\"twitter:data2\" content=\"1 dakika\" \/>\n<script type=\"application\/ld+json\" class=\"yoast-schema-graph\">{\"@context\":\"https:\\\/\\\/schema.org\",\"@graph\":[{\"@type\":\"Article\",\"@id\":\"https:\\\/\\\/kuzeyinsesi.org\\\/index.php\\\/2024\\\/09\\\/03\\\/mustafa-zaimagaoglunun-siir-kitabi-fisiltilar-yayinlandi\\\/#article\",\"isPartOf\":{\"@id\":\"https:\\\/\\\/kuzeyinsesi.org\\\/index.php\\\/2024\\\/09\\\/03\\\/mustafa-zaimagaoglunun-siir-kitabi-fisiltilar-yayinlandi\\\/\"},\"author\":{\"name\":\"Kuzeyin Sesi\",\"@id\":\"https:\\\/\\\/kuzeyinsesi.org\\\/#\\\/schema\\\/person\\\/9f859689cdf01485597712386e37f5aa\"},\"headline\":\"Mustafa Zaima\u011fao\u011flu\u2019nun \u015fiir kitab\u0131 \u201cF\u0131s\u0131lt\u0131lar\u201d yay\u0131nland\u0131\",\"datePublished\":\"2024-09-03T12:48:00+00:00\",\"mainEntityOfPage\":{\"@id\":\"https:\\\/\\\/kuzeyinsesi.org\\\/index.php\\\/2024\\\/09\\\/03\\\/mustafa-zaimagaoglunun-siir-kitabi-fisiltilar-yayinlandi\\\/\"},\"wordCount\":255,\"commentCount\":0,\"image\":{\"@id\":\"https:\\\/\\\/kuzeyinsesi.org\\\/index.php\\\/2024\\\/09\\\/03\\\/mustafa-zaimagaoglunun-siir-kitabi-fisiltilar-yayinlandi\\\/#primaryimage\"},\"thumbnailUrl\":\"https:\\\/\\\/kuzeyinsesi.org\\\/wp-content\\\/uploads\\\/2024\\\/09\\\/siir-3.png\",\"articleSection\":[\"Ya\u015fam\"],\"inLanguage\":\"tr\",\"potentialAction\":[{\"@type\":\"CommentAction\",\"name\":\"Comment\",\"target\":[\"https:\\\/\\\/kuzeyinsesi.org\\\/index.php\\\/2024\\\/09\\\/03\\\/mustafa-zaimagaoglunun-siir-kitabi-fisiltilar-yayinlandi\\\/#respond\"]}]},{\"@type\":\"WebPage\",\"@id\":\"https:\\\/\\\/kuzeyinsesi.org\\\/index.php\\\/2024\\\/09\\\/03\\\/mustafa-zaimagaoglunun-siir-kitabi-fisiltilar-yayinlandi\\\/\",\"url\":\"https:\\\/\\\/kuzeyinsesi.org\\\/index.php\\\/2024\\\/09\\\/03\\\/mustafa-zaimagaoglunun-siir-kitabi-fisiltilar-yayinlandi\\\/\",\"name\":\"Mustafa Zaima\u011fao\u011flu\u2019nun \u015fiir kitab\u0131 \u201cF\u0131s\u0131lt\u0131lar\u201d yay\u0131nland\u0131 - Kuzeyin Sesi\",\"isPartOf\":{\"@id\":\"https:\\\/\\\/kuzeyinsesi.org\\\/#website\"},\"primaryImageOfPage\":{\"@id\":\"https:\\\/\\\/kuzeyinsesi.org\\\/index.php\\\/2024\\\/09\\\/03\\\/mustafa-zaimagaoglunun-siir-kitabi-fisiltilar-yayinlandi\\\/#primaryimage\"},\"image\":{\"@id\":\"https:\\\/\\\/kuzeyinsesi.org\\\/index.php\\\/2024\\\/09\\\/03\\\/mustafa-zaimagaoglunun-siir-kitabi-fisiltilar-yayinlandi\\\/#primaryimage\"},\"thumbnailUrl\":\"https:\\\/\\\/kuzeyinsesi.org\\\/wp-content\\\/uploads\\\/2024\\\/09\\\/siir-3.png\",\"datePublished\":\"2024-09-03T12:48:00+00:00\",\"author\":{\"@id\":\"https:\\\/\\\/kuzeyinsesi.org\\\/#\\\/schema\\\/person\\\/9f859689cdf01485597712386e37f5aa\"},\"breadcrumb\":{\"@id\":\"https:\\\/\\\/kuzeyinsesi.org\\\/index.php\\\/2024\\\/09\\\/03\\\/mustafa-zaimagaoglunun-siir-kitabi-fisiltilar-yayinlandi\\\/#breadcrumb\"},\"inLanguage\":\"tr\",\"potentialAction\":[{\"@type\":\"ReadAction\",\"target\":[\"https:\\\/\\\/kuzeyinsesi.org\\\/index.php\\\/2024\\\/09\\\/03\\\/mustafa-zaimagaoglunun-siir-kitabi-fisiltilar-yayinlandi\\\/\"]}]},{\"@type\":\"ImageObject\",\"inLanguage\":\"tr\",\"@id\":\"https:\\\/\\\/kuzeyinsesi.org\\\/index.php\\\/2024\\\/09\\\/03\\\/mustafa-zaimagaoglunun-siir-kitabi-fisiltilar-yayinlandi\\\/#primaryimage\",\"url\":\"https:\\\/\\\/kuzeyinsesi.org\\\/wp-content\\\/uploads\\\/2024\\\/09\\\/siir-3.png\",\"contentUrl\":\"https:\\\/\\\/kuzeyinsesi.org\\\/wp-content\\\/uploads\\\/2024\\\/09\\\/siir-3.png\",\"width\":550,\"height\":383},{\"@type\":\"BreadcrumbList\",\"@id\":\"https:\\\/\\\/kuzeyinsesi.org\\\/index.php\\\/2024\\\/09\\\/03\\\/mustafa-zaimagaoglunun-siir-kitabi-fisiltilar-yayinlandi\\\/#breadcrumb\",\"itemListElement\":[{\"@type\":\"ListItem\",\"position\":1,\"name\":\"Anasayfa\",\"item\":\"https:\\\/\\\/kuzeyinsesi.org\\\/\"},{\"@type\":\"ListItem\",\"position\":2,\"name\":\"Mustafa Zaima\u011fao\u011flu\u2019nun \u015fiir kitab\u0131 \u201cF\u0131s\u0131lt\u0131lar\u201d yay\u0131nland\u0131\"}]},{\"@type\":\"WebSite\",\"@id\":\"https:\\\/\\\/kuzeyinsesi.org\\\/#website\",\"url\":\"https:\\\/\\\/kuzeyinsesi.org\\\/\",\"name\":\"Kuzeyin Sesi\",\"description\":\"Do\u011fru Haberin Adresi\",\"potentialAction\":[{\"@type\":\"SearchAction\",\"target\":{\"@type\":\"EntryPoint\",\"urlTemplate\":\"https:\\\/\\\/kuzeyinsesi.org\\\/?s={search_term_string}\"},\"query-input\":{\"@type\":\"PropertyValueSpecification\",\"valueRequired\":true,\"valueName\":\"search_term_string\"}}],\"inLanguage\":\"tr\"},{\"@type\":\"Person\",\"@id\":\"https:\\\/\\\/kuzeyinsesi.org\\\/#\\\/schema\\\/person\\\/9f859689cdf01485597712386e37f5aa\",\"name\":\"Kuzeyin Sesi\",\"image\":{\"@type\":\"ImageObject\",\"inLanguage\":\"tr\",\"@id\":\"https:\\\/\\\/secure.gravatar.com\\\/avatar\\\/bab33852abfd8b282518d6ed81826833d77c3c882d9ab608add591ccace47a44?s=96&d=mm&r=g\",\"url\":\"https:\\\/\\\/secure.gravatar.com\\\/avatar\\\/bab33852abfd8b282518d6ed81826833d77c3c882d9ab608add591ccace47a44?s=96&d=mm&r=g\",\"contentUrl\":\"https:\\\/\\\/secure.gravatar.com\\\/avatar\\\/bab33852abfd8b282518d6ed81826833d77c3c882d9ab608add591ccace47a44?s=96&d=mm&r=g\",\"caption\":\"Kuzeyin Sesi\"},\"sameAs\":[\"https:\\\/\\\/kuzeyinsesi.org\"],\"url\":\"https:\\\/\\\/kuzeyinsesi.org\\\/index.php\\\/author\\\/guven\\\/\"}]}<\/script>\n<!-- \/ Yoast SEO plugin. -->","yoast_head_json":{"title":"Mustafa Zaima\u011fao\u011flu\u2019nun \u015fiir kitab\u0131 \u201cF\u0131s\u0131lt\u0131lar\u201d yay\u0131nland\u0131 - Kuzeyin Sesi","robots":{"index":"index","follow":"follow","max-snippet":"max-snippet:-1","max-image-preview":"max-image-preview:large","max-video-preview":"max-video-preview:-1"},"canonical":"https:\/\/kuzeyinsesi.org\/index.php\/2024\/09\/03\/mustafa-zaimagaoglunun-siir-kitabi-fisiltilar-yayinlandi\/","og_locale":"tr_TR","og_type":"article","og_title":"Mustafa Zaima\u011fao\u011flu\u2019nun \u015fiir kitab\u0131 \u201cF\u0131s\u0131lt\u0131lar\u201d yay\u0131nland\u0131 - Kuzeyin Sesi","og_description":"Mustafa Zaima\u011fao\u011flu\u2019nun ilk \u015fiir kitab\u0131 \u201cF\u0131s\u0131lt\u0131lar\u201d yay\u0131nland\u0131. \u0130lkokuldan beri \u015fiir yazan, ilkokul, ortaokul ve lise y\u0131llar\u0131nda \u015fiir yazma ve kompozisyon yar\u0131\u015fmalar\u0131nda birincilikleri bulunan Mustafa Zaima\u011fao\u011flu, bug\u00fcne dek yazd\u0131\u011f\u0131 \u015fiirlerin bir b\u00f6l\u00fcm\u00fcn\u00fc kitapla\u015ft\u0131rd\u0131. Kitab\u0131n \u00f6ns\u00f6z\u00fcn\u00fc, K\u00fclt\u00fcr Dairesi M\u00fcd\u00fcr\u00fc \u015eirin Zafery\u0131ld\u0131z\u0131 yazd\u0131.\u00a0 Ayn\u0131 zamanda Mustafa Zaima\u011fao\u011flu\u2019nun annesi olan \u015eirin Zafery\u0131ld\u0131z\u0131 kitab\u0131n \u00f6ns\u00f6z\u00fcnde \u201cDo\u011fumdan ba\u015flayan yolculu\u011fu anlaml\u0131 k\u0131lan [&hellip;]","og_url":"https:\/\/kuzeyinsesi.org\/index.php\/2024\/09\/03\/mustafa-zaimagaoglunun-siir-kitabi-fisiltilar-yayinlandi\/","og_site_name":"Kuzeyin Sesi","article_publisher":"https:\/\/www.facebook.com\/kuzeyinsesii","article_published_time":"2024-09-03T12:48:00+00:00","og_image":[{"url":"https:\/\/brtk.net\/wp-content\/uploads\/2024\/09\/03\/siir-3.png?ver=2c0eb7322e6a49117aefaa0666150c24","type":"","width":"","height":""}],"author":"Kuzeyin Sesi","twitter_card":"summary_large_image","twitter_creator":"@kuzeyinsesii","twitter_site":"@kuzeyinsesii","twitter_misc":{"Yazan:":"Kuzeyin Sesi","Tahmini okuma s\u00fcresi":"1 dakika"},"schema":{"@context":"https:\/\/schema.org","@graph":[{"@type":"Article","@id":"https:\/\/kuzeyinsesi.org\/index.php\/2024\/09\/03\/mustafa-zaimagaoglunun-siir-kitabi-fisiltilar-yayinlandi\/#article","isPartOf":{"@id":"https:\/\/kuzeyinsesi.org\/index.php\/2024\/09\/03\/mustafa-zaimagaoglunun-siir-kitabi-fisiltilar-yayinlandi\/"},"author":{"name":"Kuzeyin Sesi","@id":"https:\/\/kuzeyinsesi.org\/#\/schema\/person\/9f859689cdf01485597712386e37f5aa"},"headline":"Mustafa Zaima\u011fao\u011flu\u2019nun \u015fiir kitab\u0131 \u201cF\u0131s\u0131lt\u0131lar\u201d yay\u0131nland\u0131","datePublished":"2024-09-03T12:48:00+00:00","mainEntityOfPage":{"@id":"https:\/\/kuzeyinsesi.org\/index.php\/2024\/09\/03\/mustafa-zaimagaoglunun-siir-kitabi-fisiltilar-yayinlandi\/"},"wordCount":255,"commentCount":0,"image":{"@id":"https:\/\/kuzeyinsesi.org\/index.php\/2024\/09\/03\/mustafa-zaimagaoglunun-siir-kitabi-fisiltilar-yayinlandi\/#primaryimage"},"thumbnailUrl":"https:\/\/kuzeyinsesi.org\/wp-content\/uploads\/2024\/09\/siir-3.png","articleSection":["Ya\u015fam"],"inLanguage":"tr","potentialAction":[{"@type":"CommentAction","name":"Comment","target":["https:\/\/kuzeyinsesi.org\/index.php\/2024\/09\/03\/mustafa-zaimagaoglunun-siir-kitabi-fisiltilar-yayinlandi\/#respond"]}]},{"@type":"WebPage","@id":"https:\/\/kuzeyinsesi.org\/index.php\/2024\/09\/03\/mustafa-zaimagaoglunun-siir-kitabi-fisiltilar-yayinlandi\/","url":"https:\/\/kuzeyinsesi.org\/index.php\/2024\/09\/03\/mustafa-zaimagaoglunun-siir-kitabi-fisiltilar-yayinlandi\/","name":"Mustafa Zaima\u011fao\u011flu\u2019nun \u015fiir kitab\u0131 \u201cF\u0131s\u0131lt\u0131lar\u201d yay\u0131nland\u0131 - Kuzeyin Sesi","isPartOf":{"@id":"https:\/\/kuzeyinsesi.org\/#website"},"primaryImageOfPage":{"@id":"https:\/\/kuzeyinsesi.org\/index.php\/2024\/09\/03\/mustafa-zaimagaoglunun-siir-kitabi-fisiltilar-yayinlandi\/#primaryimage"},"image":{"@id":"https:\/\/kuzeyinsesi.org\/index.php\/2024\/09\/03\/mustafa-zaimagaoglunun-siir-kitabi-fisiltilar-yayinlandi\/#primaryimage"},"thumbnailUrl":"https:\/\/kuzeyinsesi.org\/wp-content\/uploads\/2024\/09\/siir-3.png","datePublished":"2024-09-03T12:48:00+00:00","author":{"@id":"https:\/\/kuzeyinsesi.org\/#\/schema\/person\/9f859689cdf01485597712386e37f5aa"},"breadcrumb":{"@id":"https:\/\/kuzeyinsesi.org\/index.php\/2024\/09\/03\/mustafa-zaimagaoglunun-siir-kitabi-fisiltilar-yayinlandi\/#breadcrumb"},"inLanguage":"tr","potentialAction":[{"@type":"ReadAction","target":["https:\/\/kuzeyinsesi.org\/index.php\/2024\/09\/03\/mustafa-zaimagaoglunun-siir-kitabi-fisiltilar-yayinlandi\/"]}]},{"@type":"ImageObject","inLanguage":"tr","@id":"https:\/\/kuzeyinsesi.org\/index.php\/2024\/09\/03\/mustafa-zaimagaoglunun-siir-kitabi-fisiltilar-yayinlandi\/#primaryimage","url":"https:\/\/kuzeyinsesi.org\/wp-content\/uploads\/2024\/09\/siir-3.png","contentUrl":"https:\/\/kuzeyinsesi.org\/wp-content\/uploads\/2024\/09\/siir-3.png","width":550,"height":383},{"@type":"BreadcrumbList","@id":"https:\/\/kuzeyinsesi.org\/index.php\/2024\/09\/03\/mustafa-zaimagaoglunun-siir-kitabi-fisiltilar-yayinlandi\/#breadcrumb","itemListElement":[{"@type":"ListItem","position":1,"name":"Anasayfa","item":"https:\/\/kuzeyinsesi.org\/"},{"@type":"ListItem","position":2,"name":"Mustafa Zaima\u011fao\u011flu\u2019nun \u015fiir kitab\u0131 \u201cF\u0131s\u0131lt\u0131lar\u201d yay\u0131nland\u0131"}]},{"@type":"WebSite","@id":"https:\/\/kuzeyinsesi.org\/#website","url":"https:\/\/kuzeyinsesi.org\/","name":"Kuzeyin Sesi","description":"Do\u011fru Haberin Adresi","potentialAction":[{"@type":"SearchAction","target":{"@type":"EntryPoint","urlTemplate":"https:\/\/kuzeyinsesi.org\/?s={search_term_string}"},"query-input":{"@type":"PropertyValueSpecification","valueRequired":true,"valueName":"search_term_string"}}],"inLanguage":"tr"},{"@type":"Person","@id":"https:\/\/kuzeyinsesi.org\/#\/schema\/person\/9f859689cdf01485597712386e37f5aa","name":"Kuzeyin Sesi","image":{"@type":"ImageObject","inLanguage":"tr","@id":"https:\/\/secure.gravatar.com\/avatar\/bab33852abfd8b282518d6ed81826833d77c3c882d9ab608add591ccace47a44?s=96&d=mm&r=g","url":"https:\/\/secure.gravatar.com\/avatar\/bab33852abfd8b282518d6ed81826833d77c3c882d9ab608add591ccace47a44?s=96&d=mm&r=g","contentUrl":"https:\/\/secure.gravatar.com\/avatar\/bab33852abfd8b282518d6ed81826833d77c3c882d9ab608add591ccace47a44?s=96&d=mm&r=g","caption":"Kuzeyin Sesi"},"sameAs":["https:\/\/kuzeyinsesi.org"],"url":"https:\/\/kuzeyinsesi.org\/index.php\/author\/guven\/"}]}},"_links":{"self":[{"href":"https:\/\/kuzeyinsesi.org\/index.php\/wp-json\/wp\/v2\/posts\/9059","targetHints":{"allow":["GET"]}}],"collection":[{"href":"https:\/\/kuzeyinsesi.org\/index.php\/wp-json\/wp\/v2\/posts"}],"about":[{"href":"https:\/\/kuzeyinsesi.org\/index.php\/wp-json\/wp\/v2\/types\/post"}],"author":[{"embeddable":true,"href":"https:\/\/kuzeyinsesi.org\/index.php\/wp-json\/wp\/v2\/users\/1"}],"replies":[{"embeddable":true,"href":"https:\/\/kuzeyinsesi.org\/index.php\/wp-json\/wp\/v2\/comments?post=9059"}],"version-history":[{"count":0,"href":"https:\/\/kuzeyinsesi.org\/index.php\/wp-json\/wp\/v2\/posts\/9059\/revisions"}],"wp:featuredmedia":[{"embeddable":true,"href":"https:\/\/kuzeyinsesi.org\/index.php\/wp-json\/wp\/v2\/media\/9060"}],"wp:attachment":[{"href":"https:\/\/kuzeyinsesi.org\/index.php\/wp-json\/wp\/v2\/media?parent=9059"}],"wp:term":[{"taxonomy":"category","embeddable":true,"href":"https:\/\/kuzeyinsesi.org\/index.php\/wp-json\/wp\/v2\/categories?post=9059"},{"taxonomy":"post_tag","embeddable":true,"href":"https:\/\/kuzeyinsesi.org\/index.php\/wp-json\/wp\/v2\/tags?post=9059"}],"curies":[{"name":"wp","href":"https:\/\/api.w.org\/{rel}","templated":true}]}}