{"id":8979,"date":"2024-09-02T12:40:10","date_gmt":"2024-09-02T09:40:10","guid":{"rendered":"https:\/\/kuzeyinsesi.org\/index.php\/2024\/09\/02\/yesilcamin-aci-kaybi-ahu-tugba-hayatini-kaybetti\/"},"modified":"2024-09-02T12:40:10","modified_gmt":"2024-09-02T09:40:10","slug":"yesilcamin-aci-kaybi-ahu-tugba-hayatini-kaybetti","status":"publish","type":"post","link":"https:\/\/kuzeyinsesi.org\/index.php\/2024\/09\/02\/yesilcamin-aci-kaybi-ahu-tugba-hayatini-kaybetti\/","title":{"rendered":"Ye\u015fil\u00e7am\u2019\u0131n ac\u0131 kayb\u0131: Ahu Tu\u011fba hayat\u0131n\u0131 kaybetti"},"content":{"rendered":"<div>\n<div class=\"mariselle-image-container center\">\n                                            <\/div>\n<p>\u00dcnl\u00fc sinema oyuncusu ve sanat\u00e7\u0131 Ahu Tu\u011fba hayat\u0131n\u0131 kaybetti. Tu\u011fba\u2019n\u0131n \u00f6l\u00fcm haberini sanat\u00e7\u0131 dostu Nuri Al\u00e7o verdi.<\/p>\n<p>ABD\u2019de ya\u015fayan 69 ya\u015f\u0131ndaki Ye\u015fil\u00e7am\u2019\u0131n unutulmaz sanat\u00e7\u0131s\u0131 Ahu Tu\u011fba, Miami\u2019deki evinde hayata g\u00f6zlerini yumdu.<\/p>\n<p>Ahu Tu\u011fba, bir s\u00fcredir ileri seviye ast\u0131mla m\u00fccadele ediyordu.<\/p>\n<p>Oyuncu, ge\u00e7ti\u011fimiz nisan ay\u0131nda da trafik kazas\u0131 ge\u00e7irmi\u015f, 8 saatlik operasyonun ard\u0131ndan 3 hafta yo\u011fun bak\u0131mda tedavi g\u00f6rm\u00fc\u015ft\u00fc.<\/p>\n<p>Ahu Tu\u011fba\u2019n\u0131n \u00f6l\u00fcm haberini Nuri Al\u00e7o duyurdu. Al\u00e7o, \u201cK\u0131z\u0131 Anjelik ile g\u00f6r\u00fc\u015ft\u00fcm. Maalesef \u00e7ok \u00fczg\u00fcn\u00fcm. Ahu\u2019muzu kaybettik\u201d ifadelerini kulland\u0131.<\/p>\n<p>1955 do\u011fumlu Ahu Tu\u011fba, \u201cDervi\u015f Bey\u201d, \u201cDokunmay\u0131n \u015eaban\u0131ma\u201d, \u201cBanker Bilo\u201d ve \u201cTa\u00e7s\u0131z Krali\u00e7e\u201d filmlerindeki rol\u00fcyle haf\u0131zalara kaz\u0131nm\u0131\u015ft\u0131.<\/p>\n<\/p><\/div>\n<p><script async\n                    defer\n                    crossorigin=\"anonymous\"\n                    src=\"https:\/\/connect.facebook.net\/tr_TR\/sdk.js#xfbml=1&#038;version=v3.3\"\n            ><\/script><\/p>\n","protected":false},"excerpt":{"rendered":"<p>\u00dcnl\u00fc sinema oyuncusu ve sanat\u00e7\u0131 Ahu Tu\u011fba hayat\u0131n\u0131 kaybetti. Tu\u011fba\u2019n\u0131n \u00f6l\u00fcm haberini sanat\u00e7\u0131 dostu Nuri Al\u00e7o verdi. ABD\u2019de ya\u015fayan 69 ya\u015f\u0131ndaki Ye\u015fil\u00e7am\u2019\u0131n unutulmaz sanat\u00e7\u0131s\u0131 Ahu Tu\u011fba, Miami\u2019deki evinde hayata g\u00f6zlerini yumdu. Ahu Tu\u011fba, bir s\u00fcredir ileri seviye ast\u0131mla m\u00fccadele ediyordu. Oyuncu, ge\u00e7ti\u011fimiz nisan ay\u0131nda da trafik kazas\u0131 ge\u00e7irmi\u015f, 8 saatlik operasyonun ard\u0131ndan 3 hafta yo\u011fun [&hellip;]<\/p>\n","protected":false},"author":1,"featured_media":8980,"comment_status":"open","ping_status":"open","sticky":false,"template":"","format":"standard","meta":{"jnews-multi-image_gallery":[],"jnews_single_post":[],"jnews_primary_category":[],"jnews_social_meta":[],"jnews_override_counter":[],"footnotes":""},"categories":[6],"tags":[],"class_list":["post-8979","post","type-post","status-publish","format-standard","has-post-thumbnail","hentry","category-yasam"],"yoast_head":"<!-- This site is optimized with the Yoast SEO plugin v27.5 - https:\/\/yoast.com\/product\/yoast-seo-wordpress\/ -->\n<title>Ye\u015fil\u00e7am\u2019\u0131n ac\u0131 kayb\u0131: Ahu Tu\u011fba hayat\u0131n\u0131 kaybetti - Kuzeyin Sesi<\/title>\n<meta name=\"robots\" content=\"index, follow, max-snippet:-1, max-image-preview:large, max-video-preview:-1\" \/>\n<link rel=\"canonical\" href=\"https:\/\/kuzeyinsesi.org\/index.php\/2024\/09\/02\/yesilcamin-aci-kaybi-ahu-tugba-hayatini-kaybetti\/\" \/>\n<meta property=\"og:locale\" content=\"tr_TR\" \/>\n<meta property=\"og:type\" content=\"article\" \/>\n<meta property=\"og:title\" content=\"Ye\u015fil\u00e7am\u2019\u0131n ac\u0131 kayb\u0131: Ahu Tu\u011fba hayat\u0131n\u0131 kaybetti - Kuzeyin Sesi\" \/>\n<meta property=\"og:description\" content=\"\u00dcnl\u00fc sinema oyuncusu ve sanat\u00e7\u0131 Ahu Tu\u011fba hayat\u0131n\u0131 kaybetti. Tu\u011fba\u2019n\u0131n \u00f6l\u00fcm haberini sanat\u00e7\u0131 dostu Nuri Al\u00e7o verdi. ABD\u2019de ya\u015fayan 69 ya\u015f\u0131ndaki Ye\u015fil\u00e7am\u2019\u0131n unutulmaz sanat\u00e7\u0131s\u0131 Ahu Tu\u011fba, Miami\u2019deki evinde hayata g\u00f6zlerini yumdu. Ahu Tu\u011fba, bir s\u00fcredir ileri seviye ast\u0131mla m\u00fccadele ediyordu. Oyuncu, ge\u00e7ti\u011fimiz nisan ay\u0131nda da trafik kazas\u0131 ge\u00e7irmi\u015f, 8 saatlik operasyonun ard\u0131ndan 3 hafta yo\u011fun [&hellip;]\" \/>\n<meta property=\"og:url\" content=\"https:\/\/kuzeyinsesi.org\/index.php\/2024\/09\/02\/yesilcamin-aci-kaybi-ahu-tugba-hayatini-kaybetti\/\" \/>\n<meta property=\"og:site_name\" content=\"Kuzeyin Sesi\" \/>\n<meta property=\"article:publisher\" content=\"https:\/\/www.facebook.com\/kuzeyinsesii\" \/>\n<meta property=\"article:published_time\" content=\"2024-09-02T09:40:10+00:00\" \/>\n<meta property=\"og:image\" content=\"https:\/\/brtk.net\/wp-content\/uploads\/2024\/09\/01\/unlu_oyuncu_ahu_tugba_miamide_hayatini_kaybetti_1725211623_3423.jpg?ver=155a306cf7fe9318d95dbba1f910bafe\" \/>\n<meta name=\"author\" content=\"Kuzeyin Sesi\" \/>\n<meta name=\"twitter:card\" content=\"summary_large_image\" \/>\n<meta name=\"twitter:creator\" content=\"@kuzeyinsesii\" \/>\n<meta name=\"twitter:site\" content=\"@kuzeyinsesii\" \/>\n<meta name=\"twitter:label1\" content=\"Yazan:\" \/>\n\t<meta name=\"twitter:data1\" content=\"Kuzeyin Sesi\" \/>\n\t<meta name=\"twitter:label2\" content=\"Tahmini okuma s\u00fcresi\" \/>\n\t<meta name=\"twitter:data2\" content=\"1 dakika\" \/>\n<script type=\"application\/ld+json\" class=\"yoast-schema-graph\">{\"@context\":\"https:\\\/\\\/schema.org\",\"@graph\":[{\"@type\":\"Article\",\"@id\":\"https:\\\/\\\/kuzeyinsesi.org\\\/index.php\\\/2024\\\/09\\\/02\\\/yesilcamin-aci-kaybi-ahu-tugba-hayatini-kaybetti\\\/#article\",\"isPartOf\":{\"@id\":\"https:\\\/\\\/kuzeyinsesi.org\\\/index.php\\\/2024\\\/09\\\/02\\\/yesilcamin-aci-kaybi-ahu-tugba-hayatini-kaybetti\\\/\"},\"author\":{\"name\":\"Kuzeyin Sesi\",\"@id\":\"https:\\\/\\\/kuzeyinsesi.org\\\/#\\\/schema\\\/person\\\/9f859689cdf01485597712386e37f5aa\"},\"headline\":\"Ye\u015fil\u00e7am\u2019\u0131n ac\u0131 kayb\u0131: Ahu Tu\u011fba hayat\u0131n\u0131 kaybetti\",\"datePublished\":\"2024-09-02T09:40:10+00:00\",\"mainEntityOfPage\":{\"@id\":\"https:\\\/\\\/kuzeyinsesi.org\\\/index.php\\\/2024\\\/09\\\/02\\\/yesilcamin-aci-kaybi-ahu-tugba-hayatini-kaybetti\\\/\"},\"wordCount\":156,\"commentCount\":0,\"image\":{\"@id\":\"https:\\\/\\\/kuzeyinsesi.org\\\/index.php\\\/2024\\\/09\\\/02\\\/yesilcamin-aci-kaybi-ahu-tugba-hayatini-kaybetti\\\/#primaryimage\"},\"thumbnailUrl\":\"https:\\\/\\\/kuzeyinsesi.org\\\/wp-content\\\/uploads\\\/2024\\\/09\\\/unlu_oyuncu_ahu_tugba_miamide_hayatini_kaybetti_1725211623_3423.jpg\",\"articleSection\":[\"Ya\u015fam\"],\"inLanguage\":\"tr\",\"potentialAction\":[{\"@type\":\"CommentAction\",\"name\":\"Comment\",\"target\":[\"https:\\\/\\\/kuzeyinsesi.org\\\/index.php\\\/2024\\\/09\\\/02\\\/yesilcamin-aci-kaybi-ahu-tugba-hayatini-kaybetti\\\/#respond\"]}]},{\"@type\":\"WebPage\",\"@id\":\"https:\\\/\\\/kuzeyinsesi.org\\\/index.php\\\/2024\\\/09\\\/02\\\/yesilcamin-aci-kaybi-ahu-tugba-hayatini-kaybetti\\\/\",\"url\":\"https:\\\/\\\/kuzeyinsesi.org\\\/index.php\\\/2024\\\/09\\\/02\\\/yesilcamin-aci-kaybi-ahu-tugba-hayatini-kaybetti\\\/\",\"name\":\"Ye\u015fil\u00e7am\u2019\u0131n ac\u0131 kayb\u0131: Ahu Tu\u011fba hayat\u0131n\u0131 kaybetti - Kuzeyin Sesi\",\"isPartOf\":{\"@id\":\"https:\\\/\\\/kuzeyinsesi.org\\\/#website\"},\"primaryImageOfPage\":{\"@id\":\"https:\\\/\\\/kuzeyinsesi.org\\\/index.php\\\/2024\\\/09\\\/02\\\/yesilcamin-aci-kaybi-ahu-tugba-hayatini-kaybetti\\\/#primaryimage\"},\"image\":{\"@id\":\"https:\\\/\\\/kuzeyinsesi.org\\\/index.php\\\/2024\\\/09\\\/02\\\/yesilcamin-aci-kaybi-ahu-tugba-hayatini-kaybetti\\\/#primaryimage\"},\"thumbnailUrl\":\"https:\\\/\\\/kuzeyinsesi.org\\\/wp-content\\\/uploads\\\/2024\\\/09\\\/unlu_oyuncu_ahu_tugba_miamide_hayatini_kaybetti_1725211623_3423.jpg\",\"datePublished\":\"2024-09-02T09:40:10+00:00\",\"author\":{\"@id\":\"https:\\\/\\\/kuzeyinsesi.org\\\/#\\\/schema\\\/person\\\/9f859689cdf01485597712386e37f5aa\"},\"breadcrumb\":{\"@id\":\"https:\\\/\\\/kuzeyinsesi.org\\\/index.php\\\/2024\\\/09\\\/02\\\/yesilcamin-aci-kaybi-ahu-tugba-hayatini-kaybetti\\\/#breadcrumb\"},\"inLanguage\":\"tr\",\"potentialAction\":[{\"@type\":\"ReadAction\",\"target\":[\"https:\\\/\\\/kuzeyinsesi.org\\\/index.php\\\/2024\\\/09\\\/02\\\/yesilcamin-aci-kaybi-ahu-tugba-hayatini-kaybetti\\\/\"]}]},{\"@type\":\"ImageObject\",\"inLanguage\":\"tr\",\"@id\":\"https:\\\/\\\/kuzeyinsesi.org\\\/index.php\\\/2024\\\/09\\\/02\\\/yesilcamin-aci-kaybi-ahu-tugba-hayatini-kaybetti\\\/#primaryimage\",\"url\":\"https:\\\/\\\/kuzeyinsesi.org\\\/wp-content\\\/uploads\\\/2024\\\/09\\\/unlu_oyuncu_ahu_tugba_miamide_hayatini_kaybetti_1725211623_3423.jpg\",\"contentUrl\":\"https:\\\/\\\/kuzeyinsesi.org\\\/wp-content\\\/uploads\\\/2024\\\/09\\\/unlu_oyuncu_ahu_tugba_miamide_hayatini_kaybetti_1725211623_3423.jpg\",\"width\":1280,\"height\":720},{\"@type\":\"BreadcrumbList\",\"@id\":\"https:\\\/\\\/kuzeyinsesi.org\\\/index.php\\\/2024\\\/09\\\/02\\\/yesilcamin-aci-kaybi-ahu-tugba-hayatini-kaybetti\\\/#breadcrumb\",\"itemListElement\":[{\"@type\":\"ListItem\",\"position\":1,\"name\":\"Anasayfa\",\"item\":\"https:\\\/\\\/kuzeyinsesi.org\\\/\"},{\"@type\":\"ListItem\",\"position\":2,\"name\":\"Ye\u015fil\u00e7am\u2019\u0131n ac\u0131 kayb\u0131: Ahu Tu\u011fba hayat\u0131n\u0131 kaybetti\"}]},{\"@type\":\"WebSite\",\"@id\":\"https:\\\/\\\/kuzeyinsesi.org\\\/#website\",\"url\":\"https:\\\/\\\/kuzeyinsesi.org\\\/\",\"name\":\"Kuzeyin Sesi\",\"description\":\"Do\u011fru Haberin Adresi\",\"potentialAction\":[{\"@type\":\"SearchAction\",\"target\":{\"@type\":\"EntryPoint\",\"urlTemplate\":\"https:\\\/\\\/kuzeyinsesi.org\\\/?s={search_term_string}\"},\"query-input\":{\"@type\":\"PropertyValueSpecification\",\"valueRequired\":true,\"valueName\":\"search_term_string\"}}],\"inLanguage\":\"tr\"},{\"@type\":\"Person\",\"@id\":\"https:\\\/\\\/kuzeyinsesi.org\\\/#\\\/schema\\\/person\\\/9f859689cdf01485597712386e37f5aa\",\"name\":\"Kuzeyin Sesi\",\"image\":{\"@type\":\"ImageObject\",\"inLanguage\":\"tr\",\"@id\":\"https:\\\/\\\/secure.gravatar.com\\\/avatar\\\/bab33852abfd8b282518d6ed81826833d77c3c882d9ab608add591ccace47a44?s=96&d=mm&r=g\",\"url\":\"https:\\\/\\\/secure.gravatar.com\\\/avatar\\\/bab33852abfd8b282518d6ed81826833d77c3c882d9ab608add591ccace47a44?s=96&d=mm&r=g\",\"contentUrl\":\"https:\\\/\\\/secure.gravatar.com\\\/avatar\\\/bab33852abfd8b282518d6ed81826833d77c3c882d9ab608add591ccace47a44?s=96&d=mm&r=g\",\"caption\":\"Kuzeyin Sesi\"},\"sameAs\":[\"https:\\\/\\\/kuzeyinsesi.org\"],\"url\":\"https:\\\/\\\/kuzeyinsesi.org\\\/index.php\\\/author\\\/guven\\\/\"}]}<\/script>\n<!-- \/ Yoast SEO plugin. -->","yoast_head_json":{"title":"Ye\u015fil\u00e7am\u2019\u0131n ac\u0131 kayb\u0131: Ahu Tu\u011fba hayat\u0131n\u0131 kaybetti - Kuzeyin Sesi","robots":{"index":"index","follow":"follow","max-snippet":"max-snippet:-1","max-image-preview":"max-image-preview:large","max-video-preview":"max-video-preview:-1"},"canonical":"https:\/\/kuzeyinsesi.org\/index.php\/2024\/09\/02\/yesilcamin-aci-kaybi-ahu-tugba-hayatini-kaybetti\/","og_locale":"tr_TR","og_type":"article","og_title":"Ye\u015fil\u00e7am\u2019\u0131n ac\u0131 kayb\u0131: Ahu Tu\u011fba hayat\u0131n\u0131 kaybetti - Kuzeyin Sesi","og_description":"\u00dcnl\u00fc sinema oyuncusu ve sanat\u00e7\u0131 Ahu Tu\u011fba hayat\u0131n\u0131 kaybetti. Tu\u011fba\u2019n\u0131n \u00f6l\u00fcm haberini sanat\u00e7\u0131 dostu Nuri Al\u00e7o verdi. ABD\u2019de ya\u015fayan 69 ya\u015f\u0131ndaki Ye\u015fil\u00e7am\u2019\u0131n unutulmaz sanat\u00e7\u0131s\u0131 Ahu Tu\u011fba, Miami\u2019deki evinde hayata g\u00f6zlerini yumdu. Ahu Tu\u011fba, bir s\u00fcredir ileri seviye ast\u0131mla m\u00fccadele ediyordu. Oyuncu, ge\u00e7ti\u011fimiz nisan ay\u0131nda da trafik kazas\u0131 ge\u00e7irmi\u015f, 8 saatlik operasyonun ard\u0131ndan 3 hafta yo\u011fun [&hellip;]","og_url":"https:\/\/kuzeyinsesi.org\/index.php\/2024\/09\/02\/yesilcamin-aci-kaybi-ahu-tugba-hayatini-kaybetti\/","og_site_name":"Kuzeyin Sesi","article_publisher":"https:\/\/www.facebook.com\/kuzeyinsesii","article_published_time":"2024-09-02T09:40:10+00:00","og_image":[{"url":"https:\/\/brtk.net\/wp-content\/uploads\/2024\/09\/01\/unlu_oyuncu_ahu_tugba_miamide_hayatini_kaybetti_1725211623_3423.jpg?ver=155a306cf7fe9318d95dbba1f910bafe","type":"","width":"","height":""}],"author":"Kuzeyin Sesi","twitter_card":"summary_large_image","twitter_creator":"@kuzeyinsesii","twitter_site":"@kuzeyinsesii","twitter_misc":{"Yazan:":"Kuzeyin Sesi","Tahmini okuma s\u00fcresi":"1 dakika"},"schema":{"@context":"https:\/\/schema.org","@graph":[{"@type":"Article","@id":"https:\/\/kuzeyinsesi.org\/index.php\/2024\/09\/02\/yesilcamin-aci-kaybi-ahu-tugba-hayatini-kaybetti\/#article","isPartOf":{"@id":"https:\/\/kuzeyinsesi.org\/index.php\/2024\/09\/02\/yesilcamin-aci-kaybi-ahu-tugba-hayatini-kaybetti\/"},"author":{"name":"Kuzeyin Sesi","@id":"https:\/\/kuzeyinsesi.org\/#\/schema\/person\/9f859689cdf01485597712386e37f5aa"},"headline":"Ye\u015fil\u00e7am\u2019\u0131n ac\u0131 kayb\u0131: Ahu Tu\u011fba hayat\u0131n\u0131 kaybetti","datePublished":"2024-09-02T09:40:10+00:00","mainEntityOfPage":{"@id":"https:\/\/kuzeyinsesi.org\/index.php\/2024\/09\/02\/yesilcamin-aci-kaybi-ahu-tugba-hayatini-kaybetti\/"},"wordCount":156,"commentCount":0,"image":{"@id":"https:\/\/kuzeyinsesi.org\/index.php\/2024\/09\/02\/yesilcamin-aci-kaybi-ahu-tugba-hayatini-kaybetti\/#primaryimage"},"thumbnailUrl":"https:\/\/kuzeyinsesi.org\/wp-content\/uploads\/2024\/09\/unlu_oyuncu_ahu_tugba_miamide_hayatini_kaybetti_1725211623_3423.jpg","articleSection":["Ya\u015fam"],"inLanguage":"tr","potentialAction":[{"@type":"CommentAction","name":"Comment","target":["https:\/\/kuzeyinsesi.org\/index.php\/2024\/09\/02\/yesilcamin-aci-kaybi-ahu-tugba-hayatini-kaybetti\/#respond"]}]},{"@type":"WebPage","@id":"https:\/\/kuzeyinsesi.org\/index.php\/2024\/09\/02\/yesilcamin-aci-kaybi-ahu-tugba-hayatini-kaybetti\/","url":"https:\/\/kuzeyinsesi.org\/index.php\/2024\/09\/02\/yesilcamin-aci-kaybi-ahu-tugba-hayatini-kaybetti\/","name":"Ye\u015fil\u00e7am\u2019\u0131n ac\u0131 kayb\u0131: Ahu Tu\u011fba hayat\u0131n\u0131 kaybetti - Kuzeyin Sesi","isPartOf":{"@id":"https:\/\/kuzeyinsesi.org\/#website"},"primaryImageOfPage":{"@id":"https:\/\/kuzeyinsesi.org\/index.php\/2024\/09\/02\/yesilcamin-aci-kaybi-ahu-tugba-hayatini-kaybetti\/#primaryimage"},"image":{"@id":"https:\/\/kuzeyinsesi.org\/index.php\/2024\/09\/02\/yesilcamin-aci-kaybi-ahu-tugba-hayatini-kaybetti\/#primaryimage"},"thumbnailUrl":"https:\/\/kuzeyinsesi.org\/wp-content\/uploads\/2024\/09\/unlu_oyuncu_ahu_tugba_miamide_hayatini_kaybetti_1725211623_3423.jpg","datePublished":"2024-09-02T09:40:10+00:00","author":{"@id":"https:\/\/kuzeyinsesi.org\/#\/schema\/person\/9f859689cdf01485597712386e37f5aa"},"breadcrumb":{"@id":"https:\/\/kuzeyinsesi.org\/index.php\/2024\/09\/02\/yesilcamin-aci-kaybi-ahu-tugba-hayatini-kaybetti\/#breadcrumb"},"inLanguage":"tr","potentialAction":[{"@type":"ReadAction","target":["https:\/\/kuzeyinsesi.org\/index.php\/2024\/09\/02\/yesilcamin-aci-kaybi-ahu-tugba-hayatini-kaybetti\/"]}]},{"@type":"ImageObject","inLanguage":"tr","@id":"https:\/\/kuzeyinsesi.org\/index.php\/2024\/09\/02\/yesilcamin-aci-kaybi-ahu-tugba-hayatini-kaybetti\/#primaryimage","url":"https:\/\/kuzeyinsesi.org\/wp-content\/uploads\/2024\/09\/unlu_oyuncu_ahu_tugba_miamide_hayatini_kaybetti_1725211623_3423.jpg","contentUrl":"https:\/\/kuzeyinsesi.org\/wp-content\/uploads\/2024\/09\/unlu_oyuncu_ahu_tugba_miamide_hayatini_kaybetti_1725211623_3423.jpg","width":1280,"height":720},{"@type":"BreadcrumbList","@id":"https:\/\/kuzeyinsesi.org\/index.php\/2024\/09\/02\/yesilcamin-aci-kaybi-ahu-tugba-hayatini-kaybetti\/#breadcrumb","itemListElement":[{"@type":"ListItem","position":1,"name":"Anasayfa","item":"https:\/\/kuzeyinsesi.org\/"},{"@type":"ListItem","position":2,"name":"Ye\u015fil\u00e7am\u2019\u0131n ac\u0131 kayb\u0131: Ahu Tu\u011fba hayat\u0131n\u0131 kaybetti"}]},{"@type":"WebSite","@id":"https:\/\/kuzeyinsesi.org\/#website","url":"https:\/\/kuzeyinsesi.org\/","name":"Kuzeyin Sesi","description":"Do\u011fru Haberin Adresi","potentialAction":[{"@type":"SearchAction","target":{"@type":"EntryPoint","urlTemplate":"https:\/\/kuzeyinsesi.org\/?s={search_term_string}"},"query-input":{"@type":"PropertyValueSpecification","valueRequired":true,"valueName":"search_term_string"}}],"inLanguage":"tr"},{"@type":"Person","@id":"https:\/\/kuzeyinsesi.org\/#\/schema\/person\/9f859689cdf01485597712386e37f5aa","name":"Kuzeyin Sesi","image":{"@type":"ImageObject","inLanguage":"tr","@id":"https:\/\/secure.gravatar.com\/avatar\/bab33852abfd8b282518d6ed81826833d77c3c882d9ab608add591ccace47a44?s=96&d=mm&r=g","url":"https:\/\/secure.gravatar.com\/avatar\/bab33852abfd8b282518d6ed81826833d77c3c882d9ab608add591ccace47a44?s=96&d=mm&r=g","contentUrl":"https:\/\/secure.gravatar.com\/avatar\/bab33852abfd8b282518d6ed81826833d77c3c882d9ab608add591ccace47a44?s=96&d=mm&r=g","caption":"Kuzeyin Sesi"},"sameAs":["https:\/\/kuzeyinsesi.org"],"url":"https:\/\/kuzeyinsesi.org\/index.php\/author\/guven\/"}]}},"_links":{"self":[{"href":"https:\/\/kuzeyinsesi.org\/index.php\/wp-json\/wp\/v2\/posts\/8979","targetHints":{"allow":["GET"]}}],"collection":[{"href":"https:\/\/kuzeyinsesi.org\/index.php\/wp-json\/wp\/v2\/posts"}],"about":[{"href":"https:\/\/kuzeyinsesi.org\/index.php\/wp-json\/wp\/v2\/types\/post"}],"author":[{"embeddable":true,"href":"https:\/\/kuzeyinsesi.org\/index.php\/wp-json\/wp\/v2\/users\/1"}],"replies":[{"embeddable":true,"href":"https:\/\/kuzeyinsesi.org\/index.php\/wp-json\/wp\/v2\/comments?post=8979"}],"version-history":[{"count":0,"href":"https:\/\/kuzeyinsesi.org\/index.php\/wp-json\/wp\/v2\/posts\/8979\/revisions"}],"wp:featuredmedia":[{"embeddable":true,"href":"https:\/\/kuzeyinsesi.org\/index.php\/wp-json\/wp\/v2\/media\/8980"}],"wp:attachment":[{"href":"https:\/\/kuzeyinsesi.org\/index.php\/wp-json\/wp\/v2\/media?parent=8979"}],"wp:term":[{"taxonomy":"category","embeddable":true,"href":"https:\/\/kuzeyinsesi.org\/index.php\/wp-json\/wp\/v2\/categories?post=8979"},{"taxonomy":"post_tag","embeddable":true,"href":"https:\/\/kuzeyinsesi.org\/index.php\/wp-json\/wp\/v2\/tags?post=8979"}],"curies":[{"name":"wp","href":"https:\/\/api.w.org\/{rel}","templated":true}]}}