{"id":8973,"date":"2024-09-02T11:39:23","date_gmt":"2024-09-02T08:39:23","guid":{"rendered":"https:\/\/kuzeyinsesi.org\/index.php\/2024\/09\/02\/16-girne-ozankoy-pekmez-festivali-sona-erdi\/"},"modified":"2024-09-02T11:39:23","modified_gmt":"2024-09-02T08:39:23","slug":"16-girne-ozankoy-pekmez-festivali-sona-erdi","status":"publish","type":"post","link":"https:\/\/kuzeyinsesi.org\/index.php\/2024\/09\/02\/16-girne-ozankoy-pekmez-festivali-sona-erdi\/","title":{"rendered":"\u201c16. Girne Ozank\u00f6y Pekmez Festivali\u201d sona erdi"},"content":{"rendered":"<div>\n<div class=\"mariselle-image-container center\">\n                                            <\/div>\n<p>\u00a0<\/p>\n<p>\u00a0<\/p>\n<p style=\"font-weight: 300;\">Girne Belediyesi\u2019nin Merit International ana sponsorlu\u011funda d\u00fczenledi\u011fi Girne Ark\u0131n Group Fest24\u2019\u00fcn ilk etkinli\u011fi olan \u201c16. Girne Ozank\u00f6y Pekmez Festivali\u201d final gecesi ile son buldu.<\/p>\n<p style=\"font-weight: 300;\"><span style=\"font-weight: 300 !important;\">Girne Amfi Tiyatro ve Ramadan Cemil Meydan\u0131 etkinliklerinin yan\u0131 s\u0131ra, bu y\u0131l ilk kez Girne Antik Liman ve yenilenen Kordonboyu da 11 Ekim\u2019e kadar s\u00fcrecek festivale dahil oluyor.<\/span><\/p>\n<p style=\"font-weight: 300;\"><span style=\"font-weight: 300 !important;\">Girne Belediyesi\u2019nden yap\u0131lan a\u00e7\u0131klamaya g\u00f6re, t\u00fcm etkinlik biletleri i\u00e7in www.girnebelediyesi.com adresi ziyaret edebilir.<\/span><\/p>\n<p style=\"font-weight: 300;\"><strong>-Volkan\u2019\u0131n son kitab\u0131 tan\u0131t\u0131ld\u0131<\/strong><\/p>\n<ol start=\"16\">\n<li style=\"font-weight: 300;\"><span style=\"font-weight: 300 !important;\"> Girne Ozank\u00f6y Pekmez Festivali\u2019nin son gecesi, saat 19.00\u2019da Dance Spot \u2018\u00c7ocuk Bale Dans G\u00f6sterisi\u2019 ile ba\u015flad\u0131, \u2018Pekmezli Tatl\u0131lar Yar\u0131\u015fmas\u0131\u2019 teslim ve de\u011ferlendirme s\u00fcreci devam ederken \u00c7atalk\u00f6y Esentepe Belediyesi Nostalji Halk Danslar\u0131 Toplulu\u011fu Sahne ald\u0131. Festival kapsam\u0131nda psikiyatrist Prof. Dr. Vam\u0131k Cemal Volkan\u2019\u0131n \u2018D\u0131\u015fd\u00fcnyam\u0131za bak\u0131\u015f\u2019 isimli son kitab\u0131n\u0131n tan\u0131t\u0131m ve imza etkinli\u011fi ger\u00e7ekle\u015ftirdi.<\/span><\/li>\n<\/ol>\n<p style=\"font-weight: 300;\"><span style=\"font-weight: 300 !important;\">Latin Trio Band\u2019\u0131n konserinin ard\u0131ndan \u2018Pekmezli Tatl\u0131lar Yar\u0131\u015fmas\u0131\u2019 sonu\u00e7lar\u0131 a\u00e7\u0131kland\u0131 ve gece Bora Serb\u00fclent konseri ile sona erdi.<\/span><\/p>\n<p style=\"font-weight: 300;\"><strong>-Kortej, dans ve konserler<\/strong><\/p>\n<p style=\"font-weight: 300;\"><span style=\"font-weight: 300 !important;\">\u2018Ark\u0131n Group Girne Fest24\u2019 \u00e7er\u00e7evesinde yar\u0131n saat 19.00\u2019da kortej yap\u0131lacak. Ramadan Cemil Meydan\u0131\u2019nda ba\u015flayacak y\u00fcr\u00fcy\u00fc\u015f limanda son bulacak.<\/span><\/p>\n<p style=\"font-weight: 300;\"><span style=\"font-weight: 300 !important;\">Liman Kale Sahne\u2019de saat 20.30\u2019da, \u2018The Cotton Club Dance Show\u2019 sahnelenecek.<\/span><\/p>\n<p style=\"font-weight: 300;\"><span style=\"font-weight: 300 !important;\">G\u00f6sterinin ard\u0131ndan ise 21.30\u2019da, Liman Merkez Sahne\u2019de \u2018Sonare \u00c7ok Sesli Korosu\u2019 konseri d\u00fczenlenecek.<\/span><\/p>\n<p style=\"font-weight: 300;\"><strong>-Festivalde \u00c7ar\u015famba g\u00fcn\u00fc \u201cH\u0131r\u00e7\u0131n K\u0131z\u201d sahnelenecek<\/strong><\/p>\n<p style=\"font-weight: 300;\"><span style=\"font-weight: 300 !important;\">Girne Amfi Tiyatro\u2019da 4 Eyl\u00fcl \u00c7ar\u015famba g\u00fcn\u00fc saat 21.00\u2019de, \u0130stanbul Devlet Tiyatrolar\u0131\u2019n\u0131n sahneledi\u011fi \u2018H\u0131r\u00e7\u0131n K\u0131z\u2019 isimli oyun \u0130ngilizce ve Rus\u00e7a altyaz\u0131l\u0131 olarak sahnelenecek.<\/span><\/p>\n<p style=\"font-weight: 300;\"><span style=\"font-weight: 300 !important;\">5 Eyl\u00fcl Per\u015fembe g\u00fcn\u00fc Liman Merkez Sahne\u2019de \u2018Give or Take\u2019 dans g\u00f6sterisi yap\u0131lacak, g\u00f6sterinin ard\u0131ndan saat 20.30\u2019da ise yine ayn\u0131 yerde Gizem Akbil ve Orkestras\u0131 sahne alacak.<\/span><\/p>\n<\/p><\/div>\n<p><script async\n                    defer\n                    crossorigin=\"anonymous\"\n                    src=\"https:\/\/connect.facebook.net\/tr_TR\/sdk.js#xfbml=1&#038;version=v3.3\"\n            ><\/script><\/p>\n","protected":false},"excerpt":{"rendered":"<p>\u00a0 \u00a0 Girne Belediyesi\u2019nin Merit International ana sponsorlu\u011funda d\u00fczenledi\u011fi Girne Ark\u0131n Group Fest24\u2019\u00fcn ilk etkinli\u011fi olan \u201c16. Girne Ozank\u00f6y Pekmez Festivali\u201d final gecesi ile son buldu. Girne Amfi Tiyatro ve Ramadan Cemil Meydan\u0131 etkinliklerinin yan\u0131 s\u0131ra, bu y\u0131l ilk kez Girne Antik Liman ve yenilenen Kordonboyu da 11 Ekim\u2019e kadar s\u00fcrecek festivale dahil oluyor. Girne [&hellip;]<\/p>\n","protected":false},"author":1,"featured_media":8974,"comment_status":"open","ping_status":"open","sticky":false,"template":"","format":"standard","meta":{"jnews-multi-image_gallery":[],"jnews_single_post":[],"jnews_primary_category":[],"jnews_social_meta":[],"jnews_override_counter":[],"footnotes":""},"categories":[6],"tags":[],"class_list":["post-8973","post","type-post","status-publish","format-standard","has-post-thumbnail","hentry","category-yasam"],"yoast_head":"<!-- This site is optimized with the Yoast SEO plugin v27.5 - https:\/\/yoast.com\/product\/yoast-seo-wordpress\/ -->\n<title>\u201c16. Girne Ozank\u00f6y Pekmez Festivali\u201d sona erdi - Kuzeyin Sesi<\/title>\n<meta name=\"robots\" content=\"index, follow, max-snippet:-1, max-image-preview:large, max-video-preview:-1\" \/>\n<link rel=\"canonical\" href=\"https:\/\/kuzeyinsesi.org\/index.php\/2024\/09\/02\/16-girne-ozankoy-pekmez-festivali-sona-erdi\/\" \/>\n<meta property=\"og:locale\" content=\"tr_TR\" \/>\n<meta property=\"og:type\" content=\"article\" \/>\n<meta property=\"og:title\" content=\"\u201c16. Girne Ozank\u00f6y Pekmez Festivali\u201d sona erdi - Kuzeyin Sesi\" \/>\n<meta property=\"og:description\" content=\"\u00a0 \u00a0 Girne Belediyesi\u2019nin Merit International ana sponsorlu\u011funda d\u00fczenledi\u011fi Girne Ark\u0131n Group Fest24\u2019\u00fcn ilk etkinli\u011fi olan \u201c16. Girne Ozank\u00f6y Pekmez Festivali\u201d final gecesi ile son buldu. Girne Amfi Tiyatro ve Ramadan Cemil Meydan\u0131 etkinliklerinin yan\u0131 s\u0131ra, bu y\u0131l ilk kez Girne Antik Liman ve yenilenen Kordonboyu da 11 Ekim\u2019e kadar s\u00fcrecek festivale dahil oluyor. Girne [&hellip;]\" \/>\n<meta property=\"og:url\" content=\"https:\/\/kuzeyinsesi.org\/index.php\/2024\/09\/02\/16-girne-ozankoy-pekmez-festivali-sona-erdi\/\" \/>\n<meta property=\"og:site_name\" content=\"Kuzeyin Sesi\" \/>\n<meta property=\"article:publisher\" content=\"https:\/\/www.facebook.com\/kuzeyinsesii\" \/>\n<meta property=\"article:published_time\" content=\"2024-09-02T08:39:23+00:00\" \/>\n<meta property=\"og:image\" content=\"https:\/\/brtk.net\/wp-content\/uploads\/2024\/09\/02\/asdksa-scaled.jpg?ver=1171f86247a0dcac1e0c0003096cb1ed\" \/>\n<meta name=\"author\" content=\"Kuzeyin Sesi\" \/>\n<meta name=\"twitter:card\" content=\"summary_large_image\" \/>\n<meta name=\"twitter:creator\" content=\"@kuzeyinsesii\" \/>\n<meta name=\"twitter:site\" content=\"@kuzeyinsesii\" \/>\n<meta name=\"twitter:label1\" content=\"Yazan:\" \/>\n\t<meta name=\"twitter:data1\" content=\"Kuzeyin Sesi\" \/>\n\t<meta name=\"twitter:label2\" content=\"Tahmini okuma s\u00fcresi\" \/>\n\t<meta name=\"twitter:data2\" content=\"2 dakika\" \/>\n<script type=\"application\/ld+json\" class=\"yoast-schema-graph\">{\"@context\":\"https:\\\/\\\/schema.org\",\"@graph\":[{\"@type\":\"Article\",\"@id\":\"https:\\\/\\\/kuzeyinsesi.org\\\/index.php\\\/2024\\\/09\\\/02\\\/16-girne-ozankoy-pekmez-festivali-sona-erdi\\\/#article\",\"isPartOf\":{\"@id\":\"https:\\\/\\\/kuzeyinsesi.org\\\/index.php\\\/2024\\\/09\\\/02\\\/16-girne-ozankoy-pekmez-festivali-sona-erdi\\\/\"},\"author\":{\"name\":\"Kuzeyin Sesi\",\"@id\":\"https:\\\/\\\/kuzeyinsesi.org\\\/#\\\/schema\\\/person\\\/9f859689cdf01485597712386e37f5aa\"},\"headline\":\"\u201c16. Girne Ozank\u00f6y Pekmez Festivali\u201d sona erdi\",\"datePublished\":\"2024-09-02T08:39:23+00:00\",\"mainEntityOfPage\":{\"@id\":\"https:\\\/\\\/kuzeyinsesi.org\\\/index.php\\\/2024\\\/09\\\/02\\\/16-girne-ozankoy-pekmez-festivali-sona-erdi\\\/\"},\"wordCount\":335,\"commentCount\":0,\"image\":{\"@id\":\"https:\\\/\\\/kuzeyinsesi.org\\\/index.php\\\/2024\\\/09\\\/02\\\/16-girne-ozankoy-pekmez-festivali-sona-erdi\\\/#primaryimage\"},\"thumbnailUrl\":\"https:\\\/\\\/kuzeyinsesi.org\\\/wp-content\\\/uploads\\\/2024\\\/09\\\/asdksa-scaled.jpg\",\"articleSection\":[\"Ya\u015fam\"],\"inLanguage\":\"tr\",\"potentialAction\":[{\"@type\":\"CommentAction\",\"name\":\"Comment\",\"target\":[\"https:\\\/\\\/kuzeyinsesi.org\\\/index.php\\\/2024\\\/09\\\/02\\\/16-girne-ozankoy-pekmez-festivali-sona-erdi\\\/#respond\"]}]},{\"@type\":\"WebPage\",\"@id\":\"https:\\\/\\\/kuzeyinsesi.org\\\/index.php\\\/2024\\\/09\\\/02\\\/16-girne-ozankoy-pekmez-festivali-sona-erdi\\\/\",\"url\":\"https:\\\/\\\/kuzeyinsesi.org\\\/index.php\\\/2024\\\/09\\\/02\\\/16-girne-ozankoy-pekmez-festivali-sona-erdi\\\/\",\"name\":\"\u201c16. Girne Ozank\u00f6y Pekmez Festivali\u201d sona erdi - Kuzeyin Sesi\",\"isPartOf\":{\"@id\":\"https:\\\/\\\/kuzeyinsesi.org\\\/#website\"},\"primaryImageOfPage\":{\"@id\":\"https:\\\/\\\/kuzeyinsesi.org\\\/index.php\\\/2024\\\/09\\\/02\\\/16-girne-ozankoy-pekmez-festivali-sona-erdi\\\/#primaryimage\"},\"image\":{\"@id\":\"https:\\\/\\\/kuzeyinsesi.org\\\/index.php\\\/2024\\\/09\\\/02\\\/16-girne-ozankoy-pekmez-festivali-sona-erdi\\\/#primaryimage\"},\"thumbnailUrl\":\"https:\\\/\\\/kuzeyinsesi.org\\\/wp-content\\\/uploads\\\/2024\\\/09\\\/asdksa-scaled.jpg\",\"datePublished\":\"2024-09-02T08:39:23+00:00\",\"author\":{\"@id\":\"https:\\\/\\\/kuzeyinsesi.org\\\/#\\\/schema\\\/person\\\/9f859689cdf01485597712386e37f5aa\"},\"breadcrumb\":{\"@id\":\"https:\\\/\\\/kuzeyinsesi.org\\\/index.php\\\/2024\\\/09\\\/02\\\/16-girne-ozankoy-pekmez-festivali-sona-erdi\\\/#breadcrumb\"},\"inLanguage\":\"tr\",\"potentialAction\":[{\"@type\":\"ReadAction\",\"target\":[\"https:\\\/\\\/kuzeyinsesi.org\\\/index.php\\\/2024\\\/09\\\/02\\\/16-girne-ozankoy-pekmez-festivali-sona-erdi\\\/\"]}]},{\"@type\":\"ImageObject\",\"inLanguage\":\"tr\",\"@id\":\"https:\\\/\\\/kuzeyinsesi.org\\\/index.php\\\/2024\\\/09\\\/02\\\/16-girne-ozankoy-pekmez-festivali-sona-erdi\\\/#primaryimage\",\"url\":\"https:\\\/\\\/kuzeyinsesi.org\\\/wp-content\\\/uploads\\\/2024\\\/09\\\/asdksa-scaled.jpg\",\"contentUrl\":\"https:\\\/\\\/kuzeyinsesi.org\\\/wp-content\\\/uploads\\\/2024\\\/09\\\/asdksa-scaled.jpg\",\"width\":2560,\"height\":1928},{\"@type\":\"BreadcrumbList\",\"@id\":\"https:\\\/\\\/kuzeyinsesi.org\\\/index.php\\\/2024\\\/09\\\/02\\\/16-girne-ozankoy-pekmez-festivali-sona-erdi\\\/#breadcrumb\",\"itemListElement\":[{\"@type\":\"ListItem\",\"position\":1,\"name\":\"Anasayfa\",\"item\":\"https:\\\/\\\/kuzeyinsesi.org\\\/\"},{\"@type\":\"ListItem\",\"position\":2,\"name\":\"\u201c16. Girne Ozank\u00f6y Pekmez Festivali\u201d sona erdi\"}]},{\"@type\":\"WebSite\",\"@id\":\"https:\\\/\\\/kuzeyinsesi.org\\\/#website\",\"url\":\"https:\\\/\\\/kuzeyinsesi.org\\\/\",\"name\":\"Kuzeyin Sesi\",\"description\":\"Do\u011fru Haberin Adresi\",\"potentialAction\":[{\"@type\":\"SearchAction\",\"target\":{\"@type\":\"EntryPoint\",\"urlTemplate\":\"https:\\\/\\\/kuzeyinsesi.org\\\/?s={search_term_string}\"},\"query-input\":{\"@type\":\"PropertyValueSpecification\",\"valueRequired\":true,\"valueName\":\"search_term_string\"}}],\"inLanguage\":\"tr\"},{\"@type\":\"Person\",\"@id\":\"https:\\\/\\\/kuzeyinsesi.org\\\/#\\\/schema\\\/person\\\/9f859689cdf01485597712386e37f5aa\",\"name\":\"Kuzeyin Sesi\",\"image\":{\"@type\":\"ImageObject\",\"inLanguage\":\"tr\",\"@id\":\"https:\\\/\\\/secure.gravatar.com\\\/avatar\\\/bab33852abfd8b282518d6ed81826833d77c3c882d9ab608add591ccace47a44?s=96&d=mm&r=g\",\"url\":\"https:\\\/\\\/secure.gravatar.com\\\/avatar\\\/bab33852abfd8b282518d6ed81826833d77c3c882d9ab608add591ccace47a44?s=96&d=mm&r=g\",\"contentUrl\":\"https:\\\/\\\/secure.gravatar.com\\\/avatar\\\/bab33852abfd8b282518d6ed81826833d77c3c882d9ab608add591ccace47a44?s=96&d=mm&r=g\",\"caption\":\"Kuzeyin Sesi\"},\"sameAs\":[\"https:\\\/\\\/kuzeyinsesi.org\"],\"url\":\"https:\\\/\\\/kuzeyinsesi.org\\\/index.php\\\/author\\\/guven\\\/\"}]}<\/script>\n<!-- \/ Yoast SEO plugin. -->","yoast_head_json":{"title":"\u201c16. Girne Ozank\u00f6y Pekmez Festivali\u201d sona erdi - Kuzeyin Sesi","robots":{"index":"index","follow":"follow","max-snippet":"max-snippet:-1","max-image-preview":"max-image-preview:large","max-video-preview":"max-video-preview:-1"},"canonical":"https:\/\/kuzeyinsesi.org\/index.php\/2024\/09\/02\/16-girne-ozankoy-pekmez-festivali-sona-erdi\/","og_locale":"tr_TR","og_type":"article","og_title":"\u201c16. Girne Ozank\u00f6y Pekmez Festivali\u201d sona erdi - Kuzeyin Sesi","og_description":"\u00a0 \u00a0 Girne Belediyesi\u2019nin Merit International ana sponsorlu\u011funda d\u00fczenledi\u011fi Girne Ark\u0131n Group Fest24\u2019\u00fcn ilk etkinli\u011fi olan \u201c16. Girne Ozank\u00f6y Pekmez Festivali\u201d final gecesi ile son buldu. Girne Amfi Tiyatro ve Ramadan Cemil Meydan\u0131 etkinliklerinin yan\u0131 s\u0131ra, bu y\u0131l ilk kez Girne Antik Liman ve yenilenen Kordonboyu da 11 Ekim\u2019e kadar s\u00fcrecek festivale dahil oluyor. Girne [&hellip;]","og_url":"https:\/\/kuzeyinsesi.org\/index.php\/2024\/09\/02\/16-girne-ozankoy-pekmez-festivali-sona-erdi\/","og_site_name":"Kuzeyin Sesi","article_publisher":"https:\/\/www.facebook.com\/kuzeyinsesii","article_published_time":"2024-09-02T08:39:23+00:00","og_image":[{"url":"https:\/\/brtk.net\/wp-content\/uploads\/2024\/09\/02\/asdksa-scaled.jpg?ver=1171f86247a0dcac1e0c0003096cb1ed","type":"","width":"","height":""}],"author":"Kuzeyin Sesi","twitter_card":"summary_large_image","twitter_creator":"@kuzeyinsesii","twitter_site":"@kuzeyinsesii","twitter_misc":{"Yazan:":"Kuzeyin Sesi","Tahmini okuma s\u00fcresi":"2 dakika"},"schema":{"@context":"https:\/\/schema.org","@graph":[{"@type":"Article","@id":"https:\/\/kuzeyinsesi.org\/index.php\/2024\/09\/02\/16-girne-ozankoy-pekmez-festivali-sona-erdi\/#article","isPartOf":{"@id":"https:\/\/kuzeyinsesi.org\/index.php\/2024\/09\/02\/16-girne-ozankoy-pekmez-festivali-sona-erdi\/"},"author":{"name":"Kuzeyin Sesi","@id":"https:\/\/kuzeyinsesi.org\/#\/schema\/person\/9f859689cdf01485597712386e37f5aa"},"headline":"\u201c16. Girne Ozank\u00f6y Pekmez Festivali\u201d sona erdi","datePublished":"2024-09-02T08:39:23+00:00","mainEntityOfPage":{"@id":"https:\/\/kuzeyinsesi.org\/index.php\/2024\/09\/02\/16-girne-ozankoy-pekmez-festivali-sona-erdi\/"},"wordCount":335,"commentCount":0,"image":{"@id":"https:\/\/kuzeyinsesi.org\/index.php\/2024\/09\/02\/16-girne-ozankoy-pekmez-festivali-sona-erdi\/#primaryimage"},"thumbnailUrl":"https:\/\/kuzeyinsesi.org\/wp-content\/uploads\/2024\/09\/asdksa-scaled.jpg","articleSection":["Ya\u015fam"],"inLanguage":"tr","potentialAction":[{"@type":"CommentAction","name":"Comment","target":["https:\/\/kuzeyinsesi.org\/index.php\/2024\/09\/02\/16-girne-ozankoy-pekmez-festivali-sona-erdi\/#respond"]}]},{"@type":"WebPage","@id":"https:\/\/kuzeyinsesi.org\/index.php\/2024\/09\/02\/16-girne-ozankoy-pekmez-festivali-sona-erdi\/","url":"https:\/\/kuzeyinsesi.org\/index.php\/2024\/09\/02\/16-girne-ozankoy-pekmez-festivali-sona-erdi\/","name":"\u201c16. Girne Ozank\u00f6y Pekmez Festivali\u201d sona erdi - Kuzeyin Sesi","isPartOf":{"@id":"https:\/\/kuzeyinsesi.org\/#website"},"primaryImageOfPage":{"@id":"https:\/\/kuzeyinsesi.org\/index.php\/2024\/09\/02\/16-girne-ozankoy-pekmez-festivali-sona-erdi\/#primaryimage"},"image":{"@id":"https:\/\/kuzeyinsesi.org\/index.php\/2024\/09\/02\/16-girne-ozankoy-pekmez-festivali-sona-erdi\/#primaryimage"},"thumbnailUrl":"https:\/\/kuzeyinsesi.org\/wp-content\/uploads\/2024\/09\/asdksa-scaled.jpg","datePublished":"2024-09-02T08:39:23+00:00","author":{"@id":"https:\/\/kuzeyinsesi.org\/#\/schema\/person\/9f859689cdf01485597712386e37f5aa"},"breadcrumb":{"@id":"https:\/\/kuzeyinsesi.org\/index.php\/2024\/09\/02\/16-girne-ozankoy-pekmez-festivali-sona-erdi\/#breadcrumb"},"inLanguage":"tr","potentialAction":[{"@type":"ReadAction","target":["https:\/\/kuzeyinsesi.org\/index.php\/2024\/09\/02\/16-girne-ozankoy-pekmez-festivali-sona-erdi\/"]}]},{"@type":"ImageObject","inLanguage":"tr","@id":"https:\/\/kuzeyinsesi.org\/index.php\/2024\/09\/02\/16-girne-ozankoy-pekmez-festivali-sona-erdi\/#primaryimage","url":"https:\/\/kuzeyinsesi.org\/wp-content\/uploads\/2024\/09\/asdksa-scaled.jpg","contentUrl":"https:\/\/kuzeyinsesi.org\/wp-content\/uploads\/2024\/09\/asdksa-scaled.jpg","width":2560,"height":1928},{"@type":"BreadcrumbList","@id":"https:\/\/kuzeyinsesi.org\/index.php\/2024\/09\/02\/16-girne-ozankoy-pekmez-festivali-sona-erdi\/#breadcrumb","itemListElement":[{"@type":"ListItem","position":1,"name":"Anasayfa","item":"https:\/\/kuzeyinsesi.org\/"},{"@type":"ListItem","position":2,"name":"\u201c16. Girne Ozank\u00f6y Pekmez Festivali\u201d sona erdi"}]},{"@type":"WebSite","@id":"https:\/\/kuzeyinsesi.org\/#website","url":"https:\/\/kuzeyinsesi.org\/","name":"Kuzeyin Sesi","description":"Do\u011fru Haberin Adresi","potentialAction":[{"@type":"SearchAction","target":{"@type":"EntryPoint","urlTemplate":"https:\/\/kuzeyinsesi.org\/?s={search_term_string}"},"query-input":{"@type":"PropertyValueSpecification","valueRequired":true,"valueName":"search_term_string"}}],"inLanguage":"tr"},{"@type":"Person","@id":"https:\/\/kuzeyinsesi.org\/#\/schema\/person\/9f859689cdf01485597712386e37f5aa","name":"Kuzeyin Sesi","image":{"@type":"ImageObject","inLanguage":"tr","@id":"https:\/\/secure.gravatar.com\/avatar\/bab33852abfd8b282518d6ed81826833d77c3c882d9ab608add591ccace47a44?s=96&d=mm&r=g","url":"https:\/\/secure.gravatar.com\/avatar\/bab33852abfd8b282518d6ed81826833d77c3c882d9ab608add591ccace47a44?s=96&d=mm&r=g","contentUrl":"https:\/\/secure.gravatar.com\/avatar\/bab33852abfd8b282518d6ed81826833d77c3c882d9ab608add591ccace47a44?s=96&d=mm&r=g","caption":"Kuzeyin Sesi"},"sameAs":["https:\/\/kuzeyinsesi.org"],"url":"https:\/\/kuzeyinsesi.org\/index.php\/author\/guven\/"}]}},"_links":{"self":[{"href":"https:\/\/kuzeyinsesi.org\/index.php\/wp-json\/wp\/v2\/posts\/8973","targetHints":{"allow":["GET"]}}],"collection":[{"href":"https:\/\/kuzeyinsesi.org\/index.php\/wp-json\/wp\/v2\/posts"}],"about":[{"href":"https:\/\/kuzeyinsesi.org\/index.php\/wp-json\/wp\/v2\/types\/post"}],"author":[{"embeddable":true,"href":"https:\/\/kuzeyinsesi.org\/index.php\/wp-json\/wp\/v2\/users\/1"}],"replies":[{"embeddable":true,"href":"https:\/\/kuzeyinsesi.org\/index.php\/wp-json\/wp\/v2\/comments?post=8973"}],"version-history":[{"count":0,"href":"https:\/\/kuzeyinsesi.org\/index.php\/wp-json\/wp\/v2\/posts\/8973\/revisions"}],"wp:featuredmedia":[{"embeddable":true,"href":"https:\/\/kuzeyinsesi.org\/index.php\/wp-json\/wp\/v2\/media\/8974"}],"wp:attachment":[{"href":"https:\/\/kuzeyinsesi.org\/index.php\/wp-json\/wp\/v2\/media?parent=8973"}],"wp:term":[{"taxonomy":"category","embeddable":true,"href":"https:\/\/kuzeyinsesi.org\/index.php\/wp-json\/wp\/v2\/categories?post=8973"},{"taxonomy":"post_tag","embeddable":true,"href":"https:\/\/kuzeyinsesi.org\/index.php\/wp-json\/wp\/v2\/tags?post=8973"}],"curies":[{"name":"wp","href":"https:\/\/api.w.org\/{rel}","templated":true}]}}