{"id":8936,"date":"2024-09-01T11:34:07","date_gmt":"2024-09-01T08:34:07","guid":{"rendered":"https:\/\/kuzeyinsesi.org\/index.php\/2024\/09\/01\/16-girne-ozankoy-pekmez-festivali-bu-gece-tamamlaniyor\/"},"modified":"2024-09-01T11:34:07","modified_gmt":"2024-09-01T08:34:07","slug":"16-girne-ozankoy-pekmez-festivali-bu-gece-tamamlaniyor","status":"publish","type":"post","link":"https:\/\/kuzeyinsesi.org\/index.php\/2024\/09\/01\/16-girne-ozankoy-pekmez-festivali-bu-gece-tamamlaniyor\/","title":{"rendered":"16. Girne Ozank\u00f6y Pekmez Festivali bu gece tamamlan\u0131yor"},"content":{"rendered":"<div>\n<div class=\"mariselle-image-container none\">\n                                            <\/div>\n<ol start=\"16\">\n<li style=\"font-weight: 300;\">Girne Ozank\u00f6y Pekmez Festivali bu gece sona eriyor.<\/li>\n<\/ol>\n<p style=\"font-weight: 300;\">Girne Belediyesi\u2019nin Merit International ana sponsorlu\u011funda d\u00fczenledi\u011fi \u2018Girne Ark\u0131n Group Fest24\u2019\u00fcn ilk etkinli\u011fi olan ve cuma g\u00fcn\u00fc ba\u015flayan 16. Girne Ozank\u00f6y Pekmez Festivali\u2019nde bu ak\u015fam final etkinlikleri yer alacak.<\/p>\n<p style=\"font-weight: 300;\">Belediye\u2019den verilen bilgiye g\u00f6re, festivalin \u00fc\u00e7\u00fcnc\u00fc ve son gecesi, saat 19:00\u2019da Dance Spot \u2018\u00c7ocuk Bale Dans G\u00f6sterisi\u2019 ile ba\u015flayacak. Saat 19:15\u2019te \u2018Pekmezli Tatl\u0131lar Yar\u0131\u015fmas\u0131\u2019 teslim ve de\u011ferlendirme s\u00fcreci ba\u015flarken, ayn\u0131 saatte \u00c7atalk\u00f6y Esentepe Belediyesi Nostalji Halk Danslar\u0131 Toplulu\u011fu g\u00f6steri sunacak. 19:30\u2019da ise d\u00fcnyaca \u00fcnl\u00fc Psikiyatrist Prof. Dr. Vam\u0131k Cemal Volkan\u2019\u0131n \u2018D\u0131\u015fd\u00fcnyam\u0131za bak\u0131\u015f\u2019 isimli son kitab\u0131n\u0131n tan\u0131t\u0131m ve imza etkinli\u011fi yap\u0131lacak. 19:45\u2019te sahne olacak olan Latin Trio Band\u2019\u0131n arkas\u0131ndan ise \u2018Pekmezli Tatl\u0131lar Yar\u0131\u015fmas\u0131\u2019 sonu\u00e7lar\u0131 a\u00e7\u0131klanacak. Gecenin son etkinli\u011fi olan Bora Serb\u00fclent final konseri saat 21:00\u2019de ba\u015flayacak.<\/p>\n<p style=\"font-weight: 300;\"><strong>-Girne Ark\u0131n Group Fest24 devam ediyor<\/strong><\/p>\n<p style=\"font-weight: 300;\">\u00d6te yandan 11 Ekim\u2019e kadar devam edecek olan \u2018Ark\u0131n Group Girne Fest24\u2019 kapsam\u0131nda sal\u0131 g\u00fcn\u00fc program\u0131 \u015f\u00f6yle:<\/p>\n<p style=\"font-weight: 300;\">\u201cSaat 19:00\u2019da Ramadan Cemil Meydan\u0131\u2019ndan ba\u015flayacak olan kortej y\u00fcr\u00fcy\u00fc\u015f\u00fc Liman\u2019da son bulacak. Ard\u0131ndan saat 20:30\u2019da Liman Kale Sahne\u2019de, \u2018The Cotton Club Dance Show\u2019 sahnelenecek. G\u00f6sterinin ard\u0131ndan ise 21:30\u2019da, Liman Merkez Sahne\u2019de yer alacak \u2018Sonare \u00c7ok Sesli Korosu\u2019 konseri ile g\u00fcn son bulacak.\u201d<\/p>\n<p>TAK\/BRT<\/p>\n<\/p><\/div>\n<p><script async\n                    defer\n                    crossorigin=\"anonymous\"\n                    src=\"https:\/\/connect.facebook.net\/tr_TR\/sdk.js#xfbml=1&#038;version=v3.3\"\n            ><\/script><\/p>\n","protected":false},"excerpt":{"rendered":"<p>Girne Ozank\u00f6y Pekmez Festivali bu gece sona eriyor. Girne Belediyesi\u2019nin Merit International ana sponsorlu\u011funda d\u00fczenledi\u011fi \u2018Girne Ark\u0131n Group Fest24\u2019\u00fcn ilk etkinli\u011fi olan ve cuma g\u00fcn\u00fc ba\u015flayan 16. Girne Ozank\u00f6y Pekmez Festivali\u2019nde bu ak\u015fam final etkinlikleri yer alacak. Belediye\u2019den verilen bilgiye g\u00f6re, festivalin \u00fc\u00e7\u00fcnc\u00fc ve son gecesi, saat 19:00\u2019da Dance Spot \u2018\u00c7ocuk Bale Dans G\u00f6sterisi\u2019 ile [&hellip;]<\/p>\n","protected":false},"author":1,"featured_media":8937,"comment_status":"open","ping_status":"open","sticky":false,"template":"","format":"standard","meta":{"jnews-multi-image_gallery":[],"jnews_single_post":[],"jnews_primary_category":[],"jnews_social_meta":[],"jnews_override_counter":[],"footnotes":""},"categories":[6],"tags":[],"class_list":["post-8936","post","type-post","status-publish","format-standard","has-post-thumbnail","hentry","category-yasam"],"yoast_head":"<!-- This site is optimized with the Yoast SEO plugin v27.5 - https:\/\/yoast.com\/product\/yoast-seo-wordpress\/ -->\n<title>16. Girne Ozank\u00f6y Pekmez Festivali bu gece tamamlan\u0131yor - Kuzeyin Sesi<\/title>\n<meta name=\"robots\" content=\"index, follow, max-snippet:-1, max-image-preview:large, max-video-preview:-1\" \/>\n<link rel=\"canonical\" href=\"https:\/\/kuzeyinsesi.org\/index.php\/2024\/09\/01\/16-girne-ozankoy-pekmez-festivali-bu-gece-tamamlaniyor\/\" \/>\n<meta property=\"og:locale\" content=\"tr_TR\" \/>\n<meta property=\"og:type\" content=\"article\" \/>\n<meta property=\"og:title\" content=\"16. Girne Ozank\u00f6y Pekmez Festivali bu gece tamamlan\u0131yor - Kuzeyin Sesi\" \/>\n<meta property=\"og:description\" content=\"Girne Ozank\u00f6y Pekmez Festivali bu gece sona eriyor. Girne Belediyesi\u2019nin Merit International ana sponsorlu\u011funda d\u00fczenledi\u011fi \u2018Girne Ark\u0131n Group Fest24\u2019\u00fcn ilk etkinli\u011fi olan ve cuma g\u00fcn\u00fc ba\u015flayan 16. Girne Ozank\u00f6y Pekmez Festivali\u2019nde bu ak\u015fam final etkinlikleri yer alacak. Belediye\u2019den verilen bilgiye g\u00f6re, festivalin \u00fc\u00e7\u00fcnc\u00fc ve son gecesi, saat 19:00\u2019da Dance Spot \u2018\u00c7ocuk Bale Dans G\u00f6sterisi\u2019 ile [&hellip;]\" \/>\n<meta property=\"og:url\" content=\"https:\/\/kuzeyinsesi.org\/index.php\/2024\/09\/01\/16-girne-ozankoy-pekmez-festivali-bu-gece-tamamlaniyor\/\" \/>\n<meta property=\"og:site_name\" content=\"Kuzeyin Sesi\" \/>\n<meta property=\"article:publisher\" content=\"https:\/\/www.facebook.com\/kuzeyinsesii\" \/>\n<meta property=\"article:published_time\" content=\"2024-09-01T08:34:07+00:00\" \/>\n<meta property=\"og:image\" content=\"https:\/\/brtk.net\/wp-content\/uploads\/2024\/09\/01\/ozankoy-pekmez-festivali.png?ver=b54dd15c4c3d551bb2bc51b9b30500e8\" \/>\n<meta name=\"author\" content=\"Kuzeyin Sesi\" \/>\n<meta name=\"twitter:card\" content=\"summary_large_image\" \/>\n<meta name=\"twitter:creator\" content=\"@kuzeyinsesii\" \/>\n<meta name=\"twitter:site\" content=\"@kuzeyinsesii\" \/>\n<meta name=\"twitter:label1\" content=\"Yazan:\" \/>\n\t<meta name=\"twitter:data1\" content=\"Kuzeyin Sesi\" \/>\n\t<meta name=\"twitter:label2\" content=\"Tahmini okuma s\u00fcresi\" \/>\n\t<meta name=\"twitter:data2\" content=\"1 dakika\" \/>\n<script type=\"application\/ld+json\" class=\"yoast-schema-graph\">{\"@context\":\"https:\\\/\\\/schema.org\",\"@graph\":[{\"@type\":\"Article\",\"@id\":\"https:\\\/\\\/kuzeyinsesi.org\\\/index.php\\\/2024\\\/09\\\/01\\\/16-girne-ozankoy-pekmez-festivali-bu-gece-tamamlaniyor\\\/#article\",\"isPartOf\":{\"@id\":\"https:\\\/\\\/kuzeyinsesi.org\\\/index.php\\\/2024\\\/09\\\/01\\\/16-girne-ozankoy-pekmez-festivali-bu-gece-tamamlaniyor\\\/\"},\"author\":{\"name\":\"Kuzeyin Sesi\",\"@id\":\"https:\\\/\\\/kuzeyinsesi.org\\\/#\\\/schema\\\/person\\\/9f859689cdf01485597712386e37f5aa\"},\"headline\":\"16. Girne Ozank\u00f6y Pekmez Festivali bu gece tamamlan\u0131yor\",\"datePublished\":\"2024-09-01T08:34:07+00:00\",\"mainEntityOfPage\":{\"@id\":\"https:\\\/\\\/kuzeyinsesi.org\\\/index.php\\\/2024\\\/09\\\/01\\\/16-girne-ozankoy-pekmez-festivali-bu-gece-tamamlaniyor\\\/\"},\"wordCount\":258,\"commentCount\":0,\"image\":{\"@id\":\"https:\\\/\\\/kuzeyinsesi.org\\\/index.php\\\/2024\\\/09\\\/01\\\/16-girne-ozankoy-pekmez-festivali-bu-gece-tamamlaniyor\\\/#primaryimage\"},\"thumbnailUrl\":\"https:\\\/\\\/kuzeyinsesi.org\\\/wp-content\\\/uploads\\\/2024\\\/09\\\/ozankoy-pekmez-festivali.png\",\"articleSection\":[\"Ya\u015fam\"],\"inLanguage\":\"tr\",\"potentialAction\":[{\"@type\":\"CommentAction\",\"name\":\"Comment\",\"target\":[\"https:\\\/\\\/kuzeyinsesi.org\\\/index.php\\\/2024\\\/09\\\/01\\\/16-girne-ozankoy-pekmez-festivali-bu-gece-tamamlaniyor\\\/#respond\"]}]},{\"@type\":\"WebPage\",\"@id\":\"https:\\\/\\\/kuzeyinsesi.org\\\/index.php\\\/2024\\\/09\\\/01\\\/16-girne-ozankoy-pekmez-festivali-bu-gece-tamamlaniyor\\\/\",\"url\":\"https:\\\/\\\/kuzeyinsesi.org\\\/index.php\\\/2024\\\/09\\\/01\\\/16-girne-ozankoy-pekmez-festivali-bu-gece-tamamlaniyor\\\/\",\"name\":\"16. Girne Ozank\u00f6y Pekmez Festivali bu gece tamamlan\u0131yor - Kuzeyin Sesi\",\"isPartOf\":{\"@id\":\"https:\\\/\\\/kuzeyinsesi.org\\\/#website\"},\"primaryImageOfPage\":{\"@id\":\"https:\\\/\\\/kuzeyinsesi.org\\\/index.php\\\/2024\\\/09\\\/01\\\/16-girne-ozankoy-pekmez-festivali-bu-gece-tamamlaniyor\\\/#primaryimage\"},\"image\":{\"@id\":\"https:\\\/\\\/kuzeyinsesi.org\\\/index.php\\\/2024\\\/09\\\/01\\\/16-girne-ozankoy-pekmez-festivali-bu-gece-tamamlaniyor\\\/#primaryimage\"},\"thumbnailUrl\":\"https:\\\/\\\/kuzeyinsesi.org\\\/wp-content\\\/uploads\\\/2024\\\/09\\\/ozankoy-pekmez-festivali.png\",\"datePublished\":\"2024-09-01T08:34:07+00:00\",\"author\":{\"@id\":\"https:\\\/\\\/kuzeyinsesi.org\\\/#\\\/schema\\\/person\\\/9f859689cdf01485597712386e37f5aa\"},\"breadcrumb\":{\"@id\":\"https:\\\/\\\/kuzeyinsesi.org\\\/index.php\\\/2024\\\/09\\\/01\\\/16-girne-ozankoy-pekmez-festivali-bu-gece-tamamlaniyor\\\/#breadcrumb\"},\"inLanguage\":\"tr\",\"potentialAction\":[{\"@type\":\"ReadAction\",\"target\":[\"https:\\\/\\\/kuzeyinsesi.org\\\/index.php\\\/2024\\\/09\\\/01\\\/16-girne-ozankoy-pekmez-festivali-bu-gece-tamamlaniyor\\\/\"]}]},{\"@type\":\"ImageObject\",\"inLanguage\":\"tr\",\"@id\":\"https:\\\/\\\/kuzeyinsesi.org\\\/index.php\\\/2024\\\/09\\\/01\\\/16-girne-ozankoy-pekmez-festivali-bu-gece-tamamlaniyor\\\/#primaryimage\",\"url\":\"https:\\\/\\\/kuzeyinsesi.org\\\/wp-content\\\/uploads\\\/2024\\\/09\\\/ozankoy-pekmez-festivali.png\",\"contentUrl\":\"https:\\\/\\\/kuzeyinsesi.org\\\/wp-content\\\/uploads\\\/2024\\\/09\\\/ozankoy-pekmez-festivali.png\",\"width\":1414,\"height\":2000},{\"@type\":\"BreadcrumbList\",\"@id\":\"https:\\\/\\\/kuzeyinsesi.org\\\/index.php\\\/2024\\\/09\\\/01\\\/16-girne-ozankoy-pekmez-festivali-bu-gece-tamamlaniyor\\\/#breadcrumb\",\"itemListElement\":[{\"@type\":\"ListItem\",\"position\":1,\"name\":\"Anasayfa\",\"item\":\"https:\\\/\\\/kuzeyinsesi.org\\\/\"},{\"@type\":\"ListItem\",\"position\":2,\"name\":\"16. Girne Ozank\u00f6y Pekmez Festivali bu gece tamamlan\u0131yor\"}]},{\"@type\":\"WebSite\",\"@id\":\"https:\\\/\\\/kuzeyinsesi.org\\\/#website\",\"url\":\"https:\\\/\\\/kuzeyinsesi.org\\\/\",\"name\":\"Kuzeyin Sesi\",\"description\":\"Do\u011fru Haberin Adresi\",\"potentialAction\":[{\"@type\":\"SearchAction\",\"target\":{\"@type\":\"EntryPoint\",\"urlTemplate\":\"https:\\\/\\\/kuzeyinsesi.org\\\/?s={search_term_string}\"},\"query-input\":{\"@type\":\"PropertyValueSpecification\",\"valueRequired\":true,\"valueName\":\"search_term_string\"}}],\"inLanguage\":\"tr\"},{\"@type\":\"Person\",\"@id\":\"https:\\\/\\\/kuzeyinsesi.org\\\/#\\\/schema\\\/person\\\/9f859689cdf01485597712386e37f5aa\",\"name\":\"Kuzeyin Sesi\",\"image\":{\"@type\":\"ImageObject\",\"inLanguage\":\"tr\",\"@id\":\"https:\\\/\\\/secure.gravatar.com\\\/avatar\\\/bab33852abfd8b282518d6ed81826833d77c3c882d9ab608add591ccace47a44?s=96&d=mm&r=g\",\"url\":\"https:\\\/\\\/secure.gravatar.com\\\/avatar\\\/bab33852abfd8b282518d6ed81826833d77c3c882d9ab608add591ccace47a44?s=96&d=mm&r=g\",\"contentUrl\":\"https:\\\/\\\/secure.gravatar.com\\\/avatar\\\/bab33852abfd8b282518d6ed81826833d77c3c882d9ab608add591ccace47a44?s=96&d=mm&r=g\",\"caption\":\"Kuzeyin Sesi\"},\"sameAs\":[\"https:\\\/\\\/kuzeyinsesi.org\"],\"url\":\"https:\\\/\\\/kuzeyinsesi.org\\\/index.php\\\/author\\\/guven\\\/\"}]}<\/script>\n<!-- \/ Yoast SEO plugin. -->","yoast_head_json":{"title":"16. Girne Ozank\u00f6y Pekmez Festivali bu gece tamamlan\u0131yor - Kuzeyin Sesi","robots":{"index":"index","follow":"follow","max-snippet":"max-snippet:-1","max-image-preview":"max-image-preview:large","max-video-preview":"max-video-preview:-1"},"canonical":"https:\/\/kuzeyinsesi.org\/index.php\/2024\/09\/01\/16-girne-ozankoy-pekmez-festivali-bu-gece-tamamlaniyor\/","og_locale":"tr_TR","og_type":"article","og_title":"16. Girne Ozank\u00f6y Pekmez Festivali bu gece tamamlan\u0131yor - Kuzeyin Sesi","og_description":"Girne Ozank\u00f6y Pekmez Festivali bu gece sona eriyor. Girne Belediyesi\u2019nin Merit International ana sponsorlu\u011funda d\u00fczenledi\u011fi \u2018Girne Ark\u0131n Group Fest24\u2019\u00fcn ilk etkinli\u011fi olan ve cuma g\u00fcn\u00fc ba\u015flayan 16. Girne Ozank\u00f6y Pekmez Festivali\u2019nde bu ak\u015fam final etkinlikleri yer alacak. Belediye\u2019den verilen bilgiye g\u00f6re, festivalin \u00fc\u00e7\u00fcnc\u00fc ve son gecesi, saat 19:00\u2019da Dance Spot \u2018\u00c7ocuk Bale Dans G\u00f6sterisi\u2019 ile [&hellip;]","og_url":"https:\/\/kuzeyinsesi.org\/index.php\/2024\/09\/01\/16-girne-ozankoy-pekmez-festivali-bu-gece-tamamlaniyor\/","og_site_name":"Kuzeyin Sesi","article_publisher":"https:\/\/www.facebook.com\/kuzeyinsesii","article_published_time":"2024-09-01T08:34:07+00:00","og_image":[{"url":"https:\/\/brtk.net\/wp-content\/uploads\/2024\/09\/01\/ozankoy-pekmez-festivali.png?ver=b54dd15c4c3d551bb2bc51b9b30500e8","type":"","width":"","height":""}],"author":"Kuzeyin Sesi","twitter_card":"summary_large_image","twitter_creator":"@kuzeyinsesii","twitter_site":"@kuzeyinsesii","twitter_misc":{"Yazan:":"Kuzeyin Sesi","Tahmini okuma s\u00fcresi":"1 dakika"},"schema":{"@context":"https:\/\/schema.org","@graph":[{"@type":"Article","@id":"https:\/\/kuzeyinsesi.org\/index.php\/2024\/09\/01\/16-girne-ozankoy-pekmez-festivali-bu-gece-tamamlaniyor\/#article","isPartOf":{"@id":"https:\/\/kuzeyinsesi.org\/index.php\/2024\/09\/01\/16-girne-ozankoy-pekmez-festivali-bu-gece-tamamlaniyor\/"},"author":{"name":"Kuzeyin Sesi","@id":"https:\/\/kuzeyinsesi.org\/#\/schema\/person\/9f859689cdf01485597712386e37f5aa"},"headline":"16. Girne Ozank\u00f6y Pekmez Festivali bu gece tamamlan\u0131yor","datePublished":"2024-09-01T08:34:07+00:00","mainEntityOfPage":{"@id":"https:\/\/kuzeyinsesi.org\/index.php\/2024\/09\/01\/16-girne-ozankoy-pekmez-festivali-bu-gece-tamamlaniyor\/"},"wordCount":258,"commentCount":0,"image":{"@id":"https:\/\/kuzeyinsesi.org\/index.php\/2024\/09\/01\/16-girne-ozankoy-pekmez-festivali-bu-gece-tamamlaniyor\/#primaryimage"},"thumbnailUrl":"https:\/\/kuzeyinsesi.org\/wp-content\/uploads\/2024\/09\/ozankoy-pekmez-festivali.png","articleSection":["Ya\u015fam"],"inLanguage":"tr","potentialAction":[{"@type":"CommentAction","name":"Comment","target":["https:\/\/kuzeyinsesi.org\/index.php\/2024\/09\/01\/16-girne-ozankoy-pekmez-festivali-bu-gece-tamamlaniyor\/#respond"]}]},{"@type":"WebPage","@id":"https:\/\/kuzeyinsesi.org\/index.php\/2024\/09\/01\/16-girne-ozankoy-pekmez-festivali-bu-gece-tamamlaniyor\/","url":"https:\/\/kuzeyinsesi.org\/index.php\/2024\/09\/01\/16-girne-ozankoy-pekmez-festivali-bu-gece-tamamlaniyor\/","name":"16. Girne Ozank\u00f6y Pekmez Festivali bu gece tamamlan\u0131yor - Kuzeyin Sesi","isPartOf":{"@id":"https:\/\/kuzeyinsesi.org\/#website"},"primaryImageOfPage":{"@id":"https:\/\/kuzeyinsesi.org\/index.php\/2024\/09\/01\/16-girne-ozankoy-pekmez-festivali-bu-gece-tamamlaniyor\/#primaryimage"},"image":{"@id":"https:\/\/kuzeyinsesi.org\/index.php\/2024\/09\/01\/16-girne-ozankoy-pekmez-festivali-bu-gece-tamamlaniyor\/#primaryimage"},"thumbnailUrl":"https:\/\/kuzeyinsesi.org\/wp-content\/uploads\/2024\/09\/ozankoy-pekmez-festivali.png","datePublished":"2024-09-01T08:34:07+00:00","author":{"@id":"https:\/\/kuzeyinsesi.org\/#\/schema\/person\/9f859689cdf01485597712386e37f5aa"},"breadcrumb":{"@id":"https:\/\/kuzeyinsesi.org\/index.php\/2024\/09\/01\/16-girne-ozankoy-pekmez-festivali-bu-gece-tamamlaniyor\/#breadcrumb"},"inLanguage":"tr","potentialAction":[{"@type":"ReadAction","target":["https:\/\/kuzeyinsesi.org\/index.php\/2024\/09\/01\/16-girne-ozankoy-pekmez-festivali-bu-gece-tamamlaniyor\/"]}]},{"@type":"ImageObject","inLanguage":"tr","@id":"https:\/\/kuzeyinsesi.org\/index.php\/2024\/09\/01\/16-girne-ozankoy-pekmez-festivali-bu-gece-tamamlaniyor\/#primaryimage","url":"https:\/\/kuzeyinsesi.org\/wp-content\/uploads\/2024\/09\/ozankoy-pekmez-festivali.png","contentUrl":"https:\/\/kuzeyinsesi.org\/wp-content\/uploads\/2024\/09\/ozankoy-pekmez-festivali.png","width":1414,"height":2000},{"@type":"BreadcrumbList","@id":"https:\/\/kuzeyinsesi.org\/index.php\/2024\/09\/01\/16-girne-ozankoy-pekmez-festivali-bu-gece-tamamlaniyor\/#breadcrumb","itemListElement":[{"@type":"ListItem","position":1,"name":"Anasayfa","item":"https:\/\/kuzeyinsesi.org\/"},{"@type":"ListItem","position":2,"name":"16. Girne Ozank\u00f6y Pekmez Festivali bu gece tamamlan\u0131yor"}]},{"@type":"WebSite","@id":"https:\/\/kuzeyinsesi.org\/#website","url":"https:\/\/kuzeyinsesi.org\/","name":"Kuzeyin Sesi","description":"Do\u011fru Haberin Adresi","potentialAction":[{"@type":"SearchAction","target":{"@type":"EntryPoint","urlTemplate":"https:\/\/kuzeyinsesi.org\/?s={search_term_string}"},"query-input":{"@type":"PropertyValueSpecification","valueRequired":true,"valueName":"search_term_string"}}],"inLanguage":"tr"},{"@type":"Person","@id":"https:\/\/kuzeyinsesi.org\/#\/schema\/person\/9f859689cdf01485597712386e37f5aa","name":"Kuzeyin Sesi","image":{"@type":"ImageObject","inLanguage":"tr","@id":"https:\/\/secure.gravatar.com\/avatar\/bab33852abfd8b282518d6ed81826833d77c3c882d9ab608add591ccace47a44?s=96&d=mm&r=g","url":"https:\/\/secure.gravatar.com\/avatar\/bab33852abfd8b282518d6ed81826833d77c3c882d9ab608add591ccace47a44?s=96&d=mm&r=g","contentUrl":"https:\/\/secure.gravatar.com\/avatar\/bab33852abfd8b282518d6ed81826833d77c3c882d9ab608add591ccace47a44?s=96&d=mm&r=g","caption":"Kuzeyin Sesi"},"sameAs":["https:\/\/kuzeyinsesi.org"],"url":"https:\/\/kuzeyinsesi.org\/index.php\/author\/guven\/"}]}},"_links":{"self":[{"href":"https:\/\/kuzeyinsesi.org\/index.php\/wp-json\/wp\/v2\/posts\/8936","targetHints":{"allow":["GET"]}}],"collection":[{"href":"https:\/\/kuzeyinsesi.org\/index.php\/wp-json\/wp\/v2\/posts"}],"about":[{"href":"https:\/\/kuzeyinsesi.org\/index.php\/wp-json\/wp\/v2\/types\/post"}],"author":[{"embeddable":true,"href":"https:\/\/kuzeyinsesi.org\/index.php\/wp-json\/wp\/v2\/users\/1"}],"replies":[{"embeddable":true,"href":"https:\/\/kuzeyinsesi.org\/index.php\/wp-json\/wp\/v2\/comments?post=8936"}],"version-history":[{"count":0,"href":"https:\/\/kuzeyinsesi.org\/index.php\/wp-json\/wp\/v2\/posts\/8936\/revisions"}],"wp:featuredmedia":[{"embeddable":true,"href":"https:\/\/kuzeyinsesi.org\/index.php\/wp-json\/wp\/v2\/media\/8937"}],"wp:attachment":[{"href":"https:\/\/kuzeyinsesi.org\/index.php\/wp-json\/wp\/v2\/media?parent=8936"}],"wp:term":[{"taxonomy":"category","embeddable":true,"href":"https:\/\/kuzeyinsesi.org\/index.php\/wp-json\/wp\/v2\/categories?post=8936"},{"taxonomy":"post_tag","embeddable":true,"href":"https:\/\/kuzeyinsesi.org\/index.php\/wp-json\/wp\/v2\/tags?post=8936"}],"curies":[{"name":"wp","href":"https:\/\/api.w.org\/{rel}","templated":true}]}}