{"id":8866,"date":"2024-08-30T16:05:11","date_gmt":"2024-08-30T13:05:11","guid":{"rendered":"https:\/\/kuzeyinsesi.org\/index.php\/2024\/08\/30\/mehmetcik-kultur-ve-dayanisma-dernegi-karadagda-halk-danslari-festivaline-katildi\/"},"modified":"2024-08-30T16:05:11","modified_gmt":"2024-08-30T13:05:11","slug":"mehmetcik-kultur-ve-dayanisma-dernegi-karadagda-halk-danslari-festivaline-katildi","status":"publish","type":"post","link":"https:\/\/kuzeyinsesi.org\/index.php\/2024\/08\/30\/mehmetcik-kultur-ve-dayanisma-dernegi-karadagda-halk-danslari-festivaline-katildi\/","title":{"rendered":"Mehmet\u00e7ik K\u00fclt\u00fcr ve Dayan\u0131\u015fma Derne\u011fi, Karada\u011f\u2019da halk danslar\u0131 festivaline kat\u0131ld\u0131"},"content":{"rendered":"<div>\n<div class=\"mariselle-image-container center\">\n                                            <\/div>\n<p>Mehmet\u00e7ik K\u00fclt\u00fcr ve Dayan\u0131\u015fma Derne\u011fi, Karada\u011f\u2019da yap\u0131lan Budva Uluslararas\u0131 Halk Danslar\u0131 Festivali\u2019ne kat\u0131ld\u0131.<\/p>\n<p>Mehmet\u00e7ik K\u00fclt\u00fcr ve Dayan\u0131\u015fma Derne\u011fi\u2019nin Master Kad\u0131n Ekibi\u2019yle KKTC\u2019yi temsil etti\u011fi festivalde bu y\u0131l \u00e7e\u015fitli \u00fclkelerden 15 yer ald\u0131.<\/p>\n<p>Mehmet\u00e7ik K\u00fclt\u00fcr ve Dayan\u0131\u015fma Derne\u011fi Ba\u015fkan\u0131 Ali \u00c7elebi, 12 dans\u00e7\u0131 ve 2 y\u00f6neticiyle kat\u0131ld\u0131klar\u0131 festivalde Mehmet\u00e7ik b\u00f6lgesini ve KKTC\u2019yi ba\u015far\u0131yla temsil etmenin gururunu ya\u015fad\u0131klar\u0131n\u0131 belirtti.<\/p>\n<p>Y\u0131l boyunca \u00e7ok say\u0131da k\u00fclt\u00fcr ve sanat etkinli\u011fine ev sahipli\u011fi yapan Budva\u2019da 25-29 A\u011fustos tarihleri aras\u0131nda Uluslararas\u0131 Halk Danslar\u0131 Festivali d\u00fczenlendi.<\/p>\n<\/p><\/div>\n<p><script async\n                    defer\n                    crossorigin=\"anonymous\"\n                    src=\"https:\/\/connect.facebook.net\/tr_TR\/sdk.js#xfbml=1&#038;version=v3.3\"\n            ><\/script><\/p>\n","protected":false},"excerpt":{"rendered":"<p>Mehmet\u00e7ik K\u00fclt\u00fcr ve Dayan\u0131\u015fma Derne\u011fi, Karada\u011f\u2019da yap\u0131lan Budva Uluslararas\u0131 Halk Danslar\u0131 Festivali\u2019ne kat\u0131ld\u0131. Mehmet\u00e7ik K\u00fclt\u00fcr ve Dayan\u0131\u015fma Derne\u011fi\u2019nin Master Kad\u0131n Ekibi\u2019yle KKTC\u2019yi temsil etti\u011fi festivalde bu y\u0131l \u00e7e\u015fitli \u00fclkelerden 15 yer ald\u0131. Mehmet\u00e7ik K\u00fclt\u00fcr ve Dayan\u0131\u015fma Derne\u011fi Ba\u015fkan\u0131 Ali \u00c7elebi, 12 dans\u00e7\u0131 ve 2 y\u00f6neticiyle kat\u0131ld\u0131klar\u0131 festivalde Mehmet\u00e7ik b\u00f6lgesini ve KKTC\u2019yi ba\u015far\u0131yla temsil etmenin gururunu [&hellip;]<\/p>\n","protected":false},"author":1,"featured_media":8867,"comment_status":"open","ping_status":"open","sticky":false,"template":"","format":"standard","meta":{"jnews-multi-image_gallery":[],"jnews_single_post":[],"jnews_primary_category":[],"jnews_social_meta":[],"jnews_override_counter":[],"footnotes":""},"categories":[6],"tags":[],"class_list":["post-8866","post","type-post","status-publish","format-standard","has-post-thumbnail","hentry","category-yasam"],"yoast_head":"<!-- This site is optimized with the Yoast SEO plugin v27.5 - https:\/\/yoast.com\/product\/yoast-seo-wordpress\/ -->\n<title>Mehmet\u00e7ik K\u00fclt\u00fcr ve Dayan\u0131\u015fma Derne\u011fi, Karada\u011f\u2019da halk danslar\u0131 festivaline kat\u0131ld\u0131 - Kuzeyin Sesi<\/title>\n<meta name=\"robots\" content=\"index, follow, max-snippet:-1, max-image-preview:large, max-video-preview:-1\" \/>\n<link rel=\"canonical\" href=\"https:\/\/kuzeyinsesi.org\/index.php\/2024\/08\/30\/mehmetcik-kultur-ve-dayanisma-dernegi-karadagda-halk-danslari-festivaline-katildi\/\" \/>\n<meta property=\"og:locale\" content=\"tr_TR\" \/>\n<meta property=\"og:type\" content=\"article\" \/>\n<meta property=\"og:title\" content=\"Mehmet\u00e7ik K\u00fclt\u00fcr ve Dayan\u0131\u015fma Derne\u011fi, Karada\u011f\u2019da halk danslar\u0131 festivaline kat\u0131ld\u0131 - Kuzeyin Sesi\" \/>\n<meta property=\"og:description\" content=\"Mehmet\u00e7ik K\u00fclt\u00fcr ve Dayan\u0131\u015fma Derne\u011fi, Karada\u011f\u2019da yap\u0131lan Budva Uluslararas\u0131 Halk Danslar\u0131 Festivali\u2019ne kat\u0131ld\u0131. Mehmet\u00e7ik K\u00fclt\u00fcr ve Dayan\u0131\u015fma Derne\u011fi\u2019nin Master Kad\u0131n Ekibi\u2019yle KKTC\u2019yi temsil etti\u011fi festivalde bu y\u0131l \u00e7e\u015fitli \u00fclkelerden 15 yer ald\u0131. Mehmet\u00e7ik K\u00fclt\u00fcr ve Dayan\u0131\u015fma Derne\u011fi Ba\u015fkan\u0131 Ali \u00c7elebi, 12 dans\u00e7\u0131 ve 2 y\u00f6neticiyle kat\u0131ld\u0131klar\u0131 festivalde Mehmet\u00e7ik b\u00f6lgesini ve KKTC\u2019yi ba\u015far\u0131yla temsil etmenin gururunu [&hellip;]\" \/>\n<meta property=\"og:url\" content=\"https:\/\/kuzeyinsesi.org\/index.php\/2024\/08\/30\/mehmetcik-kultur-ve-dayanisma-dernegi-karadagda-halk-danslari-festivaline-katildi\/\" \/>\n<meta property=\"og:site_name\" content=\"Kuzeyin Sesi\" \/>\n<meta property=\"article:publisher\" content=\"https:\/\/www.facebook.com\/kuzeyinsesii\" \/>\n<meta property=\"article:published_time\" content=\"2024-08-30T13:05:11+00:00\" \/>\n<meta property=\"og:image\" content=\"https:\/\/brtk.net\/wp-content\/uploads\/2024\/08\/30\/qpwgqq-scaled.jpeg?ver=30a3411920b083906a974116dcd1dd3b\" \/>\n<meta name=\"author\" content=\"Kuzeyin Sesi\" \/>\n<meta name=\"twitter:card\" content=\"summary_large_image\" \/>\n<meta name=\"twitter:creator\" content=\"@kuzeyinsesii\" \/>\n<meta name=\"twitter:site\" content=\"@kuzeyinsesii\" \/>\n<meta name=\"twitter:label1\" content=\"Yazan:\" \/>\n\t<meta name=\"twitter:data1\" content=\"Kuzeyin Sesi\" \/>\n\t<meta name=\"twitter:label2\" content=\"Tahmini okuma s\u00fcresi\" \/>\n\t<meta name=\"twitter:data2\" content=\"1 dakika\" \/>\n<script type=\"application\/ld+json\" class=\"yoast-schema-graph\">{\"@context\":\"https:\\\/\\\/schema.org\",\"@graph\":[{\"@type\":\"Article\",\"@id\":\"https:\\\/\\\/kuzeyinsesi.org\\\/index.php\\\/2024\\\/08\\\/30\\\/mehmetcik-kultur-ve-dayanisma-dernegi-karadagda-halk-danslari-festivaline-katildi\\\/#article\",\"isPartOf\":{\"@id\":\"https:\\\/\\\/kuzeyinsesi.org\\\/index.php\\\/2024\\\/08\\\/30\\\/mehmetcik-kultur-ve-dayanisma-dernegi-karadagda-halk-danslari-festivaline-katildi\\\/\"},\"author\":{\"name\":\"Kuzeyin Sesi\",\"@id\":\"https:\\\/\\\/kuzeyinsesi.org\\\/#\\\/schema\\\/person\\\/9f859689cdf01485597712386e37f5aa\"},\"headline\":\"Mehmet\u00e7ik K\u00fclt\u00fcr ve Dayan\u0131\u015fma Derne\u011fi, Karada\u011f\u2019da halk danslar\u0131 festivaline kat\u0131ld\u0131\",\"datePublished\":\"2024-08-30T13:05:11+00:00\",\"mainEntityOfPage\":{\"@id\":\"https:\\\/\\\/kuzeyinsesi.org\\\/index.php\\\/2024\\\/08\\\/30\\\/mehmetcik-kultur-ve-dayanisma-dernegi-karadagda-halk-danslari-festivaline-katildi\\\/\"},\"wordCount\":140,\"commentCount\":0,\"image\":{\"@id\":\"https:\\\/\\\/kuzeyinsesi.org\\\/index.php\\\/2024\\\/08\\\/30\\\/mehmetcik-kultur-ve-dayanisma-dernegi-karadagda-halk-danslari-festivaline-katildi\\\/#primaryimage\"},\"thumbnailUrl\":\"https:\\\/\\\/kuzeyinsesi.org\\\/wp-content\\\/uploads\\\/2024\\\/08\\\/qpwgqq-scaled.jpeg\",\"articleSection\":[\"Ya\u015fam\"],\"inLanguage\":\"tr\",\"potentialAction\":[{\"@type\":\"CommentAction\",\"name\":\"Comment\",\"target\":[\"https:\\\/\\\/kuzeyinsesi.org\\\/index.php\\\/2024\\\/08\\\/30\\\/mehmetcik-kultur-ve-dayanisma-dernegi-karadagda-halk-danslari-festivaline-katildi\\\/#respond\"]}]},{\"@type\":\"WebPage\",\"@id\":\"https:\\\/\\\/kuzeyinsesi.org\\\/index.php\\\/2024\\\/08\\\/30\\\/mehmetcik-kultur-ve-dayanisma-dernegi-karadagda-halk-danslari-festivaline-katildi\\\/\",\"url\":\"https:\\\/\\\/kuzeyinsesi.org\\\/index.php\\\/2024\\\/08\\\/30\\\/mehmetcik-kultur-ve-dayanisma-dernegi-karadagda-halk-danslari-festivaline-katildi\\\/\",\"name\":\"Mehmet\u00e7ik K\u00fclt\u00fcr ve Dayan\u0131\u015fma Derne\u011fi, Karada\u011f\u2019da halk danslar\u0131 festivaline kat\u0131ld\u0131 - Kuzeyin Sesi\",\"isPartOf\":{\"@id\":\"https:\\\/\\\/kuzeyinsesi.org\\\/#website\"},\"primaryImageOfPage\":{\"@id\":\"https:\\\/\\\/kuzeyinsesi.org\\\/index.php\\\/2024\\\/08\\\/30\\\/mehmetcik-kultur-ve-dayanisma-dernegi-karadagda-halk-danslari-festivaline-katildi\\\/#primaryimage\"},\"image\":{\"@id\":\"https:\\\/\\\/kuzeyinsesi.org\\\/index.php\\\/2024\\\/08\\\/30\\\/mehmetcik-kultur-ve-dayanisma-dernegi-karadagda-halk-danslari-festivaline-katildi\\\/#primaryimage\"},\"thumbnailUrl\":\"https:\\\/\\\/kuzeyinsesi.org\\\/wp-content\\\/uploads\\\/2024\\\/08\\\/qpwgqq-scaled.jpeg\",\"datePublished\":\"2024-08-30T13:05:11+00:00\",\"author\":{\"@id\":\"https:\\\/\\\/kuzeyinsesi.org\\\/#\\\/schema\\\/person\\\/9f859689cdf01485597712386e37f5aa\"},\"breadcrumb\":{\"@id\":\"https:\\\/\\\/kuzeyinsesi.org\\\/index.php\\\/2024\\\/08\\\/30\\\/mehmetcik-kultur-ve-dayanisma-dernegi-karadagda-halk-danslari-festivaline-katildi\\\/#breadcrumb\"},\"inLanguage\":\"tr\",\"potentialAction\":[{\"@type\":\"ReadAction\",\"target\":[\"https:\\\/\\\/kuzeyinsesi.org\\\/index.php\\\/2024\\\/08\\\/30\\\/mehmetcik-kultur-ve-dayanisma-dernegi-karadagda-halk-danslari-festivaline-katildi\\\/\"]}]},{\"@type\":\"ImageObject\",\"inLanguage\":\"tr\",\"@id\":\"https:\\\/\\\/kuzeyinsesi.org\\\/index.php\\\/2024\\\/08\\\/30\\\/mehmetcik-kultur-ve-dayanisma-dernegi-karadagda-halk-danslari-festivaline-katildi\\\/#primaryimage\",\"url\":\"https:\\\/\\\/kuzeyinsesi.org\\\/wp-content\\\/uploads\\\/2024\\\/08\\\/qpwgqq-scaled.jpeg\",\"contentUrl\":\"https:\\\/\\\/kuzeyinsesi.org\\\/wp-content\\\/uploads\\\/2024\\\/08\\\/qpwgqq-scaled.jpeg\",\"width\":2560,\"height\":1920},{\"@type\":\"BreadcrumbList\",\"@id\":\"https:\\\/\\\/kuzeyinsesi.org\\\/index.php\\\/2024\\\/08\\\/30\\\/mehmetcik-kultur-ve-dayanisma-dernegi-karadagda-halk-danslari-festivaline-katildi\\\/#breadcrumb\",\"itemListElement\":[{\"@type\":\"ListItem\",\"position\":1,\"name\":\"Anasayfa\",\"item\":\"https:\\\/\\\/kuzeyinsesi.org\\\/\"},{\"@type\":\"ListItem\",\"position\":2,\"name\":\"Mehmet\u00e7ik K\u00fclt\u00fcr ve Dayan\u0131\u015fma Derne\u011fi, Karada\u011f\u2019da halk danslar\u0131 festivaline kat\u0131ld\u0131\"}]},{\"@type\":\"WebSite\",\"@id\":\"https:\\\/\\\/kuzeyinsesi.org\\\/#website\",\"url\":\"https:\\\/\\\/kuzeyinsesi.org\\\/\",\"name\":\"Kuzeyin Sesi\",\"description\":\"Do\u011fru Haberin Adresi\",\"potentialAction\":[{\"@type\":\"SearchAction\",\"target\":{\"@type\":\"EntryPoint\",\"urlTemplate\":\"https:\\\/\\\/kuzeyinsesi.org\\\/?s={search_term_string}\"},\"query-input\":{\"@type\":\"PropertyValueSpecification\",\"valueRequired\":true,\"valueName\":\"search_term_string\"}}],\"inLanguage\":\"tr\"},{\"@type\":\"Person\",\"@id\":\"https:\\\/\\\/kuzeyinsesi.org\\\/#\\\/schema\\\/person\\\/9f859689cdf01485597712386e37f5aa\",\"name\":\"Kuzeyin Sesi\",\"image\":{\"@type\":\"ImageObject\",\"inLanguage\":\"tr\",\"@id\":\"https:\\\/\\\/secure.gravatar.com\\\/avatar\\\/bab33852abfd8b282518d6ed81826833d77c3c882d9ab608add591ccace47a44?s=96&d=mm&r=g\",\"url\":\"https:\\\/\\\/secure.gravatar.com\\\/avatar\\\/bab33852abfd8b282518d6ed81826833d77c3c882d9ab608add591ccace47a44?s=96&d=mm&r=g\",\"contentUrl\":\"https:\\\/\\\/secure.gravatar.com\\\/avatar\\\/bab33852abfd8b282518d6ed81826833d77c3c882d9ab608add591ccace47a44?s=96&d=mm&r=g\",\"caption\":\"Kuzeyin Sesi\"},\"sameAs\":[\"https:\\\/\\\/kuzeyinsesi.org\"],\"url\":\"https:\\\/\\\/kuzeyinsesi.org\\\/index.php\\\/author\\\/guven\\\/\"}]}<\/script>\n<!-- \/ Yoast SEO plugin. -->","yoast_head_json":{"title":"Mehmet\u00e7ik K\u00fclt\u00fcr ve Dayan\u0131\u015fma Derne\u011fi, Karada\u011f\u2019da halk danslar\u0131 festivaline kat\u0131ld\u0131 - Kuzeyin Sesi","robots":{"index":"index","follow":"follow","max-snippet":"max-snippet:-1","max-image-preview":"max-image-preview:large","max-video-preview":"max-video-preview:-1"},"canonical":"https:\/\/kuzeyinsesi.org\/index.php\/2024\/08\/30\/mehmetcik-kultur-ve-dayanisma-dernegi-karadagda-halk-danslari-festivaline-katildi\/","og_locale":"tr_TR","og_type":"article","og_title":"Mehmet\u00e7ik K\u00fclt\u00fcr ve Dayan\u0131\u015fma Derne\u011fi, Karada\u011f\u2019da halk danslar\u0131 festivaline kat\u0131ld\u0131 - Kuzeyin Sesi","og_description":"Mehmet\u00e7ik K\u00fclt\u00fcr ve Dayan\u0131\u015fma Derne\u011fi, Karada\u011f\u2019da yap\u0131lan Budva Uluslararas\u0131 Halk Danslar\u0131 Festivali\u2019ne kat\u0131ld\u0131. Mehmet\u00e7ik K\u00fclt\u00fcr ve Dayan\u0131\u015fma Derne\u011fi\u2019nin Master Kad\u0131n Ekibi\u2019yle KKTC\u2019yi temsil etti\u011fi festivalde bu y\u0131l \u00e7e\u015fitli \u00fclkelerden 15 yer ald\u0131. Mehmet\u00e7ik K\u00fclt\u00fcr ve Dayan\u0131\u015fma Derne\u011fi Ba\u015fkan\u0131 Ali \u00c7elebi, 12 dans\u00e7\u0131 ve 2 y\u00f6neticiyle kat\u0131ld\u0131klar\u0131 festivalde Mehmet\u00e7ik b\u00f6lgesini ve KKTC\u2019yi ba\u015far\u0131yla temsil etmenin gururunu [&hellip;]","og_url":"https:\/\/kuzeyinsesi.org\/index.php\/2024\/08\/30\/mehmetcik-kultur-ve-dayanisma-dernegi-karadagda-halk-danslari-festivaline-katildi\/","og_site_name":"Kuzeyin Sesi","article_publisher":"https:\/\/www.facebook.com\/kuzeyinsesii","article_published_time":"2024-08-30T13:05:11+00:00","og_image":[{"url":"https:\/\/brtk.net\/wp-content\/uploads\/2024\/08\/30\/qpwgqq-scaled.jpeg?ver=30a3411920b083906a974116dcd1dd3b","type":"","width":"","height":""}],"author":"Kuzeyin Sesi","twitter_card":"summary_large_image","twitter_creator":"@kuzeyinsesii","twitter_site":"@kuzeyinsesii","twitter_misc":{"Yazan:":"Kuzeyin Sesi","Tahmini okuma s\u00fcresi":"1 dakika"},"schema":{"@context":"https:\/\/schema.org","@graph":[{"@type":"Article","@id":"https:\/\/kuzeyinsesi.org\/index.php\/2024\/08\/30\/mehmetcik-kultur-ve-dayanisma-dernegi-karadagda-halk-danslari-festivaline-katildi\/#article","isPartOf":{"@id":"https:\/\/kuzeyinsesi.org\/index.php\/2024\/08\/30\/mehmetcik-kultur-ve-dayanisma-dernegi-karadagda-halk-danslari-festivaline-katildi\/"},"author":{"name":"Kuzeyin Sesi","@id":"https:\/\/kuzeyinsesi.org\/#\/schema\/person\/9f859689cdf01485597712386e37f5aa"},"headline":"Mehmet\u00e7ik K\u00fclt\u00fcr ve Dayan\u0131\u015fma Derne\u011fi, Karada\u011f\u2019da halk danslar\u0131 festivaline kat\u0131ld\u0131","datePublished":"2024-08-30T13:05:11+00:00","mainEntityOfPage":{"@id":"https:\/\/kuzeyinsesi.org\/index.php\/2024\/08\/30\/mehmetcik-kultur-ve-dayanisma-dernegi-karadagda-halk-danslari-festivaline-katildi\/"},"wordCount":140,"commentCount":0,"image":{"@id":"https:\/\/kuzeyinsesi.org\/index.php\/2024\/08\/30\/mehmetcik-kultur-ve-dayanisma-dernegi-karadagda-halk-danslari-festivaline-katildi\/#primaryimage"},"thumbnailUrl":"https:\/\/kuzeyinsesi.org\/wp-content\/uploads\/2024\/08\/qpwgqq-scaled.jpeg","articleSection":["Ya\u015fam"],"inLanguage":"tr","potentialAction":[{"@type":"CommentAction","name":"Comment","target":["https:\/\/kuzeyinsesi.org\/index.php\/2024\/08\/30\/mehmetcik-kultur-ve-dayanisma-dernegi-karadagda-halk-danslari-festivaline-katildi\/#respond"]}]},{"@type":"WebPage","@id":"https:\/\/kuzeyinsesi.org\/index.php\/2024\/08\/30\/mehmetcik-kultur-ve-dayanisma-dernegi-karadagda-halk-danslari-festivaline-katildi\/","url":"https:\/\/kuzeyinsesi.org\/index.php\/2024\/08\/30\/mehmetcik-kultur-ve-dayanisma-dernegi-karadagda-halk-danslari-festivaline-katildi\/","name":"Mehmet\u00e7ik K\u00fclt\u00fcr ve Dayan\u0131\u015fma Derne\u011fi, Karada\u011f\u2019da halk danslar\u0131 festivaline kat\u0131ld\u0131 - Kuzeyin Sesi","isPartOf":{"@id":"https:\/\/kuzeyinsesi.org\/#website"},"primaryImageOfPage":{"@id":"https:\/\/kuzeyinsesi.org\/index.php\/2024\/08\/30\/mehmetcik-kultur-ve-dayanisma-dernegi-karadagda-halk-danslari-festivaline-katildi\/#primaryimage"},"image":{"@id":"https:\/\/kuzeyinsesi.org\/index.php\/2024\/08\/30\/mehmetcik-kultur-ve-dayanisma-dernegi-karadagda-halk-danslari-festivaline-katildi\/#primaryimage"},"thumbnailUrl":"https:\/\/kuzeyinsesi.org\/wp-content\/uploads\/2024\/08\/qpwgqq-scaled.jpeg","datePublished":"2024-08-30T13:05:11+00:00","author":{"@id":"https:\/\/kuzeyinsesi.org\/#\/schema\/person\/9f859689cdf01485597712386e37f5aa"},"breadcrumb":{"@id":"https:\/\/kuzeyinsesi.org\/index.php\/2024\/08\/30\/mehmetcik-kultur-ve-dayanisma-dernegi-karadagda-halk-danslari-festivaline-katildi\/#breadcrumb"},"inLanguage":"tr","potentialAction":[{"@type":"ReadAction","target":["https:\/\/kuzeyinsesi.org\/index.php\/2024\/08\/30\/mehmetcik-kultur-ve-dayanisma-dernegi-karadagda-halk-danslari-festivaline-katildi\/"]}]},{"@type":"ImageObject","inLanguage":"tr","@id":"https:\/\/kuzeyinsesi.org\/index.php\/2024\/08\/30\/mehmetcik-kultur-ve-dayanisma-dernegi-karadagda-halk-danslari-festivaline-katildi\/#primaryimage","url":"https:\/\/kuzeyinsesi.org\/wp-content\/uploads\/2024\/08\/qpwgqq-scaled.jpeg","contentUrl":"https:\/\/kuzeyinsesi.org\/wp-content\/uploads\/2024\/08\/qpwgqq-scaled.jpeg","width":2560,"height":1920},{"@type":"BreadcrumbList","@id":"https:\/\/kuzeyinsesi.org\/index.php\/2024\/08\/30\/mehmetcik-kultur-ve-dayanisma-dernegi-karadagda-halk-danslari-festivaline-katildi\/#breadcrumb","itemListElement":[{"@type":"ListItem","position":1,"name":"Anasayfa","item":"https:\/\/kuzeyinsesi.org\/"},{"@type":"ListItem","position":2,"name":"Mehmet\u00e7ik K\u00fclt\u00fcr ve Dayan\u0131\u015fma Derne\u011fi, Karada\u011f\u2019da halk danslar\u0131 festivaline kat\u0131ld\u0131"}]},{"@type":"WebSite","@id":"https:\/\/kuzeyinsesi.org\/#website","url":"https:\/\/kuzeyinsesi.org\/","name":"Kuzeyin Sesi","description":"Do\u011fru Haberin Adresi","potentialAction":[{"@type":"SearchAction","target":{"@type":"EntryPoint","urlTemplate":"https:\/\/kuzeyinsesi.org\/?s={search_term_string}"},"query-input":{"@type":"PropertyValueSpecification","valueRequired":true,"valueName":"search_term_string"}}],"inLanguage":"tr"},{"@type":"Person","@id":"https:\/\/kuzeyinsesi.org\/#\/schema\/person\/9f859689cdf01485597712386e37f5aa","name":"Kuzeyin Sesi","image":{"@type":"ImageObject","inLanguage":"tr","@id":"https:\/\/secure.gravatar.com\/avatar\/bab33852abfd8b282518d6ed81826833d77c3c882d9ab608add591ccace47a44?s=96&d=mm&r=g","url":"https:\/\/secure.gravatar.com\/avatar\/bab33852abfd8b282518d6ed81826833d77c3c882d9ab608add591ccace47a44?s=96&d=mm&r=g","contentUrl":"https:\/\/secure.gravatar.com\/avatar\/bab33852abfd8b282518d6ed81826833d77c3c882d9ab608add591ccace47a44?s=96&d=mm&r=g","caption":"Kuzeyin Sesi"},"sameAs":["https:\/\/kuzeyinsesi.org"],"url":"https:\/\/kuzeyinsesi.org\/index.php\/author\/guven\/"}]}},"_links":{"self":[{"href":"https:\/\/kuzeyinsesi.org\/index.php\/wp-json\/wp\/v2\/posts\/8866","targetHints":{"allow":["GET"]}}],"collection":[{"href":"https:\/\/kuzeyinsesi.org\/index.php\/wp-json\/wp\/v2\/posts"}],"about":[{"href":"https:\/\/kuzeyinsesi.org\/index.php\/wp-json\/wp\/v2\/types\/post"}],"author":[{"embeddable":true,"href":"https:\/\/kuzeyinsesi.org\/index.php\/wp-json\/wp\/v2\/users\/1"}],"replies":[{"embeddable":true,"href":"https:\/\/kuzeyinsesi.org\/index.php\/wp-json\/wp\/v2\/comments?post=8866"}],"version-history":[{"count":0,"href":"https:\/\/kuzeyinsesi.org\/index.php\/wp-json\/wp\/v2\/posts\/8866\/revisions"}],"wp:featuredmedia":[{"embeddable":true,"href":"https:\/\/kuzeyinsesi.org\/index.php\/wp-json\/wp\/v2\/media\/8867"}],"wp:attachment":[{"href":"https:\/\/kuzeyinsesi.org\/index.php\/wp-json\/wp\/v2\/media?parent=8866"}],"wp:term":[{"taxonomy":"category","embeddable":true,"href":"https:\/\/kuzeyinsesi.org\/index.php\/wp-json\/wp\/v2\/categories?post=8866"},{"taxonomy":"post_tag","embeddable":true,"href":"https:\/\/kuzeyinsesi.org\/index.php\/wp-json\/wp\/v2\/tags?post=8866"}],"curies":[{"name":"wp","href":"https:\/\/api.w.org\/{rel}","templated":true}]}}