{"id":8804,"date":"2024-08-29T16:57:42","date_gmt":"2024-08-29T13:57:42","guid":{"rendered":"https:\/\/kuzeyinsesi.org\/index.php\/2024\/08\/29\/magusa-surici-panayiri-yarin-basliyor\/"},"modified":"2024-08-29T16:57:42","modified_gmt":"2024-08-29T13:57:42","slug":"magusa-surici-panayiri-yarin-basliyor","status":"publish","type":"post","link":"https:\/\/kuzeyinsesi.org\/index.php\/2024\/08\/29\/magusa-surici-panayiri-yarin-basliyor\/","title":{"rendered":"Ma\u011fusa Suri\u00e7i Panay\u0131r\u0131 yar\u0131n ba\u015fl\u0131yor"},"content":{"rendered":"<div>\n<p style=\"font-weight: 300;\"><span style=\"font-weight: 300 !important;\"><\/p>\n<div class=\"mariselle-image-container none\">\n                                            <\/div>\n<p><\/span><\/p>\n<p style=\"font-weight: 300;\"><span style=\"font-weight: 300 !important;\">Gazima\u011fusa Belediyesi\u2019nin geleneksel olarak d\u00fczenledi\u011fi Ma\u011fusa Suri\u00e7i Panay\u0131r\u0131 yar\u0131n ba\u015fl\u0131yor.<\/span><\/p>\n<p style=\"font-weight: 300;\"><span style=\"font-weight: 300 !important;\">Belediyeden yap\u0131lan a\u00e7\u0131klamaya g\u00f6re, Gazima\u011fusa Belediyesi ile K\u0131br\u0131s T\u00fcrk Festivalciler Derne\u011fi taraf\u0131ndan organize edilen ve stant gelirlerinin \u015eampiyon Melekleri Ya\u015fatma Derne\u011fi\u2019ne ba\u011f\u0131\u015flanaca\u011f\u0131 Ma\u011fusa Suri\u00e7i Panay\u0131r\u0131 8 Eyl\u00fcl tarihine kadar s\u00fcrecek.<\/span><\/p>\n<p style=\"font-weight: 300;\"><span style=\"font-weight: 300 !important;\">Canbulat Sokak\u2019ta d\u00fczenlenecek panay\u0131r yar\u0131n saat 20.00\u2019de Gazima\u011fusa Belediyesi Halk Danslar\u0131 Toplulu\u011fu Ekibi, Ate\u015f ve Dans Show ile ba\u015flayacak.\u00a0<\/span>Ahmet Evan\u2019\u0131n sahne alaca\u011f\u0131 a\u00e7\u0131l\u0131\u015f konseri 21.00\u2019de yap\u0131lacak.\u00a0<span style=\"font-weight: 300 !important;\">Her ak\u015fam \u00fclkenin sevilen m\u00fczisyenlerinin sahne alaca\u011f\u0131 Ma\u011fusa Suri\u00e7i Panay\u0131r\u0131\u2019nda di\u011fer t\u00fcm konserler 20.30 ba\u015flayacak.\u00a0<\/span><span style=\"font-weight: 300 !important;\">Ma\u011fusa Suri\u00e7i Panay\u0131r\u0131\u2019nda d\u00fczenlenecek t\u00fcm konserler \u00fccretsiz olacak.<\/span><\/p>\n<p style=\"font-weight: 300;\"><span style=\"font-weight: 300 !important;\">Panay\u0131r s\u00fcresince \u00fclkenin m\u00fczisyenleri Grup Frekans, Retro \u00c7alg\u0131c\u0131lar\u0131, Cihan Tunceli Band, Sidar Karaku\u015f, Burcu Ar\u0131kel, Grup Otantik ve Grup Bu\u011fday konserleri ile sahne alacak.<\/span><\/p>\n<p style=\"font-weight: 300;\"><span style=\"font-weight: 300 !important;\">Panay\u0131r\u2019da, Gazima\u011fusa Belediyesi Halk Danslar\u0131 Toplulu\u011fu Ekibi, Ate\u015f ve Dans Show, MAGEM Sakarya Zumba Grubu, Gazima\u011fusa Halk Danslar\u0131 Derne\u011fi Ekibi, DJ T\u00fcner, Othello Folklor Derne\u011fi ve Retro Mix sahne alacak.<\/span><\/p>\n<p style=\"font-weight: 300;\"><span style=\"font-weight: 300 !important;\">Ma\u011fusa Suri\u00e7i Panay\u0131r\u0131 Program\u0131 \u015f\u00f6yle:<\/span><\/p>\n<p style=\"font-weight: 300;\"><span style=\"font-weight: 300 !important;\">\u201c30 A\u011fustos Cuma g\u00fcn\u00fc: 20.00 Gazima\u011fusa Belediyesi Halk Danslar\u0131 Toplulu\u011fu Ekibi, 20.30 Ate\u015f ve Dans Show, 21.00 Ahmet Evan;\u00a0<\/span><span style=\"font-weight: 300 !important;\">31 A\u011fustos Cumartesi g\u00fcn\u00fc: 20:00 MAGEM Sakarya Zumba Grubu, 20.30 Grup Frekans;\u00a0<\/span><span style=\"font-weight: 300 !important;\">1 Eyl\u00fcl Pazar g\u00fcn\u00fc: 20.30 Retro \u00c7alg\u0131c\u0131lar\u0131;\u00a0<\/span><span style=\"font-weight: 300 !important;\">2 Eyl\u00fcl Pazartesi g\u00fcn\u00fc: 20.30 Cihan Tunceli Band;\u00a0<\/span><span style=\"font-weight: 300 !important;\">3 Eyl\u00fcl Sal\u0131 g\u00fcn\u00fc: 20.00 Gazima\u011fusa Halk Danslar\u0131 Derne\u011fi Ekibi, 20.30 Sidar Karaku\u015f;\u00a0<\/span><span style=\"font-weight: 300 !important;\">4 Eyl\u00fcl \u00c7ar\u015famba g\u00fcn\u00fc: 20.30 DJ T\u00fcner;\u00a0<\/span><span style=\"font-weight: 300 !important;\">5 Eyl\u00fcl Per\u015fembe g\u00fcn\u00fc: 20.00 Othello Folklor derne\u011fi, 20.30 Burcu Ar\u0131kel;\u00a0<\/span><span style=\"font-weight: 300 !important;\">6 Eyl\u00fcl Cuma g\u00fcn\u00fc: 20.30 Grup Otantik;\u00a0<\/span><span style=\"font-weight: 300 !important;\">7 Eyl\u00fcl Cumartesi g\u00fcn\u00fc: 20.00 Retro Mix, 20.30 Kuzey K\u0131br\u0131s \u0130ranl\u0131lar Kl\u00fcb\u00fc ile \u0130ran Gecesi\u00a0<\/span><span style=\"font-weight: 300 !important;\">21.30 Grup Bu\u011fday\u201d<\/span><\/p>\n<p>\u00a0<\/p>\n<\/p><\/div>\n<p><script async\n                    defer\n                    crossorigin=\"anonymous\"\n                    src=\"https:\/\/connect.facebook.net\/tr_TR\/sdk.js#xfbml=1&#038;version=v3.3\"\n            ><\/script><\/p>\n","protected":false},"excerpt":{"rendered":"<p>Gazima\u011fusa Belediyesi\u2019nin geleneksel olarak d\u00fczenledi\u011fi Ma\u011fusa Suri\u00e7i Panay\u0131r\u0131 yar\u0131n ba\u015fl\u0131yor. Belediyeden yap\u0131lan a\u00e7\u0131klamaya g\u00f6re, Gazima\u011fusa Belediyesi ile K\u0131br\u0131s T\u00fcrk Festivalciler Derne\u011fi taraf\u0131ndan organize edilen ve stant gelirlerinin \u015eampiyon Melekleri Ya\u015fatma Derne\u011fi\u2019ne ba\u011f\u0131\u015flanaca\u011f\u0131 Ma\u011fusa Suri\u00e7i Panay\u0131r\u0131 8 Eyl\u00fcl tarihine kadar s\u00fcrecek. Canbulat Sokak\u2019ta d\u00fczenlenecek panay\u0131r yar\u0131n saat 20.00\u2019de Gazima\u011fusa Belediyesi Halk Danslar\u0131 Toplulu\u011fu Ekibi, Ate\u015f ve [&hellip;]<\/p>\n","protected":false},"author":1,"featured_media":8805,"comment_status":"open","ping_status":"open","sticky":false,"template":"","format":"standard","meta":{"jnews-multi-image_gallery":[],"jnews_single_post":[],"jnews_primary_category":[],"jnews_social_meta":[],"jnews_override_counter":[],"footnotes":""},"categories":[6],"tags":[],"class_list":["post-8804","post","type-post","status-publish","format-standard","has-post-thumbnail","hentry","category-yasam"],"yoast_head":"<!-- This site is optimized with the Yoast SEO plugin v27.5 - https:\/\/yoast.com\/product\/yoast-seo-wordpress\/ -->\n<title>Ma\u011fusa Suri\u00e7i Panay\u0131r\u0131 yar\u0131n ba\u015fl\u0131yor - Kuzeyin Sesi<\/title>\n<meta name=\"robots\" content=\"index, follow, max-snippet:-1, max-image-preview:large, max-video-preview:-1\" \/>\n<link rel=\"canonical\" href=\"https:\/\/kuzeyinsesi.org\/index.php\/2024\/08\/29\/magusa-surici-panayiri-yarin-basliyor\/\" \/>\n<meta property=\"og:locale\" content=\"tr_TR\" \/>\n<meta property=\"og:type\" content=\"article\" \/>\n<meta property=\"og:title\" content=\"Ma\u011fusa Suri\u00e7i Panay\u0131r\u0131 yar\u0131n ba\u015fl\u0131yor - Kuzeyin Sesi\" \/>\n<meta property=\"og:description\" content=\"Gazima\u011fusa Belediyesi\u2019nin geleneksel olarak d\u00fczenledi\u011fi Ma\u011fusa Suri\u00e7i Panay\u0131r\u0131 yar\u0131n ba\u015fl\u0131yor. Belediyeden yap\u0131lan a\u00e7\u0131klamaya g\u00f6re, Gazima\u011fusa Belediyesi ile K\u0131br\u0131s T\u00fcrk Festivalciler Derne\u011fi taraf\u0131ndan organize edilen ve stant gelirlerinin \u015eampiyon Melekleri Ya\u015fatma Derne\u011fi\u2019ne ba\u011f\u0131\u015flanaca\u011f\u0131 Ma\u011fusa Suri\u00e7i Panay\u0131r\u0131 8 Eyl\u00fcl tarihine kadar s\u00fcrecek. Canbulat Sokak\u2019ta d\u00fczenlenecek panay\u0131r yar\u0131n saat 20.00\u2019de Gazima\u011fusa Belediyesi Halk Danslar\u0131 Toplulu\u011fu Ekibi, Ate\u015f ve [&hellip;]\" \/>\n<meta property=\"og:url\" content=\"https:\/\/kuzeyinsesi.org\/index.php\/2024\/08\/29\/magusa-surici-panayiri-yarin-basliyor\/\" \/>\n<meta property=\"og:site_name\" content=\"Kuzeyin Sesi\" \/>\n<meta property=\"article:publisher\" content=\"https:\/\/www.facebook.com\/kuzeyinsesii\" \/>\n<meta property=\"article:published_time\" content=\"2024-08-29T13:57:42+00:00\" \/>\n<meta property=\"og:image\" content=\"https:\/\/brtk.net\/wp-content\/uploads\/2024\/08\/29\/gmb-panayir-9-.jpeg?ver=32ee35283dd50662247a1501a2fda80a\" \/>\n<meta name=\"author\" content=\"Kuzeyin Sesi\" \/>\n<meta name=\"twitter:card\" content=\"summary_large_image\" \/>\n<meta name=\"twitter:creator\" content=\"@kuzeyinsesii\" \/>\n<meta name=\"twitter:site\" content=\"@kuzeyinsesii\" \/>\n<meta name=\"twitter:label1\" content=\"Yazan:\" \/>\n\t<meta name=\"twitter:data1\" content=\"Kuzeyin Sesi\" \/>\n\t<meta name=\"twitter:label2\" content=\"Tahmini okuma s\u00fcresi\" \/>\n\t<meta name=\"twitter:data2\" content=\"2 dakika\" \/>\n<script type=\"application\/ld+json\" class=\"yoast-schema-graph\">{\"@context\":\"https:\\\/\\\/schema.org\",\"@graph\":[{\"@type\":\"Article\",\"@id\":\"https:\\\/\\\/kuzeyinsesi.org\\\/index.php\\\/2024\\\/08\\\/29\\\/magusa-surici-panayiri-yarin-basliyor\\\/#article\",\"isPartOf\":{\"@id\":\"https:\\\/\\\/kuzeyinsesi.org\\\/index.php\\\/2024\\\/08\\\/29\\\/magusa-surici-panayiri-yarin-basliyor\\\/\"},\"author\":{\"name\":\"Kuzeyin Sesi\",\"@id\":\"https:\\\/\\\/kuzeyinsesi.org\\\/#\\\/schema\\\/person\\\/9f859689cdf01485597712386e37f5aa\"},\"headline\":\"Ma\u011fusa Suri\u00e7i Panay\u0131r\u0131 yar\u0131n ba\u015fl\u0131yor\",\"datePublished\":\"2024-08-29T13:57:42+00:00\",\"mainEntityOfPage\":{\"@id\":\"https:\\\/\\\/kuzeyinsesi.org\\\/index.php\\\/2024\\\/08\\\/29\\\/magusa-surici-panayiri-yarin-basliyor\\\/\"},\"wordCount\":340,\"commentCount\":0,\"image\":{\"@id\":\"https:\\\/\\\/kuzeyinsesi.org\\\/index.php\\\/2024\\\/08\\\/29\\\/magusa-surici-panayiri-yarin-basliyor\\\/#primaryimage\"},\"thumbnailUrl\":\"https:\\\/\\\/kuzeyinsesi.org\\\/wp-content\\\/uploads\\\/2024\\\/08\\\/gmb-panayir-9-.jpeg\",\"articleSection\":[\"Ya\u015fam\"],\"inLanguage\":\"tr\",\"potentialAction\":[{\"@type\":\"CommentAction\",\"name\":\"Comment\",\"target\":[\"https:\\\/\\\/kuzeyinsesi.org\\\/index.php\\\/2024\\\/08\\\/29\\\/magusa-surici-panayiri-yarin-basliyor\\\/#respond\"]}]},{\"@type\":\"WebPage\",\"@id\":\"https:\\\/\\\/kuzeyinsesi.org\\\/index.php\\\/2024\\\/08\\\/29\\\/magusa-surici-panayiri-yarin-basliyor\\\/\",\"url\":\"https:\\\/\\\/kuzeyinsesi.org\\\/index.php\\\/2024\\\/08\\\/29\\\/magusa-surici-panayiri-yarin-basliyor\\\/\",\"name\":\"Ma\u011fusa Suri\u00e7i Panay\u0131r\u0131 yar\u0131n ba\u015fl\u0131yor - Kuzeyin Sesi\",\"isPartOf\":{\"@id\":\"https:\\\/\\\/kuzeyinsesi.org\\\/#website\"},\"primaryImageOfPage\":{\"@id\":\"https:\\\/\\\/kuzeyinsesi.org\\\/index.php\\\/2024\\\/08\\\/29\\\/magusa-surici-panayiri-yarin-basliyor\\\/#primaryimage\"},\"image\":{\"@id\":\"https:\\\/\\\/kuzeyinsesi.org\\\/index.php\\\/2024\\\/08\\\/29\\\/magusa-surici-panayiri-yarin-basliyor\\\/#primaryimage\"},\"thumbnailUrl\":\"https:\\\/\\\/kuzeyinsesi.org\\\/wp-content\\\/uploads\\\/2024\\\/08\\\/gmb-panayir-9-.jpeg\",\"datePublished\":\"2024-08-29T13:57:42+00:00\",\"author\":{\"@id\":\"https:\\\/\\\/kuzeyinsesi.org\\\/#\\\/schema\\\/person\\\/9f859689cdf01485597712386e37f5aa\"},\"breadcrumb\":{\"@id\":\"https:\\\/\\\/kuzeyinsesi.org\\\/index.php\\\/2024\\\/08\\\/29\\\/magusa-surici-panayiri-yarin-basliyor\\\/#breadcrumb\"},\"inLanguage\":\"tr\",\"potentialAction\":[{\"@type\":\"ReadAction\",\"target\":[\"https:\\\/\\\/kuzeyinsesi.org\\\/index.php\\\/2024\\\/08\\\/29\\\/magusa-surici-panayiri-yarin-basliyor\\\/\"]}]},{\"@type\":\"ImageObject\",\"inLanguage\":\"tr\",\"@id\":\"https:\\\/\\\/kuzeyinsesi.org\\\/index.php\\\/2024\\\/08\\\/29\\\/magusa-surici-panayiri-yarin-basliyor\\\/#primaryimage\",\"url\":\"https:\\\/\\\/kuzeyinsesi.org\\\/wp-content\\\/uploads\\\/2024\\\/08\\\/gmb-panayir-9-.jpeg\",\"contentUrl\":\"https:\\\/\\\/kuzeyinsesi.org\\\/wp-content\\\/uploads\\\/2024\\\/08\\\/gmb-panayir-9-.jpeg\",\"width\":928,\"height\":500},{\"@type\":\"BreadcrumbList\",\"@id\":\"https:\\\/\\\/kuzeyinsesi.org\\\/index.php\\\/2024\\\/08\\\/29\\\/magusa-surici-panayiri-yarin-basliyor\\\/#breadcrumb\",\"itemListElement\":[{\"@type\":\"ListItem\",\"position\":1,\"name\":\"Anasayfa\",\"item\":\"https:\\\/\\\/kuzeyinsesi.org\\\/\"},{\"@type\":\"ListItem\",\"position\":2,\"name\":\"Ma\u011fusa Suri\u00e7i Panay\u0131r\u0131 yar\u0131n ba\u015fl\u0131yor\"}]},{\"@type\":\"WebSite\",\"@id\":\"https:\\\/\\\/kuzeyinsesi.org\\\/#website\",\"url\":\"https:\\\/\\\/kuzeyinsesi.org\\\/\",\"name\":\"Kuzeyin Sesi\",\"description\":\"Do\u011fru Haberin Adresi\",\"potentialAction\":[{\"@type\":\"SearchAction\",\"target\":{\"@type\":\"EntryPoint\",\"urlTemplate\":\"https:\\\/\\\/kuzeyinsesi.org\\\/?s={search_term_string}\"},\"query-input\":{\"@type\":\"PropertyValueSpecification\",\"valueRequired\":true,\"valueName\":\"search_term_string\"}}],\"inLanguage\":\"tr\"},{\"@type\":\"Person\",\"@id\":\"https:\\\/\\\/kuzeyinsesi.org\\\/#\\\/schema\\\/person\\\/9f859689cdf01485597712386e37f5aa\",\"name\":\"Kuzeyin Sesi\",\"image\":{\"@type\":\"ImageObject\",\"inLanguage\":\"tr\",\"@id\":\"https:\\\/\\\/secure.gravatar.com\\\/avatar\\\/bab33852abfd8b282518d6ed81826833d77c3c882d9ab608add591ccace47a44?s=96&d=mm&r=g\",\"url\":\"https:\\\/\\\/secure.gravatar.com\\\/avatar\\\/bab33852abfd8b282518d6ed81826833d77c3c882d9ab608add591ccace47a44?s=96&d=mm&r=g\",\"contentUrl\":\"https:\\\/\\\/secure.gravatar.com\\\/avatar\\\/bab33852abfd8b282518d6ed81826833d77c3c882d9ab608add591ccace47a44?s=96&d=mm&r=g\",\"caption\":\"Kuzeyin Sesi\"},\"sameAs\":[\"https:\\\/\\\/kuzeyinsesi.org\"],\"url\":\"https:\\\/\\\/kuzeyinsesi.org\\\/index.php\\\/author\\\/guven\\\/\"}]}<\/script>\n<!-- \/ Yoast SEO plugin. -->","yoast_head_json":{"title":"Ma\u011fusa Suri\u00e7i Panay\u0131r\u0131 yar\u0131n ba\u015fl\u0131yor - Kuzeyin Sesi","robots":{"index":"index","follow":"follow","max-snippet":"max-snippet:-1","max-image-preview":"max-image-preview:large","max-video-preview":"max-video-preview:-1"},"canonical":"https:\/\/kuzeyinsesi.org\/index.php\/2024\/08\/29\/magusa-surici-panayiri-yarin-basliyor\/","og_locale":"tr_TR","og_type":"article","og_title":"Ma\u011fusa Suri\u00e7i Panay\u0131r\u0131 yar\u0131n ba\u015fl\u0131yor - Kuzeyin Sesi","og_description":"Gazima\u011fusa Belediyesi\u2019nin geleneksel olarak d\u00fczenledi\u011fi Ma\u011fusa Suri\u00e7i Panay\u0131r\u0131 yar\u0131n ba\u015fl\u0131yor. Belediyeden yap\u0131lan a\u00e7\u0131klamaya g\u00f6re, Gazima\u011fusa Belediyesi ile K\u0131br\u0131s T\u00fcrk Festivalciler Derne\u011fi taraf\u0131ndan organize edilen ve stant gelirlerinin \u015eampiyon Melekleri Ya\u015fatma Derne\u011fi\u2019ne ba\u011f\u0131\u015flanaca\u011f\u0131 Ma\u011fusa Suri\u00e7i Panay\u0131r\u0131 8 Eyl\u00fcl tarihine kadar s\u00fcrecek. Canbulat Sokak\u2019ta d\u00fczenlenecek panay\u0131r yar\u0131n saat 20.00\u2019de Gazima\u011fusa Belediyesi Halk Danslar\u0131 Toplulu\u011fu Ekibi, Ate\u015f ve [&hellip;]","og_url":"https:\/\/kuzeyinsesi.org\/index.php\/2024\/08\/29\/magusa-surici-panayiri-yarin-basliyor\/","og_site_name":"Kuzeyin Sesi","article_publisher":"https:\/\/www.facebook.com\/kuzeyinsesii","article_published_time":"2024-08-29T13:57:42+00:00","og_image":[{"url":"https:\/\/brtk.net\/wp-content\/uploads\/2024\/08\/29\/gmb-panayir-9-.jpeg?ver=32ee35283dd50662247a1501a2fda80a","type":"","width":"","height":""}],"author":"Kuzeyin Sesi","twitter_card":"summary_large_image","twitter_creator":"@kuzeyinsesii","twitter_site":"@kuzeyinsesii","twitter_misc":{"Yazan:":"Kuzeyin Sesi","Tahmini okuma s\u00fcresi":"2 dakika"},"schema":{"@context":"https:\/\/schema.org","@graph":[{"@type":"Article","@id":"https:\/\/kuzeyinsesi.org\/index.php\/2024\/08\/29\/magusa-surici-panayiri-yarin-basliyor\/#article","isPartOf":{"@id":"https:\/\/kuzeyinsesi.org\/index.php\/2024\/08\/29\/magusa-surici-panayiri-yarin-basliyor\/"},"author":{"name":"Kuzeyin Sesi","@id":"https:\/\/kuzeyinsesi.org\/#\/schema\/person\/9f859689cdf01485597712386e37f5aa"},"headline":"Ma\u011fusa Suri\u00e7i Panay\u0131r\u0131 yar\u0131n ba\u015fl\u0131yor","datePublished":"2024-08-29T13:57:42+00:00","mainEntityOfPage":{"@id":"https:\/\/kuzeyinsesi.org\/index.php\/2024\/08\/29\/magusa-surici-panayiri-yarin-basliyor\/"},"wordCount":340,"commentCount":0,"image":{"@id":"https:\/\/kuzeyinsesi.org\/index.php\/2024\/08\/29\/magusa-surici-panayiri-yarin-basliyor\/#primaryimage"},"thumbnailUrl":"https:\/\/kuzeyinsesi.org\/wp-content\/uploads\/2024\/08\/gmb-panayir-9-.jpeg","articleSection":["Ya\u015fam"],"inLanguage":"tr","potentialAction":[{"@type":"CommentAction","name":"Comment","target":["https:\/\/kuzeyinsesi.org\/index.php\/2024\/08\/29\/magusa-surici-panayiri-yarin-basliyor\/#respond"]}]},{"@type":"WebPage","@id":"https:\/\/kuzeyinsesi.org\/index.php\/2024\/08\/29\/magusa-surici-panayiri-yarin-basliyor\/","url":"https:\/\/kuzeyinsesi.org\/index.php\/2024\/08\/29\/magusa-surici-panayiri-yarin-basliyor\/","name":"Ma\u011fusa Suri\u00e7i Panay\u0131r\u0131 yar\u0131n ba\u015fl\u0131yor - Kuzeyin Sesi","isPartOf":{"@id":"https:\/\/kuzeyinsesi.org\/#website"},"primaryImageOfPage":{"@id":"https:\/\/kuzeyinsesi.org\/index.php\/2024\/08\/29\/magusa-surici-panayiri-yarin-basliyor\/#primaryimage"},"image":{"@id":"https:\/\/kuzeyinsesi.org\/index.php\/2024\/08\/29\/magusa-surici-panayiri-yarin-basliyor\/#primaryimage"},"thumbnailUrl":"https:\/\/kuzeyinsesi.org\/wp-content\/uploads\/2024\/08\/gmb-panayir-9-.jpeg","datePublished":"2024-08-29T13:57:42+00:00","author":{"@id":"https:\/\/kuzeyinsesi.org\/#\/schema\/person\/9f859689cdf01485597712386e37f5aa"},"breadcrumb":{"@id":"https:\/\/kuzeyinsesi.org\/index.php\/2024\/08\/29\/magusa-surici-panayiri-yarin-basliyor\/#breadcrumb"},"inLanguage":"tr","potentialAction":[{"@type":"ReadAction","target":["https:\/\/kuzeyinsesi.org\/index.php\/2024\/08\/29\/magusa-surici-panayiri-yarin-basliyor\/"]}]},{"@type":"ImageObject","inLanguage":"tr","@id":"https:\/\/kuzeyinsesi.org\/index.php\/2024\/08\/29\/magusa-surici-panayiri-yarin-basliyor\/#primaryimage","url":"https:\/\/kuzeyinsesi.org\/wp-content\/uploads\/2024\/08\/gmb-panayir-9-.jpeg","contentUrl":"https:\/\/kuzeyinsesi.org\/wp-content\/uploads\/2024\/08\/gmb-panayir-9-.jpeg","width":928,"height":500},{"@type":"BreadcrumbList","@id":"https:\/\/kuzeyinsesi.org\/index.php\/2024\/08\/29\/magusa-surici-panayiri-yarin-basliyor\/#breadcrumb","itemListElement":[{"@type":"ListItem","position":1,"name":"Anasayfa","item":"https:\/\/kuzeyinsesi.org\/"},{"@type":"ListItem","position":2,"name":"Ma\u011fusa Suri\u00e7i Panay\u0131r\u0131 yar\u0131n ba\u015fl\u0131yor"}]},{"@type":"WebSite","@id":"https:\/\/kuzeyinsesi.org\/#website","url":"https:\/\/kuzeyinsesi.org\/","name":"Kuzeyin Sesi","description":"Do\u011fru Haberin Adresi","potentialAction":[{"@type":"SearchAction","target":{"@type":"EntryPoint","urlTemplate":"https:\/\/kuzeyinsesi.org\/?s={search_term_string}"},"query-input":{"@type":"PropertyValueSpecification","valueRequired":true,"valueName":"search_term_string"}}],"inLanguage":"tr"},{"@type":"Person","@id":"https:\/\/kuzeyinsesi.org\/#\/schema\/person\/9f859689cdf01485597712386e37f5aa","name":"Kuzeyin Sesi","image":{"@type":"ImageObject","inLanguage":"tr","@id":"https:\/\/secure.gravatar.com\/avatar\/bab33852abfd8b282518d6ed81826833d77c3c882d9ab608add591ccace47a44?s=96&d=mm&r=g","url":"https:\/\/secure.gravatar.com\/avatar\/bab33852abfd8b282518d6ed81826833d77c3c882d9ab608add591ccace47a44?s=96&d=mm&r=g","contentUrl":"https:\/\/secure.gravatar.com\/avatar\/bab33852abfd8b282518d6ed81826833d77c3c882d9ab608add591ccace47a44?s=96&d=mm&r=g","caption":"Kuzeyin Sesi"},"sameAs":["https:\/\/kuzeyinsesi.org"],"url":"https:\/\/kuzeyinsesi.org\/index.php\/author\/guven\/"}]}},"_links":{"self":[{"href":"https:\/\/kuzeyinsesi.org\/index.php\/wp-json\/wp\/v2\/posts\/8804","targetHints":{"allow":["GET"]}}],"collection":[{"href":"https:\/\/kuzeyinsesi.org\/index.php\/wp-json\/wp\/v2\/posts"}],"about":[{"href":"https:\/\/kuzeyinsesi.org\/index.php\/wp-json\/wp\/v2\/types\/post"}],"author":[{"embeddable":true,"href":"https:\/\/kuzeyinsesi.org\/index.php\/wp-json\/wp\/v2\/users\/1"}],"replies":[{"embeddable":true,"href":"https:\/\/kuzeyinsesi.org\/index.php\/wp-json\/wp\/v2\/comments?post=8804"}],"version-history":[{"count":0,"href":"https:\/\/kuzeyinsesi.org\/index.php\/wp-json\/wp\/v2\/posts\/8804\/revisions"}],"wp:featuredmedia":[{"embeddable":true,"href":"https:\/\/kuzeyinsesi.org\/index.php\/wp-json\/wp\/v2\/media\/8805"}],"wp:attachment":[{"href":"https:\/\/kuzeyinsesi.org\/index.php\/wp-json\/wp\/v2\/media?parent=8804"}],"wp:term":[{"taxonomy":"category","embeddable":true,"href":"https:\/\/kuzeyinsesi.org\/index.php\/wp-json\/wp\/v2\/categories?post=8804"},{"taxonomy":"post_tag","embeddable":true,"href":"https:\/\/kuzeyinsesi.org\/index.php\/wp-json\/wp\/v2\/tags?post=8804"}],"curies":[{"name":"wp","href":"https:\/\/api.w.org\/{rel}","templated":true}]}}