{"id":875,"date":"2024-04-29T11:46:06","date_gmt":"2024-04-29T08:46:06","guid":{"rendered":"https:\/\/kuzeyinsesi.com\/index.php\/2024\/04\/29\/kargo-iade-paketine-giren-kedi-yuzlerce-kilometre-uzaga-uctu\/"},"modified":"2024-04-29T11:46:06","modified_gmt":"2024-04-29T08:46:06","slug":"kargo-iade-paketine-giren-kedi-yuzlerce-kilometre-uzaga-uctu","status":"publish","type":"post","link":"https:\/\/kuzeyinsesi.org\/index.php\/2024\/04\/29\/kargo-iade-paketine-giren-kedi-yuzlerce-kilometre-uzaga-uctu\/","title":{"rendered":"Kargo iade paketine giren kedi y\u00fczlerce kilometre uza\u011fa u\u00e7tu"},"content":{"rendered":"<p><\/p>\n<div>\n<p>&#13;<br \/>\n\tGaleana isimli kedi, nisan ay\u0131 ba\u015flar\u0131nda Utah&#8217;taki evinde kaybolmu\u015ftu. Endi\u015felenen sahipleri, t\u00fcm \u00e7abalar\u0131na ra\u011fmen kedilerini bulamad\u0131.<\/p>\n<p>&#13;<br \/>\n\tAradan ge\u00e7en bir hafta sonras\u0131nda bir <a href=\"https:\/\/www.trthaber.com\/etiket\/amazon\/\" target=\"_blank\" rel=\"noopener\">Amazon<\/a> \u00e7al\u0131\u015fan\u0131 kediyi California&#8217;daki bir depoda, i\u015f botu kutusunun i\u00e7inde buldu ve veterinere g\u00f6t\u00fcrd\u00fc.<\/p>\n<p>&#13;<br \/>\n\tKedinin kimli\u011fi mikro\u00e7ip arac\u0131l\u0131\u011f\u0131yla tespit edildikten sonra sahibi Carrie Clark \u00e7a\u011fr\u0131ld\u0131.<\/p>\n<p>&#13;<br \/>\n\tGaleana, s\u0131k\u0131\u015ft\u0131\u011f\u0131 kutu gev\u015fek oldu\u011fu i\u00e7in hava almay\u0131 ba\u015fard\u0131 ancak uzun s\u00fcre yemek ve su olmadan m\u00fccadele etti.<\/p>\n<p>&#13;<br \/>\n\tClark ve kocas\u0131, evcil hayvanlar\u0131yla yeniden bir araya gelmek i\u00e7in California&#8217;ya u\u00e7tu.<\/p>\n<p>&#13;<br \/>\n\tClark, &#8220;herkes evcil hayvanlar\u0131na mikro\u00e7ip takt\u0131rmal\u0131 ve kargo kutular\u0131n\u0131 \u00fc\u00e7 kez kontrol etmeli&#8221; dedi.<\/p>\n<\/p><\/div>\n","protected":false},"excerpt":{"rendered":"<p>&#13; Galeana isimli kedi, nisan ay\u0131 ba\u015flar\u0131nda Utah&#8217;taki evinde kaybolmu\u015ftu. Endi\u015felenen sahipleri, t\u00fcm \u00e7abalar\u0131na ra\u011fmen kedilerini bulamad\u0131. &#13; Aradan ge\u00e7en bir hafta sonras\u0131nda bir Amazon \u00e7al\u0131\u015fan\u0131 kediyi California&#8217;daki bir depoda, i\u015f botu kutusunun i\u00e7inde buldu ve veterinere g\u00f6t\u00fcrd\u00fc. &#13; Kedinin kimli\u011fi mikro\u00e7ip arac\u0131l\u0131\u011f\u0131yla tespit edildikten sonra sahibi Carrie Clark \u00e7a\u011fr\u0131ld\u0131. &#13; Galeana, s\u0131k\u0131\u015ft\u0131\u011f\u0131 kutu gev\u015fek [&hellip;]<\/p>\n","protected":false},"author":1,"featured_media":876,"comment_status":"open","ping_status":"open","sticky":false,"template":"","format":"standard","meta":{"jnews-multi-image_gallery":[],"jnews_single_post":[],"jnews_primary_category":[],"jnews_social_meta":[],"jnews_override_counter":[],"footnotes":""},"categories":[2],"tags":[],"class_list":["post-875","post","type-post","status-publish","format-standard","has-post-thumbnail","hentry","category-dunya"],"yoast_head":"<!-- This site is optimized with the Yoast SEO plugin v27.5 - https:\/\/yoast.com\/product\/yoast-seo-wordpress\/ -->\n<title>Kargo iade paketine giren kedi y\u00fczlerce kilometre uza\u011fa u\u00e7tu - Kuzeyin Sesi<\/title>\n<meta name=\"robots\" content=\"index, follow, max-snippet:-1, max-image-preview:large, max-video-preview:-1\" \/>\n<link rel=\"canonical\" href=\"https:\/\/kuzeyinsesi.org\/index.php\/2024\/04\/29\/kargo-iade-paketine-giren-kedi-yuzlerce-kilometre-uzaga-uctu\/\" \/>\n<meta property=\"og:locale\" content=\"tr_TR\" \/>\n<meta property=\"og:type\" content=\"article\" \/>\n<meta property=\"og:title\" content=\"Kargo iade paketine giren kedi y\u00fczlerce kilometre uza\u011fa u\u00e7tu - Kuzeyin Sesi\" \/>\n<meta property=\"og:description\" content=\"&#013; Galeana isimli kedi, nisan ay\u0131 ba\u015flar\u0131nda Utah&#8217;taki evinde kaybolmu\u015ftu. Endi\u015felenen sahipleri, t\u00fcm \u00e7abalar\u0131na ra\u011fmen kedilerini bulamad\u0131. &#013; Aradan ge\u00e7en bir hafta sonras\u0131nda bir Amazon \u00e7al\u0131\u015fan\u0131 kediyi California&#8217;daki bir depoda, i\u015f botu kutusunun i\u00e7inde buldu ve veterinere g\u00f6t\u00fcrd\u00fc. &#013; Kedinin kimli\u011fi mikro\u00e7ip arac\u0131l\u0131\u011f\u0131yla tespit edildikten sonra sahibi Carrie Clark \u00e7a\u011fr\u0131ld\u0131. &#013; Galeana, s\u0131k\u0131\u015ft\u0131\u011f\u0131 kutu gev\u015fek [&hellip;]\" \/>\n<meta property=\"og:url\" content=\"https:\/\/kuzeyinsesi.org\/index.php\/2024\/04\/29\/kargo-iade-paketine-giren-kedi-yuzlerce-kilometre-uzaga-uctu\/\" \/>\n<meta property=\"og:site_name\" content=\"Kuzeyin Sesi\" \/>\n<meta property=\"article:publisher\" content=\"https:\/\/www.facebook.com\/kuzeyinsesii\" \/>\n<meta property=\"article:published_time\" content=\"2024-04-29T08:46:06+00:00\" \/>\n<meta property=\"og:image\" content=\"https:\/\/kuzeyinsesi.org\/wp-content\/uploads\/2024\/04\/kedi-2221340.jpg\" \/>\n\t<meta property=\"og:image:width\" content=\"1280\" \/>\n\t<meta property=\"og:image:height\" content=\"720\" \/>\n\t<meta property=\"og:image:type\" content=\"image\/jpeg\" \/>\n<meta name=\"author\" content=\"Kuzeyin Sesi\" \/>\n<meta name=\"twitter:card\" content=\"summary_large_image\" \/>\n<meta name=\"twitter:creator\" content=\"@kuzeyinsesii\" \/>\n<meta name=\"twitter:site\" content=\"@kuzeyinsesii\" \/>\n<meta name=\"twitter:label1\" content=\"Yazan:\" \/>\n\t<meta name=\"twitter:data1\" content=\"Kuzeyin Sesi\" \/>\n\t<meta name=\"twitter:label2\" content=\"Tahmini okuma s\u00fcresi\" \/>\n\t<meta name=\"twitter:data2\" content=\"1 dakika\" \/>\n<script type=\"application\/ld+json\" class=\"yoast-schema-graph\">{\"@context\":\"https:\\\/\\\/schema.org\",\"@graph\":[{\"@type\":\"Article\",\"@id\":\"https:\\\/\\\/kuzeyinsesi.org\\\/index.php\\\/2024\\\/04\\\/29\\\/kargo-iade-paketine-giren-kedi-yuzlerce-kilometre-uzaga-uctu\\\/#article\",\"isPartOf\":{\"@id\":\"https:\\\/\\\/kuzeyinsesi.org\\\/index.php\\\/2024\\\/04\\\/29\\\/kargo-iade-paketine-giren-kedi-yuzlerce-kilometre-uzaga-uctu\\\/\"},\"author\":{\"name\":\"Kuzeyin Sesi\",\"@id\":\"https:\\\/\\\/kuzeyinsesi.org\\\/#\\\/schema\\\/person\\\/9f859689cdf01485597712386e37f5aa\"},\"headline\":\"Kargo iade paketine giren kedi y\u00fczlerce kilometre uza\u011fa u\u00e7tu\",\"datePublished\":\"2024-04-29T08:46:06+00:00\",\"mainEntityOfPage\":{\"@id\":\"https:\\\/\\\/kuzeyinsesi.org\\\/index.php\\\/2024\\\/04\\\/29\\\/kargo-iade-paketine-giren-kedi-yuzlerce-kilometre-uzaga-uctu\\\/\"},\"wordCount\":139,\"commentCount\":0,\"image\":{\"@id\":\"https:\\\/\\\/kuzeyinsesi.org\\\/index.php\\\/2024\\\/04\\\/29\\\/kargo-iade-paketine-giren-kedi-yuzlerce-kilometre-uzaga-uctu\\\/#primaryimage\"},\"thumbnailUrl\":\"https:\\\/\\\/kuzeyinsesi.org\\\/wp-content\\\/uploads\\\/2024\\\/04\\\/kedi-2221340.jpg\",\"articleSection\":[\"D\u00fcnya\"],\"inLanguage\":\"tr\",\"potentialAction\":[{\"@type\":\"CommentAction\",\"name\":\"Comment\",\"target\":[\"https:\\\/\\\/kuzeyinsesi.org\\\/index.php\\\/2024\\\/04\\\/29\\\/kargo-iade-paketine-giren-kedi-yuzlerce-kilometre-uzaga-uctu\\\/#respond\"]}]},{\"@type\":\"WebPage\",\"@id\":\"https:\\\/\\\/kuzeyinsesi.org\\\/index.php\\\/2024\\\/04\\\/29\\\/kargo-iade-paketine-giren-kedi-yuzlerce-kilometre-uzaga-uctu\\\/\",\"url\":\"https:\\\/\\\/kuzeyinsesi.org\\\/index.php\\\/2024\\\/04\\\/29\\\/kargo-iade-paketine-giren-kedi-yuzlerce-kilometre-uzaga-uctu\\\/\",\"name\":\"Kargo iade paketine giren kedi y\u00fczlerce kilometre uza\u011fa u\u00e7tu - Kuzeyin Sesi\",\"isPartOf\":{\"@id\":\"https:\\\/\\\/kuzeyinsesi.org\\\/#website\"},\"primaryImageOfPage\":{\"@id\":\"https:\\\/\\\/kuzeyinsesi.org\\\/index.php\\\/2024\\\/04\\\/29\\\/kargo-iade-paketine-giren-kedi-yuzlerce-kilometre-uzaga-uctu\\\/#primaryimage\"},\"image\":{\"@id\":\"https:\\\/\\\/kuzeyinsesi.org\\\/index.php\\\/2024\\\/04\\\/29\\\/kargo-iade-paketine-giren-kedi-yuzlerce-kilometre-uzaga-uctu\\\/#primaryimage\"},\"thumbnailUrl\":\"https:\\\/\\\/kuzeyinsesi.org\\\/wp-content\\\/uploads\\\/2024\\\/04\\\/kedi-2221340.jpg\",\"datePublished\":\"2024-04-29T08:46:06+00:00\",\"author\":{\"@id\":\"https:\\\/\\\/kuzeyinsesi.org\\\/#\\\/schema\\\/person\\\/9f859689cdf01485597712386e37f5aa\"},\"breadcrumb\":{\"@id\":\"https:\\\/\\\/kuzeyinsesi.org\\\/index.php\\\/2024\\\/04\\\/29\\\/kargo-iade-paketine-giren-kedi-yuzlerce-kilometre-uzaga-uctu\\\/#breadcrumb\"},\"inLanguage\":\"tr\",\"potentialAction\":[{\"@type\":\"ReadAction\",\"target\":[\"https:\\\/\\\/kuzeyinsesi.org\\\/index.php\\\/2024\\\/04\\\/29\\\/kargo-iade-paketine-giren-kedi-yuzlerce-kilometre-uzaga-uctu\\\/\"]}]},{\"@type\":\"ImageObject\",\"inLanguage\":\"tr\",\"@id\":\"https:\\\/\\\/kuzeyinsesi.org\\\/index.php\\\/2024\\\/04\\\/29\\\/kargo-iade-paketine-giren-kedi-yuzlerce-kilometre-uzaga-uctu\\\/#primaryimage\",\"url\":\"https:\\\/\\\/kuzeyinsesi.org\\\/wp-content\\\/uploads\\\/2024\\\/04\\\/kedi-2221340.jpg\",\"contentUrl\":\"https:\\\/\\\/kuzeyinsesi.org\\\/wp-content\\\/uploads\\\/2024\\\/04\\\/kedi-2221340.jpg\",\"width\":1280,\"height\":720},{\"@type\":\"BreadcrumbList\",\"@id\":\"https:\\\/\\\/kuzeyinsesi.org\\\/index.php\\\/2024\\\/04\\\/29\\\/kargo-iade-paketine-giren-kedi-yuzlerce-kilometre-uzaga-uctu\\\/#breadcrumb\",\"itemListElement\":[{\"@type\":\"ListItem\",\"position\":1,\"name\":\"Anasayfa\",\"item\":\"https:\\\/\\\/kuzeyinsesi.org\\\/\"},{\"@type\":\"ListItem\",\"position\":2,\"name\":\"Kargo iade paketine giren kedi y\u00fczlerce kilometre uza\u011fa u\u00e7tu\"}]},{\"@type\":\"WebSite\",\"@id\":\"https:\\\/\\\/kuzeyinsesi.org\\\/#website\",\"url\":\"https:\\\/\\\/kuzeyinsesi.org\\\/\",\"name\":\"Kuzeyin Sesi\",\"description\":\"Do\u011fru Haberin Adresi\",\"potentialAction\":[{\"@type\":\"SearchAction\",\"target\":{\"@type\":\"EntryPoint\",\"urlTemplate\":\"https:\\\/\\\/kuzeyinsesi.org\\\/?s={search_term_string}\"},\"query-input\":{\"@type\":\"PropertyValueSpecification\",\"valueRequired\":true,\"valueName\":\"search_term_string\"}}],\"inLanguage\":\"tr\"},{\"@type\":\"Person\",\"@id\":\"https:\\\/\\\/kuzeyinsesi.org\\\/#\\\/schema\\\/person\\\/9f859689cdf01485597712386e37f5aa\",\"name\":\"Kuzeyin Sesi\",\"image\":{\"@type\":\"ImageObject\",\"inLanguage\":\"tr\",\"@id\":\"https:\\\/\\\/secure.gravatar.com\\\/avatar\\\/bab33852abfd8b282518d6ed81826833d77c3c882d9ab608add591ccace47a44?s=96&d=mm&r=g\",\"url\":\"https:\\\/\\\/secure.gravatar.com\\\/avatar\\\/bab33852abfd8b282518d6ed81826833d77c3c882d9ab608add591ccace47a44?s=96&d=mm&r=g\",\"contentUrl\":\"https:\\\/\\\/secure.gravatar.com\\\/avatar\\\/bab33852abfd8b282518d6ed81826833d77c3c882d9ab608add591ccace47a44?s=96&d=mm&r=g\",\"caption\":\"Kuzeyin Sesi\"},\"sameAs\":[\"https:\\\/\\\/kuzeyinsesi.org\"],\"url\":\"https:\\\/\\\/kuzeyinsesi.org\\\/index.php\\\/author\\\/guven\\\/\"}]}<\/script>\n<!-- \/ Yoast SEO plugin. -->","yoast_head_json":{"title":"Kargo iade paketine giren kedi y\u00fczlerce kilometre uza\u011fa u\u00e7tu - Kuzeyin Sesi","robots":{"index":"index","follow":"follow","max-snippet":"max-snippet:-1","max-image-preview":"max-image-preview:large","max-video-preview":"max-video-preview:-1"},"canonical":"https:\/\/kuzeyinsesi.org\/index.php\/2024\/04\/29\/kargo-iade-paketine-giren-kedi-yuzlerce-kilometre-uzaga-uctu\/","og_locale":"tr_TR","og_type":"article","og_title":"Kargo iade paketine giren kedi y\u00fczlerce kilometre uza\u011fa u\u00e7tu - Kuzeyin Sesi","og_description":"&#13; Galeana isimli kedi, nisan ay\u0131 ba\u015flar\u0131nda Utah&#8217;taki evinde kaybolmu\u015ftu. Endi\u015felenen sahipleri, t\u00fcm \u00e7abalar\u0131na ra\u011fmen kedilerini bulamad\u0131. &#13; Aradan ge\u00e7en bir hafta sonras\u0131nda bir Amazon \u00e7al\u0131\u015fan\u0131 kediyi California&#8217;daki bir depoda, i\u015f botu kutusunun i\u00e7inde buldu ve veterinere g\u00f6t\u00fcrd\u00fc. &#13; Kedinin kimli\u011fi mikro\u00e7ip arac\u0131l\u0131\u011f\u0131yla tespit edildikten sonra sahibi Carrie Clark \u00e7a\u011fr\u0131ld\u0131. &#13; Galeana, s\u0131k\u0131\u015ft\u0131\u011f\u0131 kutu gev\u015fek [&hellip;]","og_url":"https:\/\/kuzeyinsesi.org\/index.php\/2024\/04\/29\/kargo-iade-paketine-giren-kedi-yuzlerce-kilometre-uzaga-uctu\/","og_site_name":"Kuzeyin Sesi","article_publisher":"https:\/\/www.facebook.com\/kuzeyinsesii","article_published_time":"2024-04-29T08:46:06+00:00","og_image":[{"width":1280,"height":720,"url":"https:\/\/kuzeyinsesi.org\/wp-content\/uploads\/2024\/04\/kedi-2221340.jpg","type":"image\/jpeg"}],"author":"Kuzeyin Sesi","twitter_card":"summary_large_image","twitter_creator":"@kuzeyinsesii","twitter_site":"@kuzeyinsesii","twitter_misc":{"Yazan:":"Kuzeyin Sesi","Tahmini okuma s\u00fcresi":"1 dakika"},"schema":{"@context":"https:\/\/schema.org","@graph":[{"@type":"Article","@id":"https:\/\/kuzeyinsesi.org\/index.php\/2024\/04\/29\/kargo-iade-paketine-giren-kedi-yuzlerce-kilometre-uzaga-uctu\/#article","isPartOf":{"@id":"https:\/\/kuzeyinsesi.org\/index.php\/2024\/04\/29\/kargo-iade-paketine-giren-kedi-yuzlerce-kilometre-uzaga-uctu\/"},"author":{"name":"Kuzeyin Sesi","@id":"https:\/\/kuzeyinsesi.org\/#\/schema\/person\/9f859689cdf01485597712386e37f5aa"},"headline":"Kargo iade paketine giren kedi y\u00fczlerce kilometre uza\u011fa u\u00e7tu","datePublished":"2024-04-29T08:46:06+00:00","mainEntityOfPage":{"@id":"https:\/\/kuzeyinsesi.org\/index.php\/2024\/04\/29\/kargo-iade-paketine-giren-kedi-yuzlerce-kilometre-uzaga-uctu\/"},"wordCount":139,"commentCount":0,"image":{"@id":"https:\/\/kuzeyinsesi.org\/index.php\/2024\/04\/29\/kargo-iade-paketine-giren-kedi-yuzlerce-kilometre-uzaga-uctu\/#primaryimage"},"thumbnailUrl":"https:\/\/kuzeyinsesi.org\/wp-content\/uploads\/2024\/04\/kedi-2221340.jpg","articleSection":["D\u00fcnya"],"inLanguage":"tr","potentialAction":[{"@type":"CommentAction","name":"Comment","target":["https:\/\/kuzeyinsesi.org\/index.php\/2024\/04\/29\/kargo-iade-paketine-giren-kedi-yuzlerce-kilometre-uzaga-uctu\/#respond"]}]},{"@type":"WebPage","@id":"https:\/\/kuzeyinsesi.org\/index.php\/2024\/04\/29\/kargo-iade-paketine-giren-kedi-yuzlerce-kilometre-uzaga-uctu\/","url":"https:\/\/kuzeyinsesi.org\/index.php\/2024\/04\/29\/kargo-iade-paketine-giren-kedi-yuzlerce-kilometre-uzaga-uctu\/","name":"Kargo iade paketine giren kedi y\u00fczlerce kilometre uza\u011fa u\u00e7tu - Kuzeyin Sesi","isPartOf":{"@id":"https:\/\/kuzeyinsesi.org\/#website"},"primaryImageOfPage":{"@id":"https:\/\/kuzeyinsesi.org\/index.php\/2024\/04\/29\/kargo-iade-paketine-giren-kedi-yuzlerce-kilometre-uzaga-uctu\/#primaryimage"},"image":{"@id":"https:\/\/kuzeyinsesi.org\/index.php\/2024\/04\/29\/kargo-iade-paketine-giren-kedi-yuzlerce-kilometre-uzaga-uctu\/#primaryimage"},"thumbnailUrl":"https:\/\/kuzeyinsesi.org\/wp-content\/uploads\/2024\/04\/kedi-2221340.jpg","datePublished":"2024-04-29T08:46:06+00:00","author":{"@id":"https:\/\/kuzeyinsesi.org\/#\/schema\/person\/9f859689cdf01485597712386e37f5aa"},"breadcrumb":{"@id":"https:\/\/kuzeyinsesi.org\/index.php\/2024\/04\/29\/kargo-iade-paketine-giren-kedi-yuzlerce-kilometre-uzaga-uctu\/#breadcrumb"},"inLanguage":"tr","potentialAction":[{"@type":"ReadAction","target":["https:\/\/kuzeyinsesi.org\/index.php\/2024\/04\/29\/kargo-iade-paketine-giren-kedi-yuzlerce-kilometre-uzaga-uctu\/"]}]},{"@type":"ImageObject","inLanguage":"tr","@id":"https:\/\/kuzeyinsesi.org\/index.php\/2024\/04\/29\/kargo-iade-paketine-giren-kedi-yuzlerce-kilometre-uzaga-uctu\/#primaryimage","url":"https:\/\/kuzeyinsesi.org\/wp-content\/uploads\/2024\/04\/kedi-2221340.jpg","contentUrl":"https:\/\/kuzeyinsesi.org\/wp-content\/uploads\/2024\/04\/kedi-2221340.jpg","width":1280,"height":720},{"@type":"BreadcrumbList","@id":"https:\/\/kuzeyinsesi.org\/index.php\/2024\/04\/29\/kargo-iade-paketine-giren-kedi-yuzlerce-kilometre-uzaga-uctu\/#breadcrumb","itemListElement":[{"@type":"ListItem","position":1,"name":"Anasayfa","item":"https:\/\/kuzeyinsesi.org\/"},{"@type":"ListItem","position":2,"name":"Kargo iade paketine giren kedi y\u00fczlerce kilometre uza\u011fa u\u00e7tu"}]},{"@type":"WebSite","@id":"https:\/\/kuzeyinsesi.org\/#website","url":"https:\/\/kuzeyinsesi.org\/","name":"Kuzeyin Sesi","description":"Do\u011fru Haberin Adresi","potentialAction":[{"@type":"SearchAction","target":{"@type":"EntryPoint","urlTemplate":"https:\/\/kuzeyinsesi.org\/?s={search_term_string}"},"query-input":{"@type":"PropertyValueSpecification","valueRequired":true,"valueName":"search_term_string"}}],"inLanguage":"tr"},{"@type":"Person","@id":"https:\/\/kuzeyinsesi.org\/#\/schema\/person\/9f859689cdf01485597712386e37f5aa","name":"Kuzeyin Sesi","image":{"@type":"ImageObject","inLanguage":"tr","@id":"https:\/\/secure.gravatar.com\/avatar\/bab33852abfd8b282518d6ed81826833d77c3c882d9ab608add591ccace47a44?s=96&d=mm&r=g","url":"https:\/\/secure.gravatar.com\/avatar\/bab33852abfd8b282518d6ed81826833d77c3c882d9ab608add591ccace47a44?s=96&d=mm&r=g","contentUrl":"https:\/\/secure.gravatar.com\/avatar\/bab33852abfd8b282518d6ed81826833d77c3c882d9ab608add591ccace47a44?s=96&d=mm&r=g","caption":"Kuzeyin Sesi"},"sameAs":["https:\/\/kuzeyinsesi.org"],"url":"https:\/\/kuzeyinsesi.org\/index.php\/author\/guven\/"}]}},"_links":{"self":[{"href":"https:\/\/kuzeyinsesi.org\/index.php\/wp-json\/wp\/v2\/posts\/875","targetHints":{"allow":["GET"]}}],"collection":[{"href":"https:\/\/kuzeyinsesi.org\/index.php\/wp-json\/wp\/v2\/posts"}],"about":[{"href":"https:\/\/kuzeyinsesi.org\/index.php\/wp-json\/wp\/v2\/types\/post"}],"author":[{"embeddable":true,"href":"https:\/\/kuzeyinsesi.org\/index.php\/wp-json\/wp\/v2\/users\/1"}],"replies":[{"embeddable":true,"href":"https:\/\/kuzeyinsesi.org\/index.php\/wp-json\/wp\/v2\/comments?post=875"}],"version-history":[{"count":0,"href":"https:\/\/kuzeyinsesi.org\/index.php\/wp-json\/wp\/v2\/posts\/875\/revisions"}],"wp:featuredmedia":[{"embeddable":true,"href":"https:\/\/kuzeyinsesi.org\/index.php\/wp-json\/wp\/v2\/media\/876"}],"wp:attachment":[{"href":"https:\/\/kuzeyinsesi.org\/index.php\/wp-json\/wp\/v2\/media?parent=875"}],"wp:term":[{"taxonomy":"category","embeddable":true,"href":"https:\/\/kuzeyinsesi.org\/index.php\/wp-json\/wp\/v2\/categories?post=875"},{"taxonomy":"post_tag","embeddable":true,"href":"https:\/\/kuzeyinsesi.org\/index.php\/wp-json\/wp\/v2\/tags?post=875"}],"curies":[{"name":"wp","href":"https:\/\/api.w.org\/{rel}","templated":true}]}}