{"id":8726,"date":"2024-08-28T17:04:21","date_gmt":"2024-08-28T14:04:21","guid":{"rendered":"https:\/\/kuzeyinsesi.org\/index.php\/2024\/08\/28\/14-uluslararasi-lefkosa-halk-danslari-festivali-kibris-gecesi-etkinligiyle-basladi\/"},"modified":"2024-08-28T17:04:21","modified_gmt":"2024-08-28T14:04:21","slug":"14-uluslararasi-lefkosa-halk-danslari-festivali-kibris-gecesi-etkinligiyle-basladi","status":"publish","type":"post","link":"https:\/\/kuzeyinsesi.org\/index.php\/2024\/08\/28\/14-uluslararasi-lefkosa-halk-danslari-festivali-kibris-gecesi-etkinligiyle-basladi\/","title":{"rendered":"14. Uluslararas\u0131 Lefko\u015fa Halk Danslar\u0131 Festivali, K\u0131br\u0131s Gecesi etkinli\u011fiyle ba\u015flad\u0131"},"content":{"rendered":"<div>\n<div class=\"mariselle-image-container center\">\n                                            <\/div>\n<p>Ba\u015fbakan Yard\u0131mc\u0131l\u0131\u011f\u0131, Turizm, K\u00fclt\u00fcr, Gen\u00e7lik ve \u00c7evre Bakanl\u0131\u011f\u0131\u2019n\u0131n katk\u0131lar\u0131 ile Lefko\u015fa T\u00fcrk Belediyesi (LTB) himayelerinde organize edilen 4. Uluslararas\u0131 Lefko\u015fa Halk Danslar\u0131 Festivali d\u00fcn ak\u015fam Dernekler Soka\u011f\u0131\u2019nda d\u00fczenlenen K\u0131br\u0131s Gecesi etkinli\u011fi ile ba\u015flad\u0131. <\/p>\n<p>Ba\u015fbakan Yard\u0131mc\u0131l\u0131\u011f\u0131 Turizm K\u00fclt\u00fcr Gen\u00e7lik ve \u00c7evre Bakan\u0131\u2019n\u0131 temsilen etkinlikte haz\u0131r bulunan K\u00fclt\u00fcr Dairesi M\u00fcd\u00fcr\u00fc \u015eirin Zafery\u0131ld\u0131z\u0131 Zaima\u011fao\u011flu\u2019nun a\u00e7\u0131\u015f konu\u015fmas\u0131 ile ba\u015flayan etkinlikte CTP Genel Ba\u015fkan\u0131 ve Milletvekili Tufan Erh\u00fcrman ile K\u0131br\u0131s T\u00fcrk Halk Danslar\u0131 Federasyonu Ba\u015fkan\u0131 \u00d6zlem Kadira\u011fa ile halk danslar\u0131 dernek ba\u015fkanlar\u0131 da haz\u0131r bulundu.<\/p>\n<p>Bakanl\u0131ktan verilen bilgiye g\u00f6re, TUFAD, FOGEM, FOLKDER, Gen\u00e7lik Merkezi Birli\u011fi ve HASDER ekipleri i\u015fbirli\u011finde organize edilen 4. Uluslararas\u0131 Lefko\u015fa Halk Danslar\u0131 Festivali, Ba\u015fbakan Yard\u0131mc\u0131l\u0131\u011f\u0131, Turizm, K\u00fclt\u00fcr, Gen\u00e7lik ve \u00c7evre Bakanl\u0131\u011f\u0131\u2019n\u0131n katk\u0131lar\u0131 ile Lefko\u015fa T\u00fcrk Belediyesi (LTB) himayelerinde d\u00fczenleniyor. K\u0131z\u0131lba\u015f Park\u0131\u2019nda Cuma Ma\u011fusal\u0131 Amfi Alan\u0131\u2019nda 1 Eyl\u00fcl\u2019e kadar devam edecek festivale alt\u0131 \u00fclkeden dans ekipleri de kat\u0131lacak.<\/p>\n<p>Festival s\u00fcresince misafir \u00fclkeler Bulgaristan, \u0130talya-Sicilya, Makedonya, Meksika, Romanya ve T\u00fcrkiye\u2019den gelen halk danslar\u0131 ekipleri ile festivali organize eden TUFAD, FOGEM, FOLKDER, Gen\u00e7lik Merkezi Birli\u011fi ve HASDER ekipleri performanslar\u0131n\u0131 sergileyecekler.<\/p>\n<\/p><\/div>\n<p><script async\n                    defer\n                    crossorigin=\"anonymous\"\n                    src=\"https:\/\/connect.facebook.net\/tr_TR\/sdk.js#xfbml=1&#038;version=v3.3\"\n            ><\/script><\/p>\n","protected":false},"excerpt":{"rendered":"<p>Ba\u015fbakan Yard\u0131mc\u0131l\u0131\u011f\u0131, Turizm, K\u00fclt\u00fcr, Gen\u00e7lik ve \u00c7evre Bakanl\u0131\u011f\u0131\u2019n\u0131n katk\u0131lar\u0131 ile Lefko\u015fa T\u00fcrk Belediyesi (LTB) himayelerinde organize edilen 4. Uluslararas\u0131 Lefko\u015fa Halk Danslar\u0131 Festivali d\u00fcn ak\u015fam Dernekler Soka\u011f\u0131\u2019nda d\u00fczenlenen K\u0131br\u0131s Gecesi etkinli\u011fi ile ba\u015flad\u0131. Ba\u015fbakan Yard\u0131mc\u0131l\u0131\u011f\u0131 Turizm K\u00fclt\u00fcr Gen\u00e7lik ve \u00c7evre Bakan\u0131\u2019n\u0131 temsilen etkinlikte haz\u0131r bulunan K\u00fclt\u00fcr Dairesi M\u00fcd\u00fcr\u00fc \u015eirin Zafery\u0131ld\u0131z\u0131 Zaima\u011fao\u011flu\u2019nun a\u00e7\u0131\u015f konu\u015fmas\u0131 ile ba\u015flayan [&hellip;]<\/p>\n","protected":false},"author":1,"featured_media":8727,"comment_status":"open","ping_status":"open","sticky":false,"template":"","format":"standard","meta":{"jnews-multi-image_gallery":[],"jnews_single_post":[],"jnews_primary_category":[],"jnews_social_meta":[],"jnews_override_counter":[],"footnotes":""},"categories":[6],"tags":[],"class_list":["post-8726","post","type-post","status-publish","format-standard","has-post-thumbnail","hentry","category-yasam"],"yoast_head":"<!-- This site is optimized with the Yoast SEO plugin v27.5 - https:\/\/yoast.com\/product\/yoast-seo-wordpress\/ -->\n<title>14. Uluslararas\u0131 Lefko\u015fa Halk Danslar\u0131 Festivali, K\u0131br\u0131s Gecesi etkinli\u011fiyle ba\u015flad\u0131 - Kuzeyin Sesi<\/title>\n<meta name=\"robots\" content=\"index, follow, max-snippet:-1, max-image-preview:large, max-video-preview:-1\" \/>\n<link rel=\"canonical\" href=\"https:\/\/kuzeyinsesi.org\/index.php\/2024\/08\/28\/14-uluslararasi-lefkosa-halk-danslari-festivali-kibris-gecesi-etkinligiyle-basladi\/\" \/>\n<meta property=\"og:locale\" content=\"tr_TR\" \/>\n<meta property=\"og:type\" content=\"article\" \/>\n<meta property=\"og:title\" content=\"14. Uluslararas\u0131 Lefko\u015fa Halk Danslar\u0131 Festivali, K\u0131br\u0131s Gecesi etkinli\u011fiyle ba\u015flad\u0131 - Kuzeyin Sesi\" \/>\n<meta property=\"og:description\" content=\"Ba\u015fbakan Yard\u0131mc\u0131l\u0131\u011f\u0131, Turizm, K\u00fclt\u00fcr, Gen\u00e7lik ve \u00c7evre Bakanl\u0131\u011f\u0131\u2019n\u0131n katk\u0131lar\u0131 ile Lefko\u015fa T\u00fcrk Belediyesi (LTB) himayelerinde organize edilen 4. Uluslararas\u0131 Lefko\u015fa Halk Danslar\u0131 Festivali d\u00fcn ak\u015fam Dernekler Soka\u011f\u0131\u2019nda d\u00fczenlenen K\u0131br\u0131s Gecesi etkinli\u011fi ile ba\u015flad\u0131. Ba\u015fbakan Yard\u0131mc\u0131l\u0131\u011f\u0131 Turizm K\u00fclt\u00fcr Gen\u00e7lik ve \u00c7evre Bakan\u0131\u2019n\u0131 temsilen etkinlikte haz\u0131r bulunan K\u00fclt\u00fcr Dairesi M\u00fcd\u00fcr\u00fc \u015eirin Zafery\u0131ld\u0131z\u0131 Zaima\u011fao\u011flu\u2019nun a\u00e7\u0131\u015f konu\u015fmas\u0131 ile ba\u015flayan [&hellip;]\" \/>\n<meta property=\"og:url\" content=\"https:\/\/kuzeyinsesi.org\/index.php\/2024\/08\/28\/14-uluslararasi-lefkosa-halk-danslari-festivali-kibris-gecesi-etkinligiyle-basladi\/\" \/>\n<meta property=\"og:site_name\" content=\"Kuzeyin Sesi\" \/>\n<meta property=\"article:publisher\" content=\"https:\/\/www.facebook.com\/kuzeyinsesii\" \/>\n<meta property=\"article:published_time\" content=\"2024-08-28T14:04:21+00:00\" \/>\n<meta property=\"og:image\" content=\"https:\/\/brtk.net\/wp-content\/uploads\/2024\/08\/28\/halk-danslari-festivali.jpg?ver=c05146debe08c439d65c2baff1a6198a\" \/>\n<meta name=\"author\" content=\"Kuzeyin Sesi\" \/>\n<meta name=\"twitter:card\" content=\"summary_large_image\" \/>\n<meta name=\"twitter:creator\" content=\"@kuzeyinsesii\" \/>\n<meta name=\"twitter:site\" content=\"@kuzeyinsesii\" \/>\n<meta name=\"twitter:label1\" content=\"Yazan:\" \/>\n\t<meta name=\"twitter:data1\" content=\"Kuzeyin Sesi\" \/>\n\t<meta name=\"twitter:label2\" content=\"Tahmini okuma s\u00fcresi\" \/>\n\t<meta name=\"twitter:data2\" content=\"1 dakika\" \/>\n<script type=\"application\/ld+json\" class=\"yoast-schema-graph\">{\"@context\":\"https:\\\/\\\/schema.org\",\"@graph\":[{\"@type\":\"Article\",\"@id\":\"https:\\\/\\\/kuzeyinsesi.org\\\/index.php\\\/2024\\\/08\\\/28\\\/14-uluslararasi-lefkosa-halk-danslari-festivali-kibris-gecesi-etkinligiyle-basladi\\\/#article\",\"isPartOf\":{\"@id\":\"https:\\\/\\\/kuzeyinsesi.org\\\/index.php\\\/2024\\\/08\\\/28\\\/14-uluslararasi-lefkosa-halk-danslari-festivali-kibris-gecesi-etkinligiyle-basladi\\\/\"},\"author\":{\"name\":\"Kuzeyin Sesi\",\"@id\":\"https:\\\/\\\/kuzeyinsesi.org\\\/#\\\/schema\\\/person\\\/9f859689cdf01485597712386e37f5aa\"},\"headline\":\"14. Uluslararas\u0131 Lefko\u015fa Halk Danslar\u0131 Festivali, K\u0131br\u0131s Gecesi etkinli\u011fiyle ba\u015flad\u0131\",\"datePublished\":\"2024-08-28T14:04:21+00:00\",\"mainEntityOfPage\":{\"@id\":\"https:\\\/\\\/kuzeyinsesi.org\\\/index.php\\\/2024\\\/08\\\/28\\\/14-uluslararasi-lefkosa-halk-danslari-festivali-kibris-gecesi-etkinligiyle-basladi\\\/\"},\"wordCount\":258,\"commentCount\":0,\"image\":{\"@id\":\"https:\\\/\\\/kuzeyinsesi.org\\\/index.php\\\/2024\\\/08\\\/28\\\/14-uluslararasi-lefkosa-halk-danslari-festivali-kibris-gecesi-etkinligiyle-basladi\\\/#primaryimage\"},\"thumbnailUrl\":\"https:\\\/\\\/kuzeyinsesi.org\\\/wp-content\\\/uploads\\\/2024\\\/08\\\/halk-danslari-festivali.jpg\",\"articleSection\":[\"Ya\u015fam\"],\"inLanguage\":\"tr\",\"potentialAction\":[{\"@type\":\"CommentAction\",\"name\":\"Comment\",\"target\":[\"https:\\\/\\\/kuzeyinsesi.org\\\/index.php\\\/2024\\\/08\\\/28\\\/14-uluslararasi-lefkosa-halk-danslari-festivali-kibris-gecesi-etkinligiyle-basladi\\\/#respond\"]}]},{\"@type\":\"WebPage\",\"@id\":\"https:\\\/\\\/kuzeyinsesi.org\\\/index.php\\\/2024\\\/08\\\/28\\\/14-uluslararasi-lefkosa-halk-danslari-festivali-kibris-gecesi-etkinligiyle-basladi\\\/\",\"url\":\"https:\\\/\\\/kuzeyinsesi.org\\\/index.php\\\/2024\\\/08\\\/28\\\/14-uluslararasi-lefkosa-halk-danslari-festivali-kibris-gecesi-etkinligiyle-basladi\\\/\",\"name\":\"14. Uluslararas\u0131 Lefko\u015fa Halk Danslar\u0131 Festivali, K\u0131br\u0131s Gecesi etkinli\u011fiyle ba\u015flad\u0131 - Kuzeyin Sesi\",\"isPartOf\":{\"@id\":\"https:\\\/\\\/kuzeyinsesi.org\\\/#website\"},\"primaryImageOfPage\":{\"@id\":\"https:\\\/\\\/kuzeyinsesi.org\\\/index.php\\\/2024\\\/08\\\/28\\\/14-uluslararasi-lefkosa-halk-danslari-festivali-kibris-gecesi-etkinligiyle-basladi\\\/#primaryimage\"},\"image\":{\"@id\":\"https:\\\/\\\/kuzeyinsesi.org\\\/index.php\\\/2024\\\/08\\\/28\\\/14-uluslararasi-lefkosa-halk-danslari-festivali-kibris-gecesi-etkinligiyle-basladi\\\/#primaryimage\"},\"thumbnailUrl\":\"https:\\\/\\\/kuzeyinsesi.org\\\/wp-content\\\/uploads\\\/2024\\\/08\\\/halk-danslari-festivali.jpg\",\"datePublished\":\"2024-08-28T14:04:21+00:00\",\"author\":{\"@id\":\"https:\\\/\\\/kuzeyinsesi.org\\\/#\\\/schema\\\/person\\\/9f859689cdf01485597712386e37f5aa\"},\"breadcrumb\":{\"@id\":\"https:\\\/\\\/kuzeyinsesi.org\\\/index.php\\\/2024\\\/08\\\/28\\\/14-uluslararasi-lefkosa-halk-danslari-festivali-kibris-gecesi-etkinligiyle-basladi\\\/#breadcrumb\"},\"inLanguage\":\"tr\",\"potentialAction\":[{\"@type\":\"ReadAction\",\"target\":[\"https:\\\/\\\/kuzeyinsesi.org\\\/index.php\\\/2024\\\/08\\\/28\\\/14-uluslararasi-lefkosa-halk-danslari-festivali-kibris-gecesi-etkinligiyle-basladi\\\/\"]}]},{\"@type\":\"ImageObject\",\"inLanguage\":\"tr\",\"@id\":\"https:\\\/\\\/kuzeyinsesi.org\\\/index.php\\\/2024\\\/08\\\/28\\\/14-uluslararasi-lefkosa-halk-danslari-festivali-kibris-gecesi-etkinligiyle-basladi\\\/#primaryimage\",\"url\":\"https:\\\/\\\/kuzeyinsesi.org\\\/wp-content\\\/uploads\\\/2024\\\/08\\\/halk-danslari-festivali.jpg\",\"contentUrl\":\"https:\\\/\\\/kuzeyinsesi.org\\\/wp-content\\\/uploads\\\/2024\\\/08\\\/halk-danslari-festivali.jpg\",\"width\":1600,\"height\":739},{\"@type\":\"BreadcrumbList\",\"@id\":\"https:\\\/\\\/kuzeyinsesi.org\\\/index.php\\\/2024\\\/08\\\/28\\\/14-uluslararasi-lefkosa-halk-danslari-festivali-kibris-gecesi-etkinligiyle-basladi\\\/#breadcrumb\",\"itemListElement\":[{\"@type\":\"ListItem\",\"position\":1,\"name\":\"Anasayfa\",\"item\":\"https:\\\/\\\/kuzeyinsesi.org\\\/\"},{\"@type\":\"ListItem\",\"position\":2,\"name\":\"14. Uluslararas\u0131 Lefko\u015fa Halk Danslar\u0131 Festivali, K\u0131br\u0131s Gecesi etkinli\u011fiyle ba\u015flad\u0131\"}]},{\"@type\":\"WebSite\",\"@id\":\"https:\\\/\\\/kuzeyinsesi.org\\\/#website\",\"url\":\"https:\\\/\\\/kuzeyinsesi.org\\\/\",\"name\":\"Kuzeyin Sesi\",\"description\":\"Do\u011fru Haberin Adresi\",\"potentialAction\":[{\"@type\":\"SearchAction\",\"target\":{\"@type\":\"EntryPoint\",\"urlTemplate\":\"https:\\\/\\\/kuzeyinsesi.org\\\/?s={search_term_string}\"},\"query-input\":{\"@type\":\"PropertyValueSpecification\",\"valueRequired\":true,\"valueName\":\"search_term_string\"}}],\"inLanguage\":\"tr\"},{\"@type\":\"Person\",\"@id\":\"https:\\\/\\\/kuzeyinsesi.org\\\/#\\\/schema\\\/person\\\/9f859689cdf01485597712386e37f5aa\",\"name\":\"Kuzeyin Sesi\",\"image\":{\"@type\":\"ImageObject\",\"inLanguage\":\"tr\",\"@id\":\"https:\\\/\\\/secure.gravatar.com\\\/avatar\\\/bab33852abfd8b282518d6ed81826833d77c3c882d9ab608add591ccace47a44?s=96&d=mm&r=g\",\"url\":\"https:\\\/\\\/secure.gravatar.com\\\/avatar\\\/bab33852abfd8b282518d6ed81826833d77c3c882d9ab608add591ccace47a44?s=96&d=mm&r=g\",\"contentUrl\":\"https:\\\/\\\/secure.gravatar.com\\\/avatar\\\/bab33852abfd8b282518d6ed81826833d77c3c882d9ab608add591ccace47a44?s=96&d=mm&r=g\",\"caption\":\"Kuzeyin Sesi\"},\"sameAs\":[\"https:\\\/\\\/kuzeyinsesi.org\"],\"url\":\"https:\\\/\\\/kuzeyinsesi.org\\\/index.php\\\/author\\\/guven\\\/\"}]}<\/script>\n<!-- \/ Yoast SEO plugin. -->","yoast_head_json":{"title":"14. Uluslararas\u0131 Lefko\u015fa Halk Danslar\u0131 Festivali, K\u0131br\u0131s Gecesi etkinli\u011fiyle ba\u015flad\u0131 - Kuzeyin Sesi","robots":{"index":"index","follow":"follow","max-snippet":"max-snippet:-1","max-image-preview":"max-image-preview:large","max-video-preview":"max-video-preview:-1"},"canonical":"https:\/\/kuzeyinsesi.org\/index.php\/2024\/08\/28\/14-uluslararasi-lefkosa-halk-danslari-festivali-kibris-gecesi-etkinligiyle-basladi\/","og_locale":"tr_TR","og_type":"article","og_title":"14. Uluslararas\u0131 Lefko\u015fa Halk Danslar\u0131 Festivali, K\u0131br\u0131s Gecesi etkinli\u011fiyle ba\u015flad\u0131 - Kuzeyin Sesi","og_description":"Ba\u015fbakan Yard\u0131mc\u0131l\u0131\u011f\u0131, Turizm, K\u00fclt\u00fcr, Gen\u00e7lik ve \u00c7evre Bakanl\u0131\u011f\u0131\u2019n\u0131n katk\u0131lar\u0131 ile Lefko\u015fa T\u00fcrk Belediyesi (LTB) himayelerinde organize edilen 4. Uluslararas\u0131 Lefko\u015fa Halk Danslar\u0131 Festivali d\u00fcn ak\u015fam Dernekler Soka\u011f\u0131\u2019nda d\u00fczenlenen K\u0131br\u0131s Gecesi etkinli\u011fi ile ba\u015flad\u0131. Ba\u015fbakan Yard\u0131mc\u0131l\u0131\u011f\u0131 Turizm K\u00fclt\u00fcr Gen\u00e7lik ve \u00c7evre Bakan\u0131\u2019n\u0131 temsilen etkinlikte haz\u0131r bulunan K\u00fclt\u00fcr Dairesi M\u00fcd\u00fcr\u00fc \u015eirin Zafery\u0131ld\u0131z\u0131 Zaima\u011fao\u011flu\u2019nun a\u00e7\u0131\u015f konu\u015fmas\u0131 ile ba\u015flayan [&hellip;]","og_url":"https:\/\/kuzeyinsesi.org\/index.php\/2024\/08\/28\/14-uluslararasi-lefkosa-halk-danslari-festivali-kibris-gecesi-etkinligiyle-basladi\/","og_site_name":"Kuzeyin Sesi","article_publisher":"https:\/\/www.facebook.com\/kuzeyinsesii","article_published_time":"2024-08-28T14:04:21+00:00","og_image":[{"url":"https:\/\/brtk.net\/wp-content\/uploads\/2024\/08\/28\/halk-danslari-festivali.jpg?ver=c05146debe08c439d65c2baff1a6198a","type":"","width":"","height":""}],"author":"Kuzeyin Sesi","twitter_card":"summary_large_image","twitter_creator":"@kuzeyinsesii","twitter_site":"@kuzeyinsesii","twitter_misc":{"Yazan:":"Kuzeyin Sesi","Tahmini okuma s\u00fcresi":"1 dakika"},"schema":{"@context":"https:\/\/schema.org","@graph":[{"@type":"Article","@id":"https:\/\/kuzeyinsesi.org\/index.php\/2024\/08\/28\/14-uluslararasi-lefkosa-halk-danslari-festivali-kibris-gecesi-etkinligiyle-basladi\/#article","isPartOf":{"@id":"https:\/\/kuzeyinsesi.org\/index.php\/2024\/08\/28\/14-uluslararasi-lefkosa-halk-danslari-festivali-kibris-gecesi-etkinligiyle-basladi\/"},"author":{"name":"Kuzeyin Sesi","@id":"https:\/\/kuzeyinsesi.org\/#\/schema\/person\/9f859689cdf01485597712386e37f5aa"},"headline":"14. Uluslararas\u0131 Lefko\u015fa Halk Danslar\u0131 Festivali, K\u0131br\u0131s Gecesi etkinli\u011fiyle ba\u015flad\u0131","datePublished":"2024-08-28T14:04:21+00:00","mainEntityOfPage":{"@id":"https:\/\/kuzeyinsesi.org\/index.php\/2024\/08\/28\/14-uluslararasi-lefkosa-halk-danslari-festivali-kibris-gecesi-etkinligiyle-basladi\/"},"wordCount":258,"commentCount":0,"image":{"@id":"https:\/\/kuzeyinsesi.org\/index.php\/2024\/08\/28\/14-uluslararasi-lefkosa-halk-danslari-festivali-kibris-gecesi-etkinligiyle-basladi\/#primaryimage"},"thumbnailUrl":"https:\/\/kuzeyinsesi.org\/wp-content\/uploads\/2024\/08\/halk-danslari-festivali.jpg","articleSection":["Ya\u015fam"],"inLanguage":"tr","potentialAction":[{"@type":"CommentAction","name":"Comment","target":["https:\/\/kuzeyinsesi.org\/index.php\/2024\/08\/28\/14-uluslararasi-lefkosa-halk-danslari-festivali-kibris-gecesi-etkinligiyle-basladi\/#respond"]}]},{"@type":"WebPage","@id":"https:\/\/kuzeyinsesi.org\/index.php\/2024\/08\/28\/14-uluslararasi-lefkosa-halk-danslari-festivali-kibris-gecesi-etkinligiyle-basladi\/","url":"https:\/\/kuzeyinsesi.org\/index.php\/2024\/08\/28\/14-uluslararasi-lefkosa-halk-danslari-festivali-kibris-gecesi-etkinligiyle-basladi\/","name":"14. Uluslararas\u0131 Lefko\u015fa Halk Danslar\u0131 Festivali, K\u0131br\u0131s Gecesi etkinli\u011fiyle ba\u015flad\u0131 - Kuzeyin Sesi","isPartOf":{"@id":"https:\/\/kuzeyinsesi.org\/#website"},"primaryImageOfPage":{"@id":"https:\/\/kuzeyinsesi.org\/index.php\/2024\/08\/28\/14-uluslararasi-lefkosa-halk-danslari-festivali-kibris-gecesi-etkinligiyle-basladi\/#primaryimage"},"image":{"@id":"https:\/\/kuzeyinsesi.org\/index.php\/2024\/08\/28\/14-uluslararasi-lefkosa-halk-danslari-festivali-kibris-gecesi-etkinligiyle-basladi\/#primaryimage"},"thumbnailUrl":"https:\/\/kuzeyinsesi.org\/wp-content\/uploads\/2024\/08\/halk-danslari-festivali.jpg","datePublished":"2024-08-28T14:04:21+00:00","author":{"@id":"https:\/\/kuzeyinsesi.org\/#\/schema\/person\/9f859689cdf01485597712386e37f5aa"},"breadcrumb":{"@id":"https:\/\/kuzeyinsesi.org\/index.php\/2024\/08\/28\/14-uluslararasi-lefkosa-halk-danslari-festivali-kibris-gecesi-etkinligiyle-basladi\/#breadcrumb"},"inLanguage":"tr","potentialAction":[{"@type":"ReadAction","target":["https:\/\/kuzeyinsesi.org\/index.php\/2024\/08\/28\/14-uluslararasi-lefkosa-halk-danslari-festivali-kibris-gecesi-etkinligiyle-basladi\/"]}]},{"@type":"ImageObject","inLanguage":"tr","@id":"https:\/\/kuzeyinsesi.org\/index.php\/2024\/08\/28\/14-uluslararasi-lefkosa-halk-danslari-festivali-kibris-gecesi-etkinligiyle-basladi\/#primaryimage","url":"https:\/\/kuzeyinsesi.org\/wp-content\/uploads\/2024\/08\/halk-danslari-festivali.jpg","contentUrl":"https:\/\/kuzeyinsesi.org\/wp-content\/uploads\/2024\/08\/halk-danslari-festivali.jpg","width":1600,"height":739},{"@type":"BreadcrumbList","@id":"https:\/\/kuzeyinsesi.org\/index.php\/2024\/08\/28\/14-uluslararasi-lefkosa-halk-danslari-festivali-kibris-gecesi-etkinligiyle-basladi\/#breadcrumb","itemListElement":[{"@type":"ListItem","position":1,"name":"Anasayfa","item":"https:\/\/kuzeyinsesi.org\/"},{"@type":"ListItem","position":2,"name":"14. Uluslararas\u0131 Lefko\u015fa Halk Danslar\u0131 Festivali, K\u0131br\u0131s Gecesi etkinli\u011fiyle ba\u015flad\u0131"}]},{"@type":"WebSite","@id":"https:\/\/kuzeyinsesi.org\/#website","url":"https:\/\/kuzeyinsesi.org\/","name":"Kuzeyin Sesi","description":"Do\u011fru Haberin Adresi","potentialAction":[{"@type":"SearchAction","target":{"@type":"EntryPoint","urlTemplate":"https:\/\/kuzeyinsesi.org\/?s={search_term_string}"},"query-input":{"@type":"PropertyValueSpecification","valueRequired":true,"valueName":"search_term_string"}}],"inLanguage":"tr"},{"@type":"Person","@id":"https:\/\/kuzeyinsesi.org\/#\/schema\/person\/9f859689cdf01485597712386e37f5aa","name":"Kuzeyin Sesi","image":{"@type":"ImageObject","inLanguage":"tr","@id":"https:\/\/secure.gravatar.com\/avatar\/bab33852abfd8b282518d6ed81826833d77c3c882d9ab608add591ccace47a44?s=96&d=mm&r=g","url":"https:\/\/secure.gravatar.com\/avatar\/bab33852abfd8b282518d6ed81826833d77c3c882d9ab608add591ccace47a44?s=96&d=mm&r=g","contentUrl":"https:\/\/secure.gravatar.com\/avatar\/bab33852abfd8b282518d6ed81826833d77c3c882d9ab608add591ccace47a44?s=96&d=mm&r=g","caption":"Kuzeyin Sesi"},"sameAs":["https:\/\/kuzeyinsesi.org"],"url":"https:\/\/kuzeyinsesi.org\/index.php\/author\/guven\/"}]}},"_links":{"self":[{"href":"https:\/\/kuzeyinsesi.org\/index.php\/wp-json\/wp\/v2\/posts\/8726","targetHints":{"allow":["GET"]}}],"collection":[{"href":"https:\/\/kuzeyinsesi.org\/index.php\/wp-json\/wp\/v2\/posts"}],"about":[{"href":"https:\/\/kuzeyinsesi.org\/index.php\/wp-json\/wp\/v2\/types\/post"}],"author":[{"embeddable":true,"href":"https:\/\/kuzeyinsesi.org\/index.php\/wp-json\/wp\/v2\/users\/1"}],"replies":[{"embeddable":true,"href":"https:\/\/kuzeyinsesi.org\/index.php\/wp-json\/wp\/v2\/comments?post=8726"}],"version-history":[{"count":0,"href":"https:\/\/kuzeyinsesi.org\/index.php\/wp-json\/wp\/v2\/posts\/8726\/revisions"}],"wp:featuredmedia":[{"embeddable":true,"href":"https:\/\/kuzeyinsesi.org\/index.php\/wp-json\/wp\/v2\/media\/8727"}],"wp:attachment":[{"href":"https:\/\/kuzeyinsesi.org\/index.php\/wp-json\/wp\/v2\/media?parent=8726"}],"wp:term":[{"taxonomy":"category","embeddable":true,"href":"https:\/\/kuzeyinsesi.org\/index.php\/wp-json\/wp\/v2\/categories?post=8726"},{"taxonomy":"post_tag","embeddable":true,"href":"https:\/\/kuzeyinsesi.org\/index.php\/wp-json\/wp\/v2\/tags?post=8726"}],"curies":[{"name":"wp","href":"https:\/\/api.w.org\/{rel}","templated":true}]}}