{"id":8678,"date":"2024-08-27T17:26:29","date_gmt":"2024-08-27T14:26:29","guid":{"rendered":"https:\/\/kuzeyinsesi.org\/index.php\/2024\/08\/27\/soli-antik-tiyatroda-1-eylul-dunya-baris-gunu-etkinligi-duzenlenecek\/"},"modified":"2024-08-27T17:26:29","modified_gmt":"2024-08-27T14:26:29","slug":"soli-antik-tiyatroda-1-eylul-dunya-baris-gunu-etkinligi-duzenlenecek","status":"publish","type":"post","link":"https:\/\/kuzeyinsesi.org\/index.php\/2024\/08\/27\/soli-antik-tiyatroda-1-eylul-dunya-baris-gunu-etkinligi-duzenlenecek\/","title":{"rendered":"Soli Antik Tiyatro\u2019da 1 Eyl\u00fcl D\u00fcnya Bar\u0131\u015f G\u00fcn\u00fc etkinli\u011fi d\u00fczenlenecek"},"content":{"rendered":"<div>\n<div class=\"mariselle-image-container center\">\n                                            <\/div>\n<p>ke Belediyesi, Soli Antik Tiyatro\u2019da 1 Eyl\u00fcl D\u00fcnya Bar\u0131\u015f G\u00fcn\u00fc etkinli\u011fi d\u00fczenleyecek.<\/p>\n<p>Lefke Belediyesi\u2019nden yap\u0131lan a\u00e7\u0131klamaya g\u00f6re, bu y\u0131l 6\u2019nc\u0131s\u0131 yap\u0131lacak etkinlikte adan\u0131n iki taraf\u0131ndan kat\u0131l\u0131mc\u0131larla \u015fiir ve m\u00fczik performanslar\u0131 sergilenecek. Etkinlik saat 19.30\u2019da ba\u015flayacak.<\/p>\n<p>Lefke Belediye Ba\u015fkan\u0131 Aziz Kaya, 1 Eyl\u00fcl D\u00fcnya Bar\u0131\u015f G\u00fcn\u00fc program\u0131na ili\u015fkin yapt\u0131\u011f\u0131 a\u00e7\u0131klamada, her ge\u00e7en g\u00fcn yak\u0131n co\u011frafyada devam eden sava\u015f haberlerinin al\u0131nd\u0131\u011f\u0131 bu g\u00fcnlerde,  1 Eyl\u00fcl D\u00fcnya Bar\u0131\u015f G\u00fcn\u00fc\u2019n\u00fcn bar\u0131\u015f\u0131n k\u0131ymetini bir kez daha hat\u0131rlatt\u0131\u011f\u0131n\u0131 kaydetti.<\/p>\n<p>\u201cEtraf\u0131m\u0131zdaki sava\u015flarla dolu bir d\u00fcnyada, K\u0131br\u0131s\u2019ta bar\u0131\u015f\u0131 savunmak her zamankinden daha \u00f6nemli.\u201d diyen Kaya, bug\u00fcn, d\u00fcnyan\u0131n pek \u00e7ok yerinde insanlar\u0131n sava\u015flardan ka\u00e7maya \u00e7al\u0131\u015ft\u0131\u011f\u0131, ya\u015famlar\u0131n\u0131 yitirdi\u011fi bir d\u00f6nemde, K\u0131br\u0131sl\u0131 T\u00fcrkler ve Rumlar\u0131n bar\u0131\u015f i\u00e7in bir araya gelmesinin, sadece kendi gelecekleri i\u00e7in de\u011fil, t\u00fcm d\u00fcnyaya bir mesaj niteli\u011fi ta\u015f\u0131d\u0131\u011f\u0131n\u0131 belirtti.<\/p>\n<p> Kaya, \u015funlar\u0131 s\u00f6yledi: <\/p>\n<p>\u201cK\u0131br\u0131s\u2019ta bu de\u011ferlere olan inanc\u0131m\u0131z, iki toplumun bir araya gelerek, ge\u00e7mi\u015ften ders al\u0131p bar\u0131\u015f i\u00e7inde bir gelecek in\u015fa etme arzusunu canl\u0131 tutmaktad\u0131r. <\/p>\n<p>Lefke Belediyesi olarak, toplumlar aras\u0131 diyalo\u011fu ve bar\u0131\u015fa olan ba\u011fl\u0131l\u0131\u011f\u0131m\u0131z\u0131 her daim s\u00fcrd\u00fcrmekte kararl\u0131y\u0131z. Bar\u0131\u015fa olan inanc\u0131m\u0131z, adan\u0131n d\u00f6rt bir yan\u0131na yay\u0131lmal\u0131 ve bir g\u00fcn K\u0131br\u0131s\u2019\u0131n tamam\u0131nda kal\u0131c\u0131 bar\u0131\u015f\u0131 sa\u011flamal\u0131d\u0131r.<\/p>\n<p>Bu D\u00fcnya Bar\u0131\u015f G\u00fcn\u00fc\u2019nde, t\u00fcm halklar\u0131 \u00f6zg\u00fcr, e\u015fit ve dayan\u0131\u015fma i\u00e7inde ya\u015fayan toplumlara sahip bir K\u0131br\u0131s ve d\u00fcnyaya ula\u015fmak dile\u011fiyle birlikte daha g\u00fc\u00e7l\u00fc olaca\u011f\u0131m\u0131z bir gelecek i\u00e7in yeni ad\u0131mlar atmaya davet ediyoruz.\u201d<\/p>\n<\/p><\/div>\n<p><script async\n                    defer\n                    crossorigin=\"anonymous\"\n                    src=\"https:\/\/connect.facebook.net\/tr_TR\/sdk.js#xfbml=1&#038;version=v3.3\"\n            ><\/script><\/p>\n","protected":false},"excerpt":{"rendered":"<p>ke Belediyesi, Soli Antik Tiyatro\u2019da 1 Eyl\u00fcl D\u00fcnya Bar\u0131\u015f G\u00fcn\u00fc etkinli\u011fi d\u00fczenleyecek. Lefke Belediyesi\u2019nden yap\u0131lan a\u00e7\u0131klamaya g\u00f6re, bu y\u0131l 6\u2019nc\u0131s\u0131 yap\u0131lacak etkinlikte adan\u0131n iki taraf\u0131ndan kat\u0131l\u0131mc\u0131larla \u015fiir ve m\u00fczik performanslar\u0131 sergilenecek. Etkinlik saat 19.30\u2019da ba\u015flayacak. Lefke Belediye Ba\u015fkan\u0131 Aziz Kaya, 1 Eyl\u00fcl D\u00fcnya Bar\u0131\u015f G\u00fcn\u00fc program\u0131na ili\u015fkin yapt\u0131\u011f\u0131 a\u00e7\u0131klamada, her ge\u00e7en g\u00fcn yak\u0131n co\u011frafyada devam [&hellip;]<\/p>\n","protected":false},"author":1,"featured_media":8679,"comment_status":"open","ping_status":"open","sticky":false,"template":"","format":"standard","meta":{"jnews-multi-image_gallery":[],"jnews_single_post":[],"jnews_primary_category":[],"jnews_social_meta":[],"jnews_override_counter":[],"footnotes":""},"categories":[6],"tags":[],"class_list":["post-8678","post","type-post","status-publish","format-standard","has-post-thumbnail","hentry","category-yasam"],"yoast_head":"<!-- This site is optimized with the Yoast SEO plugin v27.5 - https:\/\/yoast.com\/product\/yoast-seo-wordpress\/ -->\n<title>Soli Antik Tiyatro\u2019da 1 Eyl\u00fcl D\u00fcnya Bar\u0131\u015f G\u00fcn\u00fc etkinli\u011fi d\u00fczenlenecek - Kuzeyin Sesi<\/title>\n<meta name=\"robots\" content=\"index, follow, max-snippet:-1, max-image-preview:large, max-video-preview:-1\" \/>\n<link rel=\"canonical\" href=\"https:\/\/kuzeyinsesi.org\/index.php\/2024\/08\/27\/soli-antik-tiyatroda-1-eylul-dunya-baris-gunu-etkinligi-duzenlenecek\/\" \/>\n<meta property=\"og:locale\" content=\"tr_TR\" \/>\n<meta property=\"og:type\" content=\"article\" \/>\n<meta property=\"og:title\" content=\"Soli Antik Tiyatro\u2019da 1 Eyl\u00fcl D\u00fcnya Bar\u0131\u015f G\u00fcn\u00fc etkinli\u011fi d\u00fczenlenecek - Kuzeyin Sesi\" \/>\n<meta property=\"og:description\" content=\"ke Belediyesi, Soli Antik Tiyatro\u2019da 1 Eyl\u00fcl D\u00fcnya Bar\u0131\u015f G\u00fcn\u00fc etkinli\u011fi d\u00fczenleyecek. Lefke Belediyesi\u2019nden yap\u0131lan a\u00e7\u0131klamaya g\u00f6re, bu y\u0131l 6\u2019nc\u0131s\u0131 yap\u0131lacak etkinlikte adan\u0131n iki taraf\u0131ndan kat\u0131l\u0131mc\u0131larla \u015fiir ve m\u00fczik performanslar\u0131 sergilenecek. Etkinlik saat 19.30\u2019da ba\u015flayacak. Lefke Belediye Ba\u015fkan\u0131 Aziz Kaya, 1 Eyl\u00fcl D\u00fcnya Bar\u0131\u015f G\u00fcn\u00fc program\u0131na ili\u015fkin yapt\u0131\u011f\u0131 a\u00e7\u0131klamada, her ge\u00e7en g\u00fcn yak\u0131n co\u011frafyada devam [&hellip;]\" \/>\n<meta property=\"og:url\" content=\"https:\/\/kuzeyinsesi.org\/index.php\/2024\/08\/27\/soli-antik-tiyatroda-1-eylul-dunya-baris-gunu-etkinligi-duzenlenecek\/\" \/>\n<meta property=\"og:site_name\" content=\"Kuzeyin Sesi\" \/>\n<meta property=\"article:publisher\" content=\"https:\/\/www.facebook.com\/kuzeyinsesii\" \/>\n<meta property=\"article:published_time\" content=\"2024-08-27T14:26:29+00:00\" \/>\n<meta property=\"og:image\" content=\"https:\/\/brtk.net\/wp-content\/uploads\/2024\/08\/27\/laKJDLjd.jpeg?ver=a7c4de98826372f67038a15875aad852\" \/>\n<meta name=\"author\" content=\"Kuzeyin Sesi\" \/>\n<meta name=\"twitter:card\" content=\"summary_large_image\" \/>\n<meta name=\"twitter:creator\" content=\"@kuzeyinsesii\" \/>\n<meta name=\"twitter:site\" content=\"@kuzeyinsesii\" \/>\n<meta name=\"twitter:label1\" content=\"Yazan:\" \/>\n\t<meta name=\"twitter:data1\" content=\"Kuzeyin Sesi\" \/>\n\t<meta name=\"twitter:label2\" content=\"Tahmini okuma s\u00fcresi\" \/>\n\t<meta name=\"twitter:data2\" content=\"2 dakika\" \/>\n<script type=\"application\/ld+json\" class=\"yoast-schema-graph\">{\"@context\":\"https:\\\/\\\/schema.org\",\"@graph\":[{\"@type\":\"Article\",\"@id\":\"https:\\\/\\\/kuzeyinsesi.org\\\/index.php\\\/2024\\\/08\\\/27\\\/soli-antik-tiyatroda-1-eylul-dunya-baris-gunu-etkinligi-duzenlenecek\\\/#article\",\"isPartOf\":{\"@id\":\"https:\\\/\\\/kuzeyinsesi.org\\\/index.php\\\/2024\\\/08\\\/27\\\/soli-antik-tiyatroda-1-eylul-dunya-baris-gunu-etkinligi-duzenlenecek\\\/\"},\"author\":{\"name\":\"Kuzeyin Sesi\",\"@id\":\"https:\\\/\\\/kuzeyinsesi.org\\\/#\\\/schema\\\/person\\\/9f859689cdf01485597712386e37f5aa\"},\"headline\":\"Soli Antik Tiyatro\u2019da 1 Eyl\u00fcl D\u00fcnya Bar\u0131\u015f G\u00fcn\u00fc etkinli\u011fi d\u00fczenlenecek\",\"datePublished\":\"2024-08-27T14:26:29+00:00\",\"mainEntityOfPage\":{\"@id\":\"https:\\\/\\\/kuzeyinsesi.org\\\/index.php\\\/2024\\\/08\\\/27\\\/soli-antik-tiyatroda-1-eylul-dunya-baris-gunu-etkinligi-duzenlenecek\\\/\"},\"wordCount\":350,\"commentCount\":0,\"image\":{\"@id\":\"https:\\\/\\\/kuzeyinsesi.org\\\/index.php\\\/2024\\\/08\\\/27\\\/soli-antik-tiyatroda-1-eylul-dunya-baris-gunu-etkinligi-duzenlenecek\\\/#primaryimage\"},\"thumbnailUrl\":\"https:\\\/\\\/kuzeyinsesi.org\\\/wp-content\\\/uploads\\\/2024\\\/08\\\/laKJDLjd.jpeg\",\"articleSection\":[\"Ya\u015fam\"],\"inLanguage\":\"tr\",\"potentialAction\":[{\"@type\":\"CommentAction\",\"name\":\"Comment\",\"target\":[\"https:\\\/\\\/kuzeyinsesi.org\\\/index.php\\\/2024\\\/08\\\/27\\\/soli-antik-tiyatroda-1-eylul-dunya-baris-gunu-etkinligi-duzenlenecek\\\/#respond\"]}]},{\"@type\":\"WebPage\",\"@id\":\"https:\\\/\\\/kuzeyinsesi.org\\\/index.php\\\/2024\\\/08\\\/27\\\/soli-antik-tiyatroda-1-eylul-dunya-baris-gunu-etkinligi-duzenlenecek\\\/\",\"url\":\"https:\\\/\\\/kuzeyinsesi.org\\\/index.php\\\/2024\\\/08\\\/27\\\/soli-antik-tiyatroda-1-eylul-dunya-baris-gunu-etkinligi-duzenlenecek\\\/\",\"name\":\"Soli Antik Tiyatro\u2019da 1 Eyl\u00fcl D\u00fcnya Bar\u0131\u015f G\u00fcn\u00fc etkinli\u011fi d\u00fczenlenecek - Kuzeyin Sesi\",\"isPartOf\":{\"@id\":\"https:\\\/\\\/kuzeyinsesi.org\\\/#website\"},\"primaryImageOfPage\":{\"@id\":\"https:\\\/\\\/kuzeyinsesi.org\\\/index.php\\\/2024\\\/08\\\/27\\\/soli-antik-tiyatroda-1-eylul-dunya-baris-gunu-etkinligi-duzenlenecek\\\/#primaryimage\"},\"image\":{\"@id\":\"https:\\\/\\\/kuzeyinsesi.org\\\/index.php\\\/2024\\\/08\\\/27\\\/soli-antik-tiyatroda-1-eylul-dunya-baris-gunu-etkinligi-duzenlenecek\\\/#primaryimage\"},\"thumbnailUrl\":\"https:\\\/\\\/kuzeyinsesi.org\\\/wp-content\\\/uploads\\\/2024\\\/08\\\/laKJDLjd.jpeg\",\"datePublished\":\"2024-08-27T14:26:29+00:00\",\"author\":{\"@id\":\"https:\\\/\\\/kuzeyinsesi.org\\\/#\\\/schema\\\/person\\\/9f859689cdf01485597712386e37f5aa\"},\"breadcrumb\":{\"@id\":\"https:\\\/\\\/kuzeyinsesi.org\\\/index.php\\\/2024\\\/08\\\/27\\\/soli-antik-tiyatroda-1-eylul-dunya-baris-gunu-etkinligi-duzenlenecek\\\/#breadcrumb\"},\"inLanguage\":\"tr\",\"potentialAction\":[{\"@type\":\"ReadAction\",\"target\":[\"https:\\\/\\\/kuzeyinsesi.org\\\/index.php\\\/2024\\\/08\\\/27\\\/soli-antik-tiyatroda-1-eylul-dunya-baris-gunu-etkinligi-duzenlenecek\\\/\"]}]},{\"@type\":\"ImageObject\",\"inLanguage\":\"tr\",\"@id\":\"https:\\\/\\\/kuzeyinsesi.org\\\/index.php\\\/2024\\\/08\\\/27\\\/soli-antik-tiyatroda-1-eylul-dunya-baris-gunu-etkinligi-duzenlenecek\\\/#primaryimage\",\"url\":\"https:\\\/\\\/kuzeyinsesi.org\\\/wp-content\\\/uploads\\\/2024\\\/08\\\/laKJDLjd.jpeg\",\"contentUrl\":\"https:\\\/\\\/kuzeyinsesi.org\\\/wp-content\\\/uploads\\\/2024\\\/08\\\/laKJDLjd.jpeg\",\"width\":1080,\"height\":1080},{\"@type\":\"BreadcrumbList\",\"@id\":\"https:\\\/\\\/kuzeyinsesi.org\\\/index.php\\\/2024\\\/08\\\/27\\\/soli-antik-tiyatroda-1-eylul-dunya-baris-gunu-etkinligi-duzenlenecek\\\/#breadcrumb\",\"itemListElement\":[{\"@type\":\"ListItem\",\"position\":1,\"name\":\"Anasayfa\",\"item\":\"https:\\\/\\\/kuzeyinsesi.org\\\/\"},{\"@type\":\"ListItem\",\"position\":2,\"name\":\"Soli Antik Tiyatro\u2019da 1 Eyl\u00fcl D\u00fcnya Bar\u0131\u015f G\u00fcn\u00fc etkinli\u011fi d\u00fczenlenecek\"}]},{\"@type\":\"WebSite\",\"@id\":\"https:\\\/\\\/kuzeyinsesi.org\\\/#website\",\"url\":\"https:\\\/\\\/kuzeyinsesi.org\\\/\",\"name\":\"Kuzeyin Sesi\",\"description\":\"Do\u011fru Haberin Adresi\",\"potentialAction\":[{\"@type\":\"SearchAction\",\"target\":{\"@type\":\"EntryPoint\",\"urlTemplate\":\"https:\\\/\\\/kuzeyinsesi.org\\\/?s={search_term_string}\"},\"query-input\":{\"@type\":\"PropertyValueSpecification\",\"valueRequired\":true,\"valueName\":\"search_term_string\"}}],\"inLanguage\":\"tr\"},{\"@type\":\"Person\",\"@id\":\"https:\\\/\\\/kuzeyinsesi.org\\\/#\\\/schema\\\/person\\\/9f859689cdf01485597712386e37f5aa\",\"name\":\"Kuzeyin Sesi\",\"image\":{\"@type\":\"ImageObject\",\"inLanguage\":\"tr\",\"@id\":\"https:\\\/\\\/secure.gravatar.com\\\/avatar\\\/bab33852abfd8b282518d6ed81826833d77c3c882d9ab608add591ccace47a44?s=96&d=mm&r=g\",\"url\":\"https:\\\/\\\/secure.gravatar.com\\\/avatar\\\/bab33852abfd8b282518d6ed81826833d77c3c882d9ab608add591ccace47a44?s=96&d=mm&r=g\",\"contentUrl\":\"https:\\\/\\\/secure.gravatar.com\\\/avatar\\\/bab33852abfd8b282518d6ed81826833d77c3c882d9ab608add591ccace47a44?s=96&d=mm&r=g\",\"caption\":\"Kuzeyin Sesi\"},\"sameAs\":[\"https:\\\/\\\/kuzeyinsesi.org\"],\"url\":\"https:\\\/\\\/kuzeyinsesi.org\\\/index.php\\\/author\\\/guven\\\/\"}]}<\/script>\n<!-- \/ Yoast SEO plugin. -->","yoast_head_json":{"title":"Soli Antik Tiyatro\u2019da 1 Eyl\u00fcl D\u00fcnya Bar\u0131\u015f G\u00fcn\u00fc etkinli\u011fi d\u00fczenlenecek - Kuzeyin Sesi","robots":{"index":"index","follow":"follow","max-snippet":"max-snippet:-1","max-image-preview":"max-image-preview:large","max-video-preview":"max-video-preview:-1"},"canonical":"https:\/\/kuzeyinsesi.org\/index.php\/2024\/08\/27\/soli-antik-tiyatroda-1-eylul-dunya-baris-gunu-etkinligi-duzenlenecek\/","og_locale":"tr_TR","og_type":"article","og_title":"Soli Antik Tiyatro\u2019da 1 Eyl\u00fcl D\u00fcnya Bar\u0131\u015f G\u00fcn\u00fc etkinli\u011fi d\u00fczenlenecek - Kuzeyin Sesi","og_description":"ke Belediyesi, Soli Antik Tiyatro\u2019da 1 Eyl\u00fcl D\u00fcnya Bar\u0131\u015f G\u00fcn\u00fc etkinli\u011fi d\u00fczenleyecek. Lefke Belediyesi\u2019nden yap\u0131lan a\u00e7\u0131klamaya g\u00f6re, bu y\u0131l 6\u2019nc\u0131s\u0131 yap\u0131lacak etkinlikte adan\u0131n iki taraf\u0131ndan kat\u0131l\u0131mc\u0131larla \u015fiir ve m\u00fczik performanslar\u0131 sergilenecek. Etkinlik saat 19.30\u2019da ba\u015flayacak. Lefke Belediye Ba\u015fkan\u0131 Aziz Kaya, 1 Eyl\u00fcl D\u00fcnya Bar\u0131\u015f G\u00fcn\u00fc program\u0131na ili\u015fkin yapt\u0131\u011f\u0131 a\u00e7\u0131klamada, her ge\u00e7en g\u00fcn yak\u0131n co\u011frafyada devam [&hellip;]","og_url":"https:\/\/kuzeyinsesi.org\/index.php\/2024\/08\/27\/soli-antik-tiyatroda-1-eylul-dunya-baris-gunu-etkinligi-duzenlenecek\/","og_site_name":"Kuzeyin Sesi","article_publisher":"https:\/\/www.facebook.com\/kuzeyinsesii","article_published_time":"2024-08-27T14:26:29+00:00","og_image":[{"url":"https:\/\/brtk.net\/wp-content\/uploads\/2024\/08\/27\/laKJDLjd.jpeg?ver=a7c4de98826372f67038a15875aad852","type":"","width":"","height":""}],"author":"Kuzeyin Sesi","twitter_card":"summary_large_image","twitter_creator":"@kuzeyinsesii","twitter_site":"@kuzeyinsesii","twitter_misc":{"Yazan:":"Kuzeyin Sesi","Tahmini okuma s\u00fcresi":"2 dakika"},"schema":{"@context":"https:\/\/schema.org","@graph":[{"@type":"Article","@id":"https:\/\/kuzeyinsesi.org\/index.php\/2024\/08\/27\/soli-antik-tiyatroda-1-eylul-dunya-baris-gunu-etkinligi-duzenlenecek\/#article","isPartOf":{"@id":"https:\/\/kuzeyinsesi.org\/index.php\/2024\/08\/27\/soli-antik-tiyatroda-1-eylul-dunya-baris-gunu-etkinligi-duzenlenecek\/"},"author":{"name":"Kuzeyin Sesi","@id":"https:\/\/kuzeyinsesi.org\/#\/schema\/person\/9f859689cdf01485597712386e37f5aa"},"headline":"Soli Antik Tiyatro\u2019da 1 Eyl\u00fcl D\u00fcnya Bar\u0131\u015f G\u00fcn\u00fc etkinli\u011fi d\u00fczenlenecek","datePublished":"2024-08-27T14:26:29+00:00","mainEntityOfPage":{"@id":"https:\/\/kuzeyinsesi.org\/index.php\/2024\/08\/27\/soli-antik-tiyatroda-1-eylul-dunya-baris-gunu-etkinligi-duzenlenecek\/"},"wordCount":350,"commentCount":0,"image":{"@id":"https:\/\/kuzeyinsesi.org\/index.php\/2024\/08\/27\/soli-antik-tiyatroda-1-eylul-dunya-baris-gunu-etkinligi-duzenlenecek\/#primaryimage"},"thumbnailUrl":"https:\/\/kuzeyinsesi.org\/wp-content\/uploads\/2024\/08\/laKJDLjd.jpeg","articleSection":["Ya\u015fam"],"inLanguage":"tr","potentialAction":[{"@type":"CommentAction","name":"Comment","target":["https:\/\/kuzeyinsesi.org\/index.php\/2024\/08\/27\/soli-antik-tiyatroda-1-eylul-dunya-baris-gunu-etkinligi-duzenlenecek\/#respond"]}]},{"@type":"WebPage","@id":"https:\/\/kuzeyinsesi.org\/index.php\/2024\/08\/27\/soli-antik-tiyatroda-1-eylul-dunya-baris-gunu-etkinligi-duzenlenecek\/","url":"https:\/\/kuzeyinsesi.org\/index.php\/2024\/08\/27\/soli-antik-tiyatroda-1-eylul-dunya-baris-gunu-etkinligi-duzenlenecek\/","name":"Soli Antik Tiyatro\u2019da 1 Eyl\u00fcl D\u00fcnya Bar\u0131\u015f G\u00fcn\u00fc etkinli\u011fi d\u00fczenlenecek - Kuzeyin Sesi","isPartOf":{"@id":"https:\/\/kuzeyinsesi.org\/#website"},"primaryImageOfPage":{"@id":"https:\/\/kuzeyinsesi.org\/index.php\/2024\/08\/27\/soli-antik-tiyatroda-1-eylul-dunya-baris-gunu-etkinligi-duzenlenecek\/#primaryimage"},"image":{"@id":"https:\/\/kuzeyinsesi.org\/index.php\/2024\/08\/27\/soli-antik-tiyatroda-1-eylul-dunya-baris-gunu-etkinligi-duzenlenecek\/#primaryimage"},"thumbnailUrl":"https:\/\/kuzeyinsesi.org\/wp-content\/uploads\/2024\/08\/laKJDLjd.jpeg","datePublished":"2024-08-27T14:26:29+00:00","author":{"@id":"https:\/\/kuzeyinsesi.org\/#\/schema\/person\/9f859689cdf01485597712386e37f5aa"},"breadcrumb":{"@id":"https:\/\/kuzeyinsesi.org\/index.php\/2024\/08\/27\/soli-antik-tiyatroda-1-eylul-dunya-baris-gunu-etkinligi-duzenlenecek\/#breadcrumb"},"inLanguage":"tr","potentialAction":[{"@type":"ReadAction","target":["https:\/\/kuzeyinsesi.org\/index.php\/2024\/08\/27\/soli-antik-tiyatroda-1-eylul-dunya-baris-gunu-etkinligi-duzenlenecek\/"]}]},{"@type":"ImageObject","inLanguage":"tr","@id":"https:\/\/kuzeyinsesi.org\/index.php\/2024\/08\/27\/soli-antik-tiyatroda-1-eylul-dunya-baris-gunu-etkinligi-duzenlenecek\/#primaryimage","url":"https:\/\/kuzeyinsesi.org\/wp-content\/uploads\/2024\/08\/laKJDLjd.jpeg","contentUrl":"https:\/\/kuzeyinsesi.org\/wp-content\/uploads\/2024\/08\/laKJDLjd.jpeg","width":1080,"height":1080},{"@type":"BreadcrumbList","@id":"https:\/\/kuzeyinsesi.org\/index.php\/2024\/08\/27\/soli-antik-tiyatroda-1-eylul-dunya-baris-gunu-etkinligi-duzenlenecek\/#breadcrumb","itemListElement":[{"@type":"ListItem","position":1,"name":"Anasayfa","item":"https:\/\/kuzeyinsesi.org\/"},{"@type":"ListItem","position":2,"name":"Soli Antik Tiyatro\u2019da 1 Eyl\u00fcl D\u00fcnya Bar\u0131\u015f G\u00fcn\u00fc etkinli\u011fi d\u00fczenlenecek"}]},{"@type":"WebSite","@id":"https:\/\/kuzeyinsesi.org\/#website","url":"https:\/\/kuzeyinsesi.org\/","name":"Kuzeyin Sesi","description":"Do\u011fru Haberin Adresi","potentialAction":[{"@type":"SearchAction","target":{"@type":"EntryPoint","urlTemplate":"https:\/\/kuzeyinsesi.org\/?s={search_term_string}"},"query-input":{"@type":"PropertyValueSpecification","valueRequired":true,"valueName":"search_term_string"}}],"inLanguage":"tr"},{"@type":"Person","@id":"https:\/\/kuzeyinsesi.org\/#\/schema\/person\/9f859689cdf01485597712386e37f5aa","name":"Kuzeyin Sesi","image":{"@type":"ImageObject","inLanguage":"tr","@id":"https:\/\/secure.gravatar.com\/avatar\/bab33852abfd8b282518d6ed81826833d77c3c882d9ab608add591ccace47a44?s=96&d=mm&r=g","url":"https:\/\/secure.gravatar.com\/avatar\/bab33852abfd8b282518d6ed81826833d77c3c882d9ab608add591ccace47a44?s=96&d=mm&r=g","contentUrl":"https:\/\/secure.gravatar.com\/avatar\/bab33852abfd8b282518d6ed81826833d77c3c882d9ab608add591ccace47a44?s=96&d=mm&r=g","caption":"Kuzeyin Sesi"},"sameAs":["https:\/\/kuzeyinsesi.org"],"url":"https:\/\/kuzeyinsesi.org\/index.php\/author\/guven\/"}]}},"_links":{"self":[{"href":"https:\/\/kuzeyinsesi.org\/index.php\/wp-json\/wp\/v2\/posts\/8678","targetHints":{"allow":["GET"]}}],"collection":[{"href":"https:\/\/kuzeyinsesi.org\/index.php\/wp-json\/wp\/v2\/posts"}],"about":[{"href":"https:\/\/kuzeyinsesi.org\/index.php\/wp-json\/wp\/v2\/types\/post"}],"author":[{"embeddable":true,"href":"https:\/\/kuzeyinsesi.org\/index.php\/wp-json\/wp\/v2\/users\/1"}],"replies":[{"embeddable":true,"href":"https:\/\/kuzeyinsesi.org\/index.php\/wp-json\/wp\/v2\/comments?post=8678"}],"version-history":[{"count":0,"href":"https:\/\/kuzeyinsesi.org\/index.php\/wp-json\/wp\/v2\/posts\/8678\/revisions"}],"wp:featuredmedia":[{"embeddable":true,"href":"https:\/\/kuzeyinsesi.org\/index.php\/wp-json\/wp\/v2\/media\/8679"}],"wp:attachment":[{"href":"https:\/\/kuzeyinsesi.org\/index.php\/wp-json\/wp\/v2\/media?parent=8678"}],"wp:term":[{"taxonomy":"category","embeddable":true,"href":"https:\/\/kuzeyinsesi.org\/index.php\/wp-json\/wp\/v2\/categories?post=8678"},{"taxonomy":"post_tag","embeddable":true,"href":"https:\/\/kuzeyinsesi.org\/index.php\/wp-json\/wp\/v2\/tags?post=8678"}],"curies":[{"name":"wp","href":"https:\/\/api.w.org\/{rel}","templated":true}]}}